{"id":128107,"date":"2014-08-24T22:45:03","date_gmt":"2014-08-24T21:45:03","guid":{"rendered":"http:\/\/www.pressenza.com\/?p=128107"},"modified":"2016-04-28T10:32:27","modified_gmt":"2016-04-28T09:32:27","slug":"ninguno-los-nueve-motivos-del-bombardeo-irak-es-humanitario","status":"publish","type":"post","link":"https:\/\/www.pressenza.com\/es\/2014\/08\/ninguno-los-nueve-motivos-del-bombardeo-irak-es-humanitario\/","title":{"rendered":"Ninguno de los nueve motivos del bombardeo de Irak es \u201chumanitario\u201d"},"content":{"rendered":"<p><em>Barak Obama no pudo resistir la tentaci\u00f3n (o a las presiones de sus adversarios) y se convirti\u00f3 en el cuarto presidente de EEUU en bombardear Irak, utilizando los mismos pretextos \u201cben\u00e9volos\u201d para el mismo objetivo principal: mantener el control de EEUU sobre el hidrocarburo iraqu\u00ed. Lo revela la cronolog\u00eda de los acontecimientos, desde que un sector de los terroristas del Estado Isl\u00e1mico (EI) \u2013llamados \u201crebeldes sirios\u201d, a quienes arman Occidente, Turqu\u00eda y Arabia Saud\u00ed-, entrara el diciembre pasado en Irak, sembrando p\u00e1nico y muerte entre la poblaci\u00f3n. Ya hay algunas respuestas a la pregunta de \u201c<a href=\"http:\/\/www.nazanin.es\/?p=10586\">\u00bfpor qu\u00e9 Obama no ha luchado en Irak contra Al Qaeda?<\/a>\u201d hasta la semana pasada.<\/em><\/p>\n<p><strong><em>Por Nazanin Armanian para Publico.es<\/em><\/strong><\/p>\n<p>Veamos c\u00f3mo la inacci\u00f3n de EEUU, al igual que la actual agresi\u00f3n militar, han sido interesadas y bien calculadas:<\/p>\n<p>-El d\u00eda de Navidad del 2013,\u00a0 los yihadistas atentan contra la iglesia Virgen Mar\u00eda de Bagdad y matan a 35 cristianos. Washington no hace nada.<\/p>\n<p>-Enero del 2014, asaltan Faluya y Ramadi, matando a cientos de personas. EEUU tampoco interviene.<\/p>\n<p>-Entre el 10\u00a0 y 29 de junio toman el control de varias zonas de las provincias de Kirkuk, Saladino, Tikrit,\u00a0 Al Adhim, Tal Afar y de Mosul, y a pesar de que sus cr\u00edmenes obligan a huir a unos 8.000 cristianos de \u00e9sta \u00faltima urbe, los occidentales \u00a0no les socorren, mientras el nuevo hombre del saco de Pent\u00e1gono, un tal Abu Bakr al Bagdadi, proclama un califato en los territorios conquistados en Irak y Siria.<\/p>\n<p>-13 de junio, Obama dice que ayudar\u00eda a contener a los yihadistas a condici\u00f3n de que Nuri al Maliki abandone su pol\u00edtica sectaria.<\/p>\n<p>-Los d\u00edas 2 y 3 de agosto EI ocupa las ciudades kurdas de Sinjar y Zumar, forzando a la huida de cientos de yazid\u00edes,\u00a0<a href=\"http:\/\/www.nazanin.es\/?p=11040\">los adorares al \u00e1ngel demonio<\/a>, fieles del fascinante credo izadi.<\/p>\n<p>&#8211; El d\u00eda 7 EI \u00a0toma de la ciudad cristiana de Qaraqosh, y ahora s\u00ed, Obama declara su disposici\u00f3n a mandar sus drones para \u201cproteger\u201d a los civiles atrapados y a sus paisanos.<\/p>\n<p>-El 8 de agosto, justo cuando las acciones de las petroleras occidentales empiezan a caer por segundo d\u00eda, debido a las amenazas de los islamistas y la evacuaci\u00f3n de una parte del personal de compa\u00f1\u00edas Afren, Genel Energy y Chevron, las bombas vuelven a caer del cielo de Irak, al parecer para neutralizar a EI, matando a cientos de civiles. Los eternos da\u00f1os colaterales de los infames intereses.<\/p>\n<p><strong>La \u201ccasus belli\u201d de EEUU era falsa<\/strong><\/p>\n<p>El gobierno de EEUU anunci\u00f3 que iba a \u201crescatar\u201d a los 40.000 yazid\u00edes refugiados en la monta\u00f1a Sinjar. La farsa se revela cuando d\u00edas despu\u00e9s afirma que hab\u00eda \u201cmuchos menos refugiados en la monta\u00f1a Sinjar y es mucho menos probable la misi\u00f3n de rescate\u201d.\u00a0 En realidad, solo eran unos mil yazid\u00edes los que se escondieron en el seno de esta monta\u00f1a habitada por otros grupos humanos desde hace siglos. Obviamente lo sab\u00edan, y en caso de desconocerlo, entonces \u00bfpor qu\u00e9 Obama afirma que la agresi\u00f3n militar durar\u00e1 meses? Sin duda, est\u00e1n exagerando el poder\u00edo de EI (en el caso de que no est\u00e9 a las \u00f3rdenes del Pent\u00e1gono y opere por libre) como cuando <a href=\"http:\/\/www.nazanin.es\/?p=1749\">\u00a0nos mienten para atacar a Afganist\u00e1n \u00a0<\/a>unos 40 pa\u00edses comandados por EEUU para contener a unos talibanes que no ten\u00edan ni siquiera una avioneta.\u00a0 Tampoco hay explicaci\u00f3n \u201chumanitaria\u201d\u00a0 para saber por qu\u00e9 los hombres piadosos de EEUU y la Uni\u00f3n Europea no mueven ni un dedo para ayudar a los palestinos, a los libios atrapados entre el fuego cruzado de grupos que armaron <a href=\"http:\/\/blogs.publico.es\/puntoyseguido\/451\/libia-un-negocio-de-guerra-redondo\/\">para destruir el Estado libio<\/a>\u00a0o\u00a0 a miles de \u00a0personas que est\u00e1n muri\u00e9ndose de hambre en Sud\u00e1n del Sur, a pesar de que <a href=\"http:\/\/www.nazanin.es\/?p=6104\">rompieron el pa\u00eds en dos para \u201csalvar\u201d a la poblaci\u00f3n cristiana.<\/a><\/p>\n<p>No hay manera de verificar si realmente EI ha robado los 420 millones d\u00f3lares de los bancos de Mosul, ni que controlase siete campos petroleros y dos refiner\u00edas en el norte de Irak, como afirma la prensa occidental, justificando as\u00ed la envergadura de la nueva misi\u00f3n b\u00e9lica.<\/p>\n<p>Otro misterio: \u00bfpor qu\u00e9 unos islamistas tan poderosos no hicieron nada durante la masacre de gazat\u00edes, por ejemplo?\u00bfPor qu\u00e9 no abrir un frente contra Israel para restarle fuerza o lanzar una acci\u00f3n de venganza contra sus intereses en cualquier parte del mundo, como se les suele atribuir?<\/p>\n<p><strong>La macabra estrategia de Obama<\/strong><\/p>\n<p>La apuesta personal de Barak Obama para mantener la unidad de Irak y evitar su desintegraci\u00f3n nunca les gust\u00f3 ni Israel ni a los republicanos que optan por desmembrar los Estados fuertes y\/o grandes y crear peque\u00f1as colonias controlables: Yugoslavia y Sudan son el resultado y Siria e Irak est\u00e1n en proceso.<\/p>\n<p>Obama, al formar su gobierno, asign\u00f3 al vicepresidente Joe Biden la tarea de poner orden en Irak. Biden, que siendo senador hab\u00eda defendido una confederaci\u00f3n de etnias y religiones en el pa\u00eds invadido, retir\u00f3 luego su propuesta que hoy es respaldada incluso por sectores del Partido Dem\u00f3crata. El \u00faltimo intento de Obama de evitar el fin oficial del Estado de Irak (porque no quiere que su pa\u00eds sea acusado de desmembrar los pa\u00edses del Sur) fue pedir al primer ministro Nuri Al Maliki formar un gobierno que incluyese a las minor\u00edas \u00e9tnicas y religiosas. Obama es incapaz de entender que pedir tolerancia a la teocracia, que por naturaleza es reaccionaria, sectaria, injusta y corrupta, adem\u00e1s en un pa\u00eds de larga tradici\u00f3n laica, era como pedir uvas al espino.<\/p>\n<p>Por lo que elabor\u00f3 otra estrategia: dejar que el EI arrasara el norte del pa\u00eds, matara a cientos de inocentes, llegara a pocos kil\u00f3metros de Bagdad para, entre otros objetivos, seguir manejando la pol\u00edtica en Bagdad.<\/p>\n<p><strong>\u00bfPor qu\u00e9 Erbil?<\/strong><\/p>\n<p>El mandatario estadounidense lo dej\u00f3 claro: orden\u00f3 los ataques a\u00e9reos para detener el avance del EI en Erbil, la capital del GRK. La urbe de 8.000 a\u00f1os de historia, protegida por la diosa sumeria Ishtar (Esther y Estrella en castellano, Setar\u00e9 en persa) que lleg\u00f3 a formar parte del Imperio Persa, y fue conquistada por Alejandro Magno, hoy vive una autentica fiebre de Oro. Oro Negro que mancha la actual decisi\u00f3n de Obama, quien persigue los siguientes objetivos:<\/p>\n<ol>\n<li>Proteger el statu quo del Kurdist\u00e1n iraqu\u00ed y su amplia autonom\u00eda. Dado el caos que reina en el resto del pa\u00eds, consolidando su poder en esta regi\u00f3n, podr\u00e1 convertirla en un trampol\u00edn para seguir adelante con su plan del Nuevo Oriente Pr\u00f3ximo.<\/li>\n<li>Garantizar el dominio de sus petroleras sobre el crudo kurdo -el 0,5% de la oferta mundial-, y tambi\u00e9n sobre el 89% de las reservas de gas natural del Estado que se encuentra en el dominio del GRK, donde operan ExxonMobil y Chevron. EEUU considera suyo este crudo, ya que no era explotado antes de la invasi\u00f3n del 2003.<\/li>\n<li>Impedir el corte en la producci\u00f3n y en el suministro de petr\u00f3leo, que afectar\u00eda a la recuperaci\u00f3n econ\u00f3mica de Occidente.<\/li>\n<\/ol>\n<ol start=\"4\">\n<li>Seg\u00fan los l\u00edderes kurdos, en las proximidades de Erbil se encuentra la novena reserva mundial del petr\u00f3leo. Es m\u00e1s, el gas de Erbil podr\u00eda sustituir al ruso para los europeos.<\/li>\n<li>Detener la subida del precio del petr\u00f3leo y el p\u00e1nico en los mercados.<\/li>\n<\/ol>\n<ol start=\"6\">\n<li>Sacar a Israel de ser el blanco de protestas a nivel mundial por sus cr\u00edmenes de guerra en Gaza, con la cortina de humo creada en Irak.<\/li>\n<li>Neutralizar las cr\u00edticas sobre su pol\u00edtica exterior y no solo las provenientes de Tea party: \u00a0Hilary Clinton le acus\u00f3 p\u00fablicamente de ser \u201cextremadamente prudente\u201d. Ya que no se ha atrevido a \u201cdar una bofetada militar\u201d a Rusia por Crimea y Ucrania, se desahoga con los iraqu\u00edes.<\/li>\n<li>Forzar cambios pol\u00edticos en Bagdad: ha eliminado de la escena, y sin respetar los cauces legales, al hombre de Ir\u00e1n Nuri al Malikicon quien <a href=\"http:\/\/www.nazanin.es\/?p=6472\">\u00a0trapiche\u00f3 la permanencia de sus fuerzas en Irak<\/a>. El estallido de una bomba cerca de su casa y los recuerdos de la terrible muerte de Saddam o Gaddafi fueron suficientes para que dejara su sill\u00f3n a Haidar al Abadi, el nuevo administrador de la colonia. As\u00ed, Obama debilita a Ir\u00e1n desde sus \u201cprofundidades estrat\u00e9gicas\u201d de Irak \u00a0y Siria. \u00a0Quiz\u00e1s Washington no esperaba una declaraci\u00f3n de apoyo casi entusiasta de Teher\u00e1n a su nuevo hombre en la capital iraqu\u00ed.<\/li>\n<li>Dar una lecci\u00f3n a los yihadistas, la palanca del Pent\u00e1gono en la regi\u00f3n, como lo hizo Bush a sus ex socios Al Qaeda, Muyahedines y Talib\u00e1n afganos: que cumplan con lo que se les manda, y dejen de actuar por su cuenta sobre todo si se trata de pozos de petr\u00f3leo.<\/li>\n<\/ol>\n<p>Estos puntos se suman a las <a href=\"http:\/\/www.nazanin.es\/?p=10960\">\u00a023 observaciones sobre la nueva guerra l\u00edquida de EEUU<\/a>\u00a0en Irak. Los kurdos, principales beneficiaros de la nueva intervenci\u00f3n occidental, retoman el control de varias ciudades, recibir\u00e1n muchas armas, han quitado del medio a Maliki, y ven c\u00f3mo Washington est\u00e1 cambiando de idea y puede<a href=\"http:\/\/www.nazanin.es\/?p=10975\"> permitir la creaci\u00f3n de un Estado kurdo<\/a>,\u00a0 aunque sea bajo el nombre de \u201cfederalizar Irak\u201d, consider\u00e1ndola una opci\u00f3n menos da\u00f1ina para sus intereses.<\/p>\n<p><strong>Francia defiende su parte del bot\u00edn<\/strong><\/p>\n<p>Otro pa\u00eds que, mientras evita la llegada de ayuda humanitaria \u2013que no armas- de Rusia a los ucranianos asediados, pero env\u00eda armas a los kurdos perseguidos por los islamistas, es Francia, que no pierde ni una oportunidad para revivir <a href=\"http:\/\/www.nazanin.es\/?p=10457\">sue\u00f1os napole\u00f3nicos<\/a>\u00a0 en su \u00e9poca imperialista. Los Pishmargas (t\u00e9rmino persa-indoeuropeo compuesto por Pish \u201cdelant\u201d y Marg \u201cmuerte\u201d, relacionada con\u00a0 \u201cmorgue\u201d en castellano), ser\u00e1n la carne de ca\u00f1\u00f3n de los intereses de la compa\u00f1\u00eda Total, que se venga de Bagdad por no concederle m\u00e1s que una peque\u00f1a participaci\u00f3n en la explotaci\u00f3n del yacimiento de Halfaya del sur. La petrolera francesa negocia con Exxon Mobil para que le ceda su licencia de los dos campos de Pulkhana y Taza, disputados por el gobierno central y el GRK. Makili hab\u00eda amenazado a Exxon que al hacerlo se arriesgar\u00eda a perder el \u00a0contrato del campo sure\u00f1o de West Qurna-1. Tras la visita de la delegaci\u00f3n del GRK a Par\u00eds, en diciembre pasado, Total aspira a ser la principal compa\u00f1\u00eda petrol\u00edfera del Kurdist\u00e1n iraqu\u00ed.<\/p>\n<p>Cierto, los amos del mundo no pueden arrebatar as\u00ed la vida de miles de personas y llevarse sus riquezas, sin contar con sus agentes locales: los l\u00edderes \u00e1rabes y kurdos de Irak, miserablemente al servicio de EEUU y la UE, nunca les ha temblado las manos sacrificar a \u00a0sus propias gentes, en nombre del poder personal, tribal, o de un nacionalismo reaccionario y ciego.<\/p>\n<p>Este es el Irak <em>democr\u00e1tico<\/em>, el mismo modelo que trasportaron a Libia y el que quieren para\u00a0 Siria e incluso\u00a0<a href=\"http:\/\/www.nazanin.es\/?p=10689\">para la Federaci\u00f3n Rusa<\/a> por sus inmensos recursos naturales.<\/p>\n<p>\u00bfEst\u00e1is, pregunto, d\u00f3nde est\u00e1 la ONU?: \u00a0un equipo internacional de personalidades amantes de la paz y la justicia, representado en Espa\u00f1a por don Federico Mayor Zaragoza (http:\/\/www.federicomayor.blogspot.com.es), propone la refundaci\u00f3n de la ONU, evitando las guerras que no paran de crecer, y acabar con el indescriptible dolor y sufrimiento que provocan en decenas de millones de personas.<\/p>\n","protected":false},"excerpt":{"rendered":"<p>Barak Obama no pudo resistir la tentaci\u00f3n (o a las presiones de sus adversarios) y se convirti\u00f3 en el cuarto presidente de EEUU en bombardear Irak, utilizando los mismos pretextos \u201cben\u00e9volos\u201d para el mismo objetivo principal: mantener el control de&hellip;<\/p>\n","protected":false},"author":94,"featured_media":98411,"comment_status":"closed","ping_status":"open","sticky":false,"template":"","format":"standard","meta":{"footnotes":""},"categories":[76,79,81,71,161],"tags":[694,654,441,10793,1203,435,381,6397,623,631],"class_list":["post-128107","post","type-post","status-publish","format-standard","has-post-thumbnail","hentry","category-relaciones-exteriores","category-derechos-humanos","category-economia-es","category-medio-oriente-es","category-opiniones","tag-barack-obama-es","tag-crisis-en","tag-derechos-humanos","tag-estados-unidos-de-norteamerica","tag-irak-fr","tag-israel","tag-recursos-naturales","tag-siria","tag-violencia","tag-violencia-economica"],"yoast_head":"<!-- This site is optimized with the Yoast SEO plugin v27.1.1 - https:\/\/yoast.com\/product\/yoast-seo-wordpress\/ -->\n<title>Ninguno de los nueve motivos del bombardeo de Irak es \u201chumanitario\u201d<\/title>\n<meta name=\"description\" content=\"Barak Obama no pudo resistir la tentaci\u00f3n (o a las presiones de sus adversarios) y se convirti\u00f3 en el cuarto presidente de EEUU en bombardear Irak,\" \/>\n<meta name=\"robots\" content=\"index, follow, max-snippet:-1, max-image-preview:large, max-video-preview:-1\" \/>\n<link rel=\"canonical\" href=\"https:\/\/www.pressenza.com\/es\/2014\/08\/ninguno-los-nueve-motivos-del-bombardeo-irak-es-humanitario\/\" \/>\n<meta property=\"og:locale\" content=\"es_ES\" \/>\n<meta property=\"og:type\" content=\"article\" \/>\n<meta property=\"og:title\" content=\"Ninguno de los nueve motivos del bombardeo de Irak es \u201chumanitario\u201d\" \/>\n<meta property=\"og:description\" content=\"Barak Obama no pudo resistir la tentaci\u00f3n (o a las presiones de sus adversarios) y se convirti\u00f3 en el cuarto presidente de EEUU en bombardear Irak,\" \/>\n<meta property=\"og:url\" content=\"https:\/\/www.pressenza.com\/es\/2014\/08\/ninguno-los-nueve-motivos-del-bombardeo-irak-es-humanitario\/\" \/>\n<meta property=\"og:site_name\" content=\"Pressenza\" \/>\n<meta property=\"article:publisher\" content=\"https:\/\/www.facebook.com\/PressenzaItalia\" \/>\n<meta property=\"article:author\" content=\"https:\/\/www.facebook.com\/pressenza\" \/>\n<meta property=\"article:published_time\" content=\"2014-08-24T21:45:03+00:00\" \/>\n<meta property=\"article:modified_time\" content=\"2016-04-28T09:32:27+00:00\" \/>\n<meta property=\"og:image\" content=\"https:\/\/www.pressenza.com\/wp-content\/uploads\/2014\/03\/Obama.jpg\" \/>\n\t<meta property=\"og:image:width\" content=\"600\" \/>\n\t<meta property=\"og:image:height\" content=\"399\" \/>\n\t<meta property=\"og:image:type\" content=\"image\/jpeg\" \/>\n<meta name=\"author\" content=\"Redacci\u00f3n Madrid\" \/>\n<meta name=\"twitter:card\" content=\"summary_large_image\" \/>\n<meta name=\"twitter:creator\" content=\"@pressenza\" \/>\n<meta name=\"twitter:site\" content=\"@PressenzaIPA\" \/>\n<meta name=\"twitter:label1\" content=\"Escrito por\" \/>\n\t<meta name=\"twitter:data1\" content=\"Redacci\u00f3n Madrid\" \/>\n\t<meta name=\"twitter:label2\" content=\"Tiempo de lectura\" \/>\n\t<meta name=\"twitter:data2\" content=\"10 minutos\" \/>\n<script type=\"application\/ld+json\" class=\"yoast-schema-graph\">{\"@context\":\"https:\/\/schema.org\",\"@graph\":[{\"@type\":\"Article\",\"@id\":\"https:\/\/www.pressenza.com\/es\/2014\/08\/ninguno-los-nueve-motivos-del-bombardeo-irak-es-humanitario\/#article\",\"isPartOf\":{\"@id\":\"https:\/\/www.pressenza.com\/es\/2014\/08\/ninguno-los-nueve-motivos-del-bombardeo-irak-es-humanitario\/\"},\"author\":{\"name\":\"Redacci\u00f3n Madrid\",\"@id\":\"https:\/\/www.pressenza.com\/es\/#\/schema\/person\/828fc40eeca2ad7be3630e5a46adba94\"},\"headline\":\"Ninguno de los nueve motivos del bombardeo de Irak es \u201chumanitario\u201d\",\"datePublished\":\"2014-08-24T21:45:03+00:00\",\"dateModified\":\"2016-04-28T09:32:27+00:00\",\"mainEntityOfPage\":{\"@id\":\"https:\/\/www.pressenza.com\/es\/2014\/08\/ninguno-los-nueve-motivos-del-bombardeo-irak-es-humanitario\/\"},\"wordCount\":1958,\"publisher\":{\"@id\":\"https:\/\/www.pressenza.com\/es\/#organization\"},\"image\":{\"@id\":\"https:\/\/www.pressenza.com\/es\/2014\/08\/ninguno-los-nueve-motivos-del-bombardeo-irak-es-humanitario\/#primaryimage\"},\"thumbnailUrl\":\"https:\/\/www.pressenza.com\/wp-content\/uploads\/2014\/03\/Obama.jpg\",\"keywords\":[\"Barack Obama\",\"crisis\",\"Derechos humanos\",\"Estados Unidos de Norteam\u00e9rica\",\"Irak\",\"Israel\",\"Recursos naturales\",\"Siria\",\"Violencia\",\"Violencia econ\u00f3mica\"],\"articleSection\":[\"Asuntos internacionales\",\"Derechos Humanos\",\"Econom\u00eda\",\"Medio Oriente\",\"Opiniones\"],\"inLanguage\":\"es\"},{\"@type\":\"WebPage\",\"@id\":\"https:\/\/www.pressenza.com\/es\/2014\/08\/ninguno-los-nueve-motivos-del-bombardeo-irak-es-humanitario\/\",\"url\":\"https:\/\/www.pressenza.com\/es\/2014\/08\/ninguno-los-nueve-motivos-del-bombardeo-irak-es-humanitario\/\",\"name\":\"Ninguno de los nueve motivos del bombardeo de Irak es \u201chumanitario\u201d\",\"isPartOf\":{\"@id\":\"https:\/\/www.pressenza.com\/es\/#website\"},\"primaryImageOfPage\":{\"@id\":\"https:\/\/www.pressenza.com\/es\/2014\/08\/ninguno-los-nueve-motivos-del-bombardeo-irak-es-humanitario\/#primaryimage\"},\"image\":{\"@id\":\"https:\/\/www.pressenza.com\/es\/2014\/08\/ninguno-los-nueve-motivos-del-bombardeo-irak-es-humanitario\/#primaryimage\"},\"thumbnailUrl\":\"https:\/\/www.pressenza.com\/wp-content\/uploads\/2014\/03\/Obama.jpg\",\"datePublished\":\"2014-08-24T21:45:03+00:00\",\"dateModified\":\"2016-04-28T09:32:27+00:00\",\"description\":\"Barak Obama no pudo resistir la tentaci\u00f3n (o a las presiones de sus adversarios) y se convirti\u00f3 en el cuarto presidente de EEUU en bombardear Irak,\",\"breadcrumb\":{\"@id\":\"https:\/\/www.pressenza.com\/es\/2014\/08\/ninguno-los-nueve-motivos-del-bombardeo-irak-es-humanitario\/#breadcrumb\"},\"inLanguage\":\"es\",\"potentialAction\":[{\"@type\":\"ReadAction\",\"target\":[\"https:\/\/www.pressenza.com\/es\/2014\/08\/ninguno-los-nueve-motivos-del-bombardeo-irak-es-humanitario\/\"]}]},{\"@type\":\"ImageObject\",\"inLanguage\":\"es\",\"@id\":\"https:\/\/www.pressenza.com\/es\/2014\/08\/ninguno-los-nueve-motivos-del-bombardeo-irak-es-humanitario\/#primaryimage\",\"url\":\"https:\/\/www.pressenza.com\/wp-content\/uploads\/2014\/03\/Obama.jpg\",\"contentUrl\":\"https:\/\/www.pressenza.com\/wp-content\/uploads\/2014\/03\/Obama.jpg\",\"width\":600,\"height\":399},{\"@type\":\"BreadcrumbList\",\"@id\":\"https:\/\/www.pressenza.com\/es\/2014\/08\/ninguno-los-nueve-motivos-del-bombardeo-irak-es-humanitario\/#breadcrumb\",\"itemListElement\":[{\"@type\":\"ListItem\",\"position\":1,\"name\":\"Accueil\",\"item\":\"https:\/\/www.pressenza.com\/es\/\"},{\"@type\":\"ListItem\",\"position\":2,\"name\":\"Ninguno de los nueve motivos del bombardeo de Irak es \u201chumanitario\u201d\"}]},{\"@type\":\"WebSite\",\"@id\":\"https:\/\/www.pressenza.com\/es\/#website\",\"url\":\"https:\/\/www.pressenza.com\/es\/\",\"name\":\"Pressenza\",\"description\":\"International Press Agency\",\"publisher\":{\"@id\":\"https:\/\/www.pressenza.com\/es\/#organization\"},\"potentialAction\":[{\"@type\":\"SearchAction\",\"target\":{\"@type\":\"EntryPoint\",\"urlTemplate\":\"https:\/\/www.pressenza.com\/es\/?s={search_term_string}\"},\"query-input\":{\"@type\":\"PropertyValueSpecification\",\"valueRequired\":true,\"valueName\":\"search_term_string\"}}],\"inLanguage\":\"es\"},{\"@type\":\"Organization\",\"@id\":\"https:\/\/www.pressenza.com\/es\/#organization\",\"name\":\"Pressenza\",\"url\":\"https:\/\/www.pressenza.com\/es\/\",\"logo\":{\"@type\":\"ImageObject\",\"inLanguage\":\"es\",\"@id\":\"https:\/\/www.pressenza.com\/es\/#\/schema\/logo\/image\/\",\"url\":\"https:\/\/www.pressenza.com\/wp-content\/uploads\/2022\/10\/pressenza_logo_200x200.jpg\",\"contentUrl\":\"https:\/\/www.pressenza.com\/wp-content\/uploads\/2022\/10\/pressenza_logo_200x200.jpg\",\"width\":200,\"height\":200,\"caption\":\"Pressenza\"},\"image\":{\"@id\":\"https:\/\/www.pressenza.com\/es\/#\/schema\/logo\/image\/\"},\"sameAs\":[\"https:\/\/www.facebook.com\/PressenzaItalia\",\"https:\/\/x.com\/PressenzaIPA\"]},{\"@type\":\"Person\",\"@id\":\"https:\/\/www.pressenza.com\/es\/#\/schema\/person\/828fc40eeca2ad7be3630e5a46adba94\",\"name\":\"Redacci\u00f3n Madrid\",\"description\":\"News from the Pressenza Bureau in Madrid, Spain\",\"sameAs\":[\"https:\/\/www.facebook.com\/pressenza\",\"https:\/\/x.com\/pressenza\"],\"url\":\"https:\/\/www.pressenza.com\/es\/author\/redaccion-madrid\/\"}]}<\/script>\n<!-- \/ Yoast SEO plugin. -->","yoast_head_json":{"title":"Ninguno de los nueve motivos del bombardeo de Irak es \u201chumanitario\u201d","description":"Barak Obama no pudo resistir la tentaci\u00f3n (o a las presiones de sus adversarios) y se convirti\u00f3 en el cuarto presidente de EEUU en bombardear Irak,","robots":{"index":"index","follow":"follow","max-snippet":"max-snippet:-1","max-image-preview":"max-image-preview:large","max-video-preview":"max-video-preview:-1"},"canonical":"https:\/\/www.pressenza.com\/es\/2014\/08\/ninguno-los-nueve-motivos-del-bombardeo-irak-es-humanitario\/","og_locale":"es_ES","og_type":"article","og_title":"Ninguno de los nueve motivos del bombardeo de Irak es \u201chumanitario\u201d","og_description":"Barak Obama no pudo resistir la tentaci\u00f3n (o a las presiones de sus adversarios) y se convirti\u00f3 en el cuarto presidente de EEUU en bombardear Irak,","og_url":"https:\/\/www.pressenza.com\/es\/2014\/08\/ninguno-los-nueve-motivos-del-bombardeo-irak-es-humanitario\/","og_site_name":"Pressenza","article_publisher":"https:\/\/www.facebook.com\/PressenzaItalia","article_author":"https:\/\/www.facebook.com\/pressenza","article_published_time":"2014-08-24T21:45:03+00:00","article_modified_time":"2016-04-28T09:32:27+00:00","og_image":[{"width":600,"height":399,"url":"https:\/\/www.pressenza.com\/wp-content\/uploads\/2014\/03\/Obama.jpg","type":"image\/jpeg"}],"author":"Redacci\u00f3n Madrid","twitter_card":"summary_large_image","twitter_creator":"@pressenza","twitter_site":"@PressenzaIPA","twitter_misc":{"Escrito por":"Redacci\u00f3n Madrid","Tiempo de lectura":"10 minutos"},"schema":{"@context":"https:\/\/schema.org","@graph":[{"@type":"Article","@id":"https:\/\/www.pressenza.com\/es\/2014\/08\/ninguno-los-nueve-motivos-del-bombardeo-irak-es-humanitario\/#article","isPartOf":{"@id":"https:\/\/www.pressenza.com\/es\/2014\/08\/ninguno-los-nueve-motivos-del-bombardeo-irak-es-humanitario\/"},"author":{"name":"Redacci\u00f3n Madrid","@id":"https:\/\/www.pressenza.com\/es\/#\/schema\/person\/828fc40eeca2ad7be3630e5a46adba94"},"headline":"Ninguno de los nueve motivos del bombardeo de Irak es \u201chumanitario\u201d","datePublished":"2014-08-24T21:45:03+00:00","dateModified":"2016-04-28T09:32:27+00:00","mainEntityOfPage":{"@id":"https:\/\/www.pressenza.com\/es\/2014\/08\/ninguno-los-nueve-motivos-del-bombardeo-irak-es-humanitario\/"},"wordCount":1958,"publisher":{"@id":"https:\/\/www.pressenza.com\/es\/#organization"},"image":{"@id":"https:\/\/www.pressenza.com\/es\/2014\/08\/ninguno-los-nueve-motivos-del-bombardeo-irak-es-humanitario\/#primaryimage"},"thumbnailUrl":"https:\/\/www.pressenza.com\/wp-content\/uploads\/2014\/03\/Obama.jpg","keywords":["Barack Obama","crisis","Derechos humanos","Estados Unidos de Norteam\u00e9rica","Irak","Israel","Recursos naturales","Siria","Violencia","Violencia econ\u00f3mica"],"articleSection":["Asuntos internacionales","Derechos Humanos","Econom\u00eda","Medio Oriente","Opiniones"],"inLanguage":"es"},{"@type":"WebPage","@id":"https:\/\/www.pressenza.com\/es\/2014\/08\/ninguno-los-nueve-motivos-del-bombardeo-irak-es-humanitario\/","url":"https:\/\/www.pressenza.com\/es\/2014\/08\/ninguno-los-nueve-motivos-del-bombardeo-irak-es-humanitario\/","name":"Ninguno de los nueve motivos del bombardeo de Irak es \u201chumanitario\u201d","isPartOf":{"@id":"https:\/\/www.pressenza.com\/es\/#website"},"primaryImageOfPage":{"@id":"https:\/\/www.pressenza.com\/es\/2014\/08\/ninguno-los-nueve-motivos-del-bombardeo-irak-es-humanitario\/#primaryimage"},"image":{"@id":"https:\/\/www.pressenza.com\/es\/2014\/08\/ninguno-los-nueve-motivos-del-bombardeo-irak-es-humanitario\/#primaryimage"},"thumbnailUrl":"https:\/\/www.pressenza.com\/wp-content\/uploads\/2014\/03\/Obama.jpg","datePublished":"2014-08-24T21:45:03+00:00","dateModified":"2016-04-28T09:32:27+00:00","description":"Barak Obama no pudo resistir la tentaci\u00f3n (o a las presiones de sus adversarios) y se convirti\u00f3 en el cuarto presidente de EEUU en bombardear Irak,","breadcrumb":{"@id":"https:\/\/www.pressenza.com\/es\/2014\/08\/ninguno-los-nueve-motivos-del-bombardeo-irak-es-humanitario\/#breadcrumb"},"inLanguage":"es","potentialAction":[{"@type":"ReadAction","target":["https:\/\/www.pressenza.com\/es\/2014\/08\/ninguno-los-nueve-motivos-del-bombardeo-irak-es-humanitario\/"]}]},{"@type":"ImageObject","inLanguage":"es","@id":"https:\/\/www.pressenza.com\/es\/2014\/08\/ninguno-los-nueve-motivos-del-bombardeo-irak-es-humanitario\/#primaryimage","url":"https:\/\/www.pressenza.com\/wp-content\/uploads\/2014\/03\/Obama.jpg","contentUrl":"https:\/\/www.pressenza.com\/wp-content\/uploads\/2014\/03\/Obama.jpg","width":600,"height":399},{"@type":"BreadcrumbList","@id":"https:\/\/www.pressenza.com\/es\/2014\/08\/ninguno-los-nueve-motivos-del-bombardeo-irak-es-humanitario\/#breadcrumb","itemListElement":[{"@type":"ListItem","position":1,"name":"Accueil","item":"https:\/\/www.pressenza.com\/es\/"},{"@type":"ListItem","position":2,"name":"Ninguno de los nueve motivos del bombardeo de Irak es \u201chumanitario\u201d"}]},{"@type":"WebSite","@id":"https:\/\/www.pressenza.com\/es\/#website","url":"https:\/\/www.pressenza.com\/es\/","name":"Pressenza","description":"International Press Agency","publisher":{"@id":"https:\/\/www.pressenza.com\/es\/#organization"},"potentialAction":[{"@type":"SearchAction","target":{"@type":"EntryPoint","urlTemplate":"https:\/\/www.pressenza.com\/es\/?s={search_term_string}"},"query-input":{"@type":"PropertyValueSpecification","valueRequired":true,"valueName":"search_term_string"}}],"inLanguage":"es"},{"@type":"Organization","@id":"https:\/\/www.pressenza.com\/es\/#organization","name":"Pressenza","url":"https:\/\/www.pressenza.com\/es\/","logo":{"@type":"ImageObject","inLanguage":"es","@id":"https:\/\/www.pressenza.com\/es\/#\/schema\/logo\/image\/","url":"https:\/\/www.pressenza.com\/wp-content\/uploads\/2022\/10\/pressenza_logo_200x200.jpg","contentUrl":"https:\/\/www.pressenza.com\/wp-content\/uploads\/2022\/10\/pressenza_logo_200x200.jpg","width":200,"height":200,"caption":"Pressenza"},"image":{"@id":"https:\/\/www.pressenza.com\/es\/#\/schema\/logo\/image\/"},"sameAs":["https:\/\/www.facebook.com\/PressenzaItalia","https:\/\/x.com\/PressenzaIPA"]},{"@type":"Person","@id":"https:\/\/www.pressenza.com\/es\/#\/schema\/person\/828fc40eeca2ad7be3630e5a46adba94","name":"Redacci\u00f3n Madrid","description":"News from the Pressenza Bureau in Madrid, Spain","sameAs":["https:\/\/www.facebook.com\/pressenza","https:\/\/x.com\/pressenza"],"url":"https:\/\/www.pressenza.com\/es\/author\/redaccion-madrid\/"}]}},"place":"","original_article_url":"","_links":{"self":[{"href":"https:\/\/www.pressenza.com\/es\/wp-json\/wp\/v2\/posts\/128107","targetHints":{"allow":["GET"]}}],"collection":[{"href":"https:\/\/www.pressenza.com\/es\/wp-json\/wp\/v2\/posts"}],"about":[{"href":"https:\/\/www.pressenza.com\/es\/wp-json\/wp\/v2\/types\/post"}],"author":[{"embeddable":true,"href":"https:\/\/www.pressenza.com\/es\/wp-json\/wp\/v2\/users\/94"}],"replies":[{"embeddable":true,"href":"https:\/\/www.pressenza.com\/es\/wp-json\/wp\/v2\/comments?post=128107"}],"version-history":[{"count":0,"href":"https:\/\/www.pressenza.com\/es\/wp-json\/wp\/v2\/posts\/128107\/revisions"}],"wp:featuredmedia":[{"embeddable":true,"href":"https:\/\/www.pressenza.com\/es\/wp-json\/wp\/v2\/media\/98411"}],"wp:attachment":[{"href":"https:\/\/www.pressenza.com\/es\/wp-json\/wp\/v2\/media?parent=128107"}],"wp:term":[{"taxonomy":"category","embeddable":true,"href":"https:\/\/www.pressenza.com\/es\/wp-json\/wp\/v2\/categories?post=128107"},{"taxonomy":"post_tag","embeddable":true,"href":"https:\/\/www.pressenza.com\/es\/wp-json\/wp\/v2\/tags?post=128107"}],"curies":[{"name":"wp","href":"https:\/\/api.w.org\/{rel}","templated":true}]}}