{"id":1280704,"date":"2021-01-18T20:01:24","date_gmt":"2021-01-18T20:01:24","guid":{"rendered":"https:\/\/www.pressenza.com\/?p=1280704"},"modified":"2021-01-18T20:01:24","modified_gmt":"2021-01-18T20:01:24","slug":"no-al-traslado-forzoso-de-sanitarios-al-hospital-zendal","status":"publish","type":"post","link":"https:\/\/www.pressenza.com\/es\/2021\/01\/no-al-traslado-forzoso-de-sanitarios-al-hospital-zendal\/","title":{"rendered":"NO al traslado forzoso de sanitarios al hospital Zendal"},"content":{"rendered":"<p>La comunidad de Madrid sigue privatizando y haciendo negocio con la sanidad p\u00fablica, construyendo en medio de la pandemia el hospital Zendal. Los sanitarios que estaban contratados en otros centros hospitalarios no quieren ser desplazados dejando sin servicio los establecimientos donde hoy trabajan. El gobierno de Isabel Ayuso, los amenaza. Una enfermera valiente se ha lanzado a recoger firmas para frenar estas pol\u00edticas de matonaje.<\/p>\n<p><strong><a href=\"https:\/\/click.e.change.org\/f\/a\/dhBcJ0JMCsk8zIjbOEu4GA~~\/AANj1QA~\/RgRh59dcP4S3AWh0dHBzOi8vd3d3LmNoYW5nZS5vcmcvcC9uby1tw6FzLWFtZW5hemFzLWEtbG9zLXNhbml0YXJpb3MtZGUtbWFkcmlkLW5vLW3DoXMtdHJhc2xhZG9zLWZvcnpvc29zLWFsLWhvc3BpdGFsemVuZGFsLWNvbXVuaWRhZG1hZHJpZC1zYWx1ZG1hZHJpZC0wMTJjbWFkcmlkL3NpZ24_Y3NfdGs9QWlRUlhFQnItQmdLQWRGR0NXQUFBWGljeXl2TnlRRUFCRjhCdkNKcjFIU2F0WUJQWmZLUjV2cWNRYTAlM0QmcHQ9QVZCbGRHbDBhVzl1QUtsMW1nRUFBQUFBWUFWU1RKS0t3WmhtTnpFNU9ETTJPUSUyNTNEJTI1M0Qmc291cmNlX2xvY2F0aW9uPWFhX3NpZ25fYXNrJnV0bV9jYW1wYWlnbj04M2Q5NzAyNzI3OGU0NmYwYjU1YjAzZGI1MDJlN2E1YSZ1dG1fY29udGVudD1pbml0aWFsX3YwXzFfMSZ1dG1fbWVkaXVtPWVtYWlsJnV0bV9zb3VyY2U9YWFfc2lnbl9hc2smdXRtX3Rlcm09Y3NXA3NwY0IKX_xoUgVgyV01LVIbanVhbmFwZXJlem1vbnRlcm9AZ21haWwuY29tWAQAAAAC\" target=\"_blank\" rel=\"noopener\" data-saferedirecturl=\"https:\/\/www.google.com\/url?q=https:\/\/click.e.change.org\/f\/a\/dhBcJ0JMCsk8zIjbOEu4GA~~\/AANj1QA~\/RgRh59dcP4S3AWh0dHBzOi8vd3d3LmNoYW5nZS5vcmcvcC9uby1tw6FzLWFtZW5hemFzLWEtbG9zLXNhbml0YXJpb3MtZGUtbWFkcmlkLW5vLW3DoXMtdHJhc2xhZG9zLWZvcnpvc29zLWFsLWhvc3BpdGFsemVuZGFsLWNvbXVuaWRhZG1hZHJpZC1zYWx1ZG1hZHJpZC0wMTJjbWFkcmlkL3NpZ24_Y3NfdGs9QWlRUlhFQnItQmdLQWRGR0NXQUFBWGljeXl2TnlRRUFCRjhCdkNKcjFIU2F0WUJQWmZLUjV2cWNRYTAlM0QmcHQ9QVZCbGRHbDBhVzl1QUtsMW1nRUFBQUFBWUFWU1RKS0t3WmhtTnpFNU9ETTJPUSUyNTNEJTI1M0Qmc291cmNlX2xvY2F0aW9uPWFhX3NpZ25fYXNrJnV0bV9jYW1wYWlnbj04M2Q5NzAyNzI3OGU0NmYwYjU1YjAzZGI1MDJlN2E1YSZ1dG1fY29udGVudD1pbml0aWFsX3YwXzFfMSZ1dG1fbWVkaXVtPWVtYWlsJnV0bV9zb3VyY2U9YWFfc2lnbl9hc2smdXRtX3Rlcm09Y3NXA3NwY0IKX_xoUgVgyV01LVIbanVhbmFwZXJlem1vbnRlcm9AZ21haWwuY29tWAQAAAAC&amp;source=gmail&amp;ust=1611085417584000&amp;usg=AFQjCNEADCv1NAgqPBFTziBGWxktYMuTPA\">NO M\u00c1S AMENAZAS a los sanitarios de Madrid. NO M\u00c1S TRASLADOS FORZOSOS al Hospital Zendal <\/a><\/strong><\/p>\n<div>\n<p><strong>Soy enfermera de Urgencias<\/strong> en el Hospital Puerta de Hierro de Madrid. El 8 de enero a las 7 de la tarde recib\u00ed una llamada de un n\u00famero privado: una mujer que se identific\u00f3 como administrativa de mi hospital. Me inform\u00f3 (solo por tel\u00e9fono, nada por escrito) de que <strong>al d\u00eda siguiente ten\u00eda que presentarme a las 8 de la ma\u00f1ana en el Hospital Isabel Zendal.<\/strong><strong>Y de que este traslado de mi puesto de trabajo era obligatorio y negarme supondr\u00eda una renuncia a mi contrato y una penalizaci\u00f3n<\/strong> de un a\u00f1o en el sistema de salud madrile\u00f1o, lo que supone <strong>no poder seguir trabajando en mi hospital ni en ning\u00fan otro<\/strong> de la red p\u00fablica de Madrid. As\u00ed de repente, <strong>de un d\u00eda para otro<\/strong>, sin tiempo para reacci\u00f3n ni organizaci\u00f3n.<\/p>\n<p><strong>Eso est\u00e1n haciendo con cientos de sanitarios de la Comunidad de Madrid, trasladarnos forzosamente y mediante amenazas al Hospital Zendal<\/strong>, <strong>dejando a los otros hospitales vac\u00edos de ese personal.<\/strong> Sin informar previamente a nuestros supervisores, sin darnos otra alternativa, con nuestros zuecos y nuestra ropa todav\u00eda en otro lugar. Y lo peor de todo, con intimidaciones. Dici\u00e9ndonos que estamos obligados y que, si renunciamos, seremos penalizados en nuestro futuro laboral.<\/p>\n<p>S\u00e9 que parece incre\u00edble, pero es tal y como lo estoy describiendo. Ayer mismo EL Pa\u00eds hizo p\u00fablico <strong>el email que la Direcci\u00f3n General de Recursos Humanos del Servicio Madrile\u00f1o de Salud envi\u00f3 a las gerencias de los hospitales pidi\u00e9ndoles que NO contraten a ning\u00fan sanitario que haya rechazado trabajar en el nuevo Hospital Zendal.<\/strong> \u201cSe recuerda que los profesionales que renuncien por su adscripci\u00f3n al Hospital de Emergencia Enfermera Isabel Zendal, no podr\u00e1n continuar prestando servicio en el centro de origen\u201d. En el email habla de \u201cnombramientos COVID\u201d pero en mi caso por ejemplo la palabra COVID no figura en mi contrato y he sido una de las personas a las que han llamado. <strong>\u00a1No hay por d\u00f3nde cogerlo, este maltrato a los sanitarios tiene que parar!<\/strong><\/p>\n<p><strong>Por favor, esto son amenazas a las mismas personas que nos hemos deslomado estos meses para sacar la sanidad adelante.<\/strong> Las mismas personas que en algunos centros llevaron 15 d\u00edas la misma mascarilla porque no hab\u00eda m\u00e1s. <strong>Las mismas personas que pusieron en riesgo sus vidas y a las que aplaud\u00edan a las 8 de la tarde.<\/strong><strong>NO PODEMOS M\u00c1S. No queremos un Princesa de Asturias si despu\u00e9s nos van a amenazar.<\/strong><\/p>\n<p>Con lo que est\u00e1n haciendo<strong> lo \u00fanico que est\u00e1n consiguiendo es desmantelar de personal los hospitales de Madrid<\/strong> que tambi\u00e9n requieren de personal, como el m\u00edo y tantos otros p\u00fablicos m\u00e1s. <a href=\"https:\/\/click.e.change.org\/f\/a\/U20tck3zLNWo6qeSnjg4Sw~~\/AANj1QA~\/RgRh59dcP4RyAWh0dHBzOi8vd3d3LmNoYW5nZS5vcmcvcC9jb25zZWplciVDMyVBRGEtZGUtc2FuaWRhZC1kZS1sYS1jb211bmlkYWQtZGUtbWFkcmlkLW5vLW0lQzMlQTFzLWFtZW5hemFzLWEtbG9zLXNhbml0YXJpb3MtZGUtbWFkcmlkLW5vLW0lQzMlQTFzLXRyYXNsYWRvcy1mb3J6b3Nvcy1hbC1ob3NwaXRhbC16ZW5kYWwvP2NzX3RrPUFpUVJYRUJyLUJnS0FkRkdDV0FBQVhpY3l5dk55UUVBQkY4QnZDSnIxSFNhdFlCUFpmS1I1dnFjUWEwJTNEJnV0bV9jYW1wYWlnbj04M2Q5NzAyNzI3OGU0NmYwYjU1YjAzZGI1MDJlN2E1YSZ1dG1fY29udGVudD1pbml0aWFsX3YwXzFfMSZ1dG1fbWVkaXVtPWVtYWlsJnV0bV9zb3VyY2U9YWFfc2lnbl9hc2smdXRtX3Rlcm09Y3NXA3NwY0IKX_xoUgVgyV01LVIbanVhbmFwZXJlem1vbnRlcm9AZ21haWwuY29tWAQAAAAC\" target=\"_blank\" rel=\"nofollow noopener\" data-saferedirecturl=\"https:\/\/www.google.com\/url?q=https:\/\/click.e.change.org\/f\/a\/U20tck3zLNWo6qeSnjg4Sw~~\/AANj1QA~\/RgRh59dcP4RyAWh0dHBzOi8vd3d3LmNoYW5nZS5vcmcvcC9jb25zZWplciVDMyVBRGEtZGUtc2FuaWRhZC1kZS1sYS1jb211bmlkYWQtZGUtbWFkcmlkLW5vLW0lQzMlQTFzLWFtZW5hemFzLWEtbG9zLXNhbml0YXJpb3MtZGUtbWFkcmlkLW5vLW0lQzMlQTFzLXRyYXNsYWRvcy1mb3J6b3Nvcy1hbC1ob3NwaXRhbC16ZW5kYWwvP2NzX3RrPUFpUVJYRUJyLUJnS0FkRkdDV0FBQVhpY3l5dk55UUVBQkY4QnZDSnIxSFNhdFlCUFpmS1I1dnFjUWEwJTNEJnV0bV9jYW1wYWlnbj04M2Q5NzAyNzI3OGU0NmYwYjU1YjAzZGI1MDJlN2E1YSZ1dG1fY29udGVudD1pbml0aWFsX3YwXzFfMSZ1dG1fbWVkaXVtPWVtYWlsJnV0bV9zb3VyY2U9YWFfc2lnbl9hc2smdXRtX3Rlcm09Y3NXA3NwY0IKX_xoUgVgyV01LVIbanVhbmFwZXJlem1vbnRlcm9AZ21haWwuY29tWAQAAAAC&amp;source=gmail&amp;ust=1611085417584000&amp;usg=AFQjCNGZFDWYGyW6VPjoCjl0_82KN9UwBQ\"><strong>Por favor, firma aqu\u00ed para exigir a la Comunidad de Madrid que pare los traslados forzosos y las amenazas a los sanitarios de la Comunidad de Madrid.<\/strong><\/a><\/p>\n<p><strong>Estamos cansados. La carga emocional de todo lo que hemos vivido en el \u00faltimo a\u00f1o se acumula.<\/strong> Hace poco han avisado de los riesgos de los sanitarios de padecer trastornos de salud mental. He visto con mis ojos c\u00f3mo desconectaban a muchas personas de un respirador. Y es dur\u00edsimo. He trabajado turnos interminables para sustituir a compa\u00f1eros contagiados por COVID. <strong>Ya basta, de verdad. NO SOMOS H\u00c9ROES, SOMOS PERSONAS. Y como cualquier persona tenemos nuestros l\u00edmites en lo que podemos y no podemos tolerar.<\/strong><\/p>\n<p>Sobra decir que en estos traslados forzosos les est\u00e1 dando igual si residimos o no a 68 km de ese hospital, como en mi caso; si tenemos que conciliar; si escogimos el hospital donde trabajamos porque era un reto profesional; si ten\u00edamos unas planillas, turnos y d\u00edas de descanso que nos correspond\u00edan y que no nos van a respetar\u2026<\/p>\n<p>Hace mucho decid\u00ed estudiar enfermer\u00eda por vocaci\u00f3n, s\u00ed. Pero NO TODO VALE CON LA EXCUSA DE LA VOCACI\u00d3N. Hemos aguantado salarios bajos a veces, turnos dif\u00edciles otras, inestabilidad laboral\u2026 ok. Pero <strong>NO PODEMOS TOLERAR AMENAZAS ni que nos marquen con una cruz por renunciar al Zendal.<\/strong><\/p>\n<p><a href=\"https:\/\/click.e.change.org\/f\/a\/U20tck3zLNWo6qeSnjg4Sw~~\/AANj1QA~\/RgRh59dcP4RyAWh0dHBzOi8vd3d3LmNoYW5nZS5vcmcvcC9jb25zZWplciVDMyVBRGEtZGUtc2FuaWRhZC1kZS1sYS1jb211bmlkYWQtZGUtbWFkcmlkLW5vLW0lQzMlQTFzLWFtZW5hemFzLWEtbG9zLXNhbml0YXJpb3MtZGUtbWFkcmlkLW5vLW0lQzMlQTFzLXRyYXNsYWRvcy1mb3J6b3Nvcy1hbC1ob3NwaXRhbC16ZW5kYWwvP2NzX3RrPUFpUVJYRUJyLUJnS0FkRkdDV0FBQVhpY3l5dk55UUVBQkY4QnZDSnIxSFNhdFlCUFpmS1I1dnFjUWEwJTNEJnV0bV9jYW1wYWlnbj04M2Q5NzAyNzI3OGU0NmYwYjU1YjAzZGI1MDJlN2E1YSZ1dG1fY29udGVudD1pbml0aWFsX3YwXzFfMSZ1dG1fbWVkaXVtPWVtYWlsJnV0bV9zb3VyY2U9YWFfc2lnbl9hc2smdXRtX3Rlcm09Y3NXA3NwY0IKX_xoUgVgyV01LVIbanVhbmFwZXJlem1vbnRlcm9AZ21haWwuY29tWAQAAAAC\" target=\"_blank\" rel=\"nofollow noopener\" data-saferedirecturl=\"https:\/\/www.google.com\/url?q=https:\/\/click.e.change.org\/f\/a\/U20tck3zLNWo6qeSnjg4Sw~~\/AANj1QA~\/RgRh59dcP4RyAWh0dHBzOi8vd3d3LmNoYW5nZS5vcmcvcC9jb25zZWplciVDMyVBRGEtZGUtc2FuaWRhZC1kZS1sYS1jb211bmlkYWQtZGUtbWFkcmlkLW5vLW0lQzMlQTFzLWFtZW5hemFzLWEtbG9zLXNhbml0YXJpb3MtZGUtbWFkcmlkLW5vLW0lQzMlQTFzLXRyYXNsYWRvcy1mb3J6b3Nvcy1hbC1ob3NwaXRhbC16ZW5kYWwvP2NzX3RrPUFpUVJYRUJyLUJnS0FkRkdDV0FBQVhpY3l5dk55UUVBQkY4QnZDSnIxSFNhdFlCUFpmS1I1dnFjUWEwJTNEJnV0bV9jYW1wYWlnbj04M2Q5NzAyNzI3OGU0NmYwYjU1YjAzZGI1MDJlN2E1YSZ1dG1fY29udGVudD1pbml0aWFsX3YwXzFfMSZ1dG1fbWVkaXVtPWVtYWlsJnV0bV9zb3VyY2U9YWFfc2lnbl9hc2smdXRtX3Rlcm09Y3NXA3NwY0IKX_xoUgVgyV01LVIbanVhbmFwZXJlem1vbnRlcm9AZ21haWwuY29tWAQAAAAC&amp;source=gmail&amp;ust=1611085417584000&amp;usg=AFQjCNGZFDWYGyW6VPjoCjl0_82KN9UwBQ\"><strong>Por favor, FIRMA AQU\u00cd PARA APOYARNOS Y pedir a la Comunidad de Madrid QUE PAREN LOS TRASLADOS FORZOSOS Y LAS AMENAZAS AL PERSONAL.<\/strong><\/a><\/p>\n<\/div>\n","protected":false},"excerpt":{"rendered":"<p>La comunidad de Madrid sigue privatizando y haciendo negocio con la sanidad p\u00fablica, construyendo en medio de la pandemia el hospital Zendal. Los sanitarios que estaban contratados en otros centros hospitalarios no quieren ser desplazados dejando sin servicio los establecimientos&hellip;<\/p>\n","protected":false},"author":94,"featured_media":1280712,"comment_status":"closed","ping_status":"closed","sticky":false,"template":"","format":"standard","meta":{"footnotes":""},"categories":[149,79,66,1239],"tags":[86316,59539,78757,1065,16528,22219,86315],"class_list":["post-1280704","post","type-post","status-publish","format-standard","has-post-thumbnail","hentry","category-comunicados-de-prensa","category-derechos-humanos","category-europa-es","category-salud","tag-ayuso","tag-change-org-es","tag-covid-19-ca-es","tag-espana","tag-madrid-es","tag-salud","tag-zendal"],"yoast_head":"<!-- This site is optimized with the Yoast SEO plugin v27.1.1 - https:\/\/yoast.com\/product\/yoast-seo-wordpress\/ -->\n<title>NO al traslado forzoso de sanitarios al hospital Zendal<\/title>\n<meta name=\"description\" content=\"La comunidad de Madrid sigue privatizando y haciendo negocio con la sanidad p\u00fablica, construyendo en medio de la pandemia el hospital Zendal. Los\" \/>\n<meta name=\"robots\" content=\"index, follow, max-snippet:-1, max-image-preview:large, max-video-preview:-1\" \/>\n<link rel=\"canonical\" href=\"https:\/\/www.pressenza.com\/es\/2021\/01\/no-al-traslado-forzoso-de-sanitarios-al-hospital-zendal\/\" \/>\n<meta property=\"og:locale\" content=\"es_ES\" \/>\n<meta property=\"og:type\" content=\"article\" \/>\n<meta property=\"og:title\" content=\"NO al traslado forzoso de sanitarios al hospital Zendal\" \/>\n<meta property=\"og:description\" content=\"La comunidad de Madrid sigue privatizando y haciendo negocio con la sanidad p\u00fablica, construyendo en medio de la pandemia el hospital Zendal. Los\" \/>\n<meta property=\"og:url\" content=\"https:\/\/www.pressenza.com\/es\/2021\/01\/no-al-traslado-forzoso-de-sanitarios-al-hospital-zendal\/\" \/>\n<meta property=\"og:site_name\" content=\"Pressenza\" \/>\n<meta property=\"article:publisher\" content=\"https:\/\/www.facebook.com\/PressenzaItalia\" \/>\n<meta property=\"article:author\" content=\"https:\/\/www.facebook.com\/pressenza\" \/>\n<meta property=\"article:published_time\" content=\"2021-01-18T20:01:24+00:00\" \/>\n<meta property=\"og:image\" content=\"https:\/\/www.pressenza.com\/wp-content\/uploads\/2021\/01\/NoZendal.jpg\" \/>\n\t<meta property=\"og:image:width\" content=\"800\" \/>\n\t<meta property=\"og:image:height\" content=\"450\" \/>\n\t<meta property=\"og:image:type\" content=\"image\/jpeg\" \/>\n<meta name=\"author\" content=\"Redacci\u00f3n Madrid\" \/>\n<meta name=\"twitter:card\" content=\"summary_large_image\" \/>\n<meta name=\"twitter:creator\" content=\"@pressenza\" \/>\n<meta name=\"twitter:site\" content=\"@PressenzaIPA\" \/>\n<meta name=\"twitter:label1\" content=\"Escrito por\" \/>\n\t<meta name=\"twitter:data1\" content=\"Redacci\u00f3n Madrid\" \/>\n\t<meta name=\"twitter:label2\" content=\"Tiempo de lectura\" \/>\n\t<meta name=\"twitter:data2\" content=\"4 minutos\" \/>\n<script type=\"application\/ld+json\" class=\"yoast-schema-graph\">{\"@context\":\"https:\/\/schema.org\",\"@graph\":[{\"@type\":\"Article\",\"@id\":\"https:\/\/www.pressenza.com\/es\/2021\/01\/no-al-traslado-forzoso-de-sanitarios-al-hospital-zendal\/#article\",\"isPartOf\":{\"@id\":\"https:\/\/www.pressenza.com\/es\/2021\/01\/no-al-traslado-forzoso-de-sanitarios-al-hospital-zendal\/\"},\"author\":{\"name\":\"Redacci\u00f3n Madrid\",\"@id\":\"https:\/\/www.pressenza.com\/es\/#\/schema\/person\/828fc40eeca2ad7be3630e5a46adba94\"},\"headline\":\"NO al traslado forzoso de sanitarios al hospital Zendal\",\"datePublished\":\"2021-01-18T20:01:24+00:00\",\"mainEntityOfPage\":{\"@id\":\"https:\/\/www.pressenza.com\/es\/2021\/01\/no-al-traslado-forzoso-de-sanitarios-al-hospital-zendal\/\"},\"wordCount\":812,\"publisher\":{\"@id\":\"https:\/\/www.pressenza.com\/es\/#organization\"},\"image\":{\"@id\":\"https:\/\/www.pressenza.com\/es\/2021\/01\/no-al-traslado-forzoso-de-sanitarios-al-hospital-zendal\/#primaryimage\"},\"thumbnailUrl\":\"https:\/\/www.pressenza.com\/wp-content\/uploads\/2021\/01\/NoZendal.jpg\",\"keywords\":[\"Ayuso\",\"Change.org\",\"COVID-19\",\"Espa\u00f1a\",\"Madrid\",\"Salud\",\"Zendal\"],\"articleSection\":[\"Comunicados de Prensa\",\"Derechos Humanos\",\"Europa\",\"Salud\"],\"inLanguage\":\"es\"},{\"@type\":\"WebPage\",\"@id\":\"https:\/\/www.pressenza.com\/es\/2021\/01\/no-al-traslado-forzoso-de-sanitarios-al-hospital-zendal\/\",\"url\":\"https:\/\/www.pressenza.com\/es\/2021\/01\/no-al-traslado-forzoso-de-sanitarios-al-hospital-zendal\/\",\"name\":\"NO al traslado forzoso de sanitarios al hospital Zendal\",\"isPartOf\":{\"@id\":\"https:\/\/www.pressenza.com\/es\/#website\"},\"primaryImageOfPage\":{\"@id\":\"https:\/\/www.pressenza.com\/es\/2021\/01\/no-al-traslado-forzoso-de-sanitarios-al-hospital-zendal\/#primaryimage\"},\"image\":{\"@id\":\"https:\/\/www.pressenza.com\/es\/2021\/01\/no-al-traslado-forzoso-de-sanitarios-al-hospital-zendal\/#primaryimage\"},\"thumbnailUrl\":\"https:\/\/www.pressenza.com\/wp-content\/uploads\/2021\/01\/NoZendal.jpg\",\"datePublished\":\"2021-01-18T20:01:24+00:00\",\"description\":\"La comunidad de Madrid sigue privatizando y haciendo negocio con la sanidad p\u00fablica, construyendo en medio de la pandemia el hospital Zendal. Los\",\"breadcrumb\":{\"@id\":\"https:\/\/www.pressenza.com\/es\/2021\/01\/no-al-traslado-forzoso-de-sanitarios-al-hospital-zendal\/#breadcrumb\"},\"inLanguage\":\"es\",\"potentialAction\":[{\"@type\":\"ReadAction\",\"target\":[\"https:\/\/www.pressenza.com\/es\/2021\/01\/no-al-traslado-forzoso-de-sanitarios-al-hospital-zendal\/\"]}]},{\"@type\":\"ImageObject\",\"inLanguage\":\"es\",\"@id\":\"https:\/\/www.pressenza.com\/es\/2021\/01\/no-al-traslado-forzoso-de-sanitarios-al-hospital-zendal\/#primaryimage\",\"url\":\"https:\/\/www.pressenza.com\/wp-content\/uploads\/2021\/01\/NoZendal.jpg\",\"contentUrl\":\"https:\/\/www.pressenza.com\/wp-content\/uploads\/2021\/01\/NoZendal.jpg\",\"width\":800,\"height\":450},{\"@type\":\"BreadcrumbList\",\"@id\":\"https:\/\/www.pressenza.com\/es\/2021\/01\/no-al-traslado-forzoso-de-sanitarios-al-hospital-zendal\/#breadcrumb\",\"itemListElement\":[{\"@type\":\"ListItem\",\"position\":1,\"name\":\"Accueil\",\"item\":\"https:\/\/www.pressenza.com\/es\/\"},{\"@type\":\"ListItem\",\"position\":2,\"name\":\"NO al traslado forzoso de sanitarios al hospital Zendal\"}]},{\"@type\":\"WebSite\",\"@id\":\"https:\/\/www.pressenza.com\/es\/#website\",\"url\":\"https:\/\/www.pressenza.com\/es\/\",\"name\":\"Pressenza\",\"description\":\"International Press Agency\",\"publisher\":{\"@id\":\"https:\/\/www.pressenza.com\/es\/#organization\"},\"potentialAction\":[{\"@type\":\"SearchAction\",\"target\":{\"@type\":\"EntryPoint\",\"urlTemplate\":\"https:\/\/www.pressenza.com\/es\/?s={search_term_string}\"},\"query-input\":{\"@type\":\"PropertyValueSpecification\",\"valueRequired\":true,\"valueName\":\"search_term_string\"}}],\"inLanguage\":\"es\"},{\"@type\":\"Organization\",\"@id\":\"https:\/\/www.pressenza.com\/es\/#organization\",\"name\":\"Pressenza\",\"url\":\"https:\/\/www.pressenza.com\/es\/\",\"logo\":{\"@type\":\"ImageObject\",\"inLanguage\":\"es\",\"@id\":\"https:\/\/www.pressenza.com\/es\/#\/schema\/logo\/image\/\",\"url\":\"https:\/\/www.pressenza.com\/wp-content\/uploads\/2022\/10\/pressenza_logo_200x200.jpg\",\"contentUrl\":\"https:\/\/www.pressenza.com\/wp-content\/uploads\/2022\/10\/pressenza_logo_200x200.jpg\",\"width\":200,\"height\":200,\"caption\":\"Pressenza\"},\"image\":{\"@id\":\"https:\/\/www.pressenza.com\/es\/#\/schema\/logo\/image\/\"},\"sameAs\":[\"https:\/\/www.facebook.com\/PressenzaItalia\",\"https:\/\/x.com\/PressenzaIPA\"]},{\"@type\":\"Person\",\"@id\":\"https:\/\/www.pressenza.com\/es\/#\/schema\/person\/828fc40eeca2ad7be3630e5a46adba94\",\"name\":\"Redacci\u00f3n Madrid\",\"description\":\"News from the Pressenza Bureau in Madrid, Spain\",\"sameAs\":[\"https:\/\/www.facebook.com\/pressenza\",\"https:\/\/x.com\/pressenza\"],\"url\":\"https:\/\/www.pressenza.com\/es\/author\/redaccion-madrid\/\"}]}<\/script>\n<!-- \/ Yoast SEO plugin. -->","yoast_head_json":{"title":"NO al traslado forzoso de sanitarios al hospital Zendal","description":"La comunidad de Madrid sigue privatizando y haciendo negocio con la sanidad p\u00fablica, construyendo en medio de la pandemia el hospital Zendal. Los","robots":{"index":"index","follow":"follow","max-snippet":"max-snippet:-1","max-image-preview":"max-image-preview:large","max-video-preview":"max-video-preview:-1"},"canonical":"https:\/\/www.pressenza.com\/es\/2021\/01\/no-al-traslado-forzoso-de-sanitarios-al-hospital-zendal\/","og_locale":"es_ES","og_type":"article","og_title":"NO al traslado forzoso de sanitarios al hospital Zendal","og_description":"La comunidad de Madrid sigue privatizando y haciendo negocio con la sanidad p\u00fablica, construyendo en medio de la pandemia el hospital Zendal. Los","og_url":"https:\/\/www.pressenza.com\/es\/2021\/01\/no-al-traslado-forzoso-de-sanitarios-al-hospital-zendal\/","og_site_name":"Pressenza","article_publisher":"https:\/\/www.facebook.com\/PressenzaItalia","article_author":"https:\/\/www.facebook.com\/pressenza","article_published_time":"2021-01-18T20:01:24+00:00","og_image":[{"width":800,"height":450,"url":"https:\/\/www.pressenza.com\/wp-content\/uploads\/2021\/01\/NoZendal.jpg","type":"image\/jpeg"}],"author":"Redacci\u00f3n Madrid","twitter_card":"summary_large_image","twitter_creator":"@pressenza","twitter_site":"@PressenzaIPA","twitter_misc":{"Escrito por":"Redacci\u00f3n Madrid","Tiempo de lectura":"4 minutos"},"schema":{"@context":"https:\/\/schema.org","@graph":[{"@type":"Article","@id":"https:\/\/www.pressenza.com\/es\/2021\/01\/no-al-traslado-forzoso-de-sanitarios-al-hospital-zendal\/#article","isPartOf":{"@id":"https:\/\/www.pressenza.com\/es\/2021\/01\/no-al-traslado-forzoso-de-sanitarios-al-hospital-zendal\/"},"author":{"name":"Redacci\u00f3n Madrid","@id":"https:\/\/www.pressenza.com\/es\/#\/schema\/person\/828fc40eeca2ad7be3630e5a46adba94"},"headline":"NO al traslado forzoso de sanitarios al hospital Zendal","datePublished":"2021-01-18T20:01:24+00:00","mainEntityOfPage":{"@id":"https:\/\/www.pressenza.com\/es\/2021\/01\/no-al-traslado-forzoso-de-sanitarios-al-hospital-zendal\/"},"wordCount":812,"publisher":{"@id":"https:\/\/www.pressenza.com\/es\/#organization"},"image":{"@id":"https:\/\/www.pressenza.com\/es\/2021\/01\/no-al-traslado-forzoso-de-sanitarios-al-hospital-zendal\/#primaryimage"},"thumbnailUrl":"https:\/\/www.pressenza.com\/wp-content\/uploads\/2021\/01\/NoZendal.jpg","keywords":["Ayuso","Change.org","COVID-19","Espa\u00f1a","Madrid","Salud","Zendal"],"articleSection":["Comunicados de Prensa","Derechos Humanos","Europa","Salud"],"inLanguage":"es"},{"@type":"WebPage","@id":"https:\/\/www.pressenza.com\/es\/2021\/01\/no-al-traslado-forzoso-de-sanitarios-al-hospital-zendal\/","url":"https:\/\/www.pressenza.com\/es\/2021\/01\/no-al-traslado-forzoso-de-sanitarios-al-hospital-zendal\/","name":"NO al traslado forzoso de sanitarios al hospital Zendal","isPartOf":{"@id":"https:\/\/www.pressenza.com\/es\/#website"},"primaryImageOfPage":{"@id":"https:\/\/www.pressenza.com\/es\/2021\/01\/no-al-traslado-forzoso-de-sanitarios-al-hospital-zendal\/#primaryimage"},"image":{"@id":"https:\/\/www.pressenza.com\/es\/2021\/01\/no-al-traslado-forzoso-de-sanitarios-al-hospital-zendal\/#primaryimage"},"thumbnailUrl":"https:\/\/www.pressenza.com\/wp-content\/uploads\/2021\/01\/NoZendal.jpg","datePublished":"2021-01-18T20:01:24+00:00","description":"La comunidad de Madrid sigue privatizando y haciendo negocio con la sanidad p\u00fablica, construyendo en medio de la pandemia el hospital Zendal. Los","breadcrumb":{"@id":"https:\/\/www.pressenza.com\/es\/2021\/01\/no-al-traslado-forzoso-de-sanitarios-al-hospital-zendal\/#breadcrumb"},"inLanguage":"es","potentialAction":[{"@type":"ReadAction","target":["https:\/\/www.pressenza.com\/es\/2021\/01\/no-al-traslado-forzoso-de-sanitarios-al-hospital-zendal\/"]}]},{"@type":"ImageObject","inLanguage":"es","@id":"https:\/\/www.pressenza.com\/es\/2021\/01\/no-al-traslado-forzoso-de-sanitarios-al-hospital-zendal\/#primaryimage","url":"https:\/\/www.pressenza.com\/wp-content\/uploads\/2021\/01\/NoZendal.jpg","contentUrl":"https:\/\/www.pressenza.com\/wp-content\/uploads\/2021\/01\/NoZendal.jpg","width":800,"height":450},{"@type":"BreadcrumbList","@id":"https:\/\/www.pressenza.com\/es\/2021\/01\/no-al-traslado-forzoso-de-sanitarios-al-hospital-zendal\/#breadcrumb","itemListElement":[{"@type":"ListItem","position":1,"name":"Accueil","item":"https:\/\/www.pressenza.com\/es\/"},{"@type":"ListItem","position":2,"name":"NO al traslado forzoso de sanitarios al hospital Zendal"}]},{"@type":"WebSite","@id":"https:\/\/www.pressenza.com\/es\/#website","url":"https:\/\/www.pressenza.com\/es\/","name":"Pressenza","description":"International Press Agency","publisher":{"@id":"https:\/\/www.pressenza.com\/es\/#organization"},"potentialAction":[{"@type":"SearchAction","target":{"@type":"EntryPoint","urlTemplate":"https:\/\/www.pressenza.com\/es\/?s={search_term_string}"},"query-input":{"@type":"PropertyValueSpecification","valueRequired":true,"valueName":"search_term_string"}}],"inLanguage":"es"},{"@type":"Organization","@id":"https:\/\/www.pressenza.com\/es\/#organization","name":"Pressenza","url":"https:\/\/www.pressenza.com\/es\/","logo":{"@type":"ImageObject","inLanguage":"es","@id":"https:\/\/www.pressenza.com\/es\/#\/schema\/logo\/image\/","url":"https:\/\/www.pressenza.com\/wp-content\/uploads\/2022\/10\/pressenza_logo_200x200.jpg","contentUrl":"https:\/\/www.pressenza.com\/wp-content\/uploads\/2022\/10\/pressenza_logo_200x200.jpg","width":200,"height":200,"caption":"Pressenza"},"image":{"@id":"https:\/\/www.pressenza.com\/es\/#\/schema\/logo\/image\/"},"sameAs":["https:\/\/www.facebook.com\/PressenzaItalia","https:\/\/x.com\/PressenzaIPA"]},{"@type":"Person","@id":"https:\/\/www.pressenza.com\/es\/#\/schema\/person\/828fc40eeca2ad7be3630e5a46adba94","name":"Redacci\u00f3n Madrid","description":"News from the Pressenza Bureau in Madrid, Spain","sameAs":["https:\/\/www.facebook.com\/pressenza","https:\/\/x.com\/pressenza"],"url":"https:\/\/www.pressenza.com\/es\/author\/redaccion-madrid\/"}]}},"place":"Espa\u00f1a","original_article_url":"","_links":{"self":[{"href":"https:\/\/www.pressenza.com\/es\/wp-json\/wp\/v2\/posts\/1280704","targetHints":{"allow":["GET"]}}],"collection":[{"href":"https:\/\/www.pressenza.com\/es\/wp-json\/wp\/v2\/posts"}],"about":[{"href":"https:\/\/www.pressenza.com\/es\/wp-json\/wp\/v2\/types\/post"}],"author":[{"embeddable":true,"href":"https:\/\/www.pressenza.com\/es\/wp-json\/wp\/v2\/users\/94"}],"replies":[{"embeddable":true,"href":"https:\/\/www.pressenza.com\/es\/wp-json\/wp\/v2\/comments?post=1280704"}],"version-history":[{"count":0,"href":"https:\/\/www.pressenza.com\/es\/wp-json\/wp\/v2\/posts\/1280704\/revisions"}],"wp:featuredmedia":[{"embeddable":true,"href":"https:\/\/www.pressenza.com\/es\/wp-json\/wp\/v2\/media\/1280712"}],"wp:attachment":[{"href":"https:\/\/www.pressenza.com\/es\/wp-json\/wp\/v2\/media?parent=1280704"}],"wp:term":[{"taxonomy":"category","embeddable":true,"href":"https:\/\/www.pressenza.com\/es\/wp-json\/wp\/v2\/categories?post=1280704"},{"taxonomy":"post_tag","embeddable":true,"href":"https:\/\/www.pressenza.com\/es\/wp-json\/wp\/v2\/tags?post=1280704"}],"curies":[{"name":"wp","href":"https:\/\/api.w.org\/{rel}","templated":true}]}}