{"id":1280321,"date":"2021-01-17T18:03:17","date_gmt":"2021-01-17T18:03:17","guid":{"rendered":"https:\/\/www.pressenza.com\/?p=1280321"},"modified":"2021-01-17T18:03:17","modified_gmt":"2021-01-17T18:03:17","slug":"yesmin-y-los-migrantes","status":"publish","type":"post","link":"https:\/\/www.pressenza.com\/es\/2021\/01\/yesmin-y-los-migrantes\/","title":{"rendered":"Yesmin y los migrantes"},"content":{"rendered":"<p>La muerte de Yesmin, una ni\u00f1a guatemalteca de 2 a\u00f1os afectada desde su gestaci\u00f3n por la desnutrici\u00f3n presente en m\u00e1s de la mitad de la poblaci\u00f3n de ese pa\u00eds, es solo un caso m\u00e1s entre millones de ni\u00f1as y ni\u00f1os cuyo destino se rifa a diario en negocios turbios y cr\u00edmenes de Estado perpetrados por pol\u00edticos, empresarios y organizaciones criminales, cuyo poder se consolida gracias a un sistema de administraci\u00f3n de justicia corrupto y complaciente.<\/p>\n<p>Yesmin pudo ser una de las ni\u00f1as de la caravana de migrantes que huye de Honduras por las mismas razones que a ella la condenaron a muerte: una pobreza end\u00e9mica, falta de oportunidades de trabajo, impunidad, abuso de poder y el abandono del Estado en toda la red de servicios p\u00fablicos. Yesmin fue una v\u00edctima, entre millones, cuyo paso por la vida estaba marcado por las carencias comunes al subdesarrollo: ausencia de infraestructura sanitaria, saqueo del patrimonio nacional y toda clase de delitos relacionados con el manejo de la cosa p\u00fablica. Es decir, el estilo de gobierno de pa\u00edses como Guatemala y Honduras, cuyas banderas figuran en las gr\u00e1ficas de los indicadores de desarrollo humano como las peor situadas.<\/p>\n<p>Guatemala y Honduras son pa\u00edses hermanos. Pero esa hermandad de los pueblos se manifiesta, en los gobiernos, por medio de la complicidad criminal para acabar con la democracia, fortalecer el poder de las organizaciones criminales que alimentan las caletas de militares, pol\u00edticos y empresarios, permitir el despojo abierto y sin disimulo de la riqueza natural -operado por los grandes consorcios nacionales e internacionales- e ignorar de manera sistem\u00e1tica los reclamos de la poblaci\u00f3n, aplicando en su contra todo el aparato represivo, parad\u00f3jicamente financiado por quienes reciben los golpes.<\/p>\n<p>Las escenas de la caravana de migrantes hondure\u00f1os que atraviesa Guatemala en su ruta hacia Estados Unidos, dejan claro c\u00f3mo los gobiernos de estos dos pa\u00edses se confabulan para hacerle el favor al imperio. Sometidos a las \u00f3rdenes del Departamento de Estado y su exigencia de detener a los migrantes, arremeten con todo su arsenal \u2013polic\u00edaco y militar- en contra de familias enteras que solo buscan una oportunidad de vida m\u00e1s all\u00e1 de sus fronteras. Las escenas son estremecedoras y ponen de manifiesto que las leyes internacionales, para estos gobiernos, valen tanto como las locales violadas a diario.<\/p>\n<p>En la p\u00e1gina de la OEA se puede leer lo siguiente: \u201cTodos los migrantes, en virtud de su dignidad humana, est\u00e1n protegidos por el derecho internacional de los derechos humanos, sin discriminaci\u00f3n, en condiciones de igualdad con los ciudadanos, independientemente de su situaci\u00f3n administrativa o de su condici\u00f3n. Sin embargo, a pesar del marco jur\u00eddico existente, los migrantes en todo el mundo siguen sufriendo abusos, explotaci\u00f3n y violencia.\u201d Entonces, es pertinente preguntarle a los directivos de esa organizaci\u00f3n, cuya reputaci\u00f3n sigue manchada por acciones a favor de los golpes de Estado, c\u00f3mo es posible su indiferencia ante la violencia ejercida por las fuerzas armadas guatemaltecas en contra de una caravana pac\u00edfica a la cual, en lugar de darle palos, hay que darle apoyo.<\/p>\n<p>Asimismo, el trato prodigado por los medios de comunicaci\u00f3n a este sensible tema debe estar en concordancia con ese postulado, y abstenerse de alimentar juicios basados en la discriminaci\u00f3n y la xenofobia tan propios de una opini\u00f3n p\u00fablica insensible a la tragedia de los m\u00e1s pobres, como suele suceder. Los \u201cmigrantes\u201d somos todos, m\u00e1s temprano o m\u00e1s tarde. El derecho de emigrar es un derecho humano consagrado por las leyes internacionales y es de humanos respetarlo.<\/p>\n","protected":false},"excerpt":{"rendered":"<p>La muerte de Yesmin, una ni\u00f1a guatemalteca de 2 a\u00f1os afectada desde su gestaci\u00f3n por la desnutrici\u00f3n presente en m\u00e1s de la mitad de la poblaci\u00f3n de ese pa\u00eds, es solo un caso m\u00e1s entre millones de ni\u00f1as y ni\u00f1os&hellip;<\/p>\n","protected":false},"author":1296,"featured_media":1280323,"comment_status":"closed","ping_status":"closed","sticky":false,"template":"","format":"standard","meta":{"footnotes":""},"categories":[69,11389,79,161],"tags":[51388,1828,4341],"class_list":["post-1280321","post","type-post","status-publish","format-standard","has-post-thumbnail","hentry","category-america-central","category-contenido-original","category-derechos-humanos","category-opiniones","tag-caravana-migrantes","tag-guatemala-es","tag-honduras-es"],"yoast_head":"<!-- This site is optimized with the Yoast SEO plugin v27.1.1 - https:\/\/yoast.com\/product\/yoast-seo-wordpress\/ -->\n<title>Yesmin y los migrantes<\/title>\n<meta name=\"description\" content=\"La muerte de Yesmin, una ni\u00f1a guatemalteca de 2 a\u00f1os afectada desde su gestaci\u00f3n por la desnutrici\u00f3n presente en m\u00e1s de la mitad de la poblaci\u00f3n de ese\" \/>\n<meta name=\"robots\" content=\"index, follow, max-snippet:-1, max-image-preview:large, max-video-preview:-1\" \/>\n<link rel=\"canonical\" href=\"https:\/\/www.pressenza.com\/es\/2021\/01\/yesmin-y-los-migrantes\/\" \/>\n<meta property=\"og:locale\" content=\"es_ES\" \/>\n<meta property=\"og:type\" content=\"article\" \/>\n<meta property=\"og:title\" content=\"Yesmin y los migrantes\" \/>\n<meta property=\"og:description\" content=\"La muerte de Yesmin, una ni\u00f1a guatemalteca de 2 a\u00f1os afectada desde su gestaci\u00f3n por la desnutrici\u00f3n presente en m\u00e1s de la mitad de la poblaci\u00f3n de ese\" \/>\n<meta property=\"og:url\" content=\"https:\/\/www.pressenza.com\/es\/2021\/01\/yesmin-y-los-migrantes\/\" \/>\n<meta property=\"og:site_name\" content=\"Pressenza\" \/>\n<meta property=\"article:publisher\" content=\"https:\/\/www.facebook.com\/PressenzaItalia\" \/>\n<meta property=\"article:author\" content=\"https:\/\/www.facebook.com\/pages\/Carolina-V\u00e1squez-Araya\/241844515845237?fref=ts\" \/>\n<meta property=\"article:published_time\" content=\"2021-01-17T18:03:17+00:00\" \/>\n<meta property=\"og:image\" content=\"https:\/\/www.pressenza.com\/wp-content\/uploads\/2021\/01\/55142636_401.jpeg\" \/>\n\t<meta property=\"og:image:width\" content=\"700\" \/>\n\t<meta property=\"og:image:height\" content=\"394\" \/>\n\t<meta property=\"og:image:type\" content=\"image\/jpeg\" \/>\n<meta name=\"author\" content=\"Carolina V\u00e1squez Araya\" \/>\n<meta name=\"twitter:card\" content=\"summary_large_image\" \/>\n<meta name=\"twitter:creator\" content=\"@carvasar\" \/>\n<meta name=\"twitter:site\" content=\"@PressenzaIPA\" \/>\n<meta name=\"twitter:label1\" content=\"Escrito por\" \/>\n\t<meta name=\"twitter:data1\" content=\"Carolina V\u00e1squez Araya\" \/>\n\t<meta name=\"twitter:label2\" content=\"Tiempo de lectura\" \/>\n\t<meta name=\"twitter:data2\" content=\"3 minutos\" \/>\n<script type=\"application\/ld+json\" class=\"yoast-schema-graph\">{\"@context\":\"https:\/\/schema.org\",\"@graph\":[{\"@type\":\"Article\",\"@id\":\"https:\/\/www.pressenza.com\/es\/2021\/01\/yesmin-y-los-migrantes\/#article\",\"isPartOf\":{\"@id\":\"https:\/\/www.pressenza.com\/es\/2021\/01\/yesmin-y-los-migrantes\/\"},\"author\":{\"name\":\"Carolina V\u00e1squez Araya\",\"@id\":\"https:\/\/www.pressenza.com\/es\/#\/schema\/person\/6936ca3bb8dee618b5cdfd0e4427cdd6\"},\"headline\":\"Yesmin y los migrantes\",\"datePublished\":\"2021-01-17T18:03:17+00:00\",\"mainEntityOfPage\":{\"@id\":\"https:\/\/www.pressenza.com\/es\/2021\/01\/yesmin-y-los-migrantes\/\"},\"wordCount\":630,\"publisher\":{\"@id\":\"https:\/\/www.pressenza.com\/es\/#organization\"},\"image\":{\"@id\":\"https:\/\/www.pressenza.com\/es\/2021\/01\/yesmin-y-los-migrantes\/#primaryimage\"},\"thumbnailUrl\":\"https:\/\/www.pressenza.com\/wp-content\/uploads\/2021\/01\/55142636_401.jpeg\",\"keywords\":[\"caravana migrantes\",\"Guatemala\",\"Honduras\"],\"articleSection\":[\"Am\u00e9rica Central\",\"Contenido Original\",\"Derechos Humanos\",\"Opiniones\"],\"inLanguage\":\"es\"},{\"@type\":\"WebPage\",\"@id\":\"https:\/\/www.pressenza.com\/es\/2021\/01\/yesmin-y-los-migrantes\/\",\"url\":\"https:\/\/www.pressenza.com\/es\/2021\/01\/yesmin-y-los-migrantes\/\",\"name\":\"Yesmin y los migrantes\",\"isPartOf\":{\"@id\":\"https:\/\/www.pressenza.com\/es\/#website\"},\"primaryImageOfPage\":{\"@id\":\"https:\/\/www.pressenza.com\/es\/2021\/01\/yesmin-y-los-migrantes\/#primaryimage\"},\"image\":{\"@id\":\"https:\/\/www.pressenza.com\/es\/2021\/01\/yesmin-y-los-migrantes\/#primaryimage\"},\"thumbnailUrl\":\"https:\/\/www.pressenza.com\/wp-content\/uploads\/2021\/01\/55142636_401.jpeg\",\"datePublished\":\"2021-01-17T18:03:17+00:00\",\"description\":\"La muerte de Yesmin, una ni\u00f1a guatemalteca de 2 a\u00f1os afectada desde su gestaci\u00f3n por la desnutrici\u00f3n presente en m\u00e1s de la mitad de la poblaci\u00f3n de ese\",\"breadcrumb\":{\"@id\":\"https:\/\/www.pressenza.com\/es\/2021\/01\/yesmin-y-los-migrantes\/#breadcrumb\"},\"inLanguage\":\"es\",\"potentialAction\":[{\"@type\":\"ReadAction\",\"target\":[\"https:\/\/www.pressenza.com\/es\/2021\/01\/yesmin-y-los-migrantes\/\"]}]},{\"@type\":\"ImageObject\",\"inLanguage\":\"es\",\"@id\":\"https:\/\/www.pressenza.com\/es\/2021\/01\/yesmin-y-los-migrantes\/#primaryimage\",\"url\":\"https:\/\/www.pressenza.com\/wp-content\/uploads\/2021\/01\/55142636_401.jpeg\",\"contentUrl\":\"https:\/\/www.pressenza.com\/wp-content\/uploads\/2021\/01\/55142636_401.jpeg\",\"width\":700,\"height\":394,\"caption\":\"DW\"},{\"@type\":\"BreadcrumbList\",\"@id\":\"https:\/\/www.pressenza.com\/es\/2021\/01\/yesmin-y-los-migrantes\/#breadcrumb\",\"itemListElement\":[{\"@type\":\"ListItem\",\"position\":1,\"name\":\"Accueil\",\"item\":\"https:\/\/www.pressenza.com\/es\/\"},{\"@type\":\"ListItem\",\"position\":2,\"name\":\"Yesmin y los migrantes\"}]},{\"@type\":\"WebSite\",\"@id\":\"https:\/\/www.pressenza.com\/es\/#website\",\"url\":\"https:\/\/www.pressenza.com\/es\/\",\"name\":\"Pressenza\",\"description\":\"International Press Agency\",\"publisher\":{\"@id\":\"https:\/\/www.pressenza.com\/es\/#organization\"},\"potentialAction\":[{\"@type\":\"SearchAction\",\"target\":{\"@type\":\"EntryPoint\",\"urlTemplate\":\"https:\/\/www.pressenza.com\/es\/?s={search_term_string}\"},\"query-input\":{\"@type\":\"PropertyValueSpecification\",\"valueRequired\":true,\"valueName\":\"search_term_string\"}}],\"inLanguage\":\"es\"},{\"@type\":\"Organization\",\"@id\":\"https:\/\/www.pressenza.com\/es\/#organization\",\"name\":\"Pressenza\",\"url\":\"https:\/\/www.pressenza.com\/es\/\",\"logo\":{\"@type\":\"ImageObject\",\"inLanguage\":\"es\",\"@id\":\"https:\/\/www.pressenza.com\/es\/#\/schema\/logo\/image\/\",\"url\":\"https:\/\/www.pressenza.com\/wp-content\/uploads\/2022\/10\/pressenza_logo_200x200.jpg\",\"contentUrl\":\"https:\/\/www.pressenza.com\/wp-content\/uploads\/2022\/10\/pressenza_logo_200x200.jpg\",\"width\":200,\"height\":200,\"caption\":\"Pressenza\"},\"image\":{\"@id\":\"https:\/\/www.pressenza.com\/es\/#\/schema\/logo\/image\/\"},\"sameAs\":[\"https:\/\/www.facebook.com\/PressenzaItalia\",\"https:\/\/x.com\/PressenzaIPA\"]},{\"@type\":\"Person\",\"@id\":\"https:\/\/www.pressenza.com\/es\/#\/schema\/person\/6936ca3bb8dee618b5cdfd0e4427cdd6\",\"name\":\"Carolina V\u00e1squez Araya\",\"description\":\"Periodista y editora con m\u00e1s de 30 a\u00f1os de experiencia, cuyos logros profesionales en el desarrollo de proyectos de gran \u00e9xito avalan sus cualidades de liderazgo, creatividad y relaciones p\u00fablicas. Ha aportado sus conocimientos en proyectos de organizaciones con intereses orientados al desarrollo social, cultural y econ\u00f3mico del pa\u00eds, con especial \u00e9nfasis en el sector de cultura y educaci\u00f3n, emprendimiento, derechos humanos, justicia, ambiente, mujeres y ni\u00f1ez. Chilena en Guatemala. elquintopatio.wordpress.com\",\"sameAs\":[\"https:\/\/www.facebook.com\/pages\/Carolina-V\u00e1squez-Araya\/241844515845237?fref=ts\",\"https:\/\/x.com\/carvasar\"],\"url\":\"https:\/\/www.pressenza.com\/es\/author\/carolina-vasquez-araya\/\"}]}<\/script>\n<!-- \/ Yoast SEO plugin. -->","yoast_head_json":{"title":"Yesmin y los migrantes","description":"La muerte de Yesmin, una ni\u00f1a guatemalteca de 2 a\u00f1os afectada desde su gestaci\u00f3n por la desnutrici\u00f3n presente en m\u00e1s de la mitad de la poblaci\u00f3n de ese","robots":{"index":"index","follow":"follow","max-snippet":"max-snippet:-1","max-image-preview":"max-image-preview:large","max-video-preview":"max-video-preview:-1"},"canonical":"https:\/\/www.pressenza.com\/es\/2021\/01\/yesmin-y-los-migrantes\/","og_locale":"es_ES","og_type":"article","og_title":"Yesmin y los migrantes","og_description":"La muerte de Yesmin, una ni\u00f1a guatemalteca de 2 a\u00f1os afectada desde su gestaci\u00f3n por la desnutrici\u00f3n presente en m\u00e1s de la mitad de la poblaci\u00f3n de ese","og_url":"https:\/\/www.pressenza.com\/es\/2021\/01\/yesmin-y-los-migrantes\/","og_site_name":"Pressenza","article_publisher":"https:\/\/www.facebook.com\/PressenzaItalia","article_author":"https:\/\/www.facebook.com\/pages\/Carolina-V\u00e1squez-Araya\/241844515845237?fref=ts","article_published_time":"2021-01-17T18:03:17+00:00","og_image":[{"width":700,"height":394,"url":"https:\/\/www.pressenza.com\/wp-content\/uploads\/2021\/01\/55142636_401.jpeg","type":"image\/jpeg"}],"author":"Carolina V\u00e1squez Araya","twitter_card":"summary_large_image","twitter_creator":"@carvasar","twitter_site":"@PressenzaIPA","twitter_misc":{"Escrito por":"Carolina V\u00e1squez Araya","Tiempo de lectura":"3 minutos"},"schema":{"@context":"https:\/\/schema.org","@graph":[{"@type":"Article","@id":"https:\/\/www.pressenza.com\/es\/2021\/01\/yesmin-y-los-migrantes\/#article","isPartOf":{"@id":"https:\/\/www.pressenza.com\/es\/2021\/01\/yesmin-y-los-migrantes\/"},"author":{"name":"Carolina V\u00e1squez Araya","@id":"https:\/\/www.pressenza.com\/es\/#\/schema\/person\/6936ca3bb8dee618b5cdfd0e4427cdd6"},"headline":"Yesmin y los migrantes","datePublished":"2021-01-17T18:03:17+00:00","mainEntityOfPage":{"@id":"https:\/\/www.pressenza.com\/es\/2021\/01\/yesmin-y-los-migrantes\/"},"wordCount":630,"publisher":{"@id":"https:\/\/www.pressenza.com\/es\/#organization"},"image":{"@id":"https:\/\/www.pressenza.com\/es\/2021\/01\/yesmin-y-los-migrantes\/#primaryimage"},"thumbnailUrl":"https:\/\/www.pressenza.com\/wp-content\/uploads\/2021\/01\/55142636_401.jpeg","keywords":["caravana migrantes","Guatemala","Honduras"],"articleSection":["Am\u00e9rica Central","Contenido Original","Derechos Humanos","Opiniones"],"inLanguage":"es"},{"@type":"WebPage","@id":"https:\/\/www.pressenza.com\/es\/2021\/01\/yesmin-y-los-migrantes\/","url":"https:\/\/www.pressenza.com\/es\/2021\/01\/yesmin-y-los-migrantes\/","name":"Yesmin y los migrantes","isPartOf":{"@id":"https:\/\/www.pressenza.com\/es\/#website"},"primaryImageOfPage":{"@id":"https:\/\/www.pressenza.com\/es\/2021\/01\/yesmin-y-los-migrantes\/#primaryimage"},"image":{"@id":"https:\/\/www.pressenza.com\/es\/2021\/01\/yesmin-y-los-migrantes\/#primaryimage"},"thumbnailUrl":"https:\/\/www.pressenza.com\/wp-content\/uploads\/2021\/01\/55142636_401.jpeg","datePublished":"2021-01-17T18:03:17+00:00","description":"La muerte de Yesmin, una ni\u00f1a guatemalteca de 2 a\u00f1os afectada desde su gestaci\u00f3n por la desnutrici\u00f3n presente en m\u00e1s de la mitad de la poblaci\u00f3n de ese","breadcrumb":{"@id":"https:\/\/www.pressenza.com\/es\/2021\/01\/yesmin-y-los-migrantes\/#breadcrumb"},"inLanguage":"es","potentialAction":[{"@type":"ReadAction","target":["https:\/\/www.pressenza.com\/es\/2021\/01\/yesmin-y-los-migrantes\/"]}]},{"@type":"ImageObject","inLanguage":"es","@id":"https:\/\/www.pressenza.com\/es\/2021\/01\/yesmin-y-los-migrantes\/#primaryimage","url":"https:\/\/www.pressenza.com\/wp-content\/uploads\/2021\/01\/55142636_401.jpeg","contentUrl":"https:\/\/www.pressenza.com\/wp-content\/uploads\/2021\/01\/55142636_401.jpeg","width":700,"height":394,"caption":"DW"},{"@type":"BreadcrumbList","@id":"https:\/\/www.pressenza.com\/es\/2021\/01\/yesmin-y-los-migrantes\/#breadcrumb","itemListElement":[{"@type":"ListItem","position":1,"name":"Accueil","item":"https:\/\/www.pressenza.com\/es\/"},{"@type":"ListItem","position":2,"name":"Yesmin y los migrantes"}]},{"@type":"WebSite","@id":"https:\/\/www.pressenza.com\/es\/#website","url":"https:\/\/www.pressenza.com\/es\/","name":"Pressenza","description":"International Press Agency","publisher":{"@id":"https:\/\/www.pressenza.com\/es\/#organization"},"potentialAction":[{"@type":"SearchAction","target":{"@type":"EntryPoint","urlTemplate":"https:\/\/www.pressenza.com\/es\/?s={search_term_string}"},"query-input":{"@type":"PropertyValueSpecification","valueRequired":true,"valueName":"search_term_string"}}],"inLanguage":"es"},{"@type":"Organization","@id":"https:\/\/www.pressenza.com\/es\/#organization","name":"Pressenza","url":"https:\/\/www.pressenza.com\/es\/","logo":{"@type":"ImageObject","inLanguage":"es","@id":"https:\/\/www.pressenza.com\/es\/#\/schema\/logo\/image\/","url":"https:\/\/www.pressenza.com\/wp-content\/uploads\/2022\/10\/pressenza_logo_200x200.jpg","contentUrl":"https:\/\/www.pressenza.com\/wp-content\/uploads\/2022\/10\/pressenza_logo_200x200.jpg","width":200,"height":200,"caption":"Pressenza"},"image":{"@id":"https:\/\/www.pressenza.com\/es\/#\/schema\/logo\/image\/"},"sameAs":["https:\/\/www.facebook.com\/PressenzaItalia","https:\/\/x.com\/PressenzaIPA"]},{"@type":"Person","@id":"https:\/\/www.pressenza.com\/es\/#\/schema\/person\/6936ca3bb8dee618b5cdfd0e4427cdd6","name":"Carolina V\u00e1squez Araya","description":"Periodista y editora con m\u00e1s de 30 a\u00f1os de experiencia, cuyos logros profesionales en el desarrollo de proyectos de gran \u00e9xito avalan sus cualidades de liderazgo, creatividad y relaciones p\u00fablicas. Ha aportado sus conocimientos en proyectos de organizaciones con intereses orientados al desarrollo social, cultural y econ\u00f3mico del pa\u00eds, con especial \u00e9nfasis en el sector de cultura y educaci\u00f3n, emprendimiento, derechos humanos, justicia, ambiente, mujeres y ni\u00f1ez. Chilena en Guatemala. elquintopatio.wordpress.com","sameAs":["https:\/\/www.facebook.com\/pages\/Carolina-V\u00e1squez-Araya\/241844515845237?fref=ts","https:\/\/x.com\/carvasar"],"url":"https:\/\/www.pressenza.com\/es\/author\/carolina-vasquez-araya\/"}]}},"place":"Cuenca, Ecuador","original_article_url":"","_links":{"self":[{"href":"https:\/\/www.pressenza.com\/es\/wp-json\/wp\/v2\/posts\/1280321","targetHints":{"allow":["GET"]}}],"collection":[{"href":"https:\/\/www.pressenza.com\/es\/wp-json\/wp\/v2\/posts"}],"about":[{"href":"https:\/\/www.pressenza.com\/es\/wp-json\/wp\/v2\/types\/post"}],"author":[{"embeddable":true,"href":"https:\/\/www.pressenza.com\/es\/wp-json\/wp\/v2\/users\/1296"}],"replies":[{"embeddable":true,"href":"https:\/\/www.pressenza.com\/es\/wp-json\/wp\/v2\/comments?post=1280321"}],"version-history":[{"count":0,"href":"https:\/\/www.pressenza.com\/es\/wp-json\/wp\/v2\/posts\/1280321\/revisions"}],"wp:featuredmedia":[{"embeddable":true,"href":"https:\/\/www.pressenza.com\/es\/wp-json\/wp\/v2\/media\/1280323"}],"wp:attachment":[{"href":"https:\/\/www.pressenza.com\/es\/wp-json\/wp\/v2\/media?parent=1280321"}],"wp:term":[{"taxonomy":"category","embeddable":true,"href":"https:\/\/www.pressenza.com\/es\/wp-json\/wp\/v2\/categories?post=1280321"},{"taxonomy":"post_tag","embeddable":true,"href":"https:\/\/www.pressenza.com\/es\/wp-json\/wp\/v2\/tags?post=1280321"}],"curies":[{"name":"wp","href":"https:\/\/api.w.org\/{rel}","templated":true}]}}