{"id":1278237,"date":"2021-01-15T03:23:18","date_gmt":"2021-01-15T03:23:18","guid":{"rendered":"https:\/\/www.pressenza.com\/?p=1278237"},"modified":"2021-01-14T23:28:14","modified_gmt":"2021-01-14T23:28:14","slug":"homo-ignorantus","status":"publish","type":"post","link":"https:\/\/www.pressenza.com\/es\/2021\/01\/homo-ignorantus\/","title":{"rendered":"\u00abHomo ignorantus\u00bb"},"content":{"rendered":"<p><span style=\"color: #999999;\"><em>12 de enero 2021. El Espectador<\/em><\/span><\/p>\n<p>&nbsp;<\/p>\n<p>La rapi\u00f1a por la anhelada vacuna es como la historia del se\u00f1or que guarda celosamente su extinguidor de incendios mientras ve quemarse la casa de su vecino. Si en algo es palpable la sabidur\u00eda africana del \u201cyo estoy bien si t\u00fa est\u00e1s bien\u201d, es en el abordaje a las enfermedades infectocontagiosas.<\/p>\n<p class=\"font--secondary\">Suena utilitarista decirlo, pero en la relaci\u00f3n salud-enfermedad la solidaridad no es solo la consecuencia de una conversaci\u00f3n entre filosof\u00eda, altruismo y antropolog\u00eda: es tambi\u00e9n un tema de supervivencia. El \u201cs\u00e1lvese quien pueda\u201d habla muy mal del ser humano y es, adem\u00e1s, el camino m\u00e1s corto a \u201cmur\u00e1monos todos\u201d.<\/p>\n<p class=\"font--secondary\">Quienes hemos sostenido largos di\u00e1logos con las agon\u00edas propias o ajenas sabemos que hasta respirar es un juego de domin\u00f3, en el que es social y fisiol\u00f3gicamente imposible salvarse solo.<\/p>\n<p class=\"font--secondary\">Aterricemos este concepto en la pesadilla que aun en medio de la altivez nos tiene arrodillados: un diminuto bicho insiste en hacerle jaque mate al supuesto rey de la creaci\u00f3n, y el gran humano, el <i>Homo sapiens<\/i>, se comporta como un obtuso <i>Homo ignorantus<\/i>.<\/p>\n<p class=\"font--secondary\">Por eso, en medio de la incertidumbre y los intereses creados, celebro iniciativas como la de Covax: \u201cColaboraci\u00f3n para un acceso equitativo mundial a las vacunas contra el COVID-19\u201d, un mecanismo multilateral creado por la Organizaci\u00f3n Mundial de la Salud, CEPI (Coalici\u00f3n de Innovaciones de Preparaci\u00f3n frente a las Epidemias) y GAVI (Alianza Mundial para Vacunas e Inmunizaciones), en el que participan 189 pa\u00edses. Covax no pertenece a ning\u00fan gobierno y est\u00e1 concebido para lograr una distribuci\u00f3n equitativa de las nueve vacunas que van liderando la batalla contra la pandemia. Este a\u00f1o le generar\u00e1 al mundo beneficios por US$153.000 millones y para 2025 de US$466.000 millones.<\/p>\n<p class=\"font--secondary\">Covax sabe que la industria farmac\u00e9utica no crece en la maleta de Mary Poppins ni en el h\u00e1bito de la Madre Teresa. Los grandes laboratorios que dominan la econom\u00eda de la investigaci\u00f3n en salud no trabajan gratis. Invierten mucho y ganan m\u00e1s. Otra cosa es que los descubrimientos que benefician a la humanidad deber\u00edan ser un bien universal. Pero la ciencia cuesta y por la ciencia cobran, y as\u00ed nos choque esta din\u00e1mica y revuelque premisas \u00e9ticas, en el mundo del mercado alguien tiene que pagar: ll\u00e1mese gobierno, fondo internacional, bolsillo particular o protecci\u00f3n social. Como las mol\u00e9culas no las subvenciona la justicia divina, es clave que exista Covax y permita a los pa\u00edses m\u00e1s pobres tener acceso a la vacuna, y a los pa\u00edses \u201cde clase media\u201d (como nosotros), conseguirla en mejores condiciones que los pa\u00edses con econom\u00edas robustas.<\/p>\n<p class=\"font--secondary\">En medio de la peor presidencia de los \u00faltimos 60 a\u00f1os, rescato que el Gobierno haya suscrito un acuerdo con esta estrategia y que el seguimiento a la efectividad de la vacuna y a la inmunidad que logre la poblaci\u00f3n se haga con el m\u00e1s alto rigor cient\u00edfico, y no por 100 oportunistas de turno.<\/p>\n<p class=\"font--secondary\">Me uno a la exigencia del abogado y columnista Gabriel Cifuentes, en busca del tiempo perdido: que nos digan cu\u00e1ntas vacunas han comprado y en qu\u00e9 van planeaci\u00f3n e infraestructura para aplicarlas. Al 9 de enero se hab\u00edan administrado en el mundo 23 millones de dosis; pa\u00edses como Chile, M\u00e9xico y Argentina llevan semanas vacunando. Nosotros somos el 2\u00ba peor pa\u00eds de la regi\u00f3n en cuanto al n\u00famero de contagios y ni siquiera sabemos cu\u00e1l ser\u00e1 nuestro d\u00eda uno de vacunaci\u00f3n ni c\u00f3mo llegar\u00e1n los congeladores que no existen a este pa\u00eds de abismos, tan fascinante para las novelas y tan triste para la realidad.<\/p>\n","protected":false},"excerpt":{"rendered":"<p>12 de enero 2021. El Espectador &nbsp; La rapi\u00f1a por la anhelada vacuna es como la historia del se\u00f1or que guarda celosamente su extinguidor de incendios mientras ve quemarse la casa de su vecino. Si en algo es palpable la&hellip;<\/p>\n","protected":false},"author":1897,"featured_media":1278239,"comment_status":"closed","ping_status":"closed","sticky":false,"template":"","format":"standard","meta":{"footnotes":""},"categories":[161,1243,67],"tags":[78568,30949,30,419],"class_list":["post-1278237","post","type-post","status-publish","format-standard","has-post-thumbnail","hentry","category-opiniones","category-paz-desarme","category-sudamerica","tag-lahuelladeloslideres","tag-acuerdos-de-paz","tag-colombia","tag-paz"],"yoast_head":"<!-- This site is optimized with the Yoast SEO plugin v27.1.1 - https:\/\/yoast.com\/product\/yoast-seo-wordpress\/ -->\n<title>&quot;Homo ignorantus&quot;<\/title>\n<meta name=\"description\" content=\"12 de enero 2021. El Espectador &nbsp; La rapi\u00f1a por la anhelada vacuna es como la historia del se\u00f1or que guarda celosamente su extinguidor de incendios\" \/>\n<meta name=\"robots\" content=\"index, follow, max-snippet:-1, max-image-preview:large, max-video-preview:-1\" \/>\n<link rel=\"canonical\" href=\"https:\/\/www.pressenza.com\/es\/2021\/01\/homo-ignorantus\/\" \/>\n<meta property=\"og:locale\" content=\"es_ES\" \/>\n<meta property=\"og:type\" content=\"article\" \/>\n<meta property=\"og:title\" content=\"&quot;Homo ignorantus&quot;\" \/>\n<meta property=\"og:description\" content=\"12 de enero 2021. El Espectador &nbsp; La rapi\u00f1a por la anhelada vacuna es como la historia del se\u00f1or que guarda celosamente su extinguidor de incendios\" \/>\n<meta property=\"og:url\" content=\"https:\/\/www.pressenza.com\/es\/2021\/01\/homo-ignorantus\/\" \/>\n<meta property=\"og:site_name\" content=\"Pressenza\" \/>\n<meta property=\"article:publisher\" content=\"https:\/\/www.facebook.com\/PressenzaItalia\" \/>\n<meta property=\"article:published_time\" content=\"2021-01-15T03:23:18+00:00\" \/>\n<meta property=\"og:image\" content=\"https:\/\/www.pressenza.com\/wp-content\/uploads\/2021\/01\/Daniel-Schludi-Unsplash.jpg\" \/>\n\t<meta property=\"og:image:width\" content=\"800\" \/>\n\t<meta property=\"og:image:height\" content=\"623\" \/>\n\t<meta property=\"og:image:type\" content=\"image\/jpeg\" \/>\n<meta name=\"author\" content=\"Gloria Arias Nieto\" \/>\n<meta name=\"twitter:card\" content=\"summary_large_image\" \/>\n<meta name=\"twitter:creator\" content=\"@gloriariasnieto\" \/>\n<meta name=\"twitter:site\" content=\"@PressenzaIPA\" \/>\n<meta name=\"twitter:label1\" content=\"Escrito por\" \/>\n\t<meta name=\"twitter:data1\" content=\"Gloria Arias Nieto\" \/>\n\t<meta name=\"twitter:label2\" content=\"Tiempo de lectura\" \/>\n\t<meta name=\"twitter:data2\" content=\"3 minutos\" \/>\n<script type=\"application\/ld+json\" class=\"yoast-schema-graph\">{\"@context\":\"https:\/\/schema.org\",\"@graph\":[{\"@type\":\"Article\",\"@id\":\"https:\/\/www.pressenza.com\/es\/2021\/01\/homo-ignorantus\/#article\",\"isPartOf\":{\"@id\":\"https:\/\/www.pressenza.com\/es\/2021\/01\/homo-ignorantus\/\"},\"author\":{\"name\":\"Gloria Arias Nieto\",\"@id\":\"https:\/\/www.pressenza.com\/es\/#\/schema\/person\/476779c5c0c262f919761226ef961a29\"},\"headline\":\"\u00abHomo ignorantus\u00bb\",\"datePublished\":\"2021-01-15T03:23:18+00:00\",\"mainEntityOfPage\":{\"@id\":\"https:\/\/www.pressenza.com\/es\/2021\/01\/homo-ignorantus\/\"},\"wordCount\":638,\"publisher\":{\"@id\":\"https:\/\/www.pressenza.com\/es\/#organization\"},\"image\":{\"@id\":\"https:\/\/www.pressenza.com\/es\/2021\/01\/homo-ignorantus\/#primaryimage\"},\"thumbnailUrl\":\"https:\/\/www.pressenza.com\/wp-content\/uploads\/2021\/01\/Daniel-Schludi-Unsplash.jpg\",\"keywords\":[\"#LaHuellaDeLosLideres\",\"Acuerdos de Paz\",\"Colombia\",\"Paz\"],\"articleSection\":[\"Opiniones\",\"Paz y Desarme\",\"Sudam\u00e9rica\"],\"inLanguage\":\"es\"},{\"@type\":\"WebPage\",\"@id\":\"https:\/\/www.pressenza.com\/es\/2021\/01\/homo-ignorantus\/\",\"url\":\"https:\/\/www.pressenza.com\/es\/2021\/01\/homo-ignorantus\/\",\"name\":\"\\\"Homo ignorantus\\\"\",\"isPartOf\":{\"@id\":\"https:\/\/www.pressenza.com\/es\/#website\"},\"primaryImageOfPage\":{\"@id\":\"https:\/\/www.pressenza.com\/es\/2021\/01\/homo-ignorantus\/#primaryimage\"},\"image\":{\"@id\":\"https:\/\/www.pressenza.com\/es\/2021\/01\/homo-ignorantus\/#primaryimage\"},\"thumbnailUrl\":\"https:\/\/www.pressenza.com\/wp-content\/uploads\/2021\/01\/Daniel-Schludi-Unsplash.jpg\",\"datePublished\":\"2021-01-15T03:23:18+00:00\",\"description\":\"12 de enero 2021. El Espectador &nbsp; La rapi\u00f1a por la anhelada vacuna es como la historia del se\u00f1or que guarda celosamente su extinguidor de incendios\",\"breadcrumb\":{\"@id\":\"https:\/\/www.pressenza.com\/es\/2021\/01\/homo-ignorantus\/#breadcrumb\"},\"inLanguage\":\"es\",\"potentialAction\":[{\"@type\":\"ReadAction\",\"target\":[\"https:\/\/www.pressenza.com\/es\/2021\/01\/homo-ignorantus\/\"]}]},{\"@type\":\"ImageObject\",\"inLanguage\":\"es\",\"@id\":\"https:\/\/www.pressenza.com\/es\/2021\/01\/homo-ignorantus\/#primaryimage\",\"url\":\"https:\/\/www.pressenza.com\/wp-content\/uploads\/2021\/01\/Daniel-Schludi-Unsplash.jpg\",\"contentUrl\":\"https:\/\/www.pressenza.com\/wp-content\/uploads\/2021\/01\/Daniel-Schludi-Unsplash.jpg\",\"width\":800,\"height\":623},{\"@type\":\"BreadcrumbList\",\"@id\":\"https:\/\/www.pressenza.com\/es\/2021\/01\/homo-ignorantus\/#breadcrumb\",\"itemListElement\":[{\"@type\":\"ListItem\",\"position\":1,\"name\":\"Accueil\",\"item\":\"https:\/\/www.pressenza.com\/es\/\"},{\"@type\":\"ListItem\",\"position\":2,\"name\":\"\u00abHomo ignorantus\u00bb\"}]},{\"@type\":\"WebSite\",\"@id\":\"https:\/\/www.pressenza.com\/es\/#website\",\"url\":\"https:\/\/www.pressenza.com\/es\/\",\"name\":\"Pressenza\",\"description\":\"International Press Agency\",\"publisher\":{\"@id\":\"https:\/\/www.pressenza.com\/es\/#organization\"},\"potentialAction\":[{\"@type\":\"SearchAction\",\"target\":{\"@type\":\"EntryPoint\",\"urlTemplate\":\"https:\/\/www.pressenza.com\/es\/?s={search_term_string}\"},\"query-input\":{\"@type\":\"PropertyValueSpecification\",\"valueRequired\":true,\"valueName\":\"search_term_string\"}}],\"inLanguage\":\"es\"},{\"@type\":\"Organization\",\"@id\":\"https:\/\/www.pressenza.com\/es\/#organization\",\"name\":\"Pressenza\",\"url\":\"https:\/\/www.pressenza.com\/es\/\",\"logo\":{\"@type\":\"ImageObject\",\"inLanguage\":\"es\",\"@id\":\"https:\/\/www.pressenza.com\/es\/#\/schema\/logo\/image\/\",\"url\":\"https:\/\/www.pressenza.com\/wp-content\/uploads\/2022\/10\/pressenza_logo_200x200.jpg\",\"contentUrl\":\"https:\/\/www.pressenza.com\/wp-content\/uploads\/2022\/10\/pressenza_logo_200x200.jpg\",\"width\":200,\"height\":200,\"caption\":\"Pressenza\"},\"image\":{\"@id\":\"https:\/\/www.pressenza.com\/es\/#\/schema\/logo\/image\/\"},\"sameAs\":[\"https:\/\/www.facebook.com\/PressenzaItalia\",\"https:\/\/x.com\/PressenzaIPA\"]},{\"@type\":\"Person\",\"@id\":\"https:\/\/www.pressenza.com\/es\/#\/schema\/person\/476779c5c0c262f919761226ef961a29\",\"name\":\"Gloria Arias Nieto\",\"description\":\"M\u00e9dica y periodista, columnista de El Espectador. Promotora de procesos de paz y reconciliaci\u00f3n. Miembro del movimiento Defendamos la Paz (DLP) @gloriariasnieto\",\"sameAs\":[\"https:\/\/x.com\/gloriariasnieto\"],\"url\":\"https:\/\/www.pressenza.com\/es\/author\/gloria-arias-nieto\/\"}]}<\/script>\n<!-- \/ Yoast SEO plugin. -->","yoast_head_json":{"title":"\"Homo ignorantus\"","description":"12 de enero 2021. El Espectador &nbsp; La rapi\u00f1a por la anhelada vacuna es como la historia del se\u00f1or que guarda celosamente su extinguidor de incendios","robots":{"index":"index","follow":"follow","max-snippet":"max-snippet:-1","max-image-preview":"max-image-preview:large","max-video-preview":"max-video-preview:-1"},"canonical":"https:\/\/www.pressenza.com\/es\/2021\/01\/homo-ignorantus\/","og_locale":"es_ES","og_type":"article","og_title":"\"Homo ignorantus\"","og_description":"12 de enero 2021. El Espectador &nbsp; La rapi\u00f1a por la anhelada vacuna es como la historia del se\u00f1or que guarda celosamente su extinguidor de incendios","og_url":"https:\/\/www.pressenza.com\/es\/2021\/01\/homo-ignorantus\/","og_site_name":"Pressenza","article_publisher":"https:\/\/www.facebook.com\/PressenzaItalia","article_published_time":"2021-01-15T03:23:18+00:00","og_image":[{"width":800,"height":623,"url":"https:\/\/www.pressenza.com\/wp-content\/uploads\/2021\/01\/Daniel-Schludi-Unsplash.jpg","type":"image\/jpeg"}],"author":"Gloria Arias Nieto","twitter_card":"summary_large_image","twitter_creator":"@gloriariasnieto","twitter_site":"@PressenzaIPA","twitter_misc":{"Escrito por":"Gloria Arias Nieto","Tiempo de lectura":"3 minutos"},"schema":{"@context":"https:\/\/schema.org","@graph":[{"@type":"Article","@id":"https:\/\/www.pressenza.com\/es\/2021\/01\/homo-ignorantus\/#article","isPartOf":{"@id":"https:\/\/www.pressenza.com\/es\/2021\/01\/homo-ignorantus\/"},"author":{"name":"Gloria Arias Nieto","@id":"https:\/\/www.pressenza.com\/es\/#\/schema\/person\/476779c5c0c262f919761226ef961a29"},"headline":"\u00abHomo ignorantus\u00bb","datePublished":"2021-01-15T03:23:18+00:00","mainEntityOfPage":{"@id":"https:\/\/www.pressenza.com\/es\/2021\/01\/homo-ignorantus\/"},"wordCount":638,"publisher":{"@id":"https:\/\/www.pressenza.com\/es\/#organization"},"image":{"@id":"https:\/\/www.pressenza.com\/es\/2021\/01\/homo-ignorantus\/#primaryimage"},"thumbnailUrl":"https:\/\/www.pressenza.com\/wp-content\/uploads\/2021\/01\/Daniel-Schludi-Unsplash.jpg","keywords":["#LaHuellaDeLosLideres","Acuerdos de Paz","Colombia","Paz"],"articleSection":["Opiniones","Paz y Desarme","Sudam\u00e9rica"],"inLanguage":"es"},{"@type":"WebPage","@id":"https:\/\/www.pressenza.com\/es\/2021\/01\/homo-ignorantus\/","url":"https:\/\/www.pressenza.com\/es\/2021\/01\/homo-ignorantus\/","name":"\"Homo ignorantus\"","isPartOf":{"@id":"https:\/\/www.pressenza.com\/es\/#website"},"primaryImageOfPage":{"@id":"https:\/\/www.pressenza.com\/es\/2021\/01\/homo-ignorantus\/#primaryimage"},"image":{"@id":"https:\/\/www.pressenza.com\/es\/2021\/01\/homo-ignorantus\/#primaryimage"},"thumbnailUrl":"https:\/\/www.pressenza.com\/wp-content\/uploads\/2021\/01\/Daniel-Schludi-Unsplash.jpg","datePublished":"2021-01-15T03:23:18+00:00","description":"12 de enero 2021. El Espectador &nbsp; La rapi\u00f1a por la anhelada vacuna es como la historia del se\u00f1or que guarda celosamente su extinguidor de incendios","breadcrumb":{"@id":"https:\/\/www.pressenza.com\/es\/2021\/01\/homo-ignorantus\/#breadcrumb"},"inLanguage":"es","potentialAction":[{"@type":"ReadAction","target":["https:\/\/www.pressenza.com\/es\/2021\/01\/homo-ignorantus\/"]}]},{"@type":"ImageObject","inLanguage":"es","@id":"https:\/\/www.pressenza.com\/es\/2021\/01\/homo-ignorantus\/#primaryimage","url":"https:\/\/www.pressenza.com\/wp-content\/uploads\/2021\/01\/Daniel-Schludi-Unsplash.jpg","contentUrl":"https:\/\/www.pressenza.com\/wp-content\/uploads\/2021\/01\/Daniel-Schludi-Unsplash.jpg","width":800,"height":623},{"@type":"BreadcrumbList","@id":"https:\/\/www.pressenza.com\/es\/2021\/01\/homo-ignorantus\/#breadcrumb","itemListElement":[{"@type":"ListItem","position":1,"name":"Accueil","item":"https:\/\/www.pressenza.com\/es\/"},{"@type":"ListItem","position":2,"name":"\u00abHomo ignorantus\u00bb"}]},{"@type":"WebSite","@id":"https:\/\/www.pressenza.com\/es\/#website","url":"https:\/\/www.pressenza.com\/es\/","name":"Pressenza","description":"International Press Agency","publisher":{"@id":"https:\/\/www.pressenza.com\/es\/#organization"},"potentialAction":[{"@type":"SearchAction","target":{"@type":"EntryPoint","urlTemplate":"https:\/\/www.pressenza.com\/es\/?s={search_term_string}"},"query-input":{"@type":"PropertyValueSpecification","valueRequired":true,"valueName":"search_term_string"}}],"inLanguage":"es"},{"@type":"Organization","@id":"https:\/\/www.pressenza.com\/es\/#organization","name":"Pressenza","url":"https:\/\/www.pressenza.com\/es\/","logo":{"@type":"ImageObject","inLanguage":"es","@id":"https:\/\/www.pressenza.com\/es\/#\/schema\/logo\/image\/","url":"https:\/\/www.pressenza.com\/wp-content\/uploads\/2022\/10\/pressenza_logo_200x200.jpg","contentUrl":"https:\/\/www.pressenza.com\/wp-content\/uploads\/2022\/10\/pressenza_logo_200x200.jpg","width":200,"height":200,"caption":"Pressenza"},"image":{"@id":"https:\/\/www.pressenza.com\/es\/#\/schema\/logo\/image\/"},"sameAs":["https:\/\/www.facebook.com\/PressenzaItalia","https:\/\/x.com\/PressenzaIPA"]},{"@type":"Person","@id":"https:\/\/www.pressenza.com\/es\/#\/schema\/person\/476779c5c0c262f919761226ef961a29","name":"Gloria Arias Nieto","description":"M\u00e9dica y periodista, columnista de El Espectador. Promotora de procesos de paz y reconciliaci\u00f3n. Miembro del movimiento Defendamos la Paz (DLP) @gloriariasnieto","sameAs":["https:\/\/x.com\/gloriariasnieto"],"url":"https:\/\/www.pressenza.com\/es\/author\/gloria-arias-nieto\/"}]}},"place":"Bogot\u00e1, Colombia","original_article_url":"","_links":{"self":[{"href":"https:\/\/www.pressenza.com\/es\/wp-json\/wp\/v2\/posts\/1278237","targetHints":{"allow":["GET"]}}],"collection":[{"href":"https:\/\/www.pressenza.com\/es\/wp-json\/wp\/v2\/posts"}],"about":[{"href":"https:\/\/www.pressenza.com\/es\/wp-json\/wp\/v2\/types\/post"}],"author":[{"embeddable":true,"href":"https:\/\/www.pressenza.com\/es\/wp-json\/wp\/v2\/users\/1897"}],"replies":[{"embeddable":true,"href":"https:\/\/www.pressenza.com\/es\/wp-json\/wp\/v2\/comments?post=1278237"}],"version-history":[{"count":0,"href":"https:\/\/www.pressenza.com\/es\/wp-json\/wp\/v2\/posts\/1278237\/revisions"}],"wp:featuredmedia":[{"embeddable":true,"href":"https:\/\/www.pressenza.com\/es\/wp-json\/wp\/v2\/media\/1278239"}],"wp:attachment":[{"href":"https:\/\/www.pressenza.com\/es\/wp-json\/wp\/v2\/media?parent=1278237"}],"wp:term":[{"taxonomy":"category","embeddable":true,"href":"https:\/\/www.pressenza.com\/es\/wp-json\/wp\/v2\/categories?post=1278237"},{"taxonomy":"post_tag","embeddable":true,"href":"https:\/\/www.pressenza.com\/es\/wp-json\/wp\/v2\/tags?post=1278237"}],"curies":[{"name":"wp","href":"https:\/\/api.w.org\/{rel}","templated":true}]}}