{"id":1277348,"date":"2021-01-14T15:27:55","date_gmt":"2021-01-14T15:27:55","guid":{"rendered":"https:\/\/www.pressenza.com\/?p=1277348"},"modified":"2021-01-14T20:52:20","modified_gmt":"2021-01-14T20:52:20","slug":"el-recibo-electrico-y-del-gas-en-espana","status":"publish","type":"post","link":"https:\/\/www.pressenza.com\/es\/2021\/01\/el-recibo-electrico-y-del-gas-en-espana\/","title":{"rendered":"El recibo el\u00e9ctrico y del gas en Espa\u00f1a"},"content":{"rendered":"<blockquote><p>El autor hace un an\u00e1lisis de los pormenores acerca de lo que est\u00e1 ocurriendo con los recibos de la luz y el gas en Espa\u00f1a, e invita a la movilizaci\u00f3n ciudadana y a que el Gobierno espa\u00f1ol cumpla sus promesas electorales frente \u00abal expolio\u00bb al que nos someten las compa\u00f1\u00edas del sector.<\/p><\/blockquote>\n<p>En Espa\u00f1a se ha desatado la pol\u00e9mica tras las subidas r\u00e9cord en nuestros recibos de electricidad (y gas) el pasado diciembre y en enero. Llegando a una media de 95\u20ac\/MWh, bati\u00f3 el r\u00e9cord de 2013, que estaba en 93\u20ac. Mientras publicamos este art\u00edculo <a href=\"https:\/\/www.eleconomista.es\/empresas-finanzas\/noticias\/10979675\/01\/21\/El-Gobierno-pedira-a-la-CNMC-que-investigue-el-precio-de-la-energia-durante-la-ola-de-frio.html\">los analistas<\/a> esperan que el precio superar\u00e1 los 110\u20ac\/MWh.<\/p>\n<p>A pesar del subid\u00f3n mete\u00f3rico reciente, hay que decir que el precio en 2020 oscil\u00f3 un 40% por debajo de los precios de los dos a\u00f1os anteriores. De momento el ahorro en este periodo compensa el pico actual, pero no ser\u00e1 as\u00ed si se mantiene la tendencia al alza y el Gobierno no reacciona.<\/p>\n<p>Somos uno de los pa\u00edses europeos con el recibo el\u00e9ctrico m\u00e1s alto y m\u00e1s inexplicable. Pese a nuestra dependencia de los combustibles f\u00f3siles, tenemos abundate energ\u00eda renovable generada en los saltos de agua, solar y e\u00f3lica.<\/p>\n<p><strong>Proceso de privatizaci\u00f3n del sector energ\u00e9tico<\/strong><\/p>\n<p>Nuestra principal compa\u00f1\u00eda el\u00e9ctrica es ENDESA, con m\u00e1s de un 36% de cuota. Fundada en los a\u00f1os cuarenta como \u201cEmpresa Nacional de Electricidad Sociedad An\u00f3nima\u201d fue una compa\u00f1\u00eda p\u00fablica hasta su privatizaci\u00f3n, del 1998 al 2003, por el gobierno conservador del Partido Popular y que culmin\u00f3 bajo el gobierno <em>socialista<\/em> de Zapatero.<\/p>\n<p>Aunque lo de \u201cnacional\u201d sigue estando en sus siglas actuales, su privatizaci\u00f3n en aras de la liberaci\u00f3n del sector en Espa\u00f1a fue una farsa en diferido, al estilo del Partido Popular. Una operaci\u00f3n fallida que diez a\u00f1os despu\u00e9s es al 70% de la el\u00e9ctrica italiana ENEL, cuyo principal accionista es el Estado italiano. El resto de ENDESA qued\u00f3 en manos de inversores y accionistas privados.\u00a0 \u00bfC\u00f3mo se entiende semejante operaci\u00f3n? Espa\u00f1a la privatiza y su accionista mayoritario acaba siendo otro estado. \u00bfPara qu\u00e9 la privatizaron entonces? Fue la estrategia para cortarle las alas a una empresa que se estaba internacionalizando e iba bien. Desde la EU, Italia, Francia y Alemania s\u00ed supieron proteger sus intereses energ\u00e9ticos, Espa\u00f1a no y acab\u00f3 entreg\u00e1ndosela a otro estado.<\/p>\n<p>ENEL pag\u00f3, hasta el 2007, unos 37.000 millones de euros por hacerse con todo el control de la principal el\u00e9ctrica espa\u00f1ola. Ningun capital espa\u00f1ol vino en ayuda de Endesa y \u00e9sta renunci\u00f3 a su expansi\u00f3n internacional una vez privatizada.<\/p>\n<p>Apenas cuatro a\u00f1os despu\u00e9s de la compra, ENEL recuper\u00f3 pr\u00e1cticamente toda su inversi\u00f3n. Obligando a la econom\u00eda de nuestro pa\u00eds el retorno del capital invertido, bajo condiciones propias de un fondo buitre, y no de una gran empresa industrial, o de un pa\u00eds socio en la UE. Devolver toda la inversi\u00f3n a ENEL \u2500y por tanto al estado italiano\u2500, en tan poco tiempo, implic\u00f3 exprimir al m\u00e1ximo el mercado en Espa\u00f1a por v\u00eda de dividendos a los accionistas, sosteniendo altos precios al consumidor.<\/p>\n<p>Endesa hoy sigue siendo la primera de las tres grandes compa\u00f1\u00edas del sector el\u00e9ctrico en Espa\u00f1a. Junto a Iberdrola y Naturgy, dominan en torno al 90% del mercado nacional y todas son de capital mayoritariamente extranjero. Entre las tres \u201chermanas\u201d forman un oligopolio, precisamente cuando \u201cENDE,SA\u201d fue privatizada so pretexto de liberalizar el mercado.<\/p>\n<p>Una vez m\u00e1s la historia nos ense\u00f1a que cuando se invoca el liberalismo y sus ultrapartidarios hablan de \u201cliberalizar\u201d, en realidad sucede lo contrario. Se trata de favorecer a unos pocos, que dominar\u00e1n ese mercado y alzar\u00e1n precios y condiciones a su gusto.<\/p>\n<p>Fue un atraco a los intereses ciudadanos y del pa\u00eds privatizar un servicio esencial y b\u00e1sico, como la electricidad, para consentir un oligopolio en manos de accionistas y fondos inversores extranjeros (aunque sea de otro estado amigo). Que sea capital extranjero no es el problema, sino la tipolog\u00eda de quienes son los accionistas mayoritarios. En este caso, fondos que solo piensan en terminos de beneficios para sus ejecutivos y accionistas. Cosa que influir\u00e1 en su compromiso de inversi\u00f3n en el mercado espa\u00f1ol.<\/p>\n<p>Junto con las otras el\u00e9ctricas se mantuvieron los precios altos, sin una verdadera competencia que pudiera reducir sus <a href=\"https:\/\/elperiodicodelaenergia.com\/las-tres-grandes-electricas-endesa-iberdrola-y-naturgy-mantienen-su-liderazgo-en-2019-con-mas-del-80-del-mercado-electrico\/\">m\u00e1rgenes<\/a>. Invertir en el\u00e9ctricas espa\u00f1olas era y es un negocio seguro. Para mantenerlo, hacen lobby dentro y fuera, para que nada ponga en peligro el negocio. <u><a href=\"https:\/\/www.elperiodico.com\/...\/electrica-publica...\">https:\/\/www.elperiodico.com\/&#8230;\/electrica-publica&#8230;<\/a><\/u><\/p>\n<p>Entre las tres hermanas el\u00e9ctricas arrojan unos beneficios\u00a0 cercanos a los de la banca espa\u00f1ola en su conjunto. Crisis o no, est\u00e1n entre las empresas que m\u00e1s facturan y ganan todos los a\u00f1os.<\/p>\n<p>Las mejoras en sostenibilidad ecol\u00f3gica en este sector no la pagamos, compartida, entre empresa y consumidores. Ellas no priorizan financiar sus inversiones parcial o totalmente disminuyendo los beneficios, aunque podr\u00edan hacerlo con holgura. Repercuten las reconversiones en nuestro recibos. Las el\u00e9ctricas adem\u00e1s lloran en Bruselas y reciben. Lloran en Moncloa y reciben\u2026<\/p>\n<p>Justifica la prensa econ\u00f3mica y los analistas, al servicio de la derecha pol\u00edtica y econ\u00f3mica, que \u00ablas subidas en los precios son cosa del \u00ablibre mercado\u00bb\u00bb.<\/p>\n<p>La banca, las corporaciones, o los fondos de inversi\u00f3n como Blackrock, Vanguard, Capital Income Builder, etc, no creen en el libre mercado. Vista la historia del sector el\u00e9ctrico en Espa\u00f1a en los \u00faltimos veinte a\u00f1os, se explica el expolio en nuestros recibos.<\/p>\n<p>Los precios apenas bajan, aunque veamos mejoras en el mercado internacional de los combustibles f\u00f3siles. Solo oscilan algo a la baja con los buenos d\u00edas de sol o viento. Sin alternativa a las \u201ctres hermanas\u201d del sector, estamos ante un oligopolio depredatorio\u00a0 sobre una demanda cautiva. Los particulares, las empresas peque\u00f1as y medianas, todo el que viva tras un contador el\u00e9ctrico o de gas, no tiene escapatoria. Todo est\u00e1 bien amarrado para que los altos ejecutivos, consejeros y accionistas no pierdan nunca.<\/p>\n<p>Si se aprieta a las empresas e inversionistas implicados, amenazan con desinvertir. Los capitales extranjeros agitan as\u00ed el peligro de provocar una estampida general. Presionan en Bruselas, presionan ante el FMI, y ante otros aquelarres similares.<\/p>\n<p>Si alg\u00fan gobierno intenta regular la situaci\u00f3n, basta con amagar que van a desinvertir. Bajar\u00edan las ratios e \u00edndices que marcan el riesgo pa\u00eds. En el caso de Espa\u00f1a, las agencias de rating internacionales (de las que los fondos de inversi\u00f3n tambi\u00e9n son due\u00f1as) nos bajar\u00edan sus calificaciones. Si no hay capital extranjero o \u00e9ste se va, nos deshinchamos como un globo.<\/p>\n<p>As\u00ed se explica que las acciones en el sector el\u00e9ctrico siempre den buenos dividendos (en Endesa pag\u00f3 su compra en cuatro a\u00f1os). Eso lo pagamos todo nosotros, los ciudadanos y las empresas. Las muy grandes no. Los grandes consumidores de electricidad \u2500o consumidores electrointensivos\u2500 juegan a otro nivel. Tambi\u00e9n tienen contra la pared al gobierno.<\/p>\n<p><strong>\u00bfEsta situaci\u00f3n qui\u00e9n la endereza? <\/strong><\/p>\n<p>Como en la historia de David y Goliat\u00a0 a un lado est\u00e1 el consumidor peque\u00f1o y al otro lado los lobbies e intereses m\u00e1s poderosos que un gobierno mediano, miembro de la UE. David aqu\u00ed est\u00e1 indefenso y no tiene onda ni piedras que lanzar, como en el mito b\u00edblico.<\/p>\n<p>\u00bfNecesitamos un Robin Hood, al Rey Arturo, o alg\u00fan semidios griego de la antig\u00fcedad? Lamentablemente ninguno de ellos est\u00e1 disponible.<\/p>\n<p>En este asunto y otros parecidos, las democracias liberales o sus mecanismos de gobernanza son papel mojado. Necesitamos una reformulaci\u00f3n del juego porque es insostenible. Empobrece y quiebra lo social.<\/p>\n<p>Estamos en manos de ese 1% de la poblaci\u00f3n que posee o maneja el 82% de la riqueza total del planeta, de ellos y de sus ejecutivos mercenarios. Ese 1%, que pese a todo, quiere vivir en un mundo en paz y bonito, sin peligros. Quieren mostrarse. Quieren que se les vea, disfrutar de Berl\u00edn, Nueva York, Paris, Viena, \u00c1msterdam, como escenarios para su bienestar.<\/p>\n<p>Pues, cada vez va a ser m\u00e1s dif\u00edcil. Socialmente no es sostenible esa paz, si la poblaci\u00f3n tiene que elegir entre calentarse en invierno o comer. \u00bfA d\u00f3nde ir\u00e1n a disfrutar de lo conseguido? \u00bfHabr\u00e1 tanta polic\u00eda y ej\u00e9rcito para vigilar muros, ventanas o puertas y que no entre la miseria?<\/p>\n<p>Hay un h\u00e9roe que podr\u00eda romper este falso esquema de pensamiento \u00fanico. El <em>demos<\/em>, que en griego es el pueblo, y <em>kratos<\/em> su gobierno. Demokratos \u2192 democracia, solo que verdadera. Pero andamos el 99% de la poblaci\u00f3n demasiado asustados y debilitados.<\/p>\n<p>Sin dramatizar y por mantener un nivel m\u00e1s propio de la comedia, mientras despiertan o no <em>Demos <\/em>y<em> Kratos<\/em>, en Espa\u00f1a nos quedan los abuelos politiqueros y sindicalistas. Esos que lucharon de verdad por la democracia y contra Franco. Gente comprometida entonces y tambi\u00e9n hoy, que vemos que se mueve por lo suyo, y por lo de sus hijos y nietos, buscando la acci\u00f3n en red o en conjunto.<\/p>\n<p>Tambi\u00e9n en el 15-M se vio que hay mucha gente as\u00ed. Lo que falta es que por necesidad reaccionemos los dem\u00e1s, no asaltando parlamentos, si no con argumentos. Votando con cabeza y luego auditando al gobierno.<\/p>\n<p>De las fuerzas pol\u00edticas que gestionan nuestro pa\u00eds, no esperemos que cojan \u201cel toro el\u00e9ctrico por los cuernos\u201d (el recibo de la electricidad y gas). Ni PP, ni PSOE, ni C&#8217;s o UP, ni coaliciones de todos ellos tomados de tres en tres.<\/p>\n<p><strong>Solo la presi\u00f3n de los consumidores, que somos mayor\u00eda, podr\u00e1 con las el\u00e9ctricas y atemperar a sus verdaderos due\u00f1os<\/strong>.<\/p>\n<p>Es absurdo que se comercie con los bienes y servicios de primera necesidad hasta el extremo de que a la gente \u00abcorriente\u00bb no le llega para pagarlo. En los precios nos ahogan y en los sueldos nos enga\u00f1an. Si esto sucede en todas las necesidades b\u00e1sicas (como ahora, que empieza a cotizar el agua en la Bolsa de Nueva York), pronto se habr\u00e1 secado todo y no es una met\u00e1fora. En esto estamos todos, como ya nos ense\u00f1\u00f3 la pandemia mundial.<\/p>\n<p>Mientras, a\u00f1o tras a\u00f1o sale un enorme torrente de capital por v\u00eda de los beneficios para los accionistas de las el\u00e9ctricas, que procede de nuestro esfuerzo. De las ocho horas o m\u00e1s de trabajo de cada uno.<\/p>\n<p><strong>Recibo actual y responsables<\/strong><\/p>\n<p>Volviendo al recibo, este tiene dos partes: potencia contratada m\u00e1s consumo, y \u201cla parte fija\u201d. El alivio en precio de estos dos \u00faltimos a\u00f1os vino por el cambio en el c\u00e1lculo del consumo (los kilovatios). Hay un mercado mayorista donde el pool de las empresas generadoras subasta el megavatio a las distribuidoras. A menudo son los mismos. Como un perro con dos cabezas. Aun siendo muy cuestionable y oscura esta manera de calcular el precio, es una mejora. Se lo debemos a la Uni\u00f3n Europea, porque era de obligado cumplimiento. No es gracias a los gobiernos del PP o del PSOE. Todos tienen a sus ex-pol\u00edticos muy amigos de las el\u00e9ctricas.<\/p>\n<p>Con todo, la parte del recibo que m\u00e1s ha crecido en los \u00faltimos a\u00f1os es justo la parte fija del recibo, que tiene escasa relacion con lo que gastamos o el precio de los combustibles.<\/p>\n<p>Esa parte depende del Gobierno y su negociaci\u00f3n con el sector. Al ser un oligopolio protegido, que quiere beneficio seguro, no cede sino que exige.<\/p>\n<p>Esa parte es la suma de impuestos, tasas, costes, IVA, m\u00e1s una deuda hist\u00f3rica con las el\u00e9ctricas llamado <em>d\u00e9ficit tarifario<\/em>. Este \u00faltimo concepto es la diferencia entre las tarifas que se pagan y los costes atribu\u00edbles (directos e indirectos). Desde el 2000 hasta 2019 esa diferencia ha sido casi siempre negativa, y hoy entre deuda e intereses alcanza los 16.602 millones.<\/p>\n<p>Los sucesivos gobiernos espa\u00f1oles no negociaron con las el\u00e9ctricas y dem\u00e1s empresas implicadas las partidas del supuesto d\u00e9ficit. Tampoco subieron las tarifas al consumidor, porque ni era una medida popular, ni era explicable el 100% del d\u00e9ficit tarifario.\u00a0 As\u00ed que chutaron la pelota hacia adelante, al futuro. Durante dos d\u00e9cadas. Todo bien empaquetado en el recibo, e indescifrable, sigue mordiendo nuestros bolsillos desde hace 20 a\u00f1os porque es una deuda que apenas baja.<\/p>\n<p>Se hace necesario aclarar que las el\u00e9ctricas, en su propaganda, se lavan las manos alegando que \u00abla parte fija\u00bb son impuestos y que la culpa es del gobierno. Hay tasas e impuestos, ciertamente. Pero gran parte de esa deuda al liquidarse les vuelve tambi\u00e9n a ellas, o en forma de protecci\u00f3n de sus inversiones, nueva diferencia tarifaria, intereses, etc. Negocio seguro.<\/p>\n<p>Lo cierto es que el gobierno progresista actual no ha bajado el IVA de la energ\u00eda para el consumidor. No se plante\u00f3 tampoco cortar el grifo de la protecci\u00f3n a las el\u00e9ctricas, o cortar las subvenciones y protecci\u00f3n de beneficios a grandes inversores en energias verdes especulativos.<\/p>\n<p>Tampoco corrigi\u00f3 la situaci\u00f3n del consumidor con ayudas o un bono social, o subiendo el m\u00ednimo vital, y aquilatando en el IRPF la desgravaci\u00f3n a las rentas m\u00e1s bajas para mitigar la situaci\u00f3n. Aqu\u00ed es donde est\u00e1 la traici\u00f3n al programa electoral del Gobierno. Aunque a\u00fan tienen tiempo. Ya veremos&#8230;<\/p>\n<p>Finalmente, como escenario del subid\u00f3n en nuestros recibos lleg\u00f3 la tormenta perfecta: el a\u00f1o 2020. Pandemia, desplome de la econom\u00eda, frio intenso, una borrasca (Filomena),el demantelamiento de la generaci\u00f3n nuclear, el cierra de algunas centrales de carb\u00f3n, los pantanos est\u00e1n al 40%, etc. Para colmo de males, no hay viento ni sol suficientes (o eso dicen) el \u00faltimo mes del a\u00f1o. Por tanto,\u00a0 hubo que tirar de gas y otros combustibles f\u00f3siles para generar electricidad.<\/p>\n<p>Pero&#8230; \u00a1qu\u00e9 mala suerte! Adem\u00e1s el gas est\u00e1 caro y Argelia nos hace la pascua vendiendo nuestra cuota de gas comprometida a China y Jap\u00f3n. Est\u00e1n con ola de fr\u00edo y pagan a mejor precio que nosotros.<\/p>\n<p>Los barcos metaneros tambi\u00e9n prefieren navegar hacia los mercados de oriente o donde mejor cotice el flete. La flota gasista anda en reconversiones por las nuevas regulaciones internacionales y porque est\u00e1 envejecida. Hay menos buques disponibles. As\u00ed, \u00bfc\u00f3mo traemos gas a precio razonable?<\/p>\n<p>El gas llega menos y m\u00e1s caro. Mala suerte y a pagar. La \u00abtormenta perfecta\u00bb pilla al Gobierno con el pie cambiado, pero no a las el\u00e9ctricas que impasiblemente nos dan el palo en el recibo mes tras mes.<\/p>\n<p>Le han sacado los colores al Gobierno por todo esto y agitando la hemeroteca de cuando estaba en la oposici\u00f3n y ellos eran los que se indignaban sobre anteriores subidas en el recibo el\u00e9ctrico.<\/p>\n<p>No era una sorpresa. Ni una mala suerte no previsible. Todos los a\u00f1os traen un ciclo frio y los meteor\u00f3logos ya avisaron de que cada a\u00f1o es m\u00e1s acusado o imprevisible. Para los distintos responsables en ministerios y organismos implicados, las vicisitudes del mercado de los combustibles f\u00f3siles, las dificultades de nuestros proveedores, el transporte o la realidad del pa\u00eds, etc, no pueden ser sorprese. No todos o absolutamente. Est\u00e1 en su agenda y en su radar. \u00bfDe qu\u00e9 sue\u00f1o fingen haber despertado? \u00bfExcusas? No se aceptan. Hay que ser m\u00e1s previsor y profesional.<\/p>\n<p><strong>Tras este repaso de estos \u00faltimos 20 a\u00f1os para entender el escenario y de d\u00f3nde vienen los tremendos recibos que apu\u00f1alan nuestras cuentas corrientes, \u00bfqu\u00e9 hacemos?<\/strong><\/p>\n<p>Arm\u00e9monos de valor. Lo de los abuelos sindicalistas y el 15-M no es una broma. Se lleg\u00f3 pac\u00edficamente muy lejos acampando en Sol y con las marchas y utilizando las formas de resistencia y denuncia del siglo XX y XXI. Nos toca tener los datos, denunciar la trampa y explicar a las poblaciones, para protestar por todas las v\u00edas a nuestro alcance. Tambi\u00e9n exigir al Gobierno que no recule de las reformas pendientes, aunque las electrointensivas y las tres hermanas se resistan. Si eres consumidor y conservador, te tocar\u00e1 exigir a la PP, C\u2019s o nacionalistas conservadores que no estorben. Que no creer sus fakes y mentiras de siempre.<\/p>\n<p>En cuanto al PSOE, es de todo menos social comunista. Este Gobierno se comprometi\u00f3 en su programa que parte de la cuota fija desaparecer\u00eda (la diferencia por d\u00e9ficit tarifario) pasar\u00eda a ser responsabilidad de los part\u00edcipes en el mercado (las generadoras, la red que la transporta, las empresas implicadas), creando una especie de fondo al que contribuyen todas. No en vano ya vimos que sacan un chorro continuo de buenas ganancias sin apenas oscilaciones o verdadero riesgo, porque en el siglo XXI nadie vive sin energ\u00eda.<\/p>\n<p>Es el momento de que el gobierno cumpla su programa electoral y de que todos lo exijamos.<\/p>\n","protected":false},"excerpt":{"rendered":"<p>El autor hace un an\u00e1lisis de los pormenores acerca de lo que est\u00e1 ocurriendo con los recibos de la luz y el gas en Espa\u00f1a, e invita a la movilizaci\u00f3n ciudadana y a que el Gobierno espa\u00f1ol cumpla sus promesas&hellip;<\/p>\n","protected":false},"author":1941,"featured_media":1277925,"comment_status":"closed","ping_status":"closed","sticky":false,"template":"","format":"standard","meta":{"footnotes":""},"categories":[11389,81,66,74],"tags":[86152,12313,86153],"class_list":["post-1277348","post","type-post","status-publish","format-standard","has-post-thumbnail","hentry","category-contenido-original","category-economia-es","category-europa-es","category-politica-es","tag-compania-electrica","tag-privatizacion-servicios-publicos","tag-tarifas-electricas"],"yoast_head":"<!-- This site is optimized with the Yoast SEO plugin v27.1.1 - https:\/\/yoast.com\/product\/yoast-seo-wordpress\/ -->\n<title>El recibo el\u00e9ctrico y del gas en Espa\u00f1a<\/title>\n<meta name=\"description\" content=\"El autor hace un an\u00e1lisis de los pormenores acerca de lo que est\u00e1 ocurriendo con los recibos de la luz y el gas en Espa\u00f1a, e invita a la movilizaci\u00f3n\" \/>\n<meta name=\"robots\" content=\"index, follow, max-snippet:-1, max-image-preview:large, max-video-preview:-1\" \/>\n<link rel=\"canonical\" href=\"https:\/\/www.pressenza.com\/es\/2021\/01\/el-recibo-electrico-y-del-gas-en-espana\/\" \/>\n<meta property=\"og:locale\" content=\"es_ES\" \/>\n<meta property=\"og:type\" content=\"article\" \/>\n<meta property=\"og:title\" content=\"El recibo el\u00e9ctrico y del gas en Espa\u00f1a\" \/>\n<meta property=\"og:description\" content=\"El autor hace un an\u00e1lisis de los pormenores acerca de lo que est\u00e1 ocurriendo con los recibos de la luz y el gas en Espa\u00f1a, e invita a la movilizaci\u00f3n\" \/>\n<meta property=\"og:url\" content=\"https:\/\/www.pressenza.com\/es\/2021\/01\/el-recibo-electrico-y-del-gas-en-espana\/\" \/>\n<meta property=\"og:site_name\" content=\"Pressenza\" \/>\n<meta property=\"article:publisher\" content=\"https:\/\/www.facebook.com\/PressenzaItalia\" \/>\n<meta property=\"article:author\" content=\"@angel.sanzmontes\" \/>\n<meta property=\"article:published_time\" content=\"2021-01-14T15:27:55+00:00\" \/>\n<meta property=\"article:modified_time\" content=\"2021-01-14T20:52:20+00:00\" \/>\n<meta property=\"og:image\" content=\"https:\/\/www.pressenza.com\/wp-content\/uploads\/2021\/01\/Las-electricas-1.jpg\" \/>\n\t<meta property=\"og:image:width\" content=\"1024\" \/>\n\t<meta property=\"og:image:height\" content=\"763\" \/>\n\t<meta property=\"og:image:type\" content=\"image\/jpeg\" \/>\n<meta name=\"author\" content=\"\u00c1ngel Sanz Montes\" \/>\n<meta name=\"twitter:card\" content=\"summary_large_image\" \/>\n<meta name=\"twitter:creator\" content=\"@PressenzaIPA\" \/>\n<meta name=\"twitter:site\" content=\"@PressenzaIPA\" \/>\n<meta name=\"twitter:label1\" content=\"Escrito por\" \/>\n\t<meta name=\"twitter:data1\" content=\"\u00c1ngel Sanz Montes\" \/>\n\t<meta name=\"twitter:label2\" content=\"Tiempo de lectura\" \/>\n\t<meta name=\"twitter:data2\" content=\"14 minutos\" \/>\n<script type=\"application\/ld+json\" class=\"yoast-schema-graph\">{\"@context\":\"https:\/\/schema.org\",\"@graph\":[{\"@type\":\"Article\",\"@id\":\"https:\/\/www.pressenza.com\/es\/2021\/01\/el-recibo-electrico-y-del-gas-en-espana\/#article\",\"isPartOf\":{\"@id\":\"https:\/\/www.pressenza.com\/es\/2021\/01\/el-recibo-electrico-y-del-gas-en-espana\/\"},\"author\":{\"name\":\"\u00c1ngel Sanz Montes\",\"@id\":\"https:\/\/www.pressenza.com\/es\/#\/schema\/person\/e3b6e74a6334202f64f147a1622ca383\"},\"headline\":\"El recibo el\u00e9ctrico y del gas en Espa\u00f1a\",\"datePublished\":\"2021-01-14T15:27:55+00:00\",\"dateModified\":\"2021-01-14T20:52:20+00:00\",\"mainEntityOfPage\":{\"@id\":\"https:\/\/www.pressenza.com\/es\/2021\/01\/el-recibo-electrico-y-del-gas-en-espana\/\"},\"wordCount\":2898,\"publisher\":{\"@id\":\"https:\/\/www.pressenza.com\/es\/#organization\"},\"image\":{\"@id\":\"https:\/\/www.pressenza.com\/es\/2021\/01\/el-recibo-electrico-y-del-gas-en-espana\/#primaryimage\"},\"thumbnailUrl\":\"https:\/\/www.pressenza.com\/wp-content\/uploads\/2021\/01\/Las-electricas-1.jpg\",\"keywords\":[\"compa\u00f1\u00eda electrica\",\"Privatizaci\u00f3n servicios p\u00fablicos\",\"tarifas el\u00e9ctricas\"],\"articleSection\":[\"Contenido Original\",\"Econom\u00eda\",\"Europa\",\"Pol\u00edtica\"],\"inLanguage\":\"es\"},{\"@type\":\"WebPage\",\"@id\":\"https:\/\/www.pressenza.com\/es\/2021\/01\/el-recibo-electrico-y-del-gas-en-espana\/\",\"url\":\"https:\/\/www.pressenza.com\/es\/2021\/01\/el-recibo-electrico-y-del-gas-en-espana\/\",\"name\":\"El recibo el\u00e9ctrico y del gas en Espa\u00f1a\",\"isPartOf\":{\"@id\":\"https:\/\/www.pressenza.com\/es\/#website\"},\"primaryImageOfPage\":{\"@id\":\"https:\/\/www.pressenza.com\/es\/2021\/01\/el-recibo-electrico-y-del-gas-en-espana\/#primaryimage\"},\"image\":{\"@id\":\"https:\/\/www.pressenza.com\/es\/2021\/01\/el-recibo-electrico-y-del-gas-en-espana\/#primaryimage\"},\"thumbnailUrl\":\"https:\/\/www.pressenza.com\/wp-content\/uploads\/2021\/01\/Las-electricas-1.jpg\",\"datePublished\":\"2021-01-14T15:27:55+00:00\",\"dateModified\":\"2021-01-14T20:52:20+00:00\",\"description\":\"El autor hace un an\u00e1lisis de los pormenores acerca de lo que est\u00e1 ocurriendo con los recibos de la luz y el gas en Espa\u00f1a, e invita a la movilizaci\u00f3n\",\"breadcrumb\":{\"@id\":\"https:\/\/www.pressenza.com\/es\/2021\/01\/el-recibo-electrico-y-del-gas-en-espana\/#breadcrumb\"},\"inLanguage\":\"es\",\"potentialAction\":[{\"@type\":\"ReadAction\",\"target\":[\"https:\/\/www.pressenza.com\/es\/2021\/01\/el-recibo-electrico-y-del-gas-en-espana\/\"]}]},{\"@type\":\"ImageObject\",\"inLanguage\":\"es\",\"@id\":\"https:\/\/www.pressenza.com\/es\/2021\/01\/el-recibo-electrico-y-del-gas-en-espana\/#primaryimage\",\"url\":\"https:\/\/www.pressenza.com\/wp-content\/uploads\/2021\/01\/Las-electricas-1.jpg\",\"contentUrl\":\"https:\/\/www.pressenza.com\/wp-content\/uploads\/2021\/01\/Las-electricas-1.jpg\",\"width\":1024,\"height\":763,\"caption\":\"A un lado del contador el consumidor, al otro el negocio de las el\u00e9ctricas estos 20 \u00faltimos a\u00f1os.\"},{\"@type\":\"BreadcrumbList\",\"@id\":\"https:\/\/www.pressenza.com\/es\/2021\/01\/el-recibo-electrico-y-del-gas-en-espana\/#breadcrumb\",\"itemListElement\":[{\"@type\":\"ListItem\",\"position\":1,\"name\":\"Accueil\",\"item\":\"https:\/\/www.pressenza.com\/es\/\"},{\"@type\":\"ListItem\",\"position\":2,\"name\":\"El recibo el\u00e9ctrico y del gas en Espa\u00f1a\"}]},{\"@type\":\"WebSite\",\"@id\":\"https:\/\/www.pressenza.com\/es\/#website\",\"url\":\"https:\/\/www.pressenza.com\/es\/\",\"name\":\"Pressenza\",\"description\":\"International Press Agency\",\"publisher\":{\"@id\":\"https:\/\/www.pressenza.com\/es\/#organization\"},\"potentialAction\":[{\"@type\":\"SearchAction\",\"target\":{\"@type\":\"EntryPoint\",\"urlTemplate\":\"https:\/\/www.pressenza.com\/es\/?s={search_term_string}\"},\"query-input\":{\"@type\":\"PropertyValueSpecification\",\"valueRequired\":true,\"valueName\":\"search_term_string\"}}],\"inLanguage\":\"es\"},{\"@type\":\"Organization\",\"@id\":\"https:\/\/www.pressenza.com\/es\/#organization\",\"name\":\"Pressenza\",\"url\":\"https:\/\/www.pressenza.com\/es\/\",\"logo\":{\"@type\":\"ImageObject\",\"inLanguage\":\"es\",\"@id\":\"https:\/\/www.pressenza.com\/es\/#\/schema\/logo\/image\/\",\"url\":\"https:\/\/www.pressenza.com\/wp-content\/uploads\/2022\/10\/pressenza_logo_200x200.jpg\",\"contentUrl\":\"https:\/\/www.pressenza.com\/wp-content\/uploads\/2022\/10\/pressenza_logo_200x200.jpg\",\"width\":200,\"height\":200,\"caption\":\"Pressenza\"},\"image\":{\"@id\":\"https:\/\/www.pressenza.com\/es\/#\/schema\/logo\/image\/\"},\"sameAs\":[\"https:\/\/www.facebook.com\/PressenzaItalia\",\"https:\/\/x.com\/PressenzaIPA\"]},{\"@type\":\"Person\",\"@id\":\"https:\/\/www.pressenza.com\/es\/#\/schema\/person\/e3b6e74a6334202f64f147a1622ca383\",\"name\":\"\u00c1ngel Sanz Montes\",\"description\":\"Inform\u00e1tico. Gestor de proyectos. Lector, paseante, escritor a ratos y fot\u00f3grafo ocasional. Residente en Ferrol (Espa\u00f1a).\",\"sameAs\":[\"@angel.sanzmontes\"],\"url\":\"https:\/\/www.pressenza.com\/es\/author\/angel-sanz\/\"}]}<\/script>\n<!-- \/ Yoast SEO plugin. -->","yoast_head_json":{"title":"El recibo el\u00e9ctrico y del gas en Espa\u00f1a","description":"El autor hace un an\u00e1lisis de los pormenores acerca de lo que est\u00e1 ocurriendo con los recibos de la luz y el gas en Espa\u00f1a, e invita a la movilizaci\u00f3n","robots":{"index":"index","follow":"follow","max-snippet":"max-snippet:-1","max-image-preview":"max-image-preview:large","max-video-preview":"max-video-preview:-1"},"canonical":"https:\/\/www.pressenza.com\/es\/2021\/01\/el-recibo-electrico-y-del-gas-en-espana\/","og_locale":"es_ES","og_type":"article","og_title":"El recibo el\u00e9ctrico y del gas en Espa\u00f1a","og_description":"El autor hace un an\u00e1lisis de los pormenores acerca de lo que est\u00e1 ocurriendo con los recibos de la luz y el gas en Espa\u00f1a, e invita a la movilizaci\u00f3n","og_url":"https:\/\/www.pressenza.com\/es\/2021\/01\/el-recibo-electrico-y-del-gas-en-espana\/","og_site_name":"Pressenza","article_publisher":"https:\/\/www.facebook.com\/PressenzaItalia","article_author":"@angel.sanzmontes","article_published_time":"2021-01-14T15:27:55+00:00","article_modified_time":"2021-01-14T20:52:20+00:00","og_image":[{"width":1024,"height":763,"url":"https:\/\/www.pressenza.com\/wp-content\/uploads\/2021\/01\/Las-electricas-1.jpg","type":"image\/jpeg"}],"author":"\u00c1ngel Sanz Montes","twitter_card":"summary_large_image","twitter_creator":"@PressenzaIPA","twitter_site":"@PressenzaIPA","twitter_misc":{"Escrito por":"\u00c1ngel Sanz Montes","Tiempo de lectura":"14 minutos"},"schema":{"@context":"https:\/\/schema.org","@graph":[{"@type":"Article","@id":"https:\/\/www.pressenza.com\/es\/2021\/01\/el-recibo-electrico-y-del-gas-en-espana\/#article","isPartOf":{"@id":"https:\/\/www.pressenza.com\/es\/2021\/01\/el-recibo-electrico-y-del-gas-en-espana\/"},"author":{"name":"\u00c1ngel Sanz Montes","@id":"https:\/\/www.pressenza.com\/es\/#\/schema\/person\/e3b6e74a6334202f64f147a1622ca383"},"headline":"El recibo el\u00e9ctrico y del gas en Espa\u00f1a","datePublished":"2021-01-14T15:27:55+00:00","dateModified":"2021-01-14T20:52:20+00:00","mainEntityOfPage":{"@id":"https:\/\/www.pressenza.com\/es\/2021\/01\/el-recibo-electrico-y-del-gas-en-espana\/"},"wordCount":2898,"publisher":{"@id":"https:\/\/www.pressenza.com\/es\/#organization"},"image":{"@id":"https:\/\/www.pressenza.com\/es\/2021\/01\/el-recibo-electrico-y-del-gas-en-espana\/#primaryimage"},"thumbnailUrl":"https:\/\/www.pressenza.com\/wp-content\/uploads\/2021\/01\/Las-electricas-1.jpg","keywords":["compa\u00f1\u00eda electrica","Privatizaci\u00f3n servicios p\u00fablicos","tarifas el\u00e9ctricas"],"articleSection":["Contenido Original","Econom\u00eda","Europa","Pol\u00edtica"],"inLanguage":"es"},{"@type":"WebPage","@id":"https:\/\/www.pressenza.com\/es\/2021\/01\/el-recibo-electrico-y-del-gas-en-espana\/","url":"https:\/\/www.pressenza.com\/es\/2021\/01\/el-recibo-electrico-y-del-gas-en-espana\/","name":"El recibo el\u00e9ctrico y del gas en Espa\u00f1a","isPartOf":{"@id":"https:\/\/www.pressenza.com\/es\/#website"},"primaryImageOfPage":{"@id":"https:\/\/www.pressenza.com\/es\/2021\/01\/el-recibo-electrico-y-del-gas-en-espana\/#primaryimage"},"image":{"@id":"https:\/\/www.pressenza.com\/es\/2021\/01\/el-recibo-electrico-y-del-gas-en-espana\/#primaryimage"},"thumbnailUrl":"https:\/\/www.pressenza.com\/wp-content\/uploads\/2021\/01\/Las-electricas-1.jpg","datePublished":"2021-01-14T15:27:55+00:00","dateModified":"2021-01-14T20:52:20+00:00","description":"El autor hace un an\u00e1lisis de los pormenores acerca de lo que est\u00e1 ocurriendo con los recibos de la luz y el gas en Espa\u00f1a, e invita a la movilizaci\u00f3n","breadcrumb":{"@id":"https:\/\/www.pressenza.com\/es\/2021\/01\/el-recibo-electrico-y-del-gas-en-espana\/#breadcrumb"},"inLanguage":"es","potentialAction":[{"@type":"ReadAction","target":["https:\/\/www.pressenza.com\/es\/2021\/01\/el-recibo-electrico-y-del-gas-en-espana\/"]}]},{"@type":"ImageObject","inLanguage":"es","@id":"https:\/\/www.pressenza.com\/es\/2021\/01\/el-recibo-electrico-y-del-gas-en-espana\/#primaryimage","url":"https:\/\/www.pressenza.com\/wp-content\/uploads\/2021\/01\/Las-electricas-1.jpg","contentUrl":"https:\/\/www.pressenza.com\/wp-content\/uploads\/2021\/01\/Las-electricas-1.jpg","width":1024,"height":763,"caption":"A un lado del contador el consumidor, al otro el negocio de las el\u00e9ctricas estos 20 \u00faltimos a\u00f1os."},{"@type":"BreadcrumbList","@id":"https:\/\/www.pressenza.com\/es\/2021\/01\/el-recibo-electrico-y-del-gas-en-espana\/#breadcrumb","itemListElement":[{"@type":"ListItem","position":1,"name":"Accueil","item":"https:\/\/www.pressenza.com\/es\/"},{"@type":"ListItem","position":2,"name":"El recibo el\u00e9ctrico y del gas en Espa\u00f1a"}]},{"@type":"WebSite","@id":"https:\/\/www.pressenza.com\/es\/#website","url":"https:\/\/www.pressenza.com\/es\/","name":"Pressenza","description":"International Press Agency","publisher":{"@id":"https:\/\/www.pressenza.com\/es\/#organization"},"potentialAction":[{"@type":"SearchAction","target":{"@type":"EntryPoint","urlTemplate":"https:\/\/www.pressenza.com\/es\/?s={search_term_string}"},"query-input":{"@type":"PropertyValueSpecification","valueRequired":true,"valueName":"search_term_string"}}],"inLanguage":"es"},{"@type":"Organization","@id":"https:\/\/www.pressenza.com\/es\/#organization","name":"Pressenza","url":"https:\/\/www.pressenza.com\/es\/","logo":{"@type":"ImageObject","inLanguage":"es","@id":"https:\/\/www.pressenza.com\/es\/#\/schema\/logo\/image\/","url":"https:\/\/www.pressenza.com\/wp-content\/uploads\/2022\/10\/pressenza_logo_200x200.jpg","contentUrl":"https:\/\/www.pressenza.com\/wp-content\/uploads\/2022\/10\/pressenza_logo_200x200.jpg","width":200,"height":200,"caption":"Pressenza"},"image":{"@id":"https:\/\/www.pressenza.com\/es\/#\/schema\/logo\/image\/"},"sameAs":["https:\/\/www.facebook.com\/PressenzaItalia","https:\/\/x.com\/PressenzaIPA"]},{"@type":"Person","@id":"https:\/\/www.pressenza.com\/es\/#\/schema\/person\/e3b6e74a6334202f64f147a1622ca383","name":"\u00c1ngel Sanz Montes","description":"Inform\u00e1tico. Gestor de proyectos. Lector, paseante, escritor a ratos y fot\u00f3grafo ocasional. Residente en Ferrol (Espa\u00f1a).","sameAs":["@angel.sanzmontes"],"url":"https:\/\/www.pressenza.com\/es\/author\/angel-sanz\/"}]}},"place":"Espa\u00f1a","original_article_url":"","_links":{"self":[{"href":"https:\/\/www.pressenza.com\/es\/wp-json\/wp\/v2\/posts\/1277348","targetHints":{"allow":["GET"]}}],"collection":[{"href":"https:\/\/www.pressenza.com\/es\/wp-json\/wp\/v2\/posts"}],"about":[{"href":"https:\/\/www.pressenza.com\/es\/wp-json\/wp\/v2\/types\/post"}],"author":[{"embeddable":true,"href":"https:\/\/www.pressenza.com\/es\/wp-json\/wp\/v2\/users\/1941"}],"replies":[{"embeddable":true,"href":"https:\/\/www.pressenza.com\/es\/wp-json\/wp\/v2\/comments?post=1277348"}],"version-history":[{"count":0,"href":"https:\/\/www.pressenza.com\/es\/wp-json\/wp\/v2\/posts\/1277348\/revisions"}],"wp:featuredmedia":[{"embeddable":true,"href":"https:\/\/www.pressenza.com\/es\/wp-json\/wp\/v2\/media\/1277925"}],"wp:attachment":[{"href":"https:\/\/www.pressenza.com\/es\/wp-json\/wp\/v2\/media?parent=1277348"}],"wp:term":[{"taxonomy":"category","embeddable":true,"href":"https:\/\/www.pressenza.com\/es\/wp-json\/wp\/v2\/categories?post=1277348"},{"taxonomy":"post_tag","embeddable":true,"href":"https:\/\/www.pressenza.com\/es\/wp-json\/wp\/v2\/tags?post=1277348"}],"curies":[{"name":"wp","href":"https:\/\/api.w.org\/{rel}","templated":true}]}}