{"id":1276,"date":"2009-09-09T00:00:00","date_gmt":"2009-09-09T00:00:00","guid":{"rendered":""},"modified":"2009-09-28T05:01:04","modified_gmt":"2009-09-28T05:01:04","slug":"indxgenas-peruanos-detienen-dos-proyectos-petroleros","status":"publish","type":"post","link":"https:\/\/www.pressenza.com\/es\/2009\/09\/indxgenas-peruanos-detienen-dos-proyectos-petroleros\/","title":{"rendered":"Ind\u00edgenas peruanos detienen dos proyectos petroleros"},"content":{"rendered":"<p>Un enorme proyecto petrolero anglo-franc\u00e9s en la Amazonia peruana se encuentra en riesgo despu\u00e9s de que los ind\u00edgenas del pa\u00eds iniciaran una batalla legal para detenerlo.<\/p>\n<p>AIDESEP, la organizaci\u00f3n que aglutina a los ind\u00edgenas de la Amazonia peruana, ha presentado un recurso de amparo urgente ante el Tribunal Constitucional para detener el proyecto, en una parte de la Amazonia peruana conocida como \u201cLote 67\u201d.<\/p>\n<p>El proyecto pertenece a la empresa anglo-francesa Perenco, que prometi\u00f3 invertir 2,000 millones de d\u00f3lares en el yacimiento. Pero AIDESEP teme que el proyecto pueda tener consecuencias catastr\u00f3ficas para los ind\u00edgenas aislados que viven en la zona.<\/p>\n<p>El recurso legal emprendido por los ind\u00edgenas peruanos tambi\u00e9n alude a la empresa espa\u00f1ola Repsol-YPF, que realiza exploraciones cerca de esa zona, en donde la organizaci\u00f3n \u00e9tnica ha colocado lanzas cruzadas como se\u00f1al de prohibici\u00f3n de entrada al lugar.<\/p>\n<p>Perenco recibi\u00f3 luz verde para comenzar a trabajar en el Lote 67 tan s\u00f3lo 13 d\u00edas despu\u00e9s del \u201cTiananmen de la Amazon\u00eda\u201d, cuando polic\u00edas armados rompieron con violencia una protesta ind\u00edgena cerca de la localidad de Bagua. M\u00e1s de 30 polic\u00edas y civiles murieron.<\/p>\n<p>El presidente de la anglo-francesa Perenco, Fran\u00e7ois Perrodo, neg\u00f3 la existencia de ind\u00edgenas aislados en el Lote 67. En un reciente art\u00edculo de un peri\u00f3dico brit\u00e1nico se puso al descubierto c\u00f3mo una compa\u00f1\u00eda contratada por Perenco hab\u00eda ocultado pruebas de su existencia.<\/p>\n<p>El proyecto de Perenco ha suscitado gran indignaci\u00f3n entre las comunidades ind\u00edgenas del norte de Per\u00fa. Se han desarrollado protestas de grandes dimensiones, y durante varias semanas se bloque\u00f3 el r\u00edo Napo para impedir que los barcos de Perenco entrasen en el Lote 67.<\/p>\n<p>Survival ha expresado: \u201cEs muy triste que los ind\u00edgenas de Per\u00fa tengan que acudir a los tribunales para intentar que las petroleras y el Gobierno les escuchen. Tras la tragedia de Bagua, las autoridades prometieron consultar a los pueblos ind\u00edgenas antes de seguir adelante con estos enormes proyectos, pero una vez m\u00e1s, act\u00faan en contra de los deseos de la gente de la zona\u201d.<\/p>\n","protected":false},"excerpt":{"rendered":"<p>Etnias de la amazonia peruana agrupadas en una organizaci\u00f3n ind\u00edgena, acudieron a un tribunal para impedir proyecto de explotaci\u00f3n de yacimientos petroleros que la francesa Perenco y la espa\u00f1ola Repsol tienen contemplado iniciar en la zona en que se produjeron los recientes incidentes con resultados de comuneros y polic\u00edas fallecidos a causa de la represi\u00f3n gubernamental<\/p>\n","protected":false},"author":19,"featured_media":0,"comment_status":"closed","ping_status":"open","sticky":false,"template":"","format":"standard","meta":{"footnotes":""},"categories":[76,39,67],"tags":[],"class_list":["post-1276","post","type-post","status-publish","format-standard","hentry","category-relaciones-exteriores","category-internacional","category-sudamerica"],"yoast_head":"<!-- This site is optimized with the Yoast SEO plugin v27.1.1 - https:\/\/yoast.com\/product\/yoast-seo-wordpress\/ -->\n<title>Ind\u00edgenas peruanos detienen dos proyectos petroleros<\/title>\n<meta name=\"description\" content=\"Etnias de la amazonia peruana agrupadas en una organizaci\u00f3n ind\u00edgena, acudieron a un tribunal para impedir proyecto de explotaci\u00f3n de yacimientos petroleros que la francesa Perenco y la espa\u00f1ola Repsol tienen contemplado iniciar en la zona en que se produjeron los recientes incidentes con resultados de comuneros y polic\u00edas fallecidos a causa de la represi\u00f3n gubernamental\" \/>\n<meta name=\"robots\" content=\"index, follow, max-snippet:-1, max-image-preview:large, max-video-preview:-1\" \/>\n<link rel=\"canonical\" href=\"https:\/\/www.pressenza.com\/es\/2009\/09\/indxgenas-peruanos-detienen-dos-proyectos-petroleros\/\" \/>\n<meta property=\"og:locale\" content=\"es_ES\" \/>\n<meta property=\"og:type\" content=\"article\" \/>\n<meta property=\"og:title\" content=\"Ind\u00edgenas peruanos detienen dos proyectos petroleros\" \/>\n<meta property=\"og:description\" content=\"Etnias de la amazonia peruana agrupadas en una organizaci\u00f3n ind\u00edgena, acudieron a un tribunal para impedir proyecto de explotaci\u00f3n de yacimientos petroleros que la francesa Perenco y la espa\u00f1ola Repsol tienen contemplado iniciar en la zona en que se produjeron los recientes incidentes con resultados de comuneros y polic\u00edas fallecidos a causa de la represi\u00f3n gubernamental\" \/>\n<meta property=\"og:url\" content=\"https:\/\/www.pressenza.com\/es\/2009\/09\/indxgenas-peruanos-detienen-dos-proyectos-petroleros\/\" \/>\n<meta property=\"og:site_name\" content=\"Pressenza\" \/>\n<meta property=\"article:publisher\" content=\"https:\/\/www.facebook.com\/PressenzaItalia\" \/>\n<meta property=\"article:author\" content=\"https:\/\/www.facebook.com\/pressenza\" \/>\n<meta property=\"article:published_time\" content=\"2009-09-09T00:00:00+00:00\" \/>\n<meta property=\"article:modified_time\" content=\"2009-09-28T05:01:04+00:00\" \/>\n<meta name=\"author\" content=\"Pressenza IPA\" \/>\n<meta name=\"twitter:card\" content=\"summary_large_image\" \/>\n<meta name=\"twitter:creator\" content=\"@PressenzaIPA\" \/>\n<meta name=\"twitter:site\" content=\"@PressenzaIPA\" \/>\n<meta name=\"twitter:label1\" content=\"Escrito por\" \/>\n\t<meta name=\"twitter:data1\" content=\"Pressenza IPA\" \/>\n\t<meta name=\"twitter:label2\" content=\"Tiempo de lectura\" \/>\n\t<meta name=\"twitter:data2\" content=\"2 minutos\" \/>\n<script type=\"application\/ld+json\" class=\"yoast-schema-graph\">{\"@context\":\"https:\/\/schema.org\",\"@graph\":[{\"@type\":\"Article\",\"@id\":\"https:\/\/www.pressenza.com\/es\/2009\/09\/indxgenas-peruanos-detienen-dos-proyectos-petroleros\/#article\",\"isPartOf\":{\"@id\":\"https:\/\/www.pressenza.com\/es\/2009\/09\/indxgenas-peruanos-detienen-dos-proyectos-petroleros\/\"},\"author\":{\"name\":\"Pressenza IPA\",\"@id\":\"https:\/\/www.pressenza.com\/es\/#\/schema\/person\/010e5d02bcf40965427a1289a4cc8d75\"},\"headline\":\"Ind\u00edgenas peruanos detienen dos proyectos petroleros\",\"datePublished\":\"2009-09-09T00:00:00+00:00\",\"dateModified\":\"2009-09-28T05:01:04+00:00\",\"mainEntityOfPage\":{\"@id\":\"https:\/\/www.pressenza.com\/es\/2009\/09\/indxgenas-peruanos-detienen-dos-proyectos-petroleros\/\"},\"wordCount\":372,\"publisher\":{\"@id\":\"https:\/\/www.pressenza.com\/es\/#organization\"},\"articleSection\":[\"Asuntos internacionales\",\"Internacional\",\"Sudam\u00e9rica\"],\"inLanguage\":\"es\"},{\"@type\":\"WebPage\",\"@id\":\"https:\/\/www.pressenza.com\/es\/2009\/09\/indxgenas-peruanos-detienen-dos-proyectos-petroleros\/\",\"url\":\"https:\/\/www.pressenza.com\/es\/2009\/09\/indxgenas-peruanos-detienen-dos-proyectos-petroleros\/\",\"name\":\"Ind\u00edgenas peruanos detienen dos proyectos petroleros\",\"isPartOf\":{\"@id\":\"https:\/\/www.pressenza.com\/es\/#website\"},\"datePublished\":\"2009-09-09T00:00:00+00:00\",\"dateModified\":\"2009-09-28T05:01:04+00:00\",\"description\":\"Etnias de la amazonia peruana agrupadas en una organizaci\u00f3n ind\u00edgena, acudieron a un tribunal para impedir proyecto de explotaci\u00f3n de yacimientos petroleros que la francesa Perenco y la espa\u00f1ola Repsol tienen contemplado iniciar en la zona en que se produjeron los recientes incidentes con resultados de comuneros y polic\u00edas fallecidos a causa de la represi\u00f3n gubernamental\",\"breadcrumb\":{\"@id\":\"https:\/\/www.pressenza.com\/es\/2009\/09\/indxgenas-peruanos-detienen-dos-proyectos-petroleros\/#breadcrumb\"},\"inLanguage\":\"es\",\"potentialAction\":[{\"@type\":\"ReadAction\",\"target\":[\"https:\/\/www.pressenza.com\/es\/2009\/09\/indxgenas-peruanos-detienen-dos-proyectos-petroleros\/\"]}]},{\"@type\":\"BreadcrumbList\",\"@id\":\"https:\/\/www.pressenza.com\/es\/2009\/09\/indxgenas-peruanos-detienen-dos-proyectos-petroleros\/#breadcrumb\",\"itemListElement\":[{\"@type\":\"ListItem\",\"position\":1,\"name\":\"Accueil\",\"item\":\"https:\/\/www.pressenza.com\/es\/\"},{\"@type\":\"ListItem\",\"position\":2,\"name\":\"Ind\u00edgenas peruanos detienen dos proyectos petroleros\"}]},{\"@type\":\"WebSite\",\"@id\":\"https:\/\/www.pressenza.com\/es\/#website\",\"url\":\"https:\/\/www.pressenza.com\/es\/\",\"name\":\"Pressenza\",\"description\":\"International Press Agency\",\"publisher\":{\"@id\":\"https:\/\/www.pressenza.com\/es\/#organization\"},\"potentialAction\":[{\"@type\":\"SearchAction\",\"target\":{\"@type\":\"EntryPoint\",\"urlTemplate\":\"https:\/\/www.pressenza.com\/es\/?s={search_term_string}\"},\"query-input\":{\"@type\":\"PropertyValueSpecification\",\"valueRequired\":true,\"valueName\":\"search_term_string\"}}],\"inLanguage\":\"es\"},{\"@type\":\"Organization\",\"@id\":\"https:\/\/www.pressenza.com\/es\/#organization\",\"name\":\"Pressenza\",\"url\":\"https:\/\/www.pressenza.com\/es\/\",\"logo\":{\"@type\":\"ImageObject\",\"inLanguage\":\"es\",\"@id\":\"https:\/\/www.pressenza.com\/es\/#\/schema\/logo\/image\/\",\"url\":\"https:\/\/www.pressenza.com\/wp-content\/uploads\/2022\/10\/pressenza_logo_200x200.jpg\",\"contentUrl\":\"https:\/\/www.pressenza.com\/wp-content\/uploads\/2022\/10\/pressenza_logo_200x200.jpg\",\"width\":200,\"height\":200,\"caption\":\"Pressenza\"},\"image\":{\"@id\":\"https:\/\/www.pressenza.com\/es\/#\/schema\/logo\/image\/\"},\"sameAs\":[\"https:\/\/www.facebook.com\/PressenzaItalia\",\"https:\/\/x.com\/PressenzaIPA\"]},{\"@type\":\"Person\",\"@id\":\"https:\/\/www.pressenza.com\/es\/#\/schema\/person\/010e5d02bcf40965427a1289a4cc8d75\",\"name\":\"Pressenza IPA\",\"description\":\"News from Pressenza IPA correspondents\",\"sameAs\":[\"https:\/\/www.facebook.com\/pressenza\",\"https:\/\/x.com\/PressenzaIPA\"],\"url\":\"https:\/\/www.pressenza.com\/es\/author\/pressenza-ipa\/\"}]}<\/script>\n<!-- \/ Yoast SEO plugin. -->","yoast_head_json":{"title":"Ind\u00edgenas peruanos detienen dos proyectos petroleros","description":"Etnias de la amazonia peruana agrupadas en una organizaci\u00f3n ind\u00edgena, acudieron a un tribunal para impedir proyecto de explotaci\u00f3n de yacimientos petroleros que la francesa Perenco y la espa\u00f1ola Repsol tienen contemplado iniciar en la zona en que se produjeron los recientes incidentes con resultados de comuneros y polic\u00edas fallecidos a causa de la represi\u00f3n gubernamental","robots":{"index":"index","follow":"follow","max-snippet":"max-snippet:-1","max-image-preview":"max-image-preview:large","max-video-preview":"max-video-preview:-1"},"canonical":"https:\/\/www.pressenza.com\/es\/2009\/09\/indxgenas-peruanos-detienen-dos-proyectos-petroleros\/","og_locale":"es_ES","og_type":"article","og_title":"Ind\u00edgenas peruanos detienen dos proyectos petroleros","og_description":"Etnias de la amazonia peruana agrupadas en una organizaci\u00f3n ind\u00edgena, acudieron a un tribunal para impedir proyecto de explotaci\u00f3n de yacimientos petroleros que la francesa Perenco y la espa\u00f1ola Repsol tienen contemplado iniciar en la zona en que se produjeron los recientes incidentes con resultados de comuneros y polic\u00edas fallecidos a causa de la represi\u00f3n gubernamental","og_url":"https:\/\/www.pressenza.com\/es\/2009\/09\/indxgenas-peruanos-detienen-dos-proyectos-petroleros\/","og_site_name":"Pressenza","article_publisher":"https:\/\/www.facebook.com\/PressenzaItalia","article_author":"https:\/\/www.facebook.com\/pressenza","article_published_time":"2009-09-09T00:00:00+00:00","article_modified_time":"2009-09-28T05:01:04+00:00","author":"Pressenza IPA","twitter_card":"summary_large_image","twitter_creator":"@PressenzaIPA","twitter_site":"@PressenzaIPA","twitter_misc":{"Escrito por":"Pressenza IPA","Tiempo de lectura":"2 minutos"},"schema":{"@context":"https:\/\/schema.org","@graph":[{"@type":"Article","@id":"https:\/\/www.pressenza.com\/es\/2009\/09\/indxgenas-peruanos-detienen-dos-proyectos-petroleros\/#article","isPartOf":{"@id":"https:\/\/www.pressenza.com\/es\/2009\/09\/indxgenas-peruanos-detienen-dos-proyectos-petroleros\/"},"author":{"name":"Pressenza IPA","@id":"https:\/\/www.pressenza.com\/es\/#\/schema\/person\/010e5d02bcf40965427a1289a4cc8d75"},"headline":"Ind\u00edgenas peruanos detienen dos proyectos petroleros","datePublished":"2009-09-09T00:00:00+00:00","dateModified":"2009-09-28T05:01:04+00:00","mainEntityOfPage":{"@id":"https:\/\/www.pressenza.com\/es\/2009\/09\/indxgenas-peruanos-detienen-dos-proyectos-petroleros\/"},"wordCount":372,"publisher":{"@id":"https:\/\/www.pressenza.com\/es\/#organization"},"articleSection":["Asuntos internacionales","Internacional","Sudam\u00e9rica"],"inLanguage":"es"},{"@type":"WebPage","@id":"https:\/\/www.pressenza.com\/es\/2009\/09\/indxgenas-peruanos-detienen-dos-proyectos-petroleros\/","url":"https:\/\/www.pressenza.com\/es\/2009\/09\/indxgenas-peruanos-detienen-dos-proyectos-petroleros\/","name":"Ind\u00edgenas peruanos detienen dos proyectos petroleros","isPartOf":{"@id":"https:\/\/www.pressenza.com\/es\/#website"},"datePublished":"2009-09-09T00:00:00+00:00","dateModified":"2009-09-28T05:01:04+00:00","description":"Etnias de la amazonia peruana agrupadas en una organizaci\u00f3n ind\u00edgena, acudieron a un tribunal para impedir proyecto de explotaci\u00f3n de yacimientos petroleros que la francesa Perenco y la espa\u00f1ola Repsol tienen contemplado iniciar en la zona en que se produjeron los recientes incidentes con resultados de comuneros y polic\u00edas fallecidos a causa de la represi\u00f3n gubernamental","breadcrumb":{"@id":"https:\/\/www.pressenza.com\/es\/2009\/09\/indxgenas-peruanos-detienen-dos-proyectos-petroleros\/#breadcrumb"},"inLanguage":"es","potentialAction":[{"@type":"ReadAction","target":["https:\/\/www.pressenza.com\/es\/2009\/09\/indxgenas-peruanos-detienen-dos-proyectos-petroleros\/"]}]},{"@type":"BreadcrumbList","@id":"https:\/\/www.pressenza.com\/es\/2009\/09\/indxgenas-peruanos-detienen-dos-proyectos-petroleros\/#breadcrumb","itemListElement":[{"@type":"ListItem","position":1,"name":"Accueil","item":"https:\/\/www.pressenza.com\/es\/"},{"@type":"ListItem","position":2,"name":"Ind\u00edgenas peruanos detienen dos proyectos petroleros"}]},{"@type":"WebSite","@id":"https:\/\/www.pressenza.com\/es\/#website","url":"https:\/\/www.pressenza.com\/es\/","name":"Pressenza","description":"International Press Agency","publisher":{"@id":"https:\/\/www.pressenza.com\/es\/#organization"},"potentialAction":[{"@type":"SearchAction","target":{"@type":"EntryPoint","urlTemplate":"https:\/\/www.pressenza.com\/es\/?s={search_term_string}"},"query-input":{"@type":"PropertyValueSpecification","valueRequired":true,"valueName":"search_term_string"}}],"inLanguage":"es"},{"@type":"Organization","@id":"https:\/\/www.pressenza.com\/es\/#organization","name":"Pressenza","url":"https:\/\/www.pressenza.com\/es\/","logo":{"@type":"ImageObject","inLanguage":"es","@id":"https:\/\/www.pressenza.com\/es\/#\/schema\/logo\/image\/","url":"https:\/\/www.pressenza.com\/wp-content\/uploads\/2022\/10\/pressenza_logo_200x200.jpg","contentUrl":"https:\/\/www.pressenza.com\/wp-content\/uploads\/2022\/10\/pressenza_logo_200x200.jpg","width":200,"height":200,"caption":"Pressenza"},"image":{"@id":"https:\/\/www.pressenza.com\/es\/#\/schema\/logo\/image\/"},"sameAs":["https:\/\/www.facebook.com\/PressenzaItalia","https:\/\/x.com\/PressenzaIPA"]},{"@type":"Person","@id":"https:\/\/www.pressenza.com\/es\/#\/schema\/person\/010e5d02bcf40965427a1289a4cc8d75","name":"Pressenza IPA","description":"News from Pressenza IPA correspondents","sameAs":["https:\/\/www.facebook.com\/pressenza","https:\/\/x.com\/PressenzaIPA"],"url":"https:\/\/www.pressenza.com\/es\/author\/pressenza-ipa\/"}]}},"place":"Lima","original_article_url":"","_links":{"self":[{"href":"https:\/\/www.pressenza.com\/es\/wp-json\/wp\/v2\/posts\/1276","targetHints":{"allow":["GET"]}}],"collection":[{"href":"https:\/\/www.pressenza.com\/es\/wp-json\/wp\/v2\/posts"}],"about":[{"href":"https:\/\/www.pressenza.com\/es\/wp-json\/wp\/v2\/types\/post"}],"author":[{"embeddable":true,"href":"https:\/\/www.pressenza.com\/es\/wp-json\/wp\/v2\/users\/19"}],"replies":[{"embeddable":true,"href":"https:\/\/www.pressenza.com\/es\/wp-json\/wp\/v2\/comments?post=1276"}],"version-history":[{"count":0,"href":"https:\/\/www.pressenza.com\/es\/wp-json\/wp\/v2\/posts\/1276\/revisions"}],"wp:attachment":[{"href":"https:\/\/www.pressenza.com\/es\/wp-json\/wp\/v2\/media?parent=1276"}],"wp:term":[{"taxonomy":"category","embeddable":true,"href":"https:\/\/www.pressenza.com\/es\/wp-json\/wp\/v2\/categories?post=1276"},{"taxonomy":"post_tag","embeddable":true,"href":"https:\/\/www.pressenza.com\/es\/wp-json\/wp\/v2\/tags?post=1276"}],"curies":[{"name":"wp","href":"https:\/\/api.w.org\/{rel}","templated":true}]}}