{"id":1275657,"date":"2021-01-10T20:10:21","date_gmt":"2021-01-10T20:10:21","guid":{"rendered":"https:\/\/www.pressenza.com\/?p=1275657"},"modified":"2021-01-10T20:10:21","modified_gmt":"2021-01-10T20:10:21","slug":"los-carabineros-y-su-contribucion-a-la-delincuencia","status":"publish","type":"post","link":"https:\/\/www.pressenza.com\/es\/2021\/01\/los-carabineros-y-su-contribucion-a-la-delincuencia\/","title":{"rendered":"Los carabineros y su contribuci\u00f3n a la delincuencia"},"content":{"rendered":"<p>El senador independiente Alejandro Guillier ha advertido a los chilenos sobre aquellos reiterados delitos cometidos por carabineros en relaci\u00f3n a la extra\u00f1a desaparici\u00f3n de su armamento personal y hasta de una asociaci\u00f3n il\u00edcita entre los uniformados para entregar o vender armas de fuego a delincuentes y narcotraficantes. Al mismo tiempo, denuncia que el gasto en la adquisici\u00f3n de municiones es demasiado alto y no existe un arqueo de lo que efectivamente se usa para realizar su labor \u201cdisuasiva\u201d cuando, adem\u00e1s, se sabe que esta polic\u00eda decomisa m\u00e1s de doscientas armas ilegales que terminan \u201cperdi\u00e9ndose\u201d en las bodegas de la instituci\u00f3n sin registro alguno.<\/p>\n<p>Al pa\u00eds le consta, adem\u00e1s, que desde el t\u00e9rmino de la Dictadura (hace treinta a\u00f1os) la instituci\u00f3n Carabineros de Chile no ha sido mayormente intervenida por las autoridades, despu\u00e9s de que sus efectivos se caracterizaran por haber practicado el terrorismo de estado en delitos que hasta ahora conmueven a la poblaci\u00f3n y que obtuvieron, finalmente, altos grados de impunidad. Millonarios han sido, adem\u00e1s, los desfalcos fiscales cometidos por la alta oficialidad, as\u00ed como los casos de corrupci\u00f3n que han podido destaparse gracias, principalmente, a la acci\u00f3n del buen periodismo.<\/p>\n<p>Para colmo, son tambi\u00e9n muchos polic\u00edas los involucrados en estas \u00faltimas d\u00e9cadas por el horror de sus operativos para combatir la que llaman \u201cinsurrecci\u00f3n terrorista\u201d de la Araucan\u00eda, reprimiendo sin criterio alguno las protestas sociales, al grado que hoy sus \u201cservicios especiales\u201d se distinguen por ser uno de los m\u00e1s fieros del mundo, as\u00ed como culpables de vaciarles las cuencas de sus ojos a decenas de j\u00f3venes. Llegando al extremo de lanzar al r\u00edo Mapocho a uno de los manifestantes dentro del Estallido Social de fines del 2019.<\/p>\n<p>En estos d\u00edas ya se sabe la condena de ocho carabineros por el asesinado del comunero mapuche Mat\u00edas Catrillanca, una operaci\u00f3n que los comprometi\u00f3 como autores intelectuales, materiales y c\u00f3mplices que incluso intentaron ocultar informaci\u00f3n y tergiversar los hechos, obstaculizando por largos meses la acci\u00f3n de los tribunales.<\/p>\n<p>La misma complicidad de la clase pol\u00edtica con las Fuerzas Armadas y su extendida corrupci\u00f3n ha favorecido ciertamente a la polic\u00eda uniformada. Por lo mismo, hoy existe alto consenso en que \u00e9sta debiera someterse a una completa reestructuraci\u00f3n, pero sin que hasta el momento el Gobierno y el Parlamento acometan una propuesta seria al respecto. De esta forma, el presidente Pi\u00f1era corre ya el riesgo de ser reconocido en nuestra historia como un genocida m\u00e1s en La Moneda en relaci\u00f3n al encono policial descargado contra nuestras minor\u00edas \u00e9tnicas, cuanto destinada a aplacar el descontento social del pa\u00eds. A la zaga, por supuesto, de gobernantes como Arturo Alessandri y el propio Pinochet por sus reiteradas masacres en contra de la poblaci\u00f3n chilena.<\/p>\n<p>M\u00e1s que con el \u00e1nimo de intervenir en favor de esta reestructuraci\u00f3n, las autoridades se proponen reci\u00e9n ahora una reforma al respecto, de forma de evitar que esta tarea sea cumplida por la futura Convenci\u00f3n Constituyente, y Carabineros de Chile sea disuelto en favor de varias instituciones policiales como ocurre en otros pa\u00edses. Junto con que el Estado proceda a renovar a sus integrantes, corregir sus procedimientos y poner a sus efectivos bajo el poder civil. A esta altura de la complejidad social, no hay raz\u00f3n para que recaiga en un solo mando la responsabilidad de misiones tan diversas como garantizar el orden p\u00fablico, controlar los flujos del tr\u00e1nsito, velar por la soberan\u00eda geogr\u00e1fica y proteger a las autoridades, las empresas e instancias de todo orden en materia de educaci\u00f3n, salud, trabajo y patrimonio cultural.<\/p>\n<p>Justamente en estos d\u00edas, hay un hospital p\u00fablico que pide la instalaci\u00f3n en sus dependencias de una comisar\u00eda de Carabineros a objeto que sus funcionarios sean resguardados ante la airada acci\u00f3n de aquellos familiares de pacientes impedidos de acercarse a sus seres queridos cuando son tratados o fallecen por el Covid 19. Es cosa de imaginar cu\u00e1ntos polic\u00edas se necesitar\u00edan tan solo para hacer guardia en todos los centros de salud, colegios, universidades, oficinas p\u00fablicas y centros de producci\u00f3n y comercio. Adem\u00e1s de velar por el orden en las calles, avenidas, plazas, puentes, estadios, aeropuertos y carreteras, entre otros. Tan a merced en la actualidad de asaltantes y bandas armadas que han sofisticado sus armas a efecto del incontrolado contrabando y, por cierto, la acci\u00f3n y complicidad de los propios polic\u00edas.<\/p>\n<p>De lo que estamos seguros es que para todo esto habr\u00eda m\u00e1s que duplicar o triplicar el n\u00famero de carabineros y seguir desaguando el erario nacional en favor de \u00e9sta y de todas las ramas castrenses que se comen abusivos recursos en sueldos, pensiones y pertrechos que r\u00e1pidamente caen en desuso o se utilizan en contra de nuestra propia poblaci\u00f3n. Puede parecer un dato irrelevante, pero \u00a1vaya que nos consta la atractiva seducci\u00f3n que los uniformados ejercen para mantener sol\u00edcitos a los gobernantes y muy especialmente a los ministros de Defensa! Es decir, a quienes vienen ocupando uno de los cargos m\u00e1s apetecibles dentro de la gran repartija de cargos p\u00fablicos a cargo, por turno, de los partidos pol\u00edticos. Gracias a las consabidas lisonjas de las c\u00fapulas militares y policiales, como por los recursos que pueden acaudalar por sueldos, vi\u00e1ticos y d\u00e1divas durante sus correspondientes desempe\u00f1os. Los que pueden resultar muy auspiciosos para solventar su escalamiento pol\u00edtico.<\/p>\n","protected":false},"excerpt":{"rendered":"<p>El senador independiente Alejandro Guillier ha advertido a los chilenos sobre aquellos reiterados delitos cometidos por carabineros en relaci\u00f3n a la extra\u00f1a desaparici\u00f3n de su armamento personal y hasta de una asociaci\u00f3n il\u00edcita entre los uniformados para entregar o vender&hellip;<\/p>\n","protected":false},"author":1739,"featured_media":1275658,"comment_status":"closed","ping_status":"closed","sticky":false,"template":"","format":"standard","meta":{"footnotes":""},"categories":[11389,161,74,67],"tags":[66621,29],"class_list":["post-1275657","post","type-post","status-publish","format-standard","has-post-thumbnail","hentry","category-contenido-original","category-opiniones","category-politica-es","category-sudamerica","tag-carabineros-de-chile","tag-chile"],"yoast_head":"<!-- This site is optimized with the Yoast SEO plugin v27.1.1 - https:\/\/yoast.com\/product\/yoast-seo-wordpress\/ -->\n<title>Los carabineros y su contribuci\u00f3n a la delincuencia<\/title>\n<meta name=\"description\" content=\"El senador independiente Alejandro Guillier ha advertido a los chilenos sobre aquellos reiterados delitos cometidos por carabineros en relaci\u00f3n a la\" \/>\n<meta name=\"robots\" content=\"index, follow, max-snippet:-1, max-image-preview:large, max-video-preview:-1\" \/>\n<link rel=\"canonical\" href=\"https:\/\/www.pressenza.com\/es\/2021\/01\/los-carabineros-y-su-contribucion-a-la-delincuencia\/\" \/>\n<meta property=\"og:locale\" content=\"es_ES\" \/>\n<meta property=\"og:type\" content=\"article\" \/>\n<meta property=\"og:title\" content=\"Los carabineros y su contribuci\u00f3n a la delincuencia\" \/>\n<meta property=\"og:description\" content=\"El senador independiente Alejandro Guillier ha advertido a los chilenos sobre aquellos reiterados delitos cometidos por carabineros en relaci\u00f3n a la\" \/>\n<meta property=\"og:url\" content=\"https:\/\/www.pressenza.com\/es\/2021\/01\/los-carabineros-y-su-contribucion-a-la-delincuencia\/\" \/>\n<meta property=\"og:site_name\" content=\"Pressenza\" \/>\n<meta property=\"article:publisher\" content=\"https:\/\/www.facebook.com\/PressenzaItalia\" \/>\n<meta property=\"article:published_time\" content=\"2021-01-10T20:10:21+00:00\" \/>\n<meta property=\"og:image\" content=\"https:\/\/www.pressenza.com\/wp-content\/uploads\/2021\/01\/un-tipo.jpeg\" \/>\n\t<meta property=\"og:image:width\" content=\"1067\" \/>\n\t<meta property=\"og:image:height\" content=\"456\" \/>\n\t<meta property=\"og:image:type\" content=\"image\/jpeg\" \/>\n<meta name=\"author\" content=\"Juan Pablo C\u00e1rdenas\" \/>\n<meta name=\"twitter:card\" content=\"summary_large_image\" \/>\n<meta name=\"twitter:creator\" content=\"@PressenzaIPA\" \/>\n<meta name=\"twitter:site\" content=\"@PressenzaIPA\" \/>\n<meta name=\"twitter:label1\" content=\"Escrito por\" \/>\n\t<meta name=\"twitter:data1\" content=\"Juan Pablo C\u00e1rdenas\" \/>\n\t<meta name=\"twitter:label2\" content=\"Tiempo de lectura\" \/>\n\t<meta name=\"twitter:data2\" content=\"5 minutos\" \/>\n<script type=\"application\/ld+json\" class=\"yoast-schema-graph\">{\"@context\":\"https:\/\/schema.org\",\"@graph\":[{\"@type\":\"Article\",\"@id\":\"https:\/\/www.pressenza.com\/es\/2021\/01\/los-carabineros-y-su-contribucion-a-la-delincuencia\/#article\",\"isPartOf\":{\"@id\":\"https:\/\/www.pressenza.com\/es\/2021\/01\/los-carabineros-y-su-contribucion-a-la-delincuencia\/\"},\"author\":{\"name\":\"Juan Pablo C\u00e1rdenas\",\"@id\":\"https:\/\/www.pressenza.com\/es\/#\/schema\/person\/d72a7c8c014dcbfa2ef9e9976103ea0d\"},\"headline\":\"Los carabineros y su contribuci\u00f3n a la delincuencia\",\"datePublished\":\"2021-01-10T20:10:21+00:00\",\"mainEntityOfPage\":{\"@id\":\"https:\/\/www.pressenza.com\/es\/2021\/01\/los-carabineros-y-su-contribucion-a-la-delincuencia\/\"},\"wordCount\":963,\"publisher\":{\"@id\":\"https:\/\/www.pressenza.com\/es\/#organization\"},\"image\":{\"@id\":\"https:\/\/www.pressenza.com\/es\/2021\/01\/los-carabineros-y-su-contribucion-a-la-delincuencia\/#primaryimage\"},\"thumbnailUrl\":\"https:\/\/www.pressenza.com\/wp-content\/uploads\/2021\/01\/un-tipo.jpeg\",\"keywords\":[\"Carabineros de Chile\",\"Chile\"],\"articleSection\":[\"Contenido Original\",\"Opiniones\",\"Pol\u00edtica\",\"Sudam\u00e9rica\"],\"inLanguage\":\"es\"},{\"@type\":\"WebPage\",\"@id\":\"https:\/\/www.pressenza.com\/es\/2021\/01\/los-carabineros-y-su-contribucion-a-la-delincuencia\/\",\"url\":\"https:\/\/www.pressenza.com\/es\/2021\/01\/los-carabineros-y-su-contribucion-a-la-delincuencia\/\",\"name\":\"Los carabineros y su contribuci\u00f3n a la delincuencia\",\"isPartOf\":{\"@id\":\"https:\/\/www.pressenza.com\/es\/#website\"},\"primaryImageOfPage\":{\"@id\":\"https:\/\/www.pressenza.com\/es\/2021\/01\/los-carabineros-y-su-contribucion-a-la-delincuencia\/#primaryimage\"},\"image\":{\"@id\":\"https:\/\/www.pressenza.com\/es\/2021\/01\/los-carabineros-y-su-contribucion-a-la-delincuencia\/#primaryimage\"},\"thumbnailUrl\":\"https:\/\/www.pressenza.com\/wp-content\/uploads\/2021\/01\/un-tipo.jpeg\",\"datePublished\":\"2021-01-10T20:10:21+00:00\",\"description\":\"El senador independiente Alejandro Guillier ha advertido a los chilenos sobre aquellos reiterados delitos cometidos por carabineros en relaci\u00f3n a la\",\"breadcrumb\":{\"@id\":\"https:\/\/www.pressenza.com\/es\/2021\/01\/los-carabineros-y-su-contribucion-a-la-delincuencia\/#breadcrumb\"},\"inLanguage\":\"es\",\"potentialAction\":[{\"@type\":\"ReadAction\",\"target\":[\"https:\/\/www.pressenza.com\/es\/2021\/01\/los-carabineros-y-su-contribucion-a-la-delincuencia\/\"]}]},{\"@type\":\"ImageObject\",\"inLanguage\":\"es\",\"@id\":\"https:\/\/www.pressenza.com\/es\/2021\/01\/los-carabineros-y-su-contribucion-a-la-delincuencia\/#primaryimage\",\"url\":\"https:\/\/www.pressenza.com\/wp-content\/uploads\/2021\/01\/un-tipo.jpeg\",\"contentUrl\":\"https:\/\/www.pressenza.com\/wp-content\/uploads\/2021\/01\/un-tipo.jpeg\",\"width\":1067,\"height\":456,\"caption\":\"Claudia Aranda\"},{\"@type\":\"BreadcrumbList\",\"@id\":\"https:\/\/www.pressenza.com\/es\/2021\/01\/los-carabineros-y-su-contribucion-a-la-delincuencia\/#breadcrumb\",\"itemListElement\":[{\"@type\":\"ListItem\",\"position\":1,\"name\":\"Accueil\",\"item\":\"https:\/\/www.pressenza.com\/es\/\"},{\"@type\":\"ListItem\",\"position\":2,\"name\":\"Los carabineros y su contribuci\u00f3n a la delincuencia\"}]},{\"@type\":\"WebSite\",\"@id\":\"https:\/\/www.pressenza.com\/es\/#website\",\"url\":\"https:\/\/www.pressenza.com\/es\/\",\"name\":\"Pressenza\",\"description\":\"International Press Agency\",\"publisher\":{\"@id\":\"https:\/\/www.pressenza.com\/es\/#organization\"},\"potentialAction\":[{\"@type\":\"SearchAction\",\"target\":{\"@type\":\"EntryPoint\",\"urlTemplate\":\"https:\/\/www.pressenza.com\/es\/?s={search_term_string}\"},\"query-input\":{\"@type\":\"PropertyValueSpecification\",\"valueRequired\":true,\"valueName\":\"search_term_string\"}}],\"inLanguage\":\"es\"},{\"@type\":\"Organization\",\"@id\":\"https:\/\/www.pressenza.com\/es\/#organization\",\"name\":\"Pressenza\",\"url\":\"https:\/\/www.pressenza.com\/es\/\",\"logo\":{\"@type\":\"ImageObject\",\"inLanguage\":\"es\",\"@id\":\"https:\/\/www.pressenza.com\/es\/#\/schema\/logo\/image\/\",\"url\":\"https:\/\/www.pressenza.com\/wp-content\/uploads\/2022\/10\/pressenza_logo_200x200.jpg\",\"contentUrl\":\"https:\/\/www.pressenza.com\/wp-content\/uploads\/2022\/10\/pressenza_logo_200x200.jpg\",\"width\":200,\"height\":200,\"caption\":\"Pressenza\"},\"image\":{\"@id\":\"https:\/\/www.pressenza.com\/es\/#\/schema\/logo\/image\/\"},\"sameAs\":[\"https:\/\/www.facebook.com\/PressenzaItalia\",\"https:\/\/x.com\/PressenzaIPA\"]},{\"@type\":\"Person\",\"@id\":\"https:\/\/www.pressenza.com\/es\/#\/schema\/person\/d72a7c8c014dcbfa2ef9e9976103ea0d\",\"name\":\"Juan Pablo C\u00e1rdenas\",\"description\":\"Juan Pablo C\u00e1rdenas Squella es un periodista y profesor universitario de vasta trayectoria. En el 2005 recibi\u00f3 en premio nacional de Periodismo y, antes, la Pluma de Oro de la Libertad, otorgada por la Federaci\u00f3n Mundial de la Prensa. Tambi\u00e9n obtuvo el Premio Latinoamericano de Periodismo, la Houten Camara de Holanda (1989) entre otras m\u00faltiples distinciones nacionales y extranjeras. Forma parte de los sesenta periodistas del mundo considerados H\u00e9roes de la Libertad de Expresi\u00f3n, reconocimiento hecho por la Federaci\u00f3n Internacional de Periodistas. Ha sido director y columnista de las revistas Debate Universitario, An\u00e1lisis y Los Tiempos, as\u00ed como del diario electr\u00f3nico primeral\u00ednea.cl. Tambi\u00e9n fue por m\u00e1s 18 a\u00f1os director de la Radio Universidad de Chile y de su diario digital. Se ha desempe\u00f1ado como profesor de varias escuelas de periodismo de Santiago y Valpara\u00edso y en la Universidad de Chile alcanz\u00f3 el grado de profesor titular y senador universitario.\",\"url\":\"https:\/\/www.pressenza.com\/es\/author\/juan-pablo-cardenas\/\"}]}<\/script>\n<!-- \/ Yoast SEO plugin. -->","yoast_head_json":{"title":"Los carabineros y su contribuci\u00f3n a la delincuencia","description":"El senador independiente Alejandro Guillier ha advertido a los chilenos sobre aquellos reiterados delitos cometidos por carabineros en relaci\u00f3n a la","robots":{"index":"index","follow":"follow","max-snippet":"max-snippet:-1","max-image-preview":"max-image-preview:large","max-video-preview":"max-video-preview:-1"},"canonical":"https:\/\/www.pressenza.com\/es\/2021\/01\/los-carabineros-y-su-contribucion-a-la-delincuencia\/","og_locale":"es_ES","og_type":"article","og_title":"Los carabineros y su contribuci\u00f3n a la delincuencia","og_description":"El senador independiente Alejandro Guillier ha advertido a los chilenos sobre aquellos reiterados delitos cometidos por carabineros en relaci\u00f3n a la","og_url":"https:\/\/www.pressenza.com\/es\/2021\/01\/los-carabineros-y-su-contribucion-a-la-delincuencia\/","og_site_name":"Pressenza","article_publisher":"https:\/\/www.facebook.com\/PressenzaItalia","article_published_time":"2021-01-10T20:10:21+00:00","og_image":[{"width":1067,"height":456,"url":"https:\/\/www.pressenza.com\/wp-content\/uploads\/2021\/01\/un-tipo.jpeg","type":"image\/jpeg"}],"author":"Juan Pablo C\u00e1rdenas","twitter_card":"summary_large_image","twitter_creator":"@PressenzaIPA","twitter_site":"@PressenzaIPA","twitter_misc":{"Escrito por":"Juan Pablo C\u00e1rdenas","Tiempo de lectura":"5 minutos"},"schema":{"@context":"https:\/\/schema.org","@graph":[{"@type":"Article","@id":"https:\/\/www.pressenza.com\/es\/2021\/01\/los-carabineros-y-su-contribucion-a-la-delincuencia\/#article","isPartOf":{"@id":"https:\/\/www.pressenza.com\/es\/2021\/01\/los-carabineros-y-su-contribucion-a-la-delincuencia\/"},"author":{"name":"Juan Pablo C\u00e1rdenas","@id":"https:\/\/www.pressenza.com\/es\/#\/schema\/person\/d72a7c8c014dcbfa2ef9e9976103ea0d"},"headline":"Los carabineros y su contribuci\u00f3n a la delincuencia","datePublished":"2021-01-10T20:10:21+00:00","mainEntityOfPage":{"@id":"https:\/\/www.pressenza.com\/es\/2021\/01\/los-carabineros-y-su-contribucion-a-la-delincuencia\/"},"wordCount":963,"publisher":{"@id":"https:\/\/www.pressenza.com\/es\/#organization"},"image":{"@id":"https:\/\/www.pressenza.com\/es\/2021\/01\/los-carabineros-y-su-contribucion-a-la-delincuencia\/#primaryimage"},"thumbnailUrl":"https:\/\/www.pressenza.com\/wp-content\/uploads\/2021\/01\/un-tipo.jpeg","keywords":["Carabineros de Chile","Chile"],"articleSection":["Contenido Original","Opiniones","Pol\u00edtica","Sudam\u00e9rica"],"inLanguage":"es"},{"@type":"WebPage","@id":"https:\/\/www.pressenza.com\/es\/2021\/01\/los-carabineros-y-su-contribucion-a-la-delincuencia\/","url":"https:\/\/www.pressenza.com\/es\/2021\/01\/los-carabineros-y-su-contribucion-a-la-delincuencia\/","name":"Los carabineros y su contribuci\u00f3n a la delincuencia","isPartOf":{"@id":"https:\/\/www.pressenza.com\/es\/#website"},"primaryImageOfPage":{"@id":"https:\/\/www.pressenza.com\/es\/2021\/01\/los-carabineros-y-su-contribucion-a-la-delincuencia\/#primaryimage"},"image":{"@id":"https:\/\/www.pressenza.com\/es\/2021\/01\/los-carabineros-y-su-contribucion-a-la-delincuencia\/#primaryimage"},"thumbnailUrl":"https:\/\/www.pressenza.com\/wp-content\/uploads\/2021\/01\/un-tipo.jpeg","datePublished":"2021-01-10T20:10:21+00:00","description":"El senador independiente Alejandro Guillier ha advertido a los chilenos sobre aquellos reiterados delitos cometidos por carabineros en relaci\u00f3n a la","breadcrumb":{"@id":"https:\/\/www.pressenza.com\/es\/2021\/01\/los-carabineros-y-su-contribucion-a-la-delincuencia\/#breadcrumb"},"inLanguage":"es","potentialAction":[{"@type":"ReadAction","target":["https:\/\/www.pressenza.com\/es\/2021\/01\/los-carabineros-y-su-contribucion-a-la-delincuencia\/"]}]},{"@type":"ImageObject","inLanguage":"es","@id":"https:\/\/www.pressenza.com\/es\/2021\/01\/los-carabineros-y-su-contribucion-a-la-delincuencia\/#primaryimage","url":"https:\/\/www.pressenza.com\/wp-content\/uploads\/2021\/01\/un-tipo.jpeg","contentUrl":"https:\/\/www.pressenza.com\/wp-content\/uploads\/2021\/01\/un-tipo.jpeg","width":1067,"height":456,"caption":"Claudia Aranda"},{"@type":"BreadcrumbList","@id":"https:\/\/www.pressenza.com\/es\/2021\/01\/los-carabineros-y-su-contribucion-a-la-delincuencia\/#breadcrumb","itemListElement":[{"@type":"ListItem","position":1,"name":"Accueil","item":"https:\/\/www.pressenza.com\/es\/"},{"@type":"ListItem","position":2,"name":"Los carabineros y su contribuci\u00f3n a la delincuencia"}]},{"@type":"WebSite","@id":"https:\/\/www.pressenza.com\/es\/#website","url":"https:\/\/www.pressenza.com\/es\/","name":"Pressenza","description":"International Press Agency","publisher":{"@id":"https:\/\/www.pressenza.com\/es\/#organization"},"potentialAction":[{"@type":"SearchAction","target":{"@type":"EntryPoint","urlTemplate":"https:\/\/www.pressenza.com\/es\/?s={search_term_string}"},"query-input":{"@type":"PropertyValueSpecification","valueRequired":true,"valueName":"search_term_string"}}],"inLanguage":"es"},{"@type":"Organization","@id":"https:\/\/www.pressenza.com\/es\/#organization","name":"Pressenza","url":"https:\/\/www.pressenza.com\/es\/","logo":{"@type":"ImageObject","inLanguage":"es","@id":"https:\/\/www.pressenza.com\/es\/#\/schema\/logo\/image\/","url":"https:\/\/www.pressenza.com\/wp-content\/uploads\/2022\/10\/pressenza_logo_200x200.jpg","contentUrl":"https:\/\/www.pressenza.com\/wp-content\/uploads\/2022\/10\/pressenza_logo_200x200.jpg","width":200,"height":200,"caption":"Pressenza"},"image":{"@id":"https:\/\/www.pressenza.com\/es\/#\/schema\/logo\/image\/"},"sameAs":["https:\/\/www.facebook.com\/PressenzaItalia","https:\/\/x.com\/PressenzaIPA"]},{"@type":"Person","@id":"https:\/\/www.pressenza.com\/es\/#\/schema\/person\/d72a7c8c014dcbfa2ef9e9976103ea0d","name":"Juan Pablo C\u00e1rdenas","description":"Juan Pablo C\u00e1rdenas Squella es un periodista y profesor universitario de vasta trayectoria. En el 2005 recibi\u00f3 en premio nacional de Periodismo y, antes, la Pluma de Oro de la Libertad, otorgada por la Federaci\u00f3n Mundial de la Prensa. Tambi\u00e9n obtuvo el Premio Latinoamericano de Periodismo, la Houten Camara de Holanda (1989) entre otras m\u00faltiples distinciones nacionales y extranjeras. Forma parte de los sesenta periodistas del mundo considerados H\u00e9roes de la Libertad de Expresi\u00f3n, reconocimiento hecho por la Federaci\u00f3n Internacional de Periodistas. Ha sido director y columnista de las revistas Debate Universitario, An\u00e1lisis y Los Tiempos, as\u00ed como del diario electr\u00f3nico primeral\u00ednea.cl. Tambi\u00e9n fue por m\u00e1s 18 a\u00f1os director de la Radio Universidad de Chile y de su diario digital. Se ha desempe\u00f1ado como profesor de varias escuelas de periodismo de Santiago y Valpara\u00edso y en la Universidad de Chile alcanz\u00f3 el grado de profesor titular y senador universitario.","url":"https:\/\/www.pressenza.com\/es\/author\/juan-pablo-cardenas\/"}]}},"place":"Santiago de Chile","original_article_url":"","_links":{"self":[{"href":"https:\/\/www.pressenza.com\/es\/wp-json\/wp\/v2\/posts\/1275657","targetHints":{"allow":["GET"]}}],"collection":[{"href":"https:\/\/www.pressenza.com\/es\/wp-json\/wp\/v2\/posts"}],"about":[{"href":"https:\/\/www.pressenza.com\/es\/wp-json\/wp\/v2\/types\/post"}],"author":[{"embeddable":true,"href":"https:\/\/www.pressenza.com\/es\/wp-json\/wp\/v2\/users\/1739"}],"replies":[{"embeddable":true,"href":"https:\/\/www.pressenza.com\/es\/wp-json\/wp\/v2\/comments?post=1275657"}],"version-history":[{"count":0,"href":"https:\/\/www.pressenza.com\/es\/wp-json\/wp\/v2\/posts\/1275657\/revisions"}],"wp:featuredmedia":[{"embeddable":true,"href":"https:\/\/www.pressenza.com\/es\/wp-json\/wp\/v2\/media\/1275658"}],"wp:attachment":[{"href":"https:\/\/www.pressenza.com\/es\/wp-json\/wp\/v2\/media?parent=1275657"}],"wp:term":[{"taxonomy":"category","embeddable":true,"href":"https:\/\/www.pressenza.com\/es\/wp-json\/wp\/v2\/categories?post=1275657"},{"taxonomy":"post_tag","embeddable":true,"href":"https:\/\/www.pressenza.com\/es\/wp-json\/wp\/v2\/tags?post=1275657"}],"curies":[{"name":"wp","href":"https:\/\/api.w.org\/{rel}","templated":true}]}}