{"id":1275645,"date":"2021-01-10T20:02:53","date_gmt":"2021-01-10T20:02:53","guid":{"rendered":"https:\/\/www.pressenza.com\/?p=1275645"},"modified":"2021-01-10T20:02:53","modified_gmt":"2021-01-10T20:02:53","slug":"en-carne-propia","status":"publish","type":"post","link":"https:\/\/www.pressenza.com\/es\/2021\/01\/en-carne-propia\/","title":{"rendered":"En carne propia"},"content":{"rendered":"<p>Lo experimentado por los miembros del Senado en Estados Unidos ha sido una muestra breve e ilustrativa de lo provocado por esa poderosa naci\u00f3n en otras alrededor del mundo. Convencidos de poseer una democracia a prueba de balas \u2013literalmente- y de constituir un ejemplo de institucionalidad incorruptible ante el resto de la comunidad internacional, a los gobernantes de ese pa\u00eds \u2013sin excepci\u00f3n- no les ha temblado el pu\u00f1o para desestabilizar democracias en otras latitudes bajo el pretexto de eliminar los riesgos de una posible independizaci\u00f3n de otros Estados, en t\u00e9rminos econ\u00f3micos y pol\u00edticos.<\/p>\n<p>Dura lecci\u00f3n para quienes han invadido otros territorios con una bandera que hoy lleva la mancha del extremismo dom\u00e9stico. Lo que en estos d\u00edas aprendieron los parlamentarios es el valor de la estabilidad, del di\u00e1logo y de la correcta aplicaci\u00f3n de las leyes, tanto para su pa\u00eds como para el resto del planeta. Solo falta que lo apliquen. Las expresiones de incredulidad ante la violenta batida de las huestes de Trump dentro del \u201csagrado\u201d recinto del Capitolio, han de tener m\u00e1s de una lectura. Para empezar, las instancias pol\u00edticas de ese pa\u00eds han sido confrontadas con la fragilidad de un sistema considerado indestructible y, luego, con el hecho de constatar la fuerza de un sector de la sociedad que no cree en la democracia.<\/p>\n<p>Los partidarios del presidente Trump, un man\u00edaco hinchado de poder, no son solo esos cientos de manifestantes que invadieron el Capitolio para amenazar a los senadores y destruir todo a su paso. No. Tambi\u00e9n est\u00e1n los millones de votantes que favorecieron a uno de los presidentes m\u00e1s cuestionados, no solo por su tendencia fascista sino por su personalidad megaloman\u00edaca y abiertamente racista. Es decir, casi la mitad de los votantes apoya las pol\u00edticas de un individuo cuya inestabilidad psicol\u00f3gica ha llevado a una divisi\u00f3n profunda a nivel nacional.<\/p>\n<p>El lamentable espect\u00e1culo transmitido en directo desde Washington deber\u00eda servir como piedra angular de un cambio sustancial en la pol\u00edtica exterior estadounidense. Aquello considerado una muestra inaudita de atentado contra la integridad institucional, equivale a las innumerables t\u00e1cticas de rompimiento del orden constitucional perpetradas por el Departamento de Estado y sus agencias de inteligencia en pa\u00edses del tercer y cuarto mundos, las cuales han jalonado la historia de sus relaciones internacionales destruyendo gravemente las oportunidades de desarrollo de esas naciones.<\/p>\n<p>Lo sucedido en Washington con el vandalismo de los grupos afines a Trump choca de frente contra esa especie de ingenuidad colectiva que considera los valores democr\u00e1ticos como verdades estampadas en piedra. La verdad es que no hay democracia capaz de resistir el embate de la violencia extremista y menos cuando esta es propiciada desde el centro del poder. La democracia es un proceso, un camino que se abre y se consolida con acciones positivas, no un ideario abstracto. La democracia se funda en el respeto por el derecho de los dem\u00e1s y en la estricta aplicaci\u00f3n de las leyes, sin excepciones.<\/p>\n<p>Quiz\u00e1s a partir de ahora se produzca en la clase gobernante estadounidense un necesario y profundo cambio de perspectiva sobre sus pol\u00edticas y acciones en otros pa\u00edses. Las naciones en desarrollo necesitan espacio para respirar y crecer, pol\u00edtica y econ\u00f3micamente; de eso depende la consolidaci\u00f3n de democracias d\u00e9biles y vulnerables, las cuales hasta ahora viven en la dependencia y la sumisi\u00f3n, sumidas en la pobreza, la corrupci\u00f3n y el caos institucional.<\/p>\n","protected":false},"excerpt":{"rendered":"<p>Lo experimentado por los miembros del Senado en Estados Unidos ha sido una muestra breve e ilustrativa de lo provocado por esa poderosa naci\u00f3n en otras alrededor del mundo. Convencidos de poseer una democracia a prueba de balas \u2013literalmente- y&hellip;<\/p>\n","protected":false},"author":1296,"featured_media":1275646,"comment_status":"closed","ping_status":"closed","sticky":false,"template":"","format":"standard","meta":{"footnotes":""},"categories":[11389,68,161,74],"tags":[10793],"class_list":["post-1275645","post","type-post","status-publish","format-standard","has-post-thumbnail","hentry","category-contenido-original","category-norteamerica","category-opiniones","category-politica-es","tag-estados-unidos-de-norteamerica"],"yoast_head":"<!-- This site is optimized with the Yoast SEO plugin v27.1.1 - https:\/\/yoast.com\/product\/yoast-seo-wordpress\/ -->\n<title>En carne propia<\/title>\n<meta name=\"description\" content=\"Lo experimentado por los miembros del Senado en Estados Unidos ha sido una muestra breve e ilustrativa de lo provocado por esa poderosa naci\u00f3n en otras\" \/>\n<meta name=\"robots\" content=\"index, follow, max-snippet:-1, max-image-preview:large, max-video-preview:-1\" \/>\n<link rel=\"canonical\" href=\"https:\/\/www.pressenza.com\/es\/2021\/01\/en-carne-propia\/\" \/>\n<meta property=\"og:locale\" content=\"es_ES\" \/>\n<meta property=\"og:type\" content=\"article\" \/>\n<meta property=\"og:title\" content=\"En carne propia\" \/>\n<meta property=\"og:description\" content=\"Lo experimentado por los miembros del Senado en Estados Unidos ha sido una muestra breve e ilustrativa de lo provocado por esa poderosa naci\u00f3n en otras\" \/>\n<meta property=\"og:url\" content=\"https:\/\/www.pressenza.com\/es\/2021\/01\/en-carne-propia\/\" \/>\n<meta property=\"og:site_name\" content=\"Pressenza\" \/>\n<meta property=\"article:publisher\" content=\"https:\/\/www.facebook.com\/PressenzaItalia\" \/>\n<meta property=\"article:author\" content=\"https:\/\/www.facebook.com\/pages\/Carolina-V\u00e1squez-Araya\/241844515845237?fref=ts\" \/>\n<meta property=\"article:published_time\" content=\"2021-01-10T20:02:53+00:00\" \/>\n<meta property=\"og:image\" content=\"https:\/\/www.pressenza.com\/wp-content\/uploads\/2021\/01\/h2-capitol-police-fail-stop-insurrection-videoshows-officers-stepping-aside-posing-selfies.jpeg\" \/>\n\t<meta property=\"og:image:width\" content=\"1920\" \/>\n\t<meta property=\"og:image:height\" content=\"1080\" \/>\n\t<meta property=\"og:image:type\" content=\"image\/jpeg\" \/>\n<meta name=\"author\" content=\"Carolina V\u00e1squez Araya\" \/>\n<meta name=\"twitter:card\" content=\"summary_large_image\" \/>\n<meta name=\"twitter:creator\" content=\"@carvasar\" \/>\n<meta name=\"twitter:site\" content=\"@PressenzaIPA\" \/>\n<meta name=\"twitter:label1\" content=\"Escrito por\" \/>\n\t<meta name=\"twitter:data1\" content=\"Carolina V\u00e1squez Araya\" \/>\n\t<meta name=\"twitter:label2\" content=\"Tiempo de lectura\" \/>\n\t<meta name=\"twitter:data2\" content=\"3 minutos\" \/>\n<script type=\"application\/ld+json\" class=\"yoast-schema-graph\">{\"@context\":\"https:\/\/schema.org\",\"@graph\":[{\"@type\":\"Article\",\"@id\":\"https:\/\/www.pressenza.com\/es\/2021\/01\/en-carne-propia\/#article\",\"isPartOf\":{\"@id\":\"https:\/\/www.pressenza.com\/es\/2021\/01\/en-carne-propia\/\"},\"author\":{\"name\":\"Carolina V\u00e1squez Araya\",\"@id\":\"https:\/\/www.pressenza.com\/es\/#\/schema\/person\/6936ca3bb8dee618b5cdfd0e4427cdd6\"},\"headline\":\"En carne propia\",\"datePublished\":\"2021-01-10T20:02:53+00:00\",\"mainEntityOfPage\":{\"@id\":\"https:\/\/www.pressenza.com\/es\/2021\/01\/en-carne-propia\/\"},\"wordCount\":603,\"publisher\":{\"@id\":\"https:\/\/www.pressenza.com\/es\/#organization\"},\"image\":{\"@id\":\"https:\/\/www.pressenza.com\/es\/2021\/01\/en-carne-propia\/#primaryimage\"},\"thumbnailUrl\":\"https:\/\/www.pressenza.com\/wp-content\/uploads\/2021\/01\/h2-capitol-police-fail-stop-insurrection-videoshows-officers-stepping-aside-posing-selfies.jpeg\",\"keywords\":[\"Estados Unidos de Norteam\u00e9rica\"],\"articleSection\":[\"Contenido Original\",\"Norteam\u00e9rica\",\"Opiniones\",\"Pol\u00edtica\"],\"inLanguage\":\"es\"},{\"@type\":\"WebPage\",\"@id\":\"https:\/\/www.pressenza.com\/es\/2021\/01\/en-carne-propia\/\",\"url\":\"https:\/\/www.pressenza.com\/es\/2021\/01\/en-carne-propia\/\",\"name\":\"En carne propia\",\"isPartOf\":{\"@id\":\"https:\/\/www.pressenza.com\/es\/#website\"},\"primaryImageOfPage\":{\"@id\":\"https:\/\/www.pressenza.com\/es\/2021\/01\/en-carne-propia\/#primaryimage\"},\"image\":{\"@id\":\"https:\/\/www.pressenza.com\/es\/2021\/01\/en-carne-propia\/#primaryimage\"},\"thumbnailUrl\":\"https:\/\/www.pressenza.com\/wp-content\/uploads\/2021\/01\/h2-capitol-police-fail-stop-insurrection-videoshows-officers-stepping-aside-posing-selfies.jpeg\",\"datePublished\":\"2021-01-10T20:02:53+00:00\",\"description\":\"Lo experimentado por los miembros del Senado en Estados Unidos ha sido una muestra breve e ilustrativa de lo provocado por esa poderosa naci\u00f3n en otras\",\"breadcrumb\":{\"@id\":\"https:\/\/www.pressenza.com\/es\/2021\/01\/en-carne-propia\/#breadcrumb\"},\"inLanguage\":\"es\",\"potentialAction\":[{\"@type\":\"ReadAction\",\"target\":[\"https:\/\/www.pressenza.com\/es\/2021\/01\/en-carne-propia\/\"]}]},{\"@type\":\"ImageObject\",\"inLanguage\":\"es\",\"@id\":\"https:\/\/www.pressenza.com\/es\/2021\/01\/en-carne-propia\/#primaryimage\",\"url\":\"https:\/\/www.pressenza.com\/wp-content\/uploads\/2021\/01\/h2-capitol-police-fail-stop-insurrection-videoshows-officers-stepping-aside-posing-selfies.jpeg\",\"contentUrl\":\"https:\/\/www.pressenza.com\/wp-content\/uploads\/2021\/01\/h2-capitol-police-fail-stop-insurrection-videoshows-officers-stepping-aside-posing-selfies.jpeg\",\"width\":1920,\"height\":1080,\"caption\":\"Democracy Now!\"},{\"@type\":\"BreadcrumbList\",\"@id\":\"https:\/\/www.pressenza.com\/es\/2021\/01\/en-carne-propia\/#breadcrumb\",\"itemListElement\":[{\"@type\":\"ListItem\",\"position\":1,\"name\":\"Accueil\",\"item\":\"https:\/\/www.pressenza.com\/es\/\"},{\"@type\":\"ListItem\",\"position\":2,\"name\":\"En carne propia\"}]},{\"@type\":\"WebSite\",\"@id\":\"https:\/\/www.pressenza.com\/es\/#website\",\"url\":\"https:\/\/www.pressenza.com\/es\/\",\"name\":\"Pressenza\",\"description\":\"International Press Agency\",\"publisher\":{\"@id\":\"https:\/\/www.pressenza.com\/es\/#organization\"},\"potentialAction\":[{\"@type\":\"SearchAction\",\"target\":{\"@type\":\"EntryPoint\",\"urlTemplate\":\"https:\/\/www.pressenza.com\/es\/?s={search_term_string}\"},\"query-input\":{\"@type\":\"PropertyValueSpecification\",\"valueRequired\":true,\"valueName\":\"search_term_string\"}}],\"inLanguage\":\"es\"},{\"@type\":\"Organization\",\"@id\":\"https:\/\/www.pressenza.com\/es\/#organization\",\"name\":\"Pressenza\",\"url\":\"https:\/\/www.pressenza.com\/es\/\",\"logo\":{\"@type\":\"ImageObject\",\"inLanguage\":\"es\",\"@id\":\"https:\/\/www.pressenza.com\/es\/#\/schema\/logo\/image\/\",\"url\":\"https:\/\/www.pressenza.com\/wp-content\/uploads\/2022\/10\/pressenza_logo_200x200.jpg\",\"contentUrl\":\"https:\/\/www.pressenza.com\/wp-content\/uploads\/2022\/10\/pressenza_logo_200x200.jpg\",\"width\":200,\"height\":200,\"caption\":\"Pressenza\"},\"image\":{\"@id\":\"https:\/\/www.pressenza.com\/es\/#\/schema\/logo\/image\/\"},\"sameAs\":[\"https:\/\/www.facebook.com\/PressenzaItalia\",\"https:\/\/x.com\/PressenzaIPA\"]},{\"@type\":\"Person\",\"@id\":\"https:\/\/www.pressenza.com\/es\/#\/schema\/person\/6936ca3bb8dee618b5cdfd0e4427cdd6\",\"name\":\"Carolina V\u00e1squez Araya\",\"description\":\"Periodista y editora con m\u00e1s de 30 a\u00f1os de experiencia, cuyos logros profesionales en el desarrollo de proyectos de gran \u00e9xito avalan sus cualidades de liderazgo, creatividad y relaciones p\u00fablicas. Ha aportado sus conocimientos en proyectos de organizaciones con intereses orientados al desarrollo social, cultural y econ\u00f3mico del pa\u00eds, con especial \u00e9nfasis en el sector de cultura y educaci\u00f3n, emprendimiento, derechos humanos, justicia, ambiente, mujeres y ni\u00f1ez. Chilena en Guatemala. elquintopatio.wordpress.com\",\"sameAs\":[\"https:\/\/www.facebook.com\/pages\/Carolina-V\u00e1squez-Araya\/241844515845237?fref=ts\",\"https:\/\/x.com\/carvasar\"],\"url\":\"https:\/\/www.pressenza.com\/es\/author\/carolina-vasquez-araya\/\"}]}<\/script>\n<!-- \/ Yoast SEO plugin. -->","yoast_head_json":{"title":"En carne propia","description":"Lo experimentado por los miembros del Senado en Estados Unidos ha sido una muestra breve e ilustrativa de lo provocado por esa poderosa naci\u00f3n en otras","robots":{"index":"index","follow":"follow","max-snippet":"max-snippet:-1","max-image-preview":"max-image-preview:large","max-video-preview":"max-video-preview:-1"},"canonical":"https:\/\/www.pressenza.com\/es\/2021\/01\/en-carne-propia\/","og_locale":"es_ES","og_type":"article","og_title":"En carne propia","og_description":"Lo experimentado por los miembros del Senado en Estados Unidos ha sido una muestra breve e ilustrativa de lo provocado por esa poderosa naci\u00f3n en otras","og_url":"https:\/\/www.pressenza.com\/es\/2021\/01\/en-carne-propia\/","og_site_name":"Pressenza","article_publisher":"https:\/\/www.facebook.com\/PressenzaItalia","article_author":"https:\/\/www.facebook.com\/pages\/Carolina-V\u00e1squez-Araya\/241844515845237?fref=ts","article_published_time":"2021-01-10T20:02:53+00:00","og_image":[{"width":1920,"height":1080,"url":"https:\/\/www.pressenza.com\/wp-content\/uploads\/2021\/01\/h2-capitol-police-fail-stop-insurrection-videoshows-officers-stepping-aside-posing-selfies.jpeg","type":"image\/jpeg"}],"author":"Carolina V\u00e1squez Araya","twitter_card":"summary_large_image","twitter_creator":"@carvasar","twitter_site":"@PressenzaIPA","twitter_misc":{"Escrito por":"Carolina V\u00e1squez Araya","Tiempo de lectura":"3 minutos"},"schema":{"@context":"https:\/\/schema.org","@graph":[{"@type":"Article","@id":"https:\/\/www.pressenza.com\/es\/2021\/01\/en-carne-propia\/#article","isPartOf":{"@id":"https:\/\/www.pressenza.com\/es\/2021\/01\/en-carne-propia\/"},"author":{"name":"Carolina V\u00e1squez Araya","@id":"https:\/\/www.pressenza.com\/es\/#\/schema\/person\/6936ca3bb8dee618b5cdfd0e4427cdd6"},"headline":"En carne propia","datePublished":"2021-01-10T20:02:53+00:00","mainEntityOfPage":{"@id":"https:\/\/www.pressenza.com\/es\/2021\/01\/en-carne-propia\/"},"wordCount":603,"publisher":{"@id":"https:\/\/www.pressenza.com\/es\/#organization"},"image":{"@id":"https:\/\/www.pressenza.com\/es\/2021\/01\/en-carne-propia\/#primaryimage"},"thumbnailUrl":"https:\/\/www.pressenza.com\/wp-content\/uploads\/2021\/01\/h2-capitol-police-fail-stop-insurrection-videoshows-officers-stepping-aside-posing-selfies.jpeg","keywords":["Estados Unidos de Norteam\u00e9rica"],"articleSection":["Contenido Original","Norteam\u00e9rica","Opiniones","Pol\u00edtica"],"inLanguage":"es"},{"@type":"WebPage","@id":"https:\/\/www.pressenza.com\/es\/2021\/01\/en-carne-propia\/","url":"https:\/\/www.pressenza.com\/es\/2021\/01\/en-carne-propia\/","name":"En carne propia","isPartOf":{"@id":"https:\/\/www.pressenza.com\/es\/#website"},"primaryImageOfPage":{"@id":"https:\/\/www.pressenza.com\/es\/2021\/01\/en-carne-propia\/#primaryimage"},"image":{"@id":"https:\/\/www.pressenza.com\/es\/2021\/01\/en-carne-propia\/#primaryimage"},"thumbnailUrl":"https:\/\/www.pressenza.com\/wp-content\/uploads\/2021\/01\/h2-capitol-police-fail-stop-insurrection-videoshows-officers-stepping-aside-posing-selfies.jpeg","datePublished":"2021-01-10T20:02:53+00:00","description":"Lo experimentado por los miembros del Senado en Estados Unidos ha sido una muestra breve e ilustrativa de lo provocado por esa poderosa naci\u00f3n en otras","breadcrumb":{"@id":"https:\/\/www.pressenza.com\/es\/2021\/01\/en-carne-propia\/#breadcrumb"},"inLanguage":"es","potentialAction":[{"@type":"ReadAction","target":["https:\/\/www.pressenza.com\/es\/2021\/01\/en-carne-propia\/"]}]},{"@type":"ImageObject","inLanguage":"es","@id":"https:\/\/www.pressenza.com\/es\/2021\/01\/en-carne-propia\/#primaryimage","url":"https:\/\/www.pressenza.com\/wp-content\/uploads\/2021\/01\/h2-capitol-police-fail-stop-insurrection-videoshows-officers-stepping-aside-posing-selfies.jpeg","contentUrl":"https:\/\/www.pressenza.com\/wp-content\/uploads\/2021\/01\/h2-capitol-police-fail-stop-insurrection-videoshows-officers-stepping-aside-posing-selfies.jpeg","width":1920,"height":1080,"caption":"Democracy Now!"},{"@type":"BreadcrumbList","@id":"https:\/\/www.pressenza.com\/es\/2021\/01\/en-carne-propia\/#breadcrumb","itemListElement":[{"@type":"ListItem","position":1,"name":"Accueil","item":"https:\/\/www.pressenza.com\/es\/"},{"@type":"ListItem","position":2,"name":"En carne propia"}]},{"@type":"WebSite","@id":"https:\/\/www.pressenza.com\/es\/#website","url":"https:\/\/www.pressenza.com\/es\/","name":"Pressenza","description":"International Press Agency","publisher":{"@id":"https:\/\/www.pressenza.com\/es\/#organization"},"potentialAction":[{"@type":"SearchAction","target":{"@type":"EntryPoint","urlTemplate":"https:\/\/www.pressenza.com\/es\/?s={search_term_string}"},"query-input":{"@type":"PropertyValueSpecification","valueRequired":true,"valueName":"search_term_string"}}],"inLanguage":"es"},{"@type":"Organization","@id":"https:\/\/www.pressenza.com\/es\/#organization","name":"Pressenza","url":"https:\/\/www.pressenza.com\/es\/","logo":{"@type":"ImageObject","inLanguage":"es","@id":"https:\/\/www.pressenza.com\/es\/#\/schema\/logo\/image\/","url":"https:\/\/www.pressenza.com\/wp-content\/uploads\/2022\/10\/pressenza_logo_200x200.jpg","contentUrl":"https:\/\/www.pressenza.com\/wp-content\/uploads\/2022\/10\/pressenza_logo_200x200.jpg","width":200,"height":200,"caption":"Pressenza"},"image":{"@id":"https:\/\/www.pressenza.com\/es\/#\/schema\/logo\/image\/"},"sameAs":["https:\/\/www.facebook.com\/PressenzaItalia","https:\/\/x.com\/PressenzaIPA"]},{"@type":"Person","@id":"https:\/\/www.pressenza.com\/es\/#\/schema\/person\/6936ca3bb8dee618b5cdfd0e4427cdd6","name":"Carolina V\u00e1squez Araya","description":"Periodista y editora con m\u00e1s de 30 a\u00f1os de experiencia, cuyos logros profesionales en el desarrollo de proyectos de gran \u00e9xito avalan sus cualidades de liderazgo, creatividad y relaciones p\u00fablicas. Ha aportado sus conocimientos en proyectos de organizaciones con intereses orientados al desarrollo social, cultural y econ\u00f3mico del pa\u00eds, con especial \u00e9nfasis en el sector de cultura y educaci\u00f3n, emprendimiento, derechos humanos, justicia, ambiente, mujeres y ni\u00f1ez. Chilena en Guatemala. elquintopatio.wordpress.com","sameAs":["https:\/\/www.facebook.com\/pages\/Carolina-V\u00e1squez-Araya\/241844515845237?fref=ts","https:\/\/x.com\/carvasar"],"url":"https:\/\/www.pressenza.com\/es\/author\/carolina-vasquez-araya\/"}]}},"place":"Cuenca, Ecuador","original_article_url":"","_links":{"self":[{"href":"https:\/\/www.pressenza.com\/es\/wp-json\/wp\/v2\/posts\/1275645","targetHints":{"allow":["GET"]}}],"collection":[{"href":"https:\/\/www.pressenza.com\/es\/wp-json\/wp\/v2\/posts"}],"about":[{"href":"https:\/\/www.pressenza.com\/es\/wp-json\/wp\/v2\/types\/post"}],"author":[{"embeddable":true,"href":"https:\/\/www.pressenza.com\/es\/wp-json\/wp\/v2\/users\/1296"}],"replies":[{"embeddable":true,"href":"https:\/\/www.pressenza.com\/es\/wp-json\/wp\/v2\/comments?post=1275645"}],"version-history":[{"count":0,"href":"https:\/\/www.pressenza.com\/es\/wp-json\/wp\/v2\/posts\/1275645\/revisions"}],"wp:featuredmedia":[{"embeddable":true,"href":"https:\/\/www.pressenza.com\/es\/wp-json\/wp\/v2\/media\/1275646"}],"wp:attachment":[{"href":"https:\/\/www.pressenza.com\/es\/wp-json\/wp\/v2\/media?parent=1275645"}],"wp:term":[{"taxonomy":"category","embeddable":true,"href":"https:\/\/www.pressenza.com\/es\/wp-json\/wp\/v2\/categories?post=1275645"},{"taxonomy":"post_tag","embeddable":true,"href":"https:\/\/www.pressenza.com\/es\/wp-json\/wp\/v2\/tags?post=1275645"}],"curies":[{"name":"wp","href":"https:\/\/api.w.org\/{rel}","templated":true}]}}