{"id":1274423,"date":"2021-01-08T02:54:55","date_gmt":"2021-01-08T02:54:55","guid":{"rendered":"https:\/\/www.pressenza.com\/?p=1274423"},"modified":"2021-01-07T23:49:28","modified_gmt":"2021-01-07T23:49:28","slug":"un-grito-mudo","status":"publish","type":"post","link":"https:\/\/www.pressenza.com\/es\/2021\/01\/un-grito-mudo\/","title":{"rendered":"Un grito mudo"},"content":{"rendered":"<header class=\"Article-Header\">\n<div class=\"Article-TitleSection\"><\/div>\n<\/header>\n<div class=\"Article-Content\">\n<section><span style=\"color: #999999;\"><em>5 de enero 2021. El espectador<\/em><\/span>&nbsp;<\/p>\n<p class=\"font--secondary\">Uno se apega a los s\u00edmbolos porque la realidad a palo seco es dif\u00edcil de sobrellevar. Seguramente la vuelta al sol no tiene un verdadero impacto en el pulso perpetuo entre la vida y la muerte, entre el asomo de paz y la obstinaci\u00f3n de la violencia; pero \u00bfqu\u00e9 ser\u00eda de nosotros, diminutos humanos creados y destruidos no s\u00e9 bien por qui\u00e9n, si nos neg\u00e1ramos el derecho a la esperanza? No quedar\u00eda casi nada de las l\u00edneas del horizonte, los claros de luna y los <i>himnos a la alegr\u00eda<\/i>, si crey\u00e9ramos que estamos irremediablemente atados a la estupidez, a la voluntad fl\u00e1cida, a la brutalidad de los matones y el marasmo que los permite.<\/p>\n<\/section>\n<\/div>\n<p class=\"font--secondary\">Por eso, as\u00ed a las 14 horas de empezado el 2021 ya nos anunciaban que hab\u00edan asesinado a una criatura de 22 a\u00f1os, firmante de paz, a su hermana de 17 y a dos l\u00edderes sociales; as\u00ed el bicho coronado siga destronando vidas; as\u00ed cabalguen desbocados los fan\u00e1ticos de los fusiles, as\u00ed todo y as\u00ed nada, sent\u00ed un extra\u00f1o alivio cuando empez\u00f3 este a\u00f1o. Y m\u00e1s que en muchos otros eneros, esta vez tengo claro qu\u00e9 quiero hacer los pr\u00f3ximos 12 meses.<\/p>\n<p class=\"font--secondary\">No es ego\u00edsmo, pero lo primero ser\u00e1 estar viva; as\u00ed eso implique dejar los abrazos colgados en los tendederos, como si fueran s\u00e1banas blancas; y mis dedos no se confundan con las manos de mis amigos, sino con la pegajosa viscosidad del gel y los chorros de alcohol.<\/p>\n<p class=\"font--secondary\">Una vecina llam\u00f3 a la polic\u00eda porque un se\u00f1or llevaba tres horas tocando el oboe en el and\u00e9n. A ella le molestaba el ruido; seguramente a \u00e9l lo que le molesta es el hambre. Pero en general creo que, si algo hemos aprendido estando m\u00e1s solos que nunca, es que la soledad es relativa y ahora nos importa m\u00e1s la suerte de los dem\u00e1s.<\/p>\n<p class=\"font--secondary\">S\u00e9 que estos 12 meses los dedicar\u00e9 a trabajar para que a otros la muerte no les pegue cuatro tiros y les arranque el alma en esos lugares con nombres de sortilegios inconclusos\u2026 Traves\u00edas, Vista Hermosa, Palmar de Varela, Rinc\u00f3n del Indio, Pueblo Nuevo, Mirolindo, Puerto Libertador, Santa Rosa de Puerto As\u00eds\u2026 y as\u00ed, porque en Colombia eso del realismo m\u00e1gico no es cuento ni estilo: es la cotidianidad de un pueblo que en todos los tonos y colores, canta, palpita y muere por amor, por dolor y por ausencia.<\/p>\n<p class=\"font--secondary\">251 firmantes de paz asesinados me env\u00edan todos los d\u00edas, con su voz sin voz, su grito mudo, su petici\u00f3n de auxilio por los que todav\u00eda est\u00e1n vivos.<\/p>\n<p class=\"font--secondary\">Invito a los constructores de paz, dentro y fuera de Colombia, a levantar con las herramientas del pensamiento, del respeto a los Derechos Humanos, a la Constituci\u00f3n y a la vida (a todas las vidas), un muro de contenci\u00f3n contra la violencia. Los invito a idear y construir hechos certeros, precisos y pac\u00edficos, en clave de una verdadera reconciliaci\u00f3n, y rescatar el monumental esfuerzo de paz que otros hicieron por nosotros y por la viabilidad f\u00edsica y emocional de Colombia. Que se cumpla la palabra y se den las garant\u00edas ofrecidas, porque nadie se desarm\u00f3 para levantarse todos los d\u00edas con m\u00e1s miedo y m\u00e1s incertidumbres que antes.<\/p>\n<p class=\"font--secondary\">Invito a quienes tenemos el privilegio de estar vivos, a que nunca nos parezca normal la muerte violenta; a no mirarla con resignaci\u00f3n ni costumbre, ni se vuelva un dolor cr\u00f3nico con el que se aprende a vivir.<\/p>\n<p class=\"font--secondary\">Se trata de parar \u2013no solo de lamentar\u2013 el genocidio contra los excombatientes y sus familias. Se trata de exigir que todas las partes cumplan lo prometido, y trece mil colombianos v\u00edctimas de una persecuci\u00f3n infame y sistem\u00e1tica, puedan vivir sin un estigma en la frente y un tiro al blanco en la espalda.<\/p>\n<p class=\"font--secondary\">\u00bfMe acompa\u00f1an?<\/p>\n","protected":false},"excerpt":{"rendered":"<p>5 de enero 2021. El espectador&nbsp; Uno se apega a los s\u00edmbolos porque la realidad a palo seco es dif\u00edcil de sobrellevar. Seguramente la vuelta al sol no tiene un verdadero impacto en el pulso perpetuo entre la vida y&hellip;<\/p>\n","protected":false},"author":1897,"featured_media":1274437,"comment_status":"closed","ping_status":"closed","sticky":false,"template":"","format":"standard","meta":{"footnotes":""},"categories":[161,1243,67],"tags":[78568,30949,30,419],"class_list":["post-1274423","post","type-post","status-publish","format-standard","has-post-thumbnail","hentry","category-opiniones","category-paz-desarme","category-sudamerica","tag-lahuelladeloslideres","tag-acuerdos-de-paz","tag-colombia","tag-paz"],"yoast_head":"<!-- This site is optimized with the Yoast SEO plugin v27.1.1 - https:\/\/yoast.com\/product\/yoast-seo-wordpress\/ -->\n<title>Un grito mudo<\/title>\n<meta name=\"description\" content=\"5 de enero 2021. El espectador&nbsp; Uno se apega a los s\u00edmbolos porque la realidad a palo seco es dif\u00edcil de sobrellevar. Seguramente la vuelta al sol no\" \/>\n<meta name=\"robots\" content=\"index, follow, max-snippet:-1, max-image-preview:large, max-video-preview:-1\" \/>\n<link rel=\"canonical\" href=\"https:\/\/www.pressenza.com\/es\/2021\/01\/un-grito-mudo\/\" \/>\n<meta property=\"og:locale\" content=\"es_ES\" \/>\n<meta property=\"og:type\" content=\"article\" \/>\n<meta property=\"og:title\" content=\"Un grito mudo\" \/>\n<meta property=\"og:description\" content=\"5 de enero 2021. El espectador&nbsp; Uno se apega a los s\u00edmbolos porque la realidad a palo seco es dif\u00edcil de sobrellevar. Seguramente la vuelta al sol no\" \/>\n<meta property=\"og:url\" content=\"https:\/\/www.pressenza.com\/es\/2021\/01\/un-grito-mudo\/\" \/>\n<meta property=\"og:site_name\" content=\"Pressenza\" \/>\n<meta property=\"article:publisher\" content=\"https:\/\/www.facebook.com\/PressenzaItalia\" \/>\n<meta property=\"article:published_time\" content=\"2021-01-08T02:54:55+00:00\" \/>\n<meta property=\"og:image\" content=\"https:\/\/www.pressenza.com\/wp-content\/uploads\/2021\/01\/hands-pixabay.jpg\" \/>\n\t<meta property=\"og:image:width\" content=\"1024\" \/>\n\t<meta property=\"og:image:height\" content=\"685\" \/>\n\t<meta property=\"og:image:type\" content=\"image\/jpeg\" \/>\n<meta name=\"author\" content=\"Gloria Arias Nieto\" \/>\n<meta name=\"twitter:card\" content=\"summary_large_image\" \/>\n<meta name=\"twitter:creator\" content=\"@gloriariasnieto\" \/>\n<meta name=\"twitter:site\" content=\"@PressenzaIPA\" \/>\n<meta name=\"twitter:label1\" content=\"Escrito por\" \/>\n\t<meta name=\"twitter:data1\" content=\"Gloria Arias Nieto\" \/>\n\t<meta name=\"twitter:label2\" content=\"Tiempo de lectura\" \/>\n\t<meta name=\"twitter:data2\" content=\"3 minutos\" \/>\n<script type=\"application\/ld+json\" class=\"yoast-schema-graph\">{\"@context\":\"https:\/\/schema.org\",\"@graph\":[{\"@type\":\"Article\",\"@id\":\"https:\/\/www.pressenza.com\/es\/2021\/01\/un-grito-mudo\/#article\",\"isPartOf\":{\"@id\":\"https:\/\/www.pressenza.com\/es\/2021\/01\/un-grito-mudo\/\"},\"author\":{\"name\":\"Gloria Arias Nieto\",\"@id\":\"https:\/\/www.pressenza.com\/es\/#\/schema\/person\/476779c5c0c262f919761226ef961a29\"},\"headline\":\"Un grito mudo\",\"datePublished\":\"2021-01-08T02:54:55+00:00\",\"mainEntityOfPage\":{\"@id\":\"https:\/\/www.pressenza.com\/es\/2021\/01\/un-grito-mudo\/\"},\"wordCount\":680,\"publisher\":{\"@id\":\"https:\/\/www.pressenza.com\/es\/#organization\"},\"image\":{\"@id\":\"https:\/\/www.pressenza.com\/es\/2021\/01\/un-grito-mudo\/#primaryimage\"},\"thumbnailUrl\":\"https:\/\/www.pressenza.com\/wp-content\/uploads\/2021\/01\/hands-pixabay.jpg\",\"keywords\":[\"#LaHuellaDeLosLideres\",\"Acuerdos de Paz\",\"Colombia\",\"Paz\"],\"articleSection\":[\"Opiniones\",\"Paz y Desarme\",\"Sudam\u00e9rica\"],\"inLanguage\":\"es\"},{\"@type\":\"WebPage\",\"@id\":\"https:\/\/www.pressenza.com\/es\/2021\/01\/un-grito-mudo\/\",\"url\":\"https:\/\/www.pressenza.com\/es\/2021\/01\/un-grito-mudo\/\",\"name\":\"Un grito mudo\",\"isPartOf\":{\"@id\":\"https:\/\/www.pressenza.com\/es\/#website\"},\"primaryImageOfPage\":{\"@id\":\"https:\/\/www.pressenza.com\/es\/2021\/01\/un-grito-mudo\/#primaryimage\"},\"image\":{\"@id\":\"https:\/\/www.pressenza.com\/es\/2021\/01\/un-grito-mudo\/#primaryimage\"},\"thumbnailUrl\":\"https:\/\/www.pressenza.com\/wp-content\/uploads\/2021\/01\/hands-pixabay.jpg\",\"datePublished\":\"2021-01-08T02:54:55+00:00\",\"description\":\"5 de enero 2021. El espectador&nbsp; Uno se apega a los s\u00edmbolos porque la realidad a palo seco es dif\u00edcil de sobrellevar. Seguramente la vuelta al sol no\",\"breadcrumb\":{\"@id\":\"https:\/\/www.pressenza.com\/es\/2021\/01\/un-grito-mudo\/#breadcrumb\"},\"inLanguage\":\"es\",\"potentialAction\":[{\"@type\":\"ReadAction\",\"target\":[\"https:\/\/www.pressenza.com\/es\/2021\/01\/un-grito-mudo\/\"]}]},{\"@type\":\"ImageObject\",\"inLanguage\":\"es\",\"@id\":\"https:\/\/www.pressenza.com\/es\/2021\/01\/un-grito-mudo\/#primaryimage\",\"url\":\"https:\/\/www.pressenza.com\/wp-content\/uploads\/2021\/01\/hands-pixabay.jpg\",\"contentUrl\":\"https:\/\/www.pressenza.com\/wp-content\/uploads\/2021\/01\/hands-pixabay.jpg\",\"width\":1024,\"height\":685},{\"@type\":\"BreadcrumbList\",\"@id\":\"https:\/\/www.pressenza.com\/es\/2021\/01\/un-grito-mudo\/#breadcrumb\",\"itemListElement\":[{\"@type\":\"ListItem\",\"position\":1,\"name\":\"Accueil\",\"item\":\"https:\/\/www.pressenza.com\/es\/\"},{\"@type\":\"ListItem\",\"position\":2,\"name\":\"Un grito mudo\"}]},{\"@type\":\"WebSite\",\"@id\":\"https:\/\/www.pressenza.com\/es\/#website\",\"url\":\"https:\/\/www.pressenza.com\/es\/\",\"name\":\"Pressenza\",\"description\":\"International Press Agency\",\"publisher\":{\"@id\":\"https:\/\/www.pressenza.com\/es\/#organization\"},\"potentialAction\":[{\"@type\":\"SearchAction\",\"target\":{\"@type\":\"EntryPoint\",\"urlTemplate\":\"https:\/\/www.pressenza.com\/es\/?s={search_term_string}\"},\"query-input\":{\"@type\":\"PropertyValueSpecification\",\"valueRequired\":true,\"valueName\":\"search_term_string\"}}],\"inLanguage\":\"es\"},{\"@type\":\"Organization\",\"@id\":\"https:\/\/www.pressenza.com\/es\/#organization\",\"name\":\"Pressenza\",\"url\":\"https:\/\/www.pressenza.com\/es\/\",\"logo\":{\"@type\":\"ImageObject\",\"inLanguage\":\"es\",\"@id\":\"https:\/\/www.pressenza.com\/es\/#\/schema\/logo\/image\/\",\"url\":\"https:\/\/www.pressenza.com\/wp-content\/uploads\/2022\/10\/pressenza_logo_200x200.jpg\",\"contentUrl\":\"https:\/\/www.pressenza.com\/wp-content\/uploads\/2022\/10\/pressenza_logo_200x200.jpg\",\"width\":200,\"height\":200,\"caption\":\"Pressenza\"},\"image\":{\"@id\":\"https:\/\/www.pressenza.com\/es\/#\/schema\/logo\/image\/\"},\"sameAs\":[\"https:\/\/www.facebook.com\/PressenzaItalia\",\"https:\/\/x.com\/PressenzaIPA\"]},{\"@type\":\"Person\",\"@id\":\"https:\/\/www.pressenza.com\/es\/#\/schema\/person\/476779c5c0c262f919761226ef961a29\",\"name\":\"Gloria Arias Nieto\",\"description\":\"M\u00e9dica y periodista, columnista de El Espectador. Promotora de procesos de paz y reconciliaci\u00f3n. Miembro del movimiento Defendamos la Paz (DLP) @gloriariasnieto\",\"sameAs\":[\"https:\/\/x.com\/gloriariasnieto\"],\"url\":\"https:\/\/www.pressenza.com\/es\/author\/gloria-arias-nieto\/\"}]}<\/script>\n<!-- \/ Yoast SEO plugin. -->","yoast_head_json":{"title":"Un grito mudo","description":"5 de enero 2021. El espectador&nbsp; Uno se apega a los s\u00edmbolos porque la realidad a palo seco es dif\u00edcil de sobrellevar. Seguramente la vuelta al sol no","robots":{"index":"index","follow":"follow","max-snippet":"max-snippet:-1","max-image-preview":"max-image-preview:large","max-video-preview":"max-video-preview:-1"},"canonical":"https:\/\/www.pressenza.com\/es\/2021\/01\/un-grito-mudo\/","og_locale":"es_ES","og_type":"article","og_title":"Un grito mudo","og_description":"5 de enero 2021. El espectador&nbsp; Uno se apega a los s\u00edmbolos porque la realidad a palo seco es dif\u00edcil de sobrellevar. Seguramente la vuelta al sol no","og_url":"https:\/\/www.pressenza.com\/es\/2021\/01\/un-grito-mudo\/","og_site_name":"Pressenza","article_publisher":"https:\/\/www.facebook.com\/PressenzaItalia","article_published_time":"2021-01-08T02:54:55+00:00","og_image":[{"width":1024,"height":685,"url":"https:\/\/www.pressenza.com\/wp-content\/uploads\/2021\/01\/hands-pixabay.jpg","type":"image\/jpeg"}],"author":"Gloria Arias Nieto","twitter_card":"summary_large_image","twitter_creator":"@gloriariasnieto","twitter_site":"@PressenzaIPA","twitter_misc":{"Escrito por":"Gloria Arias Nieto","Tiempo de lectura":"3 minutos"},"schema":{"@context":"https:\/\/schema.org","@graph":[{"@type":"Article","@id":"https:\/\/www.pressenza.com\/es\/2021\/01\/un-grito-mudo\/#article","isPartOf":{"@id":"https:\/\/www.pressenza.com\/es\/2021\/01\/un-grito-mudo\/"},"author":{"name":"Gloria Arias Nieto","@id":"https:\/\/www.pressenza.com\/es\/#\/schema\/person\/476779c5c0c262f919761226ef961a29"},"headline":"Un grito mudo","datePublished":"2021-01-08T02:54:55+00:00","mainEntityOfPage":{"@id":"https:\/\/www.pressenza.com\/es\/2021\/01\/un-grito-mudo\/"},"wordCount":680,"publisher":{"@id":"https:\/\/www.pressenza.com\/es\/#organization"},"image":{"@id":"https:\/\/www.pressenza.com\/es\/2021\/01\/un-grito-mudo\/#primaryimage"},"thumbnailUrl":"https:\/\/www.pressenza.com\/wp-content\/uploads\/2021\/01\/hands-pixabay.jpg","keywords":["#LaHuellaDeLosLideres","Acuerdos de Paz","Colombia","Paz"],"articleSection":["Opiniones","Paz y Desarme","Sudam\u00e9rica"],"inLanguage":"es"},{"@type":"WebPage","@id":"https:\/\/www.pressenza.com\/es\/2021\/01\/un-grito-mudo\/","url":"https:\/\/www.pressenza.com\/es\/2021\/01\/un-grito-mudo\/","name":"Un grito mudo","isPartOf":{"@id":"https:\/\/www.pressenza.com\/es\/#website"},"primaryImageOfPage":{"@id":"https:\/\/www.pressenza.com\/es\/2021\/01\/un-grito-mudo\/#primaryimage"},"image":{"@id":"https:\/\/www.pressenza.com\/es\/2021\/01\/un-grito-mudo\/#primaryimage"},"thumbnailUrl":"https:\/\/www.pressenza.com\/wp-content\/uploads\/2021\/01\/hands-pixabay.jpg","datePublished":"2021-01-08T02:54:55+00:00","description":"5 de enero 2021. El espectador&nbsp; Uno se apega a los s\u00edmbolos porque la realidad a palo seco es dif\u00edcil de sobrellevar. Seguramente la vuelta al sol no","breadcrumb":{"@id":"https:\/\/www.pressenza.com\/es\/2021\/01\/un-grito-mudo\/#breadcrumb"},"inLanguage":"es","potentialAction":[{"@type":"ReadAction","target":["https:\/\/www.pressenza.com\/es\/2021\/01\/un-grito-mudo\/"]}]},{"@type":"ImageObject","inLanguage":"es","@id":"https:\/\/www.pressenza.com\/es\/2021\/01\/un-grito-mudo\/#primaryimage","url":"https:\/\/www.pressenza.com\/wp-content\/uploads\/2021\/01\/hands-pixabay.jpg","contentUrl":"https:\/\/www.pressenza.com\/wp-content\/uploads\/2021\/01\/hands-pixabay.jpg","width":1024,"height":685},{"@type":"BreadcrumbList","@id":"https:\/\/www.pressenza.com\/es\/2021\/01\/un-grito-mudo\/#breadcrumb","itemListElement":[{"@type":"ListItem","position":1,"name":"Accueil","item":"https:\/\/www.pressenza.com\/es\/"},{"@type":"ListItem","position":2,"name":"Un grito mudo"}]},{"@type":"WebSite","@id":"https:\/\/www.pressenza.com\/es\/#website","url":"https:\/\/www.pressenza.com\/es\/","name":"Pressenza","description":"International Press Agency","publisher":{"@id":"https:\/\/www.pressenza.com\/es\/#organization"},"potentialAction":[{"@type":"SearchAction","target":{"@type":"EntryPoint","urlTemplate":"https:\/\/www.pressenza.com\/es\/?s={search_term_string}"},"query-input":{"@type":"PropertyValueSpecification","valueRequired":true,"valueName":"search_term_string"}}],"inLanguage":"es"},{"@type":"Organization","@id":"https:\/\/www.pressenza.com\/es\/#organization","name":"Pressenza","url":"https:\/\/www.pressenza.com\/es\/","logo":{"@type":"ImageObject","inLanguage":"es","@id":"https:\/\/www.pressenza.com\/es\/#\/schema\/logo\/image\/","url":"https:\/\/www.pressenza.com\/wp-content\/uploads\/2022\/10\/pressenza_logo_200x200.jpg","contentUrl":"https:\/\/www.pressenza.com\/wp-content\/uploads\/2022\/10\/pressenza_logo_200x200.jpg","width":200,"height":200,"caption":"Pressenza"},"image":{"@id":"https:\/\/www.pressenza.com\/es\/#\/schema\/logo\/image\/"},"sameAs":["https:\/\/www.facebook.com\/PressenzaItalia","https:\/\/x.com\/PressenzaIPA"]},{"@type":"Person","@id":"https:\/\/www.pressenza.com\/es\/#\/schema\/person\/476779c5c0c262f919761226ef961a29","name":"Gloria Arias Nieto","description":"M\u00e9dica y periodista, columnista de El Espectador. Promotora de procesos de paz y reconciliaci\u00f3n. Miembro del movimiento Defendamos la Paz (DLP) @gloriariasnieto","sameAs":["https:\/\/x.com\/gloriariasnieto"],"url":"https:\/\/www.pressenza.com\/es\/author\/gloria-arias-nieto\/"}]}},"place":"Bogot\u00e1, Colombia","original_article_url":"https:\/\/www.elespectador.com\/opinion\/un-grito-mudo\/","_links":{"self":[{"href":"https:\/\/www.pressenza.com\/es\/wp-json\/wp\/v2\/posts\/1274423","targetHints":{"allow":["GET"]}}],"collection":[{"href":"https:\/\/www.pressenza.com\/es\/wp-json\/wp\/v2\/posts"}],"about":[{"href":"https:\/\/www.pressenza.com\/es\/wp-json\/wp\/v2\/types\/post"}],"author":[{"embeddable":true,"href":"https:\/\/www.pressenza.com\/es\/wp-json\/wp\/v2\/users\/1897"}],"replies":[{"embeddable":true,"href":"https:\/\/www.pressenza.com\/es\/wp-json\/wp\/v2\/comments?post=1274423"}],"version-history":[{"count":0,"href":"https:\/\/www.pressenza.com\/es\/wp-json\/wp\/v2\/posts\/1274423\/revisions"}],"wp:featuredmedia":[{"embeddable":true,"href":"https:\/\/www.pressenza.com\/es\/wp-json\/wp\/v2\/media\/1274437"}],"wp:attachment":[{"href":"https:\/\/www.pressenza.com\/es\/wp-json\/wp\/v2\/media?parent=1274423"}],"wp:term":[{"taxonomy":"category","embeddable":true,"href":"https:\/\/www.pressenza.com\/es\/wp-json\/wp\/v2\/categories?post=1274423"},{"taxonomy":"post_tag","embeddable":true,"href":"https:\/\/www.pressenza.com\/es\/wp-json\/wp\/v2\/tags?post=1274423"}],"curies":[{"name":"wp","href":"https:\/\/api.w.org\/{rel}","templated":true}]}}