{"id":1272754,"date":"2021-01-05T14:53:31","date_gmt":"2021-01-05T14:53:31","guid":{"rendered":"https:\/\/www.pressenza.com\/?p=1272754"},"modified":"2021-01-05T14:53:31","modified_gmt":"2021-01-05T14:53:31","slug":"panama-registra-la-primera-red-social-de-produccion-100-nacional","status":"publish","type":"post","link":"https:\/\/www.pressenza.com\/es\/2021\/01\/panama-registra-la-primera-red-social-de-produccion-100-nacional\/","title":{"rendered":"Panam\u00e1 registra la primera red social de producci\u00f3n 100% nacional"},"content":{"rendered":"<p><em><strong>por <a href=\"https:\/\/www.laestrella.com.pa\/economia\/201225\/201227-panama-cuenta-primera-red-social-facil-interaccion-monetizacion\">La Estrella<\/a><\/strong><\/em><\/p>\n<p>Panam\u00e1 ingresa al negocio de las redes sociales con Tribu, la primera red social 100% producida en el pa\u00eds y la que adem\u00e1s de interactuar, le ofrece a los generadores de contenido la oportunidad de monetizar sus creaciones.<\/p>\n<p>La plataforma que nace de Iv\u00e1n Kourany y F\u00e9lix Ome\u00f1aca facilita la conexi\u00f3n interactiva entre los usuarios, asociaciones o grupos sobre los cuales tienen inter\u00e9s, sin que existan complejos logaritmos que priorizan los contenidos patrocinados y castigan la socializaci\u00f3n org\u00e1nica dentro de la red.<\/p>\n<p>Aunque la descarga y registro en la red es gratuita, los generadores de contenido pueden conseguir que sus seguidores les paguen mensualidades que van de $2 a $500 por ver sus contenido.<\/p>\n<p>Estos creadores que podr\u00edan ser chefs, artistas, profesores, periodistas, c\u00f3micos, profesionales de la belleza y muchos m\u00e1s, pueden obtener ingresos extras mediante de la adjudicaci\u00f3n de Amojis, contribuciones en forma de emoticones enviadas por sus suscriptores, y de las transmisiones en vivo a trav\u00e9s de su funci\u00f3n Bubble.<\/p>\n<p>Del monto total, Tribu transfiere al generador de contenido el 70%, y usa el 30% restante para pagar tasas de transferencia, desarrollo y mantenimiento de la aplicaci\u00f3n, certificaciones de seguridad, servidores de alto tr\u00e1fico, comisi\u00f3n, mercadeo de la comunidad, etc.<\/p>\n<p>Para Iv\u00e1n Kourany de Tribu.Network, uno de los creadores de la plataforma social paname\u00f1a las formas tradicionales de generar ingresos han cambiado dra\u0301sticamente con la explosio\u0301n de las redes sociales.<\/p>\n<p>Ahora \u2014dijo\u2014 los nuevos tipos de empleo, carreras, inclusive h\u00e1bitos sociales, dibujan una sociedad deseosa de soluciones acordes a esta nueva realidad.<\/p>\n<p>\u201cHemos creado una aplicaci\u00f3n que no requiere ninguna inversi\u00f3n por parte del emprendedor, a la cual puede acceder y empezar a generar ingresos en cuesti\u00f3n de minutos, sin ningu\u0301n tipo de conocimiento o habilidades especiales, democratizando el acceso a hacer negocios digitales y reconociendo al generador de contenido como el duen\u0303o u\u0301ltimo de la posibilidad de lucrar sobre el mismo. Esto entre otras cosas, permite a muchos jo\u0301venes empezar a generar ingresos, dinamizando la econom\u00eda del pa\u00eds\u201d, sostuvo Kourany a trav\u00e9s de una nota de prensa.<\/p>\n","protected":false},"excerpt":{"rendered":"<p>por La Estrella Panam\u00e1 ingresa al negocio de las redes sociales con Tribu, la primera red social 100% producida en el pa\u00eds y la que adem\u00e1s de interactuar, le ofrece a los generadores de contenido la oportunidad de monetizar sus&hellip;<\/p>\n","protected":false},"author":1075,"featured_media":1272758,"comment_status":"closed","ping_status":"closed","sticky":false,"template":"","format":"standard","meta":{"footnotes":""},"categories":[69,497,75],"tags":[23943,73968,5166,3117,85851],"class_list":["post-1272754","post","type-post","status-publish","format-standard","has-post-thumbnail","hentry","category-america-central","category-ciencia-tecnologia","category-cultura-es","tag-centroamerica","tag-industria-nacional","tag-panama","tag-redes-sociales","tag-tribu-es"],"yoast_head":"<!-- This site is optimized with the Yoast SEO plugin v27.1.1 - https:\/\/yoast.com\/product\/yoast-seo-wordpress\/ -->\n<title>Panam\u00e1 registra la primera red social de producci\u00f3n 100% nacional<\/title>\n<meta name=\"description\" content=\"por La Estrella Panam\u00e1 ingresa al negocio de las redes sociales con Tribu, la primera red social 100% producida en el pa\u00eds y la que adem\u00e1s de interactuar,\" \/>\n<meta name=\"robots\" content=\"index, follow, max-snippet:-1, max-image-preview:large, max-video-preview:-1\" \/>\n<link rel=\"canonical\" href=\"https:\/\/www.pressenza.com\/es\/2021\/01\/panama-registra-la-primera-red-social-de-produccion-100-nacional\/\" \/>\n<meta property=\"og:locale\" content=\"es_ES\" \/>\n<meta property=\"og:type\" content=\"article\" \/>\n<meta property=\"og:title\" content=\"Panam\u00e1 registra la primera red social de producci\u00f3n 100% nacional\" \/>\n<meta property=\"og:description\" content=\"por La Estrella Panam\u00e1 ingresa al negocio de las redes sociales con Tribu, la primera red social 100% producida en el pa\u00eds y la que adem\u00e1s de interactuar,\" \/>\n<meta property=\"og:url\" content=\"https:\/\/www.pressenza.com\/es\/2021\/01\/panama-registra-la-primera-red-social-de-produccion-100-nacional\/\" \/>\n<meta property=\"og:site_name\" content=\"Pressenza\" \/>\n<meta property=\"article:publisher\" content=\"https:\/\/www.facebook.com\/PressenzaItalia\" \/>\n<meta property=\"article:author\" content=\"https:\/\/www.facebook.com\/pages\/NODAL\/504497112975235\" \/>\n<meta property=\"article:published_time\" content=\"2021-01-05T14:53:31+00:00\" \/>\n<meta property=\"og:image\" content=\"https:\/\/www.pressenza.com\/wp-content\/uploads\/2021\/01\/tribunetwork.png\" \/>\n\t<meta property=\"og:image:width\" content=\"769\" \/>\n\t<meta property=\"og:image:height\" content=\"481\" \/>\n\t<meta property=\"og:image:type\" content=\"image\/png\" \/>\n<meta name=\"author\" content=\"Noticias de Am\u00e9rica Latina y el Caribe\" \/>\n<meta name=\"twitter:card\" content=\"summary_large_image\" \/>\n<meta name=\"twitter:creator\" content=\"@infoNodal\" \/>\n<meta name=\"twitter:site\" content=\"@PressenzaIPA\" \/>\n<meta name=\"twitter:label1\" content=\"Escrito por\" \/>\n\t<meta name=\"twitter:data1\" content=\"Noticias de Am\u00e9rica Latina y el Caribe\" \/>\n\t<meta name=\"twitter:label2\" content=\"Tiempo de lectura\" \/>\n\t<meta name=\"twitter:data2\" content=\"2 minutos\" \/>\n<script type=\"application\/ld+json\" class=\"yoast-schema-graph\">{\"@context\":\"https:\/\/schema.org\",\"@graph\":[{\"@type\":\"Article\",\"@id\":\"https:\/\/www.pressenza.com\/es\/2021\/01\/panama-registra-la-primera-red-social-de-produccion-100-nacional\/#article\",\"isPartOf\":{\"@id\":\"https:\/\/www.pressenza.com\/es\/2021\/01\/panama-registra-la-primera-red-social-de-produccion-100-nacional\/\"},\"author\":{\"name\":\"Noticias de Am\u00e9rica Latina y el Caribe\",\"@id\":\"https:\/\/www.pressenza.com\/es\/#\/schema\/person\/2589ceb48064b9d4249652e5d275a2ec\"},\"headline\":\"Panam\u00e1 registra la primera red social de producci\u00f3n 100% nacional\",\"datePublished\":\"2021-01-05T14:53:31+00:00\",\"mainEntityOfPage\":{\"@id\":\"https:\/\/www.pressenza.com\/es\/2021\/01\/panama-registra-la-primera-red-social-de-produccion-100-nacional\/\"},\"wordCount\":382,\"publisher\":{\"@id\":\"https:\/\/www.pressenza.com\/es\/#organization\"},\"image\":{\"@id\":\"https:\/\/www.pressenza.com\/es\/2021\/01\/panama-registra-la-primera-red-social-de-produccion-100-nacional\/#primaryimage\"},\"thumbnailUrl\":\"https:\/\/www.pressenza.com\/wp-content\/uploads\/2021\/01\/tribunetwork.png\",\"keywords\":[\"Centroam\u00e9rica\",\"industria nacional\",\"Panam\u00e1\",\"redes sociales\",\"trib\u00f9\"],\"articleSection\":[\"Am\u00e9rica Central\",\"Ciencia y Tecnolog\u00eda\",\"Cultura y Medios\"],\"inLanguage\":\"es\"},{\"@type\":\"WebPage\",\"@id\":\"https:\/\/www.pressenza.com\/es\/2021\/01\/panama-registra-la-primera-red-social-de-produccion-100-nacional\/\",\"url\":\"https:\/\/www.pressenza.com\/es\/2021\/01\/panama-registra-la-primera-red-social-de-produccion-100-nacional\/\",\"name\":\"Panam\u00e1 registra la primera red social de producci\u00f3n 100% nacional\",\"isPartOf\":{\"@id\":\"https:\/\/www.pressenza.com\/es\/#website\"},\"primaryImageOfPage\":{\"@id\":\"https:\/\/www.pressenza.com\/es\/2021\/01\/panama-registra-la-primera-red-social-de-produccion-100-nacional\/#primaryimage\"},\"image\":{\"@id\":\"https:\/\/www.pressenza.com\/es\/2021\/01\/panama-registra-la-primera-red-social-de-produccion-100-nacional\/#primaryimage\"},\"thumbnailUrl\":\"https:\/\/www.pressenza.com\/wp-content\/uploads\/2021\/01\/tribunetwork.png\",\"datePublished\":\"2021-01-05T14:53:31+00:00\",\"description\":\"por La Estrella Panam\u00e1 ingresa al negocio de las redes sociales con Tribu, la primera red social 100% producida en el pa\u00eds y la que adem\u00e1s de interactuar,\",\"breadcrumb\":{\"@id\":\"https:\/\/www.pressenza.com\/es\/2021\/01\/panama-registra-la-primera-red-social-de-produccion-100-nacional\/#breadcrumb\"},\"inLanguage\":\"es\",\"potentialAction\":[{\"@type\":\"ReadAction\",\"target\":[\"https:\/\/www.pressenza.com\/es\/2021\/01\/panama-registra-la-primera-red-social-de-produccion-100-nacional\/\"]}]},{\"@type\":\"ImageObject\",\"inLanguage\":\"es\",\"@id\":\"https:\/\/www.pressenza.com\/es\/2021\/01\/panama-registra-la-primera-red-social-de-produccion-100-nacional\/#primaryimage\",\"url\":\"https:\/\/www.pressenza.com\/wp-content\/uploads\/2021\/01\/tribunetwork.png\",\"contentUrl\":\"https:\/\/www.pressenza.com\/wp-content\/uploads\/2021\/01\/tribunetwork.png\",\"width\":769,\"height\":481},{\"@type\":\"BreadcrumbList\",\"@id\":\"https:\/\/www.pressenza.com\/es\/2021\/01\/panama-registra-la-primera-red-social-de-produccion-100-nacional\/#breadcrumb\",\"itemListElement\":[{\"@type\":\"ListItem\",\"position\":1,\"name\":\"Accueil\",\"item\":\"https:\/\/www.pressenza.com\/es\/\"},{\"@type\":\"ListItem\",\"position\":2,\"name\":\"Panam\u00e1 registra la primera red social de producci\u00f3n 100% nacional\"}]},{\"@type\":\"WebSite\",\"@id\":\"https:\/\/www.pressenza.com\/es\/#website\",\"url\":\"https:\/\/www.pressenza.com\/es\/\",\"name\":\"Pressenza\",\"description\":\"International Press Agency\",\"publisher\":{\"@id\":\"https:\/\/www.pressenza.com\/es\/#organization\"},\"potentialAction\":[{\"@type\":\"SearchAction\",\"target\":{\"@type\":\"EntryPoint\",\"urlTemplate\":\"https:\/\/www.pressenza.com\/es\/?s={search_term_string}\"},\"query-input\":{\"@type\":\"PropertyValueSpecification\",\"valueRequired\":true,\"valueName\":\"search_term_string\"}}],\"inLanguage\":\"es\"},{\"@type\":\"Organization\",\"@id\":\"https:\/\/www.pressenza.com\/es\/#organization\",\"name\":\"Pressenza\",\"url\":\"https:\/\/www.pressenza.com\/es\/\",\"logo\":{\"@type\":\"ImageObject\",\"inLanguage\":\"es\",\"@id\":\"https:\/\/www.pressenza.com\/es\/#\/schema\/logo\/image\/\",\"url\":\"https:\/\/www.pressenza.com\/wp-content\/uploads\/2022\/10\/pressenza_logo_200x200.jpg\",\"contentUrl\":\"https:\/\/www.pressenza.com\/wp-content\/uploads\/2022\/10\/pressenza_logo_200x200.jpg\",\"width\":200,\"height\":200,\"caption\":\"Pressenza\"},\"image\":{\"@id\":\"https:\/\/www.pressenza.com\/es\/#\/schema\/logo\/image\/\"},\"sameAs\":[\"https:\/\/www.facebook.com\/PressenzaItalia\",\"https:\/\/x.com\/PressenzaIPA\"]},{\"@type\":\"Person\",\"@id\":\"https:\/\/www.pressenza.com\/es\/#\/schema\/person\/2589ceb48064b9d4249652e5d275a2ec\",\"name\":\"Noticias de Am\u00e9rica Latina y el Caribe\",\"description\":\"Primer portal de noticias de Am\u00e9rica Latina y el Caribe. Director: Pedro Brieger Con el apoyo de la Fundaci\u00f3n para la Integraci\u00f3n Latinoamericana (FILA) www.nodal.am\",\"sameAs\":[\"https:\/\/www.facebook.com\/pages\/NODAL\/504497112975235\",\"https:\/\/x.com\/infoNodal\"],\"url\":\"https:\/\/www.pressenza.com\/es\/author\/nodal\/\"}]}<\/script>\n<!-- \/ Yoast SEO plugin. -->","yoast_head_json":{"title":"Panam\u00e1 registra la primera red social de producci\u00f3n 100% nacional","description":"por La Estrella Panam\u00e1 ingresa al negocio de las redes sociales con Tribu, la primera red social 100% producida en el pa\u00eds y la que adem\u00e1s de interactuar,","robots":{"index":"index","follow":"follow","max-snippet":"max-snippet:-1","max-image-preview":"max-image-preview:large","max-video-preview":"max-video-preview:-1"},"canonical":"https:\/\/www.pressenza.com\/es\/2021\/01\/panama-registra-la-primera-red-social-de-produccion-100-nacional\/","og_locale":"es_ES","og_type":"article","og_title":"Panam\u00e1 registra la primera red social de producci\u00f3n 100% nacional","og_description":"por La Estrella Panam\u00e1 ingresa al negocio de las redes sociales con Tribu, la primera red social 100% producida en el pa\u00eds y la que adem\u00e1s de interactuar,","og_url":"https:\/\/www.pressenza.com\/es\/2021\/01\/panama-registra-la-primera-red-social-de-produccion-100-nacional\/","og_site_name":"Pressenza","article_publisher":"https:\/\/www.facebook.com\/PressenzaItalia","article_author":"https:\/\/www.facebook.com\/pages\/NODAL\/504497112975235","article_published_time":"2021-01-05T14:53:31+00:00","og_image":[{"width":769,"height":481,"url":"https:\/\/www.pressenza.com\/wp-content\/uploads\/2021\/01\/tribunetwork.png","type":"image\/png"}],"author":"Noticias de Am\u00e9rica Latina y el Caribe","twitter_card":"summary_large_image","twitter_creator":"@infoNodal","twitter_site":"@PressenzaIPA","twitter_misc":{"Escrito por":"Noticias de Am\u00e9rica Latina y el Caribe","Tiempo de lectura":"2 minutos"},"schema":{"@context":"https:\/\/schema.org","@graph":[{"@type":"Article","@id":"https:\/\/www.pressenza.com\/es\/2021\/01\/panama-registra-la-primera-red-social-de-produccion-100-nacional\/#article","isPartOf":{"@id":"https:\/\/www.pressenza.com\/es\/2021\/01\/panama-registra-la-primera-red-social-de-produccion-100-nacional\/"},"author":{"name":"Noticias de Am\u00e9rica Latina y el Caribe","@id":"https:\/\/www.pressenza.com\/es\/#\/schema\/person\/2589ceb48064b9d4249652e5d275a2ec"},"headline":"Panam\u00e1 registra la primera red social de producci\u00f3n 100% nacional","datePublished":"2021-01-05T14:53:31+00:00","mainEntityOfPage":{"@id":"https:\/\/www.pressenza.com\/es\/2021\/01\/panama-registra-la-primera-red-social-de-produccion-100-nacional\/"},"wordCount":382,"publisher":{"@id":"https:\/\/www.pressenza.com\/es\/#organization"},"image":{"@id":"https:\/\/www.pressenza.com\/es\/2021\/01\/panama-registra-la-primera-red-social-de-produccion-100-nacional\/#primaryimage"},"thumbnailUrl":"https:\/\/www.pressenza.com\/wp-content\/uploads\/2021\/01\/tribunetwork.png","keywords":["Centroam\u00e9rica","industria nacional","Panam\u00e1","redes sociales","trib\u00f9"],"articleSection":["Am\u00e9rica Central","Ciencia y Tecnolog\u00eda","Cultura y Medios"],"inLanguage":"es"},{"@type":"WebPage","@id":"https:\/\/www.pressenza.com\/es\/2021\/01\/panama-registra-la-primera-red-social-de-produccion-100-nacional\/","url":"https:\/\/www.pressenza.com\/es\/2021\/01\/panama-registra-la-primera-red-social-de-produccion-100-nacional\/","name":"Panam\u00e1 registra la primera red social de producci\u00f3n 100% nacional","isPartOf":{"@id":"https:\/\/www.pressenza.com\/es\/#website"},"primaryImageOfPage":{"@id":"https:\/\/www.pressenza.com\/es\/2021\/01\/panama-registra-la-primera-red-social-de-produccion-100-nacional\/#primaryimage"},"image":{"@id":"https:\/\/www.pressenza.com\/es\/2021\/01\/panama-registra-la-primera-red-social-de-produccion-100-nacional\/#primaryimage"},"thumbnailUrl":"https:\/\/www.pressenza.com\/wp-content\/uploads\/2021\/01\/tribunetwork.png","datePublished":"2021-01-05T14:53:31+00:00","description":"por La Estrella Panam\u00e1 ingresa al negocio de las redes sociales con Tribu, la primera red social 100% producida en el pa\u00eds y la que adem\u00e1s de interactuar,","breadcrumb":{"@id":"https:\/\/www.pressenza.com\/es\/2021\/01\/panama-registra-la-primera-red-social-de-produccion-100-nacional\/#breadcrumb"},"inLanguage":"es","potentialAction":[{"@type":"ReadAction","target":["https:\/\/www.pressenza.com\/es\/2021\/01\/panama-registra-la-primera-red-social-de-produccion-100-nacional\/"]}]},{"@type":"ImageObject","inLanguage":"es","@id":"https:\/\/www.pressenza.com\/es\/2021\/01\/panama-registra-la-primera-red-social-de-produccion-100-nacional\/#primaryimage","url":"https:\/\/www.pressenza.com\/wp-content\/uploads\/2021\/01\/tribunetwork.png","contentUrl":"https:\/\/www.pressenza.com\/wp-content\/uploads\/2021\/01\/tribunetwork.png","width":769,"height":481},{"@type":"BreadcrumbList","@id":"https:\/\/www.pressenza.com\/es\/2021\/01\/panama-registra-la-primera-red-social-de-produccion-100-nacional\/#breadcrumb","itemListElement":[{"@type":"ListItem","position":1,"name":"Accueil","item":"https:\/\/www.pressenza.com\/es\/"},{"@type":"ListItem","position":2,"name":"Panam\u00e1 registra la primera red social de producci\u00f3n 100% nacional"}]},{"@type":"WebSite","@id":"https:\/\/www.pressenza.com\/es\/#website","url":"https:\/\/www.pressenza.com\/es\/","name":"Pressenza","description":"International Press Agency","publisher":{"@id":"https:\/\/www.pressenza.com\/es\/#organization"},"potentialAction":[{"@type":"SearchAction","target":{"@type":"EntryPoint","urlTemplate":"https:\/\/www.pressenza.com\/es\/?s={search_term_string}"},"query-input":{"@type":"PropertyValueSpecification","valueRequired":true,"valueName":"search_term_string"}}],"inLanguage":"es"},{"@type":"Organization","@id":"https:\/\/www.pressenza.com\/es\/#organization","name":"Pressenza","url":"https:\/\/www.pressenza.com\/es\/","logo":{"@type":"ImageObject","inLanguage":"es","@id":"https:\/\/www.pressenza.com\/es\/#\/schema\/logo\/image\/","url":"https:\/\/www.pressenza.com\/wp-content\/uploads\/2022\/10\/pressenza_logo_200x200.jpg","contentUrl":"https:\/\/www.pressenza.com\/wp-content\/uploads\/2022\/10\/pressenza_logo_200x200.jpg","width":200,"height":200,"caption":"Pressenza"},"image":{"@id":"https:\/\/www.pressenza.com\/es\/#\/schema\/logo\/image\/"},"sameAs":["https:\/\/www.facebook.com\/PressenzaItalia","https:\/\/x.com\/PressenzaIPA"]},{"@type":"Person","@id":"https:\/\/www.pressenza.com\/es\/#\/schema\/person\/2589ceb48064b9d4249652e5d275a2ec","name":"Noticias de Am\u00e9rica Latina y el Caribe","description":"Primer portal de noticias de Am\u00e9rica Latina y el Caribe. Director: Pedro Brieger Con el apoyo de la Fundaci\u00f3n para la Integraci\u00f3n Latinoamericana (FILA) www.nodal.am","sameAs":["https:\/\/www.facebook.com\/pages\/NODAL\/504497112975235","https:\/\/x.com\/infoNodal"],"url":"https:\/\/www.pressenza.com\/es\/author\/nodal\/"}]}},"place":"Panam\u00e1","original_article_url":"https:\/\/www.nodal.am\/2020\/12\/panama-registra-la-primera-red-social-de-produccion-100-nacional\/","_links":{"self":[{"href":"https:\/\/www.pressenza.com\/es\/wp-json\/wp\/v2\/posts\/1272754","targetHints":{"allow":["GET"]}}],"collection":[{"href":"https:\/\/www.pressenza.com\/es\/wp-json\/wp\/v2\/posts"}],"about":[{"href":"https:\/\/www.pressenza.com\/es\/wp-json\/wp\/v2\/types\/post"}],"author":[{"embeddable":true,"href":"https:\/\/www.pressenza.com\/es\/wp-json\/wp\/v2\/users\/1075"}],"replies":[{"embeddable":true,"href":"https:\/\/www.pressenza.com\/es\/wp-json\/wp\/v2\/comments?post=1272754"}],"version-history":[{"count":0,"href":"https:\/\/www.pressenza.com\/es\/wp-json\/wp\/v2\/posts\/1272754\/revisions"}],"wp:featuredmedia":[{"embeddable":true,"href":"https:\/\/www.pressenza.com\/es\/wp-json\/wp\/v2\/media\/1272758"}],"wp:attachment":[{"href":"https:\/\/www.pressenza.com\/es\/wp-json\/wp\/v2\/media?parent=1272754"}],"wp:term":[{"taxonomy":"category","embeddable":true,"href":"https:\/\/www.pressenza.com\/es\/wp-json\/wp\/v2\/categories?post=1272754"},{"taxonomy":"post_tag","embeddable":true,"href":"https:\/\/www.pressenza.com\/es\/wp-json\/wp\/v2\/tags?post=1272754"}],"curies":[{"name":"wp","href":"https:\/\/api.w.org\/{rel}","templated":true}]}}