{"id":1272512,"date":"2021-01-04T20:48:27","date_gmt":"2021-01-04T20:48:27","guid":{"rendered":"https:\/\/www.pressenza.com\/?p=1272512"},"modified":"2021-01-04T20:48:27","modified_gmt":"2021-01-04T20:48:27","slug":"la-transformacion-de-las-urbes-tras-la-pandemia-por-el-covid-19","status":"publish","type":"post","link":"https:\/\/www.pressenza.com\/es\/2021\/01\/la-transformacion-de-las-urbes-tras-la-pandemia-por-el-covid-19\/","title":{"rendered":"La transformaci\u00f3n de las urbes tras la pandemia por el COVID-19"},"content":{"rendered":"<p>Por Iv\u00e1n Cabrera<\/p>\n<p>Cerca de Beijing, China, el despacho Guallart Architects, con sede en Barcelona, levanta una ciudad con departamentos de madera, granjas en las azoteas y energ\u00eda renovable con espacios para drones y amplias estancias para trabajar en caso de que la pandemia por COVID-19 regrese o nuevas amenazas se ciernan sobre el mundo.<\/p>\n<p>El gobierno del presidente Xi Jinping promovi\u00f3 la construcci\u00f3n de esta urbe en la comunidad de Xiog\u2019an, cuyo fin es establecer \u201cnuevo est\u00e1ndar en la era pos-COVID\u201d. Para Vicente Guallart, jefe de este proyecto, el objetivo es dotar de todas las comodidades a los habitantes, incluso en momentos de enclaustramiento.<\/p>\n<p>\u201cSi los hogares permiten el teletrabajo y la teleeducaci\u00f3n, tienen espacios flexibles en grandes terrazas y las ciudades pueden cultivar alimentos en los techos o imprimir objetos en sus barrios, estaremos m\u00e1s preparados para las crisis del futuro\u201d, abund\u00f3 en una entrevista ofrecida para la Fundaci\u00f3n Thomson Reuters.<\/p>\n<p>Durante la Conferencia Anual de la Asociaci\u00f3n de Vivienda en Renta (AVER) en M\u00e9xico, algunos especialistas en el tema inmobiliario perfilaron algunas transformaciones en el sector: mecanismos que impidan la entrada del virus; espacios especiales dentro de los hogares para trabajar, pero tambi\u00e9n \u00e1reas comunes con cabinas para desempe\u00f1ar las labores sin salir de casa.<\/p>\n<p>Habr\u00e1 m\u00e1s espacios semiprivados y en los centros de trabajo se mantendr\u00e1 la separaci\u00f3n entre colaboradores. En la parte electromec\u00e1nica de los edificios se buscar\u00e1 tener m\u00e1s aire fresco, as\u00ed como filtraci\u00f3n y desinfecci\u00f3n del aire acondicionado.<\/p>\n<p>A lo largo del mundo, gobiernos, empresas y organismos de la sociedad civil ya han comenzado a revisar c\u00f3mo se transformar\u00e1n las ciudades a partir de la crisis sanitaria por coronavirus. En lo que coinciden los especialistas es que habr\u00e1 un reacomodo de nuestra forma de vivir las urbes y de c\u00f3mo las recuperaremos.<\/p>\n<p>Cambios en lo inmediato<\/p>\n<p>Para el Mtro. Carlos Luis Delgado Castillo, acad\u00e9mico del\u00a0Departamento de Arquitectura, Urbanismo e Ingenier\u00eda Civil\u00a0de la IBERO, el impacto que est\u00e1 teniendo el coronavirus es en lo inmediato: las ciudades est\u00e1n siendo modificadas para poder manejar la pandemia, es una estrategia que se conoce como urbanismo t\u00e1ctico, en donde se realiza una intervenci\u00f3n temporal de los espacios p\u00fablicos.<\/p>\n<p>\u201cEn el corto plazo se est\u00e1n haciendo intervenciones de manera r\u00e1pida y econ\u00f3mica, que facilitan, en este contexto, la reducci\u00f3n del contagio de personas; obviamente, a nivel ciudad ser\u00eda en estos espacios p\u00fablicos o en las zonas donde pueda haber una interacci\u00f3n mucho m\u00e1s grande de poblaci\u00f3n\u201d.<\/p>\n<p>Aunque estas transformaciones son temporales, vislumbra que muchas de ellas se quedar\u00e1n para el futuro, pues hist\u00f3ricamente a partir de enfermedades se han promovido legislaciones que buscan construcciones m\u00e1s saludables. En este sentido, el tema arquitect\u00f3nico tambi\u00e9n ser\u00e1 impactado en el tiempo por venir.<\/p>\n<p>En julio pasado, el Centro de Estudios Sociales y de Opini\u00f3n P\u00fablica (CESOP) de la C\u00e1mara de Diputados present\u00f3 el informe\u00a0La ciudad en tiempos de pandemia y los retos que plantea la postpandemia, en donde se planteaban algunas medidas para el futuro de las urbes en nuestro pa\u00eds como:<\/p>\n<p>La ampliaci\u00f3n de los espacios peatonales y \u2018\u00e1reas de tranquilidad\u2019, y reducir los espacios de la motorizaci\u00f3n.<br \/>\nMovilizar medios de transporte m\u00e1s sostenibles, como la bicicleta o el coche compartido; as\u00ed como el mejoramiento en el transporte p\u00fablico.<br \/>\nSe debe migrar de un urbanismo de m2 a un urbanismo de habitalidad y calidad de los espacios.<br \/>\nSe debe volver a lo local, a los barrios, a la econom\u00eda de escala. Cultivos cercanos y conservaci\u00f3n de fuentes h\u00eddricas y corredores ecol\u00f3gicos.<br \/>\nUna ciudad mucho m\u00e1s peatonal que, a largo plazo, se convertir\u00e1 en una ciudad m\u00e1s saludable y, por otro, ayudar\u00e1 al distanciamiento social y evitar aglomeraciones.<br \/>\nLos nuevos planes urbanos deber\u00e1n contemplar la multiplicidad de usos en el territorio, peque\u00f1as f\u00e1bricas (mini parques industriales), comercios, servicios, supermecados y producci\u00f3n artesanal, todos conviviendo arm\u00f3nicamente.<br \/>\nDelgado Castillo apunta que uno de los elementos que se deber\u00e1n tomar en cuenta en las futuras propuestas es el tema de los diferentes p\u00fablicos y sus necesidades. Afirm\u00f3 que se debe reflexionar en el sentido de que no s\u00f3lo se buscan urbes sustentables sino ciudades saludables; por ello, es determinante tomar en cuenta a los distintos grupos.<\/p>\n<p>Esto implica cambios en las estrategias de movilidad tanto a nivel de automotores como de peatones y ciclistas; adem\u00e1s de buscar sistemas de pago automatizados en el transporte p\u00fablico, facilitar los traslados e impulsar nuevas modalidades de trabajo. Estos ejemplos, dice, podr\u00edan convertirse en estrategias que reduzcan el tiempo de espera y el hacinamiento.<\/p>\n<p>Tambi\u00e9n se debe tomar en cuenta el tema de los espacios p\u00fablicos, los cuales deben ser habilitados y que crezcan; as\u00ed como dar m\u00e1s lugar a los peatones y a quienes usan como medio de transporte las bicicletas. En el caso de los grupos vulnerables, deber\u00edan existir horarios para que \u00e9stos puedan moverse por las ciudades con mayor libertad y seguridad.<\/p>\n<p>El tambi\u00e9n acad\u00e9mico en la\u00a0Maestr\u00eda de Proyectos para el Desarrollo Urbano\u00a0estima que se deber\u00e1 revisar la construcci\u00f3n de los edificios, \u201cc\u00f3mo se ventilan, c\u00f3mo se orientan, es decir, esto que se conoce como dise\u00f1o bioclim\u00e1tico, en donde te adaptas a las condiciones del clima del lugar y garantizas que haya una ventilaci\u00f3n e iluminaci\u00f3n adecuadas; porque si est\u00e1 bien ventilado tu edificio, por ejemplo, no tendr\u00edas que usar tanta calefacci\u00f3n\u201d.<\/p>\n<p>Enfatiza que el dise\u00f1o tambi\u00e9n debe tener un impacto dentro de los hogares, pues es vital que se piense en qu\u00e9 forma podemos tener recreaci\u00f3n y convivencia, as\u00ed como lugares para desarrollar nuestra labor profesional, sobre todo ahora que el trabajo a distancia o en casa parece que se quedar\u00e1 con nosotros.<\/p>\n<p>\u201cEs decir, en el interior de las casas, el dise\u00f1o ser\u00e1 fundamental para que no nos volvamos locos, para decirlo de alguna forma, y tengamos la oportunidad de tener una salud mental y f\u00edsica dentro de los mismos hogares\u201d.<\/p>\n<p>Para lograr modificaciones de verdadero impacto, comenta el Mtro. Carlos Luis, se necesita una partida presupuestal y cambios en la legislaci\u00f3n; as\u00ed como ense\u00f1ar a las personas a vivir en las urbes: usar se\u00f1al\u00e9tica que nos diga c\u00f3mo usar el transporte p\u00fablico o la direcci\u00f3n que debemos seguir cuando caminamos por las calles.<\/p>\n<p>Entonces, la comunicaci\u00f3n tendr\u00e1 un papel importante en el desarrollo de los proyectos urbanos, adem\u00e1s de la civilidad de las personas, porque \u201cmucho del correcto funcionamiento de la ciudad depender\u00e1 del comportamiento de la poblaci\u00f3n; por un lado, es el dise\u00f1o f\u00edsico-espacial y, por el otro, la educaci\u00f3n de la ciudadan\u00eda\u201d.<\/p>\n<p>Dise\u00f1o para adaptarnos a los fen\u00f3menos naturales y sociales<\/p>\n<p>En junio de 2020, en el\u00a0The New York Times\u00a0apareci\u00f3 un art\u00edculo titulado\u00a0La arquitectura podr\u00eda ayudar a adaptarnos a la pandemia, de acuerdo con el texto, la propagaci\u00f3n del coronavirus no s\u00f3lo era una crisis de salud, sino un problema de dise\u00f1o, en el sentido que los espacios esenciales no permit\u00edan el aislamiento o la distancia que esta situaci\u00f3n requer\u00eda.<\/p>\n<p>El\u00a0Dr. Edward Berm\u00fadez Mac\u00edas, coordinador de la\u00a0Licenciatura en Dise\u00f1o Interactivo\u00a0de la IBERO, explica que el dise\u00f1o toma conciencia de su responsabilidad al modificar el entorno y en momentos de crisis como \u00e9ste es importante reflexionar sobre un dise\u00f1o que \u201cnos prepare para adaptarnos a los fen\u00f3menos naturales y sociales que est\u00e1n por venir, y nos permita colaborar en la construcci\u00f3n de un modo de ser m\u00e1s arm\u00f3nico, convivencial y sostenible\u201d.<\/p>\n<p>Respecto a que elementos se deben considerar para construir propuestas a trav\u00e9s del dise\u00f1o, el acad\u00e9mico enfatiza que se debe poner al centro a las personas \u201cya no como individuos a satisfacer, sino como integrantes de un grupo social que a su vez pertenece a grupos m\u00e1s extensos, y a la naturaleza misma; es decir, a dise\u00f1ar pensando en varias escalas en las consecuencias positivas y negativas de las propuestas\u201d.<\/p>\n<p>En mayo de este a\u00f1o, en pleno boom de la crisis en Estados Unidos, el\u00a0Instituto Americano de Arquitectos\u00a0entendi\u00f3 que el problema de los espacios ten\u00eda que pasar por el redise\u00f1o de los lugares para atender a los enfermos. Para ello, se redact\u00f3 la Herramienta de evaluaci\u00f3n de preparaci\u00f3n, una gu\u00eda para enfrentar la crisis sanitaria.<\/p>\n<p>En ella, se establec\u00edan par\u00e1metros para elegir espacios como centros temporales de operaci\u00f3n y atenci\u00f3n m\u00e9dica. En especial, era de gran ayuda para quienes no ten\u00edan experiencia en el dise\u00f1o de atenci\u00f3n m\u00e9dica. La intervenci\u00f3n de este Instituto permiti\u00f3, a trav\u00e9s de puntos muy espec\u00edficos, responder r\u00e1pido a la pandemia y tomar decisiones en el momento.<\/p>\n<p>Y ese es el papel del dise\u00f1o.\u00a0A decir del experto de la IBERO, esta disciplina ayuda a combatir crisis en las necesidades m\u00e1s inmediatas, pero tambi\u00e9n en las que son poco atendidas o visibles, enti\u00e9ndase las consecuencias del aislamiento (t\u00e9rminos emocionales), o de alternativas a actividades como el trabajo, el descanso, el entretenimiento, la alimentaci\u00f3n, entre otras, \u201csiempre en el marco de pr\u00e1cticas sociales mediadas por objetos f\u00edsicos o virtuales\u201d.<\/p>\n<p>El dise\u00f1o, abunda Berm\u00fadez Mac\u00edas, aporta mediaciones o mediadores significativos para las personas que ahora en una crisis de gran escala se enfrentan al cuidado de su salud f\u00edsica y psicol\u00f3gica, y al impacto de la estabilidad econ\u00f3mica y de los proyectos de vida.<\/p>\n<p>\u201cEl dise\u00f1o tambi\u00e9n puede contribuir a una profunda reflexi\u00f3n sobre el fen\u00f3meno de la pandemia, que nos permita atender de mejor forma crisis como la ambiental o las injusticias sociales, sin que necesariamente esto se convierta un objeto reproducible en una f\u00e1brica o industria. El dise\u00f1o puede intervenir de muchas maneras en contextos diversos, porque al ser una pr\u00e1ctica propia de todos los seres humanos, puede tener muchas formas de especializarse y permitir distintas maneras de ser en el mundo\u201d.<\/p>\n<p>La construcci\u00f3n de las ciudades debe poner al centro a las personas y el derecho a la vivienda es el requerimiento m\u00ednimo para los habitantes de cualquier urbe. En esta contingencia, ha quedado de manifiesto que los grupos vulnerables son los que m\u00e1s sufren la pandemia, sobre todo aquellos que no pueden confinarse porque o deben salir a trabajar o, peor a\u00fan, no tienen un lugar donde guarecerse.<\/p>\n<p>Leilani Farha, relatora especial de la ONU sobre el derecho a una vivienda adecuada, ha sido m\u00e1s que enf\u00e1tica en ese sentido y su declaraci\u00f3n, en marzo de este a\u00f1o, lo demuestra: \u201cLa vivienda est\u00e1 en la vanguardia de la batalla contra el coronavirus. Tener una morada nunca ha sido m\u00e1s que hoy una cuesti\u00f3n de vida o muerte\u201d.<\/p>\n<p>Este material se comparte con autorizaci\u00f3n de la IBERO<\/p>\n","protected":false},"excerpt":{"rendered":"<p>Por Iv\u00e1n Cabrera Cerca de Beijing, China, el despacho Guallart Architects, con sede en Barcelona, levanta una ciudad con departamentos de madera, granjas en las azoteas y energ\u00eda renovable con espacios para drones y amplias estancias para trabajar en caso&hellip;<\/p>\n","protected":false},"author":1628,"featured_media":1272513,"comment_status":"closed","ping_status":"closed","sticky":false,"template":"","format":"standard","meta":{"footnotes":""},"categories":[75,39],"tags":[19791,74882,85826,51335],"class_list":["post-1272512","post","type-post","status-publish","format-standard","has-post-thumbnail","hentry","category-cultura-es","category-internacional","tag-arquitectura","tag-pandemia-de-coronavirus","tag-post-pandemia-es","tag-urbanismo"],"yoast_head":"<!-- This site is optimized with the Yoast SEO plugin v27.1.1 - https:\/\/yoast.com\/product\/yoast-seo-wordpress\/ -->\n<title>La transformaci\u00f3n de las urbes tras la pandemia por el COVID-19<\/title>\n<meta name=\"description\" content=\"Por Iv\u00e1n Cabrera Cerca de Beijing, China, el despacho Guallart Architects, con sede en Barcelona, levanta una ciudad con departamentos de madera, granjas\" \/>\n<meta name=\"robots\" content=\"index, follow, max-snippet:-1, max-image-preview:large, max-video-preview:-1\" \/>\n<link rel=\"canonical\" href=\"https:\/\/www.pressenza.com\/es\/2021\/01\/la-transformacion-de-las-urbes-tras-la-pandemia-por-el-covid-19\/\" \/>\n<meta property=\"og:locale\" content=\"es_ES\" \/>\n<meta property=\"og:type\" content=\"article\" \/>\n<meta property=\"og:title\" content=\"La transformaci\u00f3n de las urbes tras la pandemia por el COVID-19\" \/>\n<meta property=\"og:description\" content=\"Por Iv\u00e1n Cabrera Cerca de Beijing, China, el despacho Guallart Architects, con sede en Barcelona, levanta una ciudad con departamentos de madera, granjas\" \/>\n<meta property=\"og:url\" content=\"https:\/\/www.pressenza.com\/es\/2021\/01\/la-transformacion-de-las-urbes-tras-la-pandemia-por-el-covid-19\/\" \/>\n<meta property=\"og:site_name\" content=\"Pressenza\" \/>\n<meta property=\"article:publisher\" content=\"https:\/\/www.facebook.com\/PressenzaItalia\" \/>\n<meta property=\"article:published_time\" content=\"2021-01-04T20:48:27+00:00\" \/>\n<meta property=\"og:image\" content=\"https:\/\/www.pressenza.com\/wp-content\/uploads\/2021\/01\/16023827227431.jpeg\" \/>\n\t<meta property=\"og:image:width\" content=\"660\" \/>\n\t<meta property=\"og:image:height\" content=\"371\" \/>\n\t<meta property=\"og:image:type\" content=\"image\/jpeg\" \/>\n<meta name=\"author\" content=\"Desinform\u00e9monos\" \/>\n<meta name=\"twitter:card\" content=\"summary_large_image\" \/>\n<meta name=\"twitter:creator\" content=\"@PressenzaIPA\" \/>\n<meta name=\"twitter:site\" content=\"@PressenzaIPA\" \/>\n<meta name=\"twitter:label1\" content=\"Escrito por\" \/>\n\t<meta name=\"twitter:data1\" content=\"Desinform\u00e9monos\" \/>\n\t<meta name=\"twitter:label2\" content=\"Tiempo de lectura\" \/>\n\t<meta name=\"twitter:data2\" content=\"10 minutos\" \/>\n<script type=\"application\/ld+json\" class=\"yoast-schema-graph\">{\"@context\":\"https:\/\/schema.org\",\"@graph\":[{\"@type\":\"Article\",\"@id\":\"https:\/\/www.pressenza.com\/es\/2021\/01\/la-transformacion-de-las-urbes-tras-la-pandemia-por-el-covid-19\/#article\",\"isPartOf\":{\"@id\":\"https:\/\/www.pressenza.com\/es\/2021\/01\/la-transformacion-de-las-urbes-tras-la-pandemia-por-el-covid-19\/\"},\"author\":{\"name\":\"Desinform\u00e9monos\",\"@id\":\"https:\/\/www.pressenza.com\/es\/#\/schema\/person\/bbbaee99f5088d6b61ae6e1829fe024c\"},\"headline\":\"La transformaci\u00f3n de las urbes tras la pandemia por el COVID-19\",\"datePublished\":\"2021-01-04T20:48:27+00:00\",\"mainEntityOfPage\":{\"@id\":\"https:\/\/www.pressenza.com\/es\/2021\/01\/la-transformacion-de-las-urbes-tras-la-pandemia-por-el-covid-19\/\"},\"wordCount\":1923,\"publisher\":{\"@id\":\"https:\/\/www.pressenza.com\/es\/#organization\"},\"image\":{\"@id\":\"https:\/\/www.pressenza.com\/es\/2021\/01\/la-transformacion-de-las-urbes-tras-la-pandemia-por-el-covid-19\/#primaryimage\"},\"thumbnailUrl\":\"https:\/\/www.pressenza.com\/wp-content\/uploads\/2021\/01\/16023827227431.jpeg\",\"keywords\":[\"Arquitectura\",\"pandemia de coronavirus\",\"post pandemia\",\"Urbanismo\"],\"articleSection\":[\"Cultura y Medios\",\"Internacional\"],\"inLanguage\":\"es\"},{\"@type\":\"WebPage\",\"@id\":\"https:\/\/www.pressenza.com\/es\/2021\/01\/la-transformacion-de-las-urbes-tras-la-pandemia-por-el-covid-19\/\",\"url\":\"https:\/\/www.pressenza.com\/es\/2021\/01\/la-transformacion-de-las-urbes-tras-la-pandemia-por-el-covid-19\/\",\"name\":\"La transformaci\u00f3n de las urbes tras la pandemia por el COVID-19\",\"isPartOf\":{\"@id\":\"https:\/\/www.pressenza.com\/es\/#website\"},\"primaryImageOfPage\":{\"@id\":\"https:\/\/www.pressenza.com\/es\/2021\/01\/la-transformacion-de-las-urbes-tras-la-pandemia-por-el-covid-19\/#primaryimage\"},\"image\":{\"@id\":\"https:\/\/www.pressenza.com\/es\/2021\/01\/la-transformacion-de-las-urbes-tras-la-pandemia-por-el-covid-19\/#primaryimage\"},\"thumbnailUrl\":\"https:\/\/www.pressenza.com\/wp-content\/uploads\/2021\/01\/16023827227431.jpeg\",\"datePublished\":\"2021-01-04T20:48:27+00:00\",\"description\":\"Por Iv\u00e1n Cabrera Cerca de Beijing, China, el despacho Guallart Architects, con sede en Barcelona, levanta una ciudad con departamentos de madera, granjas\",\"breadcrumb\":{\"@id\":\"https:\/\/www.pressenza.com\/es\/2021\/01\/la-transformacion-de-las-urbes-tras-la-pandemia-por-el-covid-19\/#breadcrumb\"},\"inLanguage\":\"es\",\"potentialAction\":[{\"@type\":\"ReadAction\",\"target\":[\"https:\/\/www.pressenza.com\/es\/2021\/01\/la-transformacion-de-las-urbes-tras-la-pandemia-por-el-covid-19\/\"]}]},{\"@type\":\"ImageObject\",\"inLanguage\":\"es\",\"@id\":\"https:\/\/www.pressenza.com\/es\/2021\/01\/la-transformacion-de-las-urbes-tras-la-pandemia-por-el-covid-19\/#primaryimage\",\"url\":\"https:\/\/www.pressenza.com\/wp-content\/uploads\/2021\/01\/16023827227431.jpeg\",\"contentUrl\":\"https:\/\/www.pressenza.com\/wp-content\/uploads\/2021\/01\/16023827227431.jpeg\",\"width\":660,\"height\":371,\"caption\":\"Desinform\u00e9monos\"},{\"@type\":\"BreadcrumbList\",\"@id\":\"https:\/\/www.pressenza.com\/es\/2021\/01\/la-transformacion-de-las-urbes-tras-la-pandemia-por-el-covid-19\/#breadcrumb\",\"itemListElement\":[{\"@type\":\"ListItem\",\"position\":1,\"name\":\"Accueil\",\"item\":\"https:\/\/www.pressenza.com\/es\/\"},{\"@type\":\"ListItem\",\"position\":2,\"name\":\"La transformaci\u00f3n de las urbes tras la pandemia por el COVID-19\"}]},{\"@type\":\"WebSite\",\"@id\":\"https:\/\/www.pressenza.com\/es\/#website\",\"url\":\"https:\/\/www.pressenza.com\/es\/\",\"name\":\"Pressenza\",\"description\":\"International Press Agency\",\"publisher\":{\"@id\":\"https:\/\/www.pressenza.com\/es\/#organization\"},\"potentialAction\":[{\"@type\":\"SearchAction\",\"target\":{\"@type\":\"EntryPoint\",\"urlTemplate\":\"https:\/\/www.pressenza.com\/es\/?s={search_term_string}\"},\"query-input\":{\"@type\":\"PropertyValueSpecification\",\"valueRequired\":true,\"valueName\":\"search_term_string\"}}],\"inLanguage\":\"es\"},{\"@type\":\"Organization\",\"@id\":\"https:\/\/www.pressenza.com\/es\/#organization\",\"name\":\"Pressenza\",\"url\":\"https:\/\/www.pressenza.com\/es\/\",\"logo\":{\"@type\":\"ImageObject\",\"inLanguage\":\"es\",\"@id\":\"https:\/\/www.pressenza.com\/es\/#\/schema\/logo\/image\/\",\"url\":\"https:\/\/www.pressenza.com\/wp-content\/uploads\/2022\/10\/pressenza_logo_200x200.jpg\",\"contentUrl\":\"https:\/\/www.pressenza.com\/wp-content\/uploads\/2022\/10\/pressenza_logo_200x200.jpg\",\"width\":200,\"height\":200,\"caption\":\"Pressenza\"},\"image\":{\"@id\":\"https:\/\/www.pressenza.com\/es\/#\/schema\/logo\/image\/\"},\"sameAs\":[\"https:\/\/www.facebook.com\/PressenzaItalia\",\"https:\/\/x.com\/PressenzaIPA\"]},{\"@type\":\"Person\",\"@id\":\"https:\/\/www.pressenza.com\/es\/#\/schema\/person\/bbbaee99f5088d6b61ae6e1829fe024c\",\"name\":\"Desinform\u00e9monos\",\"description\":\"Desinform\u00e9monos nace el 15 de octubre de 2009 y crece como un proyecto de comunicaci\u00f3n aut\u00f3noma, libre e independiente, conformado por un equipo de comunicadores, personas de los movimientos sociales, intelectuales y acad\u00e9micos, hombres y mujeres de varias generaciones que, como nosotros, buscan construir un espacio de expresi\u00f3n en y desde M\u00e9xico, donde se aloja la casa matriz.\",\"sameAs\":[\"https:\/\/desinformemonos.org\/\"],\"url\":\"https:\/\/www.pressenza.com\/es\/author\/desinformemonos\/\"}]}<\/script>\n<!-- \/ Yoast SEO plugin. -->","yoast_head_json":{"title":"La transformaci\u00f3n de las urbes tras la pandemia por el COVID-19","description":"Por Iv\u00e1n Cabrera Cerca de Beijing, China, el despacho Guallart Architects, con sede en Barcelona, levanta una ciudad con departamentos de madera, granjas","robots":{"index":"index","follow":"follow","max-snippet":"max-snippet:-1","max-image-preview":"max-image-preview:large","max-video-preview":"max-video-preview:-1"},"canonical":"https:\/\/www.pressenza.com\/es\/2021\/01\/la-transformacion-de-las-urbes-tras-la-pandemia-por-el-covid-19\/","og_locale":"es_ES","og_type":"article","og_title":"La transformaci\u00f3n de las urbes tras la pandemia por el COVID-19","og_description":"Por Iv\u00e1n Cabrera Cerca de Beijing, China, el despacho Guallart Architects, con sede en Barcelona, levanta una ciudad con departamentos de madera, granjas","og_url":"https:\/\/www.pressenza.com\/es\/2021\/01\/la-transformacion-de-las-urbes-tras-la-pandemia-por-el-covid-19\/","og_site_name":"Pressenza","article_publisher":"https:\/\/www.facebook.com\/PressenzaItalia","article_published_time":"2021-01-04T20:48:27+00:00","og_image":[{"width":660,"height":371,"url":"https:\/\/www.pressenza.com\/wp-content\/uploads\/2021\/01\/16023827227431.jpeg","type":"image\/jpeg"}],"author":"Desinform\u00e9monos","twitter_card":"summary_large_image","twitter_creator":"@PressenzaIPA","twitter_site":"@PressenzaIPA","twitter_misc":{"Escrito por":"Desinform\u00e9monos","Tiempo de lectura":"10 minutos"},"schema":{"@context":"https:\/\/schema.org","@graph":[{"@type":"Article","@id":"https:\/\/www.pressenza.com\/es\/2021\/01\/la-transformacion-de-las-urbes-tras-la-pandemia-por-el-covid-19\/#article","isPartOf":{"@id":"https:\/\/www.pressenza.com\/es\/2021\/01\/la-transformacion-de-las-urbes-tras-la-pandemia-por-el-covid-19\/"},"author":{"name":"Desinform\u00e9monos","@id":"https:\/\/www.pressenza.com\/es\/#\/schema\/person\/bbbaee99f5088d6b61ae6e1829fe024c"},"headline":"La transformaci\u00f3n de las urbes tras la pandemia por el COVID-19","datePublished":"2021-01-04T20:48:27+00:00","mainEntityOfPage":{"@id":"https:\/\/www.pressenza.com\/es\/2021\/01\/la-transformacion-de-las-urbes-tras-la-pandemia-por-el-covid-19\/"},"wordCount":1923,"publisher":{"@id":"https:\/\/www.pressenza.com\/es\/#organization"},"image":{"@id":"https:\/\/www.pressenza.com\/es\/2021\/01\/la-transformacion-de-las-urbes-tras-la-pandemia-por-el-covid-19\/#primaryimage"},"thumbnailUrl":"https:\/\/www.pressenza.com\/wp-content\/uploads\/2021\/01\/16023827227431.jpeg","keywords":["Arquitectura","pandemia de coronavirus","post pandemia","Urbanismo"],"articleSection":["Cultura y Medios","Internacional"],"inLanguage":"es"},{"@type":"WebPage","@id":"https:\/\/www.pressenza.com\/es\/2021\/01\/la-transformacion-de-las-urbes-tras-la-pandemia-por-el-covid-19\/","url":"https:\/\/www.pressenza.com\/es\/2021\/01\/la-transformacion-de-las-urbes-tras-la-pandemia-por-el-covid-19\/","name":"La transformaci\u00f3n de las urbes tras la pandemia por el COVID-19","isPartOf":{"@id":"https:\/\/www.pressenza.com\/es\/#website"},"primaryImageOfPage":{"@id":"https:\/\/www.pressenza.com\/es\/2021\/01\/la-transformacion-de-las-urbes-tras-la-pandemia-por-el-covid-19\/#primaryimage"},"image":{"@id":"https:\/\/www.pressenza.com\/es\/2021\/01\/la-transformacion-de-las-urbes-tras-la-pandemia-por-el-covid-19\/#primaryimage"},"thumbnailUrl":"https:\/\/www.pressenza.com\/wp-content\/uploads\/2021\/01\/16023827227431.jpeg","datePublished":"2021-01-04T20:48:27+00:00","description":"Por Iv\u00e1n Cabrera Cerca de Beijing, China, el despacho Guallart Architects, con sede en Barcelona, levanta una ciudad con departamentos de madera, granjas","breadcrumb":{"@id":"https:\/\/www.pressenza.com\/es\/2021\/01\/la-transformacion-de-las-urbes-tras-la-pandemia-por-el-covid-19\/#breadcrumb"},"inLanguage":"es","potentialAction":[{"@type":"ReadAction","target":["https:\/\/www.pressenza.com\/es\/2021\/01\/la-transformacion-de-las-urbes-tras-la-pandemia-por-el-covid-19\/"]}]},{"@type":"ImageObject","inLanguage":"es","@id":"https:\/\/www.pressenza.com\/es\/2021\/01\/la-transformacion-de-las-urbes-tras-la-pandemia-por-el-covid-19\/#primaryimage","url":"https:\/\/www.pressenza.com\/wp-content\/uploads\/2021\/01\/16023827227431.jpeg","contentUrl":"https:\/\/www.pressenza.com\/wp-content\/uploads\/2021\/01\/16023827227431.jpeg","width":660,"height":371,"caption":"Desinform\u00e9monos"},{"@type":"BreadcrumbList","@id":"https:\/\/www.pressenza.com\/es\/2021\/01\/la-transformacion-de-las-urbes-tras-la-pandemia-por-el-covid-19\/#breadcrumb","itemListElement":[{"@type":"ListItem","position":1,"name":"Accueil","item":"https:\/\/www.pressenza.com\/es\/"},{"@type":"ListItem","position":2,"name":"La transformaci\u00f3n de las urbes tras la pandemia por el COVID-19"}]},{"@type":"WebSite","@id":"https:\/\/www.pressenza.com\/es\/#website","url":"https:\/\/www.pressenza.com\/es\/","name":"Pressenza","description":"International Press Agency","publisher":{"@id":"https:\/\/www.pressenza.com\/es\/#organization"},"potentialAction":[{"@type":"SearchAction","target":{"@type":"EntryPoint","urlTemplate":"https:\/\/www.pressenza.com\/es\/?s={search_term_string}"},"query-input":{"@type":"PropertyValueSpecification","valueRequired":true,"valueName":"search_term_string"}}],"inLanguage":"es"},{"@type":"Organization","@id":"https:\/\/www.pressenza.com\/es\/#organization","name":"Pressenza","url":"https:\/\/www.pressenza.com\/es\/","logo":{"@type":"ImageObject","inLanguage":"es","@id":"https:\/\/www.pressenza.com\/es\/#\/schema\/logo\/image\/","url":"https:\/\/www.pressenza.com\/wp-content\/uploads\/2022\/10\/pressenza_logo_200x200.jpg","contentUrl":"https:\/\/www.pressenza.com\/wp-content\/uploads\/2022\/10\/pressenza_logo_200x200.jpg","width":200,"height":200,"caption":"Pressenza"},"image":{"@id":"https:\/\/www.pressenza.com\/es\/#\/schema\/logo\/image\/"},"sameAs":["https:\/\/www.facebook.com\/PressenzaItalia","https:\/\/x.com\/PressenzaIPA"]},{"@type":"Person","@id":"https:\/\/www.pressenza.com\/es\/#\/schema\/person\/bbbaee99f5088d6b61ae6e1829fe024c","name":"Desinform\u00e9monos","description":"Desinform\u00e9monos nace el 15 de octubre de 2009 y crece como un proyecto de comunicaci\u00f3n aut\u00f3noma, libre e independiente, conformado por un equipo de comunicadores, personas de los movimientos sociales, intelectuales y acad\u00e9micos, hombres y mujeres de varias generaciones que, como nosotros, buscan construir un espacio de expresi\u00f3n en y desde M\u00e9xico, donde se aloja la casa matriz.","sameAs":["https:\/\/desinformemonos.org\/"],"url":"https:\/\/www.pressenza.com\/es\/author\/desinformemonos\/"}]}},"place":"Ciudad de M\u00e9xico, M\u00e9xico","original_article_url":"https:\/\/desinformemonos.org\/la-transformacion-de-las-urbes-tras-la-pandemia-por-el-covid-19\/","_links":{"self":[{"href":"https:\/\/www.pressenza.com\/es\/wp-json\/wp\/v2\/posts\/1272512","targetHints":{"allow":["GET"]}}],"collection":[{"href":"https:\/\/www.pressenza.com\/es\/wp-json\/wp\/v2\/posts"}],"about":[{"href":"https:\/\/www.pressenza.com\/es\/wp-json\/wp\/v2\/types\/post"}],"author":[{"embeddable":true,"href":"https:\/\/www.pressenza.com\/es\/wp-json\/wp\/v2\/users\/1628"}],"replies":[{"embeddable":true,"href":"https:\/\/www.pressenza.com\/es\/wp-json\/wp\/v2\/comments?post=1272512"}],"version-history":[{"count":0,"href":"https:\/\/www.pressenza.com\/es\/wp-json\/wp\/v2\/posts\/1272512\/revisions"}],"wp:featuredmedia":[{"embeddable":true,"href":"https:\/\/www.pressenza.com\/es\/wp-json\/wp\/v2\/media\/1272513"}],"wp:attachment":[{"href":"https:\/\/www.pressenza.com\/es\/wp-json\/wp\/v2\/media?parent=1272512"}],"wp:term":[{"taxonomy":"category","embeddable":true,"href":"https:\/\/www.pressenza.com\/es\/wp-json\/wp\/v2\/categories?post=1272512"},{"taxonomy":"post_tag","embeddable":true,"href":"https:\/\/www.pressenza.com\/es\/wp-json\/wp\/v2\/tags?post=1272512"}],"curies":[{"name":"wp","href":"https:\/\/api.w.org\/{rel}","templated":true}]}}