{"id":127247,"date":"2014-08-21T15:29:14","date_gmt":"2014-08-21T14:29:14","guid":{"rendered":"http:\/\/www.pressenza.com\/?p=127247"},"modified":"2014-08-21T15:29:14","modified_gmt":"2014-08-21T14:29:14","slug":"fondos-buitre-cristina-anuncio-un-proyecto-de-ley-para-que-la-argentina-pueda-seguir-pagando","status":"publish","type":"post","link":"https:\/\/www.pressenza.com\/es\/2014\/08\/fondos-buitre-cristina-anuncio-un-proyecto-de-ley-para-que-la-argentina-pueda-seguir-pagando\/","title":{"rendered":"Fondos Buitre: Cristina anunci\u00f3 un proyecto de ley para que la Argentina pueda seguir pagando"},"content":{"rendered":"<p style=\"text-align: justify;\">La presidenta <strong>Cristina Fern\u00e1ndez de Kirchner<\/strong>, se refiri\u00f3 ayer a trav\u00e9s de cadena nacional, sobre el anuncio de un \u201cProyecto de ley de pago soberano local de la deuda externa\u201d.<\/p>\n<p style=\"text-align: justify;\">El ministro de econom\u00eda <strong>Axel Kicillof<\/strong>, afirm\u00f3 hoy que el proyecto de ley para cambiar de agente de pago de la deuda \u201ces para que Argentina pueda seguir pagando y los bonistas puedan seguir cobrando\u201d y agreg\u00f3 que \u201calgunos est\u00e1n cacareando para volver al modelo de endeudamiento\u201d.<\/p>\n<p style=\"text-align: justify;\">En conferencia de prensa en el microcine del Palacio de Hacienda, Kicillof aclar\u00f3 que \u201cno es un cambio de jurisdicci\u00f3n compulsivo\u201d, sino que responde a las dificultades planteadas para el pago de los servicios de la deuda.<\/p>\n<p style=\"text-align: justify;\">Asimismo, subray\u00f3 que el endeudamiento del pa\u00eds \u201cfue contra\u00eddo en los 90\u2033 y no era para obra de infraestructura, sino para refinanciar deuda.<\/p>\n<p style=\"text-align: justify;\">Kicillof afirm\u00f3 que los argentinos se cansaron de la deuda que agobiaba al pa\u00eds, aunque advirti\u00f3 que \u201calgunos est\u00e1n cacareando para volver a ese modelo\u201d de endeudamiento y afirman que \u201chay que pagar sin chistar\u201d.<\/p>\n<p style=\"text-align: justify;\">El funcionario asegur\u00f3 adem\u00e1s que \u201cla reestructuraci\u00f3n de la deuda tuvo la l\u00f3gica de la sustentabilidad\u201d.<\/p>\n","protected":false},"excerpt":{"rendered":"<p>La presidenta Cristina Fern\u00e1ndez de Kirchner, se refiri\u00f3 ayer a trav\u00e9s de cadena nacional, sobre el anuncio de un \u201cProyecto de ley de pago soberano local de la deuda externa\u201d. El ministro de econom\u00eda Axel Kicillof, afirm\u00f3 hoy que el&hellip;<\/p>\n","protected":false},"author":640,"featured_media":127249,"comment_status":"closed","ping_status":"open","sticky":false,"template":"","format":"standard","meta":{"footnotes":""},"categories":[81,67],"tags":[6520],"class_list":["post-127247","post","type-post","status-publish","format-standard","has-post-thumbnail","hentry","category-economia-es","category-sudamerica","tag-fondos-buitres"],"yoast_head":"<!-- This site is optimized with the Yoast SEO plugin v27.1.1 - https:\/\/yoast.com\/product\/yoast-seo-wordpress\/ -->\n<title>Fondos Buitre: Cristina anunci\u00f3 un proyecto de ley para que la Argentina pueda seguir pagando<\/title>\n<meta name=\"description\" content=\"La presidenta Cristina Fern\u00e1ndez de Kirchner, se refiri\u00f3 ayer a trav\u00e9s de cadena nacional, sobre el anuncio de un \u201cProyecto de ley de pago soberano local\" \/>\n<meta name=\"robots\" content=\"index, follow, max-snippet:-1, max-image-preview:large, max-video-preview:-1\" \/>\n<link rel=\"canonical\" href=\"https:\/\/www.pressenza.com\/es\/2014\/08\/fondos-buitre-cristina-anuncio-un-proyecto-de-ley-para-que-la-argentina-pueda-seguir-pagando\/\" \/>\n<meta property=\"og:locale\" content=\"es_ES\" \/>\n<meta property=\"og:type\" content=\"article\" \/>\n<meta property=\"og:title\" content=\"Fondos Buitre: Cristina anunci\u00f3 un proyecto de ley para que la Argentina pueda seguir pagando\" \/>\n<meta property=\"og:description\" content=\"La presidenta Cristina Fern\u00e1ndez de Kirchner, se refiri\u00f3 ayer a trav\u00e9s de cadena nacional, sobre el anuncio de un \u201cProyecto de ley de pago soberano local\" \/>\n<meta property=\"og:url\" content=\"https:\/\/www.pressenza.com\/es\/2014\/08\/fondos-buitre-cristina-anuncio-un-proyecto-de-ley-para-que-la-argentina-pueda-seguir-pagando\/\" \/>\n<meta property=\"og:site_name\" content=\"Pressenza\" \/>\n<meta property=\"article:publisher\" content=\"https:\/\/www.facebook.com\/PressenzaItalia\" \/>\n<meta property=\"article:author\" content=\"https:\/\/www.facebook.com\/AgenciasUlan\" \/>\n<meta property=\"article:published_time\" content=\"2014-08-21T14:29:14+00:00\" \/>\n<meta property=\"og:image\" content=\"https:\/\/www.pressenza.com\/wp-content\/uploads\/2014\/08\/ministro.jpg\" \/>\n\t<meta property=\"og:image:width\" content=\"300\" \/>\n\t<meta property=\"og:image:height\" content=\"200\" \/>\n\t<meta property=\"og:image:type\" content=\"image\/jpeg\" \/>\n<meta name=\"author\" content=\"Uni\u00f3n Latinoamericana de Agencias de Noticias\" \/>\n<meta name=\"twitter:card\" content=\"summary_large_image\" \/>\n<meta name=\"twitter:creator\" content=\"@agenciasulan\" \/>\n<meta name=\"twitter:site\" content=\"@PressenzaIPA\" \/>\n<meta name=\"twitter:label1\" content=\"Escrito por\" \/>\n\t<meta name=\"twitter:data1\" content=\"Uni\u00f3n Latinoamericana de Agencias de Noticias\" \/>\n\t<meta name=\"twitter:label2\" content=\"Tiempo de lectura\" \/>\n\t<meta name=\"twitter:data2\" content=\"1 minuto\" \/>\n<script type=\"application\/ld+json\" class=\"yoast-schema-graph\">{\"@context\":\"https:\/\/schema.org\",\"@graph\":[{\"@type\":\"Article\",\"@id\":\"https:\/\/www.pressenza.com\/es\/2014\/08\/fondos-buitre-cristina-anuncio-un-proyecto-de-ley-para-que-la-argentina-pueda-seguir-pagando\/#article\",\"isPartOf\":{\"@id\":\"https:\/\/www.pressenza.com\/es\/2014\/08\/fondos-buitre-cristina-anuncio-un-proyecto-de-ley-para-que-la-argentina-pueda-seguir-pagando\/\"},\"author\":{\"name\":\"Uni\u00f3n Latinoamericana de Agencias de Noticias\",\"@id\":\"https:\/\/www.pressenza.com\/es\/#\/schema\/person\/a9efe8d7b19eb4689fcbcb71bc21dba6\"},\"headline\":\"Fondos Buitre: Cristina anunci\u00f3 un proyecto de ley para que la Argentina pueda seguir pagando\",\"datePublished\":\"2014-08-21T14:29:14+00:00\",\"mainEntityOfPage\":{\"@id\":\"https:\/\/www.pressenza.com\/es\/2014\/08\/fondos-buitre-cristina-anuncio-un-proyecto-de-ley-para-que-la-argentina-pueda-seguir-pagando\/\"},\"wordCount\":214,\"publisher\":{\"@id\":\"https:\/\/www.pressenza.com\/es\/#organization\"},\"image\":{\"@id\":\"https:\/\/www.pressenza.com\/es\/2014\/08\/fondos-buitre-cristina-anuncio-un-proyecto-de-ley-para-que-la-argentina-pueda-seguir-pagando\/#primaryimage\"},\"thumbnailUrl\":\"https:\/\/www.pressenza.com\/wp-content\/uploads\/2014\/08\/ministro.jpg\",\"keywords\":[\"fondos buitres\"],\"articleSection\":[\"Econom\u00eda\",\"Sudam\u00e9rica\"],\"inLanguage\":\"es\"},{\"@type\":\"WebPage\",\"@id\":\"https:\/\/www.pressenza.com\/es\/2014\/08\/fondos-buitre-cristina-anuncio-un-proyecto-de-ley-para-que-la-argentina-pueda-seguir-pagando\/\",\"url\":\"https:\/\/www.pressenza.com\/es\/2014\/08\/fondos-buitre-cristina-anuncio-un-proyecto-de-ley-para-que-la-argentina-pueda-seguir-pagando\/\",\"name\":\"Fondos Buitre: Cristina anunci\u00f3 un proyecto de ley para que la Argentina pueda seguir pagando\",\"isPartOf\":{\"@id\":\"https:\/\/www.pressenza.com\/es\/#website\"},\"primaryImageOfPage\":{\"@id\":\"https:\/\/www.pressenza.com\/es\/2014\/08\/fondos-buitre-cristina-anuncio-un-proyecto-de-ley-para-que-la-argentina-pueda-seguir-pagando\/#primaryimage\"},\"image\":{\"@id\":\"https:\/\/www.pressenza.com\/es\/2014\/08\/fondos-buitre-cristina-anuncio-un-proyecto-de-ley-para-que-la-argentina-pueda-seguir-pagando\/#primaryimage\"},\"thumbnailUrl\":\"https:\/\/www.pressenza.com\/wp-content\/uploads\/2014\/08\/ministro.jpg\",\"datePublished\":\"2014-08-21T14:29:14+00:00\",\"description\":\"La presidenta Cristina Fern\u00e1ndez de Kirchner, se refiri\u00f3 ayer a trav\u00e9s de cadena nacional, sobre el anuncio de un \u201cProyecto de ley de pago soberano local\",\"breadcrumb\":{\"@id\":\"https:\/\/www.pressenza.com\/es\/2014\/08\/fondos-buitre-cristina-anuncio-un-proyecto-de-ley-para-que-la-argentina-pueda-seguir-pagando\/#breadcrumb\"},\"inLanguage\":\"es\",\"potentialAction\":[{\"@type\":\"ReadAction\",\"target\":[\"https:\/\/www.pressenza.com\/es\/2014\/08\/fondos-buitre-cristina-anuncio-un-proyecto-de-ley-para-que-la-argentina-pueda-seguir-pagando\/\"]}]},{\"@type\":\"ImageObject\",\"inLanguage\":\"es\",\"@id\":\"https:\/\/www.pressenza.com\/es\/2014\/08\/fondos-buitre-cristina-anuncio-un-proyecto-de-ley-para-que-la-argentina-pueda-seguir-pagando\/#primaryimage\",\"url\":\"https:\/\/www.pressenza.com\/wp-content\/uploads\/2014\/08\/ministro.jpg\",\"contentUrl\":\"https:\/\/www.pressenza.com\/wp-content\/uploads\/2014\/08\/ministro.jpg\",\"width\":300,\"height\":200},{\"@type\":\"BreadcrumbList\",\"@id\":\"https:\/\/www.pressenza.com\/es\/2014\/08\/fondos-buitre-cristina-anuncio-un-proyecto-de-ley-para-que-la-argentina-pueda-seguir-pagando\/#breadcrumb\",\"itemListElement\":[{\"@type\":\"ListItem\",\"position\":1,\"name\":\"Accueil\",\"item\":\"https:\/\/www.pressenza.com\/es\/\"},{\"@type\":\"ListItem\",\"position\":2,\"name\":\"Fondos Buitre: Cristina anunci\u00f3 un proyecto de ley para que la Argentina pueda seguir pagando\"}]},{\"@type\":\"WebSite\",\"@id\":\"https:\/\/www.pressenza.com\/es\/#website\",\"url\":\"https:\/\/www.pressenza.com\/es\/\",\"name\":\"Pressenza\",\"description\":\"International Press Agency\",\"publisher\":{\"@id\":\"https:\/\/www.pressenza.com\/es\/#organization\"},\"potentialAction\":[{\"@type\":\"SearchAction\",\"target\":{\"@type\":\"EntryPoint\",\"urlTemplate\":\"https:\/\/www.pressenza.com\/es\/?s={search_term_string}\"},\"query-input\":{\"@type\":\"PropertyValueSpecification\",\"valueRequired\":true,\"valueName\":\"search_term_string\"}}],\"inLanguage\":\"es\"},{\"@type\":\"Organization\",\"@id\":\"https:\/\/www.pressenza.com\/es\/#organization\",\"name\":\"Pressenza\",\"url\":\"https:\/\/www.pressenza.com\/es\/\",\"logo\":{\"@type\":\"ImageObject\",\"inLanguage\":\"es\",\"@id\":\"https:\/\/www.pressenza.com\/es\/#\/schema\/logo\/image\/\",\"url\":\"https:\/\/www.pressenza.com\/wp-content\/uploads\/2022\/10\/pressenza_logo_200x200.jpg\",\"contentUrl\":\"https:\/\/www.pressenza.com\/wp-content\/uploads\/2022\/10\/pressenza_logo_200x200.jpg\",\"width\":200,\"height\":200,\"caption\":\"Pressenza\"},\"image\":{\"@id\":\"https:\/\/www.pressenza.com\/es\/#\/schema\/logo\/image\/\"},\"sameAs\":[\"https:\/\/www.facebook.com\/PressenzaItalia\",\"https:\/\/x.com\/PressenzaIPA\"]},{\"@type\":\"Person\",\"@id\":\"https:\/\/www.pressenza.com\/es\/#\/schema\/person\/a9efe8d7b19eb4689fcbcb71bc21dba6\",\"name\":\"Uni\u00f3n Latinoamericana de Agencias de Noticias\",\"description\":\"Una asociaci\u00f3n supranacional que re\u00fane a las agencias de noticias de Am\u00e9rica Latina y el Caribe. agenciasulan.org\",\"sameAs\":[\"https:\/\/www.facebook.com\/AgenciasUlan\",\"https:\/\/x.com\/agenciasulan\"],\"url\":\"https:\/\/www.pressenza.com\/es\/author\/union-latinoamericana-de-agencias-de-noticias\/\"}]}<\/script>\n<!-- \/ Yoast SEO plugin. -->","yoast_head_json":{"title":"Fondos Buitre: Cristina anunci\u00f3 un proyecto de ley para que la Argentina pueda seguir pagando","description":"La presidenta Cristina Fern\u00e1ndez de Kirchner, se refiri\u00f3 ayer a trav\u00e9s de cadena nacional, sobre el anuncio de un \u201cProyecto de ley de pago soberano local","robots":{"index":"index","follow":"follow","max-snippet":"max-snippet:-1","max-image-preview":"max-image-preview:large","max-video-preview":"max-video-preview:-1"},"canonical":"https:\/\/www.pressenza.com\/es\/2014\/08\/fondos-buitre-cristina-anuncio-un-proyecto-de-ley-para-que-la-argentina-pueda-seguir-pagando\/","og_locale":"es_ES","og_type":"article","og_title":"Fondos Buitre: Cristina anunci\u00f3 un proyecto de ley para que la Argentina pueda seguir pagando","og_description":"La presidenta Cristina Fern\u00e1ndez de Kirchner, se refiri\u00f3 ayer a trav\u00e9s de cadena nacional, sobre el anuncio de un \u201cProyecto de ley de pago soberano local","og_url":"https:\/\/www.pressenza.com\/es\/2014\/08\/fondos-buitre-cristina-anuncio-un-proyecto-de-ley-para-que-la-argentina-pueda-seguir-pagando\/","og_site_name":"Pressenza","article_publisher":"https:\/\/www.facebook.com\/PressenzaItalia","article_author":"https:\/\/www.facebook.com\/AgenciasUlan","article_published_time":"2014-08-21T14:29:14+00:00","og_image":[{"width":300,"height":200,"url":"https:\/\/www.pressenza.com\/wp-content\/uploads\/2014\/08\/ministro.jpg","type":"image\/jpeg"}],"author":"Uni\u00f3n Latinoamericana de Agencias de Noticias","twitter_card":"summary_large_image","twitter_creator":"@agenciasulan","twitter_site":"@PressenzaIPA","twitter_misc":{"Escrito por":"Uni\u00f3n Latinoamericana de Agencias de Noticias","Tiempo de lectura":"1 minuto"},"schema":{"@context":"https:\/\/schema.org","@graph":[{"@type":"Article","@id":"https:\/\/www.pressenza.com\/es\/2014\/08\/fondos-buitre-cristina-anuncio-un-proyecto-de-ley-para-que-la-argentina-pueda-seguir-pagando\/#article","isPartOf":{"@id":"https:\/\/www.pressenza.com\/es\/2014\/08\/fondos-buitre-cristina-anuncio-un-proyecto-de-ley-para-que-la-argentina-pueda-seguir-pagando\/"},"author":{"name":"Uni\u00f3n Latinoamericana de Agencias de Noticias","@id":"https:\/\/www.pressenza.com\/es\/#\/schema\/person\/a9efe8d7b19eb4689fcbcb71bc21dba6"},"headline":"Fondos Buitre: Cristina anunci\u00f3 un proyecto de ley para que la Argentina pueda seguir pagando","datePublished":"2014-08-21T14:29:14+00:00","mainEntityOfPage":{"@id":"https:\/\/www.pressenza.com\/es\/2014\/08\/fondos-buitre-cristina-anuncio-un-proyecto-de-ley-para-que-la-argentina-pueda-seguir-pagando\/"},"wordCount":214,"publisher":{"@id":"https:\/\/www.pressenza.com\/es\/#organization"},"image":{"@id":"https:\/\/www.pressenza.com\/es\/2014\/08\/fondos-buitre-cristina-anuncio-un-proyecto-de-ley-para-que-la-argentina-pueda-seguir-pagando\/#primaryimage"},"thumbnailUrl":"https:\/\/www.pressenza.com\/wp-content\/uploads\/2014\/08\/ministro.jpg","keywords":["fondos buitres"],"articleSection":["Econom\u00eda","Sudam\u00e9rica"],"inLanguage":"es"},{"@type":"WebPage","@id":"https:\/\/www.pressenza.com\/es\/2014\/08\/fondos-buitre-cristina-anuncio-un-proyecto-de-ley-para-que-la-argentina-pueda-seguir-pagando\/","url":"https:\/\/www.pressenza.com\/es\/2014\/08\/fondos-buitre-cristina-anuncio-un-proyecto-de-ley-para-que-la-argentina-pueda-seguir-pagando\/","name":"Fondos Buitre: Cristina anunci\u00f3 un proyecto de ley para que la Argentina pueda seguir pagando","isPartOf":{"@id":"https:\/\/www.pressenza.com\/es\/#website"},"primaryImageOfPage":{"@id":"https:\/\/www.pressenza.com\/es\/2014\/08\/fondos-buitre-cristina-anuncio-un-proyecto-de-ley-para-que-la-argentina-pueda-seguir-pagando\/#primaryimage"},"image":{"@id":"https:\/\/www.pressenza.com\/es\/2014\/08\/fondos-buitre-cristina-anuncio-un-proyecto-de-ley-para-que-la-argentina-pueda-seguir-pagando\/#primaryimage"},"thumbnailUrl":"https:\/\/www.pressenza.com\/wp-content\/uploads\/2014\/08\/ministro.jpg","datePublished":"2014-08-21T14:29:14+00:00","description":"La presidenta Cristina Fern\u00e1ndez de Kirchner, se refiri\u00f3 ayer a trav\u00e9s de cadena nacional, sobre el anuncio de un \u201cProyecto de ley de pago soberano local","breadcrumb":{"@id":"https:\/\/www.pressenza.com\/es\/2014\/08\/fondos-buitre-cristina-anuncio-un-proyecto-de-ley-para-que-la-argentina-pueda-seguir-pagando\/#breadcrumb"},"inLanguage":"es","potentialAction":[{"@type":"ReadAction","target":["https:\/\/www.pressenza.com\/es\/2014\/08\/fondos-buitre-cristina-anuncio-un-proyecto-de-ley-para-que-la-argentina-pueda-seguir-pagando\/"]}]},{"@type":"ImageObject","inLanguage":"es","@id":"https:\/\/www.pressenza.com\/es\/2014\/08\/fondos-buitre-cristina-anuncio-un-proyecto-de-ley-para-que-la-argentina-pueda-seguir-pagando\/#primaryimage","url":"https:\/\/www.pressenza.com\/wp-content\/uploads\/2014\/08\/ministro.jpg","contentUrl":"https:\/\/www.pressenza.com\/wp-content\/uploads\/2014\/08\/ministro.jpg","width":300,"height":200},{"@type":"BreadcrumbList","@id":"https:\/\/www.pressenza.com\/es\/2014\/08\/fondos-buitre-cristina-anuncio-un-proyecto-de-ley-para-que-la-argentina-pueda-seguir-pagando\/#breadcrumb","itemListElement":[{"@type":"ListItem","position":1,"name":"Accueil","item":"https:\/\/www.pressenza.com\/es\/"},{"@type":"ListItem","position":2,"name":"Fondos Buitre: Cristina anunci\u00f3 un proyecto de ley para que la Argentina pueda seguir pagando"}]},{"@type":"WebSite","@id":"https:\/\/www.pressenza.com\/es\/#website","url":"https:\/\/www.pressenza.com\/es\/","name":"Pressenza","description":"International Press Agency","publisher":{"@id":"https:\/\/www.pressenza.com\/es\/#organization"},"potentialAction":[{"@type":"SearchAction","target":{"@type":"EntryPoint","urlTemplate":"https:\/\/www.pressenza.com\/es\/?s={search_term_string}"},"query-input":{"@type":"PropertyValueSpecification","valueRequired":true,"valueName":"search_term_string"}}],"inLanguage":"es"},{"@type":"Organization","@id":"https:\/\/www.pressenza.com\/es\/#organization","name":"Pressenza","url":"https:\/\/www.pressenza.com\/es\/","logo":{"@type":"ImageObject","inLanguage":"es","@id":"https:\/\/www.pressenza.com\/es\/#\/schema\/logo\/image\/","url":"https:\/\/www.pressenza.com\/wp-content\/uploads\/2022\/10\/pressenza_logo_200x200.jpg","contentUrl":"https:\/\/www.pressenza.com\/wp-content\/uploads\/2022\/10\/pressenza_logo_200x200.jpg","width":200,"height":200,"caption":"Pressenza"},"image":{"@id":"https:\/\/www.pressenza.com\/es\/#\/schema\/logo\/image\/"},"sameAs":["https:\/\/www.facebook.com\/PressenzaItalia","https:\/\/x.com\/PressenzaIPA"]},{"@type":"Person","@id":"https:\/\/www.pressenza.com\/es\/#\/schema\/person\/a9efe8d7b19eb4689fcbcb71bc21dba6","name":"Uni\u00f3n Latinoamericana de Agencias de Noticias","description":"Una asociaci\u00f3n supranacional que re\u00fane a las agencias de noticias de Am\u00e9rica Latina y el Caribe. agenciasulan.org","sameAs":["https:\/\/www.facebook.com\/AgenciasUlan","https:\/\/x.com\/agenciasulan"],"url":"https:\/\/www.pressenza.com\/es\/author\/union-latinoamericana-de-agencias-de-noticias\/"}]}},"place":"","original_article_url":"","_links":{"self":[{"href":"https:\/\/www.pressenza.com\/es\/wp-json\/wp\/v2\/posts\/127247","targetHints":{"allow":["GET"]}}],"collection":[{"href":"https:\/\/www.pressenza.com\/es\/wp-json\/wp\/v2\/posts"}],"about":[{"href":"https:\/\/www.pressenza.com\/es\/wp-json\/wp\/v2\/types\/post"}],"author":[{"embeddable":true,"href":"https:\/\/www.pressenza.com\/es\/wp-json\/wp\/v2\/users\/640"}],"replies":[{"embeddable":true,"href":"https:\/\/www.pressenza.com\/es\/wp-json\/wp\/v2\/comments?post=127247"}],"version-history":[{"count":0,"href":"https:\/\/www.pressenza.com\/es\/wp-json\/wp\/v2\/posts\/127247\/revisions"}],"wp:featuredmedia":[{"embeddable":true,"href":"https:\/\/www.pressenza.com\/es\/wp-json\/wp\/v2\/media\/127249"}],"wp:attachment":[{"href":"https:\/\/www.pressenza.com\/es\/wp-json\/wp\/v2\/media?parent=127247"}],"wp:term":[{"taxonomy":"category","embeddable":true,"href":"https:\/\/www.pressenza.com\/es\/wp-json\/wp\/v2\/categories?post=127247"},{"taxonomy":"post_tag","embeddable":true,"href":"https:\/\/www.pressenza.com\/es\/wp-json\/wp\/v2\/tags?post=127247"}],"curies":[{"name":"wp","href":"https:\/\/api.w.org\/{rel}","templated":true}]}}