{"id":1269488,"date":"2020-12-28T17:04:21","date_gmt":"2020-12-28T17:04:21","guid":{"rendered":"https:\/\/www.pressenza.com\/?p=1269488"},"modified":"2020-12-28T17:04:21","modified_gmt":"2020-12-28T17:04:21","slug":"chile-la-division-opositora-en-el-proceso-constituyente","status":"publish","type":"post","link":"https:\/\/www.pressenza.com\/es\/2020\/12\/chile-la-division-opositora-en-el-proceso-constituyente\/","title":{"rendered":"[Chile] La divisi\u00f3n opositora en el proceso constituyente"},"content":{"rendered":"<p>Hace dos meses la ciudadan\u00eda se pronunci\u00f3, mediante una abrumadora mayor\u00eda, por dejar atr\u00e1s la constituci\u00f3n del 80 en favor de una nueva elaborada a trav\u00e9s de una convenci\u00f3n constituyente. El pr\u00f3ximo a\u00f1o, en el mes de abril deberemos elegir a quienes tendr\u00e1n la responsabilidad de construir la nueva constituci\u00f3n a la que se aspira. Una contundente mayor\u00eda se expres\u00f3 tambi\u00e9n en contra de una convenci\u00f3n en la que est\u00e9n implicados los actuales diputados y\/o senadores. Y el 11 de enero pr\u00f3ximo deber\u00e1n estar inscritas las listas con sus respectivos candidatos que aspiren a integrar esta convenci\u00f3n.<\/p>\n<p>Hasta la fecha todo indica que la derecha ir\u00e1 unida, y la oposici\u00f3n fuertemente desunida. El camino para un cambio constitucional a fondo que abri\u00f3 el pasado 25 de octubre se est\u00e1 transformando en un camino de derrota que asegura el mantenimiento de la actual constituci\u00f3n, o con modificaciones irrelevantes. Como el camale\u00f3n que cambia de color seg\u00fan la ocasi\u00f3n para sortear el momento.<\/p>\n<p>Despu\u00e9s no habr\u00e1 espacio para lamentos, aunque las recriminaciones mutuas no se har\u00e1n esperar, y de hecho ya se han desatado, amplificadas en los medios de comunicaci\u00f3n convencionales as\u00ed como en las redes sociales. Los actores involucrados lanzan infructuosos llamamientos a la unidad, como quien canta a la galer\u00eda. Todos afirman haber trabajado por la unidad, pero el resultado hasta la fecha es un indicador de que ello no ha sido as\u00ed. La desconfianza, la b\u00fasqueda de protagonismo, convierten en letra muerta palabras altisonantes, sin percatarse que se va camino al abismo.<\/p>\n<p>Olvidan el mensaje tras el estallido del pasado 18 de octubre del 2019 y lo que cost\u00f3 convocar a la ciudadan\u00eda a volcarse al plebiscito constitucional. Y habi\u00e9ndose pronunciado con claridad por esta \u00faltima opci\u00f3n, llegada la hora de la verdad, la de elegir a qui\u00e9nes han de tener la responsabilidad de construirla, asoman la fragmentaci\u00f3n partidaria y la multiplicidad de candidatos que esconden su militancia o adhesi\u00f3n a una u otra corriente de opini\u00f3n p\u00fablica. Sin querer queriendo se est\u00e1 bloqueando una v\u00eda de no violencia activa, seguro camino a una frustraci\u00f3n de consecuencias imprevisibles de las cuales se tendr\u00e1n que hacer responsables quienes tienen en sus manos la conducci\u00f3n de los partidos y movimientos pol\u00edticos y sociales actuales. Todo ello por no haber estado a la altura del desaf\u00edo que el minuto actual exige.<\/p>\n<p>Si bien el fin de a\u00f1o pilla al gobierno en mal pie, con baj\u00edsimos porcentajes de adhesi\u00f3n, tiene una alt\u00edsima probabilidad de que salga con la suya, no solo en materias constitucionales, sino que tambi\u00e9n en las pr\u00f3ximas elecciones de concejales, de gobernadores, de alcaldes. Todo esto a vista y paciencia de una oposici\u00f3n que no atina, paralogizada, bloqueada por s\u00ed misma. En toda democracia que se precie de tal, se asume que cuando una coalici\u00f3n de gobierno tiene una baja adhesi\u00f3n ciudadana, en la pr\u00f3xima elecci\u00f3n es reemplazada por la coalici\u00f3n opositora. Salvo alg\u00fan milagro que por nuestra naturaleza humana nunca debemos descartar, en esta ocasi\u00f3n parece dif\u00edcil que eso ocurra.<\/p>\n<p>&nbsp;<\/p>\n<p>Fotograf\u00eda: <a href=\"https:\/\/unsplash.com\/photos\/5iKstaEkao0\" target=\"_blank\" rel=\"noopener\" data-saferedirecturl=\"https:\/\/www.google.com\/url?q=https:\/\/unsplash.com\/photos\/5iKstaEkao0&amp;source=gmail&amp;ust=1609098442627000&amp;usg=AFQjCNEE08jJeRRteJopHeSv3zj7Kh-cNg\">https:\/\/unsplash.com\/photos\/<wbr \/>5iKstaEkao0<\/a><\/p>\n","protected":false},"excerpt":{"rendered":"<p>Hace dos meses la ciudadan\u00eda se pronunci\u00f3, mediante una abrumadora mayor\u00eda, por dejar atr\u00e1s la constituci\u00f3n del 80 en favor de una nueva elaborada a trav\u00e9s de una convenci\u00f3n constituyente. El pr\u00f3ximo a\u00f1o, en el mes de abril deberemos elegir&hellip;<\/p>\n","protected":false},"author":1346,"featured_media":1269489,"comment_status":"closed","ping_status":"closed","sticky":false,"template":"","format":"standard","meta":{"footnotes":""},"categories":[11389,74,67],"tags":[20455,85665,85664,85663],"class_list":["post-1269488","post","type-post","status-publish","format-standard","has-post-thumbnail","hentry","category-contenido-original","category-politica-es","category-sudamerica","tag-cambio-constitucional","tag-delegados-constituyentes","tag-proceso-constituyente-chile","tag-unidad-opositoria"],"yoast_head":"<!-- This site is optimized with the Yoast SEO plugin v27.1.1 - https:\/\/yoast.com\/product\/yoast-seo-wordpress\/ -->\n<title>[Chile] La divisi\u00f3n opositora en el proceso constituyente<\/title>\n<meta name=\"description\" content=\"Hace dos meses la ciudadan\u00eda se pronunci\u00f3, mediante una abrumadora mayor\u00eda, por dejar atr\u00e1s la constituci\u00f3n del 80 en favor de una nueva elaborada a\" \/>\n<meta name=\"robots\" content=\"index, follow, max-snippet:-1, max-image-preview:large, max-video-preview:-1\" \/>\n<link rel=\"canonical\" href=\"https:\/\/www.pressenza.com\/es\/2020\/12\/chile-la-division-opositora-en-el-proceso-constituyente\/\" \/>\n<meta property=\"og:locale\" content=\"es_ES\" \/>\n<meta property=\"og:type\" content=\"article\" \/>\n<meta property=\"og:title\" content=\"[Chile] La divisi\u00f3n opositora en el proceso constituyente\" \/>\n<meta property=\"og:description\" content=\"Hace dos meses la ciudadan\u00eda se pronunci\u00f3, mediante una abrumadora mayor\u00eda, por dejar atr\u00e1s la constituci\u00f3n del 80 en favor de una nueva elaborada a\" \/>\n<meta property=\"og:url\" content=\"https:\/\/www.pressenza.com\/es\/2020\/12\/chile-la-division-opositora-en-el-proceso-constituyente\/\" \/>\n<meta property=\"og:site_name\" content=\"Pressenza\" \/>\n<meta property=\"article:publisher\" content=\"https:\/\/www.facebook.com\/PressenzaItalia\" \/>\n<meta property=\"article:published_time\" content=\"2020-12-28T17:04:21+00:00\" \/>\n<meta property=\"og:image\" content=\"https:\/\/www.pressenza.com\/wp-content\/uploads\/2020\/12\/eric-prouzet-5iKstaEkao0-unsplash.jpg\" \/>\n\t<meta property=\"og:image:width\" content=\"785\" \/>\n\t<meta property=\"og:image:height\" content=\"522\" \/>\n\t<meta property=\"og:image:type\" content=\"image\/jpeg\" \/>\n<meta name=\"author\" content=\"Rodolfo Schmal\" \/>\n<meta name=\"twitter:card\" content=\"summary_large_image\" \/>\n<meta name=\"twitter:creator\" content=\"@PressenzaIPA\" \/>\n<meta name=\"twitter:site\" content=\"@PressenzaIPA\" \/>\n<meta name=\"twitter:label1\" content=\"Escrito por\" \/>\n\t<meta name=\"twitter:data1\" content=\"Rodolfo Schmal\" \/>\n\t<meta name=\"twitter:label2\" content=\"Tiempo de lectura\" \/>\n\t<meta name=\"twitter:data2\" content=\"3 minutos\" \/>\n<script type=\"application\/ld+json\" class=\"yoast-schema-graph\">{\"@context\":\"https:\/\/schema.org\",\"@graph\":[{\"@type\":\"Article\",\"@id\":\"https:\/\/www.pressenza.com\/es\/2020\/12\/chile-la-division-opositora-en-el-proceso-constituyente\/#article\",\"isPartOf\":{\"@id\":\"https:\/\/www.pressenza.com\/es\/2020\/12\/chile-la-division-opositora-en-el-proceso-constituyente\/\"},\"author\":{\"name\":\"Rodolfo Schmal\",\"@id\":\"https:\/\/www.pressenza.com\/es\/#\/schema\/person\/f997ea76500c802de8beb920d3db5a96\"},\"headline\":\"[Chile] La divisi\u00f3n opositora en el proceso constituyente\",\"datePublished\":\"2020-12-28T17:04:21+00:00\",\"mainEntityOfPage\":{\"@id\":\"https:\/\/www.pressenza.com\/es\/2020\/12\/chile-la-division-opositora-en-el-proceso-constituyente\/\"},\"wordCount\":570,\"publisher\":{\"@id\":\"https:\/\/www.pressenza.com\/es\/#organization\"},\"image\":{\"@id\":\"https:\/\/www.pressenza.com\/es\/2020\/12\/chile-la-division-opositora-en-el-proceso-constituyente\/#primaryimage\"},\"thumbnailUrl\":\"https:\/\/www.pressenza.com\/wp-content\/uploads\/2020\/12\/eric-prouzet-5iKstaEkao0-unsplash.jpg\",\"keywords\":[\"Cambio Constitucional\",\"delegados constituyentes\",\"proceso constituyente Chile\",\"unidad opositoria\"],\"articleSection\":[\"Contenido Original\",\"Pol\u00edtica\",\"Sudam\u00e9rica\"],\"inLanguage\":\"es\"},{\"@type\":\"WebPage\",\"@id\":\"https:\/\/www.pressenza.com\/es\/2020\/12\/chile-la-division-opositora-en-el-proceso-constituyente\/\",\"url\":\"https:\/\/www.pressenza.com\/es\/2020\/12\/chile-la-division-opositora-en-el-proceso-constituyente\/\",\"name\":\"[Chile] La divisi\u00f3n opositora en el proceso constituyente\",\"isPartOf\":{\"@id\":\"https:\/\/www.pressenza.com\/es\/#website\"},\"primaryImageOfPage\":{\"@id\":\"https:\/\/www.pressenza.com\/es\/2020\/12\/chile-la-division-opositora-en-el-proceso-constituyente\/#primaryimage\"},\"image\":{\"@id\":\"https:\/\/www.pressenza.com\/es\/2020\/12\/chile-la-division-opositora-en-el-proceso-constituyente\/#primaryimage\"},\"thumbnailUrl\":\"https:\/\/www.pressenza.com\/wp-content\/uploads\/2020\/12\/eric-prouzet-5iKstaEkao0-unsplash.jpg\",\"datePublished\":\"2020-12-28T17:04:21+00:00\",\"description\":\"Hace dos meses la ciudadan\u00eda se pronunci\u00f3, mediante una abrumadora mayor\u00eda, por dejar atr\u00e1s la constituci\u00f3n del 80 en favor de una nueva elaborada a\",\"breadcrumb\":{\"@id\":\"https:\/\/www.pressenza.com\/es\/2020\/12\/chile-la-division-opositora-en-el-proceso-constituyente\/#breadcrumb\"},\"inLanguage\":\"es\",\"potentialAction\":[{\"@type\":\"ReadAction\",\"target\":[\"https:\/\/www.pressenza.com\/es\/2020\/12\/chile-la-division-opositora-en-el-proceso-constituyente\/\"]}]},{\"@type\":\"ImageObject\",\"inLanguage\":\"es\",\"@id\":\"https:\/\/www.pressenza.com\/es\/2020\/12\/chile-la-division-opositora-en-el-proceso-constituyente\/#primaryimage\",\"url\":\"https:\/\/www.pressenza.com\/wp-content\/uploads\/2020\/12\/eric-prouzet-5iKstaEkao0-unsplash.jpg\",\"contentUrl\":\"https:\/\/www.pressenza.com\/wp-content\/uploads\/2020\/12\/eric-prouzet-5iKstaEkao0-unsplash.jpg\",\"width\":785,\"height\":522},{\"@type\":\"BreadcrumbList\",\"@id\":\"https:\/\/www.pressenza.com\/es\/2020\/12\/chile-la-division-opositora-en-el-proceso-constituyente\/#breadcrumb\",\"itemListElement\":[{\"@type\":\"ListItem\",\"position\":1,\"name\":\"Accueil\",\"item\":\"https:\/\/www.pressenza.com\/es\/\"},{\"@type\":\"ListItem\",\"position\":2,\"name\":\"[Chile] La divisi\u00f3n opositora en el proceso constituyente\"}]},{\"@type\":\"WebSite\",\"@id\":\"https:\/\/www.pressenza.com\/es\/#website\",\"url\":\"https:\/\/www.pressenza.com\/es\/\",\"name\":\"Pressenza\",\"description\":\"International Press Agency\",\"publisher\":{\"@id\":\"https:\/\/www.pressenza.com\/es\/#organization\"},\"potentialAction\":[{\"@type\":\"SearchAction\",\"target\":{\"@type\":\"EntryPoint\",\"urlTemplate\":\"https:\/\/www.pressenza.com\/es\/?s={search_term_string}\"},\"query-input\":{\"@type\":\"PropertyValueSpecification\",\"valueRequired\":true,\"valueName\":\"search_term_string\"}}],\"inLanguage\":\"es\"},{\"@type\":\"Organization\",\"@id\":\"https:\/\/www.pressenza.com\/es\/#organization\",\"name\":\"Pressenza\",\"url\":\"https:\/\/www.pressenza.com\/es\/\",\"logo\":{\"@type\":\"ImageObject\",\"inLanguage\":\"es\",\"@id\":\"https:\/\/www.pressenza.com\/es\/#\/schema\/logo\/image\/\",\"url\":\"https:\/\/www.pressenza.com\/wp-content\/uploads\/2022\/10\/pressenza_logo_200x200.jpg\",\"contentUrl\":\"https:\/\/www.pressenza.com\/wp-content\/uploads\/2022\/10\/pressenza_logo_200x200.jpg\",\"width\":200,\"height\":200,\"caption\":\"Pressenza\"},\"image\":{\"@id\":\"https:\/\/www.pressenza.com\/es\/#\/schema\/logo\/image\/\"},\"sameAs\":[\"https:\/\/www.facebook.com\/PressenzaItalia\",\"https:\/\/x.com\/PressenzaIPA\"]},{\"@type\":\"Person\",\"@id\":\"https:\/\/www.pressenza.com\/es\/#\/schema\/person\/f997ea76500c802de8beb920d3db5a96\",\"name\":\"Rodolfo Schmal\",\"description\":\"Rodolfo Schmal Simon es Ingeniero Civil Industrial de la Universidad de Chile y Magister en Inform\u00e1tica de la Universidad Polit\u00e9cnica de Madrid-Espa\u00f1a. Ha sido profesor de las Universidades de Chile, del Norte, de Tarapac\u00e1 y de Talca; socio de las empresas inform\u00e1ticas PRODAT y ALEPH; Director de ZOFRI S.A.; Secretario y Tesorero de la Asociaci\u00f3n de Acad\u00e9micos de la Universidad de Talca. Es autor de textos docentes y art\u00edculos en revistas acad\u00e9micas nacionales e internacionales indexadas. Reside en Talca, Chile.\",\"url\":\"https:\/\/www.pressenza.com\/es\/author\/rodolfo-schmal\/\"}]}<\/script>\n<!-- \/ Yoast SEO plugin. -->","yoast_head_json":{"title":"[Chile] La divisi\u00f3n opositora en el proceso constituyente","description":"Hace dos meses la ciudadan\u00eda se pronunci\u00f3, mediante una abrumadora mayor\u00eda, por dejar atr\u00e1s la constituci\u00f3n del 80 en favor de una nueva elaborada a","robots":{"index":"index","follow":"follow","max-snippet":"max-snippet:-1","max-image-preview":"max-image-preview:large","max-video-preview":"max-video-preview:-1"},"canonical":"https:\/\/www.pressenza.com\/es\/2020\/12\/chile-la-division-opositora-en-el-proceso-constituyente\/","og_locale":"es_ES","og_type":"article","og_title":"[Chile] La divisi\u00f3n opositora en el proceso constituyente","og_description":"Hace dos meses la ciudadan\u00eda se pronunci\u00f3, mediante una abrumadora mayor\u00eda, por dejar atr\u00e1s la constituci\u00f3n del 80 en favor de una nueva elaborada a","og_url":"https:\/\/www.pressenza.com\/es\/2020\/12\/chile-la-division-opositora-en-el-proceso-constituyente\/","og_site_name":"Pressenza","article_publisher":"https:\/\/www.facebook.com\/PressenzaItalia","article_published_time":"2020-12-28T17:04:21+00:00","og_image":[{"width":785,"height":522,"url":"https:\/\/www.pressenza.com\/wp-content\/uploads\/2020\/12\/eric-prouzet-5iKstaEkao0-unsplash.jpg","type":"image\/jpeg"}],"author":"Rodolfo Schmal","twitter_card":"summary_large_image","twitter_creator":"@PressenzaIPA","twitter_site":"@PressenzaIPA","twitter_misc":{"Escrito por":"Rodolfo Schmal","Tiempo de lectura":"3 minutos"},"schema":{"@context":"https:\/\/schema.org","@graph":[{"@type":"Article","@id":"https:\/\/www.pressenza.com\/es\/2020\/12\/chile-la-division-opositora-en-el-proceso-constituyente\/#article","isPartOf":{"@id":"https:\/\/www.pressenza.com\/es\/2020\/12\/chile-la-division-opositora-en-el-proceso-constituyente\/"},"author":{"name":"Rodolfo Schmal","@id":"https:\/\/www.pressenza.com\/es\/#\/schema\/person\/f997ea76500c802de8beb920d3db5a96"},"headline":"[Chile] La divisi\u00f3n opositora en el proceso constituyente","datePublished":"2020-12-28T17:04:21+00:00","mainEntityOfPage":{"@id":"https:\/\/www.pressenza.com\/es\/2020\/12\/chile-la-division-opositora-en-el-proceso-constituyente\/"},"wordCount":570,"publisher":{"@id":"https:\/\/www.pressenza.com\/es\/#organization"},"image":{"@id":"https:\/\/www.pressenza.com\/es\/2020\/12\/chile-la-division-opositora-en-el-proceso-constituyente\/#primaryimage"},"thumbnailUrl":"https:\/\/www.pressenza.com\/wp-content\/uploads\/2020\/12\/eric-prouzet-5iKstaEkao0-unsplash.jpg","keywords":["Cambio Constitucional","delegados constituyentes","proceso constituyente Chile","unidad opositoria"],"articleSection":["Contenido Original","Pol\u00edtica","Sudam\u00e9rica"],"inLanguage":"es"},{"@type":"WebPage","@id":"https:\/\/www.pressenza.com\/es\/2020\/12\/chile-la-division-opositora-en-el-proceso-constituyente\/","url":"https:\/\/www.pressenza.com\/es\/2020\/12\/chile-la-division-opositora-en-el-proceso-constituyente\/","name":"[Chile] La divisi\u00f3n opositora en el proceso constituyente","isPartOf":{"@id":"https:\/\/www.pressenza.com\/es\/#website"},"primaryImageOfPage":{"@id":"https:\/\/www.pressenza.com\/es\/2020\/12\/chile-la-division-opositora-en-el-proceso-constituyente\/#primaryimage"},"image":{"@id":"https:\/\/www.pressenza.com\/es\/2020\/12\/chile-la-division-opositora-en-el-proceso-constituyente\/#primaryimage"},"thumbnailUrl":"https:\/\/www.pressenza.com\/wp-content\/uploads\/2020\/12\/eric-prouzet-5iKstaEkao0-unsplash.jpg","datePublished":"2020-12-28T17:04:21+00:00","description":"Hace dos meses la ciudadan\u00eda se pronunci\u00f3, mediante una abrumadora mayor\u00eda, por dejar atr\u00e1s la constituci\u00f3n del 80 en favor de una nueva elaborada a","breadcrumb":{"@id":"https:\/\/www.pressenza.com\/es\/2020\/12\/chile-la-division-opositora-en-el-proceso-constituyente\/#breadcrumb"},"inLanguage":"es","potentialAction":[{"@type":"ReadAction","target":["https:\/\/www.pressenza.com\/es\/2020\/12\/chile-la-division-opositora-en-el-proceso-constituyente\/"]}]},{"@type":"ImageObject","inLanguage":"es","@id":"https:\/\/www.pressenza.com\/es\/2020\/12\/chile-la-division-opositora-en-el-proceso-constituyente\/#primaryimage","url":"https:\/\/www.pressenza.com\/wp-content\/uploads\/2020\/12\/eric-prouzet-5iKstaEkao0-unsplash.jpg","contentUrl":"https:\/\/www.pressenza.com\/wp-content\/uploads\/2020\/12\/eric-prouzet-5iKstaEkao0-unsplash.jpg","width":785,"height":522},{"@type":"BreadcrumbList","@id":"https:\/\/www.pressenza.com\/es\/2020\/12\/chile-la-division-opositora-en-el-proceso-constituyente\/#breadcrumb","itemListElement":[{"@type":"ListItem","position":1,"name":"Accueil","item":"https:\/\/www.pressenza.com\/es\/"},{"@type":"ListItem","position":2,"name":"[Chile] La divisi\u00f3n opositora en el proceso constituyente"}]},{"@type":"WebSite","@id":"https:\/\/www.pressenza.com\/es\/#website","url":"https:\/\/www.pressenza.com\/es\/","name":"Pressenza","description":"International Press Agency","publisher":{"@id":"https:\/\/www.pressenza.com\/es\/#organization"},"potentialAction":[{"@type":"SearchAction","target":{"@type":"EntryPoint","urlTemplate":"https:\/\/www.pressenza.com\/es\/?s={search_term_string}"},"query-input":{"@type":"PropertyValueSpecification","valueRequired":true,"valueName":"search_term_string"}}],"inLanguage":"es"},{"@type":"Organization","@id":"https:\/\/www.pressenza.com\/es\/#organization","name":"Pressenza","url":"https:\/\/www.pressenza.com\/es\/","logo":{"@type":"ImageObject","inLanguage":"es","@id":"https:\/\/www.pressenza.com\/es\/#\/schema\/logo\/image\/","url":"https:\/\/www.pressenza.com\/wp-content\/uploads\/2022\/10\/pressenza_logo_200x200.jpg","contentUrl":"https:\/\/www.pressenza.com\/wp-content\/uploads\/2022\/10\/pressenza_logo_200x200.jpg","width":200,"height":200,"caption":"Pressenza"},"image":{"@id":"https:\/\/www.pressenza.com\/es\/#\/schema\/logo\/image\/"},"sameAs":["https:\/\/www.facebook.com\/PressenzaItalia","https:\/\/x.com\/PressenzaIPA"]},{"@type":"Person","@id":"https:\/\/www.pressenza.com\/es\/#\/schema\/person\/f997ea76500c802de8beb920d3db5a96","name":"Rodolfo Schmal","description":"Rodolfo Schmal Simon es Ingeniero Civil Industrial de la Universidad de Chile y Magister en Inform\u00e1tica de la Universidad Polit\u00e9cnica de Madrid-Espa\u00f1a. Ha sido profesor de las Universidades de Chile, del Norte, de Tarapac\u00e1 y de Talca; socio de las empresas inform\u00e1ticas PRODAT y ALEPH; Director de ZOFRI S.A.; Secretario y Tesorero de la Asociaci\u00f3n de Acad\u00e9micos de la Universidad de Talca. Es autor de textos docentes y art\u00edculos en revistas acad\u00e9micas nacionales e internacionales indexadas. Reside en Talca, Chile.","url":"https:\/\/www.pressenza.com\/es\/author\/rodolfo-schmal\/"}]}},"place":"Talca, Chile","original_article_url":"","_links":{"self":[{"href":"https:\/\/www.pressenza.com\/es\/wp-json\/wp\/v2\/posts\/1269488","targetHints":{"allow":["GET"]}}],"collection":[{"href":"https:\/\/www.pressenza.com\/es\/wp-json\/wp\/v2\/posts"}],"about":[{"href":"https:\/\/www.pressenza.com\/es\/wp-json\/wp\/v2\/types\/post"}],"author":[{"embeddable":true,"href":"https:\/\/www.pressenza.com\/es\/wp-json\/wp\/v2\/users\/1346"}],"replies":[{"embeddable":true,"href":"https:\/\/www.pressenza.com\/es\/wp-json\/wp\/v2\/comments?post=1269488"}],"version-history":[{"count":0,"href":"https:\/\/www.pressenza.com\/es\/wp-json\/wp\/v2\/posts\/1269488\/revisions"}],"wp:featuredmedia":[{"embeddable":true,"href":"https:\/\/www.pressenza.com\/es\/wp-json\/wp\/v2\/media\/1269489"}],"wp:attachment":[{"href":"https:\/\/www.pressenza.com\/es\/wp-json\/wp\/v2\/media?parent=1269488"}],"wp:term":[{"taxonomy":"category","embeddable":true,"href":"https:\/\/www.pressenza.com\/es\/wp-json\/wp\/v2\/categories?post=1269488"},{"taxonomy":"post_tag","embeddable":true,"href":"https:\/\/www.pressenza.com\/es\/wp-json\/wp\/v2\/tags?post=1269488"}],"curies":[{"name":"wp","href":"https:\/\/api.w.org\/{rel}","templated":true}]}}