{"id":1269191,"date":"2020-12-27T23:35:07","date_gmt":"2020-12-27T23:35:07","guid":{"rendered":"https:\/\/www.pressenza.com\/?p=1269191"},"modified":"2020-12-27T23:35:07","modified_gmt":"2020-12-27T23:35:07","slug":"deportes-2020-contra-las-cuerdas","status":"publish","type":"post","link":"https:\/\/www.pressenza.com\/es\/2020\/12\/deportes-2020-contra-las-cuerdas\/","title":{"rendered":"Deportes, 2020: Contra las cuerdas"},"content":{"rendered":"<div class=\"fullNewsIntrotext\">Por Jhonah D\u00edaz Gonz\u00e1lez La Habana, 27 dic (Prensa Latina) El deporte se estremece a\u00fan con los embates de un enemigo invisible: la Covid-19.<\/div>\n<div><\/div>\n<div class=\"fullNewsFulltext\">La pandemia mantiene contra las cuerdas al mundo atl\u00e9tico, un sector obligado a reinventarse en 2020 para sobrevivir, a pesar de que el m\u00e1ximo espect\u00e1culo, previsto para Tokio, Jap\u00f3n, no tuvo defensa ante el fulminante nocaut que le propin\u00f3 la enfermedad.<\/p>\n<p>La trama comenz\u00f3 por continuas variaciones en los calendarios competitivos y la prohibici\u00f3n del acceso de aficionados a los estadios, como precauciones para solventar una supuesta situaci\u00f3n pasajera; pero que cada d\u00eda se fue convirtiendo en una de las grandes pesadillas enfrentadas por la humanidad.<\/p>\n<p>El virus, identificado por primera vez en la ciudad de Wuhan (China), se disemin\u00f3 sin pausa \u00e1gilmente dejando altos \u00edndices de fallecidos, por lo que las m\u00e1ximas autoridades deportivas acordaron jugar &#8216;safe&#8217; para salvaguardar lo m\u00e1s importante: las vidas de los seres humanos.<\/p>\n<p>TOKIO EN CUARENTENA<\/p>\n<p>Ni el principal programa deportivo del mundo resisti\u00f3 la fuerza de la Covid-19: los Juegos de Tokio fueron pospuestos el 24 de marzo despu\u00e9s de varios d\u00edas de negociaciones entre el Comit\u00e9 Ol\u00edmpico Internacional (COI) y el grupo organizador de Jap\u00f3n.<\/p>\n<p>Aquel d\u00eda, la dosis de optimismo que a\u00fan reinaba en diversos lugares del orbe, desapareci\u00f3 a la velocidad de un parpadeo.<\/p>\n<p>Una llamada telef\u00f3nica entre Thomas Bach, presidente del COI, y Shinzo Abe, ex primer ministro del pa\u00eds asi\u00e1tico, sirvi\u00f3 de enlace para dictar sentencia y suprimir las fechas marcadas con tinta roja en muchos almanaques de bolsillo.<\/p>\n<p>Los atletas deben participar en condiciones \u00f3ptimas, declar\u00f3 Abe minutos despu\u00e9s; mientras Bach, sin titubear, avanz\u00f3 que ser\u00e1n los mejores Juegos de siempre, a pesar de la adversidad y los contratiempos.<\/p>\n<p>La decisi\u00f3n tuvo ribetes hist\u00f3ricos: en 124 a\u00f1os, ninguna olimpiada hab\u00eda sido pospuesta. Las guerras mundiales, en cambio, cancelaron los calendarios de 1916, 1940 y 1944. Dicho esto, queda claro que result\u00f3 un fallo sin precedentes en la llamada \u00e9poca moderna.<\/p>\n<p>As\u00ed, la crisis sanitaria mand\u00f3 a almacenar toneladas de fuegos artificiales, cientos de miles de personas vaciaron sus equipajes ante la imposibilidad de viajar y los preparativos de la inauguraci\u00f3n oficial quedaron en pausa. El retraso tambi\u00e9n se aplic\u00f3 a la justa Paral\u00edmpica.<\/p>\n<p>A pesar de ello, el j\u00fabilo encontr\u00f3 un resquicio cuando se determin\u00f3 las fechas de regreso de ambas lides. Los convencionales actuar\u00e1n bajo la silueta de los cinco aros del 23 de julio al 8 de agosto del a\u00f1o entrante, al tiempo que los discapacitados buscar\u00e1n la gloria entre el 24 de agosto y el 5 de septiembre.<\/p>\n<p>BURBUJAS DE OX\u00cdGENO<\/p>\n<p>Tras meses de confinamiento, los cert\u00e1menes deportivos buscaron emerger y, ante las dudas, fueron implantados diferentes protocolos sanitarios como escudo para frenar la Covid-19. Sin reglas exactas o mecanismos perfectos, la idea era reducir el riesgo de contagio, por lo que as\u00ed surgi\u00f3 la burbuja.<\/p>\n<p>Aislar a los jugadores, separarlos de sus familias, desposeerlos de la parte social y actuar sin p\u00fablico en las gradas resultaron iniciativas criticadas, pero conformaron una f\u00f3rmula ganadora para encontrar un camino com\u00fan y persuadir, incluso, a la mayor\u00eda de los m\u00e1s reacios a retornar a sus asuntos profesionales.<\/p>\n<p>Recluido en Orlando, Florida, el equipo Lakers de Los \u00c1ngeles alz\u00f3 la corona de la NBA en el mejor baloncesto del planeta; mientras la ciudad californiana tambi\u00e9n celebr\u00f3 el t\u00edtulo beisbolero de las Grandes Ligas de Estados Unidos, con el triunfo de los Dodgers en el moderno estadio de los Rangers de Texas.<\/p>\n<p>Adem\u00e1s, en otra burbuja en Lisboa, Portugal, el Bayern M\u00fanich levant\u00f3 la Orejona de la Champions League. Un resultado que impuls\u00f3 al polaco Robert Lewandowski hacia el premio The Best de la FIFA, aunque perdi\u00f3 la oportunidad de obtener el Bal\u00f3n de Oro, debido a que la revista France Football decidi\u00f3 no entregarlo a causa de la at\u00edpica temporada.<\/p>\n<p>Lewandowski super\u00f3 a Cristiano Ronaldo, de Portugal, y Lionel Messi, de Argentina, m\u00e1ximos referentes del balompi\u00e9 en el siglo XXI. El propio Messi protagoniz\u00f3 la novela del curso y su objetivo manifiesto de salir del FC Barcelona acapar\u00f3 titulares noticiosos durante varios d\u00edas.<\/p>\n<p>Tiempo despu\u00e9s, el panorama parece haber variado: &#8216;La verdad es que hoy por hoy estoy bien&#8217;, expres\u00f3 el pasado 21 de diciembre en su \u00faltima entrevista.<\/p>\n<p>En otras convocatorias de alcurnia, el brit\u00e1nico Lewis Hamilton mantuvo su ritmo endemoniado en la F\u00f3rmula Uno; el serbio Novak Djokovic conserv\u00f3 la corona de monarca del tenis, con el espa\u00f1ol Rafael Nadal en rol de juez en tierra batida; y Joan Mir, otro de Espa\u00f1a, aprovech\u00f3 la ausencia de su compatriota Marc M\u00e1rquez para darle un matiz diferente a la MotoGP.<\/p>\n<p>VIAJE AL PARA\u00cdSO<\/p>\n<p>El a\u00f1o dej\u00f3 p\u00e9rdidas irreparables tan temprano como el 26 de enero, cuando la noticia del fallecimiento del exbaloncestista estadounidense Kobe Bryant estremeci\u00f3 a una sociedad que tambi\u00e9n sinti\u00f3 el deceso de su hija Gianna y otros siete acompa\u00f1antes.<\/p>\n<p>Meses despu\u00e9s, el 25 de noviembre, el coraz\u00f3n de Diego Armando Maradona lati\u00f3 por \u00faltima vez y apag\u00f3 la vida de un hombre que hizo magia con cada toque al bal\u00f3n en el pasto verde, un genio del f\u00fatbol capaz de sentar a cuanto ingl\u00e9s vio en el camino hasta completar el &#8216;gol del siglo&#8217;, en los cuartos de final de la cita universal de M\u00e9xico 1986.<\/p>\n<p>En su honor, Edson Arantes do Nascimento, &#8216;Pel\u00e9&#8217;, escribi\u00f3 en sus redes sociales: &#8216;A mucha gente le encant\u00f3 compararnos toda la vida. Eras un genio que encantaba (\u2026) Un d\u00eda, en el cielo, jugaremos juntos en el mismo equipo. Y ser\u00e1 la primera vez que levante el pu\u00f1o al aire en se\u00f1al de triunfo sin celebrar un gol. Ser\u00e1 porque por fin podr\u00e9 abrazarte de nuevo.&#8217;<\/p>\n<p>El exfutbolista argentino muri\u00f3 a los 60 a\u00f1os, y su adi\u00f3s sin regreso antecedi\u00f3 al de su connacional Alejandro Sabella, el 8 de diciembre, y del italiano Paolo Rossi, el d\u00eda 10, campe\u00f3n y m\u00e1ximo artillero del Mundial de Espa\u00f1a 1982, adem\u00e1s de Bal\u00f3n de Oro de esa propia temporada.<\/p>\n<p>En este 2020 que casi termina, el deporte tambi\u00e9n levant\u00f3 su voz contra la violencia y la segregaci\u00f3n racial, despu\u00e9s del asesinato en Estados Unidos del afroamericano George Floyd, a manos de un polic\u00eda blanco.<\/p>\n<p>El apoyo al movimiento Black Lives Matter (Las vidas de los negros importan) igual marc\u00f3 un periodo maldito, fiel retrato de la angustia y el dolor.<\/p>\n<p>2021: \u00bfRESURRECCI\u00d3N?<\/p>\n<p>A muy poco de inaugurar el 2021, la humanidad insufla desconfianza y nadie sobre la faz de la Tierra conoce a ciencia cierta cu\u00e1l ser\u00e1 el panorama en los pr\u00f3ximos meses.<\/p>\n<p>Eso s\u00ed, el deporte \u2014b\u00e1lsamo muchas veces\u2014 no anda de brazos cruzados y aviva las fantas\u00edas a pesar de mantener sus puertas cerradas.<\/p>\n<p>Las miradas recaen en la apertura de los Juegos Ol\u00edmpicos de Tokio. En tal sentido, el COI y su Comit\u00e9 Organizador son tajantes: la justa va &#8216;s\u00ed o s\u00ed&#8217;, &#8216;con o sin Covid-19&#8217;, por lo que vale respirar profundo a la espera del \u00e9xito colectivo despu\u00e9s de tanta adversidad y aflicci\u00f3n.<\/p>\n<p>Tampoco se deben olvidar otros grandes eventos que luchar\u00e1n por cerrarle el paso a ese desconcierto. El f\u00fatbol y el baloncesto conviven con el virus, y otras disciplinas como el tenis, el ciclismo, el b\u00e9isbol, el atletismo, entre muchas m\u00e1s, alistan sus campa\u00f1as, a sabiendas de los riesgos.<\/p>\n<p>El a\u00f1o se despide y el presente est\u00e1 lejos de sugerir un futuro impecable. Mas, las ilusiones cobijan los pensamientos, si bien la realidad sugiere que lo objetivo es cui- darse, elevar las dosis de paciencia y cruzar los dedos justo cuando diversas vacunas advierten un panorama alentador.<\/p>\n<p>Un rayo de esperanza ha llegado en los \u00faltimos compases, y con \u00e9l la ilusi\u00f3n de quienes anhelan un deporte tal cual lo conoc\u00edamos, con el bullicio \u2014a veces ensordecedor\u2014 de las gradas en los estadios, pero provisto de un sortilegio indefectible.<\/p><\/div>\n","protected":false},"excerpt":{"rendered":"<p>Por Jhonah D\u00edaz Gonz\u00e1lez La Habana, 27 dic (Prensa Latina) El deporte se estremece a\u00fan con los embates de un enemigo invisible: la Covid-19. La pandemia mantiene contra las cuerdas al mundo atl\u00e9tico, un sector obligado a reinventarse en 2020&hellip;<\/p>\n","protected":false},"author":90,"featured_media":1269192,"comment_status":"closed","ping_status":"closed","sticky":false,"template":"","format":"standard","meta":{"footnotes":""},"categories":[161],"tags":[47751],"class_list":["post-1269191","post","type-post","status-publish","format-standard","has-post-thumbnail","hentry","category-opiniones","tag-deportes"],"yoast_head":"<!-- This site is optimized with the Yoast SEO plugin v27.1.1 - https:\/\/yoast.com\/product\/yoast-seo-wordpress\/ -->\n<title>Deportes, 2020: Contra las cuerdas<\/title>\n<meta name=\"description\" content=\"Por Jhonah D\u00edaz Gonz\u00e1lez La Habana, 27 dic (Prensa Latina) El deporte se estremece a\u00fan con los embates de un enemigo invisible: la Covid-19. La pandemia\" \/>\n<meta name=\"robots\" content=\"index, follow, max-snippet:-1, max-image-preview:large, max-video-preview:-1\" \/>\n<link rel=\"canonical\" href=\"https:\/\/www.pressenza.com\/es\/2020\/12\/deportes-2020-contra-las-cuerdas\/\" \/>\n<meta property=\"og:locale\" content=\"es_ES\" \/>\n<meta property=\"og:type\" content=\"article\" \/>\n<meta property=\"og:title\" content=\"Deportes, 2020: Contra las cuerdas\" \/>\n<meta property=\"og:description\" content=\"Por Jhonah D\u00edaz Gonz\u00e1lez La Habana, 27 dic (Prensa Latina) El deporte se estremece a\u00fan con los embates de un enemigo invisible: la Covid-19. La pandemia\" \/>\n<meta property=\"og:url\" content=\"https:\/\/www.pressenza.com\/es\/2020\/12\/deportes-2020-contra-las-cuerdas\/\" \/>\n<meta property=\"og:site_name\" content=\"Pressenza\" \/>\n<meta property=\"article:publisher\" content=\"https:\/\/www.facebook.com\/PressenzaItalia\" \/>\n<meta property=\"article:author\" content=\"https:\/\/www.facebook.com\/AgenciaPrensaLatina\" \/>\n<meta property=\"article:published_time\" content=\"2020-12-27T23:35:07+00:00\" \/>\n<meta property=\"og:image\" content=\"https:\/\/www.pressenza.com\/wp-content\/uploads\/2020\/12\/Deporte.jpg\" \/>\n\t<meta property=\"og:image:width\" content=\"800\" \/>\n\t<meta property=\"og:image:height\" content=\"532\" \/>\n\t<meta property=\"og:image:type\" content=\"image\/jpeg\" \/>\n<meta name=\"author\" content=\"Prensa Latina\" \/>\n<meta name=\"twitter:card\" content=\"summary_large_image\" \/>\n<meta name=\"twitter:creator\" content=\"@prensalatina_cu\" \/>\n<meta name=\"twitter:site\" content=\"@PressenzaIPA\" \/>\n<meta name=\"twitter:label1\" content=\"Escrito por\" \/>\n\t<meta name=\"twitter:data1\" content=\"Prensa Latina\" \/>\n\t<meta name=\"twitter:label2\" content=\"Tiempo de lectura\" \/>\n\t<meta name=\"twitter:data2\" content=\"7 minutos\" \/>\n<script type=\"application\/ld+json\" class=\"yoast-schema-graph\">{\"@context\":\"https:\/\/schema.org\",\"@graph\":[{\"@type\":\"Article\",\"@id\":\"https:\/\/www.pressenza.com\/es\/2020\/12\/deportes-2020-contra-las-cuerdas\/#article\",\"isPartOf\":{\"@id\":\"https:\/\/www.pressenza.com\/es\/2020\/12\/deportes-2020-contra-las-cuerdas\/\"},\"author\":{\"name\":\"Prensa Latina\",\"@id\":\"https:\/\/www.pressenza.com\/es\/#\/schema\/person\/e35c78ffa242d98f4f49ccb18c8631de\"},\"headline\":\"Deportes, 2020: Contra las cuerdas\",\"datePublished\":\"2020-12-27T23:35:07+00:00\",\"mainEntityOfPage\":{\"@id\":\"https:\/\/www.pressenza.com\/es\/2020\/12\/deportes-2020-contra-las-cuerdas\/\"},\"wordCount\":1377,\"publisher\":{\"@id\":\"https:\/\/www.pressenza.com\/es\/#organization\"},\"image\":{\"@id\":\"https:\/\/www.pressenza.com\/es\/2020\/12\/deportes-2020-contra-las-cuerdas\/#primaryimage\"},\"thumbnailUrl\":\"https:\/\/www.pressenza.com\/wp-content\/uploads\/2020\/12\/Deporte.jpg\",\"keywords\":[\"deportes\"],\"articleSection\":[\"Opiniones\"],\"inLanguage\":\"es\"},{\"@type\":\"WebPage\",\"@id\":\"https:\/\/www.pressenza.com\/es\/2020\/12\/deportes-2020-contra-las-cuerdas\/\",\"url\":\"https:\/\/www.pressenza.com\/es\/2020\/12\/deportes-2020-contra-las-cuerdas\/\",\"name\":\"Deportes, 2020: Contra las cuerdas\",\"isPartOf\":{\"@id\":\"https:\/\/www.pressenza.com\/es\/#website\"},\"primaryImageOfPage\":{\"@id\":\"https:\/\/www.pressenza.com\/es\/2020\/12\/deportes-2020-contra-las-cuerdas\/#primaryimage\"},\"image\":{\"@id\":\"https:\/\/www.pressenza.com\/es\/2020\/12\/deportes-2020-contra-las-cuerdas\/#primaryimage\"},\"thumbnailUrl\":\"https:\/\/www.pressenza.com\/wp-content\/uploads\/2020\/12\/Deporte.jpg\",\"datePublished\":\"2020-12-27T23:35:07+00:00\",\"description\":\"Por Jhonah D\u00edaz Gonz\u00e1lez La Habana, 27 dic (Prensa Latina) El deporte se estremece a\u00fan con los embates de un enemigo invisible: la Covid-19. La pandemia\",\"breadcrumb\":{\"@id\":\"https:\/\/www.pressenza.com\/es\/2020\/12\/deportes-2020-contra-las-cuerdas\/#breadcrumb\"},\"inLanguage\":\"es\",\"potentialAction\":[{\"@type\":\"ReadAction\",\"target\":[\"https:\/\/www.pressenza.com\/es\/2020\/12\/deportes-2020-contra-las-cuerdas\/\"]}]},{\"@type\":\"ImageObject\",\"inLanguage\":\"es\",\"@id\":\"https:\/\/www.pressenza.com\/es\/2020\/12\/deportes-2020-contra-las-cuerdas\/#primaryimage\",\"url\":\"https:\/\/www.pressenza.com\/wp-content\/uploads\/2020\/12\/Deporte.jpg\",\"contentUrl\":\"https:\/\/www.pressenza.com\/wp-content\/uploads\/2020\/12\/Deporte.jpg\",\"width\":800,\"height\":532},{\"@type\":\"BreadcrumbList\",\"@id\":\"https:\/\/www.pressenza.com\/es\/2020\/12\/deportes-2020-contra-las-cuerdas\/#breadcrumb\",\"itemListElement\":[{\"@type\":\"ListItem\",\"position\":1,\"name\":\"Accueil\",\"item\":\"https:\/\/www.pressenza.com\/es\/\"},{\"@type\":\"ListItem\",\"position\":2,\"name\":\"Deportes, 2020: Contra las cuerdas\"}]},{\"@type\":\"WebSite\",\"@id\":\"https:\/\/www.pressenza.com\/es\/#website\",\"url\":\"https:\/\/www.pressenza.com\/es\/\",\"name\":\"Pressenza\",\"description\":\"International Press Agency\",\"publisher\":{\"@id\":\"https:\/\/www.pressenza.com\/es\/#organization\"},\"potentialAction\":[{\"@type\":\"SearchAction\",\"target\":{\"@type\":\"EntryPoint\",\"urlTemplate\":\"https:\/\/www.pressenza.com\/es\/?s={search_term_string}\"},\"query-input\":{\"@type\":\"PropertyValueSpecification\",\"valueRequired\":true,\"valueName\":\"search_term_string\"}}],\"inLanguage\":\"es\"},{\"@type\":\"Organization\",\"@id\":\"https:\/\/www.pressenza.com\/es\/#organization\",\"name\":\"Pressenza\",\"url\":\"https:\/\/www.pressenza.com\/es\/\",\"logo\":{\"@type\":\"ImageObject\",\"inLanguage\":\"es\",\"@id\":\"https:\/\/www.pressenza.com\/es\/#\/schema\/logo\/image\/\",\"url\":\"https:\/\/www.pressenza.com\/wp-content\/uploads\/2022\/10\/pressenza_logo_200x200.jpg\",\"contentUrl\":\"https:\/\/www.pressenza.com\/wp-content\/uploads\/2022\/10\/pressenza_logo_200x200.jpg\",\"width\":200,\"height\":200,\"caption\":\"Pressenza\"},\"image\":{\"@id\":\"https:\/\/www.pressenza.com\/es\/#\/schema\/logo\/image\/\"},\"sameAs\":[\"https:\/\/www.facebook.com\/PressenzaItalia\",\"https:\/\/x.com\/PressenzaIPA\"]},{\"@type\":\"Person\",\"@id\":\"https:\/\/www.pressenza.com\/es\/#\/schema\/person\/e35c78ffa242d98f4f49ccb18c8631de\",\"name\":\"Prensa Latina\",\"description\":\"www.prensa-latina.cu\",\"sameAs\":[\"https:\/\/www.facebook.com\/AgenciaPrensaLatina\",\"https:\/\/x.com\/prensalatina_cu\"],\"url\":\"https:\/\/www.pressenza.com\/es\/author\/prensa-latina\/\"}]}<\/script>\n<!-- \/ Yoast SEO plugin. -->","yoast_head_json":{"title":"Deportes, 2020: Contra las cuerdas","description":"Por Jhonah D\u00edaz Gonz\u00e1lez La Habana, 27 dic (Prensa Latina) El deporte se estremece a\u00fan con los embates de un enemigo invisible: la Covid-19. La pandemia","robots":{"index":"index","follow":"follow","max-snippet":"max-snippet:-1","max-image-preview":"max-image-preview:large","max-video-preview":"max-video-preview:-1"},"canonical":"https:\/\/www.pressenza.com\/es\/2020\/12\/deportes-2020-contra-las-cuerdas\/","og_locale":"es_ES","og_type":"article","og_title":"Deportes, 2020: Contra las cuerdas","og_description":"Por Jhonah D\u00edaz Gonz\u00e1lez La Habana, 27 dic (Prensa Latina) El deporte se estremece a\u00fan con los embates de un enemigo invisible: la Covid-19. La pandemia","og_url":"https:\/\/www.pressenza.com\/es\/2020\/12\/deportes-2020-contra-las-cuerdas\/","og_site_name":"Pressenza","article_publisher":"https:\/\/www.facebook.com\/PressenzaItalia","article_author":"https:\/\/www.facebook.com\/AgenciaPrensaLatina","article_published_time":"2020-12-27T23:35:07+00:00","og_image":[{"width":800,"height":532,"url":"https:\/\/www.pressenza.com\/wp-content\/uploads\/2020\/12\/Deporte.jpg","type":"image\/jpeg"}],"author":"Prensa Latina","twitter_card":"summary_large_image","twitter_creator":"@prensalatina_cu","twitter_site":"@PressenzaIPA","twitter_misc":{"Escrito por":"Prensa Latina","Tiempo de lectura":"7 minutos"},"schema":{"@context":"https:\/\/schema.org","@graph":[{"@type":"Article","@id":"https:\/\/www.pressenza.com\/es\/2020\/12\/deportes-2020-contra-las-cuerdas\/#article","isPartOf":{"@id":"https:\/\/www.pressenza.com\/es\/2020\/12\/deportes-2020-contra-las-cuerdas\/"},"author":{"name":"Prensa Latina","@id":"https:\/\/www.pressenza.com\/es\/#\/schema\/person\/e35c78ffa242d98f4f49ccb18c8631de"},"headline":"Deportes, 2020: Contra las cuerdas","datePublished":"2020-12-27T23:35:07+00:00","mainEntityOfPage":{"@id":"https:\/\/www.pressenza.com\/es\/2020\/12\/deportes-2020-contra-las-cuerdas\/"},"wordCount":1377,"publisher":{"@id":"https:\/\/www.pressenza.com\/es\/#organization"},"image":{"@id":"https:\/\/www.pressenza.com\/es\/2020\/12\/deportes-2020-contra-las-cuerdas\/#primaryimage"},"thumbnailUrl":"https:\/\/www.pressenza.com\/wp-content\/uploads\/2020\/12\/Deporte.jpg","keywords":["deportes"],"articleSection":["Opiniones"],"inLanguage":"es"},{"@type":"WebPage","@id":"https:\/\/www.pressenza.com\/es\/2020\/12\/deportes-2020-contra-las-cuerdas\/","url":"https:\/\/www.pressenza.com\/es\/2020\/12\/deportes-2020-contra-las-cuerdas\/","name":"Deportes, 2020: Contra las cuerdas","isPartOf":{"@id":"https:\/\/www.pressenza.com\/es\/#website"},"primaryImageOfPage":{"@id":"https:\/\/www.pressenza.com\/es\/2020\/12\/deportes-2020-contra-las-cuerdas\/#primaryimage"},"image":{"@id":"https:\/\/www.pressenza.com\/es\/2020\/12\/deportes-2020-contra-las-cuerdas\/#primaryimage"},"thumbnailUrl":"https:\/\/www.pressenza.com\/wp-content\/uploads\/2020\/12\/Deporte.jpg","datePublished":"2020-12-27T23:35:07+00:00","description":"Por Jhonah D\u00edaz Gonz\u00e1lez La Habana, 27 dic (Prensa Latina) El deporte se estremece a\u00fan con los embates de un enemigo invisible: la Covid-19. La pandemia","breadcrumb":{"@id":"https:\/\/www.pressenza.com\/es\/2020\/12\/deportes-2020-contra-las-cuerdas\/#breadcrumb"},"inLanguage":"es","potentialAction":[{"@type":"ReadAction","target":["https:\/\/www.pressenza.com\/es\/2020\/12\/deportes-2020-contra-las-cuerdas\/"]}]},{"@type":"ImageObject","inLanguage":"es","@id":"https:\/\/www.pressenza.com\/es\/2020\/12\/deportes-2020-contra-las-cuerdas\/#primaryimage","url":"https:\/\/www.pressenza.com\/wp-content\/uploads\/2020\/12\/Deporte.jpg","contentUrl":"https:\/\/www.pressenza.com\/wp-content\/uploads\/2020\/12\/Deporte.jpg","width":800,"height":532},{"@type":"BreadcrumbList","@id":"https:\/\/www.pressenza.com\/es\/2020\/12\/deportes-2020-contra-las-cuerdas\/#breadcrumb","itemListElement":[{"@type":"ListItem","position":1,"name":"Accueil","item":"https:\/\/www.pressenza.com\/es\/"},{"@type":"ListItem","position":2,"name":"Deportes, 2020: Contra las cuerdas"}]},{"@type":"WebSite","@id":"https:\/\/www.pressenza.com\/es\/#website","url":"https:\/\/www.pressenza.com\/es\/","name":"Pressenza","description":"International Press Agency","publisher":{"@id":"https:\/\/www.pressenza.com\/es\/#organization"},"potentialAction":[{"@type":"SearchAction","target":{"@type":"EntryPoint","urlTemplate":"https:\/\/www.pressenza.com\/es\/?s={search_term_string}"},"query-input":{"@type":"PropertyValueSpecification","valueRequired":true,"valueName":"search_term_string"}}],"inLanguage":"es"},{"@type":"Organization","@id":"https:\/\/www.pressenza.com\/es\/#organization","name":"Pressenza","url":"https:\/\/www.pressenza.com\/es\/","logo":{"@type":"ImageObject","inLanguage":"es","@id":"https:\/\/www.pressenza.com\/es\/#\/schema\/logo\/image\/","url":"https:\/\/www.pressenza.com\/wp-content\/uploads\/2022\/10\/pressenza_logo_200x200.jpg","contentUrl":"https:\/\/www.pressenza.com\/wp-content\/uploads\/2022\/10\/pressenza_logo_200x200.jpg","width":200,"height":200,"caption":"Pressenza"},"image":{"@id":"https:\/\/www.pressenza.com\/es\/#\/schema\/logo\/image\/"},"sameAs":["https:\/\/www.facebook.com\/PressenzaItalia","https:\/\/x.com\/PressenzaIPA"]},{"@type":"Person","@id":"https:\/\/www.pressenza.com\/es\/#\/schema\/person\/e35c78ffa242d98f4f49ccb18c8631de","name":"Prensa Latina","description":"www.prensa-latina.cu","sameAs":["https:\/\/www.facebook.com\/AgenciaPrensaLatina","https:\/\/x.com\/prensalatina_cu"],"url":"https:\/\/www.pressenza.com\/es\/author\/prensa-latina\/"}]}},"place":"","original_article_url":"https:\/\/www.prensa-latina.cu\/index.php?o=rn&id=420151&SEO=deportes-2020-contra-las-cuerdas","_links":{"self":[{"href":"https:\/\/www.pressenza.com\/es\/wp-json\/wp\/v2\/posts\/1269191","targetHints":{"allow":["GET"]}}],"collection":[{"href":"https:\/\/www.pressenza.com\/es\/wp-json\/wp\/v2\/posts"}],"about":[{"href":"https:\/\/www.pressenza.com\/es\/wp-json\/wp\/v2\/types\/post"}],"author":[{"embeddable":true,"href":"https:\/\/www.pressenza.com\/es\/wp-json\/wp\/v2\/users\/90"}],"replies":[{"embeddable":true,"href":"https:\/\/www.pressenza.com\/es\/wp-json\/wp\/v2\/comments?post=1269191"}],"version-history":[{"count":0,"href":"https:\/\/www.pressenza.com\/es\/wp-json\/wp\/v2\/posts\/1269191\/revisions"}],"wp:featuredmedia":[{"embeddable":true,"href":"https:\/\/www.pressenza.com\/es\/wp-json\/wp\/v2\/media\/1269192"}],"wp:attachment":[{"href":"https:\/\/www.pressenza.com\/es\/wp-json\/wp\/v2\/media?parent=1269191"}],"wp:term":[{"taxonomy":"category","embeddable":true,"href":"https:\/\/www.pressenza.com\/es\/wp-json\/wp\/v2\/categories?post=1269191"},{"taxonomy":"post_tag","embeddable":true,"href":"https:\/\/www.pressenza.com\/es\/wp-json\/wp\/v2\/tags?post=1269191"}],"curies":[{"name":"wp","href":"https:\/\/api.w.org\/{rel}","templated":true}]}}