{"id":1268001,"date":"2020-12-29T12:03:20","date_gmt":"2020-12-29T12:03:20","guid":{"rendered":"https:\/\/www.pressenza.com\/?p=1268001"},"modified":"2020-12-29T12:03:20","modified_gmt":"2020-12-29T12:03:20","slug":"canciones-para-las-salas-canciones-de-inspiracion-y-esperanza","status":"publish","type":"post","link":"https:\/\/www.pressenza.com\/es\/2020\/12\/canciones-para-las-salas-canciones-de-inspiracion-y-esperanza\/","title":{"rendered":"Canciones para las \u201cSalas\u201d: Canciones de inspiraci\u00f3n y esperanza"},"content":{"rendered":"<p>Escuchar los temas de este \u00e1lbum, realizado en colaboraci\u00f3n con artistas de los cinco continentes, con canciones inspiradas en las ense\u00f1anzas y proyectos de Mario Rodr\u00edguez Cobos (m\u00e1s conocido como Silo, quien fue escritor, maestro, gu\u00eda y fundador de la gu\u00eda espiritual del Movimiento Humanista), puede despertar la esperanza y la inspiraci\u00f3n. Esta es la capacidad que tiene la m\u00fasica que sale del coraz\u00f3n.<\/p>\n<p>El \u00e1lbum, producido por Mark Lesseraux y Chris Wells, se encuentra en este sitio web: <a href=\"https:\/\/salasongs.bandcamp.com\/releases\">https:\/\/salasongs.bandcamp.com\/releases<\/a>. Fue producido para recaudar fondos, con el fin de terminar la construcci\u00f3n de la sala de meditaci\u00f3n, o la sala en el Parque de Estudio y Reflexi\u00f3n en El Valle de Hudson. Tambi\u00e9n re\u00fane las canciones y la m\u00fasica de ocho compositores y m\u00fasicos.<\/p>\n<p>La canci\u00f3n <em>Edge of the Night<\/em> para ukelele del cantautor Mark Lesseraux da inicio al \u00e1lbum, y fue escrita en la sala del Parque de Estudio y Reflexi\u00f3n de Punta de Vacas, Argentina. Mark se inspir\u00f3 en el tema de la Gu\u00eda del Camino Interno y la Experiencia Guiada llamada \u00abLaProtectora de la Vida\u00bb nacido de las ense\u00f1anzas y libros de Silo, pero tambi\u00e9n se inspir\u00f3 parcialmente en la pel\u00edcula <em>El Resplandor<\/em>.<\/p>\n<p>Con el fin de crear una Sala de Meditaci\u00f3n, este \u00e1lbum fue creado para recaudar fondos. Esta sala servir\u00e1 como un faro de luz y como un espacio abierto, en el que las personas pueden llegar a conectarse con lo mejor de s\u00ed mismas, con lo que de verdad importa, y con sus mejores aspiraciones. La letra y la melod\u00eda establecen el tono del \u00e1lbum, con este estribillo:<\/p>\n<p><em>\u00a0\u00a0\u00a0 <\/em><em>\u201cAt the edge of the night<\/em><br \/>\n<em>\u00a0 \u00a0 \u00a0When you\u2019re lost and you\u2019re frightened<\/em><br \/>\n<em>\u00a0 \u00a0 \u00a0In the dead of the winter night<\/em><br \/>\n<em>\u00a0 \u00a0 \u00a0I will be your light\u201d<\/em><\/p>\n<p><em> (\u00abCuando cae la noche<\/em><br \/>\n<em>\u00a0 \u00a0 \u00a0Cuando est\u00e1s perdido y tienes miedo<\/em><br \/>\n<em>\u00a0 \u00a0 \u00a0En la oscuridad de la noche de invierno<\/em><br \/>\n<em>\u00a0 \u00a0 \u00a0Ser\u00e9 tu luz\u00bb)<\/em><\/p>\n<p>El segundo tema trata acerca de Silo. Fue compuesta por Chris Wells: un compositor, actor, profesor y silo\u00edsta radicado en la ciudad de Nueva York. \u00c9l nos cuenta que comenz\u00f3 a escribir esta canci\u00f3n en el 50 aniversario de la charla p\u00fablica de Silo \u00abLa Curaci\u00f3n del Sufrimiento\u00bb. Esta charla se dio en Punta de Vacas, Argentina (en lo alto de los Andes en 1969) ya que las reuniones p\u00fablicas no estaban permitidas por la dictadura que gobernaba en ese momento. La canci\u00f3n es un testimonio conmovedor, tal y como la letra lo dice:<\/p>\n<p><em>\u201cHe named the violence ready to explode<\/em><br \/>\n<em>\u00a0 \u00a0 \u00a0Pointed to the exit, it was down the inner road<\/em><\/p>\n<p><em>\u00a0 \u00a0 \u00a0And all these years later, it echoes in my bones<\/em><br \/>\n<em>\u00a0 \u00a0 \u00a0Echoes in the deep space with faint overtones<\/em><br \/>\n<em>\u00a0 \u00a0 \u00a0A simple truth but a rocky path and every day we start<\/em><br \/>\n<em>\u00a0 \u00a0 \u00a0Change yourself and change the world<\/em><br \/>\n<em>\u00a0 \u00a0 \u00a0The light of meaning heals the heart\u201d<\/em><\/p>\n<p><em>\u00a0 \u00a0 \u00a0(\u00abMencion\u00f3 a la violencia lista para explotar<\/em><br \/>\n<em>\u00a0 \u00a0 \u00a0Apuntando a la salida, indic\u00f3 el camino interno<\/em><\/p>\n<p><em>\u00a0 \u00a0 \u00a0Y todos estos a\u00f1os despu\u00e9s, hace eco en mis huesos<\/em><br \/>\n<em>\u00a0 \u00a0 \u00a0Ecos en el espacio profundo con tenues sobretonos<\/em><br \/>\n<em>\u00a0 \u00a0 \u00a0Una simple verdad pero un camino rocoso, y cada d\u00eda empezamos<\/em><br \/>\n<em>\u00a0 \u00a0 \u00a0Cambia t\u00fa y cambia el mundo<\/em><br \/>\n<em>\u00a0 \u00a0 \u00a0La luz del sentido cura el coraz\u00f3n\u00bb)<\/em><\/p>\n<p>Los otros temas son una fusi\u00f3n de diferentes estilos, de artistas que tienen distintos or\u00edgenes.<\/p>\n<p>Mara Repa, una cantante y compositora de Atenas, Grecia, contribuy\u00f3 con tres canciones. Ella vive y trabaja en Atenas como profesora vocal de canto contempor\u00e1neo. Inspirada por las ense\u00f1anzas de Silo, Mara aspira al tipo de Arte que permite el contacto de uno mismo con su propio ser, con todo lo humano, y con la fe en un futuro abierto. Citando las notas del \u00e1lbum:<\/p>\n<p><em>\u00a0\u00a0\u00a0\u00a0 \u00ab\u201dEna- One\u201d se utiliz\u00f3 para los t\u00edtulos finales del documental \u201cM\u00e1s all\u00e1 de la venganza\u201d, del 2016. La canci\u00f3n proyecta a la humanidad como un organismo, y a las personas como sus c\u00e9lulas, haciendo un paralelismo con el cuerpo humano y sus partes. Cualquier separaci\u00f3n y aislamiento, en ambos casos, es una experiencia violenta; mientras que una profunda mirada interna a la tendencia de la Humanidad supera esta ruptura, convirti\u00e9ndose inevitablemente en la gu\u00eda para volver a su hogar, para volver a ser Uno.<\/em><\/p>\n<p><em>\u00a0\u00a0\u00a0\u00a0\u00a0 \u201cTo Go Ahead\u201d es una canci\u00f3n proyecto, inspirada en la Ruta Balc\u00e1nica de la Marcha Mundial por la Paz y la No-Violencia en el 2009. La canci\u00f3n fue escrita en el verano de ese a\u00f1o, durante la preparaci\u00f3n de la Marcha Mundial, con el prop\u00f3sito de brindarle aliento al viaje de la vida, un viaje en el interior del mundo de los sentidos. Un viaje tan largo, como el viaje a nuestro propio mundo interno, para encontrar a otros y encontrarnos a nosotros mismos.<\/em><\/p>\n<p><em>\u00a0\u00a0\u00a0\u00a0 \u201cLa Pregunta\u201d fue escrita como el tr\u00e1iler musical del documental \u00abM\u00e1s all\u00e1 de la Venganza\u00bb, en el 2016. La canci\u00f3n se inspir\u00f3 en la fuerza de las personas entrevistadas durante el documental, y ellas, a pesar de vivir en medio de una terrible injusticia, optan por enfocarse en la resoluci\u00f3n y en su intenci\u00f3n de seguir adelante con sus vidas sin resentimientos. De esta forma, abrieron caminos de luz para s\u00ed mismos y para los dem\u00e1s\u00bb.<\/em><\/p>\n<p>Adem\u00e1s, desde Sudam\u00e9rica, hay dos canciones en espa\u00f1ol de Ernesto y Leo Rodr\u00edguez, llamadas <em>La Maravilla<\/em> y <em>En El Silencio de tu Mente<\/em>.<\/p>\n<p>\u00abAcompa\u00f1ados de otros amigos silo\u00edstas formamos un grupo musical llamado <em>Mezclao<\/em>, alrededor del a\u00f1o 2000; y cuando surgi\u00f3 el <em>Mensaje de Silo<\/em>, \u00e9ste nos inspir\u00f3 a componer canciones que expresan esta nueva espiritualidad. Esta canci\u00f3n se inspira en el contacto con el centro de luz que todos llevamos dentro. Esta es la primera canci\u00f3n que compuse con mi hijo Leo Rodr\u00edguez para el primer CD del grupo <em>Mezclao<\/em>\u00bb, dijo Ernesto, acerca de su canci\u00f3n <em>La Maravilla<\/em>.<\/p>\n<p>La canci\u00f3n, <em>En El Silencio de tu Mente<\/em>, \u00abhabla de lo sagrado, lo que siempre est\u00e1 presente, lo que nos acompa\u00f1a, aunque a veces no lo podamos percibir. Podemos entrar en contacto con \u00e9l en el silencio de nuestras mentes. Es una canci\u00f3n muy suave, interpretada con gran belleza por Alicia Delb\u00f3n. La compuse con mi hijo Leo Rodr\u00edguez para el segundo CD del grupo Mezclao\u00bb.<\/p>\n<p>La canci\u00f3n de Narco Bourgeois y Jerem\u00edas Oseas se titula <em>Love&#8217;s The Highest Truth, <\/em>y es \u00abuna canci\u00f3n que habla acerca de apreciar la vida, las amistades, las relaciones familiares y el perd\u00f3n. Habla de la universalidad del amor y la idea de que el amor va m\u00e1s all\u00e1 de las palabras\u00bb.<\/p>\n<p>La canci\u00f3n que proviene de la India fue escrita por Suresh Mehta (quien tambi\u00e9n compuso la melod\u00eda) y se titula <em>Ahimsa \u2013 Peace \u2013 Give it a Chance<\/em>. La m\u00fasica, que fue proporcionada por un profesor de m\u00fasica, es interpretada por \u00e9l, dos de sus alumnos y los miembros de su familia la cantan. Adem\u00e1s, de parte de Wanaco 32 y Norton Repex, una canci\u00f3n de rap est\u00e1 incluida en el album, y se titula Kronos.<\/p>\n<p>Los dos \u00faltimos temas que completan la selecci\u00f3n son de Chris Wells y Mark Lesseraux.<\/p>\n<p>Cada persona debe ver a los dem\u00e1s como seres humanos, pues cada uno es \u00fanico, tal como lo dicen las estrofas:<\/p>\n<p><em>\u00a0\u00a0\u00a0 \u00abWhat if every life could be witnessed?<\/em><br \/>\n<em>\u00a0 \u00a0 \u00a0What if everyone was loved (even a little bit)?<\/em><br \/>\n<em>\u00a0 \u00a0 \u00a0What if everyone could be solid in their soul?<\/em><br \/>\n<em>\u00a0 \u00a0 \u00a0Every single person in the world<\/em><br \/>\n<em>\u00a0 \u00a0 \u00a0Every single person in the world<\/em><\/p>\n<p><em>\u00a0 \u00a0 \u00a0What if every child was nourished?<\/em><br \/>\n<em>\u00a0 \u00a0 \u00a0What if every home was safe?<\/em><br \/>\n<em>\u00a0 \u00a0 \u00a0What if every heart was as fierce as it was true?<\/em><br \/>\n<em>\u00a0 \u00a0 \u00a0Every single person in the world<\/em><br \/>\n<em>\u00a0 \u00a0 \u00a0Every single person in the world\u00bb<\/em><\/p>\n<p><em> \u00a0 \u00a0(\u00ab\u00bfY si cada vida pudiera dar testimonio?<\/em><br \/>\n<em>\u00a0 \u00a0 \u00a0\u00bfY si cada uno fuera amado (aunque fuera un poco)?<\/em><br \/>\n<em>\u00a0 \u00a0 \u00a0\u00bfY si cada uno pudiera ser s\u00f3lidos en su alma?<\/em><br \/>\n<em>\u00a0 \u00a0 \u00a0Cada persona en el mundo<\/em><br \/>\n<em>\u00a0 \u00a0 \u00a0Cada persona en el mundo<\/em><\/p>\n<p><em>\u00a0 \u00a0 \u00a0\u00bfY si cada ni\u00f1o fuera alimentados?<\/em><br \/>\n<em>\u00a0 \u00a0 \u00a0\u00bfY si cada hogar fuera seguro?<\/em><br \/>\n<em>\u00a0 \u00a0 \u00a0\u00bfY si cada coraz\u00f3n fuera tan aguerrido como si fuera verdad?<\/em><br \/>\n<em>\u00a0 \u00a0 \u00a0Cada persona en el mundo<\/em><br \/>\n<em>\u00a0 \u00a0 \u00a0Cada persona en el mundo\u00bb)<\/em><\/p>\n<p>La \u00faltima canci\u00f3n titulada <em>We want peace on earth<\/em> (Queremos la paz en la tierra), es un himno optimista. Es un himno y un clamor por nuevas soluciones y nuevas direcciones, encaminadas hacia la paz que tanto anhelamos, y hacia un mundo sin violencia.<\/p>\n<p>Visite: <a href=\"https:\/\/salasongs.bandcamp.com\/releases\">https:\/\/salasongs.bandcamp.com\/releases<\/a><\/p>\n<p>Si desea apoyar la recaudaci\u00f3n de fondos, el \u00c1lbum Digital est\u00e1 disponible para su transmisi\u00f3n en l\u00ednea y descargas. Esto incluye la transmisi\u00f3n ilimitada a trav\u00e9s de la aplicaci\u00f3n gratuita Bandcamp, y adem\u00e1s, descargas de alta calidad en MP3, FLAC y m\u00e1s.<\/p>\n<p>Todos los ingresos se destinar\u00e1n al apoyo de la construcci\u00f3n de un pabell\u00f3n de meditaci\u00f3n (\u00abSala\u00bb) en el Parque de Estudio y Reflexi\u00f3n de Hudson Valley (<a href=\"http:\/\/www.hudsonvalleypark.org\">www.hudsonvalleypark.org<\/a>).<\/p>\n<p>En este link tambi\u00e9n puede ver un corto sobre la Sala que gan\u00f3 el Premio del P\u00fablico del AIA (Instituto Americano de Arquitectos), 2020: <a href=\"http:\/\/www.youtube.com\/watch?v=K9FhTJvloGo\">www.youtube.com\/watch?v=K9FhTJvloGo<\/a><\/p>\n<p><em>Cr\u00e9ditos<\/em><\/p>\n<p><em>Publicado el 1 de diciembre de 2020<\/em><\/p>\n<p><em>Organizado por Mark Lesseraux y Chris Wells<\/em><\/p>\n<p><em>Traducciones de Trudi Richards y Patricia Rios<\/em><\/p>\n<p><em>Car\u00e1tula realizada por Rafael Edwards<\/em><\/p>\n<hr \/>\n<p><em>Traducci\u00f3n del ingl\u00e9s por Alanissis Flores<\/em><\/p>\n","protected":false},"excerpt":{"rendered":"<p>Escuchar los temas de este \u00e1lbum, realizado en colaboraci\u00f3n con artistas de los cinco continentes, con canciones inspiradas en las ense\u00f1anzas y proyectos de Mario Rodr\u00edguez Cobos (m\u00e1s conocido como Silo, quien fue escritor, maestro, gu\u00eda y fundador de la&hellip;<\/p>\n","protected":false},"author":1464,"featured_media":1261019,"comment_status":"closed","ping_status":"closed","sticky":false,"template":"","format":"standard","meta":{"footnotes":""},"categories":[11389,75,1240,39],"tags":[30440,1794,85572,543],"class_list":["post-1268001","post","type-post","status-publish","format-standard","has-post-thumbnail","hentry","category-contenido-original","category-cultura-es","category-humanismo-espiritualidad","category-internacional","tag-no-violencia-activa","tag-noviolencia-activa","tag-parque-de-estudio-y-reflexion-de-el-valle-de-hudson","tag-silo-es"],"yoast_head":"<!-- This site is optimized with the Yoast SEO plugin v27.1.1 - https:\/\/yoast.com\/product\/yoast-seo-wordpress\/ -->\n<title>Canciones para las \u201cSalas\u201d: Canciones de inspiraci\u00f3n y esperanza<\/title>\n<meta name=\"description\" content=\"Escuchar los temas de este \u00e1lbum, realizado en colaboraci\u00f3n con artistas de los cinco continentes, con canciones inspiradas en las ense\u00f1anzas y proyectos\" \/>\n<meta name=\"robots\" content=\"index, follow, max-snippet:-1, max-image-preview:large, max-video-preview:-1\" \/>\n<link rel=\"canonical\" href=\"https:\/\/www.pressenza.com\/es\/2020\/12\/canciones-para-las-salas-canciones-de-inspiracion-y-esperanza\/\" \/>\n<meta property=\"og:locale\" content=\"es_ES\" \/>\n<meta property=\"og:type\" content=\"article\" \/>\n<meta property=\"og:title\" content=\"Canciones para las \u201cSalas\u201d: Canciones de inspiraci\u00f3n y esperanza\" \/>\n<meta property=\"og:description\" content=\"Escuchar los temas de este \u00e1lbum, realizado en colaboraci\u00f3n con artistas de los cinco continentes, con canciones inspiradas en las ense\u00f1anzas y proyectos\" \/>\n<meta property=\"og:url\" content=\"https:\/\/www.pressenza.com\/es\/2020\/12\/canciones-para-las-salas-canciones-de-inspiracion-y-esperanza\/\" \/>\n<meta property=\"og:site_name\" content=\"Pressenza\" \/>\n<meta property=\"article:publisher\" content=\"https:\/\/www.facebook.com\/PressenzaItalia\" \/>\n<meta property=\"article:published_time\" content=\"2020-12-29T12:03:20+00:00\" \/>\n<meta property=\"og:image\" content=\"https:\/\/www.pressenza.com\/wp-content\/uploads\/2020\/12\/Songs-for-the-Sala-Rafael-Edwards.jpg\" \/>\n\t<meta property=\"og:image:width\" content=\"950\" \/>\n\t<meta property=\"og:image:height\" content=\"950\" \/>\n\t<meta property=\"og:image:type\" content=\"image\/jpeg\" \/>\n<meta name=\"author\" content=\"Karina Lagdameo-Santillan\" \/>\n<meta name=\"twitter:card\" content=\"summary_large_image\" \/>\n<meta name=\"twitter:creator\" content=\"@PressenzaIPA\" \/>\n<meta name=\"twitter:site\" content=\"@PressenzaIPA\" \/>\n<meta name=\"twitter:label1\" content=\"Escrito por\" \/>\n\t<meta name=\"twitter:data1\" content=\"Karina Lagdameo-Santillan\" \/>\n\t<meta name=\"twitter:label2\" content=\"Tiempo de lectura\" \/>\n\t<meta name=\"twitter:data2\" content=\"8 minutos\" \/>\n<script type=\"application\/ld+json\" class=\"yoast-schema-graph\">{\"@context\":\"https:\/\/schema.org\",\"@graph\":[{\"@type\":\"Article\",\"@id\":\"https:\/\/www.pressenza.com\/es\/2020\/12\/canciones-para-las-salas-canciones-de-inspiracion-y-esperanza\/#article\",\"isPartOf\":{\"@id\":\"https:\/\/www.pressenza.com\/es\/2020\/12\/canciones-para-las-salas-canciones-de-inspiracion-y-esperanza\/\"},\"author\":{\"name\":\"Karina Lagdameo-Santillan\",\"@id\":\"https:\/\/www.pressenza.com\/es\/#\/schema\/person\/dc252e494281a26aa995cb89c2069c2b\"},\"headline\":\"Canciones para las \u201cSalas\u201d: Canciones de inspiraci\u00f3n y esperanza\",\"datePublished\":\"2020-12-29T12:03:20+00:00\",\"mainEntityOfPage\":{\"@id\":\"https:\/\/www.pressenza.com\/es\/2020\/12\/canciones-para-las-salas-canciones-de-inspiracion-y-esperanza\/\"},\"wordCount\":1616,\"publisher\":{\"@id\":\"https:\/\/www.pressenza.com\/es\/#organization\"},\"image\":{\"@id\":\"https:\/\/www.pressenza.com\/es\/2020\/12\/canciones-para-las-salas-canciones-de-inspiracion-y-esperanza\/#primaryimage\"},\"thumbnailUrl\":\"https:\/\/www.pressenza.com\/wp-content\/uploads\/2020\/12\/Songs-for-the-Sala-Rafael-Edwards.jpg\",\"keywords\":[\"no violencia activa\",\"Noviolencia activa\",\"Parque de Estudio y Reflexi\u00f3n de El Valle de Hudson\",\"Silo\"],\"articleSection\":[\"Contenido Original\",\"Cultura y Medios\",\"Humanismo y Espiritualidad\",\"Internacional\"],\"inLanguage\":\"es\"},{\"@type\":\"WebPage\",\"@id\":\"https:\/\/www.pressenza.com\/es\/2020\/12\/canciones-para-las-salas-canciones-de-inspiracion-y-esperanza\/\",\"url\":\"https:\/\/www.pressenza.com\/es\/2020\/12\/canciones-para-las-salas-canciones-de-inspiracion-y-esperanza\/\",\"name\":\"Canciones para las \u201cSalas\u201d: Canciones de inspiraci\u00f3n y esperanza\",\"isPartOf\":{\"@id\":\"https:\/\/www.pressenza.com\/es\/#website\"},\"primaryImageOfPage\":{\"@id\":\"https:\/\/www.pressenza.com\/es\/2020\/12\/canciones-para-las-salas-canciones-de-inspiracion-y-esperanza\/#primaryimage\"},\"image\":{\"@id\":\"https:\/\/www.pressenza.com\/es\/2020\/12\/canciones-para-las-salas-canciones-de-inspiracion-y-esperanza\/#primaryimage\"},\"thumbnailUrl\":\"https:\/\/www.pressenza.com\/wp-content\/uploads\/2020\/12\/Songs-for-the-Sala-Rafael-Edwards.jpg\",\"datePublished\":\"2020-12-29T12:03:20+00:00\",\"description\":\"Escuchar los temas de este \u00e1lbum, realizado en colaboraci\u00f3n con artistas de los cinco continentes, con canciones inspiradas en las ense\u00f1anzas y proyectos\",\"breadcrumb\":{\"@id\":\"https:\/\/www.pressenza.com\/es\/2020\/12\/canciones-para-las-salas-canciones-de-inspiracion-y-esperanza\/#breadcrumb\"},\"inLanguage\":\"es\",\"potentialAction\":[{\"@type\":\"ReadAction\",\"target\":[\"https:\/\/www.pressenza.com\/es\/2020\/12\/canciones-para-las-salas-canciones-de-inspiracion-y-esperanza\/\"]}]},{\"@type\":\"ImageObject\",\"inLanguage\":\"es\",\"@id\":\"https:\/\/www.pressenza.com\/es\/2020\/12\/canciones-para-las-salas-canciones-de-inspiracion-y-esperanza\/#primaryimage\",\"url\":\"https:\/\/www.pressenza.com\/wp-content\/uploads\/2020\/12\/Songs-for-the-Sala-Rafael-Edwards.jpg\",\"contentUrl\":\"https:\/\/www.pressenza.com\/wp-content\/uploads\/2020\/12\/Songs-for-the-Sala-Rafael-Edwards.jpg\",\"width\":950,\"height\":950,\"caption\":\"Songs for the Sala: Songs of Inspiration and Hope\"},{\"@type\":\"BreadcrumbList\",\"@id\":\"https:\/\/www.pressenza.com\/es\/2020\/12\/canciones-para-las-salas-canciones-de-inspiracion-y-esperanza\/#breadcrumb\",\"itemListElement\":[{\"@type\":\"ListItem\",\"position\":1,\"name\":\"Accueil\",\"item\":\"https:\/\/www.pressenza.com\/es\/\"},{\"@type\":\"ListItem\",\"position\":2,\"name\":\"Canciones para las \u201cSalas\u201d: Canciones de inspiraci\u00f3n y esperanza\"}]},{\"@type\":\"WebSite\",\"@id\":\"https:\/\/www.pressenza.com\/es\/#website\",\"url\":\"https:\/\/www.pressenza.com\/es\/\",\"name\":\"Pressenza\",\"description\":\"International Press Agency\",\"publisher\":{\"@id\":\"https:\/\/www.pressenza.com\/es\/#organization\"},\"potentialAction\":[{\"@type\":\"SearchAction\",\"target\":{\"@type\":\"EntryPoint\",\"urlTemplate\":\"https:\/\/www.pressenza.com\/es\/?s={search_term_string}\"},\"query-input\":{\"@type\":\"PropertyValueSpecification\",\"valueRequired\":true,\"valueName\":\"search_term_string\"}}],\"inLanguage\":\"es\"},{\"@type\":\"Organization\",\"@id\":\"https:\/\/www.pressenza.com\/es\/#organization\",\"name\":\"Pressenza\",\"url\":\"https:\/\/www.pressenza.com\/es\/\",\"logo\":{\"@type\":\"ImageObject\",\"inLanguage\":\"es\",\"@id\":\"https:\/\/www.pressenza.com\/es\/#\/schema\/logo\/image\/\",\"url\":\"https:\/\/www.pressenza.com\/wp-content\/uploads\/2022\/10\/pressenza_logo_200x200.jpg\",\"contentUrl\":\"https:\/\/www.pressenza.com\/wp-content\/uploads\/2022\/10\/pressenza_logo_200x200.jpg\",\"width\":200,\"height\":200,\"caption\":\"Pressenza\"},\"image\":{\"@id\":\"https:\/\/www.pressenza.com\/es\/#\/schema\/logo\/image\/\"},\"sameAs\":[\"https:\/\/www.facebook.com\/PressenzaItalia\",\"https:\/\/x.com\/PressenzaIPA\"]},{\"@type\":\"Person\",\"@id\":\"https:\/\/www.pressenza.com\/es\/#\/schema\/person\/dc252e494281a26aa995cb89c2069c2b\",\"name\":\"Karina Lagdameo-Santillan\",\"description\":\"A Filipina from Manila, Philippines. A longtime Humanist. A Creative Director and Advertising Communications professional for many years, she has been active in the Community for Human Development, facilitating workshops for personal and social change to help build a culture of peace, nondiscrimination and nonviolence. She is currently a freelance writer and a volunteer editor-writer for Pressenza in Asia.\",\"url\":\"https:\/\/www.pressenza.com\/es\/author\/karina-lagdameo\/\"}]}<\/script>\n<!-- \/ Yoast SEO plugin. -->","yoast_head_json":{"title":"Canciones para las \u201cSalas\u201d: Canciones de inspiraci\u00f3n y esperanza","description":"Escuchar los temas de este \u00e1lbum, realizado en colaboraci\u00f3n con artistas de los cinco continentes, con canciones inspiradas en las ense\u00f1anzas y proyectos","robots":{"index":"index","follow":"follow","max-snippet":"max-snippet:-1","max-image-preview":"max-image-preview:large","max-video-preview":"max-video-preview:-1"},"canonical":"https:\/\/www.pressenza.com\/es\/2020\/12\/canciones-para-las-salas-canciones-de-inspiracion-y-esperanza\/","og_locale":"es_ES","og_type":"article","og_title":"Canciones para las \u201cSalas\u201d: Canciones de inspiraci\u00f3n y esperanza","og_description":"Escuchar los temas de este \u00e1lbum, realizado en colaboraci\u00f3n con artistas de los cinco continentes, con canciones inspiradas en las ense\u00f1anzas y proyectos","og_url":"https:\/\/www.pressenza.com\/es\/2020\/12\/canciones-para-las-salas-canciones-de-inspiracion-y-esperanza\/","og_site_name":"Pressenza","article_publisher":"https:\/\/www.facebook.com\/PressenzaItalia","article_published_time":"2020-12-29T12:03:20+00:00","og_image":[{"width":950,"height":950,"url":"https:\/\/www.pressenza.com\/wp-content\/uploads\/2020\/12\/Songs-for-the-Sala-Rafael-Edwards.jpg","type":"image\/jpeg"}],"author":"Karina Lagdameo-Santillan","twitter_card":"summary_large_image","twitter_creator":"@PressenzaIPA","twitter_site":"@PressenzaIPA","twitter_misc":{"Escrito por":"Karina Lagdameo-Santillan","Tiempo de lectura":"8 minutos"},"schema":{"@context":"https:\/\/schema.org","@graph":[{"@type":"Article","@id":"https:\/\/www.pressenza.com\/es\/2020\/12\/canciones-para-las-salas-canciones-de-inspiracion-y-esperanza\/#article","isPartOf":{"@id":"https:\/\/www.pressenza.com\/es\/2020\/12\/canciones-para-las-salas-canciones-de-inspiracion-y-esperanza\/"},"author":{"name":"Karina Lagdameo-Santillan","@id":"https:\/\/www.pressenza.com\/es\/#\/schema\/person\/dc252e494281a26aa995cb89c2069c2b"},"headline":"Canciones para las \u201cSalas\u201d: Canciones de inspiraci\u00f3n y esperanza","datePublished":"2020-12-29T12:03:20+00:00","mainEntityOfPage":{"@id":"https:\/\/www.pressenza.com\/es\/2020\/12\/canciones-para-las-salas-canciones-de-inspiracion-y-esperanza\/"},"wordCount":1616,"publisher":{"@id":"https:\/\/www.pressenza.com\/es\/#organization"},"image":{"@id":"https:\/\/www.pressenza.com\/es\/2020\/12\/canciones-para-las-salas-canciones-de-inspiracion-y-esperanza\/#primaryimage"},"thumbnailUrl":"https:\/\/www.pressenza.com\/wp-content\/uploads\/2020\/12\/Songs-for-the-Sala-Rafael-Edwards.jpg","keywords":["no violencia activa","Noviolencia activa","Parque de Estudio y Reflexi\u00f3n de El Valle de Hudson","Silo"],"articleSection":["Contenido Original","Cultura y Medios","Humanismo y Espiritualidad","Internacional"],"inLanguage":"es"},{"@type":"WebPage","@id":"https:\/\/www.pressenza.com\/es\/2020\/12\/canciones-para-las-salas-canciones-de-inspiracion-y-esperanza\/","url":"https:\/\/www.pressenza.com\/es\/2020\/12\/canciones-para-las-salas-canciones-de-inspiracion-y-esperanza\/","name":"Canciones para las \u201cSalas\u201d: Canciones de inspiraci\u00f3n y esperanza","isPartOf":{"@id":"https:\/\/www.pressenza.com\/es\/#website"},"primaryImageOfPage":{"@id":"https:\/\/www.pressenza.com\/es\/2020\/12\/canciones-para-las-salas-canciones-de-inspiracion-y-esperanza\/#primaryimage"},"image":{"@id":"https:\/\/www.pressenza.com\/es\/2020\/12\/canciones-para-las-salas-canciones-de-inspiracion-y-esperanza\/#primaryimage"},"thumbnailUrl":"https:\/\/www.pressenza.com\/wp-content\/uploads\/2020\/12\/Songs-for-the-Sala-Rafael-Edwards.jpg","datePublished":"2020-12-29T12:03:20+00:00","description":"Escuchar los temas de este \u00e1lbum, realizado en colaboraci\u00f3n con artistas de los cinco continentes, con canciones inspiradas en las ense\u00f1anzas y proyectos","breadcrumb":{"@id":"https:\/\/www.pressenza.com\/es\/2020\/12\/canciones-para-las-salas-canciones-de-inspiracion-y-esperanza\/#breadcrumb"},"inLanguage":"es","potentialAction":[{"@type":"ReadAction","target":["https:\/\/www.pressenza.com\/es\/2020\/12\/canciones-para-las-salas-canciones-de-inspiracion-y-esperanza\/"]}]},{"@type":"ImageObject","inLanguage":"es","@id":"https:\/\/www.pressenza.com\/es\/2020\/12\/canciones-para-las-salas-canciones-de-inspiracion-y-esperanza\/#primaryimage","url":"https:\/\/www.pressenza.com\/wp-content\/uploads\/2020\/12\/Songs-for-the-Sala-Rafael-Edwards.jpg","contentUrl":"https:\/\/www.pressenza.com\/wp-content\/uploads\/2020\/12\/Songs-for-the-Sala-Rafael-Edwards.jpg","width":950,"height":950,"caption":"Songs for the Sala: Songs of Inspiration and Hope"},{"@type":"BreadcrumbList","@id":"https:\/\/www.pressenza.com\/es\/2020\/12\/canciones-para-las-salas-canciones-de-inspiracion-y-esperanza\/#breadcrumb","itemListElement":[{"@type":"ListItem","position":1,"name":"Accueil","item":"https:\/\/www.pressenza.com\/es\/"},{"@type":"ListItem","position":2,"name":"Canciones para las \u201cSalas\u201d: Canciones de inspiraci\u00f3n y esperanza"}]},{"@type":"WebSite","@id":"https:\/\/www.pressenza.com\/es\/#website","url":"https:\/\/www.pressenza.com\/es\/","name":"Pressenza","description":"International Press Agency","publisher":{"@id":"https:\/\/www.pressenza.com\/es\/#organization"},"potentialAction":[{"@type":"SearchAction","target":{"@type":"EntryPoint","urlTemplate":"https:\/\/www.pressenza.com\/es\/?s={search_term_string}"},"query-input":{"@type":"PropertyValueSpecification","valueRequired":true,"valueName":"search_term_string"}}],"inLanguage":"es"},{"@type":"Organization","@id":"https:\/\/www.pressenza.com\/es\/#organization","name":"Pressenza","url":"https:\/\/www.pressenza.com\/es\/","logo":{"@type":"ImageObject","inLanguage":"es","@id":"https:\/\/www.pressenza.com\/es\/#\/schema\/logo\/image\/","url":"https:\/\/www.pressenza.com\/wp-content\/uploads\/2022\/10\/pressenza_logo_200x200.jpg","contentUrl":"https:\/\/www.pressenza.com\/wp-content\/uploads\/2022\/10\/pressenza_logo_200x200.jpg","width":200,"height":200,"caption":"Pressenza"},"image":{"@id":"https:\/\/www.pressenza.com\/es\/#\/schema\/logo\/image\/"},"sameAs":["https:\/\/www.facebook.com\/PressenzaItalia","https:\/\/x.com\/PressenzaIPA"]},{"@type":"Person","@id":"https:\/\/www.pressenza.com\/es\/#\/schema\/person\/dc252e494281a26aa995cb89c2069c2b","name":"Karina Lagdameo-Santillan","description":"A Filipina from Manila, Philippines. A longtime Humanist. A Creative Director and Advertising Communications professional for many years, she has been active in the Community for Human Development, facilitating workshops for personal and social change to help build a culture of peace, nondiscrimination and nonviolence. She is currently a freelance writer and a volunteer editor-writer for Pressenza in Asia.","url":"https:\/\/www.pressenza.com\/es\/author\/karina-lagdameo\/"}]}},"place":"Manila, Filipinas","original_article_url":"","_links":{"self":[{"href":"https:\/\/www.pressenza.com\/es\/wp-json\/wp\/v2\/posts\/1268001","targetHints":{"allow":["GET"]}}],"collection":[{"href":"https:\/\/www.pressenza.com\/es\/wp-json\/wp\/v2\/posts"}],"about":[{"href":"https:\/\/www.pressenza.com\/es\/wp-json\/wp\/v2\/types\/post"}],"author":[{"embeddable":true,"href":"https:\/\/www.pressenza.com\/es\/wp-json\/wp\/v2\/users\/1464"}],"replies":[{"embeddable":true,"href":"https:\/\/www.pressenza.com\/es\/wp-json\/wp\/v2\/comments?post=1268001"}],"version-history":[{"count":0,"href":"https:\/\/www.pressenza.com\/es\/wp-json\/wp\/v2\/posts\/1268001\/revisions"}],"wp:featuredmedia":[{"embeddable":true,"href":"https:\/\/www.pressenza.com\/es\/wp-json\/wp\/v2\/media\/1261019"}],"wp:attachment":[{"href":"https:\/\/www.pressenza.com\/es\/wp-json\/wp\/v2\/media?parent=1268001"}],"wp:term":[{"taxonomy":"category","embeddable":true,"href":"https:\/\/www.pressenza.com\/es\/wp-json\/wp\/v2\/categories?post=1268001"},{"taxonomy":"post_tag","embeddable":true,"href":"https:\/\/www.pressenza.com\/es\/wp-json\/wp\/v2\/tags?post=1268001"}],"curies":[{"name":"wp","href":"https:\/\/api.w.org\/{rel}","templated":true}]}}