{"id":1265419,"date":"2020-12-20T20:32:29","date_gmt":"2020-12-20T20:32:29","guid":{"rendered":"https:\/\/www.pressenza.com\/?p=1265419"},"modified":"2020-12-23T20:27:36","modified_gmt":"2020-12-23T20:27:36","slug":"feminismos-que-humanizan-06-jacob-sifuentes","status":"publish","type":"post","link":"https:\/\/www.pressenza.com\/es\/2020\/12\/feminismos-que-humanizan-06-jacob-sifuentes\/","title":{"rendered":"Feminismos que humanizan 06- JACOB SIFUENTES"},"content":{"rendered":"<p>Por Karla Mijangos Fuentes<\/p>\n<p>La serie \u201cFeminismos que humanizan\u201d es una secuencia de entrevistas, en las que personas aplicadas a diferentes vertientes de la construcci\u00f3n de una salud integral, cuentan c\u00f3mo el feminismo cambi\u00f3 su mirada, su forma de actuar y de concebir las pr\u00e1cticas en salud. Esta serie pretende traer reflexiones sobre g\u00e9nero, feminismos y salud adem\u00e1s de ser un espacio de reflexi\u00f3n y empoderamiento.<\/p>\n<p>Puedes leer la anterior de la serie <a href=\"https:\/\/www.pressenza.com\/es\/2020\/12\/feminismos-que-humanizan-05-sara-cruz-velasco\/\">aqu\u00ed<\/a><\/p>\n<p>Soci\u00f3logx de 27 a\u00f1os, con matices filos\u00f3ficos, a\u00e9reo (un poco disperso), coqueteando con lo Queer. Jacob ha participado en proyectos colectivos y acad\u00e9micos enfocados en generar espacios libres de lesbo-homo-bi-transfobias y violencia de g\u00e9nero. \u00c9l es integrante de una organizaci\u00f3n estudiantil llamada MIELGBT+, la cual realiza actividades para visibilizar la dimensi\u00f3n LGBTTT+ al interior de la Universidad Aut\u00f3noma del Estado de M\u00e9xico; tambi\u00e9n participa en el Autobservatorio de Masculinidades, un grupo de hombres en el que analizan sus pr\u00e1cticas, actitudes y creencias para revisar los mandatos de g\u00e9nero que se les han impuesto, y que han interiorizado y reproducido.<\/p>\n<p><strong>Rehuno: Hola Jacob, es un placer saludarte y al mismo tiempo preguntarte \u00bfc\u00f3mo te autodefines?<\/strong><\/p>\n<p><strong>Jacob:<\/strong> Primero agradecerte la iniciativa y el espacio, y para responder tu pregunta, me remito a preguntarme sobre mi identidad y mi presentaci\u00f3n en el mundo; entonces, me presentar\u00eda como un interesado en causas justas. Soy soci\u00f3logo, me gusta mucho la danza, de hecho, estudio un poco de danza contempor\u00e1nea, y estoy interesado en temas de diversidad sexual, participaci\u00f3n universitaria, g\u00e9nero, entre otros temas que me interpelan, por as\u00ed llamarlo \u201cYo creo que me definen m\u00e1s las experiencias\u201d<\/p>\n<p><strong>Rehuno: Sobre esto \u00faltimo que mencionas, podr\u00edas ampliarlo m\u00e1s.<\/strong><\/p>\n<p><strong>Jacob:<\/strong> Digamos que a lo largo de mi vida he tenido algunas experiencias que definen mi existencia en este mundo, y me refiero sobre todo a este mundo social. Digamos que, en todos estos a\u00f1os, fui dando cuenta que ante cualquier eventualidad que ten\u00eda que ver con el detrimento de la dignidad humana, con la explotaci\u00f3n de cualquier tipo y\/o discriminaci\u00f3n y con actos de violencia hacia cualquier persona, me surge como un coraje interno, no s\u00e9 c\u00f3mo explicarlo, yo creo que es algo que traigo que, ante cualquier acto de este tipo, pues yo alzo la voz. Yo creo, no me he quedado callado hasta ahora.<\/p>\n<p><strong>Rehuno: \u00bfA qu\u00e9 le denominas causas justas?<\/strong><\/p>\n<p><strong>Jacob:<\/strong> A todas aquellas causas que est\u00e1n orientadas a la dignificaci\u00f3n de la vida humana para beneficio social, mejorar las condiciones de bienestar, mejorar la calidad de vida y que contribuyan a mejorar(nos) como personas; y tambi\u00e9n aquellas que est\u00e1n basadas en mejorar el sufrimiento humano, y no solamente el humano, tambi\u00e9n el de otras especies. Entonces, sin autonombrarme \u201cantropocentrista\u201d, tambi\u00e9n me identifico con estas causas que no ponen en el centro \u00fanicamente a las problem\u00e1ticas humanas, sino que van m\u00e1s all\u00e1.<\/p>\n<p><strong>Rehuno: Consideras que los feminismos contribuyen a la conformaci\u00f3n de estas causas justas.<\/strong><\/p>\n<p><strong>Jacob:<\/strong> Totalmente. En primera cuenta, visibilizan el hecho hist\u00f3rico de que en las mujeres y en los hombres existe una profunda desigualdad dada entre estas dos identidades hist\u00f3ricas, es decir, se visibilizan dimensiones que antes no estaban contempladas en el imaginario social, por ejemplo, las condiciones de violencia y discriminaci\u00f3n que atraviesan las mujeres y grupos de la diversidad sexual y de g\u00e9nero. El t\u00e9rmino feminismos, no estipula dogm\u00e1ticamente que existe solamente un feminismo v\u00e1lido, sino que existen diferentes maneras de visibilizar las diferentes condiciones de las mujeres, por ende, yo creo que al nombrar de alguna manera diferentes problem\u00e1ticas contribuye a generar una imagen, un panorama m\u00e1s plural, m\u00e1s diverso, y sobre todo, para trabajar en ello, en tratar de reducir esta brecha de desigualdad, que son muchas las personas, y que todos finalmente vivimos.<\/p>\n<p><strong>Rehuno: Consideras que los feminismos van en contra de los hombres.<\/strong><\/p>\n<p><strong>Jacob:<\/strong> No, yo al contrario considero que los feminismos refieren a esta idea basada en la justicia social, en no polarizar hombres contra mujeres, sino m\u00e1s bien, visibilizar las condiciones en las cuales tanto hombres como mujeres nos vemos afectados y afectadas; y que participamos de la misma afectaci\u00f3n negativa que tienen nuestras pr\u00e1cticas patriarcales hacia mujeres y hacia nosotros mismos como hombres.<\/p>\n<p>En este tenor, considero que aquella persona que se considere antifeminista, pues es respetable, sin embargo, tambi\u00e9n creo que ir\u00eda en contra de todos los logros que la lucha de las mujeres han tenido para beneficio de la humanidad, que han sido muy representativos, muy profundos, y que tal vez no podr\u00edamos hablar de nuestra realidad actual sin estas luchas previas, como por ejemplo, el voto de las mujeres y la visibilizaci\u00f3n de la diversidad sexual. Me parece que el movimiento feminista ha tenido una repercusi\u00f3n fundamental para la organizaci\u00f3n de las personas no heterosexuales, entonces, yo creo que el agradecimiento est\u00e1 ah\u00ed.<\/p>\n<p><strong>Rehuno: Entonces \u00bfestos otros movimientos estar\u00e1n a favor de la lucha feminista?<\/strong><\/p>\n<p><strong>Jacob:<\/strong> Yo como pertenezco a la poblaci\u00f3n LGBTTT+, y me gusta nombrar esto. Ir en contra de las luchas feministas, es ir en contra de nuestros propios principios como poblaciones LGBTTT+.<\/p>\n<p><strong>Rehuno: Consideras que un hombre puede autodenominarse como feminista.<\/strong><\/p>\n<p><strong>Jacobo:<\/strong> La idea sobre s\u00ed un hombre puede nombrarse feminista, yo con mucho respeto dir\u00eda que me abstengo de la respuesta, yo no podr\u00eda nombrarme feminista, primero por un respeto al movimiento, sin embargo, yo simpatizo con el movimiento, es decir, m\u00e1s que ser feminista o feministo, m\u00e1s bien, con cierto respeto yo observo estas discusiones, porque estoy a favor de muchas luchas y discusiones que nos brinda el movimiento feminista.<\/p>\n<p><strong>Rehuno: Alguna estrategia que propongas para que los hombres pudiesen abrirse m\u00e1s estos espacios de discusi\u00f3n sobre los feminismos.<\/strong><\/p>\n<p><strong>Jacob:<\/strong> En primer lugar, creo debemos renunciar a esta estrategia \u201cmuy de hombres\u201d de \u201cvamos a hacer algo\u201d, porque para eso hist\u00f3ricamente los hombres hemos tenido las condiciones que nos permiten decir \u201cvamos a tomar acci\u00f3n\u201d; m\u00e1s bien, yo creo como dice Rita Segato, \u201chay que claudicar a los mandatos que se nos han impuesto como hombres\u201d. Y digamos que una de esas estrategias ser\u00eda, antes de tomar acci\u00f3n, tomar conciencia, sensibilizarnos, escuchar(nos) como hombres sobre qu\u00e9 problem\u00e1ticas o sentires tenemos, antes que organizarnos como hombres. Una idea fundamental es, crear estos espacios para hablar de nuestras pr\u00e1cticas machistas y violentas, antes de crear espacios masculinos, porque esos existen muchos en el espacio p\u00fablico.<\/p>\n<p><strong>Rehuno: \u00bfA qu\u00e9 espacios de estrategia te refieres?<\/strong><\/p>\n<p><strong>Jacob:<\/strong> Aqu\u00ed en M\u00e9xico hay muchos espacios de sociabilidad masculina (billares, bares, estadios), sin embargo, habr\u00eda que pensar justamente en una estrategia diferente; y yo propondr\u00eda, comenzar con nuestras relaciones m\u00e1s cercanas, nuestros amigos, nuestros familiares, nuestros padres, nuestros t\u00edos, y comenzar a generar esta inquietud, cuestion\u00e1ndonos esta masculinidad, cuestionando nuestras pr\u00e1cticas e interacciones hacia las mujeres.<\/p>\n<p>Entonces creo que antes de tomar una acci\u00f3n de vamos a hacer una marcha, yo creo que lo primero que se deber\u00eda hacer es, recurrir a nuestro espacio m\u00e1s cercano que es nuestra familia. La familia es un espacio pol\u00edtico y desde ah\u00ed se debe comenzar a generar esta discusi\u00f3n y esta sensibilizaci\u00f3n, sobre todo, sensibilizarnos y comenzar a repensar otro tipo de masculinidad.<\/p>\n","protected":false},"excerpt":{"rendered":"<p>Por Karla Mijangos Fuentes La serie \u201cFeminismos que humanizan\u201d es una secuencia de entrevistas, en las que personas aplicadas a diferentes vertientes de la construcci\u00f3n de una salud integral, cuentan c\u00f3mo el feminismo cambi\u00f3 su mirada, su forma de actuar&hellip;<\/p>\n","protected":false},"author":1680,"featured_media":1265420,"comment_status":"closed","ping_status":"closed","sticky":false,"template":"","format":"standard","meta":{"footnotes":""},"categories":[11389,155,54515,68],"tags":[60863,44232,21543,85422],"class_list":["post-1265419","post","type-post","status-publish","format-standard","has-post-thumbnail","hentry","category-contenido-original","category-entrevistas","category-genero-y-feminismos","category-norteamerica","tag-rehuno","tag-feminismos","tag-identidad-de-genero","tag-lgbttt"],"yoast_head":"<!-- This site is optimized with the Yoast SEO plugin v27.1.1 - https:\/\/yoast.com\/product\/yoast-seo-wordpress\/ -->\n<title>Feminismos que humanizan 06- JACOB SIFUENTES<\/title>\n<meta name=\"description\" content=\"Por Karla Mijangos Fuentes La serie \u201cFeminismos que humanizan\u201d es una secuencia de entrevistas, en las que personas aplicadas a diferentes vertientes de\" \/>\n<meta name=\"robots\" content=\"index, follow, max-snippet:-1, max-image-preview:large, max-video-preview:-1\" \/>\n<link rel=\"canonical\" href=\"https:\/\/www.pressenza.com\/es\/2020\/12\/feminismos-que-humanizan-06-jacob-sifuentes\/\" \/>\n<meta property=\"og:locale\" content=\"es_ES\" \/>\n<meta property=\"og:type\" content=\"article\" \/>\n<meta property=\"og:title\" content=\"Feminismos que humanizan 06- JACOB SIFUENTES\" \/>\n<meta property=\"og:description\" content=\"Por Karla Mijangos Fuentes La serie \u201cFeminismos que humanizan\u201d es una secuencia de entrevistas, en las que personas aplicadas a diferentes vertientes de\" \/>\n<meta property=\"og:url\" content=\"https:\/\/www.pressenza.com\/es\/2020\/12\/feminismos-que-humanizan-06-jacob-sifuentes\/\" \/>\n<meta property=\"og:site_name\" content=\"Pressenza\" \/>\n<meta property=\"article:publisher\" content=\"https:\/\/www.facebook.com\/PressenzaItalia\" \/>\n<meta property=\"article:author\" content=\"https:\/\/www.facebook.com\/rehunosalud\/\" \/>\n<meta property=\"article:published_time\" content=\"2020-12-20T20:32:29+00:00\" \/>\n<meta property=\"article:modified_time\" content=\"2020-12-23T20:27:36+00:00\" \/>\n<meta property=\"og:image\" content=\"https:\/\/www.pressenza.com\/wp-content\/uploads\/2020\/12\/portada-FqH_06.jpg\" \/>\n\t<meta property=\"og:image:width\" content=\"750\" \/>\n\t<meta property=\"og:image:height\" content=\"450\" \/>\n\t<meta property=\"og:image:type\" content=\"image\/jpeg\" \/>\n<meta name=\"author\" content=\"REHUNO - Red Humanista de Noticias en Salud\" \/>\n<meta name=\"twitter:card\" content=\"summary_large_image\" \/>\n<meta name=\"twitter:creator\" content=\"@PressenzaIPA\" \/>\n<meta name=\"twitter:site\" content=\"@PressenzaIPA\" \/>\n<meta name=\"twitter:label1\" content=\"Escrito por\" \/>\n\t<meta name=\"twitter:data1\" content=\"REHUNO - Red Humanista de Noticias en Salud\" \/>\n\t<meta name=\"twitter:label2\" content=\"Tiempo de lectura\" \/>\n\t<meta name=\"twitter:data2\" content=\"6 minutos\" \/>\n<script type=\"application\/ld+json\" class=\"yoast-schema-graph\">{\"@context\":\"https:\/\/schema.org\",\"@graph\":[{\"@type\":\"Article\",\"@id\":\"https:\/\/www.pressenza.com\/es\/2020\/12\/feminismos-que-humanizan-06-jacob-sifuentes\/#article\",\"isPartOf\":{\"@id\":\"https:\/\/www.pressenza.com\/es\/2020\/12\/feminismos-que-humanizan-06-jacob-sifuentes\/\"},\"author\":{\"name\":\"REHUNO - Red Humanista de Noticias en Salud\",\"@id\":\"https:\/\/www.pressenza.com\/es\/#\/schema\/person\/5162be2bf75419d7e91acfc2c50c3870\"},\"headline\":\"Feminismos que humanizan 06- JACOB SIFUENTES\",\"datePublished\":\"2020-12-20T20:32:29+00:00\",\"dateModified\":\"2020-12-23T20:27:36+00:00\",\"mainEntityOfPage\":{\"@id\":\"https:\/\/www.pressenza.com\/es\/2020\/12\/feminismos-que-humanizan-06-jacob-sifuentes\/\"},\"wordCount\":1281,\"publisher\":{\"@id\":\"https:\/\/www.pressenza.com\/es\/#organization\"},\"image\":{\"@id\":\"https:\/\/www.pressenza.com\/es\/2020\/12\/feminismos-que-humanizan-06-jacob-sifuentes\/#primaryimage\"},\"thumbnailUrl\":\"https:\/\/www.pressenza.com\/wp-content\/uploads\/2020\/12\/portada-FqH_06.jpg\",\"keywords\":[\"#REHUNO\",\"feminismos\",\"identidad de g\u00e9nero\",\"LGBTTT+\"],\"articleSection\":[\"Contenido Original\",\"Entrevistas\",\"G\u00e9nero y Feminismos\",\"Norteam\u00e9rica\"],\"inLanguage\":\"es\"},{\"@type\":\"WebPage\",\"@id\":\"https:\/\/www.pressenza.com\/es\/2020\/12\/feminismos-que-humanizan-06-jacob-sifuentes\/\",\"url\":\"https:\/\/www.pressenza.com\/es\/2020\/12\/feminismos-que-humanizan-06-jacob-sifuentes\/\",\"name\":\"Feminismos que humanizan 06- JACOB SIFUENTES\",\"isPartOf\":{\"@id\":\"https:\/\/www.pressenza.com\/es\/#website\"},\"primaryImageOfPage\":{\"@id\":\"https:\/\/www.pressenza.com\/es\/2020\/12\/feminismos-que-humanizan-06-jacob-sifuentes\/#primaryimage\"},\"image\":{\"@id\":\"https:\/\/www.pressenza.com\/es\/2020\/12\/feminismos-que-humanizan-06-jacob-sifuentes\/#primaryimage\"},\"thumbnailUrl\":\"https:\/\/www.pressenza.com\/wp-content\/uploads\/2020\/12\/portada-FqH_06.jpg\",\"datePublished\":\"2020-12-20T20:32:29+00:00\",\"dateModified\":\"2020-12-23T20:27:36+00:00\",\"description\":\"Por Karla Mijangos Fuentes La serie \u201cFeminismos que humanizan\u201d es una secuencia de entrevistas, en las que personas aplicadas a diferentes vertientes de\",\"breadcrumb\":{\"@id\":\"https:\/\/www.pressenza.com\/es\/2020\/12\/feminismos-que-humanizan-06-jacob-sifuentes\/#breadcrumb\"},\"inLanguage\":\"es\",\"potentialAction\":[{\"@type\":\"ReadAction\",\"target\":[\"https:\/\/www.pressenza.com\/es\/2020\/12\/feminismos-que-humanizan-06-jacob-sifuentes\/\"]}]},{\"@type\":\"ImageObject\",\"inLanguage\":\"es\",\"@id\":\"https:\/\/www.pressenza.com\/es\/2020\/12\/feminismos-que-humanizan-06-jacob-sifuentes\/#primaryimage\",\"url\":\"https:\/\/www.pressenza.com\/wp-content\/uploads\/2020\/12\/portada-FqH_06.jpg\",\"contentUrl\":\"https:\/\/www.pressenza.com\/wp-content\/uploads\/2020\/12\/portada-FqH_06.jpg\",\"width\":750,\"height\":450,\"caption\":\"REHUNO\"},{\"@type\":\"BreadcrumbList\",\"@id\":\"https:\/\/www.pressenza.com\/es\/2020\/12\/feminismos-que-humanizan-06-jacob-sifuentes\/#breadcrumb\",\"itemListElement\":[{\"@type\":\"ListItem\",\"position\":1,\"name\":\"Accueil\",\"item\":\"https:\/\/www.pressenza.com\/es\/\"},{\"@type\":\"ListItem\",\"position\":2,\"name\":\"Feminismos que humanizan 06- JACOB SIFUENTES\"}]},{\"@type\":\"WebSite\",\"@id\":\"https:\/\/www.pressenza.com\/es\/#website\",\"url\":\"https:\/\/www.pressenza.com\/es\/\",\"name\":\"Pressenza\",\"description\":\"International Press Agency\",\"publisher\":{\"@id\":\"https:\/\/www.pressenza.com\/es\/#organization\"},\"potentialAction\":[{\"@type\":\"SearchAction\",\"target\":{\"@type\":\"EntryPoint\",\"urlTemplate\":\"https:\/\/www.pressenza.com\/es\/?s={search_term_string}\"},\"query-input\":{\"@type\":\"PropertyValueSpecification\",\"valueRequired\":true,\"valueName\":\"search_term_string\"}}],\"inLanguage\":\"es\"},{\"@type\":\"Organization\",\"@id\":\"https:\/\/www.pressenza.com\/es\/#organization\",\"name\":\"Pressenza\",\"url\":\"https:\/\/www.pressenza.com\/es\/\",\"logo\":{\"@type\":\"ImageObject\",\"inLanguage\":\"es\",\"@id\":\"https:\/\/www.pressenza.com\/es\/#\/schema\/logo\/image\/\",\"url\":\"https:\/\/www.pressenza.com\/wp-content\/uploads\/2022\/10\/pressenza_logo_200x200.jpg\",\"contentUrl\":\"https:\/\/www.pressenza.com\/wp-content\/uploads\/2022\/10\/pressenza_logo_200x200.jpg\",\"width\":200,\"height\":200,\"caption\":\"Pressenza\"},\"image\":{\"@id\":\"https:\/\/www.pressenza.com\/es\/#\/schema\/logo\/image\/\"},\"sameAs\":[\"https:\/\/www.facebook.com\/PressenzaItalia\",\"https:\/\/x.com\/PressenzaIPA\"]},{\"@type\":\"Person\",\"@id\":\"https:\/\/www.pressenza.com\/es\/#\/schema\/person\/5162be2bf75419d7e91acfc2c50c3870\",\"name\":\"REHUNO - Red Humanista de Noticias en Salud\",\"description\":\"REHUNO is a group of volunteers from different countries, health professionals and\/or users of health services, who want to give voice to a \\\"humanizing view\\\" of health systems from a broad and comprehensive perspective. REHUNO wants to put into words and images the positive news that needs to be highlighted and the negative news that needs to be denounced and happening on a daily basis.http:\/\/rehunosalud.org\/\",\"sameAs\":[\"http:\/\/rehunosalud.org\/\",\"https:\/\/www.facebook.com\/rehunosalud\/\"],\"url\":\"https:\/\/www.pressenza.com\/es\/author\/rehuno\/\"}]}<\/script>\n<!-- \/ Yoast SEO plugin. -->","yoast_head_json":{"title":"Feminismos que humanizan 06- JACOB SIFUENTES","description":"Por Karla Mijangos Fuentes La serie \u201cFeminismos que humanizan\u201d es una secuencia de entrevistas, en las que personas aplicadas a diferentes vertientes de","robots":{"index":"index","follow":"follow","max-snippet":"max-snippet:-1","max-image-preview":"max-image-preview:large","max-video-preview":"max-video-preview:-1"},"canonical":"https:\/\/www.pressenza.com\/es\/2020\/12\/feminismos-que-humanizan-06-jacob-sifuentes\/","og_locale":"es_ES","og_type":"article","og_title":"Feminismos que humanizan 06- JACOB SIFUENTES","og_description":"Por Karla Mijangos Fuentes La serie \u201cFeminismos que humanizan\u201d es una secuencia de entrevistas, en las que personas aplicadas a diferentes vertientes de","og_url":"https:\/\/www.pressenza.com\/es\/2020\/12\/feminismos-que-humanizan-06-jacob-sifuentes\/","og_site_name":"Pressenza","article_publisher":"https:\/\/www.facebook.com\/PressenzaItalia","article_author":"https:\/\/www.facebook.com\/rehunosalud\/","article_published_time":"2020-12-20T20:32:29+00:00","article_modified_time":"2020-12-23T20:27:36+00:00","og_image":[{"width":750,"height":450,"url":"https:\/\/www.pressenza.com\/wp-content\/uploads\/2020\/12\/portada-FqH_06.jpg","type":"image\/jpeg"}],"author":"REHUNO - Red Humanista de Noticias en Salud","twitter_card":"summary_large_image","twitter_creator":"@PressenzaIPA","twitter_site":"@PressenzaIPA","twitter_misc":{"Escrito por":"REHUNO - Red Humanista de Noticias en Salud","Tiempo de lectura":"6 minutos"},"schema":{"@context":"https:\/\/schema.org","@graph":[{"@type":"Article","@id":"https:\/\/www.pressenza.com\/es\/2020\/12\/feminismos-que-humanizan-06-jacob-sifuentes\/#article","isPartOf":{"@id":"https:\/\/www.pressenza.com\/es\/2020\/12\/feminismos-que-humanizan-06-jacob-sifuentes\/"},"author":{"name":"REHUNO - Red Humanista de Noticias en Salud","@id":"https:\/\/www.pressenza.com\/es\/#\/schema\/person\/5162be2bf75419d7e91acfc2c50c3870"},"headline":"Feminismos que humanizan 06- JACOB SIFUENTES","datePublished":"2020-12-20T20:32:29+00:00","dateModified":"2020-12-23T20:27:36+00:00","mainEntityOfPage":{"@id":"https:\/\/www.pressenza.com\/es\/2020\/12\/feminismos-que-humanizan-06-jacob-sifuentes\/"},"wordCount":1281,"publisher":{"@id":"https:\/\/www.pressenza.com\/es\/#organization"},"image":{"@id":"https:\/\/www.pressenza.com\/es\/2020\/12\/feminismos-que-humanizan-06-jacob-sifuentes\/#primaryimage"},"thumbnailUrl":"https:\/\/www.pressenza.com\/wp-content\/uploads\/2020\/12\/portada-FqH_06.jpg","keywords":["#REHUNO","feminismos","identidad de g\u00e9nero","LGBTTT+"],"articleSection":["Contenido Original","Entrevistas","G\u00e9nero y Feminismos","Norteam\u00e9rica"],"inLanguage":"es"},{"@type":"WebPage","@id":"https:\/\/www.pressenza.com\/es\/2020\/12\/feminismos-que-humanizan-06-jacob-sifuentes\/","url":"https:\/\/www.pressenza.com\/es\/2020\/12\/feminismos-que-humanizan-06-jacob-sifuentes\/","name":"Feminismos que humanizan 06- JACOB SIFUENTES","isPartOf":{"@id":"https:\/\/www.pressenza.com\/es\/#website"},"primaryImageOfPage":{"@id":"https:\/\/www.pressenza.com\/es\/2020\/12\/feminismos-que-humanizan-06-jacob-sifuentes\/#primaryimage"},"image":{"@id":"https:\/\/www.pressenza.com\/es\/2020\/12\/feminismos-que-humanizan-06-jacob-sifuentes\/#primaryimage"},"thumbnailUrl":"https:\/\/www.pressenza.com\/wp-content\/uploads\/2020\/12\/portada-FqH_06.jpg","datePublished":"2020-12-20T20:32:29+00:00","dateModified":"2020-12-23T20:27:36+00:00","description":"Por Karla Mijangos Fuentes La serie \u201cFeminismos que humanizan\u201d es una secuencia de entrevistas, en las que personas aplicadas a diferentes vertientes de","breadcrumb":{"@id":"https:\/\/www.pressenza.com\/es\/2020\/12\/feminismos-que-humanizan-06-jacob-sifuentes\/#breadcrumb"},"inLanguage":"es","potentialAction":[{"@type":"ReadAction","target":["https:\/\/www.pressenza.com\/es\/2020\/12\/feminismos-que-humanizan-06-jacob-sifuentes\/"]}]},{"@type":"ImageObject","inLanguage":"es","@id":"https:\/\/www.pressenza.com\/es\/2020\/12\/feminismos-que-humanizan-06-jacob-sifuentes\/#primaryimage","url":"https:\/\/www.pressenza.com\/wp-content\/uploads\/2020\/12\/portada-FqH_06.jpg","contentUrl":"https:\/\/www.pressenza.com\/wp-content\/uploads\/2020\/12\/portada-FqH_06.jpg","width":750,"height":450,"caption":"REHUNO"},{"@type":"BreadcrumbList","@id":"https:\/\/www.pressenza.com\/es\/2020\/12\/feminismos-que-humanizan-06-jacob-sifuentes\/#breadcrumb","itemListElement":[{"@type":"ListItem","position":1,"name":"Accueil","item":"https:\/\/www.pressenza.com\/es\/"},{"@type":"ListItem","position":2,"name":"Feminismos que humanizan 06- JACOB SIFUENTES"}]},{"@type":"WebSite","@id":"https:\/\/www.pressenza.com\/es\/#website","url":"https:\/\/www.pressenza.com\/es\/","name":"Pressenza","description":"International Press Agency","publisher":{"@id":"https:\/\/www.pressenza.com\/es\/#organization"},"potentialAction":[{"@type":"SearchAction","target":{"@type":"EntryPoint","urlTemplate":"https:\/\/www.pressenza.com\/es\/?s={search_term_string}"},"query-input":{"@type":"PropertyValueSpecification","valueRequired":true,"valueName":"search_term_string"}}],"inLanguage":"es"},{"@type":"Organization","@id":"https:\/\/www.pressenza.com\/es\/#organization","name":"Pressenza","url":"https:\/\/www.pressenza.com\/es\/","logo":{"@type":"ImageObject","inLanguage":"es","@id":"https:\/\/www.pressenza.com\/es\/#\/schema\/logo\/image\/","url":"https:\/\/www.pressenza.com\/wp-content\/uploads\/2022\/10\/pressenza_logo_200x200.jpg","contentUrl":"https:\/\/www.pressenza.com\/wp-content\/uploads\/2022\/10\/pressenza_logo_200x200.jpg","width":200,"height":200,"caption":"Pressenza"},"image":{"@id":"https:\/\/www.pressenza.com\/es\/#\/schema\/logo\/image\/"},"sameAs":["https:\/\/www.facebook.com\/PressenzaItalia","https:\/\/x.com\/PressenzaIPA"]},{"@type":"Person","@id":"https:\/\/www.pressenza.com\/es\/#\/schema\/person\/5162be2bf75419d7e91acfc2c50c3870","name":"REHUNO - Red Humanista de Noticias en Salud","description":"REHUNO is a group of volunteers from different countries, health professionals and\/or users of health services, who want to give voice to a \"humanizing view\" of health systems from a broad and comprehensive perspective. REHUNO wants to put into words and images the positive news that needs to be highlighted and the negative news that needs to be denounced and happening on a daily basis.http:\/\/rehunosalud.org\/","sameAs":["http:\/\/rehunosalud.org\/","https:\/\/www.facebook.com\/rehunosalud\/"],"url":"https:\/\/www.pressenza.com\/es\/author\/rehuno\/"}]}},"place":"Ciudad de M\u00e9xico- M\u00e9xico","original_article_url":"","_links":{"self":[{"href":"https:\/\/www.pressenza.com\/es\/wp-json\/wp\/v2\/posts\/1265419","targetHints":{"allow":["GET"]}}],"collection":[{"href":"https:\/\/www.pressenza.com\/es\/wp-json\/wp\/v2\/posts"}],"about":[{"href":"https:\/\/www.pressenza.com\/es\/wp-json\/wp\/v2\/types\/post"}],"author":[{"embeddable":true,"href":"https:\/\/www.pressenza.com\/es\/wp-json\/wp\/v2\/users\/1680"}],"replies":[{"embeddable":true,"href":"https:\/\/www.pressenza.com\/es\/wp-json\/wp\/v2\/comments?post=1265419"}],"version-history":[{"count":0,"href":"https:\/\/www.pressenza.com\/es\/wp-json\/wp\/v2\/posts\/1265419\/revisions"}],"wp:featuredmedia":[{"embeddable":true,"href":"https:\/\/www.pressenza.com\/es\/wp-json\/wp\/v2\/media\/1265420"}],"wp:attachment":[{"href":"https:\/\/www.pressenza.com\/es\/wp-json\/wp\/v2\/media?parent=1265419"}],"wp:term":[{"taxonomy":"category","embeddable":true,"href":"https:\/\/www.pressenza.com\/es\/wp-json\/wp\/v2\/categories?post=1265419"},{"taxonomy":"post_tag","embeddable":true,"href":"https:\/\/www.pressenza.com\/es\/wp-json\/wp\/v2\/tags?post=1265419"}],"curies":[{"name":"wp","href":"https:\/\/api.w.org\/{rel}","templated":true}]}}