{"id":1264327,"date":"2020-12-19T02:55:56","date_gmt":"2020-12-19T02:55:56","guid":{"rendered":"https:\/\/www.pressenza.com\/?p=1264327"},"modified":"2020-12-19T02:55:56","modified_gmt":"2020-12-19T02:55:56","slug":"cuatro-elementos-17-12-2020-expolio-del-sahara-occidental-y-masacres-en-colombia","status":"publish","type":"post","link":"https:\/\/www.pressenza.com\/es\/2020\/12\/cuatro-elementos-17-12-2020-expolio-del-sahara-occidental-y-masacres-en-colombia\/","title":{"rendered":"Cuatro Elementos 17\/12\/2020 Expolio del S\u00e1hara Occidental y masacres en Colombia"},"content":{"rendered":"<p>El programa Cuatro Elementos dedic\u00f3 esta semana a darle continuidad a la situaci\u00f3n del pueblo Sarahui, esta vez desde la perspectiva de Mundubat, organizaci\u00f3n de Euskadi que ha publicado el documental \u00abOcupaci\u00f3n S.A.\u00bb en el que, entre otras cosas, evidencia los intereses del Estado espa\u00f1ol en este conflicto. Antonio Montoro, es nuestro invitado. Y como quienes nos siguen lo saben, Colombia nos llama, esta vez desde la voz de Somos Defensores, a trav\u00e9s de su coordinadora Lourdes Castro, quien de una forma precisa, denuncia la situaci\u00f3n, analiza lo que est\u00e1 sucediendo y nos habla de la Campa\u00f1a #EsConmigo.<\/p>\n<!--[if lt IE 9]><script>document.createElement('audio');<\/script><![endif]-->\n<audio class=\"wp-audio-shortcode\" id=\"audio-1264327-1\" preload=\"none\" style=\"width: 100%;\" controls=\"controls\"><source type=\"audio\/mpeg\" src=\"https:\/\/ar.ivoox.com\/es\/cuatro-elementos-17-12-2020-expolio-del-sahara-occidental-y_md_62653877_wp_1.mp3?_=1\" \/><a href=\"https:\/\/ar.ivoox.com\/es\/cuatro-elementos-17-12-2020-expolio-del-sahara-occidental-y_md_62653877_wp_1.mp3\">https:\/\/ar.ivoox.com\/es\/cuatro-elementos-17-12-2020-expolio-del-sahara-occidental-y_md_62653877_wp_1.mp3<\/a><\/audio>\n<p><a title=\"Cuatro Elementos 17\/12\/2020 Expolio del S\u00e1hara Occidental y masacres en Colombia \" href=\"https:\/\/go.ivoox.com\/rf\/62653877\">Ir a descargar<\/a><\/p>\n<p>As\u00ed, por las ondas de Pichincha Universal, Pressenza acerca a sus oyentes y lectores a estos dos conflictos y ofrece, adem\u00e1s, un recorrido por noticias del mundo.<\/p>\n<p>El programa se emite todos los jueves a las 6 pm de Ecuador por Pichincha Universal y tambi\u00e9n es repetido en Panam\u00e1 por Radio Temblor, en las Islas Canarias por Radio Guiniguada, por la CORAPE y la red ALER en todo el continente latinoamericano.<\/p>\n","protected":false},"excerpt":{"rendered":"<p>El programa Cuatro Elementos dedic\u00f3 esta semana a darle continuidad a la situaci\u00f3n del pueblo Sarahui, esta vez desde la perspectiva de Mundubat, organizaci\u00f3n de Euskadi que ha publicado el documental \u00abOcupaci\u00f3n S.A.\u00bb en el que, entre otras cosas, evidencia&hellip;<\/p>\n","protected":false},"author":1011,"featured_media":1264328,"comment_status":"closed","ping_status":"closed","sticky":false,"template":"","format":"standard","meta":{"footnotes":""},"categories":[76,11389,75,79,39,80,22754],"tags":[70731,42907,30,69785,1065,17845,9024,28091,16372,40752,63933,54738,18695,81091,1105],"class_list":["post-1264327","post","type-post","status-publish","format-standard","has-post-thumbnail","hentry","category-relaciones-exteriores","category-contenido-original","category-cultura-es","category-derechos-humanos","category-internacional","category-pueblos-originarios","category-radio-es","tag-4-elementos","tag-asesinato-de-lideres-sociales","tag-colombia","tag-cuatro-elementos","tag-espana","tag-expolio","tag-marruecos","tag-masacres","tag-pichincha-universal","tag-pressenza-internacional","tag-pueblo-saharaui","tag-radio-es","tag-sahara-occidental","tag-somos-defensores","tag-territorios-ocupados"],"yoast_head":"<!-- This site is optimized with the Yoast SEO plugin v27.1.1 - https:\/\/yoast.com\/product\/yoast-seo-wordpress\/ -->\n<title>Cuatro Elementos 17\/12\/2020 Expolio del S\u00e1hara Occidental y masacres en Colombia<\/title>\n<meta name=\"description\" content=\"El programa Cuatro Elementos dedic\u00f3 esta semana a darle continuidad a la situaci\u00f3n del pueblo Sarahui, esta vez desde la perspectiva de Mundubat,\" \/>\n<meta name=\"robots\" content=\"index, follow, max-snippet:-1, max-image-preview:large, max-video-preview:-1\" \/>\n<link rel=\"canonical\" href=\"https:\/\/www.pressenza.com\/es\/2020\/12\/cuatro-elementos-17-12-2020-expolio-del-sahara-occidental-y-masacres-en-colombia\/\" \/>\n<meta property=\"og:locale\" content=\"es_ES\" \/>\n<meta property=\"og:type\" content=\"article\" \/>\n<meta property=\"og:title\" content=\"Cuatro Elementos 17\/12\/2020 Expolio del S\u00e1hara Occidental y masacres en Colombia\" \/>\n<meta property=\"og:description\" content=\"El programa Cuatro Elementos dedic\u00f3 esta semana a darle continuidad a la situaci\u00f3n del pueblo Sarahui, esta vez desde la perspectiva de Mundubat,\" \/>\n<meta property=\"og:url\" content=\"https:\/\/www.pressenza.com\/es\/2020\/12\/cuatro-elementos-17-12-2020-expolio-del-sahara-occidental-y-masacres-en-colombia\/\" \/>\n<meta property=\"og:site_name\" content=\"Pressenza\" \/>\n<meta property=\"article:publisher\" content=\"https:\/\/www.facebook.com\/PressenzaItalia\" \/>\n<meta property=\"article:published_time\" content=\"2020-12-19T02:55:56+00:00\" \/>\n<meta property=\"og:image\" content=\"https:\/\/www.pressenza.com\/wp-content\/uploads\/2020\/12\/Cuatro-Elementos-entrevistas-60.jpg\" \/>\n\t<meta property=\"og:image:width\" content=\"1920\" \/>\n\t<meta property=\"og:image:height\" content=\"1483\" \/>\n\t<meta property=\"og:image:type\" content=\"image\/jpeg\" \/>\n<meta name=\"author\" content=\"Redacci\u00f3n Ecuador\" \/>\n<meta name=\"twitter:card\" content=\"summary_large_image\" \/>\n<meta name=\"twitter:creator\" content=\"@PressenzaIPA\" \/>\n<meta name=\"twitter:site\" content=\"@PressenzaIPA\" \/>\n<meta name=\"twitter:label1\" content=\"Escrito por\" \/>\n\t<meta name=\"twitter:data1\" content=\"Redacci\u00f3n Ecuador\" \/>\n\t<meta name=\"twitter:label2\" content=\"Tiempo de lectura\" \/>\n\t<meta name=\"twitter:data2\" content=\"1 minuto\" \/>\n<script type=\"application\/ld+json\" class=\"yoast-schema-graph\">{\"@context\":\"https:\/\/schema.org\",\"@graph\":[{\"@type\":\"Article\",\"@id\":\"https:\/\/www.pressenza.com\/es\/2020\/12\/cuatro-elementos-17-12-2020-expolio-del-sahara-occidental-y-masacres-en-colombia\/#article\",\"isPartOf\":{\"@id\":\"https:\/\/www.pressenza.com\/es\/2020\/12\/cuatro-elementos-17-12-2020-expolio-del-sahara-occidental-y-masacres-en-colombia\/\"},\"author\":{\"name\":\"Redacci\u00f3n Ecuador\",\"@id\":\"https:\/\/www.pressenza.com\/es\/#\/schema\/person\/883a735c40665759bcc6fe0c26bcb46f\"},\"headline\":\"Cuatro Elementos 17\/12\/2020 Expolio del S\u00e1hara Occidental y masacres en Colombia\",\"datePublished\":\"2020-12-19T02:55:56+00:00\",\"mainEntityOfPage\":{\"@id\":\"https:\/\/www.pressenza.com\/es\/2020\/12\/cuatro-elementos-17-12-2020-expolio-del-sahara-occidental-y-masacres-en-colombia\/\"},\"wordCount\":206,\"publisher\":{\"@id\":\"https:\/\/www.pressenza.com\/es\/#organization\"},\"image\":{\"@id\":\"https:\/\/www.pressenza.com\/es\/2020\/12\/cuatro-elementos-17-12-2020-expolio-del-sahara-occidental-y-masacres-en-colombia\/#primaryimage\"},\"thumbnailUrl\":\"https:\/\/www.pressenza.com\/wp-content\/uploads\/2020\/12\/Cuatro-Elementos-entrevistas-60.jpg\",\"keywords\":[\"4 Elementos\",\"asesinato de l\u00edderes sociales\",\"Colombia\",\"Cuatro Elementos\",\"Espa\u00f1a\",\"expolio\",\"Marruecos\",\"masacres\",\"Pichincha Universal\",\"Pressenza Internacional\",\"Pueblo saharaui\",\"radio\",\"Sahara Occidental\",\"Somos Defensores\",\"territorios ocupados\"],\"articleSection\":[\"Asuntos internacionales\",\"Contenido Original\",\"Cultura y Medios\",\"Derechos Humanos\",\"Internacional\",\"Pueblos Originarios\",\"Radio\"],\"inLanguage\":\"es\"},{\"@type\":\"WebPage\",\"@id\":\"https:\/\/www.pressenza.com\/es\/2020\/12\/cuatro-elementos-17-12-2020-expolio-del-sahara-occidental-y-masacres-en-colombia\/\",\"url\":\"https:\/\/www.pressenza.com\/es\/2020\/12\/cuatro-elementos-17-12-2020-expolio-del-sahara-occidental-y-masacres-en-colombia\/\",\"name\":\"Cuatro Elementos 17\/12\/2020 Expolio del S\u00e1hara Occidental y masacres en Colombia\",\"isPartOf\":{\"@id\":\"https:\/\/www.pressenza.com\/es\/#website\"},\"primaryImageOfPage\":{\"@id\":\"https:\/\/www.pressenza.com\/es\/2020\/12\/cuatro-elementos-17-12-2020-expolio-del-sahara-occidental-y-masacres-en-colombia\/#primaryimage\"},\"image\":{\"@id\":\"https:\/\/www.pressenza.com\/es\/2020\/12\/cuatro-elementos-17-12-2020-expolio-del-sahara-occidental-y-masacres-en-colombia\/#primaryimage\"},\"thumbnailUrl\":\"https:\/\/www.pressenza.com\/wp-content\/uploads\/2020\/12\/Cuatro-Elementos-entrevistas-60.jpg\",\"datePublished\":\"2020-12-19T02:55:56+00:00\",\"description\":\"El programa Cuatro Elementos dedic\u00f3 esta semana a darle continuidad a la situaci\u00f3n del pueblo Sarahui, esta vez desde la perspectiva de Mundubat,\",\"breadcrumb\":{\"@id\":\"https:\/\/www.pressenza.com\/es\/2020\/12\/cuatro-elementos-17-12-2020-expolio-del-sahara-occidental-y-masacres-en-colombia\/#breadcrumb\"},\"inLanguage\":\"es\",\"potentialAction\":[{\"@type\":\"ReadAction\",\"target\":[\"https:\/\/www.pressenza.com\/es\/2020\/12\/cuatro-elementos-17-12-2020-expolio-del-sahara-occidental-y-masacres-en-colombia\/\"]}]},{\"@type\":\"ImageObject\",\"inLanguage\":\"es\",\"@id\":\"https:\/\/www.pressenza.com\/es\/2020\/12\/cuatro-elementos-17-12-2020-expolio-del-sahara-occidental-y-masacres-en-colombia\/#primaryimage\",\"url\":\"https:\/\/www.pressenza.com\/wp-content\/uploads\/2020\/12\/Cuatro-Elementos-entrevistas-60.jpg\",\"contentUrl\":\"https:\/\/www.pressenza.com\/wp-content\/uploads\/2020\/12\/Cuatro-Elementos-entrevistas-60.jpg\",\"width\":1920,\"height\":1483},{\"@type\":\"BreadcrumbList\",\"@id\":\"https:\/\/www.pressenza.com\/es\/2020\/12\/cuatro-elementos-17-12-2020-expolio-del-sahara-occidental-y-masacres-en-colombia\/#breadcrumb\",\"itemListElement\":[{\"@type\":\"ListItem\",\"position\":1,\"name\":\"Accueil\",\"item\":\"https:\/\/www.pressenza.com\/es\/\"},{\"@type\":\"ListItem\",\"position\":2,\"name\":\"Cuatro Elementos 17\/12\/2020 Expolio del S\u00e1hara Occidental y masacres en Colombia\"}]},{\"@type\":\"WebSite\",\"@id\":\"https:\/\/www.pressenza.com\/es\/#website\",\"url\":\"https:\/\/www.pressenza.com\/es\/\",\"name\":\"Pressenza\",\"description\":\"International Press Agency\",\"publisher\":{\"@id\":\"https:\/\/www.pressenza.com\/es\/#organization\"},\"potentialAction\":[{\"@type\":\"SearchAction\",\"target\":{\"@type\":\"EntryPoint\",\"urlTemplate\":\"https:\/\/www.pressenza.com\/es\/?s={search_term_string}\"},\"query-input\":{\"@type\":\"PropertyValueSpecification\",\"valueRequired\":true,\"valueName\":\"search_term_string\"}}],\"inLanguage\":\"es\"},{\"@type\":\"Organization\",\"@id\":\"https:\/\/www.pressenza.com\/es\/#organization\",\"name\":\"Pressenza\",\"url\":\"https:\/\/www.pressenza.com\/es\/\",\"logo\":{\"@type\":\"ImageObject\",\"inLanguage\":\"es\",\"@id\":\"https:\/\/www.pressenza.com\/es\/#\/schema\/logo\/image\/\",\"url\":\"https:\/\/www.pressenza.com\/wp-content\/uploads\/2022\/10\/pressenza_logo_200x200.jpg\",\"contentUrl\":\"https:\/\/www.pressenza.com\/wp-content\/uploads\/2022\/10\/pressenza_logo_200x200.jpg\",\"width\":200,\"height\":200,\"caption\":\"Pressenza\"},\"image\":{\"@id\":\"https:\/\/www.pressenza.com\/es\/#\/schema\/logo\/image\/\"},\"sameAs\":[\"https:\/\/www.facebook.com\/PressenzaItalia\",\"https:\/\/x.com\/PressenzaIPA\"]},{\"@type\":\"Person\",\"@id\":\"https:\/\/www.pressenza.com\/es\/#\/schema\/person\/883a735c40665759bcc6fe0c26bcb46f\",\"name\":\"Redacci\u00f3n Ecuador\",\"description\":\"News published by the Pressenza bureau in Quito, Ecuador\",\"url\":\"https:\/\/www.pressenza.com\/es\/author\/redaccion-ecuador\/\"}]}<\/script>\n<!-- \/ Yoast SEO plugin. -->","yoast_head_json":{"title":"Cuatro Elementos 17\/12\/2020 Expolio del S\u00e1hara Occidental y masacres en Colombia","description":"El programa Cuatro Elementos dedic\u00f3 esta semana a darle continuidad a la situaci\u00f3n del pueblo Sarahui, esta vez desde la perspectiva de Mundubat,","robots":{"index":"index","follow":"follow","max-snippet":"max-snippet:-1","max-image-preview":"max-image-preview:large","max-video-preview":"max-video-preview:-1"},"canonical":"https:\/\/www.pressenza.com\/es\/2020\/12\/cuatro-elementos-17-12-2020-expolio-del-sahara-occidental-y-masacres-en-colombia\/","og_locale":"es_ES","og_type":"article","og_title":"Cuatro Elementos 17\/12\/2020 Expolio del S\u00e1hara Occidental y masacres en Colombia","og_description":"El programa Cuatro Elementos dedic\u00f3 esta semana a darle continuidad a la situaci\u00f3n del pueblo Sarahui, esta vez desde la perspectiva de Mundubat,","og_url":"https:\/\/www.pressenza.com\/es\/2020\/12\/cuatro-elementos-17-12-2020-expolio-del-sahara-occidental-y-masacres-en-colombia\/","og_site_name":"Pressenza","article_publisher":"https:\/\/www.facebook.com\/PressenzaItalia","article_published_time":"2020-12-19T02:55:56+00:00","og_image":[{"width":1920,"height":1483,"url":"https:\/\/www.pressenza.com\/wp-content\/uploads\/2020\/12\/Cuatro-Elementos-entrevistas-60.jpg","type":"image\/jpeg"}],"author":"Redacci\u00f3n Ecuador","twitter_card":"summary_large_image","twitter_creator":"@PressenzaIPA","twitter_site":"@PressenzaIPA","twitter_misc":{"Escrito por":"Redacci\u00f3n Ecuador","Tiempo de lectura":"1 minuto"},"schema":{"@context":"https:\/\/schema.org","@graph":[{"@type":"Article","@id":"https:\/\/www.pressenza.com\/es\/2020\/12\/cuatro-elementos-17-12-2020-expolio-del-sahara-occidental-y-masacres-en-colombia\/#article","isPartOf":{"@id":"https:\/\/www.pressenza.com\/es\/2020\/12\/cuatro-elementos-17-12-2020-expolio-del-sahara-occidental-y-masacres-en-colombia\/"},"author":{"name":"Redacci\u00f3n Ecuador","@id":"https:\/\/www.pressenza.com\/es\/#\/schema\/person\/883a735c40665759bcc6fe0c26bcb46f"},"headline":"Cuatro Elementos 17\/12\/2020 Expolio del S\u00e1hara Occidental y masacres en Colombia","datePublished":"2020-12-19T02:55:56+00:00","mainEntityOfPage":{"@id":"https:\/\/www.pressenza.com\/es\/2020\/12\/cuatro-elementos-17-12-2020-expolio-del-sahara-occidental-y-masacres-en-colombia\/"},"wordCount":206,"publisher":{"@id":"https:\/\/www.pressenza.com\/es\/#organization"},"image":{"@id":"https:\/\/www.pressenza.com\/es\/2020\/12\/cuatro-elementos-17-12-2020-expolio-del-sahara-occidental-y-masacres-en-colombia\/#primaryimage"},"thumbnailUrl":"https:\/\/www.pressenza.com\/wp-content\/uploads\/2020\/12\/Cuatro-Elementos-entrevistas-60.jpg","keywords":["4 Elementos","asesinato de l\u00edderes sociales","Colombia","Cuatro Elementos","Espa\u00f1a","expolio","Marruecos","masacres","Pichincha Universal","Pressenza Internacional","Pueblo saharaui","radio","Sahara Occidental","Somos Defensores","territorios ocupados"],"articleSection":["Asuntos internacionales","Contenido Original","Cultura y Medios","Derechos Humanos","Internacional","Pueblos Originarios","Radio"],"inLanguage":"es"},{"@type":"WebPage","@id":"https:\/\/www.pressenza.com\/es\/2020\/12\/cuatro-elementos-17-12-2020-expolio-del-sahara-occidental-y-masacres-en-colombia\/","url":"https:\/\/www.pressenza.com\/es\/2020\/12\/cuatro-elementos-17-12-2020-expolio-del-sahara-occidental-y-masacres-en-colombia\/","name":"Cuatro Elementos 17\/12\/2020 Expolio del S\u00e1hara Occidental y masacres en Colombia","isPartOf":{"@id":"https:\/\/www.pressenza.com\/es\/#website"},"primaryImageOfPage":{"@id":"https:\/\/www.pressenza.com\/es\/2020\/12\/cuatro-elementos-17-12-2020-expolio-del-sahara-occidental-y-masacres-en-colombia\/#primaryimage"},"image":{"@id":"https:\/\/www.pressenza.com\/es\/2020\/12\/cuatro-elementos-17-12-2020-expolio-del-sahara-occidental-y-masacres-en-colombia\/#primaryimage"},"thumbnailUrl":"https:\/\/www.pressenza.com\/wp-content\/uploads\/2020\/12\/Cuatro-Elementos-entrevistas-60.jpg","datePublished":"2020-12-19T02:55:56+00:00","description":"El programa Cuatro Elementos dedic\u00f3 esta semana a darle continuidad a la situaci\u00f3n del pueblo Sarahui, esta vez desde la perspectiva de Mundubat,","breadcrumb":{"@id":"https:\/\/www.pressenza.com\/es\/2020\/12\/cuatro-elementos-17-12-2020-expolio-del-sahara-occidental-y-masacres-en-colombia\/#breadcrumb"},"inLanguage":"es","potentialAction":[{"@type":"ReadAction","target":["https:\/\/www.pressenza.com\/es\/2020\/12\/cuatro-elementos-17-12-2020-expolio-del-sahara-occidental-y-masacres-en-colombia\/"]}]},{"@type":"ImageObject","inLanguage":"es","@id":"https:\/\/www.pressenza.com\/es\/2020\/12\/cuatro-elementos-17-12-2020-expolio-del-sahara-occidental-y-masacres-en-colombia\/#primaryimage","url":"https:\/\/www.pressenza.com\/wp-content\/uploads\/2020\/12\/Cuatro-Elementos-entrevistas-60.jpg","contentUrl":"https:\/\/www.pressenza.com\/wp-content\/uploads\/2020\/12\/Cuatro-Elementos-entrevistas-60.jpg","width":1920,"height":1483},{"@type":"BreadcrumbList","@id":"https:\/\/www.pressenza.com\/es\/2020\/12\/cuatro-elementos-17-12-2020-expolio-del-sahara-occidental-y-masacres-en-colombia\/#breadcrumb","itemListElement":[{"@type":"ListItem","position":1,"name":"Accueil","item":"https:\/\/www.pressenza.com\/es\/"},{"@type":"ListItem","position":2,"name":"Cuatro Elementos 17\/12\/2020 Expolio del S\u00e1hara Occidental y masacres en Colombia"}]},{"@type":"WebSite","@id":"https:\/\/www.pressenza.com\/es\/#website","url":"https:\/\/www.pressenza.com\/es\/","name":"Pressenza","description":"International Press Agency","publisher":{"@id":"https:\/\/www.pressenza.com\/es\/#organization"},"potentialAction":[{"@type":"SearchAction","target":{"@type":"EntryPoint","urlTemplate":"https:\/\/www.pressenza.com\/es\/?s={search_term_string}"},"query-input":{"@type":"PropertyValueSpecification","valueRequired":true,"valueName":"search_term_string"}}],"inLanguage":"es"},{"@type":"Organization","@id":"https:\/\/www.pressenza.com\/es\/#organization","name":"Pressenza","url":"https:\/\/www.pressenza.com\/es\/","logo":{"@type":"ImageObject","inLanguage":"es","@id":"https:\/\/www.pressenza.com\/es\/#\/schema\/logo\/image\/","url":"https:\/\/www.pressenza.com\/wp-content\/uploads\/2022\/10\/pressenza_logo_200x200.jpg","contentUrl":"https:\/\/www.pressenza.com\/wp-content\/uploads\/2022\/10\/pressenza_logo_200x200.jpg","width":200,"height":200,"caption":"Pressenza"},"image":{"@id":"https:\/\/www.pressenza.com\/es\/#\/schema\/logo\/image\/"},"sameAs":["https:\/\/www.facebook.com\/PressenzaItalia","https:\/\/x.com\/PressenzaIPA"]},{"@type":"Person","@id":"https:\/\/www.pressenza.com\/es\/#\/schema\/person\/883a735c40665759bcc6fe0c26bcb46f","name":"Redacci\u00f3n Ecuador","description":"News published by the Pressenza bureau in Quito, Ecuador","url":"https:\/\/www.pressenza.com\/es\/author\/redaccion-ecuador\/"}]}},"place":"Quito - Buenos Aires - Santiago de Chile - Espa\u00f1a - Bogot\u00e1","original_article_url":"","_links":{"self":[{"href":"https:\/\/www.pressenza.com\/es\/wp-json\/wp\/v2\/posts\/1264327","targetHints":{"allow":["GET"]}}],"collection":[{"href":"https:\/\/www.pressenza.com\/es\/wp-json\/wp\/v2\/posts"}],"about":[{"href":"https:\/\/www.pressenza.com\/es\/wp-json\/wp\/v2\/types\/post"}],"author":[{"embeddable":true,"href":"https:\/\/www.pressenza.com\/es\/wp-json\/wp\/v2\/users\/1011"}],"replies":[{"embeddable":true,"href":"https:\/\/www.pressenza.com\/es\/wp-json\/wp\/v2\/comments?post=1264327"}],"version-history":[{"count":0,"href":"https:\/\/www.pressenza.com\/es\/wp-json\/wp\/v2\/posts\/1264327\/revisions"}],"wp:featuredmedia":[{"embeddable":true,"href":"https:\/\/www.pressenza.com\/es\/wp-json\/wp\/v2\/media\/1264328"}],"wp:attachment":[{"href":"https:\/\/www.pressenza.com\/es\/wp-json\/wp\/v2\/media?parent=1264327"}],"wp:term":[{"taxonomy":"category","embeddable":true,"href":"https:\/\/www.pressenza.com\/es\/wp-json\/wp\/v2\/categories?post=1264327"},{"taxonomy":"post_tag","embeddable":true,"href":"https:\/\/www.pressenza.com\/es\/wp-json\/wp\/v2\/tags?post=1264327"}],"curies":[{"name":"wp","href":"https:\/\/api.w.org\/{rel}","templated":true}]}}