{"id":1263563,"date":"2020-12-18T03:32:18","date_gmt":"2020-12-18T03:32:18","guid":{"rendered":"https:\/\/www.pressenza.com\/?p=1263563"},"modified":"2020-12-18T03:32:18","modified_gmt":"2020-12-18T03:32:18","slug":"la-jep-valor-dolor-y-verdad","status":"publish","type":"post","link":"https:\/\/www.pressenza.com\/es\/2020\/12\/la-jep-valor-dolor-y-verdad\/","title":{"rendered":"La JEP: valor, dolor y verdad"},"content":{"rendered":"<p><span style=\"color: #999999;\"><em>15 de diciembre. El Espectador<\/em><\/span><\/p>\n<p>&nbsp;<\/p>\n<p>La justicia \u2014para que sea cierta y se le mire con respeto\u2014 debe ser valiente, aut\u00f3noma y equilibrada; quienes la ejercen tienen que resistir los embates de ese hurac\u00e1n llamado corrupci\u00f3n y estar listos para conocer, analizar y concluir con una independencia a prueba del \u00f3xido que generan el poder y las trampas.<\/p>\n<p>Todo eso, y m\u00e1s, lo cumpli\u00f3 la doctora Patricia Linares en la presidencia de la JEP, una instancia pionera en el mundo, respaldada desde su inicio por las Naciones Unidas, la Comunidad Europea, la Corte Penal Internacional y el Sistema Interamericano de Derechos Humanos.<\/p>\n<p>La doctora Linares fue el motor fundamental para la puesta en marcha del sistema de justicia transicional en Colombia; ella y sus magistrados han sido c\u00e1tedra de fortaleza y su trabajo nos ha permitido conocer la verdad y aproximarnos a las respuestas necesarias para construir la reconciliaci\u00f3n entre los colombianos.<\/p>\n<p>Pero la verdad asusta a quienes esconden la mano despu\u00e9s de ordenar o apretar el gatillo, aterra a los fan\u00e1ticos del rencor y a los apasionados por la violencia. Tenemos un Gobierno y una parte de la sociedad adictos a caminar en contrav\u00eda de la l\u00f3gica de la paz; de ah\u00ed los infundados y tir\u00e1nicos ataques contra la magistrada Patricia y la JEP.<\/p>\n<p>Patricia Linares ha demostrado que nada es imposible cuando se tiene valent\u00eda y convicci\u00f3n, y con medio pa\u00eds en contra ech\u00f3 a andar la columna vertebral del Acuerdo de Paz: un sistema nuevo, distinto a todo, modelo para el mundo en administraci\u00f3n de justicia transicional y restaurativa. Durante estos tres a\u00f1os ella, los 38 magistrados, sus equipos y el grupo de an\u00e1lisis de la informaci\u00f3n le han endosado su vida, tranquilidad y sabidur\u00eda a la b\u00fasqueda de la verdad, a la dignificaci\u00f3n y reparaci\u00f3n de las v\u00edctimas, todo, por la construcci\u00f3n de la paz.<\/p>\n<p>M\u00e1s de 12.000 exguerrilleros de las Farc se han sometido a la JEP y se han acreditado 308.000 v\u00edctimas. Se est\u00e1n investigando cerca de 8.000 casos de reclutamiento infantil y de vinculaci\u00f3n de ni\u00f1os y ni\u00f1as a los oficios de este conflicto armado y degradado que nos fractur\u00f3 la esperanza por m\u00e1s de 50 a\u00f1os. 108 audiencias y 736 comparecientes han repasado y descrito hechos desgarradores que nunca debieron suceder y que, si pretendemos ser un pa\u00eds con \u00e9tica y empat\u00eda, deber\u00edan avergonzarnos y comprometernos total y colectivamente a la no repetici\u00f3n.<\/p>\n<p>En la JEP la verdad, el dolor y la memoria han tenido la palabra. Han hablado las v\u00edctimas \u2014epicentro del Acuerdo de Paz\u2014 y han declarado exguerrilleros y excomandantes de las Farc, agentes del Estado y de la Fuerza P\u00fablica. En la JEP ha hablado la verdad. Nos corresponde no tener los o\u00eddos anclados a la negaci\u00f3n, al odio o a la conveniencia de turno.<\/p>\n<p>No pueden decir que la JEP avanza lentamente, cuando la tuvieron nueve meses maniatada por embelecos perversos de este Gobierno, y a pesar de tantos sabotajes y difamaciones, ha adoptado 33.400 decisiones judiciales.<\/p>\n<p>Patricia Linares deja un legado que tenemos la obligaci\u00f3n moral de honrar y agradecer. El 10 de diciembre, D\u00eda Internacional de los Derechos Humanos, la bancada de la paz condecor\u00f3 en el Congreso a la expresidenta de la JEP. Probablemente quienes reprocharon este reconocimiento sufren de neuronas borrosas, conciencia at\u00e1vica o de un macabro escepticismo. Por favor comprendan: despu\u00e9s de ocho millones de v\u00edctimas y medio siglo de guerra, aprendimos a cargar los bol\u00edgrafos de la paz con tinta indeleble.<\/p>\n","protected":false},"excerpt":{"rendered":"<p>15 de diciembre. El Espectador &nbsp; La justicia \u2014para que sea cierta y se le mire con respeto\u2014 debe ser valiente, aut\u00f3noma y equilibrada; quienes la ejercen tienen que resistir los embates de ese hurac\u00e1n llamado corrupci\u00f3n y estar listos&hellip;<\/p>\n","protected":false},"author":1897,"featured_media":1263564,"comment_status":"closed","ping_status":"closed","sticky":false,"template":"","format":"standard","meta":{"footnotes":""},"categories":[161,1243,67],"tags":[78568,30949,30,58301,83706,419],"class_list":["post-1263563","post","type-post","status-publish","format-standard","has-post-thumbnail","hentry","category-opiniones","category-paz-desarme","category-sudamerica","tag-lahuelladeloslideres","tag-acuerdos-de-paz","tag-colombia","tag-jep","tag-patricia-linares","tag-paz"],"yoast_head":"<!-- This site is optimized with the Yoast SEO plugin v27.1.1 - https:\/\/yoast.com\/product\/yoast-seo-wordpress\/ -->\n<title>La JEP: valor, dolor y verdad<\/title>\n<meta name=\"description\" content=\"15 de diciembre. El Espectador &nbsp; La justicia \u2014para que sea cierta y se le mire con respeto\u2014 debe ser valiente, aut\u00f3noma y equilibrada; quienes la\" \/>\n<meta name=\"robots\" content=\"index, follow, max-snippet:-1, max-image-preview:large, max-video-preview:-1\" \/>\n<link rel=\"canonical\" href=\"https:\/\/www.pressenza.com\/es\/2020\/12\/la-jep-valor-dolor-y-verdad\/\" \/>\n<meta property=\"og:locale\" content=\"es_ES\" \/>\n<meta property=\"og:type\" content=\"article\" \/>\n<meta property=\"og:title\" content=\"La JEP: valor, dolor y verdad\" \/>\n<meta property=\"og:description\" content=\"15 de diciembre. El Espectador &nbsp; La justicia \u2014para que sea cierta y se le mire con respeto\u2014 debe ser valiente, aut\u00f3noma y equilibrada; quienes la\" \/>\n<meta property=\"og:url\" content=\"https:\/\/www.pressenza.com\/es\/2020\/12\/la-jep-valor-dolor-y-verdad\/\" \/>\n<meta property=\"og:site_name\" content=\"Pressenza\" \/>\n<meta property=\"article:publisher\" content=\"https:\/\/www.facebook.com\/PressenzaItalia\" \/>\n<meta property=\"article:published_time\" content=\"2020-12-18T03:32:18+00:00\" \/>\n<meta property=\"og:image\" content=\"https:\/\/www.pressenza.com\/wp-content\/uploads\/2020\/12\/Patricia-Linares-Captura-de-video.jpg\" \/>\n\t<meta property=\"og:image:width\" content=\"800\" \/>\n\t<meta property=\"og:image:height\" content=\"452\" \/>\n\t<meta property=\"og:image:type\" content=\"image\/jpeg\" \/>\n<meta name=\"author\" content=\"Gloria Arias Nieto\" \/>\n<meta name=\"twitter:card\" content=\"summary_large_image\" \/>\n<meta name=\"twitter:creator\" content=\"@gloriariasnieto\" \/>\n<meta name=\"twitter:site\" content=\"@PressenzaIPA\" \/>\n<meta name=\"twitter:label1\" content=\"Escrito por\" \/>\n\t<meta name=\"twitter:data1\" content=\"Gloria Arias Nieto\" \/>\n\t<meta name=\"twitter:label2\" content=\"Tiempo de lectura\" \/>\n\t<meta name=\"twitter:data2\" content=\"3 minutos\" \/>\n<script type=\"application\/ld+json\" class=\"yoast-schema-graph\">{\"@context\":\"https:\/\/schema.org\",\"@graph\":[{\"@type\":\"Article\",\"@id\":\"https:\/\/www.pressenza.com\/es\/2020\/12\/la-jep-valor-dolor-y-verdad\/#article\",\"isPartOf\":{\"@id\":\"https:\/\/www.pressenza.com\/es\/2020\/12\/la-jep-valor-dolor-y-verdad\/\"},\"author\":{\"name\":\"Gloria Arias Nieto\",\"@id\":\"https:\/\/www.pressenza.com\/es\/#\/schema\/person\/476779c5c0c262f919761226ef961a29\"},\"headline\":\"La JEP: valor, dolor y verdad\",\"datePublished\":\"2020-12-18T03:32:18+00:00\",\"mainEntityOfPage\":{\"@id\":\"https:\/\/www.pressenza.com\/es\/2020\/12\/la-jep-valor-dolor-y-verdad\/\"},\"wordCount\":622,\"publisher\":{\"@id\":\"https:\/\/www.pressenza.com\/es\/#organization\"},\"image\":{\"@id\":\"https:\/\/www.pressenza.com\/es\/2020\/12\/la-jep-valor-dolor-y-verdad\/#primaryimage\"},\"thumbnailUrl\":\"https:\/\/www.pressenza.com\/wp-content\/uploads\/2020\/12\/Patricia-Linares-Captura-de-video.jpg\",\"keywords\":[\"#LaHuellaDeLosLideres\",\"Acuerdos de Paz\",\"Colombia\",\"JEP\",\"Patricia Linares\",\"Paz\"],\"articleSection\":[\"Opiniones\",\"Paz y Desarme\",\"Sudam\u00e9rica\"],\"inLanguage\":\"es\"},{\"@type\":\"WebPage\",\"@id\":\"https:\/\/www.pressenza.com\/es\/2020\/12\/la-jep-valor-dolor-y-verdad\/\",\"url\":\"https:\/\/www.pressenza.com\/es\/2020\/12\/la-jep-valor-dolor-y-verdad\/\",\"name\":\"La JEP: valor, dolor y verdad\",\"isPartOf\":{\"@id\":\"https:\/\/www.pressenza.com\/es\/#website\"},\"primaryImageOfPage\":{\"@id\":\"https:\/\/www.pressenza.com\/es\/2020\/12\/la-jep-valor-dolor-y-verdad\/#primaryimage\"},\"image\":{\"@id\":\"https:\/\/www.pressenza.com\/es\/2020\/12\/la-jep-valor-dolor-y-verdad\/#primaryimage\"},\"thumbnailUrl\":\"https:\/\/www.pressenza.com\/wp-content\/uploads\/2020\/12\/Patricia-Linares-Captura-de-video.jpg\",\"datePublished\":\"2020-12-18T03:32:18+00:00\",\"description\":\"15 de diciembre. El Espectador &nbsp; La justicia \u2014para que sea cierta y se le mire con respeto\u2014 debe ser valiente, aut\u00f3noma y equilibrada; quienes la\",\"breadcrumb\":{\"@id\":\"https:\/\/www.pressenza.com\/es\/2020\/12\/la-jep-valor-dolor-y-verdad\/#breadcrumb\"},\"inLanguage\":\"es\",\"potentialAction\":[{\"@type\":\"ReadAction\",\"target\":[\"https:\/\/www.pressenza.com\/es\/2020\/12\/la-jep-valor-dolor-y-verdad\/\"]}]},{\"@type\":\"ImageObject\",\"inLanguage\":\"es\",\"@id\":\"https:\/\/www.pressenza.com\/es\/2020\/12\/la-jep-valor-dolor-y-verdad\/#primaryimage\",\"url\":\"https:\/\/www.pressenza.com\/wp-content\/uploads\/2020\/12\/Patricia-Linares-Captura-de-video.jpg\",\"contentUrl\":\"https:\/\/www.pressenza.com\/wp-content\/uploads\/2020\/12\/Patricia-Linares-Captura-de-video.jpg\",\"width\":800,\"height\":452},{\"@type\":\"BreadcrumbList\",\"@id\":\"https:\/\/www.pressenza.com\/es\/2020\/12\/la-jep-valor-dolor-y-verdad\/#breadcrumb\",\"itemListElement\":[{\"@type\":\"ListItem\",\"position\":1,\"name\":\"Accueil\",\"item\":\"https:\/\/www.pressenza.com\/es\/\"},{\"@type\":\"ListItem\",\"position\":2,\"name\":\"La JEP: valor, dolor y verdad\"}]},{\"@type\":\"WebSite\",\"@id\":\"https:\/\/www.pressenza.com\/es\/#website\",\"url\":\"https:\/\/www.pressenza.com\/es\/\",\"name\":\"Pressenza\",\"description\":\"International Press Agency\",\"publisher\":{\"@id\":\"https:\/\/www.pressenza.com\/es\/#organization\"},\"potentialAction\":[{\"@type\":\"SearchAction\",\"target\":{\"@type\":\"EntryPoint\",\"urlTemplate\":\"https:\/\/www.pressenza.com\/es\/?s={search_term_string}\"},\"query-input\":{\"@type\":\"PropertyValueSpecification\",\"valueRequired\":true,\"valueName\":\"search_term_string\"}}],\"inLanguage\":\"es\"},{\"@type\":\"Organization\",\"@id\":\"https:\/\/www.pressenza.com\/es\/#organization\",\"name\":\"Pressenza\",\"url\":\"https:\/\/www.pressenza.com\/es\/\",\"logo\":{\"@type\":\"ImageObject\",\"inLanguage\":\"es\",\"@id\":\"https:\/\/www.pressenza.com\/es\/#\/schema\/logo\/image\/\",\"url\":\"https:\/\/www.pressenza.com\/wp-content\/uploads\/2022\/10\/pressenza_logo_200x200.jpg\",\"contentUrl\":\"https:\/\/www.pressenza.com\/wp-content\/uploads\/2022\/10\/pressenza_logo_200x200.jpg\",\"width\":200,\"height\":200,\"caption\":\"Pressenza\"},\"image\":{\"@id\":\"https:\/\/www.pressenza.com\/es\/#\/schema\/logo\/image\/\"},\"sameAs\":[\"https:\/\/www.facebook.com\/PressenzaItalia\",\"https:\/\/x.com\/PressenzaIPA\"]},{\"@type\":\"Person\",\"@id\":\"https:\/\/www.pressenza.com\/es\/#\/schema\/person\/476779c5c0c262f919761226ef961a29\",\"name\":\"Gloria Arias Nieto\",\"description\":\"M\u00e9dica y periodista, columnista de El Espectador. Promotora de procesos de paz y reconciliaci\u00f3n. Miembro del movimiento Defendamos la Paz (DLP) @gloriariasnieto\",\"sameAs\":[\"https:\/\/x.com\/gloriariasnieto\"],\"url\":\"https:\/\/www.pressenza.com\/es\/author\/gloria-arias-nieto\/\"}]}<\/script>\n<!-- \/ Yoast SEO plugin. -->","yoast_head_json":{"title":"La JEP: valor, dolor y verdad","description":"15 de diciembre. El Espectador &nbsp; La justicia \u2014para que sea cierta y se le mire con respeto\u2014 debe ser valiente, aut\u00f3noma y equilibrada; quienes la","robots":{"index":"index","follow":"follow","max-snippet":"max-snippet:-1","max-image-preview":"max-image-preview:large","max-video-preview":"max-video-preview:-1"},"canonical":"https:\/\/www.pressenza.com\/es\/2020\/12\/la-jep-valor-dolor-y-verdad\/","og_locale":"es_ES","og_type":"article","og_title":"La JEP: valor, dolor y verdad","og_description":"15 de diciembre. El Espectador &nbsp; La justicia \u2014para que sea cierta y se le mire con respeto\u2014 debe ser valiente, aut\u00f3noma y equilibrada; quienes la","og_url":"https:\/\/www.pressenza.com\/es\/2020\/12\/la-jep-valor-dolor-y-verdad\/","og_site_name":"Pressenza","article_publisher":"https:\/\/www.facebook.com\/PressenzaItalia","article_published_time":"2020-12-18T03:32:18+00:00","og_image":[{"width":800,"height":452,"url":"https:\/\/www.pressenza.com\/wp-content\/uploads\/2020\/12\/Patricia-Linares-Captura-de-video.jpg","type":"image\/jpeg"}],"author":"Gloria Arias Nieto","twitter_card":"summary_large_image","twitter_creator":"@gloriariasnieto","twitter_site":"@PressenzaIPA","twitter_misc":{"Escrito por":"Gloria Arias Nieto","Tiempo de lectura":"3 minutos"},"schema":{"@context":"https:\/\/schema.org","@graph":[{"@type":"Article","@id":"https:\/\/www.pressenza.com\/es\/2020\/12\/la-jep-valor-dolor-y-verdad\/#article","isPartOf":{"@id":"https:\/\/www.pressenza.com\/es\/2020\/12\/la-jep-valor-dolor-y-verdad\/"},"author":{"name":"Gloria Arias Nieto","@id":"https:\/\/www.pressenza.com\/es\/#\/schema\/person\/476779c5c0c262f919761226ef961a29"},"headline":"La JEP: valor, dolor y verdad","datePublished":"2020-12-18T03:32:18+00:00","mainEntityOfPage":{"@id":"https:\/\/www.pressenza.com\/es\/2020\/12\/la-jep-valor-dolor-y-verdad\/"},"wordCount":622,"publisher":{"@id":"https:\/\/www.pressenza.com\/es\/#organization"},"image":{"@id":"https:\/\/www.pressenza.com\/es\/2020\/12\/la-jep-valor-dolor-y-verdad\/#primaryimage"},"thumbnailUrl":"https:\/\/www.pressenza.com\/wp-content\/uploads\/2020\/12\/Patricia-Linares-Captura-de-video.jpg","keywords":["#LaHuellaDeLosLideres","Acuerdos de Paz","Colombia","JEP","Patricia Linares","Paz"],"articleSection":["Opiniones","Paz y Desarme","Sudam\u00e9rica"],"inLanguage":"es"},{"@type":"WebPage","@id":"https:\/\/www.pressenza.com\/es\/2020\/12\/la-jep-valor-dolor-y-verdad\/","url":"https:\/\/www.pressenza.com\/es\/2020\/12\/la-jep-valor-dolor-y-verdad\/","name":"La JEP: valor, dolor y verdad","isPartOf":{"@id":"https:\/\/www.pressenza.com\/es\/#website"},"primaryImageOfPage":{"@id":"https:\/\/www.pressenza.com\/es\/2020\/12\/la-jep-valor-dolor-y-verdad\/#primaryimage"},"image":{"@id":"https:\/\/www.pressenza.com\/es\/2020\/12\/la-jep-valor-dolor-y-verdad\/#primaryimage"},"thumbnailUrl":"https:\/\/www.pressenza.com\/wp-content\/uploads\/2020\/12\/Patricia-Linares-Captura-de-video.jpg","datePublished":"2020-12-18T03:32:18+00:00","description":"15 de diciembre. El Espectador &nbsp; La justicia \u2014para que sea cierta y se le mire con respeto\u2014 debe ser valiente, aut\u00f3noma y equilibrada; quienes la","breadcrumb":{"@id":"https:\/\/www.pressenza.com\/es\/2020\/12\/la-jep-valor-dolor-y-verdad\/#breadcrumb"},"inLanguage":"es","potentialAction":[{"@type":"ReadAction","target":["https:\/\/www.pressenza.com\/es\/2020\/12\/la-jep-valor-dolor-y-verdad\/"]}]},{"@type":"ImageObject","inLanguage":"es","@id":"https:\/\/www.pressenza.com\/es\/2020\/12\/la-jep-valor-dolor-y-verdad\/#primaryimage","url":"https:\/\/www.pressenza.com\/wp-content\/uploads\/2020\/12\/Patricia-Linares-Captura-de-video.jpg","contentUrl":"https:\/\/www.pressenza.com\/wp-content\/uploads\/2020\/12\/Patricia-Linares-Captura-de-video.jpg","width":800,"height":452},{"@type":"BreadcrumbList","@id":"https:\/\/www.pressenza.com\/es\/2020\/12\/la-jep-valor-dolor-y-verdad\/#breadcrumb","itemListElement":[{"@type":"ListItem","position":1,"name":"Accueil","item":"https:\/\/www.pressenza.com\/es\/"},{"@type":"ListItem","position":2,"name":"La JEP: valor, dolor y verdad"}]},{"@type":"WebSite","@id":"https:\/\/www.pressenza.com\/es\/#website","url":"https:\/\/www.pressenza.com\/es\/","name":"Pressenza","description":"International Press Agency","publisher":{"@id":"https:\/\/www.pressenza.com\/es\/#organization"},"potentialAction":[{"@type":"SearchAction","target":{"@type":"EntryPoint","urlTemplate":"https:\/\/www.pressenza.com\/es\/?s={search_term_string}"},"query-input":{"@type":"PropertyValueSpecification","valueRequired":true,"valueName":"search_term_string"}}],"inLanguage":"es"},{"@type":"Organization","@id":"https:\/\/www.pressenza.com\/es\/#organization","name":"Pressenza","url":"https:\/\/www.pressenza.com\/es\/","logo":{"@type":"ImageObject","inLanguage":"es","@id":"https:\/\/www.pressenza.com\/es\/#\/schema\/logo\/image\/","url":"https:\/\/www.pressenza.com\/wp-content\/uploads\/2022\/10\/pressenza_logo_200x200.jpg","contentUrl":"https:\/\/www.pressenza.com\/wp-content\/uploads\/2022\/10\/pressenza_logo_200x200.jpg","width":200,"height":200,"caption":"Pressenza"},"image":{"@id":"https:\/\/www.pressenza.com\/es\/#\/schema\/logo\/image\/"},"sameAs":["https:\/\/www.facebook.com\/PressenzaItalia","https:\/\/x.com\/PressenzaIPA"]},{"@type":"Person","@id":"https:\/\/www.pressenza.com\/es\/#\/schema\/person\/476779c5c0c262f919761226ef961a29","name":"Gloria Arias Nieto","description":"M\u00e9dica y periodista, columnista de El Espectador. Promotora de procesos de paz y reconciliaci\u00f3n. Miembro del movimiento Defendamos la Paz (DLP) @gloriariasnieto","sameAs":["https:\/\/x.com\/gloriariasnieto"],"url":"https:\/\/www.pressenza.com\/es\/author\/gloria-arias-nieto\/"}]}},"place":"Bogot\u00e1, Colombia","original_article_url":"https:\/\/www.elespectador.com\/opinion\/la-jep-valor-dolor-y-verdad\/","_links":{"self":[{"href":"https:\/\/www.pressenza.com\/es\/wp-json\/wp\/v2\/posts\/1263563","targetHints":{"allow":["GET"]}}],"collection":[{"href":"https:\/\/www.pressenza.com\/es\/wp-json\/wp\/v2\/posts"}],"about":[{"href":"https:\/\/www.pressenza.com\/es\/wp-json\/wp\/v2\/types\/post"}],"author":[{"embeddable":true,"href":"https:\/\/www.pressenza.com\/es\/wp-json\/wp\/v2\/users\/1897"}],"replies":[{"embeddable":true,"href":"https:\/\/www.pressenza.com\/es\/wp-json\/wp\/v2\/comments?post=1263563"}],"version-history":[{"count":0,"href":"https:\/\/www.pressenza.com\/es\/wp-json\/wp\/v2\/posts\/1263563\/revisions"}],"wp:featuredmedia":[{"embeddable":true,"href":"https:\/\/www.pressenza.com\/es\/wp-json\/wp\/v2\/media\/1263564"}],"wp:attachment":[{"href":"https:\/\/www.pressenza.com\/es\/wp-json\/wp\/v2\/media?parent=1263563"}],"wp:term":[{"taxonomy":"category","embeddable":true,"href":"https:\/\/www.pressenza.com\/es\/wp-json\/wp\/v2\/categories?post=1263563"},{"taxonomy":"post_tag","embeddable":true,"href":"https:\/\/www.pressenza.com\/es\/wp-json\/wp\/v2\/tags?post=1263563"}],"curies":[{"name":"wp","href":"https:\/\/api.w.org\/{rel}","templated":true}]}}