{"id":1261527,"date":"2020-12-14T21:42:46","date_gmt":"2020-12-14T21:42:46","guid":{"rendered":"https:\/\/www.pressenza.com\/?p=1261527"},"modified":"2020-12-15T17:33:31","modified_gmt":"2020-12-15T17:33:31","slug":"la-vacuna-la-enfermedad-x-y-la-aceleracion-del-tiempo","status":"publish","type":"post","link":"https:\/\/www.pressenza.com\/es\/2020\/12\/la-vacuna-la-enfermedad-x-y-la-aceleracion-del-tiempo\/","title":{"rendered":"La vacuna, la enfermedad X y la aceleraci\u00f3n del tiempo"},"content":{"rendered":"<p>Al principio de la pandemia del Covid 19 la vacuna parec\u00eda un sue\u00f1o lejano. Desat\u00f3 una carrera de grupos de investigaci\u00f3n cient\u00edfica y laboratorios de todo el mundo. Inicialmente se dijo que un per\u00edodo seguro para la producci\u00f3n de una vacuna se estimaba entre\u00a0 10 y 15 a\u00f1os.<\/p>\n<p>La semana pasada, 11 meses despu\u00e9s de la notificaci\u00f3n inicial del brote de coronavirus en China, seguimos las noticias sobre el comienzo de la vacunaci\u00f3n en el Reino Unido con la vacuna ChAdOx1 nCoV-19, m\u00e1s conocida como la vacuna de Oxford.<\/p>\n<p>Este cambio despierta el temor en la gente sobre la eficacia y la seguridad de esta y otras vacunas. En un mundo donde las noticias falsas, el negacionismo y la confusi\u00f3n de la informaci\u00f3n est\u00e1n creciendo, un m\u00e9dico utiliz\u00f3 las redes sociales para tratar de acercar la ciencia a la gente y explicar de manera sencilla c\u00f3mo era posible obtener una vacuna segura en 11 meses.<\/p>\n<p>El doctor Ricardo Parolin Schnekenberg, un m\u00e9dico brasile\u00f1o estudiante de doctorado en Oxford, explic\u00f3 a trav\u00e9s de su perfil en\u00a0 Twitter que la investigaci\u00f3n comenz\u00f3 mucho antes de la aparici\u00f3n del COVID 19. Dijo en que \u00abhace 10 a\u00f1os, un grupo de Oxford comenz\u00f3 a investigar sobre virus de chimpanc\u00e9s que podr\u00edan ser \u00abhackeados\u00bb para expresar una prote\u00edna de otro agente infeccioso y as\u00ed inducir la inmunidad en los humanos\u201d.<\/p>\n<p>Con este sistema se cre\u00f3 una vacuna gen\u00e9rica, una vacuna para una enfermedad \u00abX\u00bb, que ante una emergencia sanitaria, algo previsto por la Organizaci\u00f3n Mundial de la Salud (OMS) y varios grupos cient\u00edficos, podr\u00eda ser aprobada r\u00e1pidamente.<\/p>\n<p>Lo que hace que el proceso de creaci\u00f3n de una vacuna sea lento son varios pasos burocr\u00e1ticos como: redactar proyectos, buscar financiaci\u00f3n, esperar la aprobaci\u00f3n de las agencias reguladoras, entre muchos otros que acaban tardando esos 10 a\u00f1os de los que hablamos antes.<\/p>\n<p>El resultado es que si ya se han completado varios pasos, un sistema como el del ChAd0x1, permite el intercambio de la prote\u00edna del agente infeccioso y con ello se hace posible el r\u00e1pido desarrollo de vacunas para diferentes enfermedades.<\/p>\n<p>Adem\u00e1s, el doctor Ricardo Parolin\u00a0se\u00f1ala que uno de los pasos m\u00e1s dif\u00edciles suele ser obtener financiaci\u00f3n para el desarrollo de una vacuna y que en el caso de Covid 19, esta dificultad no existe, ya que la situaci\u00f3n de la vacuna actual es de plena disponibilidad de recursos para encontrar una soluci\u00f3n a la pandemia mundial.<\/p>\n<p>Lo que podemos extraer de esta experiencia, en primer lugar, es la importancia de acercar el conocimiento cient\u00edfico de forma clara y simple a las personas. En segundo lugar,\u00a0 como humanidad necesitamos asumir que los recursos financieros existen para resolver cualquier problema de salud, educaci\u00f3n o medio ambiente. Lo que se necesita es poner como valor central a todas las vidas del planeta.<\/p>\n<p>&nbsp;<\/p>\n","protected":false},"excerpt":{"rendered":"<p>Al principio de la pandemia del Covid 19 la vacuna parec\u00eda un sue\u00f1o lejano. Desat\u00f3 una carrera de grupos de investigaci\u00f3n cient\u00edfica y laboratorios de todo el mundo. Inicialmente se dijo que un per\u00edodo seguro para la producci\u00f3n de una&hellip;<\/p>\n","protected":false},"author":1680,"featured_media":1261528,"comment_status":"closed","ping_status":"closed","sticky":false,"template":"","format":"standard","meta":{"footnotes":""},"categories":[11389,161,1239],"tags":[60863,74067],"class_list":["post-1261527","post","type-post","status-publish","format-standard","has-post-thumbnail","hentry","category-contenido-original","category-opiniones","category-salud","tag-rehuno","tag-vacuna"],"yoast_head":"<!-- This site is optimized with the Yoast SEO plugin v27.1.1 - https:\/\/yoast.com\/product\/yoast-seo-wordpress\/ -->\n<title>La vacuna, la enfermedad X y la aceleraci\u00f3n del tiempo<\/title>\n<meta name=\"description\" content=\"Al principio de la pandemia del Covid 19 la vacuna parec\u00eda un sue\u00f1o lejano. Desat\u00f3 una carrera de grupos de investigaci\u00f3n cient\u00edfica y laboratorios de\" \/>\n<meta name=\"robots\" content=\"index, follow, max-snippet:-1, max-image-preview:large, max-video-preview:-1\" \/>\n<link rel=\"canonical\" href=\"https:\/\/www.pressenza.com\/es\/2020\/12\/la-vacuna-la-enfermedad-x-y-la-aceleracion-del-tiempo\/\" \/>\n<meta property=\"og:locale\" content=\"es_ES\" \/>\n<meta property=\"og:type\" content=\"article\" \/>\n<meta property=\"og:title\" content=\"La vacuna, la enfermedad X y la aceleraci\u00f3n del tiempo\" \/>\n<meta property=\"og:description\" content=\"Al principio de la pandemia del Covid 19 la vacuna parec\u00eda un sue\u00f1o lejano. Desat\u00f3 una carrera de grupos de investigaci\u00f3n cient\u00edfica y laboratorios de\" \/>\n<meta property=\"og:url\" content=\"https:\/\/www.pressenza.com\/es\/2020\/12\/la-vacuna-la-enfermedad-x-y-la-aceleracion-del-tiempo\/\" \/>\n<meta property=\"og:site_name\" content=\"Pressenza\" \/>\n<meta property=\"article:publisher\" content=\"https:\/\/www.facebook.com\/PressenzaItalia\" \/>\n<meta property=\"article:author\" content=\"https:\/\/www.facebook.com\/rehunosalud\/\" \/>\n<meta property=\"article:published_time\" content=\"2020-12-14T21:42:46+00:00\" \/>\n<meta property=\"article:modified_time\" content=\"2020-12-15T17:33:31+00:00\" \/>\n<meta property=\"og:image\" content=\"https:\/\/www.pressenza.com\/wp-content\/uploads\/2020\/12\/Arek-Socha_pixabay.jpg\" \/>\n\t<meta property=\"og:image:width\" content=\"1920\" \/>\n\t<meta property=\"og:image:height\" content=\"1013\" \/>\n\t<meta property=\"og:image:type\" content=\"image\/jpeg\" \/>\n<meta name=\"author\" content=\"REHUNO - Red Humanista de Noticias en Salud\" \/>\n<meta name=\"twitter:card\" content=\"summary_large_image\" \/>\n<meta name=\"twitter:creator\" content=\"@PressenzaIPA\" \/>\n<meta name=\"twitter:site\" content=\"@PressenzaIPA\" \/>\n<meta name=\"twitter:label1\" content=\"Escrito por\" \/>\n\t<meta name=\"twitter:data1\" content=\"REHUNO - Red Humanista de Noticias en Salud\" \/>\n\t<meta name=\"twitter:label2\" content=\"Tiempo de lectura\" \/>\n\t<meta name=\"twitter:data2\" content=\"3 minutos\" \/>\n<script type=\"application\/ld+json\" class=\"yoast-schema-graph\">{\"@context\":\"https:\/\/schema.org\",\"@graph\":[{\"@type\":\"Article\",\"@id\":\"https:\/\/www.pressenza.com\/es\/2020\/12\/la-vacuna-la-enfermedad-x-y-la-aceleracion-del-tiempo\/#article\",\"isPartOf\":{\"@id\":\"https:\/\/www.pressenza.com\/es\/2020\/12\/la-vacuna-la-enfermedad-x-y-la-aceleracion-del-tiempo\/\"},\"author\":{\"name\":\"REHUNO - Red Humanista de Noticias en Salud\",\"@id\":\"https:\/\/www.pressenza.com\/es\/#\/schema\/person\/5162be2bf75419d7e91acfc2c50c3870\"},\"headline\":\"La vacuna, la enfermedad X y la aceleraci\u00f3n del tiempo\",\"datePublished\":\"2020-12-14T21:42:46+00:00\",\"dateModified\":\"2020-12-15T17:33:31+00:00\",\"mainEntityOfPage\":{\"@id\":\"https:\/\/www.pressenza.com\/es\/2020\/12\/la-vacuna-la-enfermedad-x-y-la-aceleracion-del-tiempo\/\"},\"wordCount\":515,\"publisher\":{\"@id\":\"https:\/\/www.pressenza.com\/es\/#organization\"},\"image\":{\"@id\":\"https:\/\/www.pressenza.com\/es\/2020\/12\/la-vacuna-la-enfermedad-x-y-la-aceleracion-del-tiempo\/#primaryimage\"},\"thumbnailUrl\":\"https:\/\/www.pressenza.com\/wp-content\/uploads\/2020\/12\/Arek-Socha_pixabay.jpg\",\"keywords\":[\"#REHUNO\",\"vacuna\"],\"articleSection\":[\"Contenido Original\",\"Opiniones\",\"Salud\"],\"inLanguage\":\"es\"},{\"@type\":\"WebPage\",\"@id\":\"https:\/\/www.pressenza.com\/es\/2020\/12\/la-vacuna-la-enfermedad-x-y-la-aceleracion-del-tiempo\/\",\"url\":\"https:\/\/www.pressenza.com\/es\/2020\/12\/la-vacuna-la-enfermedad-x-y-la-aceleracion-del-tiempo\/\",\"name\":\"La vacuna, la enfermedad X y la aceleraci\u00f3n del tiempo\",\"isPartOf\":{\"@id\":\"https:\/\/www.pressenza.com\/es\/#website\"},\"primaryImageOfPage\":{\"@id\":\"https:\/\/www.pressenza.com\/es\/2020\/12\/la-vacuna-la-enfermedad-x-y-la-aceleracion-del-tiempo\/#primaryimage\"},\"image\":{\"@id\":\"https:\/\/www.pressenza.com\/es\/2020\/12\/la-vacuna-la-enfermedad-x-y-la-aceleracion-del-tiempo\/#primaryimage\"},\"thumbnailUrl\":\"https:\/\/www.pressenza.com\/wp-content\/uploads\/2020\/12\/Arek-Socha_pixabay.jpg\",\"datePublished\":\"2020-12-14T21:42:46+00:00\",\"dateModified\":\"2020-12-15T17:33:31+00:00\",\"description\":\"Al principio de la pandemia del Covid 19 la vacuna parec\u00eda un sue\u00f1o lejano. Desat\u00f3 una carrera de grupos de investigaci\u00f3n cient\u00edfica y laboratorios de\",\"breadcrumb\":{\"@id\":\"https:\/\/www.pressenza.com\/es\/2020\/12\/la-vacuna-la-enfermedad-x-y-la-aceleracion-del-tiempo\/#breadcrumb\"},\"inLanguage\":\"es\",\"potentialAction\":[{\"@type\":\"ReadAction\",\"target\":[\"https:\/\/www.pressenza.com\/es\/2020\/12\/la-vacuna-la-enfermedad-x-y-la-aceleracion-del-tiempo\/\"]}]},{\"@type\":\"ImageObject\",\"inLanguage\":\"es\",\"@id\":\"https:\/\/www.pressenza.com\/es\/2020\/12\/la-vacuna-la-enfermedad-x-y-la-aceleracion-del-tiempo\/#primaryimage\",\"url\":\"https:\/\/www.pressenza.com\/wp-content\/uploads\/2020\/12\/Arek-Socha_pixabay.jpg\",\"contentUrl\":\"https:\/\/www.pressenza.com\/wp-content\/uploads\/2020\/12\/Arek-Socha_pixabay.jpg\",\"width\":1920,\"height\":1013,\"caption\":\"Arek Socha - Pixabay\"},{\"@type\":\"BreadcrumbList\",\"@id\":\"https:\/\/www.pressenza.com\/es\/2020\/12\/la-vacuna-la-enfermedad-x-y-la-aceleracion-del-tiempo\/#breadcrumb\",\"itemListElement\":[{\"@type\":\"ListItem\",\"position\":1,\"name\":\"Accueil\",\"item\":\"https:\/\/www.pressenza.com\/es\/\"},{\"@type\":\"ListItem\",\"position\":2,\"name\":\"La vacuna, la enfermedad X y la aceleraci\u00f3n del tiempo\"}]},{\"@type\":\"WebSite\",\"@id\":\"https:\/\/www.pressenza.com\/es\/#website\",\"url\":\"https:\/\/www.pressenza.com\/es\/\",\"name\":\"Pressenza\",\"description\":\"International Press Agency\",\"publisher\":{\"@id\":\"https:\/\/www.pressenza.com\/es\/#organization\"},\"potentialAction\":[{\"@type\":\"SearchAction\",\"target\":{\"@type\":\"EntryPoint\",\"urlTemplate\":\"https:\/\/www.pressenza.com\/es\/?s={search_term_string}\"},\"query-input\":{\"@type\":\"PropertyValueSpecification\",\"valueRequired\":true,\"valueName\":\"search_term_string\"}}],\"inLanguage\":\"es\"},{\"@type\":\"Organization\",\"@id\":\"https:\/\/www.pressenza.com\/es\/#organization\",\"name\":\"Pressenza\",\"url\":\"https:\/\/www.pressenza.com\/es\/\",\"logo\":{\"@type\":\"ImageObject\",\"inLanguage\":\"es\",\"@id\":\"https:\/\/www.pressenza.com\/es\/#\/schema\/logo\/image\/\",\"url\":\"https:\/\/www.pressenza.com\/wp-content\/uploads\/2022\/10\/pressenza_logo_200x200.jpg\",\"contentUrl\":\"https:\/\/www.pressenza.com\/wp-content\/uploads\/2022\/10\/pressenza_logo_200x200.jpg\",\"width\":200,\"height\":200,\"caption\":\"Pressenza\"},\"image\":{\"@id\":\"https:\/\/www.pressenza.com\/es\/#\/schema\/logo\/image\/\"},\"sameAs\":[\"https:\/\/www.facebook.com\/PressenzaItalia\",\"https:\/\/x.com\/PressenzaIPA\"]},{\"@type\":\"Person\",\"@id\":\"https:\/\/www.pressenza.com\/es\/#\/schema\/person\/5162be2bf75419d7e91acfc2c50c3870\",\"name\":\"REHUNO - Red Humanista de Noticias en Salud\",\"description\":\"REHUNO is a group of volunteers from different countries, health professionals and\/or users of health services, who want to give voice to a \\\"humanizing view\\\" of health systems from a broad and comprehensive perspective. REHUNO wants to put into words and images the positive news that needs to be highlighted and the negative news that needs to be denounced and happening on a daily basis.http:\/\/rehunosalud.org\/\",\"sameAs\":[\"http:\/\/rehunosalud.org\/\",\"https:\/\/www.facebook.com\/rehunosalud\/\"],\"url\":\"https:\/\/www.pressenza.com\/es\/author\/rehuno\/\"}]}<\/script>\n<!-- \/ Yoast SEO plugin. -->","yoast_head_json":{"title":"La vacuna, la enfermedad X y la aceleraci\u00f3n del tiempo","description":"Al principio de la pandemia del Covid 19 la vacuna parec\u00eda un sue\u00f1o lejano. Desat\u00f3 una carrera de grupos de investigaci\u00f3n cient\u00edfica y laboratorios de","robots":{"index":"index","follow":"follow","max-snippet":"max-snippet:-1","max-image-preview":"max-image-preview:large","max-video-preview":"max-video-preview:-1"},"canonical":"https:\/\/www.pressenza.com\/es\/2020\/12\/la-vacuna-la-enfermedad-x-y-la-aceleracion-del-tiempo\/","og_locale":"es_ES","og_type":"article","og_title":"La vacuna, la enfermedad X y la aceleraci\u00f3n del tiempo","og_description":"Al principio de la pandemia del Covid 19 la vacuna parec\u00eda un sue\u00f1o lejano. Desat\u00f3 una carrera de grupos de investigaci\u00f3n cient\u00edfica y laboratorios de","og_url":"https:\/\/www.pressenza.com\/es\/2020\/12\/la-vacuna-la-enfermedad-x-y-la-aceleracion-del-tiempo\/","og_site_name":"Pressenza","article_publisher":"https:\/\/www.facebook.com\/PressenzaItalia","article_author":"https:\/\/www.facebook.com\/rehunosalud\/","article_published_time":"2020-12-14T21:42:46+00:00","article_modified_time":"2020-12-15T17:33:31+00:00","og_image":[{"width":1920,"height":1013,"url":"https:\/\/www.pressenza.com\/wp-content\/uploads\/2020\/12\/Arek-Socha_pixabay.jpg","type":"image\/jpeg"}],"author":"REHUNO - Red Humanista de Noticias en Salud","twitter_card":"summary_large_image","twitter_creator":"@PressenzaIPA","twitter_site":"@PressenzaIPA","twitter_misc":{"Escrito por":"REHUNO - Red Humanista de Noticias en Salud","Tiempo de lectura":"3 minutos"},"schema":{"@context":"https:\/\/schema.org","@graph":[{"@type":"Article","@id":"https:\/\/www.pressenza.com\/es\/2020\/12\/la-vacuna-la-enfermedad-x-y-la-aceleracion-del-tiempo\/#article","isPartOf":{"@id":"https:\/\/www.pressenza.com\/es\/2020\/12\/la-vacuna-la-enfermedad-x-y-la-aceleracion-del-tiempo\/"},"author":{"name":"REHUNO - Red Humanista de Noticias en Salud","@id":"https:\/\/www.pressenza.com\/es\/#\/schema\/person\/5162be2bf75419d7e91acfc2c50c3870"},"headline":"La vacuna, la enfermedad X y la aceleraci\u00f3n del tiempo","datePublished":"2020-12-14T21:42:46+00:00","dateModified":"2020-12-15T17:33:31+00:00","mainEntityOfPage":{"@id":"https:\/\/www.pressenza.com\/es\/2020\/12\/la-vacuna-la-enfermedad-x-y-la-aceleracion-del-tiempo\/"},"wordCount":515,"publisher":{"@id":"https:\/\/www.pressenza.com\/es\/#organization"},"image":{"@id":"https:\/\/www.pressenza.com\/es\/2020\/12\/la-vacuna-la-enfermedad-x-y-la-aceleracion-del-tiempo\/#primaryimage"},"thumbnailUrl":"https:\/\/www.pressenza.com\/wp-content\/uploads\/2020\/12\/Arek-Socha_pixabay.jpg","keywords":["#REHUNO","vacuna"],"articleSection":["Contenido Original","Opiniones","Salud"],"inLanguage":"es"},{"@type":"WebPage","@id":"https:\/\/www.pressenza.com\/es\/2020\/12\/la-vacuna-la-enfermedad-x-y-la-aceleracion-del-tiempo\/","url":"https:\/\/www.pressenza.com\/es\/2020\/12\/la-vacuna-la-enfermedad-x-y-la-aceleracion-del-tiempo\/","name":"La vacuna, la enfermedad X y la aceleraci\u00f3n del tiempo","isPartOf":{"@id":"https:\/\/www.pressenza.com\/es\/#website"},"primaryImageOfPage":{"@id":"https:\/\/www.pressenza.com\/es\/2020\/12\/la-vacuna-la-enfermedad-x-y-la-aceleracion-del-tiempo\/#primaryimage"},"image":{"@id":"https:\/\/www.pressenza.com\/es\/2020\/12\/la-vacuna-la-enfermedad-x-y-la-aceleracion-del-tiempo\/#primaryimage"},"thumbnailUrl":"https:\/\/www.pressenza.com\/wp-content\/uploads\/2020\/12\/Arek-Socha_pixabay.jpg","datePublished":"2020-12-14T21:42:46+00:00","dateModified":"2020-12-15T17:33:31+00:00","description":"Al principio de la pandemia del Covid 19 la vacuna parec\u00eda un sue\u00f1o lejano. Desat\u00f3 una carrera de grupos de investigaci\u00f3n cient\u00edfica y laboratorios de","breadcrumb":{"@id":"https:\/\/www.pressenza.com\/es\/2020\/12\/la-vacuna-la-enfermedad-x-y-la-aceleracion-del-tiempo\/#breadcrumb"},"inLanguage":"es","potentialAction":[{"@type":"ReadAction","target":["https:\/\/www.pressenza.com\/es\/2020\/12\/la-vacuna-la-enfermedad-x-y-la-aceleracion-del-tiempo\/"]}]},{"@type":"ImageObject","inLanguage":"es","@id":"https:\/\/www.pressenza.com\/es\/2020\/12\/la-vacuna-la-enfermedad-x-y-la-aceleracion-del-tiempo\/#primaryimage","url":"https:\/\/www.pressenza.com\/wp-content\/uploads\/2020\/12\/Arek-Socha_pixabay.jpg","contentUrl":"https:\/\/www.pressenza.com\/wp-content\/uploads\/2020\/12\/Arek-Socha_pixabay.jpg","width":1920,"height":1013,"caption":"Arek Socha - Pixabay"},{"@type":"BreadcrumbList","@id":"https:\/\/www.pressenza.com\/es\/2020\/12\/la-vacuna-la-enfermedad-x-y-la-aceleracion-del-tiempo\/#breadcrumb","itemListElement":[{"@type":"ListItem","position":1,"name":"Accueil","item":"https:\/\/www.pressenza.com\/es\/"},{"@type":"ListItem","position":2,"name":"La vacuna, la enfermedad X y la aceleraci\u00f3n del tiempo"}]},{"@type":"WebSite","@id":"https:\/\/www.pressenza.com\/es\/#website","url":"https:\/\/www.pressenza.com\/es\/","name":"Pressenza","description":"International Press Agency","publisher":{"@id":"https:\/\/www.pressenza.com\/es\/#organization"},"potentialAction":[{"@type":"SearchAction","target":{"@type":"EntryPoint","urlTemplate":"https:\/\/www.pressenza.com\/es\/?s={search_term_string}"},"query-input":{"@type":"PropertyValueSpecification","valueRequired":true,"valueName":"search_term_string"}}],"inLanguage":"es"},{"@type":"Organization","@id":"https:\/\/www.pressenza.com\/es\/#organization","name":"Pressenza","url":"https:\/\/www.pressenza.com\/es\/","logo":{"@type":"ImageObject","inLanguage":"es","@id":"https:\/\/www.pressenza.com\/es\/#\/schema\/logo\/image\/","url":"https:\/\/www.pressenza.com\/wp-content\/uploads\/2022\/10\/pressenza_logo_200x200.jpg","contentUrl":"https:\/\/www.pressenza.com\/wp-content\/uploads\/2022\/10\/pressenza_logo_200x200.jpg","width":200,"height":200,"caption":"Pressenza"},"image":{"@id":"https:\/\/www.pressenza.com\/es\/#\/schema\/logo\/image\/"},"sameAs":["https:\/\/www.facebook.com\/PressenzaItalia","https:\/\/x.com\/PressenzaIPA"]},{"@type":"Person","@id":"https:\/\/www.pressenza.com\/es\/#\/schema\/person\/5162be2bf75419d7e91acfc2c50c3870","name":"REHUNO - Red Humanista de Noticias en Salud","description":"REHUNO is a group of volunteers from different countries, health professionals and\/or users of health services, who want to give voice to a \"humanizing view\" of health systems from a broad and comprehensive perspective. REHUNO wants to put into words and images the positive news that needs to be highlighted and the negative news that needs to be denounced and happening on a daily basis.http:\/\/rehunosalud.org\/","sameAs":["http:\/\/rehunosalud.org\/","https:\/\/www.facebook.com\/rehunosalud\/"],"url":"https:\/\/www.pressenza.com\/es\/author\/rehuno\/"}]}},"place":"Sao Paulo, Brasil","original_article_url":"","_links":{"self":[{"href":"https:\/\/www.pressenza.com\/es\/wp-json\/wp\/v2\/posts\/1261527","targetHints":{"allow":["GET"]}}],"collection":[{"href":"https:\/\/www.pressenza.com\/es\/wp-json\/wp\/v2\/posts"}],"about":[{"href":"https:\/\/www.pressenza.com\/es\/wp-json\/wp\/v2\/types\/post"}],"author":[{"embeddable":true,"href":"https:\/\/www.pressenza.com\/es\/wp-json\/wp\/v2\/users\/1680"}],"replies":[{"embeddable":true,"href":"https:\/\/www.pressenza.com\/es\/wp-json\/wp\/v2\/comments?post=1261527"}],"version-history":[{"count":0,"href":"https:\/\/www.pressenza.com\/es\/wp-json\/wp\/v2\/posts\/1261527\/revisions"}],"wp:featuredmedia":[{"embeddable":true,"href":"https:\/\/www.pressenza.com\/es\/wp-json\/wp\/v2\/media\/1261528"}],"wp:attachment":[{"href":"https:\/\/www.pressenza.com\/es\/wp-json\/wp\/v2\/media?parent=1261527"}],"wp:term":[{"taxonomy":"category","embeddable":true,"href":"https:\/\/www.pressenza.com\/es\/wp-json\/wp\/v2\/categories?post=1261527"},{"taxonomy":"post_tag","embeddable":true,"href":"https:\/\/www.pressenza.com\/es\/wp-json\/wp\/v2\/tags?post=1261527"}],"curies":[{"name":"wp","href":"https:\/\/api.w.org\/{rel}","templated":true}]}}