{"id":126129,"date":"2014-08-15T22:18:45","date_gmt":"2014-08-15T21:18:45","guid":{"rendered":"http:\/\/www.pressenza.com\/?p=126129"},"modified":"2014-08-15T22:18:45","modified_gmt":"2014-08-15T21:18:45","slug":"29-continentes-y-contenidos","status":"publish","type":"post","link":"https:\/\/www.pressenza.com\/es\/2014\/08\/29-continentes-y-contenidos\/","title":{"rendered":"#29 de Continentes y contenidos"},"content":{"rendered":"<p><iframe loading=\"lazy\" src=\"http:\/\/www.ivoox.com\/player_ek_3403220_2_1.html?data=lJmdlZeWdI6ZmKiakpaJd6Kpkoqgo5qVcYarpJKfj4qbh46kjoqkpZKUcYarpJKw0dPYrc%2FZz9nS1ZDdb8Tjz9nS0M7Is9SfkpiSlKuUfIamp5edk5mPlNPjyNfOz8aPdpqhhpywj6jTstXdz8rb1srXb9qfpNTb1srSrcXj1JKSmaiReA%3D%3D&amp;\" height=\"48\" width=\"238\" allowfullscreen=\"\" frameborder=\"0\" scrolling=\"no\"><\/iframe><\/p>\n<p>El nuevo programa de Pressenza sobre actualidad internacional para Radio Hache conducido por Mariano Quiroga y con la participaci\u00f3n de Mercedes P\u00e9rez, Tarek Hamdan y Mart\u00edn Ruano desarroll\u00f3 la tem\u00e1tica de los fondos buitre y su litigio con Argentina, su participaci\u00f3n en la bancarrota de Detroit; las sanciones de la UE y EUA a Rusia y las sanciones de Rusia a estos mismos; algunas apreciaciones de la visita de Michelle Bachelet a Sud\u00e1frica; la situaci\u00f3n en Irak y el resto de Oriente Medio, visto con alta preocupaci\u00f3n; la privatizaci\u00f3n de Pemex y muchas noticias m\u00e1s, adem\u00e1s de la mejor m\u00fasica global. Miremos al mundo para ver la Argentina.<\/p>\n<p>La Patada: El presidente de Bolivia orden\u00f3 la entrega inmediata a las autoridades argentinas del represor Jorge Horacio P\u00e1ez Sinestrari, capturado en la ciudad boliviana de Santa Cruz de la Sierra. Estaba sentenciado a 25 a\u00f1os por homicidio.<\/p>\n<p>El exmilitar form\u00f3 parte, en San Juan, del cuerpo de oficiales del Regimiento 22 de Infanter\u00eda de Monta\u00f1a (RIM 22) y est\u00e1 sindicado como uno de los integrantes de \u201cla patota\u201d que en las primeras \u00e9pocas del gobierno de facto se dedic\u00f3 a secuestrar y torturar militantes pol\u00edticos, estudiantes y exfuncionarios en la provincia cuyana.<\/p>\n","protected":false},"excerpt":{"rendered":"<p>El nuevo programa de Pressenza sobre actualidad internacional para Radio Hache conducido por Mariano Quiroga y con la participaci\u00f3n de Mercedes P\u00e9rez, Tarek Hamdan y Mart\u00edn Ruano desarroll\u00f3 la tem\u00e1tica de los fondos buitre y su litigio con Argentina, su&hellip;<\/p>\n","protected":false},"author":87,"featured_media":126130,"comment_status":"closed","ping_status":"open","sticky":false,"template":"","format":"standard","meta":{"footnotes":""},"categories":[76,497,79,81,39,161,1243,74],"tags":[26,355,696,441,394,512,381,623,631],"class_list":["post-126129","post","type-post","status-publish","format-standard","has-post-thumbnail","hentry","category-relaciones-exteriores","category-ciencia-tecnologia","category-derechos-humanos","category-economia-es","category-internacional","category-opiniones","category-paz-desarme","category-politica-es","tag-argentina","tag-crisis-es","tag-democracia","tag-derechos-humanos","tag-protestas-sociales","tag-recortes","tag-recursos-naturales","tag-violencia","tag-violencia-economica"],"yoast_head":"<!-- This site is optimized with the Yoast SEO plugin v27.1.1 - https:\/\/yoast.com\/product\/yoast-seo-wordpress\/ -->\n<title>#29 de Continentes y contenidos<\/title>\n<meta name=\"description\" content=\"El nuevo programa de Pressenza sobre actualidad internacional para Radio Hache conducido por Mariano Quiroga y con la participaci\u00f3n de Mercedes P\u00e9rez,\" \/>\n<meta name=\"robots\" content=\"index, follow, max-snippet:-1, max-image-preview:large, max-video-preview:-1\" \/>\n<link rel=\"canonical\" href=\"https:\/\/www.pressenza.com\/es\/2014\/08\/29-continentes-y-contenidos\/\" \/>\n<meta property=\"og:locale\" content=\"es_ES\" \/>\n<meta property=\"og:type\" content=\"article\" \/>\n<meta property=\"og:title\" content=\"#29 de Continentes y contenidos\" \/>\n<meta property=\"og:description\" content=\"El nuevo programa de Pressenza sobre actualidad internacional para Radio Hache conducido por Mariano Quiroga y con la participaci\u00f3n de Mercedes P\u00e9rez,\" \/>\n<meta property=\"og:url\" content=\"https:\/\/www.pressenza.com\/es\/2014\/08\/29-continentes-y-contenidos\/\" \/>\n<meta property=\"og:site_name\" content=\"Pressenza\" \/>\n<meta property=\"article:publisher\" content=\"https:\/\/www.facebook.com\/PressenzaItalia\" \/>\n<meta property=\"article:published_time\" content=\"2014-08-15T21:18:45+00:00\" \/>\n<meta property=\"og:image\" content=\"https:\/\/www.pressenza.com\/wp-content\/uploads\/2014\/08\/MG_9195.jpg\" \/>\n\t<meta property=\"og:image:width\" content=\"5184\" \/>\n\t<meta property=\"og:image:height\" content=\"3456\" \/>\n\t<meta property=\"og:image:type\" content=\"image\/jpeg\" \/>\n<meta name=\"author\" content=\"Redacci\u00f3n Argentina\" \/>\n<meta name=\"twitter:card\" content=\"summary_large_image\" \/>\n<meta name=\"twitter:creator\" content=\"@pressenza\" \/>\n<meta name=\"twitter:site\" content=\"@PressenzaIPA\" \/>\n<meta name=\"twitter:label1\" content=\"Escrito por\" \/>\n\t<meta name=\"twitter:data1\" content=\"Redacci\u00f3n Argentina\" \/>\n\t<meta name=\"twitter:label2\" content=\"Tiempo de lectura\" \/>\n\t<meta name=\"twitter:data2\" content=\"1 minuto\" \/>\n<script type=\"application\/ld+json\" class=\"yoast-schema-graph\">{\"@context\":\"https:\/\/schema.org\",\"@graph\":[{\"@type\":\"Article\",\"@id\":\"https:\/\/www.pressenza.com\/es\/2014\/08\/29-continentes-y-contenidos\/#article\",\"isPartOf\":{\"@id\":\"https:\/\/www.pressenza.com\/es\/2014\/08\/29-continentes-y-contenidos\/\"},\"author\":{\"name\":\"Redacci\u00f3n Argentina\",\"@id\":\"https:\/\/www.pressenza.com\/es\/#\/schema\/person\/0dda7d1b68267ad95b1e1d83abc98c89\"},\"headline\":\"#29 de Continentes y contenidos\",\"datePublished\":\"2014-08-15T21:18:45+00:00\",\"mainEntityOfPage\":{\"@id\":\"https:\/\/www.pressenza.com\/es\/2014\/08\/29-continentes-y-contenidos\/\"},\"wordCount\":219,\"publisher\":{\"@id\":\"https:\/\/www.pressenza.com\/es\/#organization\"},\"image\":{\"@id\":\"https:\/\/www.pressenza.com\/es\/2014\/08\/29-continentes-y-contenidos\/#primaryimage\"},\"thumbnailUrl\":\"https:\/\/www.pressenza.com\/wp-content\/uploads\/2014\/08\/MG_9195.jpg\",\"keywords\":[\"Argentina\",\"crisis\",\"Democracia\",\"Derechos humanos\",\"protestas sociales\",\"recortes\",\"Recursos naturales\",\"Violencia\",\"Violencia econ\u00f3mica\"],\"articleSection\":[\"Asuntos internacionales\",\"Ciencia y Tecnolog\u00eda\",\"Derechos Humanos\",\"Econom\u00eda\",\"Internacional\",\"Opiniones\",\"Paz y Desarme\",\"Pol\u00edtica\"],\"inLanguage\":\"es\"},{\"@type\":\"WebPage\",\"@id\":\"https:\/\/www.pressenza.com\/es\/2014\/08\/29-continentes-y-contenidos\/\",\"url\":\"https:\/\/www.pressenza.com\/es\/2014\/08\/29-continentes-y-contenidos\/\",\"name\":\"#29 de Continentes y contenidos\",\"isPartOf\":{\"@id\":\"https:\/\/www.pressenza.com\/es\/#website\"},\"primaryImageOfPage\":{\"@id\":\"https:\/\/www.pressenza.com\/es\/2014\/08\/29-continentes-y-contenidos\/#primaryimage\"},\"image\":{\"@id\":\"https:\/\/www.pressenza.com\/es\/2014\/08\/29-continentes-y-contenidos\/#primaryimage\"},\"thumbnailUrl\":\"https:\/\/www.pressenza.com\/wp-content\/uploads\/2014\/08\/MG_9195.jpg\",\"datePublished\":\"2014-08-15T21:18:45+00:00\",\"description\":\"El nuevo programa de Pressenza sobre actualidad internacional para Radio Hache conducido por Mariano Quiroga y con la participaci\u00f3n de Mercedes P\u00e9rez,\",\"breadcrumb\":{\"@id\":\"https:\/\/www.pressenza.com\/es\/2014\/08\/29-continentes-y-contenidos\/#breadcrumb\"},\"inLanguage\":\"es\",\"potentialAction\":[{\"@type\":\"ReadAction\",\"target\":[\"https:\/\/www.pressenza.com\/es\/2014\/08\/29-continentes-y-contenidos\/\"]}]},{\"@type\":\"ImageObject\",\"inLanguage\":\"es\",\"@id\":\"https:\/\/www.pressenza.com\/es\/2014\/08\/29-continentes-y-contenidos\/#primaryimage\",\"url\":\"https:\/\/www.pressenza.com\/wp-content\/uploads\/2014\/08\/MG_9195.jpg\",\"contentUrl\":\"https:\/\/www.pressenza.com\/wp-content\/uploads\/2014\/08\/MG_9195.jpg\",\"width\":5184,\"height\":3456},{\"@type\":\"BreadcrumbList\",\"@id\":\"https:\/\/www.pressenza.com\/es\/2014\/08\/29-continentes-y-contenidos\/#breadcrumb\",\"itemListElement\":[{\"@type\":\"ListItem\",\"position\":1,\"name\":\"Accueil\",\"item\":\"https:\/\/www.pressenza.com\/es\/\"},{\"@type\":\"ListItem\",\"position\":2,\"name\":\"#29 de Continentes y contenidos\"}]},{\"@type\":\"WebSite\",\"@id\":\"https:\/\/www.pressenza.com\/es\/#website\",\"url\":\"https:\/\/www.pressenza.com\/es\/\",\"name\":\"Pressenza\",\"description\":\"International Press Agency\",\"publisher\":{\"@id\":\"https:\/\/www.pressenza.com\/es\/#organization\"},\"potentialAction\":[{\"@type\":\"SearchAction\",\"target\":{\"@type\":\"EntryPoint\",\"urlTemplate\":\"https:\/\/www.pressenza.com\/es\/?s={search_term_string}\"},\"query-input\":{\"@type\":\"PropertyValueSpecification\",\"valueRequired\":true,\"valueName\":\"search_term_string\"}}],\"inLanguage\":\"es\"},{\"@type\":\"Organization\",\"@id\":\"https:\/\/www.pressenza.com\/es\/#organization\",\"name\":\"Pressenza\",\"url\":\"https:\/\/www.pressenza.com\/es\/\",\"logo\":{\"@type\":\"ImageObject\",\"inLanguage\":\"es\",\"@id\":\"https:\/\/www.pressenza.com\/es\/#\/schema\/logo\/image\/\",\"url\":\"https:\/\/www.pressenza.com\/wp-content\/uploads\/2022\/10\/pressenza_logo_200x200.jpg\",\"contentUrl\":\"https:\/\/www.pressenza.com\/wp-content\/uploads\/2022\/10\/pressenza_logo_200x200.jpg\",\"width\":200,\"height\":200,\"caption\":\"Pressenza\"},\"image\":{\"@id\":\"https:\/\/www.pressenza.com\/es\/#\/schema\/logo\/image\/\"},\"sameAs\":[\"https:\/\/www.facebook.com\/PressenzaItalia\",\"https:\/\/x.com\/PressenzaIPA\"]},{\"@type\":\"Person\",\"@id\":\"https:\/\/www.pressenza.com\/es\/#\/schema\/person\/0dda7d1b68267ad95b1e1d83abc98c89\",\"name\":\"Redacci\u00f3n Argentina\",\"description\":\"News from the Pressenza Bureau in Argentina.\",\"sameAs\":[\"https:\/\/x.com\/pressenza\"],\"url\":\"https:\/\/www.pressenza.com\/es\/author\/redaccion-argentina\/\"}]}<\/script>\n<!-- \/ Yoast SEO plugin. -->","yoast_head_json":{"title":"#29 de Continentes y contenidos","description":"El nuevo programa de Pressenza sobre actualidad internacional para Radio Hache conducido por Mariano Quiroga y con la participaci\u00f3n de Mercedes P\u00e9rez,","robots":{"index":"index","follow":"follow","max-snippet":"max-snippet:-1","max-image-preview":"max-image-preview:large","max-video-preview":"max-video-preview:-1"},"canonical":"https:\/\/www.pressenza.com\/es\/2014\/08\/29-continentes-y-contenidos\/","og_locale":"es_ES","og_type":"article","og_title":"#29 de Continentes y contenidos","og_description":"El nuevo programa de Pressenza sobre actualidad internacional para Radio Hache conducido por Mariano Quiroga y con la participaci\u00f3n de Mercedes P\u00e9rez,","og_url":"https:\/\/www.pressenza.com\/es\/2014\/08\/29-continentes-y-contenidos\/","og_site_name":"Pressenza","article_publisher":"https:\/\/www.facebook.com\/PressenzaItalia","article_published_time":"2014-08-15T21:18:45+00:00","og_image":[{"width":5184,"height":3456,"url":"https:\/\/www.pressenza.com\/wp-content\/uploads\/2014\/08\/MG_9195.jpg","type":"image\/jpeg"}],"author":"Redacci\u00f3n Argentina","twitter_card":"summary_large_image","twitter_creator":"@pressenza","twitter_site":"@PressenzaIPA","twitter_misc":{"Escrito por":"Redacci\u00f3n Argentina","Tiempo de lectura":"1 minuto"},"schema":{"@context":"https:\/\/schema.org","@graph":[{"@type":"Article","@id":"https:\/\/www.pressenza.com\/es\/2014\/08\/29-continentes-y-contenidos\/#article","isPartOf":{"@id":"https:\/\/www.pressenza.com\/es\/2014\/08\/29-continentes-y-contenidos\/"},"author":{"name":"Redacci\u00f3n Argentina","@id":"https:\/\/www.pressenza.com\/es\/#\/schema\/person\/0dda7d1b68267ad95b1e1d83abc98c89"},"headline":"#29 de Continentes y contenidos","datePublished":"2014-08-15T21:18:45+00:00","mainEntityOfPage":{"@id":"https:\/\/www.pressenza.com\/es\/2014\/08\/29-continentes-y-contenidos\/"},"wordCount":219,"publisher":{"@id":"https:\/\/www.pressenza.com\/es\/#organization"},"image":{"@id":"https:\/\/www.pressenza.com\/es\/2014\/08\/29-continentes-y-contenidos\/#primaryimage"},"thumbnailUrl":"https:\/\/www.pressenza.com\/wp-content\/uploads\/2014\/08\/MG_9195.jpg","keywords":["Argentina","crisis","Democracia","Derechos humanos","protestas sociales","recortes","Recursos naturales","Violencia","Violencia econ\u00f3mica"],"articleSection":["Asuntos internacionales","Ciencia y Tecnolog\u00eda","Derechos Humanos","Econom\u00eda","Internacional","Opiniones","Paz y Desarme","Pol\u00edtica"],"inLanguage":"es"},{"@type":"WebPage","@id":"https:\/\/www.pressenza.com\/es\/2014\/08\/29-continentes-y-contenidos\/","url":"https:\/\/www.pressenza.com\/es\/2014\/08\/29-continentes-y-contenidos\/","name":"#29 de Continentes y contenidos","isPartOf":{"@id":"https:\/\/www.pressenza.com\/es\/#website"},"primaryImageOfPage":{"@id":"https:\/\/www.pressenza.com\/es\/2014\/08\/29-continentes-y-contenidos\/#primaryimage"},"image":{"@id":"https:\/\/www.pressenza.com\/es\/2014\/08\/29-continentes-y-contenidos\/#primaryimage"},"thumbnailUrl":"https:\/\/www.pressenza.com\/wp-content\/uploads\/2014\/08\/MG_9195.jpg","datePublished":"2014-08-15T21:18:45+00:00","description":"El nuevo programa de Pressenza sobre actualidad internacional para Radio Hache conducido por Mariano Quiroga y con la participaci\u00f3n de Mercedes P\u00e9rez,","breadcrumb":{"@id":"https:\/\/www.pressenza.com\/es\/2014\/08\/29-continentes-y-contenidos\/#breadcrumb"},"inLanguage":"es","potentialAction":[{"@type":"ReadAction","target":["https:\/\/www.pressenza.com\/es\/2014\/08\/29-continentes-y-contenidos\/"]}]},{"@type":"ImageObject","inLanguage":"es","@id":"https:\/\/www.pressenza.com\/es\/2014\/08\/29-continentes-y-contenidos\/#primaryimage","url":"https:\/\/www.pressenza.com\/wp-content\/uploads\/2014\/08\/MG_9195.jpg","contentUrl":"https:\/\/www.pressenza.com\/wp-content\/uploads\/2014\/08\/MG_9195.jpg","width":5184,"height":3456},{"@type":"BreadcrumbList","@id":"https:\/\/www.pressenza.com\/es\/2014\/08\/29-continentes-y-contenidos\/#breadcrumb","itemListElement":[{"@type":"ListItem","position":1,"name":"Accueil","item":"https:\/\/www.pressenza.com\/es\/"},{"@type":"ListItem","position":2,"name":"#29 de Continentes y contenidos"}]},{"@type":"WebSite","@id":"https:\/\/www.pressenza.com\/es\/#website","url":"https:\/\/www.pressenza.com\/es\/","name":"Pressenza","description":"International Press Agency","publisher":{"@id":"https:\/\/www.pressenza.com\/es\/#organization"},"potentialAction":[{"@type":"SearchAction","target":{"@type":"EntryPoint","urlTemplate":"https:\/\/www.pressenza.com\/es\/?s={search_term_string}"},"query-input":{"@type":"PropertyValueSpecification","valueRequired":true,"valueName":"search_term_string"}}],"inLanguage":"es"},{"@type":"Organization","@id":"https:\/\/www.pressenza.com\/es\/#organization","name":"Pressenza","url":"https:\/\/www.pressenza.com\/es\/","logo":{"@type":"ImageObject","inLanguage":"es","@id":"https:\/\/www.pressenza.com\/es\/#\/schema\/logo\/image\/","url":"https:\/\/www.pressenza.com\/wp-content\/uploads\/2022\/10\/pressenza_logo_200x200.jpg","contentUrl":"https:\/\/www.pressenza.com\/wp-content\/uploads\/2022\/10\/pressenza_logo_200x200.jpg","width":200,"height":200,"caption":"Pressenza"},"image":{"@id":"https:\/\/www.pressenza.com\/es\/#\/schema\/logo\/image\/"},"sameAs":["https:\/\/www.facebook.com\/PressenzaItalia","https:\/\/x.com\/PressenzaIPA"]},{"@type":"Person","@id":"https:\/\/www.pressenza.com\/es\/#\/schema\/person\/0dda7d1b68267ad95b1e1d83abc98c89","name":"Redacci\u00f3n Argentina","description":"News from the Pressenza Bureau in Argentina.","sameAs":["https:\/\/x.com\/pressenza"],"url":"https:\/\/www.pressenza.com\/es\/author\/redaccion-argentina\/"}]}},"place":"Buenos Aires","original_article_url":"","_links":{"self":[{"href":"https:\/\/www.pressenza.com\/es\/wp-json\/wp\/v2\/posts\/126129","targetHints":{"allow":["GET"]}}],"collection":[{"href":"https:\/\/www.pressenza.com\/es\/wp-json\/wp\/v2\/posts"}],"about":[{"href":"https:\/\/www.pressenza.com\/es\/wp-json\/wp\/v2\/types\/post"}],"author":[{"embeddable":true,"href":"https:\/\/www.pressenza.com\/es\/wp-json\/wp\/v2\/users\/87"}],"replies":[{"embeddable":true,"href":"https:\/\/www.pressenza.com\/es\/wp-json\/wp\/v2\/comments?post=126129"}],"version-history":[{"count":0,"href":"https:\/\/www.pressenza.com\/es\/wp-json\/wp\/v2\/posts\/126129\/revisions"}],"wp:featuredmedia":[{"embeddable":true,"href":"https:\/\/www.pressenza.com\/es\/wp-json\/wp\/v2\/media\/126130"}],"wp:attachment":[{"href":"https:\/\/www.pressenza.com\/es\/wp-json\/wp\/v2\/media?parent=126129"}],"wp:term":[{"taxonomy":"category","embeddable":true,"href":"https:\/\/www.pressenza.com\/es\/wp-json\/wp\/v2\/categories?post=126129"},{"taxonomy":"post_tag","embeddable":true,"href":"https:\/\/www.pressenza.com\/es\/wp-json\/wp\/v2\/tags?post=126129"}],"curies":[{"name":"wp","href":"https:\/\/api.w.org\/{rel}","templated":true}]}}