{"id":1260910,"date":"2020-12-13T20:51:04","date_gmt":"2020-12-13T20:51:04","guid":{"rendered":"https:\/\/www.pressenza.com\/?p=1260910"},"modified":"2020-12-13T20:51:04","modified_gmt":"2020-12-13T20:51:04","slug":"la-vacuna-de-la-discordia","status":"publish","type":"post","link":"https:\/\/www.pressenza.com\/es\/2020\/12\/la-vacuna-de-la-discordia\/","title":{"rendered":"La vacuna de la discordia"},"content":{"rendered":"<p>Asumido el hecho de estar todos bajo la amenaza del contagio, surgen otras decisiones.<\/p>\n<p>Entre promesas y dudas, datos comprobados y especulaciones, opiniones cient\u00edficas y ofertas pol\u00edticas, la vacuna hace su aparici\u00f3n y abre de pronto la puerta hacia un hipot\u00e9tico regreso a lo que consider\u00e1bamos \u201cla normalidad\u201d: esto es, un cierto estado de libertad en un ambiente desprovisto de la amenaza viral a la cual estamos expuestos. Los debates sobre la efectividad, los riesgos y la postura \u00e9tica de laboratorios conocidos por su orientaci\u00f3n mercadol\u00f3gica, han rebasado la capacidad de absorci\u00f3n de tanta informaci\u00f3n contradictoria, y el p\u00fablico permanece a la espera de obtener respuestas claras y garant\u00edas m\u00ednimas.<\/p>\n<p>El mundo cient\u00edfico est\u00e1 dividido frente a este recurso de emergencia y su incertidumbre comienza a infiltrarse hacia una poblaci\u00f3n lega, ansiosa de creer en el remedio m\u00e1gico de una vacuna cuyos efectos de mediano y largo plazo a\u00fan no han sido probados. Pero las dificultades no paran ah\u00ed. Uno de los mayores obst\u00e1culos presentados a los pa\u00edses comprometidos a iniciar las vacunaciones entre sus habitantes es la complicada log\u00edstica en el almacenamiento, distribuci\u00f3n y aplicaci\u00f3n de la vacuna en forma masiva.<\/p>\n<p>La desarrollada por el laboratorio Pfizer, por ejemplo, requiere de una cadena de fr\u00edo inexistente en la mayor\u00eda de pa\u00edses del mundo. Es decir, para mantener el producto en perfectas condiciones, necesita una infraestructura que le garantice su conservaci\u00f3n a -70 grados Celsius, un nivel de fr\u00edo semejante a la temperatura del \u00e1rtico. Sin embargo, aseguran los expertos que esta exigencia tampoco es insuperable, ya que en la Rep\u00fablica Democr\u00e1tica del Congo se pudo inmunizar contra el \u00e9bola a m\u00e1s de 300 mil personas con una vacuna que exig\u00eda requerimientos de temperaturas semejantes a las de Pfizer contra el Covid19.<\/p>\n<p>Antes de cantar victoria con un recurso de emergencia como las vacunas desarrolladas en tan corto tiempo, es preciso comprender que los obst\u00e1culos presentados por las comunidades alejadas de los centros urbanos \u2013los cuales tampoco poseen los recursos necesarios, sobre todo en pa\u00edses en desarrollo- en donde predominan la pobreza, la falta de agua y de infraestructura sanitaria, colocan a sus habitantes en una situaci\u00f3n de riesgo extremo. Y es importante se\u00f1alar que este segmento de poblaci\u00f3n vulnerable es la inmensa mayor\u00eda de la poblaci\u00f3n mundial. Por tal motivo, adem\u00e1s del tiempo requerido para crear un sistema suficientemente eficaz para inmunizar a un porcentaje mayoritario, las esperanzas de un freno efectivo a la pandemia se reducen a ciertos n\u00facleos urbanos favorecidos por su acceso a los beneficios de un mayor nivel de desarrollo.<\/p>\n<p>Aun cuando la discusi\u00f3n sobre la efectividad y la seguridad de las vacunas desarrolladas por los m\u00e1s importantes laboratorios est\u00e1 planteada -tanto en c\u00edrculos cient\u00edficos como pol\u00edticos- la realidad es que la poblaci\u00f3n est\u00e1 ansiosa por aceptar como buena una soluci\u00f3n que le permita retomar sus actividades normales y le prometa brindarle un efectivo parapeto contra el virus. La gente est\u00e1 cansada de vivir una realidad inc\u00f3moda, limitante y precaria. Est\u00e1, adem\u00e1s, razonablemente temerosa por la p\u00e9rdida de sus derechos civiles ante decisiones arbitrarias de ciertos gobiernos que se aprovechan de la crisis para adoptar medidas dictatoriales.<\/p>\n<p>Es importante tomar en cuenta, de paso, que los pa\u00edses m\u00e1s ricos se adjudicaron ya la provisi\u00f3n prioritaria de vacunas, por lo cual los m\u00e1s pobres deber\u00e1n esperar varios meses antes de obtener la cantidad suficiente para asegurar la inmunizaci\u00f3n de un porcentaje mayoritario de su poblaci\u00f3n.<\/p>\n","protected":false},"excerpt":{"rendered":"<p>Asumido el hecho de estar todos bajo la amenaza del contagio, surgen otras decisiones. Entre promesas y dudas, datos comprobados y especulaciones, opiniones cient\u00edficas y ofertas pol\u00edticas, la vacuna hace su aparici\u00f3n y abre de pronto la puerta hacia un&hellip;<\/p>\n","protected":false},"author":1296,"featured_media":1260911,"comment_status":"closed","ping_status":"closed","sticky":false,"template":"","format":"standard","meta":{"footnotes":""},"categories":[11389,39,161,1239],"tags":[74882,74067],"class_list":["post-1260910","post","type-post","status-publish","format-standard","has-post-thumbnail","hentry","category-contenido-original","category-internacional","category-opiniones","category-salud","tag-pandemia-de-coronavirus","tag-vacuna"],"yoast_head":"<!-- This site is optimized with the Yoast SEO plugin v27.1.1 - https:\/\/yoast.com\/product\/yoast-seo-wordpress\/ -->\n<title>La vacuna de la discordia<\/title>\n<meta name=\"description\" content=\"Asumido el hecho de estar todos bajo la amenaza del contagio, surgen otras decisiones. Entre promesas y dudas, datos comprobados y especulaciones,\" \/>\n<meta name=\"robots\" content=\"index, follow, max-snippet:-1, max-image-preview:large, max-video-preview:-1\" \/>\n<link rel=\"canonical\" href=\"https:\/\/www.pressenza.com\/es\/2020\/12\/la-vacuna-de-la-discordia\/\" \/>\n<meta property=\"og:locale\" content=\"es_ES\" \/>\n<meta property=\"og:type\" content=\"article\" \/>\n<meta property=\"og:title\" content=\"La vacuna de la discordia\" \/>\n<meta property=\"og:description\" content=\"Asumido el hecho de estar todos bajo la amenaza del contagio, surgen otras decisiones. Entre promesas y dudas, datos comprobados y especulaciones,\" \/>\n<meta property=\"og:url\" content=\"https:\/\/www.pressenza.com\/es\/2020\/12\/la-vacuna-de-la-discordia\/\" \/>\n<meta property=\"og:site_name\" content=\"Pressenza\" \/>\n<meta property=\"article:publisher\" content=\"https:\/\/www.facebook.com\/PressenzaItalia\" \/>\n<meta property=\"article:author\" content=\"https:\/\/www.facebook.com\/pages\/Carolina-V\u00e1squez-Araya\/241844515845237?fref=ts\" \/>\n<meta property=\"article:published_time\" content=\"2020-12-13T20:51:04+00:00\" \/>\n<meta property=\"og:image\" content=\"https:\/\/www.pressenza.com\/wp-content\/uploads\/2020\/12\/JCMenfermos.jpg\" \/>\n\t<meta property=\"og:image:width\" content=\"1235\" \/>\n\t<meta property=\"og:image:height\" content=\"926\" \/>\n\t<meta property=\"og:image:type\" content=\"image\/jpeg\" \/>\n<meta name=\"author\" content=\"Carolina V\u00e1squez Araya\" \/>\n<meta name=\"twitter:card\" content=\"summary_large_image\" \/>\n<meta name=\"twitter:creator\" content=\"@carvasar\" \/>\n<meta name=\"twitter:site\" content=\"@PressenzaIPA\" \/>\n<meta name=\"twitter:label1\" content=\"Escrito por\" \/>\n\t<meta name=\"twitter:data1\" content=\"Carolina V\u00e1squez Araya\" \/>\n\t<meta name=\"twitter:label2\" content=\"Tiempo de lectura\" \/>\n\t<meta name=\"twitter:data2\" content=\"3 minutos\" \/>\n<script type=\"application\/ld+json\" class=\"yoast-schema-graph\">{\"@context\":\"https:\/\/schema.org\",\"@graph\":[{\"@type\":\"Article\",\"@id\":\"https:\/\/www.pressenza.com\/es\/2020\/12\/la-vacuna-de-la-discordia\/#article\",\"isPartOf\":{\"@id\":\"https:\/\/www.pressenza.com\/es\/2020\/12\/la-vacuna-de-la-discordia\/\"},\"author\":{\"name\":\"Carolina V\u00e1squez Araya\",\"@id\":\"https:\/\/www.pressenza.com\/es\/#\/schema\/person\/6936ca3bb8dee618b5cdfd0e4427cdd6\"},\"headline\":\"La vacuna de la discordia\",\"datePublished\":\"2020-12-13T20:51:04+00:00\",\"mainEntityOfPage\":{\"@id\":\"https:\/\/www.pressenza.com\/es\/2020\/12\/la-vacuna-de-la-discordia\/\"},\"wordCount\":629,\"publisher\":{\"@id\":\"https:\/\/www.pressenza.com\/es\/#organization\"},\"image\":{\"@id\":\"https:\/\/www.pressenza.com\/es\/2020\/12\/la-vacuna-de-la-discordia\/#primaryimage\"},\"thumbnailUrl\":\"https:\/\/www.pressenza.com\/wp-content\/uploads\/2020\/12\/JCMenfermos.jpg\",\"keywords\":[\"pandemia de coronavirus\",\"vacuna\"],\"articleSection\":[\"Contenido Original\",\"Internacional\",\"Opiniones\",\"Salud\"],\"inLanguage\":\"es\"},{\"@type\":\"WebPage\",\"@id\":\"https:\/\/www.pressenza.com\/es\/2020\/12\/la-vacuna-de-la-discordia\/\",\"url\":\"https:\/\/www.pressenza.com\/es\/2020\/12\/la-vacuna-de-la-discordia\/\",\"name\":\"La vacuna de la discordia\",\"isPartOf\":{\"@id\":\"https:\/\/www.pressenza.com\/es\/#website\"},\"primaryImageOfPage\":{\"@id\":\"https:\/\/www.pressenza.com\/es\/2020\/12\/la-vacuna-de-la-discordia\/#primaryimage\"},\"image\":{\"@id\":\"https:\/\/www.pressenza.com\/es\/2020\/12\/la-vacuna-de-la-discordia\/#primaryimage\"},\"thumbnailUrl\":\"https:\/\/www.pressenza.com\/wp-content\/uploads\/2020\/12\/JCMenfermos.jpg\",\"datePublished\":\"2020-12-13T20:51:04+00:00\",\"description\":\"Asumido el hecho de estar todos bajo la amenaza del contagio, surgen otras decisiones. Entre promesas y dudas, datos comprobados y especulaciones,\",\"breadcrumb\":{\"@id\":\"https:\/\/www.pressenza.com\/es\/2020\/12\/la-vacuna-de-la-discordia\/#breadcrumb\"},\"inLanguage\":\"es\",\"potentialAction\":[{\"@type\":\"ReadAction\",\"target\":[\"https:\/\/www.pressenza.com\/es\/2020\/12\/la-vacuna-de-la-discordia\/\"]}]},{\"@type\":\"ImageObject\",\"inLanguage\":\"es\",\"@id\":\"https:\/\/www.pressenza.com\/es\/2020\/12\/la-vacuna-de-la-discordia\/#primaryimage\",\"url\":\"https:\/\/www.pressenza.com\/wp-content\/uploads\/2020\/12\/JCMenfermos.jpg\",\"contentUrl\":\"https:\/\/www.pressenza.com\/wp-content\/uploads\/2020\/12\/JCMenfermos.jpg\",\"width\":1235,\"height\":926,\"caption\":\"Juan Carlos Mar\u00edn\"},{\"@type\":\"BreadcrumbList\",\"@id\":\"https:\/\/www.pressenza.com\/es\/2020\/12\/la-vacuna-de-la-discordia\/#breadcrumb\",\"itemListElement\":[{\"@type\":\"ListItem\",\"position\":1,\"name\":\"Accueil\",\"item\":\"https:\/\/www.pressenza.com\/es\/\"},{\"@type\":\"ListItem\",\"position\":2,\"name\":\"La vacuna de la discordia\"}]},{\"@type\":\"WebSite\",\"@id\":\"https:\/\/www.pressenza.com\/es\/#website\",\"url\":\"https:\/\/www.pressenza.com\/es\/\",\"name\":\"Pressenza\",\"description\":\"International Press Agency\",\"publisher\":{\"@id\":\"https:\/\/www.pressenza.com\/es\/#organization\"},\"potentialAction\":[{\"@type\":\"SearchAction\",\"target\":{\"@type\":\"EntryPoint\",\"urlTemplate\":\"https:\/\/www.pressenza.com\/es\/?s={search_term_string}\"},\"query-input\":{\"@type\":\"PropertyValueSpecification\",\"valueRequired\":true,\"valueName\":\"search_term_string\"}}],\"inLanguage\":\"es\"},{\"@type\":\"Organization\",\"@id\":\"https:\/\/www.pressenza.com\/es\/#organization\",\"name\":\"Pressenza\",\"url\":\"https:\/\/www.pressenza.com\/es\/\",\"logo\":{\"@type\":\"ImageObject\",\"inLanguage\":\"es\",\"@id\":\"https:\/\/www.pressenza.com\/es\/#\/schema\/logo\/image\/\",\"url\":\"https:\/\/www.pressenza.com\/wp-content\/uploads\/2022\/10\/pressenza_logo_200x200.jpg\",\"contentUrl\":\"https:\/\/www.pressenza.com\/wp-content\/uploads\/2022\/10\/pressenza_logo_200x200.jpg\",\"width\":200,\"height\":200,\"caption\":\"Pressenza\"},\"image\":{\"@id\":\"https:\/\/www.pressenza.com\/es\/#\/schema\/logo\/image\/\"},\"sameAs\":[\"https:\/\/www.facebook.com\/PressenzaItalia\",\"https:\/\/x.com\/PressenzaIPA\"]},{\"@type\":\"Person\",\"@id\":\"https:\/\/www.pressenza.com\/es\/#\/schema\/person\/6936ca3bb8dee618b5cdfd0e4427cdd6\",\"name\":\"Carolina V\u00e1squez Araya\",\"description\":\"Periodista y editora con m\u00e1s de 30 a\u00f1os de experiencia, cuyos logros profesionales en el desarrollo de proyectos de gran \u00e9xito avalan sus cualidades de liderazgo, creatividad y relaciones p\u00fablicas. Ha aportado sus conocimientos en proyectos de organizaciones con intereses orientados al desarrollo social, cultural y econ\u00f3mico del pa\u00eds, con especial \u00e9nfasis en el sector de cultura y educaci\u00f3n, emprendimiento, derechos humanos, justicia, ambiente, mujeres y ni\u00f1ez. Chilena en Guatemala. elquintopatio.wordpress.com\",\"sameAs\":[\"https:\/\/www.facebook.com\/pages\/Carolina-V\u00e1squez-Araya\/241844515845237?fref=ts\",\"https:\/\/x.com\/carvasar\"],\"url\":\"https:\/\/www.pressenza.com\/es\/author\/carolina-vasquez-araya\/\"}]}<\/script>\n<!-- \/ Yoast SEO plugin. -->","yoast_head_json":{"title":"La vacuna de la discordia","description":"Asumido el hecho de estar todos bajo la amenaza del contagio, surgen otras decisiones. Entre promesas y dudas, datos comprobados y especulaciones,","robots":{"index":"index","follow":"follow","max-snippet":"max-snippet:-1","max-image-preview":"max-image-preview:large","max-video-preview":"max-video-preview:-1"},"canonical":"https:\/\/www.pressenza.com\/es\/2020\/12\/la-vacuna-de-la-discordia\/","og_locale":"es_ES","og_type":"article","og_title":"La vacuna de la discordia","og_description":"Asumido el hecho de estar todos bajo la amenaza del contagio, surgen otras decisiones. Entre promesas y dudas, datos comprobados y especulaciones,","og_url":"https:\/\/www.pressenza.com\/es\/2020\/12\/la-vacuna-de-la-discordia\/","og_site_name":"Pressenza","article_publisher":"https:\/\/www.facebook.com\/PressenzaItalia","article_author":"https:\/\/www.facebook.com\/pages\/Carolina-V\u00e1squez-Araya\/241844515845237?fref=ts","article_published_time":"2020-12-13T20:51:04+00:00","og_image":[{"width":1235,"height":926,"url":"https:\/\/www.pressenza.com\/wp-content\/uploads\/2020\/12\/JCMenfermos.jpg","type":"image\/jpeg"}],"author":"Carolina V\u00e1squez Araya","twitter_card":"summary_large_image","twitter_creator":"@carvasar","twitter_site":"@PressenzaIPA","twitter_misc":{"Escrito por":"Carolina V\u00e1squez Araya","Tiempo de lectura":"3 minutos"},"schema":{"@context":"https:\/\/schema.org","@graph":[{"@type":"Article","@id":"https:\/\/www.pressenza.com\/es\/2020\/12\/la-vacuna-de-la-discordia\/#article","isPartOf":{"@id":"https:\/\/www.pressenza.com\/es\/2020\/12\/la-vacuna-de-la-discordia\/"},"author":{"name":"Carolina V\u00e1squez Araya","@id":"https:\/\/www.pressenza.com\/es\/#\/schema\/person\/6936ca3bb8dee618b5cdfd0e4427cdd6"},"headline":"La vacuna de la discordia","datePublished":"2020-12-13T20:51:04+00:00","mainEntityOfPage":{"@id":"https:\/\/www.pressenza.com\/es\/2020\/12\/la-vacuna-de-la-discordia\/"},"wordCount":629,"publisher":{"@id":"https:\/\/www.pressenza.com\/es\/#organization"},"image":{"@id":"https:\/\/www.pressenza.com\/es\/2020\/12\/la-vacuna-de-la-discordia\/#primaryimage"},"thumbnailUrl":"https:\/\/www.pressenza.com\/wp-content\/uploads\/2020\/12\/JCMenfermos.jpg","keywords":["pandemia de coronavirus","vacuna"],"articleSection":["Contenido Original","Internacional","Opiniones","Salud"],"inLanguage":"es"},{"@type":"WebPage","@id":"https:\/\/www.pressenza.com\/es\/2020\/12\/la-vacuna-de-la-discordia\/","url":"https:\/\/www.pressenza.com\/es\/2020\/12\/la-vacuna-de-la-discordia\/","name":"La vacuna de la discordia","isPartOf":{"@id":"https:\/\/www.pressenza.com\/es\/#website"},"primaryImageOfPage":{"@id":"https:\/\/www.pressenza.com\/es\/2020\/12\/la-vacuna-de-la-discordia\/#primaryimage"},"image":{"@id":"https:\/\/www.pressenza.com\/es\/2020\/12\/la-vacuna-de-la-discordia\/#primaryimage"},"thumbnailUrl":"https:\/\/www.pressenza.com\/wp-content\/uploads\/2020\/12\/JCMenfermos.jpg","datePublished":"2020-12-13T20:51:04+00:00","description":"Asumido el hecho de estar todos bajo la amenaza del contagio, surgen otras decisiones. Entre promesas y dudas, datos comprobados y especulaciones,","breadcrumb":{"@id":"https:\/\/www.pressenza.com\/es\/2020\/12\/la-vacuna-de-la-discordia\/#breadcrumb"},"inLanguage":"es","potentialAction":[{"@type":"ReadAction","target":["https:\/\/www.pressenza.com\/es\/2020\/12\/la-vacuna-de-la-discordia\/"]}]},{"@type":"ImageObject","inLanguage":"es","@id":"https:\/\/www.pressenza.com\/es\/2020\/12\/la-vacuna-de-la-discordia\/#primaryimage","url":"https:\/\/www.pressenza.com\/wp-content\/uploads\/2020\/12\/JCMenfermos.jpg","contentUrl":"https:\/\/www.pressenza.com\/wp-content\/uploads\/2020\/12\/JCMenfermos.jpg","width":1235,"height":926,"caption":"Juan Carlos Mar\u00edn"},{"@type":"BreadcrumbList","@id":"https:\/\/www.pressenza.com\/es\/2020\/12\/la-vacuna-de-la-discordia\/#breadcrumb","itemListElement":[{"@type":"ListItem","position":1,"name":"Accueil","item":"https:\/\/www.pressenza.com\/es\/"},{"@type":"ListItem","position":2,"name":"La vacuna de la discordia"}]},{"@type":"WebSite","@id":"https:\/\/www.pressenza.com\/es\/#website","url":"https:\/\/www.pressenza.com\/es\/","name":"Pressenza","description":"International Press Agency","publisher":{"@id":"https:\/\/www.pressenza.com\/es\/#organization"},"potentialAction":[{"@type":"SearchAction","target":{"@type":"EntryPoint","urlTemplate":"https:\/\/www.pressenza.com\/es\/?s={search_term_string}"},"query-input":{"@type":"PropertyValueSpecification","valueRequired":true,"valueName":"search_term_string"}}],"inLanguage":"es"},{"@type":"Organization","@id":"https:\/\/www.pressenza.com\/es\/#organization","name":"Pressenza","url":"https:\/\/www.pressenza.com\/es\/","logo":{"@type":"ImageObject","inLanguage":"es","@id":"https:\/\/www.pressenza.com\/es\/#\/schema\/logo\/image\/","url":"https:\/\/www.pressenza.com\/wp-content\/uploads\/2022\/10\/pressenza_logo_200x200.jpg","contentUrl":"https:\/\/www.pressenza.com\/wp-content\/uploads\/2022\/10\/pressenza_logo_200x200.jpg","width":200,"height":200,"caption":"Pressenza"},"image":{"@id":"https:\/\/www.pressenza.com\/es\/#\/schema\/logo\/image\/"},"sameAs":["https:\/\/www.facebook.com\/PressenzaItalia","https:\/\/x.com\/PressenzaIPA"]},{"@type":"Person","@id":"https:\/\/www.pressenza.com\/es\/#\/schema\/person\/6936ca3bb8dee618b5cdfd0e4427cdd6","name":"Carolina V\u00e1squez Araya","description":"Periodista y editora con m\u00e1s de 30 a\u00f1os de experiencia, cuyos logros profesionales en el desarrollo de proyectos de gran \u00e9xito avalan sus cualidades de liderazgo, creatividad y relaciones p\u00fablicas. Ha aportado sus conocimientos en proyectos de organizaciones con intereses orientados al desarrollo social, cultural y econ\u00f3mico del pa\u00eds, con especial \u00e9nfasis en el sector de cultura y educaci\u00f3n, emprendimiento, derechos humanos, justicia, ambiente, mujeres y ni\u00f1ez. Chilena en Guatemala. elquintopatio.wordpress.com","sameAs":["https:\/\/www.facebook.com\/pages\/Carolina-V\u00e1squez-Araya\/241844515845237?fref=ts","https:\/\/x.com\/carvasar"],"url":"https:\/\/www.pressenza.com\/es\/author\/carolina-vasquez-araya\/"}]}},"place":"Cuenca, Ecuador","original_article_url":"","_links":{"self":[{"href":"https:\/\/www.pressenza.com\/es\/wp-json\/wp\/v2\/posts\/1260910","targetHints":{"allow":["GET"]}}],"collection":[{"href":"https:\/\/www.pressenza.com\/es\/wp-json\/wp\/v2\/posts"}],"about":[{"href":"https:\/\/www.pressenza.com\/es\/wp-json\/wp\/v2\/types\/post"}],"author":[{"embeddable":true,"href":"https:\/\/www.pressenza.com\/es\/wp-json\/wp\/v2\/users\/1296"}],"replies":[{"embeddable":true,"href":"https:\/\/www.pressenza.com\/es\/wp-json\/wp\/v2\/comments?post=1260910"}],"version-history":[{"count":0,"href":"https:\/\/www.pressenza.com\/es\/wp-json\/wp\/v2\/posts\/1260910\/revisions"}],"wp:featuredmedia":[{"embeddable":true,"href":"https:\/\/www.pressenza.com\/es\/wp-json\/wp\/v2\/media\/1260911"}],"wp:attachment":[{"href":"https:\/\/www.pressenza.com\/es\/wp-json\/wp\/v2\/media?parent=1260910"}],"wp:term":[{"taxonomy":"category","embeddable":true,"href":"https:\/\/www.pressenza.com\/es\/wp-json\/wp\/v2\/categories?post=1260910"},{"taxonomy":"post_tag","embeddable":true,"href":"https:\/\/www.pressenza.com\/es\/wp-json\/wp\/v2\/tags?post=1260910"}],"curies":[{"name":"wp","href":"https:\/\/api.w.org\/{rel}","templated":true}]}}