{"id":1259015,"date":"2020-12-11T11:58:48","date_gmt":"2020-12-11T11:58:48","guid":{"rendered":"https:\/\/www.pressenza.com\/?p=1259015"},"modified":"2020-12-11T11:58:48","modified_gmt":"2020-12-11T11:58:48","slug":"el-libro-de-patricia","status":"publish","type":"post","link":"https:\/\/www.pressenza.com\/es\/2020\/12\/el-libro-de-patricia\/","title":{"rendered":"El libro de Patricia"},"content":{"rendered":"<p><span style=\"color: #999999;\"><em>8 de diciembre. El Espectador<\/em><\/span><\/p>\n<p>&nbsp;<\/p>\n<p>Muchas cosas siguen disecadas en el tiempo: la crueldad en la distribuci\u00f3n de la tierra, la soledad de los desplazados, el silencio despu\u00e9s de una r\u00e1faga. Pero veinte a\u00f1os despu\u00e9s de la edici\u00f3n original, ni el libro ni los lectores tenemos las mismas formas de sentir lo que han escrito la vida y la muerte en nuestras p\u00e1ginas. Comprendimos que \u201cla fuerza no conquista\u201d; pero con los cementerios llenos y a cuatro a\u00f1os de firmada la paz, todav\u00eda algunos no lo entienden.<\/p>\n<p class=\"font--secondary\">Versi\u00f3n 2020 de <i>Las mujeres en la guerra<\/i> de Patricia Lara. \u00bfC\u00f3mo puede un libro tan triste ser tan bello? Uno siente que m\u00e1s all\u00e1 de la violencia -o m\u00e1s ac\u00e1- la impronta del libro es esa mezcla de amor, valor y resignaci\u00f3n, de fe y sacrilegio, de impotencia y libertad, que tantas veces sentimos las mujeres; unas y otras violencias han tatuado distintos cansancios en el alma y en la espalda: son las huellas que dejan la pobreza, las armas o el abuso; la renuncia impl\u00edcita, esa nube llamada dolor.<\/p>\n<p class=\"font--secondary\">Uno quisiera que el libro fuera una novela, no un testimonio; que nuestro pa\u00eds no llevara tantos a\u00f1os amarrado al sino de la intimidaci\u00f3n, de los poderes corruptos y las fuerzas oscuras. Y que la selva nunca hubiera sido ese lugar donde \u201cuno se siente desprotegido, sin paredes detr\u00e1s de las cuales esconderse, ni puertas que pueda cerrar\u201d.<\/p>\n<p class=\"font--secondary\">Las protagonistas del libro nos llevan por distintos escenarios, circunstancias y duelos: La c\u00e1rcel, el secuestro, el asalto a la farmacia, el sal\u00f3n de clase, los cuerpos despedazados; lloran a sus hijos y defienden idearios de justicia social. Otras pasaron media vida cambiando de insurgencia o diplomacia, de monta\u00f1a o inquilinato. Extra\u00f1ando a su mam\u00e1, a los hijos que nunca concibieron, a los que parieron, a los que dejaron y a los que les mataron.<\/p>\n<p class=\"font--secondary\">Algunas tuvieron que tragarse la nostalgia o el vac\u00edo, porque no pod\u00edan llorar en un pa\u00eds en el que el machismo es, se usa y se exhibe, y discrimina desde el morral de colegiala hasta el morral de combate. Se aferraron entonces a esos tiempos, cuando \u201cno hab\u00eda maldades\u201d, y recuerdan a las amigas -vulnerables y urgentes- antes y despu\u00e9s de la noche inmensa, cuando \u201ccompart\u00edamos momentos de tristeza\u201d.<\/p>\n<p class=\"font--secondary\">Los once testimonios (uno es de madre e hija) de <i>Las mujeres en la guerra<\/i> rompen el coraz\u00f3n, porque -insisto- son verdad, son memoria, son historia. Cada lector tendr\u00e1 su cap\u00edtulo m\u00e1s entra\u00f1able, m\u00e1s lleno de subrayados, el que le genere m\u00e1s conflictos o recuerdos.<\/p>\n<p class=\"font--secondary\">Dos me sedujeron especialmente: el relato de Luz Marina Bernal, la emblem\u00e1tica madre de Soacha que destap\u00f3 una de las peores verg\u00fcenzas de las fuerzas militares: los mal llamados <i>falsos positivos<\/i>. En el libro descubr\u00ed a su hijo de ojos azules y mirada dulce; el que bailaba, ayudaba en todo, hac\u00eda mandados y bondades, pero nunca aprendi\u00f3 a leer ni a escribir; su hermoso \u201cGringo\u201d, masacrado un 12 de enero, mientras corr\u00eda esposado y encapuchado; lo mataron unos desgraciados, para mejorar a punta de infamias su record y su pensi\u00f3n.<\/p>\n<p class=\"font--secondary\">Ese relato, y el de Margot Leong\u00f3mez de Pizarro, tan llena de respeto y de amor por su familia; tan \u00edntegra y valiente\u2026 uno dir\u00eda que el mundo, todo, cab\u00eda en su mundo interior. En lo que hicieron y pensaron sus hijos, en la muerte y en la ternura; en los silencios, en las c\u00e1rceles y en los exilios. En su l\u00ednea del tiempo, con militares, presidentes y guerrilleros. La tortura sufrida. Los ojos tristes, lindos, limpios en su convicci\u00f3n.<\/p>\n<p class=\"font--secondary\"><i>Las mujeres en la guerra<\/i>, un libro para leer, releer y perdonarnos. Y nunca dejar de insistir y persistir en la paz.<\/p>\n","protected":false},"excerpt":{"rendered":"<p>8 de diciembre. El Espectador &nbsp; Muchas cosas siguen disecadas en el tiempo: la crueldad en la distribuci\u00f3n de la tierra, la soledad de los desplazados, el silencio despu\u00e9s de una r\u00e1faga. Pero veinte a\u00f1os despu\u00e9s de la edici\u00f3n original,&hellip;<\/p>\n","protected":false},"author":1897,"featured_media":1259016,"comment_status":"closed","ping_status":"closed","sticky":false,"template":"","format":"standard","meta":{"footnotes":""},"categories":[75,161,1243,67],"tags":[78568,30949,30,922,1025,85039,419],"class_list":["post-1259015","post","type-post","status-publish","format-standard","has-post-thumbnail","hentry","category-cultura-es","category-opiniones","category-paz-desarme","category-sudamerica","tag-lahuelladeloslideres","tag-acuerdos-de-paz","tag-colombia","tag-guerra-es","tag-mujeres","tag-patricia-lara","tag-paz"],"yoast_head":"<!-- This site is optimized with the Yoast SEO plugin v27.1.1 - https:\/\/yoast.com\/product\/yoast-seo-wordpress\/ -->\n<title>El libro de Patricia<\/title>\n<meta name=\"description\" content=\"8 de diciembre. El Espectador &nbsp; Muchas cosas siguen disecadas en el tiempo: la crueldad en la distribuci\u00f3n de la tierra, la soledad de los\" \/>\n<meta name=\"robots\" content=\"index, follow, max-snippet:-1, max-image-preview:large, max-video-preview:-1\" \/>\n<link rel=\"canonical\" href=\"https:\/\/www.pressenza.com\/es\/2020\/12\/el-libro-de-patricia\/\" \/>\n<meta property=\"og:locale\" content=\"es_ES\" \/>\n<meta property=\"og:type\" content=\"article\" \/>\n<meta property=\"og:title\" content=\"El libro de Patricia\" \/>\n<meta property=\"og:description\" content=\"8 de diciembre. El Espectador &nbsp; Muchas cosas siguen disecadas en el tiempo: la crueldad en la distribuci\u00f3n de la tierra, la soledad de los\" \/>\n<meta property=\"og:url\" content=\"https:\/\/www.pressenza.com\/es\/2020\/12\/el-libro-de-patricia\/\" \/>\n<meta property=\"og:site_name\" content=\"Pressenza\" \/>\n<meta property=\"article:publisher\" content=\"https:\/\/www.facebook.com\/PressenzaItalia\" \/>\n<meta property=\"article:published_time\" content=\"2020-12-11T11:58:48+00:00\" \/>\n<meta property=\"og:image\" content=\"https:\/\/www.pressenza.com\/wp-content\/uploads\/2020\/12\/mujeres-en-la-guerra-Patricia-Lara.jpg\" \/>\n\t<meta property=\"og:image:width\" content=\"720\" \/>\n\t<meta property=\"og:image:height\" content=\"540\" \/>\n\t<meta property=\"og:image:type\" content=\"image\/jpeg\" \/>\n<meta name=\"author\" content=\"Gloria Arias Nieto\" \/>\n<meta name=\"twitter:card\" content=\"summary_large_image\" \/>\n<meta name=\"twitter:creator\" content=\"@gloriariasnieto\" \/>\n<meta name=\"twitter:site\" content=\"@PressenzaIPA\" \/>\n<meta name=\"twitter:label1\" content=\"Escrito por\" \/>\n\t<meta name=\"twitter:data1\" content=\"Gloria Arias Nieto\" \/>\n\t<meta name=\"twitter:label2\" content=\"Tiempo de lectura\" \/>\n\t<meta name=\"twitter:data2\" content=\"3 minutos\" \/>\n<script type=\"application\/ld+json\" class=\"yoast-schema-graph\">{\"@context\":\"https:\/\/schema.org\",\"@graph\":[{\"@type\":\"Article\",\"@id\":\"https:\/\/www.pressenza.com\/es\/2020\/12\/el-libro-de-patricia\/#article\",\"isPartOf\":{\"@id\":\"https:\/\/www.pressenza.com\/es\/2020\/12\/el-libro-de-patricia\/\"},\"author\":{\"name\":\"Gloria Arias Nieto\",\"@id\":\"https:\/\/www.pressenza.com\/es\/#\/schema\/person\/476779c5c0c262f919761226ef961a29\"},\"headline\":\"El libro de Patricia\",\"datePublished\":\"2020-12-11T11:58:48+00:00\",\"mainEntityOfPage\":{\"@id\":\"https:\/\/www.pressenza.com\/es\/2020\/12\/el-libro-de-patricia\/\"},\"wordCount\":666,\"publisher\":{\"@id\":\"https:\/\/www.pressenza.com\/es\/#organization\"},\"image\":{\"@id\":\"https:\/\/www.pressenza.com\/es\/2020\/12\/el-libro-de-patricia\/#primaryimage\"},\"thumbnailUrl\":\"https:\/\/www.pressenza.com\/wp-content\/uploads\/2020\/12\/mujeres-en-la-guerra-Patricia-Lara.jpg\",\"keywords\":[\"#LaHuellaDeLosLideres\",\"Acuerdos de Paz\",\"Colombia\",\"guerra\",\"Mujeres\",\"Patricia Lara\",\"Paz\"],\"articleSection\":[\"Cultura y Medios\",\"Opiniones\",\"Paz y Desarme\",\"Sudam\u00e9rica\"],\"inLanguage\":\"es\"},{\"@type\":\"WebPage\",\"@id\":\"https:\/\/www.pressenza.com\/es\/2020\/12\/el-libro-de-patricia\/\",\"url\":\"https:\/\/www.pressenza.com\/es\/2020\/12\/el-libro-de-patricia\/\",\"name\":\"El libro de Patricia\",\"isPartOf\":{\"@id\":\"https:\/\/www.pressenza.com\/es\/#website\"},\"primaryImageOfPage\":{\"@id\":\"https:\/\/www.pressenza.com\/es\/2020\/12\/el-libro-de-patricia\/#primaryimage\"},\"image\":{\"@id\":\"https:\/\/www.pressenza.com\/es\/2020\/12\/el-libro-de-patricia\/#primaryimage\"},\"thumbnailUrl\":\"https:\/\/www.pressenza.com\/wp-content\/uploads\/2020\/12\/mujeres-en-la-guerra-Patricia-Lara.jpg\",\"datePublished\":\"2020-12-11T11:58:48+00:00\",\"description\":\"8 de diciembre. El Espectador &nbsp; Muchas cosas siguen disecadas en el tiempo: la crueldad en la distribuci\u00f3n de la tierra, la soledad de los\",\"breadcrumb\":{\"@id\":\"https:\/\/www.pressenza.com\/es\/2020\/12\/el-libro-de-patricia\/#breadcrumb\"},\"inLanguage\":\"es\",\"potentialAction\":[{\"@type\":\"ReadAction\",\"target\":[\"https:\/\/www.pressenza.com\/es\/2020\/12\/el-libro-de-patricia\/\"]}]},{\"@type\":\"ImageObject\",\"inLanguage\":\"es\",\"@id\":\"https:\/\/www.pressenza.com\/es\/2020\/12\/el-libro-de-patricia\/#primaryimage\",\"url\":\"https:\/\/www.pressenza.com\/wp-content\/uploads\/2020\/12\/mujeres-en-la-guerra-Patricia-Lara.jpg\",\"contentUrl\":\"https:\/\/www.pressenza.com\/wp-content\/uploads\/2020\/12\/mujeres-en-la-guerra-Patricia-Lara.jpg\",\"width\":720,\"height\":540},{\"@type\":\"BreadcrumbList\",\"@id\":\"https:\/\/www.pressenza.com\/es\/2020\/12\/el-libro-de-patricia\/#breadcrumb\",\"itemListElement\":[{\"@type\":\"ListItem\",\"position\":1,\"name\":\"Accueil\",\"item\":\"https:\/\/www.pressenza.com\/es\/\"},{\"@type\":\"ListItem\",\"position\":2,\"name\":\"El libro de Patricia\"}]},{\"@type\":\"WebSite\",\"@id\":\"https:\/\/www.pressenza.com\/es\/#website\",\"url\":\"https:\/\/www.pressenza.com\/es\/\",\"name\":\"Pressenza\",\"description\":\"International Press Agency\",\"publisher\":{\"@id\":\"https:\/\/www.pressenza.com\/es\/#organization\"},\"potentialAction\":[{\"@type\":\"SearchAction\",\"target\":{\"@type\":\"EntryPoint\",\"urlTemplate\":\"https:\/\/www.pressenza.com\/es\/?s={search_term_string}\"},\"query-input\":{\"@type\":\"PropertyValueSpecification\",\"valueRequired\":true,\"valueName\":\"search_term_string\"}}],\"inLanguage\":\"es\"},{\"@type\":\"Organization\",\"@id\":\"https:\/\/www.pressenza.com\/es\/#organization\",\"name\":\"Pressenza\",\"url\":\"https:\/\/www.pressenza.com\/es\/\",\"logo\":{\"@type\":\"ImageObject\",\"inLanguage\":\"es\",\"@id\":\"https:\/\/www.pressenza.com\/es\/#\/schema\/logo\/image\/\",\"url\":\"https:\/\/www.pressenza.com\/wp-content\/uploads\/2022\/10\/pressenza_logo_200x200.jpg\",\"contentUrl\":\"https:\/\/www.pressenza.com\/wp-content\/uploads\/2022\/10\/pressenza_logo_200x200.jpg\",\"width\":200,\"height\":200,\"caption\":\"Pressenza\"},\"image\":{\"@id\":\"https:\/\/www.pressenza.com\/es\/#\/schema\/logo\/image\/\"},\"sameAs\":[\"https:\/\/www.facebook.com\/PressenzaItalia\",\"https:\/\/x.com\/PressenzaIPA\"]},{\"@type\":\"Person\",\"@id\":\"https:\/\/www.pressenza.com\/es\/#\/schema\/person\/476779c5c0c262f919761226ef961a29\",\"name\":\"Gloria Arias Nieto\",\"description\":\"M\u00e9dica y periodista, columnista de El Espectador. Promotora de procesos de paz y reconciliaci\u00f3n. Miembro del movimiento Defendamos la Paz (DLP) @gloriariasnieto\",\"sameAs\":[\"https:\/\/x.com\/gloriariasnieto\"],\"url\":\"https:\/\/www.pressenza.com\/es\/author\/gloria-arias-nieto\/\"}]}<\/script>\n<!-- \/ Yoast SEO plugin. -->","yoast_head_json":{"title":"El libro de Patricia","description":"8 de diciembre. El Espectador &nbsp; Muchas cosas siguen disecadas en el tiempo: la crueldad en la distribuci\u00f3n de la tierra, la soledad de los","robots":{"index":"index","follow":"follow","max-snippet":"max-snippet:-1","max-image-preview":"max-image-preview:large","max-video-preview":"max-video-preview:-1"},"canonical":"https:\/\/www.pressenza.com\/es\/2020\/12\/el-libro-de-patricia\/","og_locale":"es_ES","og_type":"article","og_title":"El libro de Patricia","og_description":"8 de diciembre. El Espectador &nbsp; Muchas cosas siguen disecadas en el tiempo: la crueldad en la distribuci\u00f3n de la tierra, la soledad de los","og_url":"https:\/\/www.pressenza.com\/es\/2020\/12\/el-libro-de-patricia\/","og_site_name":"Pressenza","article_publisher":"https:\/\/www.facebook.com\/PressenzaItalia","article_published_time":"2020-12-11T11:58:48+00:00","og_image":[{"width":720,"height":540,"url":"https:\/\/www.pressenza.com\/wp-content\/uploads\/2020\/12\/mujeres-en-la-guerra-Patricia-Lara.jpg","type":"image\/jpeg"}],"author":"Gloria Arias Nieto","twitter_card":"summary_large_image","twitter_creator":"@gloriariasnieto","twitter_site":"@PressenzaIPA","twitter_misc":{"Escrito por":"Gloria Arias Nieto","Tiempo de lectura":"3 minutos"},"schema":{"@context":"https:\/\/schema.org","@graph":[{"@type":"Article","@id":"https:\/\/www.pressenza.com\/es\/2020\/12\/el-libro-de-patricia\/#article","isPartOf":{"@id":"https:\/\/www.pressenza.com\/es\/2020\/12\/el-libro-de-patricia\/"},"author":{"name":"Gloria Arias Nieto","@id":"https:\/\/www.pressenza.com\/es\/#\/schema\/person\/476779c5c0c262f919761226ef961a29"},"headline":"El libro de Patricia","datePublished":"2020-12-11T11:58:48+00:00","mainEntityOfPage":{"@id":"https:\/\/www.pressenza.com\/es\/2020\/12\/el-libro-de-patricia\/"},"wordCount":666,"publisher":{"@id":"https:\/\/www.pressenza.com\/es\/#organization"},"image":{"@id":"https:\/\/www.pressenza.com\/es\/2020\/12\/el-libro-de-patricia\/#primaryimage"},"thumbnailUrl":"https:\/\/www.pressenza.com\/wp-content\/uploads\/2020\/12\/mujeres-en-la-guerra-Patricia-Lara.jpg","keywords":["#LaHuellaDeLosLideres","Acuerdos de Paz","Colombia","guerra","Mujeres","Patricia Lara","Paz"],"articleSection":["Cultura y Medios","Opiniones","Paz y Desarme","Sudam\u00e9rica"],"inLanguage":"es"},{"@type":"WebPage","@id":"https:\/\/www.pressenza.com\/es\/2020\/12\/el-libro-de-patricia\/","url":"https:\/\/www.pressenza.com\/es\/2020\/12\/el-libro-de-patricia\/","name":"El libro de Patricia","isPartOf":{"@id":"https:\/\/www.pressenza.com\/es\/#website"},"primaryImageOfPage":{"@id":"https:\/\/www.pressenza.com\/es\/2020\/12\/el-libro-de-patricia\/#primaryimage"},"image":{"@id":"https:\/\/www.pressenza.com\/es\/2020\/12\/el-libro-de-patricia\/#primaryimage"},"thumbnailUrl":"https:\/\/www.pressenza.com\/wp-content\/uploads\/2020\/12\/mujeres-en-la-guerra-Patricia-Lara.jpg","datePublished":"2020-12-11T11:58:48+00:00","description":"8 de diciembre. El Espectador &nbsp; Muchas cosas siguen disecadas en el tiempo: la crueldad en la distribuci\u00f3n de la tierra, la soledad de los","breadcrumb":{"@id":"https:\/\/www.pressenza.com\/es\/2020\/12\/el-libro-de-patricia\/#breadcrumb"},"inLanguage":"es","potentialAction":[{"@type":"ReadAction","target":["https:\/\/www.pressenza.com\/es\/2020\/12\/el-libro-de-patricia\/"]}]},{"@type":"ImageObject","inLanguage":"es","@id":"https:\/\/www.pressenza.com\/es\/2020\/12\/el-libro-de-patricia\/#primaryimage","url":"https:\/\/www.pressenza.com\/wp-content\/uploads\/2020\/12\/mujeres-en-la-guerra-Patricia-Lara.jpg","contentUrl":"https:\/\/www.pressenza.com\/wp-content\/uploads\/2020\/12\/mujeres-en-la-guerra-Patricia-Lara.jpg","width":720,"height":540},{"@type":"BreadcrumbList","@id":"https:\/\/www.pressenza.com\/es\/2020\/12\/el-libro-de-patricia\/#breadcrumb","itemListElement":[{"@type":"ListItem","position":1,"name":"Accueil","item":"https:\/\/www.pressenza.com\/es\/"},{"@type":"ListItem","position":2,"name":"El libro de Patricia"}]},{"@type":"WebSite","@id":"https:\/\/www.pressenza.com\/es\/#website","url":"https:\/\/www.pressenza.com\/es\/","name":"Pressenza","description":"International Press Agency","publisher":{"@id":"https:\/\/www.pressenza.com\/es\/#organization"},"potentialAction":[{"@type":"SearchAction","target":{"@type":"EntryPoint","urlTemplate":"https:\/\/www.pressenza.com\/es\/?s={search_term_string}"},"query-input":{"@type":"PropertyValueSpecification","valueRequired":true,"valueName":"search_term_string"}}],"inLanguage":"es"},{"@type":"Organization","@id":"https:\/\/www.pressenza.com\/es\/#organization","name":"Pressenza","url":"https:\/\/www.pressenza.com\/es\/","logo":{"@type":"ImageObject","inLanguage":"es","@id":"https:\/\/www.pressenza.com\/es\/#\/schema\/logo\/image\/","url":"https:\/\/www.pressenza.com\/wp-content\/uploads\/2022\/10\/pressenza_logo_200x200.jpg","contentUrl":"https:\/\/www.pressenza.com\/wp-content\/uploads\/2022\/10\/pressenza_logo_200x200.jpg","width":200,"height":200,"caption":"Pressenza"},"image":{"@id":"https:\/\/www.pressenza.com\/es\/#\/schema\/logo\/image\/"},"sameAs":["https:\/\/www.facebook.com\/PressenzaItalia","https:\/\/x.com\/PressenzaIPA"]},{"@type":"Person","@id":"https:\/\/www.pressenza.com\/es\/#\/schema\/person\/476779c5c0c262f919761226ef961a29","name":"Gloria Arias Nieto","description":"M\u00e9dica y periodista, columnista de El Espectador. Promotora de procesos de paz y reconciliaci\u00f3n. Miembro del movimiento Defendamos la Paz (DLP) @gloriariasnieto","sameAs":["https:\/\/x.com\/gloriariasnieto"],"url":"https:\/\/www.pressenza.com\/es\/author\/gloria-arias-nieto\/"}]}},"place":"Bogot\u00e1, Colombia","original_article_url":"https:\/\/www.elespectador.com\/opinion\/el-libro-de-patricia-lara\/","_links":{"self":[{"href":"https:\/\/www.pressenza.com\/es\/wp-json\/wp\/v2\/posts\/1259015","targetHints":{"allow":["GET"]}}],"collection":[{"href":"https:\/\/www.pressenza.com\/es\/wp-json\/wp\/v2\/posts"}],"about":[{"href":"https:\/\/www.pressenza.com\/es\/wp-json\/wp\/v2\/types\/post"}],"author":[{"embeddable":true,"href":"https:\/\/www.pressenza.com\/es\/wp-json\/wp\/v2\/users\/1897"}],"replies":[{"embeddable":true,"href":"https:\/\/www.pressenza.com\/es\/wp-json\/wp\/v2\/comments?post=1259015"}],"version-history":[{"count":0,"href":"https:\/\/www.pressenza.com\/es\/wp-json\/wp\/v2\/posts\/1259015\/revisions"}],"wp:featuredmedia":[{"embeddable":true,"href":"https:\/\/www.pressenza.com\/es\/wp-json\/wp\/v2\/media\/1259016"}],"wp:attachment":[{"href":"https:\/\/www.pressenza.com\/es\/wp-json\/wp\/v2\/media?parent=1259015"}],"wp:term":[{"taxonomy":"category","embeddable":true,"href":"https:\/\/www.pressenza.com\/es\/wp-json\/wp\/v2\/categories?post=1259015"},{"taxonomy":"post_tag","embeddable":true,"href":"https:\/\/www.pressenza.com\/es\/wp-json\/wp\/v2\/tags?post=1259015"}],"curies":[{"name":"wp","href":"https:\/\/api.w.org\/{rel}","templated":true}]}}