{"id":1257920,"date":"2020-12-09T18:29:43","date_gmt":"2020-12-09T18:29:43","guid":{"rendered":"https:\/\/www.pressenza.com\/?p=1257920"},"modified":"2020-12-09T18:32:04","modified_gmt":"2020-12-09T18:32:04","slug":"en-guatemala-los-poderes-facticos-cooptaron-todos-los-organismos-del-estado-patricia-zapata","status":"publish","type":"post","link":"https:\/\/www.pressenza.com\/es\/2020\/12\/en-guatemala-los-poderes-facticos-cooptaron-todos-los-organismos-del-estado-patricia-zapata\/","title":{"rendered":"\u201cEn Guatemala los poderes f\u00e1cticos cooptaron todos los organismos del Estado\u201d Patricia Zapata"},"content":{"rendered":"<p><strong>En Guatemala nos espera Patricia Zapata, nuestra corresponsal en Centroam\u00e9rica. Y toca ir a Guatemala, porque despu\u00e9s de ocuparnos de Per\u00fa y las movilizaciones que hicieron caer el intento de gobierno surgido despu\u00e9s de que el Congreso declarara la vacancia de Mart\u00edn Vizcarra. Casi en simult\u00e1neo, el pueblo guatemalteco sali\u00f3 a denunciar la corrupci\u00f3n del gobierno derechista de Alejandro Giammattei. Su situaci\u00f3n es de total inestabilidad, aunque cont\u00f3 con el apoyo de una misi\u00f3n de la OEA.<\/strong><\/p>\n<!--[if lt IE 9]><script>document.createElement('audio');<\/script><![endif]-->\n<audio class=\"wp-audio-shortcode\" id=\"audio-1257920-1\" preload=\"none\" style=\"width: 100%;\" controls=\"controls\"><source type=\"audio\/mpeg\" src=\"https:\/\/ar.ivoox.com\/es\/8220-en-guatemala-poderes-facticos-cooptaron-todos-los_md_62018332_wp_1.mp3?_=1\" \/><a href=\"https:\/\/ar.ivoox.com\/es\/8220-en-guatemala-poderes-facticos-cooptaron-todos-los_md_62018332_wp_1.mp3\">https:\/\/ar.ivoox.com\/es\/8220-en-guatemala-poderes-facticos-cooptaron-todos-los_md_62018332_wp_1.mp3<\/a><\/audio>\n<p><a title=\"\u201cEn Guatemala los poderes f\u00e1cticos cooptaron todos los organismos del Estado\u201d Patricia Zapata\" href=\"https:\/\/go.ivoox.com\/rf\/62018332\">Ir a descargar<\/a><\/p>\n<p>Quer\u00eda solo empezar con una precisi\u00f3n la misi\u00f3n del OEA m\u00e1s bien fue a solicitud del presidente Giammattei invocando lo de la Carta Democr\u00e1tica, no fue una cuesti\u00f3n espontanea que decidiera acompa\u00f1ar sino a solicitud de \u00e9l y lo cual fue muy mal recibido en los sectores sociales en Guatemala porque tampoco es que se estuviera planeando un golpe de estado como \u00e9l argumentaba<\/p>\n<p><strong>Justamente quer\u00eda arrancar por ese lado, \u00bfc\u00f3mo era que hab\u00eda ca\u00eddo la OEA en Guatemala, si no hab\u00eda peligro de golpe de estado como lo dices y cu\u00e1les fueron todos estos sectores que salieron a rechazar toda esta situaci\u00f3n? <\/strong><\/p>\n<p>En Guatemala primero se est\u00e1n conjuntando como tres grandes cosas en este momento, que yo creo que hay que precisar para entender qui\u00e9nes y por qu\u00e9 salieron a las calles. Lo primero es el tratamiento de la pandemia por el covid-19 todo lo que sucedi\u00f3 que colm\u00f3 el plato de muchos sectores en Guatemala, el d\u00eda 1 de la pandemia el sistema de salud estaba colapsado totalmente, estaba colapsado de antes. Asignaron fondos millonarios para el tratamiento de la pandemia, fondos que incluso como declararon emergencia sanitaria el gobierno tuvo la posibilidad de prestarse a s\u00ed mismo, el Banco de Guatemala le dio un pr\u00e9stamo al gobierno para tratar la pandemia, m\u00e1s los fondos internacionales y hubo una incapacidad absoluta para poder ejecutar estos fondos y atender la pandemia, eso hab\u00eda sido lo primero.<\/p>\n<p>Lo segundo tiene que ver con los efectos que hubo en el pa\u00eds por los recientes fen\u00f3menos clim\u00e1ticos que dejaron inundadas un mont\u00f3n de comunidades, el interior del pa\u00eds fue sumamente afectado y que marca como otra pauta para Guatemala y despu\u00e9s de eso, se da el hecho de que el Congreso de la Rep\u00fablica aprueba el presupuesto que el presidente manda al Congreso y lo aprueba tal y como est\u00e1, es el presupuesto m\u00e1s alto en la historia de Guatemala y est\u00e1 claramente dirigido a favorecer a los sectores empresariales oligarcas y el decrimiento de la poblaci\u00f3n. Se recorta el gasto social, eso fue lo que deton\u00f3 estas manifestaciones.<\/p>\n<p>Y qui\u00e9nes salen. En Guatemala se repite un poco el fen\u00f3meno que se dio cuando en 2014-2015 se da la crisis que termina con la ca\u00edda del presidente Otto P\u00e9rez Molina, donde realmente hay una diversidad de actores en la calle, salieron estudiantes, pero tambi\u00e9n salieron campesinos, autoridades ancestrales, la gente estaba en la calle y lo que ped\u00edan era un desahogo a esta situaci\u00f3n que se est\u00e1 viviendo, que basta de tanta corrupci\u00f3n en el Congreso. Todo esto tambi\u00e9n lo tienes que vincular, un poco, con una situaci\u00f3n de la que se est\u00e1 hablando much\u00edsimo que en Guatemala es una realidad y es toda la cooptaci\u00f3n de los organismos del Estado, de todos los organismos del Estado por poderes que son como poderes f\u00e1cticos. En Guatemala se habla de un pacto de corruptos que son los que tienen como cooptadas todas las instituciones, que hasta solo se ha salvado la Corte de Constitucionalidad y han hecho intentos por tambi\u00e9n cooptarla.<\/p>\n<p>Fue como un decir \u201cbasta de tanto\u201d y termin\u00f3 como termin\u00f3, mucha gente en la calle, hubo actos violentos. Los analistas en Guatemala dicen que los conatos violentos que terminaron con la quema del Congreso, no fueron conatos de la gente que sali\u00f3 a manifestar, dice que la manifestaci\u00f3n era pac\u00edfica y que hubo una serie de provocaciones que terminaron con la quema del Congreso, puedo decir que est\u00e1n saliendo los sectores sociales m\u00e1s amplios.<\/p>\n<p><strong>Hace poquito habl\u00e1bamos con Jorge Burgos, director de Criterio.hn, para que nos contara lo que pasaba en Honduras, realmente es un gui\u00f3n o una explicaci\u00f3n tan parecida, son como dos pa\u00edses que se los ve a la distancia con muchas similitudes. Sin embargo, hay una diferencia muy grande y es que en Guatemala se vot\u00f3 para tener un gobierno despu\u00e9s de Otto Molina, vino Jimmy Morales que fue nefasto y ahora Giammattei que est\u00e1 hasta peor, la institucionalidad est\u00e1 un poquito m\u00e1s armada en Guatemala, sin embargo, no hay ninguna transformaci\u00f3n a la vista.<\/strong><\/p>\n<p>No, sin duda la institucionalidad efectivamente, yo creo que en el tiempo de la pos guerra si est\u00e1 un poco m\u00e1s armada en t\u00e9rminos por lo menos te\u00f3ricos, sin embargo esto no ha llevado desde ning\u00fan punto de vista a que en Guatemala se den algunos cambios estructurales que, finalmente, cambien la situaci\u00f3n. Situaci\u00f3n que provoc\u00f3 una guerra de 36 a\u00f1os. Es esta exclusi\u00f3n, esta miseria lo que provoc\u00f3 la guerra y nos vemos a m\u00e1s de 25 de la firma de la paz, se firm\u00f3 en el 96 estamos en 2020, 25 a\u00f1os de la firma de la paz y seguimos encontrando en el pa\u00eds todos estos elementos estructurales que provocaron la guerra, la situaci\u00f3n de miseria, la situaci\u00f3n de la poblaci\u00f3n rural del pa\u00eds.<\/p>\n<p>En Guatemala el 53% de los ni\u00f1os menores de 6 a\u00f1os tienen desnutrici\u00f3n grave, la situaci\u00f3n es catastr\u00f3fica, entonces la institucionalidad efectivamente est\u00e1 m\u00e1s armada pero habr\u00eda que poner cuidado porque yo creo que en este momento hay un riesgo tambi\u00e9n en la institucionalidad, porque todo este conflicto ha llevado a una confrontaci\u00f3n que es importante, que no podemos menospreciar, entre el presidente de la rep\u00fablica y el vicepresidente. El vicepresidente incluso hizo un llamado a Alejandro Giammattei a que renunciaran y renunciaran ambos porque el manejo de todo lo que est\u00e1 sucediendo en Guatemala es fatal y \u00e9l dice \u201clo estamos haciendo mal y no hay forma de esto\u201d. El presidente Giammattei dijo que no iba a renunciar, neg\u00f3 cualquier posibilidad, se supone que convoc\u00f3 al di\u00e1logo del que al final est\u00e1n solo los empresarios, con la visita de la misi\u00f3n de la OEA a solicitud de Giammattei hubo otra confrontaci\u00f3n, el vicepresidente no acept\u00f3 reunirse con la misi\u00f3n y los sectores sociales tampoco se reunieron con la misi\u00f3n.<\/p>\n<p><strong>Pensando en esos sectores sociales que es de d\u00f3nde deber\u00eda surgir una respuesta a todo esto que nos est\u00e1s contando, porque est\u00e1 claro que toda la clase pol\u00edtica ha estado, en mayor o menor medida, involucrada en toda esta trama de corrupci\u00f3n, \u00bfpero qu\u00e9 podemos esperar ah\u00ed?, \u00bfhay sindicatos fuertes?, \u00bfhay movimientos originarios fuertes?, \u00bfestos empiezan a articularse de alguna manera, empiezan a crear algo que puedan conducir desde la pol\u00edtica, desde una v\u00eda pacifica digamos, una transformaci\u00f3n? \u00bfC\u00f3mo lo ves eso, Patricia?<\/strong><\/p>\n<p>Yo creo que aqu\u00ed es muy importante algo, con la situaci\u00f3n en Guatemala uno tiende a caer en el pesimismo, yo me voy a abstraer de eso en este momento, yo creo que hay un elemento positivo y que puede llevarnos a mejores condiciones. Este a\u00f1o Guatemala se logr\u00f3 la conformaci\u00f3n de un frente campesino, en este frente campesino convergen 4 organizaciones campesinas de las distintas regiones del pa\u00eds, pero sobre todo convergen los liderazgos campesinos hist\u00f3ricos, que tienen una gran legitimidad en Guatemala y que tienen mucho trabajo de base en el Occidente del pa\u00eds, pero tambi\u00e9n en el Oriente. Es importante que se haya logrado formar este frente porque interpel\u00f3 y puso en articulaci\u00f3n a organizaciones campesinas que tradicionalmente actuaban solas en sus regiones de incidencia. Yo creo que este frente campesino donde est\u00e1n organizaciones tan hist\u00f3ricas como el CUC que es el Comit\u00e9 de Unidad Campesina, que jug\u00f3 un papel fundamental en la guerra, el Comit\u00e9 Campesino del Altiplano e incluso el pueblo Chortis que est\u00e1 ubicado en el oriente del pa\u00eds y que es una zona tradicionalmente olvidada del pa\u00eds.<\/p>\n<p>Yo creo que el frente campesino ha estado teniendo planteamientos y se abre una posibilidad de que haya un interlocutor social que pueda como proponer cosas, que tenga una visi\u00f3n de mediano y largo alcance en torno al cual se puedan articular cosas. Los pueblos originaros representados por las autoridades ancestrales est\u00e1n en un proceso de articulaci\u00f3n, incluso los pueblos ancestrales la semana pasada le dieron 24 horas a Giammattei para que renunciara y si no, iban a empezar con los bloqueos carreteros, que de hecho, ya empezaron. Pero sobre todo Mariano, yo creo que lo que es m\u00e1s importante decir es que lo que se ve ahora, no es que se ve con claridad, pero lo que podemos intuir es que s\u00ed hay un proyecto pol\u00edtico dentro de estas organizaciones. Un proyecto pol\u00edtico que ve al pa\u00eds a largo y mediano plazo y que no es \u00fanicamente una demanda inmediata, como era en la crisis anterior donde lo que se quer\u00eda era la lucha contra la corrupci\u00f3n y la renuncia del presidente y la vicepresidenta. La lucha contra la corrupci\u00f3n en Guatemala es necesaria e indispensable, pero es absolutamente insuficiente, no es solo eso lo que se necesita. Entonces, yo creo que por ah\u00ed se perfilan cosas, creo que necesariamente habr\u00e1 que fortalecer todas estas articulaciones y todos estos liderazgos, habr\u00e1 que apuntalar estos liderazgos para que jueguen un papel, porque necesariamente la salida es un di\u00e1logo, pero no es un di\u00e1logo entre c\u00fapulas y entre el presidente y los empresarios, es un di\u00e1logo que tiene que tomar en cuenta a las organizaciones sociales y a los distintos sectores de la sociedad.<\/p>\n<p><strong>Yo tengo un problema con la institucionalidad porque resulta que toda esta movida desde abajo, todo este esfuerzo, toda esta movilizaci\u00f3n tremenda que hacen las organizaciones, los colectivos, los pueblos como que siempre termina choc\u00e1ndose con una institucionalidad, como amarrada, de partidos, de estructuras que evidentemente, no responden a este vigor popular y social. Pero parecer\u00eda que ese vigor queda como atrapado y entonces me pregunto: \u00bfc\u00f3mo ser\u00e1 que eso se supera para el caso de Guatemala? <\/strong><\/p>\n<p>Nelsy, yo creo que es as\u00ed y que fue as\u00ed, incluso yo creo que todas estas movilizaciones\u00a0 sociales que se dieron durante el gobierno de Otto P\u00e9rez no es solo que quedaron atrapadas, sino que hubo hasta un juego utilitario de estas acciones de las c\u00fapulas que, en realidad, se acomodaron en el poder. Eso es terrible, no es Guatemala el \u00fanico lugar donde sucede, lo podemos ver en distintos pa\u00edses, en M\u00e9xico mismo, en muchos pa\u00edses de la regi\u00f3n. Pero yo creo que eso si est\u00e1 necesariamente marcado porque cuando la gente sale a movilizarse de forma espont\u00e1nea es v\u00e1lido, es leg\u00edtimo, pero carece de procesos organizativos como m\u00e1s s\u00f3lidos, que puedan tener esta mirada de mediano y largo plazo como un proyecto espec\u00edfico. Para mi es importante lo que est\u00e1 sucediendo en Guatemala porque creo que despu\u00e9s de muchos a\u00f1os de tropiezos, de experiencias cada una m\u00e1s perversa que la anterior, empezamos a darnos cuenta de la necesidad de que estos procesos de desbordamiento social tengan una base mucho m\u00e1s organizativa y tengan un planteamiento pol\u00edtico de mediano y largo alcance, que permita seguir siendo presi\u00f3n social. Porque cay\u00f3 Otto P\u00e9rez, \u00bfy en qu\u00e9 cambio Guatemala? No pudimos transcender a seguir siendo la presi\u00f3n social y despu\u00e9s tuvimos la cat\u00e1strofe de Jimmy Morales y ahora vamos con Giammattei, que est\u00e1 igual o peor en t\u00e9rminos de la conducci\u00f3n del pa\u00eds.<\/p>\n<p>Entonces por donde yo veo la salida, necesariamente pasa por esta articulaci\u00f3n y esta organizaci\u00f3n clara con un proyecto de pa\u00eds que pueda hacernos trascender y sacarnos de estas olas y picos de desbordamiento, que despu\u00e9s vienen hacia abajo y hacia abajo en la curva y se quedan ah\u00ed estancados por a\u00f1os. Hasta que vuelve a pasar algo que nos vuelve a sacar, eso puede ser desgastante y tenemos que apostar porque logremos alianzas, organizaciones y articulaciones tales que este peso sea un poco m\u00e1s permanente y no responda \u00fanicamente a l\u00f3gicas coyunturales.<\/p>\n<p><strong>Patricia, estoy al otro lado del continente, pero veo que Guatemala tiene un vecino muy grande, muy fuerte, que tiene otro color, otra manera de relacionarse con movimientos sociales, con pueblos originarios, con la comunidad organizada, \u00bfqu\u00e9 puede aportarle M\u00e9xico en este momento a Guatemala en todo esto?<\/strong><\/p>\n<p>Yo creo que el gobierno de Andr\u00e9s Manuel podr\u00eda jugar un papel por lo menos como acuerpando a la regi\u00f3n centroamericana, en la l\u00f3gica de buscar mejores condiciones de vida para la regi\u00f3n. Pero me preocupa un poco que Andr\u00e9s tiene todos los ojos y su agenda puesta en lo nacional, y esto lo podemos ver en todas las acciones del gobierno. Creo que est\u00e1 mirando muy poco hacia afuera, incluso con la crisis de los migrantes hondure\u00f1os, las caravanas que salieron, no logro ver como que sea prioritario para el gobierno de M\u00e9xico arrastrar en alguna medida a estos pa\u00edses y ahora tienen mucha cercan\u00eda con el sur de M\u00e9xico. Pero acu\u00e9rdate que M\u00e9xico es un monstruo y que el centro y el norte tambi\u00e9n est\u00e1n super alejados de la realidad centroamericana. Yo creo que eso es otro tema que habr\u00eda que tener en cuenta y es que nosotros como regi\u00f3n, si no hacemos alianzas, nuestros pa\u00edses son peque\u00f1os y nos enfrentamos a un mundo global mucho m\u00e1s articulado y nosotros no nos hemos articulado en esa misma l\u00f3gica, en esa misma medida y a esa misma velocidad.<\/p>\n<p><strong>Clar\u00edsima, Patricia Zapata, much\u00edsimas gracias por este repaso de lo que est\u00e1 pasando en Guatemala, para poder entender todo lo que se encuentra en Centro Am\u00e9rica, much\u00edsimas gracias de nuevo. <\/strong><\/p>\n","protected":false},"excerpt":{"rendered":"<p>En Guatemala nos espera Patricia Zapata, nuestra corresponsal en Centroam\u00e9rica. Y toca ir a Guatemala, porque despu\u00e9s de ocuparnos de Per\u00fa y las movilizaciones que hicieron caer el intento de gobierno surgido despu\u00e9s de que el Congreso declarara la vacancia&hellip;<\/p>\n","protected":false},"author":1011,"featured_media":1257924,"comment_status":"closed","ping_status":"closed","sticky":false,"template":"","format":"standard","meta":{"footnotes":""},"categories":[69,11389,79,155,74,80,22754],"tags":[70731,84834,69785,65704,1828,5286,16372,40752,26018],"class_list":["post-1257920","post","type-post","status-publish","format-standard","has-post-thumbnail","hentry","category-america-central","category-contenido-original","category-derechos-humanos","category-entrevistas","category-politica-es","category-pueblos-originarios","category-radio-es","tag-4-elementos","tag-alejandro-giammattei","tag-cuatro-elementos","tag-estallido-social","tag-guatemala-es","tag-oea","tag-pichincha-universal","tag-pressenza-internacional","tag-protestas"],"yoast_head":"<!-- This site is optimized with the Yoast SEO plugin v27.1.1 - https:\/\/yoast.com\/product\/yoast-seo-wordpress\/ -->\n<title>\u201cEn Guatemala los poderes f\u00e1cticos cooptaron todos los organismos del Estado\u201d Patricia Zapata<\/title>\n<meta name=\"description\" content=\"En Guatemala nos espera Patricia Zapata, nuestra corresponsal en Centroam\u00e9rica. Y toca ir a Guatemala, porque despu\u00e9s de ocuparnos de Per\u00fa y las\" \/>\n<meta name=\"robots\" content=\"index, follow, max-snippet:-1, max-image-preview:large, max-video-preview:-1\" \/>\n<link rel=\"canonical\" href=\"https:\/\/www.pressenza.com\/es\/2020\/12\/en-guatemala-los-poderes-facticos-cooptaron-todos-los-organismos-del-estado-patricia-zapata\/\" \/>\n<meta property=\"og:locale\" content=\"es_ES\" \/>\n<meta property=\"og:type\" content=\"article\" \/>\n<meta property=\"og:title\" content=\"\u201cEn Guatemala los poderes f\u00e1cticos cooptaron todos los organismos del Estado\u201d Patricia Zapata\" \/>\n<meta property=\"og:description\" content=\"En Guatemala nos espera Patricia Zapata, nuestra corresponsal en Centroam\u00e9rica. Y toca ir a Guatemala, porque despu\u00e9s de ocuparnos de Per\u00fa y las\" \/>\n<meta property=\"og:url\" content=\"https:\/\/www.pressenza.com\/es\/2020\/12\/en-guatemala-los-poderes-facticos-cooptaron-todos-los-organismos-del-estado-patricia-zapata\/\" \/>\n<meta property=\"og:site_name\" content=\"Pressenza\" \/>\n<meta property=\"article:publisher\" content=\"https:\/\/www.facebook.com\/PressenzaItalia\" \/>\n<meta property=\"article:published_time\" content=\"2020-12-09T18:29:43+00:00\" \/>\n<meta property=\"article:modified_time\" content=\"2020-12-09T18:32:04+00:00\" \/>\n<meta property=\"og:image\" content=\"https:\/\/www.pressenza.com\/wp-content\/uploads\/2020\/12\/Entrevistado-27.png\" \/>\n\t<meta property=\"og:image:width\" content=\"1920\" \/>\n\t<meta property=\"og:image:height\" content=\"1080\" \/>\n\t<meta property=\"og:image:type\" content=\"image\/png\" \/>\n<meta name=\"author\" content=\"Redacci\u00f3n Ecuador\" \/>\n<meta name=\"twitter:card\" content=\"summary_large_image\" \/>\n<meta name=\"twitter:creator\" content=\"@PressenzaIPA\" \/>\n<meta name=\"twitter:site\" content=\"@PressenzaIPA\" \/>\n<meta name=\"twitter:label1\" content=\"Escrito por\" \/>\n\t<meta name=\"twitter:data1\" content=\"Redacci\u00f3n Ecuador\" \/>\n\t<meta name=\"twitter:label2\" content=\"Tiempo de lectura\" \/>\n\t<meta name=\"twitter:data2\" content=\"12 minutos\" \/>\n<script type=\"application\/ld+json\" class=\"yoast-schema-graph\">{\"@context\":\"https:\/\/schema.org\",\"@graph\":[{\"@type\":\"Article\",\"@id\":\"https:\/\/www.pressenza.com\/es\/2020\/12\/en-guatemala-los-poderes-facticos-cooptaron-todos-los-organismos-del-estado-patricia-zapata\/#article\",\"isPartOf\":{\"@id\":\"https:\/\/www.pressenza.com\/es\/2020\/12\/en-guatemala-los-poderes-facticos-cooptaron-todos-los-organismos-del-estado-patricia-zapata\/\"},\"author\":{\"name\":\"Redacci\u00f3n Ecuador\",\"@id\":\"https:\/\/www.pressenza.com\/es\/#\/schema\/person\/883a735c40665759bcc6fe0c26bcb46f\"},\"headline\":\"\u201cEn Guatemala los poderes f\u00e1cticos cooptaron todos los organismos del Estado\u201d Patricia Zapata\",\"datePublished\":\"2020-12-09T18:29:43+00:00\",\"dateModified\":\"2020-12-09T18:32:04+00:00\",\"mainEntityOfPage\":{\"@id\":\"https:\/\/www.pressenza.com\/es\/2020\/12\/en-guatemala-los-poderes-facticos-cooptaron-todos-los-organismos-del-estado-patricia-zapata\/\"},\"wordCount\":2468,\"publisher\":{\"@id\":\"https:\/\/www.pressenza.com\/es\/#organization\"},\"image\":{\"@id\":\"https:\/\/www.pressenza.com\/es\/2020\/12\/en-guatemala-los-poderes-facticos-cooptaron-todos-los-organismos-del-estado-patricia-zapata\/#primaryimage\"},\"thumbnailUrl\":\"https:\/\/www.pressenza.com\/wp-content\/uploads\/2020\/12\/Entrevistado-27.png\",\"keywords\":[\"4 Elementos\",\"Alejandro Giammattei\",\"Cuatro Elementos\",\"estallido social\",\"Guatemala\",\"OEA\",\"Pichincha Universal\",\"Pressenza Internacional\",\"protestas\"],\"articleSection\":[\"Am\u00e9rica Central\",\"Contenido Original\",\"Derechos Humanos\",\"Entrevistas\",\"Pol\u00edtica\",\"Pueblos Originarios\",\"Radio\"],\"inLanguage\":\"es\"},{\"@type\":\"WebPage\",\"@id\":\"https:\/\/www.pressenza.com\/es\/2020\/12\/en-guatemala-los-poderes-facticos-cooptaron-todos-los-organismos-del-estado-patricia-zapata\/\",\"url\":\"https:\/\/www.pressenza.com\/es\/2020\/12\/en-guatemala-los-poderes-facticos-cooptaron-todos-los-organismos-del-estado-patricia-zapata\/\",\"name\":\"\u201cEn Guatemala los poderes f\u00e1cticos cooptaron todos los organismos del Estado\u201d Patricia Zapata\",\"isPartOf\":{\"@id\":\"https:\/\/www.pressenza.com\/es\/#website\"},\"primaryImageOfPage\":{\"@id\":\"https:\/\/www.pressenza.com\/es\/2020\/12\/en-guatemala-los-poderes-facticos-cooptaron-todos-los-organismos-del-estado-patricia-zapata\/#primaryimage\"},\"image\":{\"@id\":\"https:\/\/www.pressenza.com\/es\/2020\/12\/en-guatemala-los-poderes-facticos-cooptaron-todos-los-organismos-del-estado-patricia-zapata\/#primaryimage\"},\"thumbnailUrl\":\"https:\/\/www.pressenza.com\/wp-content\/uploads\/2020\/12\/Entrevistado-27.png\",\"datePublished\":\"2020-12-09T18:29:43+00:00\",\"dateModified\":\"2020-12-09T18:32:04+00:00\",\"description\":\"En Guatemala nos espera Patricia Zapata, nuestra corresponsal en Centroam\u00e9rica. Y toca ir a Guatemala, porque despu\u00e9s de ocuparnos de Per\u00fa y las\",\"breadcrumb\":{\"@id\":\"https:\/\/www.pressenza.com\/es\/2020\/12\/en-guatemala-los-poderes-facticos-cooptaron-todos-los-organismos-del-estado-patricia-zapata\/#breadcrumb\"},\"inLanguage\":\"es\",\"potentialAction\":[{\"@type\":\"ReadAction\",\"target\":[\"https:\/\/www.pressenza.com\/es\/2020\/12\/en-guatemala-los-poderes-facticos-cooptaron-todos-los-organismos-del-estado-patricia-zapata\/\"]}]},{\"@type\":\"ImageObject\",\"inLanguage\":\"es\",\"@id\":\"https:\/\/www.pressenza.com\/es\/2020\/12\/en-guatemala-los-poderes-facticos-cooptaron-todos-los-organismos-del-estado-patricia-zapata\/#primaryimage\",\"url\":\"https:\/\/www.pressenza.com\/wp-content\/uploads\/2020\/12\/Entrevistado-27.png\",\"contentUrl\":\"https:\/\/www.pressenza.com\/wp-content\/uploads\/2020\/12\/Entrevistado-27.png\",\"width\":1920,\"height\":1080},{\"@type\":\"BreadcrumbList\",\"@id\":\"https:\/\/www.pressenza.com\/es\/2020\/12\/en-guatemala-los-poderes-facticos-cooptaron-todos-los-organismos-del-estado-patricia-zapata\/#breadcrumb\",\"itemListElement\":[{\"@type\":\"ListItem\",\"position\":1,\"name\":\"Accueil\",\"item\":\"https:\/\/www.pressenza.com\/es\/\"},{\"@type\":\"ListItem\",\"position\":2,\"name\":\"\u201cEn Guatemala los poderes f\u00e1cticos cooptaron todos los organismos del Estado\u201d Patricia Zapata\"}]},{\"@type\":\"WebSite\",\"@id\":\"https:\/\/www.pressenza.com\/es\/#website\",\"url\":\"https:\/\/www.pressenza.com\/es\/\",\"name\":\"Pressenza\",\"description\":\"International Press Agency\",\"publisher\":{\"@id\":\"https:\/\/www.pressenza.com\/es\/#organization\"},\"potentialAction\":[{\"@type\":\"SearchAction\",\"target\":{\"@type\":\"EntryPoint\",\"urlTemplate\":\"https:\/\/www.pressenza.com\/es\/?s={search_term_string}\"},\"query-input\":{\"@type\":\"PropertyValueSpecification\",\"valueRequired\":true,\"valueName\":\"search_term_string\"}}],\"inLanguage\":\"es\"},{\"@type\":\"Organization\",\"@id\":\"https:\/\/www.pressenza.com\/es\/#organization\",\"name\":\"Pressenza\",\"url\":\"https:\/\/www.pressenza.com\/es\/\",\"logo\":{\"@type\":\"ImageObject\",\"inLanguage\":\"es\",\"@id\":\"https:\/\/www.pressenza.com\/es\/#\/schema\/logo\/image\/\",\"url\":\"https:\/\/www.pressenza.com\/wp-content\/uploads\/2022\/10\/pressenza_logo_200x200.jpg\",\"contentUrl\":\"https:\/\/www.pressenza.com\/wp-content\/uploads\/2022\/10\/pressenza_logo_200x200.jpg\",\"width\":200,\"height\":200,\"caption\":\"Pressenza\"},\"image\":{\"@id\":\"https:\/\/www.pressenza.com\/es\/#\/schema\/logo\/image\/\"},\"sameAs\":[\"https:\/\/www.facebook.com\/PressenzaItalia\",\"https:\/\/x.com\/PressenzaIPA\"]},{\"@type\":\"Person\",\"@id\":\"https:\/\/www.pressenza.com\/es\/#\/schema\/person\/883a735c40665759bcc6fe0c26bcb46f\",\"name\":\"Redacci\u00f3n Ecuador\",\"description\":\"News published by the Pressenza bureau in Quito, Ecuador\",\"url\":\"https:\/\/www.pressenza.com\/es\/author\/redaccion-ecuador\/\"}]}<\/script>\n<!-- \/ Yoast SEO plugin. -->","yoast_head_json":{"title":"\u201cEn Guatemala los poderes f\u00e1cticos cooptaron todos los organismos del Estado\u201d Patricia Zapata","description":"En Guatemala nos espera Patricia Zapata, nuestra corresponsal en Centroam\u00e9rica. Y toca ir a Guatemala, porque despu\u00e9s de ocuparnos de Per\u00fa y las","robots":{"index":"index","follow":"follow","max-snippet":"max-snippet:-1","max-image-preview":"max-image-preview:large","max-video-preview":"max-video-preview:-1"},"canonical":"https:\/\/www.pressenza.com\/es\/2020\/12\/en-guatemala-los-poderes-facticos-cooptaron-todos-los-organismos-del-estado-patricia-zapata\/","og_locale":"es_ES","og_type":"article","og_title":"\u201cEn Guatemala los poderes f\u00e1cticos cooptaron todos los organismos del Estado\u201d Patricia Zapata","og_description":"En Guatemala nos espera Patricia Zapata, nuestra corresponsal en Centroam\u00e9rica. Y toca ir a Guatemala, porque despu\u00e9s de ocuparnos de Per\u00fa y las","og_url":"https:\/\/www.pressenza.com\/es\/2020\/12\/en-guatemala-los-poderes-facticos-cooptaron-todos-los-organismos-del-estado-patricia-zapata\/","og_site_name":"Pressenza","article_publisher":"https:\/\/www.facebook.com\/PressenzaItalia","article_published_time":"2020-12-09T18:29:43+00:00","article_modified_time":"2020-12-09T18:32:04+00:00","og_image":[{"width":1920,"height":1080,"url":"https:\/\/www.pressenza.com\/wp-content\/uploads\/2020\/12\/Entrevistado-27.png","type":"image\/png"}],"author":"Redacci\u00f3n Ecuador","twitter_card":"summary_large_image","twitter_creator":"@PressenzaIPA","twitter_site":"@PressenzaIPA","twitter_misc":{"Escrito por":"Redacci\u00f3n Ecuador","Tiempo de lectura":"12 minutos"},"schema":{"@context":"https:\/\/schema.org","@graph":[{"@type":"Article","@id":"https:\/\/www.pressenza.com\/es\/2020\/12\/en-guatemala-los-poderes-facticos-cooptaron-todos-los-organismos-del-estado-patricia-zapata\/#article","isPartOf":{"@id":"https:\/\/www.pressenza.com\/es\/2020\/12\/en-guatemala-los-poderes-facticos-cooptaron-todos-los-organismos-del-estado-patricia-zapata\/"},"author":{"name":"Redacci\u00f3n Ecuador","@id":"https:\/\/www.pressenza.com\/es\/#\/schema\/person\/883a735c40665759bcc6fe0c26bcb46f"},"headline":"\u201cEn Guatemala los poderes f\u00e1cticos cooptaron todos los organismos del Estado\u201d Patricia Zapata","datePublished":"2020-12-09T18:29:43+00:00","dateModified":"2020-12-09T18:32:04+00:00","mainEntityOfPage":{"@id":"https:\/\/www.pressenza.com\/es\/2020\/12\/en-guatemala-los-poderes-facticos-cooptaron-todos-los-organismos-del-estado-patricia-zapata\/"},"wordCount":2468,"publisher":{"@id":"https:\/\/www.pressenza.com\/es\/#organization"},"image":{"@id":"https:\/\/www.pressenza.com\/es\/2020\/12\/en-guatemala-los-poderes-facticos-cooptaron-todos-los-organismos-del-estado-patricia-zapata\/#primaryimage"},"thumbnailUrl":"https:\/\/www.pressenza.com\/wp-content\/uploads\/2020\/12\/Entrevistado-27.png","keywords":["4 Elementos","Alejandro Giammattei","Cuatro Elementos","estallido social","Guatemala","OEA","Pichincha Universal","Pressenza Internacional","protestas"],"articleSection":["Am\u00e9rica Central","Contenido Original","Derechos Humanos","Entrevistas","Pol\u00edtica","Pueblos Originarios","Radio"],"inLanguage":"es"},{"@type":"WebPage","@id":"https:\/\/www.pressenza.com\/es\/2020\/12\/en-guatemala-los-poderes-facticos-cooptaron-todos-los-organismos-del-estado-patricia-zapata\/","url":"https:\/\/www.pressenza.com\/es\/2020\/12\/en-guatemala-los-poderes-facticos-cooptaron-todos-los-organismos-del-estado-patricia-zapata\/","name":"\u201cEn Guatemala los poderes f\u00e1cticos cooptaron todos los organismos del Estado\u201d Patricia Zapata","isPartOf":{"@id":"https:\/\/www.pressenza.com\/es\/#website"},"primaryImageOfPage":{"@id":"https:\/\/www.pressenza.com\/es\/2020\/12\/en-guatemala-los-poderes-facticos-cooptaron-todos-los-organismos-del-estado-patricia-zapata\/#primaryimage"},"image":{"@id":"https:\/\/www.pressenza.com\/es\/2020\/12\/en-guatemala-los-poderes-facticos-cooptaron-todos-los-organismos-del-estado-patricia-zapata\/#primaryimage"},"thumbnailUrl":"https:\/\/www.pressenza.com\/wp-content\/uploads\/2020\/12\/Entrevistado-27.png","datePublished":"2020-12-09T18:29:43+00:00","dateModified":"2020-12-09T18:32:04+00:00","description":"En Guatemala nos espera Patricia Zapata, nuestra corresponsal en Centroam\u00e9rica. Y toca ir a Guatemala, porque despu\u00e9s de ocuparnos de Per\u00fa y las","breadcrumb":{"@id":"https:\/\/www.pressenza.com\/es\/2020\/12\/en-guatemala-los-poderes-facticos-cooptaron-todos-los-organismos-del-estado-patricia-zapata\/#breadcrumb"},"inLanguage":"es","potentialAction":[{"@type":"ReadAction","target":["https:\/\/www.pressenza.com\/es\/2020\/12\/en-guatemala-los-poderes-facticos-cooptaron-todos-los-organismos-del-estado-patricia-zapata\/"]}]},{"@type":"ImageObject","inLanguage":"es","@id":"https:\/\/www.pressenza.com\/es\/2020\/12\/en-guatemala-los-poderes-facticos-cooptaron-todos-los-organismos-del-estado-patricia-zapata\/#primaryimage","url":"https:\/\/www.pressenza.com\/wp-content\/uploads\/2020\/12\/Entrevistado-27.png","contentUrl":"https:\/\/www.pressenza.com\/wp-content\/uploads\/2020\/12\/Entrevistado-27.png","width":1920,"height":1080},{"@type":"BreadcrumbList","@id":"https:\/\/www.pressenza.com\/es\/2020\/12\/en-guatemala-los-poderes-facticos-cooptaron-todos-los-organismos-del-estado-patricia-zapata\/#breadcrumb","itemListElement":[{"@type":"ListItem","position":1,"name":"Accueil","item":"https:\/\/www.pressenza.com\/es\/"},{"@type":"ListItem","position":2,"name":"\u201cEn Guatemala los poderes f\u00e1cticos cooptaron todos los organismos del Estado\u201d Patricia Zapata"}]},{"@type":"WebSite","@id":"https:\/\/www.pressenza.com\/es\/#website","url":"https:\/\/www.pressenza.com\/es\/","name":"Pressenza","description":"International Press Agency","publisher":{"@id":"https:\/\/www.pressenza.com\/es\/#organization"},"potentialAction":[{"@type":"SearchAction","target":{"@type":"EntryPoint","urlTemplate":"https:\/\/www.pressenza.com\/es\/?s={search_term_string}"},"query-input":{"@type":"PropertyValueSpecification","valueRequired":true,"valueName":"search_term_string"}}],"inLanguage":"es"},{"@type":"Organization","@id":"https:\/\/www.pressenza.com\/es\/#organization","name":"Pressenza","url":"https:\/\/www.pressenza.com\/es\/","logo":{"@type":"ImageObject","inLanguage":"es","@id":"https:\/\/www.pressenza.com\/es\/#\/schema\/logo\/image\/","url":"https:\/\/www.pressenza.com\/wp-content\/uploads\/2022\/10\/pressenza_logo_200x200.jpg","contentUrl":"https:\/\/www.pressenza.com\/wp-content\/uploads\/2022\/10\/pressenza_logo_200x200.jpg","width":200,"height":200,"caption":"Pressenza"},"image":{"@id":"https:\/\/www.pressenza.com\/es\/#\/schema\/logo\/image\/"},"sameAs":["https:\/\/www.facebook.com\/PressenzaItalia","https:\/\/x.com\/PressenzaIPA"]},{"@type":"Person","@id":"https:\/\/www.pressenza.com\/es\/#\/schema\/person\/883a735c40665759bcc6fe0c26bcb46f","name":"Redacci\u00f3n Ecuador","description":"News published by the Pressenza bureau in Quito, Ecuador","url":"https:\/\/www.pressenza.com\/es\/author\/redaccion-ecuador\/"}]}},"place":"Quito - Buenos Aires - M\u00e9xico","original_article_url":"","_links":{"self":[{"href":"https:\/\/www.pressenza.com\/es\/wp-json\/wp\/v2\/posts\/1257920","targetHints":{"allow":["GET"]}}],"collection":[{"href":"https:\/\/www.pressenza.com\/es\/wp-json\/wp\/v2\/posts"}],"about":[{"href":"https:\/\/www.pressenza.com\/es\/wp-json\/wp\/v2\/types\/post"}],"author":[{"embeddable":true,"href":"https:\/\/www.pressenza.com\/es\/wp-json\/wp\/v2\/users\/1011"}],"replies":[{"embeddable":true,"href":"https:\/\/www.pressenza.com\/es\/wp-json\/wp\/v2\/comments?post=1257920"}],"version-history":[{"count":0,"href":"https:\/\/www.pressenza.com\/es\/wp-json\/wp\/v2\/posts\/1257920\/revisions"}],"wp:featuredmedia":[{"embeddable":true,"href":"https:\/\/www.pressenza.com\/es\/wp-json\/wp\/v2\/media\/1257924"}],"wp:attachment":[{"href":"https:\/\/www.pressenza.com\/es\/wp-json\/wp\/v2\/media?parent=1257920"}],"wp:term":[{"taxonomy":"category","embeddable":true,"href":"https:\/\/www.pressenza.com\/es\/wp-json\/wp\/v2\/categories?post=1257920"},{"taxonomy":"post_tag","embeddable":true,"href":"https:\/\/www.pressenza.com\/es\/wp-json\/wp\/v2\/tags?post=1257920"}],"curies":[{"name":"wp","href":"https:\/\/api.w.org\/{rel}","templated":true}]}}