{"id":1256,"date":"2009-09-08T00:00:00","date_gmt":"2009-09-08T00:00:00","guid":{"rendered":""},"modified":"2009-09-11T12:31:40","modified_gmt":"2009-09-11T12:31:40","slug":"vocero-humanista-de-argentina-se-posiciona-respecto-de-honduras-y-bases-militares-en-colombia","status":"publish","type":"post","link":"https:\/\/www.pressenza.com\/es\/2009\/09\/vocero-humanista-de-argentina-se-posiciona-respecto-de-honduras-y-bases-militares-en-colombia\/","title":{"rendered":"Vocero Humanista de Argentina se posiciona respecto de Honduras y Bases Militares en Colombia"},"content":{"rendered":"<p>Guillermo Sullings, vocero del Humanismo para Argentina, fija su posici\u00f3n respecto de Honduras y las Bases Militares de los EE.UU. en Colombia. Con motivo de la reuni\u00f3n de Presidentes de UNASUR en Bariloche la semana pasada,  Guillermo Sullings, llam\u00f3 a extirpar los dos tumores que representan el Golpe de Honduras y la presencia en 7 bases militares colombianas de militares de los EE.UU. <\/p>\n<p><span style='text-align:center; display: block;'><object width='560' height='420'><param name='movie' value='http:\/\/www.youtube.com\/v\/M_ecFwXjElQ&#038;rel=1&#038;fs=1&#038;showsearch=0&#038;hd=0' \/><param name='allowfullscreen' value='true' \/><param name='wmode' value='transparent' \/><embed src='http:\/\/www.youtube.com\/v\/M_ecFwXjElQ&#038;rel=1&#038;fs=1&#038;showsearch=0&#038;hd=0' type='application\/x-shockwave-flash' allowfullscreen='true' width='425' height='350' wmode='transparent'><\/embed><\/object><\/p>\n","protected":false},"excerpt":{"rendered":"<p>Guillermo Sullings, fija su posici\u00f3n respecto de Honduras y las Bases Militares de los EE.UU. en Colombia. Con motivo de la reuni\u00f3n de Presidentes de UNASUR en Bariloche la semana pasada,  Guillermo Sullings, llam\u00f3 a extirpar los dos tumores que representan el Golpe de Honduras y la presencia en 7 bases militares colombianas de militares de los EE.UU. <\/p>\n","protected":false},"author":19,"featured_media":0,"comment_status":"closed","ping_status":"open","sticky":false,"template":"","format":"standard","meta":{"footnotes":""},"categories":[74,67],"tags":[],"class_list":["post-1256","post","type-post","status-publish","format-standard","hentry","category-politica-es","category-sudamerica"],"yoast_head":"<!-- This site is optimized with the Yoast SEO plugin v27.1.1 - https:\/\/yoast.com\/product\/yoast-seo-wordpress\/ -->\n<title>Vocero Humanista de Argentina se posiciona respecto de Honduras y Bases Militares en Colombia<\/title>\n<meta name=\"description\" content=\"Guillermo Sullings, fija su posici\u00f3n respecto de Honduras y las Bases Militares de los EE.UU. en Colombia. Con motivo de la reuni\u00f3n de Presidentes de UNASUR en Bariloche la semana pasada, Guillermo Sullings, llam\u00f3 a extirpar los dos tumores que representan el Golpe de Honduras y la presencia en 7 bases militares colombianas de militares de los EE.UU.\" \/>\n<meta name=\"robots\" content=\"index, follow, max-snippet:-1, max-image-preview:large, max-video-preview:-1\" \/>\n<link rel=\"canonical\" href=\"https:\/\/www.pressenza.com\/es\/2009\/09\/vocero-humanista-de-argentina-se-posiciona-respecto-de-honduras-y-bases-militares-en-colombia\/\" \/>\n<meta property=\"og:locale\" content=\"es_ES\" \/>\n<meta property=\"og:type\" content=\"article\" \/>\n<meta property=\"og:title\" content=\"Vocero Humanista de Argentina se posiciona respecto de Honduras y Bases Militares en Colombia\" \/>\n<meta property=\"og:description\" content=\"Guillermo Sullings, fija su posici\u00f3n respecto de Honduras y las Bases Militares de los EE.UU. en Colombia. Con motivo de la reuni\u00f3n de Presidentes de UNASUR en Bariloche la semana pasada, Guillermo Sullings, llam\u00f3 a extirpar los dos tumores que representan el Golpe de Honduras y la presencia en 7 bases militares colombianas de militares de los EE.UU.\" \/>\n<meta property=\"og:url\" content=\"https:\/\/www.pressenza.com\/es\/2009\/09\/vocero-humanista-de-argentina-se-posiciona-respecto-de-honduras-y-bases-militares-en-colombia\/\" \/>\n<meta property=\"og:site_name\" content=\"Pressenza\" \/>\n<meta property=\"article:publisher\" content=\"https:\/\/www.facebook.com\/PressenzaItalia\" \/>\n<meta property=\"article:author\" content=\"https:\/\/www.facebook.com\/pressenza\" \/>\n<meta property=\"article:published_time\" content=\"2009-09-08T00:00:00+00:00\" \/>\n<meta property=\"article:modified_time\" content=\"2009-09-11T12:31:40+00:00\" \/>\n<meta name=\"author\" content=\"Pressenza IPA\" \/>\n<meta name=\"twitter:card\" content=\"summary_large_image\" \/>\n<meta name=\"twitter:creator\" content=\"@PressenzaIPA\" \/>\n<meta name=\"twitter:site\" content=\"@PressenzaIPA\" \/>\n<meta name=\"twitter:label1\" content=\"Escrito por\" \/>\n\t<meta name=\"twitter:data1\" content=\"Pressenza IPA\" \/>\n<script type=\"application\/ld+json\" class=\"yoast-schema-graph\">{\"@context\":\"https:\/\/schema.org\",\"@graph\":[{\"@type\":\"Article\",\"@id\":\"https:\/\/www.pressenza.com\/es\/2009\/09\/vocero-humanista-de-argentina-se-posiciona-respecto-de-honduras-y-bases-militares-en-colombia\/#article\",\"isPartOf\":{\"@id\":\"https:\/\/www.pressenza.com\/es\/2009\/09\/vocero-humanista-de-argentina-se-posiciona-respecto-de-honduras-y-bases-militares-en-colombia\/\"},\"author\":{\"name\":\"Pressenza IPA\",\"@id\":\"https:\/\/www.pressenza.com\/es\/#\/schema\/person\/010e5d02bcf40965427a1289a4cc8d75\"},\"headline\":\"Vocero Humanista de Argentina se posiciona respecto de Honduras y Bases Militares en Colombia\",\"datePublished\":\"2009-09-08T00:00:00+00:00\",\"dateModified\":\"2009-09-11T12:31:40+00:00\",\"mainEntityOfPage\":{\"@id\":\"https:\/\/www.pressenza.com\/es\/2009\/09\/vocero-humanista-de-argentina-se-posiciona-respecto-de-honduras-y-bases-militares-en-colombia\/\"},\"wordCount\":80,\"publisher\":{\"@id\":\"https:\/\/www.pressenza.com\/es\/#organization\"},\"articleSection\":[\"Pol\u00edtica\",\"Sudam\u00e9rica\"],\"inLanguage\":\"es\"},{\"@type\":\"WebPage\",\"@id\":\"https:\/\/www.pressenza.com\/es\/2009\/09\/vocero-humanista-de-argentina-se-posiciona-respecto-de-honduras-y-bases-militares-en-colombia\/\",\"url\":\"https:\/\/www.pressenza.com\/es\/2009\/09\/vocero-humanista-de-argentina-se-posiciona-respecto-de-honduras-y-bases-militares-en-colombia\/\",\"name\":\"Vocero Humanista de Argentina se posiciona respecto de Honduras y Bases Militares en Colombia\",\"isPartOf\":{\"@id\":\"https:\/\/www.pressenza.com\/es\/#website\"},\"datePublished\":\"2009-09-08T00:00:00+00:00\",\"dateModified\":\"2009-09-11T12:31:40+00:00\",\"description\":\"Guillermo Sullings, fija su posici\u00f3n respecto de Honduras y las Bases Militares de los EE.UU. en Colombia. Con motivo de la reuni\u00f3n de Presidentes de UNASUR en Bariloche la semana pasada, Guillermo Sullings, llam\u00f3 a extirpar los dos tumores que representan el Golpe de Honduras y la presencia en 7 bases militares colombianas de militares de los EE.UU.\",\"breadcrumb\":{\"@id\":\"https:\/\/www.pressenza.com\/es\/2009\/09\/vocero-humanista-de-argentina-se-posiciona-respecto-de-honduras-y-bases-militares-en-colombia\/#breadcrumb\"},\"inLanguage\":\"es\",\"potentialAction\":[{\"@type\":\"ReadAction\",\"target\":[\"https:\/\/www.pressenza.com\/es\/2009\/09\/vocero-humanista-de-argentina-se-posiciona-respecto-de-honduras-y-bases-militares-en-colombia\/\"]}]},{\"@type\":\"BreadcrumbList\",\"@id\":\"https:\/\/www.pressenza.com\/es\/2009\/09\/vocero-humanista-de-argentina-se-posiciona-respecto-de-honduras-y-bases-militares-en-colombia\/#breadcrumb\",\"itemListElement\":[{\"@type\":\"ListItem\",\"position\":1,\"name\":\"Accueil\",\"item\":\"https:\/\/www.pressenza.com\/es\/\"},{\"@type\":\"ListItem\",\"position\":2,\"name\":\"Vocero Humanista de Argentina se posiciona respecto de Honduras y Bases Militares en Colombia\"}]},{\"@type\":\"WebSite\",\"@id\":\"https:\/\/www.pressenza.com\/es\/#website\",\"url\":\"https:\/\/www.pressenza.com\/es\/\",\"name\":\"Pressenza\",\"description\":\"International Press Agency\",\"publisher\":{\"@id\":\"https:\/\/www.pressenza.com\/es\/#organization\"},\"potentialAction\":[{\"@type\":\"SearchAction\",\"target\":{\"@type\":\"EntryPoint\",\"urlTemplate\":\"https:\/\/www.pressenza.com\/es\/?s={search_term_string}\"},\"query-input\":{\"@type\":\"PropertyValueSpecification\",\"valueRequired\":true,\"valueName\":\"search_term_string\"}}],\"inLanguage\":\"es\"},{\"@type\":\"Organization\",\"@id\":\"https:\/\/www.pressenza.com\/es\/#organization\",\"name\":\"Pressenza\",\"url\":\"https:\/\/www.pressenza.com\/es\/\",\"logo\":{\"@type\":\"ImageObject\",\"inLanguage\":\"es\",\"@id\":\"https:\/\/www.pressenza.com\/es\/#\/schema\/logo\/image\/\",\"url\":\"https:\/\/www.pressenza.com\/wp-content\/uploads\/2022\/10\/pressenza_logo_200x200.jpg\",\"contentUrl\":\"https:\/\/www.pressenza.com\/wp-content\/uploads\/2022\/10\/pressenza_logo_200x200.jpg\",\"width\":200,\"height\":200,\"caption\":\"Pressenza\"},\"image\":{\"@id\":\"https:\/\/www.pressenza.com\/es\/#\/schema\/logo\/image\/\"},\"sameAs\":[\"https:\/\/www.facebook.com\/PressenzaItalia\",\"https:\/\/x.com\/PressenzaIPA\"]},{\"@type\":\"Person\",\"@id\":\"https:\/\/www.pressenza.com\/es\/#\/schema\/person\/010e5d02bcf40965427a1289a4cc8d75\",\"name\":\"Pressenza IPA\",\"description\":\"News from Pressenza IPA correspondents\",\"sameAs\":[\"https:\/\/www.facebook.com\/pressenza\",\"https:\/\/x.com\/PressenzaIPA\"],\"url\":\"https:\/\/www.pressenza.com\/es\/author\/pressenza-ipa\/\"}]}<\/script>\n<!-- \/ Yoast SEO plugin. -->","yoast_head_json":{"title":"Vocero Humanista de Argentina se posiciona respecto de Honduras y Bases Militares en Colombia","description":"Guillermo Sullings, fija su posici\u00f3n respecto de Honduras y las Bases Militares de los EE.UU. en Colombia. Con motivo de la reuni\u00f3n de Presidentes de UNASUR en Bariloche la semana pasada, Guillermo Sullings, llam\u00f3 a extirpar los dos tumores que representan el Golpe de Honduras y la presencia en 7 bases militares colombianas de militares de los EE.UU.","robots":{"index":"index","follow":"follow","max-snippet":"max-snippet:-1","max-image-preview":"max-image-preview:large","max-video-preview":"max-video-preview:-1"},"canonical":"https:\/\/www.pressenza.com\/es\/2009\/09\/vocero-humanista-de-argentina-se-posiciona-respecto-de-honduras-y-bases-militares-en-colombia\/","og_locale":"es_ES","og_type":"article","og_title":"Vocero Humanista de Argentina se posiciona respecto de Honduras y Bases Militares en Colombia","og_description":"Guillermo Sullings, fija su posici\u00f3n respecto de Honduras y las Bases Militares de los EE.UU. en Colombia. Con motivo de la reuni\u00f3n de Presidentes de UNASUR en Bariloche la semana pasada, Guillermo Sullings, llam\u00f3 a extirpar los dos tumores que representan el Golpe de Honduras y la presencia en 7 bases militares colombianas de militares de los EE.UU.","og_url":"https:\/\/www.pressenza.com\/es\/2009\/09\/vocero-humanista-de-argentina-se-posiciona-respecto-de-honduras-y-bases-militares-en-colombia\/","og_site_name":"Pressenza","article_publisher":"https:\/\/www.facebook.com\/PressenzaItalia","article_author":"https:\/\/www.facebook.com\/pressenza","article_published_time":"2009-09-08T00:00:00+00:00","article_modified_time":"2009-09-11T12:31:40+00:00","author":"Pressenza IPA","twitter_card":"summary_large_image","twitter_creator":"@PressenzaIPA","twitter_site":"@PressenzaIPA","twitter_misc":{"Escrito por":"Pressenza IPA"},"schema":{"@context":"https:\/\/schema.org","@graph":[{"@type":"Article","@id":"https:\/\/www.pressenza.com\/es\/2009\/09\/vocero-humanista-de-argentina-se-posiciona-respecto-de-honduras-y-bases-militares-en-colombia\/#article","isPartOf":{"@id":"https:\/\/www.pressenza.com\/es\/2009\/09\/vocero-humanista-de-argentina-se-posiciona-respecto-de-honduras-y-bases-militares-en-colombia\/"},"author":{"name":"Pressenza IPA","@id":"https:\/\/www.pressenza.com\/es\/#\/schema\/person\/010e5d02bcf40965427a1289a4cc8d75"},"headline":"Vocero Humanista de Argentina se posiciona respecto de Honduras y Bases Militares en Colombia","datePublished":"2009-09-08T00:00:00+00:00","dateModified":"2009-09-11T12:31:40+00:00","mainEntityOfPage":{"@id":"https:\/\/www.pressenza.com\/es\/2009\/09\/vocero-humanista-de-argentina-se-posiciona-respecto-de-honduras-y-bases-militares-en-colombia\/"},"wordCount":80,"publisher":{"@id":"https:\/\/www.pressenza.com\/es\/#organization"},"articleSection":["Pol\u00edtica","Sudam\u00e9rica"],"inLanguage":"es"},{"@type":"WebPage","@id":"https:\/\/www.pressenza.com\/es\/2009\/09\/vocero-humanista-de-argentina-se-posiciona-respecto-de-honduras-y-bases-militares-en-colombia\/","url":"https:\/\/www.pressenza.com\/es\/2009\/09\/vocero-humanista-de-argentina-se-posiciona-respecto-de-honduras-y-bases-militares-en-colombia\/","name":"Vocero Humanista de Argentina se posiciona respecto de Honduras y Bases Militares en Colombia","isPartOf":{"@id":"https:\/\/www.pressenza.com\/es\/#website"},"datePublished":"2009-09-08T00:00:00+00:00","dateModified":"2009-09-11T12:31:40+00:00","description":"Guillermo Sullings, fija su posici\u00f3n respecto de Honduras y las Bases Militares de los EE.UU. en Colombia. Con motivo de la reuni\u00f3n de Presidentes de UNASUR en Bariloche la semana pasada, Guillermo Sullings, llam\u00f3 a extirpar los dos tumores que representan el Golpe de Honduras y la presencia en 7 bases militares colombianas de militares de los EE.UU.","breadcrumb":{"@id":"https:\/\/www.pressenza.com\/es\/2009\/09\/vocero-humanista-de-argentina-se-posiciona-respecto-de-honduras-y-bases-militares-en-colombia\/#breadcrumb"},"inLanguage":"es","potentialAction":[{"@type":"ReadAction","target":["https:\/\/www.pressenza.com\/es\/2009\/09\/vocero-humanista-de-argentina-se-posiciona-respecto-de-honduras-y-bases-militares-en-colombia\/"]}]},{"@type":"BreadcrumbList","@id":"https:\/\/www.pressenza.com\/es\/2009\/09\/vocero-humanista-de-argentina-se-posiciona-respecto-de-honduras-y-bases-militares-en-colombia\/#breadcrumb","itemListElement":[{"@type":"ListItem","position":1,"name":"Accueil","item":"https:\/\/www.pressenza.com\/es\/"},{"@type":"ListItem","position":2,"name":"Vocero Humanista de Argentina se posiciona respecto de Honduras y Bases Militares en Colombia"}]},{"@type":"WebSite","@id":"https:\/\/www.pressenza.com\/es\/#website","url":"https:\/\/www.pressenza.com\/es\/","name":"Pressenza","description":"International Press Agency","publisher":{"@id":"https:\/\/www.pressenza.com\/es\/#organization"},"potentialAction":[{"@type":"SearchAction","target":{"@type":"EntryPoint","urlTemplate":"https:\/\/www.pressenza.com\/es\/?s={search_term_string}"},"query-input":{"@type":"PropertyValueSpecification","valueRequired":true,"valueName":"search_term_string"}}],"inLanguage":"es"},{"@type":"Organization","@id":"https:\/\/www.pressenza.com\/es\/#organization","name":"Pressenza","url":"https:\/\/www.pressenza.com\/es\/","logo":{"@type":"ImageObject","inLanguage":"es","@id":"https:\/\/www.pressenza.com\/es\/#\/schema\/logo\/image\/","url":"https:\/\/www.pressenza.com\/wp-content\/uploads\/2022\/10\/pressenza_logo_200x200.jpg","contentUrl":"https:\/\/www.pressenza.com\/wp-content\/uploads\/2022\/10\/pressenza_logo_200x200.jpg","width":200,"height":200,"caption":"Pressenza"},"image":{"@id":"https:\/\/www.pressenza.com\/es\/#\/schema\/logo\/image\/"},"sameAs":["https:\/\/www.facebook.com\/PressenzaItalia","https:\/\/x.com\/PressenzaIPA"]},{"@type":"Person","@id":"https:\/\/www.pressenza.com\/es\/#\/schema\/person\/010e5d02bcf40965427a1289a4cc8d75","name":"Pressenza IPA","description":"News from Pressenza IPA correspondents","sameAs":["https:\/\/www.facebook.com\/pressenza","https:\/\/x.com\/PressenzaIPA"],"url":"https:\/\/www.pressenza.com\/es\/author\/pressenza-ipa\/"}]}},"place":"Bariloche","original_article_url":"","_links":{"self":[{"href":"https:\/\/www.pressenza.com\/es\/wp-json\/wp\/v2\/posts\/1256","targetHints":{"allow":["GET"]}}],"collection":[{"href":"https:\/\/www.pressenza.com\/es\/wp-json\/wp\/v2\/posts"}],"about":[{"href":"https:\/\/www.pressenza.com\/es\/wp-json\/wp\/v2\/types\/post"}],"author":[{"embeddable":true,"href":"https:\/\/www.pressenza.com\/es\/wp-json\/wp\/v2\/users\/19"}],"replies":[{"embeddable":true,"href":"https:\/\/www.pressenza.com\/es\/wp-json\/wp\/v2\/comments?post=1256"}],"version-history":[{"count":0,"href":"https:\/\/www.pressenza.com\/es\/wp-json\/wp\/v2\/posts\/1256\/revisions"}],"wp:attachment":[{"href":"https:\/\/www.pressenza.com\/es\/wp-json\/wp\/v2\/media?parent=1256"}],"wp:term":[{"taxonomy":"category","embeddable":true,"href":"https:\/\/www.pressenza.com\/es\/wp-json\/wp\/v2\/categories?post=1256"},{"taxonomy":"post_tag","embeddable":true,"href":"https:\/\/www.pressenza.com\/es\/wp-json\/wp\/v2\/tags?post=1256"}],"curies":[{"name":"wp","href":"https:\/\/api.w.org\/{rel}","templated":true}]}}