{"id":1253648,"date":"2020-12-03T18:46:21","date_gmt":"2020-12-03T18:46:21","guid":{"rendered":"https:\/\/www.pressenza.com\/?p=1253648"},"modified":"2020-12-04T00:36:57","modified_gmt":"2020-12-04T00:36:57","slug":"la-no-violencia-activa-una-vez-mas","status":"publish","type":"post","link":"https:\/\/www.pressenza.com\/es\/2020\/12\/la-no-violencia-activa-una-vez-mas\/","title":{"rendered":"La no-violencia activa, una vez m\u00e1s"},"content":{"rendered":"<p>Nuevamente hoy en Chile, otro gesto de manifestaci\u00f3n de la no-violencia activa para pedir la libertad de los presos y presas de la revuelta. Convocados por ANEXPPSA, por primera vez concurrieron conjuntamente tres categor\u00ecas de luchadores sociales que se han movilizado sin descanso desde el comienzo del despertar social: las brigadas de salud, aquellas de Derechos Humanos y los trabajadores de la Prensa libre.<\/p>\n<p>Salud, DDHH y Prensa convergieron para llevar ante la Direcci\u00f3n General de Carabineros, en pleno centro de Santiago, frente a la casa de gobierno, los tarros vac\u00edos en los que vienen las bombas lacrim\u00f3genas, que fueran lanzados durante la represi\u00f3n, recogidos y guardados por los luchadores sociales, para ser devueltos hoy como un gesto no-violento que apunta a devolver aquello que no quisieras dar tu a nadie.<\/p>\n<p>En la oportunidad, una de las pequa\u00f1as hijas de un brigadista voluntario de salud, se acerc\u00f3 sosteniendo tambi\u00e9n su propio cartel y, parada ante el umbral del edificio de Carabineros, grit\u00f3: \u00abNo le tiren m\u00e1s gases a mi pap\u00e1\u00bb.<\/p>\n<p>Los participantes marcharon posteriormente, pidiendo al libertad de los presos y presas de la revuelta, concluyendo la manifestaci\u00f3n sin incidentes.<\/p>\n<p>El foto-reportaje es de Claudia Aranda:<\/p>\n<p><a href=\"https:\/\/www.pressenza.com\/wp-content\/uploads\/2020\/12\/Claudia-Aranda-3-jpg-1.jpg\"><img loading=\"lazy\" decoding=\"async\" class=\"alignleft size-large wp-image-1254182\" src=\"https:\/\/www.pressenza.com\/wp-content\/uploads\/2020\/12\/Claudia-Aranda-3-jpg-1-720x540.jpg\" alt=\"\" width=\"720\" height=\"540\" srcset=\"https:\/\/www.pressenza.com\/wp-content\/uploads\/2020\/12\/Claudia-Aranda-3-jpg-1-720x540.jpg 720w, https:\/\/www.pressenza.com\/wp-content\/uploads\/2020\/12\/Claudia-Aranda-3-jpg-1-300x225.jpg 300w, https:\/\/www.pressenza.com\/wp-content\/uploads\/2020\/12\/Claudia-Aranda-3-jpg-1-768x576.jpg 768w, https:\/\/www.pressenza.com\/wp-content\/uploads\/2020\/12\/Claudia-Aranda-3-jpg-1.jpg 1280w\" sizes=\"auto, (max-width: 720px) 100vw, 720px\" \/><\/a> <a href=\"https:\/\/www.pressenza.com\/wp-content\/uploads\/2020\/12\/Claudia-Aranda-4-1.jpg\"><img loading=\"lazy\" decoding=\"async\" class=\"alignleft size-large wp-image-1254192\" src=\"https:\/\/www.pressenza.com\/wp-content\/uploads\/2020\/12\/Claudia-Aranda-4-1-720x540.jpg\" alt=\"\" width=\"720\" height=\"540\" srcset=\"https:\/\/www.pressenza.com\/wp-content\/uploads\/2020\/12\/Claudia-Aranda-4-1-720x540.jpg 720w, https:\/\/www.pressenza.com\/wp-content\/uploads\/2020\/12\/Claudia-Aranda-4-1-300x225.jpg 300w, https:\/\/www.pressenza.com\/wp-content\/uploads\/2020\/12\/Claudia-Aranda-4-1-768x576.jpg 768w, https:\/\/www.pressenza.com\/wp-content\/uploads\/2020\/12\/Claudia-Aranda-4-1.jpg 1280w\" sizes=\"auto, (max-width: 720px) 100vw, 720px\" \/><\/a> <a href=\"https:\/\/www.pressenza.com\/wp-content\/uploads\/2020\/12\/Claudia-Aranda-5-1.jpg\"><img loading=\"lazy\" decoding=\"async\" class=\"alignleft size-large wp-image-1254202\" src=\"https:\/\/www.pressenza.com\/wp-content\/uploads\/2020\/12\/Claudia-Aranda-5-1-720x540.jpg\" alt=\"\" width=\"720\" height=\"540\" srcset=\"https:\/\/www.pressenza.com\/wp-content\/uploads\/2020\/12\/Claudia-Aranda-5-1-720x540.jpg 720w, https:\/\/www.pressenza.com\/wp-content\/uploads\/2020\/12\/Claudia-Aranda-5-1-300x225.jpg 300w, https:\/\/www.pressenza.com\/wp-content\/uploads\/2020\/12\/Claudia-Aranda-5-1-768x576.jpg 768w, https:\/\/www.pressenza.com\/wp-content\/uploads\/2020\/12\/Claudia-Aranda-5-1.jpg 1280w\" sizes=\"auto, (max-width: 720px) 100vw, 720px\" \/><\/a> <a href=\"https:\/\/www.pressenza.com\/wp-content\/uploads\/2020\/12\/Claudia-Aranda-6-1.jpg\"><img loading=\"lazy\" decoding=\"async\" class=\"alignleft size-large wp-image-1254212\" src=\"https:\/\/www.pressenza.com\/wp-content\/uploads\/2020\/12\/Claudia-Aranda-6-1-720x540.jpg\" alt=\"\" width=\"720\" height=\"540\" srcset=\"https:\/\/www.pressenza.com\/wp-content\/uploads\/2020\/12\/Claudia-Aranda-6-1-720x540.jpg 720w, https:\/\/www.pressenza.com\/wp-content\/uploads\/2020\/12\/Claudia-Aranda-6-1-300x225.jpg 300w, https:\/\/www.pressenza.com\/wp-content\/uploads\/2020\/12\/Claudia-Aranda-6-1-768x576.jpg 768w, https:\/\/www.pressenza.com\/wp-content\/uploads\/2020\/12\/Claudia-Aranda-6-1.jpg 1280w\" sizes=\"auto, (max-width: 720px) 100vw, 720px\" \/><\/a> <a href=\"https:\/\/www.pressenza.com\/wp-content\/uploads\/2020\/12\/Claudia-Aranda-7-1.jpg\"><img loading=\"lazy\" decoding=\"async\" class=\"alignleft size-large wp-image-1254222\" src=\"https:\/\/www.pressenza.com\/wp-content\/uploads\/2020\/12\/Claudia-Aranda-7-1-720x540.jpg\" alt=\"\" width=\"720\" height=\"540\" srcset=\"https:\/\/www.pressenza.com\/wp-content\/uploads\/2020\/12\/Claudia-Aranda-7-1-720x540.jpg 720w, https:\/\/www.pressenza.com\/wp-content\/uploads\/2020\/12\/Claudia-Aranda-7-1-300x225.jpg 300w, https:\/\/www.pressenza.com\/wp-content\/uploads\/2020\/12\/Claudia-Aranda-7-1-768x576.jpg 768w, https:\/\/www.pressenza.com\/wp-content\/uploads\/2020\/12\/Claudia-Aranda-7-1.jpg 1280w\" sizes=\"auto, (max-width: 720px) 100vw, 720px\" \/><\/a> <a href=\"https:\/\/www.pressenza.com\/wp-content\/uploads\/2020\/12\/Claudia-Aranda-8-jpg-1.jpg\"><img loading=\"lazy\" decoding=\"async\" class=\"alignleft size-large wp-image-1254232\" src=\"https:\/\/www.pressenza.com\/wp-content\/uploads\/2020\/12\/Claudia-Aranda-8-jpg-1-720x540.jpg\" alt=\"\" width=\"720\" height=\"540\" srcset=\"https:\/\/www.pressenza.com\/wp-content\/uploads\/2020\/12\/Claudia-Aranda-8-jpg-1-720x540.jpg 720w, https:\/\/www.pressenza.com\/wp-content\/uploads\/2020\/12\/Claudia-Aranda-8-jpg-1-300x225.jpg 300w, https:\/\/www.pressenza.com\/wp-content\/uploads\/2020\/12\/Claudia-Aranda-8-jpg-1-768x576.jpg 768w, https:\/\/www.pressenza.com\/wp-content\/uploads\/2020\/12\/Claudia-Aranda-8-jpg-1.jpg 1280w\" sizes=\"auto, (max-width: 720px) 100vw, 720px\" \/><\/a> <a href=\"https:\/\/www.pressenza.com\/wp-content\/uploads\/2020\/12\/Claudia-Aranda-9-1.jpg\"><img loading=\"lazy\" decoding=\"async\" class=\"alignleft size-large wp-image-1254242\" src=\"https:\/\/www.pressenza.com\/wp-content\/uploads\/2020\/12\/Claudia-Aranda-9-1-720x540.jpg\" alt=\"\" width=\"720\" height=\"540\" srcset=\"https:\/\/www.pressenza.com\/wp-content\/uploads\/2020\/12\/Claudia-Aranda-9-1-720x540.jpg 720w, https:\/\/www.pressenza.com\/wp-content\/uploads\/2020\/12\/Claudia-Aranda-9-1-300x225.jpg 300w, https:\/\/www.pressenza.com\/wp-content\/uploads\/2020\/12\/Claudia-Aranda-9-1-768x576.jpg 768w, https:\/\/www.pressenza.com\/wp-content\/uploads\/2020\/12\/Claudia-Aranda-9-1.jpg 1280w\" sizes=\"auto, (max-width: 720px) 100vw, 720px\" \/><\/a> <a href=\"https:\/\/www.pressenza.com\/wp-content\/uploads\/2020\/12\/Claudia-Aranda-10-1.jpg\"><img loading=\"lazy\" decoding=\"async\" class=\"alignleft size-large wp-image-1254252\" src=\"https:\/\/www.pressenza.com\/wp-content\/uploads\/2020\/12\/Claudia-Aranda-10-1-720x540.jpg\" alt=\"\" width=\"720\" height=\"540\" srcset=\"https:\/\/www.pressenza.com\/wp-content\/uploads\/2020\/12\/Claudia-Aranda-10-1-720x540.jpg 720w, https:\/\/www.pressenza.com\/wp-content\/uploads\/2020\/12\/Claudia-Aranda-10-1-300x225.jpg 300w, https:\/\/www.pressenza.com\/wp-content\/uploads\/2020\/12\/Claudia-Aranda-10-1-768x576.jpg 768w, https:\/\/www.pressenza.com\/wp-content\/uploads\/2020\/12\/Claudia-Aranda-10-1.jpg 1280w\" sizes=\"auto, (max-width: 720px) 100vw, 720px\" \/><\/a> <a href=\"https:\/\/www.pressenza.com\/wp-content\/uploads\/2020\/12\/Claudia-Aranda-11-1.jpg\"><img loading=\"lazy\" decoding=\"async\" class=\"alignleft size-large wp-image-1254262\" src=\"https:\/\/www.pressenza.com\/wp-content\/uploads\/2020\/12\/Claudia-Aranda-11-1-720x540.jpg\" alt=\"\" width=\"720\" height=\"540\" srcset=\"https:\/\/www.pressenza.com\/wp-content\/uploads\/2020\/12\/Claudia-Aranda-11-1-720x540.jpg 720w, https:\/\/www.pressenza.com\/wp-content\/uploads\/2020\/12\/Claudia-Aranda-11-1-300x225.jpg 300w, https:\/\/www.pressenza.com\/wp-content\/uploads\/2020\/12\/Claudia-Aranda-11-1-768x576.jpg 768w, https:\/\/www.pressenza.com\/wp-content\/uploads\/2020\/12\/Claudia-Aranda-11-1.jpg 1280w\" sizes=\"auto, (max-width: 720px) 100vw, 720px\" \/><\/a> <a href=\"https:\/\/www.pressenza.com\/wp-content\/uploads\/2020\/12\/Claudia-Aranda-12-1.jpg\"><img loading=\"lazy\" decoding=\"async\" class=\"alignleft size-large wp-image-1254272\" src=\"https:\/\/www.pressenza.com\/wp-content\/uploads\/2020\/12\/Claudia-Aranda-12-1-720x540.jpg\" alt=\"\" width=\"720\" height=\"540\" srcset=\"https:\/\/www.pressenza.com\/wp-content\/uploads\/2020\/12\/Claudia-Aranda-12-1-720x540.jpg 720w, https:\/\/www.pressenza.com\/wp-content\/uploads\/2020\/12\/Claudia-Aranda-12-1-300x225.jpg 300w, https:\/\/www.pressenza.com\/wp-content\/uploads\/2020\/12\/Claudia-Aranda-12-1-768x576.jpg 768w, https:\/\/www.pressenza.com\/wp-content\/uploads\/2020\/12\/Claudia-Aranda-12-1.jpg 1280w\" sizes=\"auto, (max-width: 720px) 100vw, 720px\" \/><\/a> <a href=\"https:\/\/www.pressenza.com\/wp-content\/uploads\/2020\/12\/Claudia-Aranda-13-1.jpg\"><img loading=\"lazy\" decoding=\"async\" class=\"alignleft size-large wp-image-1254282\" src=\"https:\/\/www.pressenza.com\/wp-content\/uploads\/2020\/12\/Claudia-Aranda-13-1-720x540.jpg\" alt=\"\" width=\"720\" height=\"540\" srcset=\"https:\/\/www.pressenza.com\/wp-content\/uploads\/2020\/12\/Claudia-Aranda-13-1-720x540.jpg 720w, https:\/\/www.pressenza.com\/wp-content\/uploads\/2020\/12\/Claudia-Aranda-13-1-300x225.jpg 300w, https:\/\/www.pressenza.com\/wp-content\/uploads\/2020\/12\/Claudia-Aranda-13-1-768x576.jpg 768w, https:\/\/www.pressenza.com\/wp-content\/uploads\/2020\/12\/Claudia-Aranda-13-1.jpg 1280w\" sizes=\"auto, (max-width: 720px) 100vw, 720px\" \/><\/a> <a href=\"https:\/\/www.pressenza.com\/wp-content\/uploads\/2020\/12\/Claudia-Aranda-14-1.jpg\"><img loading=\"lazy\" decoding=\"async\" class=\"alignleft size-large wp-image-1254292\" src=\"https:\/\/www.pressenza.com\/wp-content\/uploads\/2020\/12\/Claudia-Aranda-14-1-720x540.jpg\" alt=\"\" width=\"720\" height=\"540\" srcset=\"https:\/\/www.pressenza.com\/wp-content\/uploads\/2020\/12\/Claudia-Aranda-14-1-720x540.jpg 720w, https:\/\/www.pressenza.com\/wp-content\/uploads\/2020\/12\/Claudia-Aranda-14-1-300x225.jpg 300w, https:\/\/www.pressenza.com\/wp-content\/uploads\/2020\/12\/Claudia-Aranda-14-1-768x576.jpg 768w, https:\/\/www.pressenza.com\/wp-content\/uploads\/2020\/12\/Claudia-Aranda-14-1.jpg 1280w\" sizes=\"auto, (max-width: 720px) 100vw, 720px\" \/><\/a><\/p>\n","protected":false},"excerpt":{"rendered":"<p>Nuevamente hoy en Chile, otro gesto de manifestaci\u00f3n de la no-violencia activa para pedir la libertad de los presos y presas de la revuelta. Convocados por ANEXPPSA, por primera vez concurrieron conjuntamente tres categor\u00ecas de luchadores sociales que se han&hellip;<\/p>\n","protected":false},"author":43,"featured_media":1253650,"comment_status":"closed","ping_status":"closed","sticky":false,"template":"","format":"standard","meta":{"footnotes":""},"categories":[11389,5667,1242,67],"tags":[29,441,30440],"class_list":["post-1253648","post","type-post","status-publish","format-standard","has-post-thumbnail","hentry","category-contenido-original","category-foto-reportajes","category-noviolencia-tema","category-sudamerica","tag-chile","tag-derechos-humanos","tag-no-violencia-activa"],"yoast_head":"<!-- This site is optimized with the Yoast SEO plugin v27.1.1 - https:\/\/yoast.com\/product\/yoast-seo-wordpress\/ -->\n<title>La no-violencia activa, una vez m\u00e1s<\/title>\n<meta name=\"description\" content=\"Nuevamente hoy en Chile, otro gesto de manifestaci\u00f3n de la no-violencia activa para pedir la libertad de los presos y presas de la revuelta. Convocados\" \/>\n<meta name=\"robots\" content=\"index, follow, max-snippet:-1, max-image-preview:large, max-video-preview:-1\" \/>\n<link rel=\"canonical\" href=\"https:\/\/www.pressenza.com\/es\/2020\/12\/la-no-violencia-activa-una-vez-mas\/\" \/>\n<meta property=\"og:locale\" content=\"es_ES\" \/>\n<meta property=\"og:type\" content=\"article\" \/>\n<meta property=\"og:title\" content=\"La no-violencia activa, una vez m\u00e1s\" \/>\n<meta property=\"og:description\" content=\"Nuevamente hoy en Chile, otro gesto de manifestaci\u00f3n de la no-violencia activa para pedir la libertad de los presos y presas de la revuelta. Convocados\" \/>\n<meta property=\"og:url\" content=\"https:\/\/www.pressenza.com\/es\/2020\/12\/la-no-violencia-activa-una-vez-mas\/\" \/>\n<meta property=\"og:site_name\" content=\"Pressenza\" \/>\n<meta property=\"article:publisher\" content=\"https:\/\/www.facebook.com\/PressenzaItalia\" \/>\n<meta property=\"article:author\" content=\"https:\/\/www.facebook.com\/pressenza\" \/>\n<meta property=\"article:published_time\" content=\"2020-12-03T18:46:21+00:00\" \/>\n<meta property=\"article:modified_time\" content=\"2020-12-04T00:36:57+00:00\" \/>\n<meta property=\"og:image\" content=\"https:\/\/www.pressenza.com\/wp-content\/uploads\/2020\/12\/a34a2951-12a2-4fbe-9788-efa2502ab6af.jpg\" \/>\n\t<meta property=\"og:image:width\" content=\"1064\" \/>\n\t<meta property=\"og:image:height\" content=\"934\" \/>\n\t<meta property=\"og:image:type\" content=\"image\/jpeg\" \/>\n<meta name=\"author\" content=\"Redacci\u00f3n Chile\" \/>\n<meta name=\"twitter:card\" content=\"summary_large_image\" \/>\n<meta name=\"twitter:creator\" content=\"@pressenza\" \/>\n<meta name=\"twitter:site\" content=\"@PressenzaIPA\" \/>\n<meta name=\"twitter:label1\" content=\"Escrito por\" \/>\n\t<meta name=\"twitter:data1\" content=\"Redacci\u00f3n Chile\" \/>\n\t<meta name=\"twitter:label2\" content=\"Tiempo de lectura\" \/>\n\t<meta name=\"twitter:data2\" content=\"1 minuto\" \/>\n<script type=\"application\/ld+json\" class=\"yoast-schema-graph\">{\"@context\":\"https:\/\/schema.org\",\"@graph\":[{\"@type\":\"Article\",\"@id\":\"https:\/\/www.pressenza.com\/es\/2020\/12\/la-no-violencia-activa-una-vez-mas\/#article\",\"isPartOf\":{\"@id\":\"https:\/\/www.pressenza.com\/es\/2020\/12\/la-no-violencia-activa-una-vez-mas\/\"},\"author\":{\"name\":\"Redacci\u00f3n Chile\",\"@id\":\"https:\/\/www.pressenza.com\/es\/#\/schema\/person\/d7db40df35d6698ba69ba9ee260944ed\"},\"headline\":\"La no-violencia activa, una vez m\u00e1s\",\"datePublished\":\"2020-12-03T18:46:21+00:00\",\"dateModified\":\"2020-12-04T00:36:57+00:00\",\"mainEntityOfPage\":{\"@id\":\"https:\/\/www.pressenza.com\/es\/2020\/12\/la-no-violencia-activa-una-vez-mas\/\"},\"wordCount\":213,\"publisher\":{\"@id\":\"https:\/\/www.pressenza.com\/es\/#organization\"},\"image\":{\"@id\":\"https:\/\/www.pressenza.com\/es\/2020\/12\/la-no-violencia-activa-una-vez-mas\/#primaryimage\"},\"thumbnailUrl\":\"https:\/\/www.pressenza.com\/wp-content\/uploads\/2020\/12\/a34a2951-12a2-4fbe-9788-efa2502ab6af.jpg\",\"keywords\":[\"Chile\",\"Derechos humanos\",\"no violencia activa\"],\"articleSection\":[\"Contenido Original\",\"Fotorreportajes\",\"Noviolencia\",\"Sudam\u00e9rica\"],\"inLanguage\":\"es\"},{\"@type\":\"WebPage\",\"@id\":\"https:\/\/www.pressenza.com\/es\/2020\/12\/la-no-violencia-activa-una-vez-mas\/\",\"url\":\"https:\/\/www.pressenza.com\/es\/2020\/12\/la-no-violencia-activa-una-vez-mas\/\",\"name\":\"La no-violencia activa, una vez m\u00e1s\",\"isPartOf\":{\"@id\":\"https:\/\/www.pressenza.com\/es\/#website\"},\"primaryImageOfPage\":{\"@id\":\"https:\/\/www.pressenza.com\/es\/2020\/12\/la-no-violencia-activa-una-vez-mas\/#primaryimage\"},\"image\":{\"@id\":\"https:\/\/www.pressenza.com\/es\/2020\/12\/la-no-violencia-activa-una-vez-mas\/#primaryimage\"},\"thumbnailUrl\":\"https:\/\/www.pressenza.com\/wp-content\/uploads\/2020\/12\/a34a2951-12a2-4fbe-9788-efa2502ab6af.jpg\",\"datePublished\":\"2020-12-03T18:46:21+00:00\",\"dateModified\":\"2020-12-04T00:36:57+00:00\",\"description\":\"Nuevamente hoy en Chile, otro gesto de manifestaci\u00f3n de la no-violencia activa para pedir la libertad de los presos y presas de la revuelta. Convocados\",\"breadcrumb\":{\"@id\":\"https:\/\/www.pressenza.com\/es\/2020\/12\/la-no-violencia-activa-una-vez-mas\/#breadcrumb\"},\"inLanguage\":\"es\",\"potentialAction\":[{\"@type\":\"ReadAction\",\"target\":[\"https:\/\/www.pressenza.com\/es\/2020\/12\/la-no-violencia-activa-una-vez-mas\/\"]}]},{\"@type\":\"ImageObject\",\"inLanguage\":\"es\",\"@id\":\"https:\/\/www.pressenza.com\/es\/2020\/12\/la-no-violencia-activa-una-vez-mas\/#primaryimage\",\"url\":\"https:\/\/www.pressenza.com\/wp-content\/uploads\/2020\/12\/a34a2951-12a2-4fbe-9788-efa2502ab6af.jpg\",\"contentUrl\":\"https:\/\/www.pressenza.com\/wp-content\/uploads\/2020\/12\/a34a2951-12a2-4fbe-9788-efa2502ab6af.jpg\",\"width\":1064,\"height\":934,\"caption\":\"Claudia Aranda\"},{\"@type\":\"BreadcrumbList\",\"@id\":\"https:\/\/www.pressenza.com\/es\/2020\/12\/la-no-violencia-activa-una-vez-mas\/#breadcrumb\",\"itemListElement\":[{\"@type\":\"ListItem\",\"position\":1,\"name\":\"Accueil\",\"item\":\"https:\/\/www.pressenza.com\/es\/\"},{\"@type\":\"ListItem\",\"position\":2,\"name\":\"La no-violencia activa, una vez m\u00e1s\"}]},{\"@type\":\"WebSite\",\"@id\":\"https:\/\/www.pressenza.com\/es\/#website\",\"url\":\"https:\/\/www.pressenza.com\/es\/\",\"name\":\"Pressenza\",\"description\":\"International Press Agency\",\"publisher\":{\"@id\":\"https:\/\/www.pressenza.com\/es\/#organization\"},\"potentialAction\":[{\"@type\":\"SearchAction\",\"target\":{\"@type\":\"EntryPoint\",\"urlTemplate\":\"https:\/\/www.pressenza.com\/es\/?s={search_term_string}\"},\"query-input\":{\"@type\":\"PropertyValueSpecification\",\"valueRequired\":true,\"valueName\":\"search_term_string\"}}],\"inLanguage\":\"es\"},{\"@type\":\"Organization\",\"@id\":\"https:\/\/www.pressenza.com\/es\/#organization\",\"name\":\"Pressenza\",\"url\":\"https:\/\/www.pressenza.com\/es\/\",\"logo\":{\"@type\":\"ImageObject\",\"inLanguage\":\"es\",\"@id\":\"https:\/\/www.pressenza.com\/es\/#\/schema\/logo\/image\/\",\"url\":\"https:\/\/www.pressenza.com\/wp-content\/uploads\/2022\/10\/pressenza_logo_200x200.jpg\",\"contentUrl\":\"https:\/\/www.pressenza.com\/wp-content\/uploads\/2022\/10\/pressenza_logo_200x200.jpg\",\"width\":200,\"height\":200,\"caption\":\"Pressenza\"},\"image\":{\"@id\":\"https:\/\/www.pressenza.com\/es\/#\/schema\/logo\/image\/\"},\"sameAs\":[\"https:\/\/www.facebook.com\/PressenzaItalia\",\"https:\/\/x.com\/PressenzaIPA\"]},{\"@type\":\"Person\",\"@id\":\"https:\/\/www.pressenza.com\/es\/#\/schema\/person\/d7db40df35d6698ba69ba9ee260944ed\",\"name\":\"Redacci\u00f3n Chile\",\"description\":\"News from the Pressenza Bureau in Chile\",\"sameAs\":[\"https:\/\/www.facebook.com\/pressenza\",\"https:\/\/x.com\/pressenza\"],\"url\":\"https:\/\/www.pressenza.com\/es\/author\/redaccion-chile\/\"}]}<\/script>\n<!-- \/ Yoast SEO plugin. -->","yoast_head_json":{"title":"La no-violencia activa, una vez m\u00e1s","description":"Nuevamente hoy en Chile, otro gesto de manifestaci\u00f3n de la no-violencia activa para pedir la libertad de los presos y presas de la revuelta. Convocados","robots":{"index":"index","follow":"follow","max-snippet":"max-snippet:-1","max-image-preview":"max-image-preview:large","max-video-preview":"max-video-preview:-1"},"canonical":"https:\/\/www.pressenza.com\/es\/2020\/12\/la-no-violencia-activa-una-vez-mas\/","og_locale":"es_ES","og_type":"article","og_title":"La no-violencia activa, una vez m\u00e1s","og_description":"Nuevamente hoy en Chile, otro gesto de manifestaci\u00f3n de la no-violencia activa para pedir la libertad de los presos y presas de la revuelta. Convocados","og_url":"https:\/\/www.pressenza.com\/es\/2020\/12\/la-no-violencia-activa-una-vez-mas\/","og_site_name":"Pressenza","article_publisher":"https:\/\/www.facebook.com\/PressenzaItalia","article_author":"https:\/\/www.facebook.com\/pressenza","article_published_time":"2020-12-03T18:46:21+00:00","article_modified_time":"2020-12-04T00:36:57+00:00","og_image":[{"width":1064,"height":934,"url":"https:\/\/www.pressenza.com\/wp-content\/uploads\/2020\/12\/a34a2951-12a2-4fbe-9788-efa2502ab6af.jpg","type":"image\/jpeg"}],"author":"Redacci\u00f3n Chile","twitter_card":"summary_large_image","twitter_creator":"@pressenza","twitter_site":"@PressenzaIPA","twitter_misc":{"Escrito por":"Redacci\u00f3n Chile","Tiempo de lectura":"1 minuto"},"schema":{"@context":"https:\/\/schema.org","@graph":[{"@type":"Article","@id":"https:\/\/www.pressenza.com\/es\/2020\/12\/la-no-violencia-activa-una-vez-mas\/#article","isPartOf":{"@id":"https:\/\/www.pressenza.com\/es\/2020\/12\/la-no-violencia-activa-una-vez-mas\/"},"author":{"name":"Redacci\u00f3n Chile","@id":"https:\/\/www.pressenza.com\/es\/#\/schema\/person\/d7db40df35d6698ba69ba9ee260944ed"},"headline":"La no-violencia activa, una vez m\u00e1s","datePublished":"2020-12-03T18:46:21+00:00","dateModified":"2020-12-04T00:36:57+00:00","mainEntityOfPage":{"@id":"https:\/\/www.pressenza.com\/es\/2020\/12\/la-no-violencia-activa-una-vez-mas\/"},"wordCount":213,"publisher":{"@id":"https:\/\/www.pressenza.com\/es\/#organization"},"image":{"@id":"https:\/\/www.pressenza.com\/es\/2020\/12\/la-no-violencia-activa-una-vez-mas\/#primaryimage"},"thumbnailUrl":"https:\/\/www.pressenza.com\/wp-content\/uploads\/2020\/12\/a34a2951-12a2-4fbe-9788-efa2502ab6af.jpg","keywords":["Chile","Derechos humanos","no violencia activa"],"articleSection":["Contenido Original","Fotorreportajes","Noviolencia","Sudam\u00e9rica"],"inLanguage":"es"},{"@type":"WebPage","@id":"https:\/\/www.pressenza.com\/es\/2020\/12\/la-no-violencia-activa-una-vez-mas\/","url":"https:\/\/www.pressenza.com\/es\/2020\/12\/la-no-violencia-activa-una-vez-mas\/","name":"La no-violencia activa, una vez m\u00e1s","isPartOf":{"@id":"https:\/\/www.pressenza.com\/es\/#website"},"primaryImageOfPage":{"@id":"https:\/\/www.pressenza.com\/es\/2020\/12\/la-no-violencia-activa-una-vez-mas\/#primaryimage"},"image":{"@id":"https:\/\/www.pressenza.com\/es\/2020\/12\/la-no-violencia-activa-una-vez-mas\/#primaryimage"},"thumbnailUrl":"https:\/\/www.pressenza.com\/wp-content\/uploads\/2020\/12\/a34a2951-12a2-4fbe-9788-efa2502ab6af.jpg","datePublished":"2020-12-03T18:46:21+00:00","dateModified":"2020-12-04T00:36:57+00:00","description":"Nuevamente hoy en Chile, otro gesto de manifestaci\u00f3n de la no-violencia activa para pedir la libertad de los presos y presas de la revuelta. Convocados","breadcrumb":{"@id":"https:\/\/www.pressenza.com\/es\/2020\/12\/la-no-violencia-activa-una-vez-mas\/#breadcrumb"},"inLanguage":"es","potentialAction":[{"@type":"ReadAction","target":["https:\/\/www.pressenza.com\/es\/2020\/12\/la-no-violencia-activa-una-vez-mas\/"]}]},{"@type":"ImageObject","inLanguage":"es","@id":"https:\/\/www.pressenza.com\/es\/2020\/12\/la-no-violencia-activa-una-vez-mas\/#primaryimage","url":"https:\/\/www.pressenza.com\/wp-content\/uploads\/2020\/12\/a34a2951-12a2-4fbe-9788-efa2502ab6af.jpg","contentUrl":"https:\/\/www.pressenza.com\/wp-content\/uploads\/2020\/12\/a34a2951-12a2-4fbe-9788-efa2502ab6af.jpg","width":1064,"height":934,"caption":"Claudia Aranda"},{"@type":"BreadcrumbList","@id":"https:\/\/www.pressenza.com\/es\/2020\/12\/la-no-violencia-activa-una-vez-mas\/#breadcrumb","itemListElement":[{"@type":"ListItem","position":1,"name":"Accueil","item":"https:\/\/www.pressenza.com\/es\/"},{"@type":"ListItem","position":2,"name":"La no-violencia activa, una vez m\u00e1s"}]},{"@type":"WebSite","@id":"https:\/\/www.pressenza.com\/es\/#website","url":"https:\/\/www.pressenza.com\/es\/","name":"Pressenza","description":"International Press Agency","publisher":{"@id":"https:\/\/www.pressenza.com\/es\/#organization"},"potentialAction":[{"@type":"SearchAction","target":{"@type":"EntryPoint","urlTemplate":"https:\/\/www.pressenza.com\/es\/?s={search_term_string}"},"query-input":{"@type":"PropertyValueSpecification","valueRequired":true,"valueName":"search_term_string"}}],"inLanguage":"es"},{"@type":"Organization","@id":"https:\/\/www.pressenza.com\/es\/#organization","name":"Pressenza","url":"https:\/\/www.pressenza.com\/es\/","logo":{"@type":"ImageObject","inLanguage":"es","@id":"https:\/\/www.pressenza.com\/es\/#\/schema\/logo\/image\/","url":"https:\/\/www.pressenza.com\/wp-content\/uploads\/2022\/10\/pressenza_logo_200x200.jpg","contentUrl":"https:\/\/www.pressenza.com\/wp-content\/uploads\/2022\/10\/pressenza_logo_200x200.jpg","width":200,"height":200,"caption":"Pressenza"},"image":{"@id":"https:\/\/www.pressenza.com\/es\/#\/schema\/logo\/image\/"},"sameAs":["https:\/\/www.facebook.com\/PressenzaItalia","https:\/\/x.com\/PressenzaIPA"]},{"@type":"Person","@id":"https:\/\/www.pressenza.com\/es\/#\/schema\/person\/d7db40df35d6698ba69ba9ee260944ed","name":"Redacci\u00f3n Chile","description":"News from the Pressenza Bureau in Chile","sameAs":["https:\/\/www.facebook.com\/pressenza","https:\/\/x.com\/pressenza"],"url":"https:\/\/www.pressenza.com\/es\/author\/redaccion-chile\/"}]}},"place":"Santiago de Chile","original_article_url":"","_links":{"self":[{"href":"https:\/\/www.pressenza.com\/es\/wp-json\/wp\/v2\/posts\/1253648","targetHints":{"allow":["GET"]}}],"collection":[{"href":"https:\/\/www.pressenza.com\/es\/wp-json\/wp\/v2\/posts"}],"about":[{"href":"https:\/\/www.pressenza.com\/es\/wp-json\/wp\/v2\/types\/post"}],"author":[{"embeddable":true,"href":"https:\/\/www.pressenza.com\/es\/wp-json\/wp\/v2\/users\/43"}],"replies":[{"embeddable":true,"href":"https:\/\/www.pressenza.com\/es\/wp-json\/wp\/v2\/comments?post=1253648"}],"version-history":[{"count":0,"href":"https:\/\/www.pressenza.com\/es\/wp-json\/wp\/v2\/posts\/1253648\/revisions"}],"wp:featuredmedia":[{"embeddable":true,"href":"https:\/\/www.pressenza.com\/es\/wp-json\/wp\/v2\/media\/1253650"}],"wp:attachment":[{"href":"https:\/\/www.pressenza.com\/es\/wp-json\/wp\/v2\/media?parent=1253648"}],"wp:term":[{"taxonomy":"category","embeddable":true,"href":"https:\/\/www.pressenza.com\/es\/wp-json\/wp\/v2\/categories?post=1253648"},{"taxonomy":"post_tag","embeddable":true,"href":"https:\/\/www.pressenza.com\/es\/wp-json\/wp\/v2\/tags?post=1253648"}],"curies":[{"name":"wp","href":"https:\/\/api.w.org\/{rel}","templated":true}]}}