{"id":124943,"date":"2014-08-10T22:04:30","date_gmt":"2014-08-10T21:04:30","guid":{"rendered":"http:\/\/www.pressenza.com\/?p=124943"},"modified":"2015-12-26T00:56:04","modified_gmt":"2015-12-26T00:56:04","slug":"h-novotny-presenta-el-ciclo-abriendo-horizontes-en-radio-hache","status":"publish","type":"post","link":"https:\/\/www.pressenza.com\/es\/2014\/08\/h-novotny-presenta-el-ciclo-abriendo-horizontes-en-radio-hache\/","title":{"rendered":"H. Novotny presenta el ciclo \u00abAbriendo horizontes\u00bb en Radio Hache"},"content":{"rendered":"<p>EL investigador Hugo Novotny fue entrevistado en Continentes y contenidos para que nos contara de qu8e se trata el primer evento del ciclo \u201cAbriendo Horizontes en Latinoam\u00e9rica y el Mundo: Nuevos paradigmas en pol\u00edtica, cultura y espiritualidad\u201d, promovido por el Senado de la Naci\u00f3n \u2013 Direcci\u00f3n General de Relaciones Institucionales y el Centro Mundial de Estudios Humanistas.<\/p>\n<p>Dicho evento se llev\u00f3 a cabo el pr\u00f3ximo 8 de agosto en el Auditorio del H. Senado de la Naci\u00f3n.<\/p>\n<p>\u00abFrente al agotamiento de las formas hegem\u00f3nicas y globalizadoras, opacadoras de la diversidad y su riqueza, es necesario trabajar en la construcci\u00f3n de los nuevos paradigmas en materia pol\u00edtica, social, cultural y espiritual, en donde la idea de desarrollo no sea solo crecimiento econ\u00f3mico, sino que signifique un avance integral, basado en la comprensi\u00f3n y certeza que no habr\u00e1 progreso si no es de todos y para todos.<\/p>\n<p>Aspiramos a que este ciclo de encuentros operen como un disparador del debate que se anuncia, sobre un nuevo orden mundial\u00a0 basado en la cooperaci\u00f3n, el acuerdo, la reciprocidad y la convergencia en la diversidad\u00bb dec\u00eda la convocatoria.<\/p>\n<p>El panel estuvo compuesto por Hugo Novotny \u2013 Investigador, Sixto Valdez Cueto. C\u00f3nsul de Bolivia en Rosario y Atilio Bor\u00f3n. Polit\u00f3logo.<\/p>\n<p>Aqu\u00ed se puede escuchar el audio de la entrevista que sali\u00f3 por Radio Hache en el programa conducido por Mariano Quiroga todos los mi\u00e9rcoles a las 17 horas \u00abContinentes y contenidos\u00bb.<\/p>\n<p><iframe loading=\"lazy\" src=\"http:\/\/www.ivoox.com\/player_ej_3385683_2_1.html?data=lJill5ucd46ZmKiak5aJd6KmmJKSmaiRdo6ZmKiakpKJe6ShkZKSmaiRjNbb0JC70dvTuM%2FtjMrbjajTstXdz8rb1srXb9qfxNTb1srSrcXj1JDSzpCUeoamp5Wlh5eqdpGllZKSmaiRh9Di1c7bx9PYqdSf2pCw0dPYqc%2FdxdTgj4qbh46o&amp;\" height=\"120\" width=\"100%\" allowfullscreen=\"\" frameborder=\"0\" scrolling=\"no\"><\/iframe><\/p>\n<p>&nbsp;<\/p>\n","protected":false},"excerpt":{"rendered":"<p>EL investigador Hugo Novotny fue entrevistado en Continentes y contenidos para que nos contara de qu8e se trata el primer evento del ciclo \u201cAbriendo Horizontes en Latinoam\u00e9rica y el Mundo: Nuevos paradigmas en pol\u00edtica, cultura y espiritualidad\u201d, promovido por el&hellip;<\/p>\n","protected":false},"author":96,"featured_media":0,"comment_status":"closed","ping_status":"open","sticky":false,"template":"","format":"standard","meta":{"footnotes":""},"categories":[76,11389,75,155,1240,1242,74,80,22754,67],"tags":[26,355,696,441,1059,383,22210,1126,543,623],"class_list":["post-124943","post","type-post","status-publish","format-standard","hentry","category-relaciones-exteriores","category-contenido-original","category-cultura-es","category-entrevistas","category-humanismo-espiritualidad","category-noviolencia-tema","category-politica-es","category-pueblos-originarios","category-radio-es","category-sudamerica","tag-argentina","tag-crisis-es","tag-democracia","tag-derechos-humanos","tag-evo-morales","tag-noviolencia","tag-pueblos-originarios","tag-rafael-correa","tag-silo-es","tag-violencia"],"yoast_head":"<!-- This site is optimized with the Yoast SEO plugin v27.1.1 - https:\/\/yoast.com\/product\/yoast-seo-wordpress\/ -->\n<title>H. Novotny presenta el ciclo &quot;Abriendo horizontes&quot; en Radio Hache<\/title>\n<meta name=\"description\" content=\"EL investigador Hugo Novotny fue entrevistado en Continentes y contenidos para que nos contara de qu8e se trata el primer evento del ciclo \u201cAbriendo\" \/>\n<meta name=\"robots\" content=\"index, follow, max-snippet:-1, max-image-preview:large, max-video-preview:-1\" \/>\n<link rel=\"canonical\" href=\"https:\/\/www.pressenza.com\/es\/2014\/08\/h-novotny-presenta-el-ciclo-abriendo-horizontes-en-radio-hache\/\" \/>\n<meta property=\"og:locale\" content=\"es_ES\" \/>\n<meta property=\"og:type\" content=\"article\" \/>\n<meta property=\"og:title\" content=\"H. Novotny presenta el ciclo &quot;Abriendo horizontes&quot; en Radio Hache\" \/>\n<meta property=\"og:description\" content=\"EL investigador Hugo Novotny fue entrevistado en Continentes y contenidos para que nos contara de qu8e se trata el primer evento del ciclo \u201cAbriendo\" \/>\n<meta property=\"og:url\" content=\"https:\/\/www.pressenza.com\/es\/2014\/08\/h-novotny-presenta-el-ciclo-abriendo-horizontes-en-radio-hache\/\" \/>\n<meta property=\"og:site_name\" content=\"Pressenza\" \/>\n<meta property=\"article:publisher\" content=\"https:\/\/www.facebook.com\/PressenzaItalia\" \/>\n<meta property=\"article:author\" content=\"https:\/\/www.facebook.com\/mariano.quiroga.779\" \/>\n<meta property=\"article:published_time\" content=\"2014-08-10T21:04:30+00:00\" \/>\n<meta property=\"article:modified_time\" content=\"2015-12-26T00:56:04+00:00\" \/>\n<meta name=\"author\" content=\"Mariano Quiroga\" \/>\n<meta name=\"twitter:card\" content=\"summary_large_image\" \/>\n<meta name=\"twitter:creator\" content=\"@MaruchoQuiroga\" \/>\n<meta name=\"twitter:site\" content=\"@PressenzaIPA\" \/>\n<meta name=\"twitter:label1\" content=\"Escrito por\" \/>\n\t<meta name=\"twitter:data1\" content=\"Mariano Quiroga\" \/>\n\t<meta name=\"twitter:label2\" content=\"Tiempo de lectura\" \/>\n\t<meta name=\"twitter:data2\" content=\"1 minuto\" \/>\n<script type=\"application\/ld+json\" class=\"yoast-schema-graph\">{\"@context\":\"https:\/\/schema.org\",\"@graph\":[{\"@type\":\"Article\",\"@id\":\"https:\/\/www.pressenza.com\/es\/2014\/08\/h-novotny-presenta-el-ciclo-abriendo-horizontes-en-radio-hache\/#article\",\"isPartOf\":{\"@id\":\"https:\/\/www.pressenza.com\/es\/2014\/08\/h-novotny-presenta-el-ciclo-abriendo-horizontes-en-radio-hache\/\"},\"author\":{\"name\":\"Mariano Quiroga\",\"@id\":\"https:\/\/www.pressenza.com\/es\/#\/schema\/person\/a0856fe41d8234b92503e6b28dc2585e\"},\"headline\":\"H. Novotny presenta el ciclo \u00abAbriendo horizontes\u00bb en Radio Hache\",\"datePublished\":\"2014-08-10T21:04:30+00:00\",\"dateModified\":\"2015-12-26T00:56:04+00:00\",\"mainEntityOfPage\":{\"@id\":\"https:\/\/www.pressenza.com\/es\/2014\/08\/h-novotny-presenta-el-ciclo-abriendo-horizontes-en-radio-hache\/\"},\"wordCount\":260,\"publisher\":{\"@id\":\"https:\/\/www.pressenza.com\/es\/#organization\"},\"keywords\":[\"Argentina\",\"crisis\",\"Democracia\",\"Derechos humanos\",\"Evo Morales\",\"Noviolencia\",\"Pueblos Originarios\",\"Rafael Correa\",\"Silo\",\"Violencia\"],\"articleSection\":[\"Asuntos internacionales\",\"Contenido Original\",\"Cultura y Medios\",\"Entrevistas\",\"Humanismo y Espiritualidad\",\"Noviolencia\",\"Pol\u00edtica\",\"Pueblos Originarios\",\"Radio\",\"Sudam\u00e9rica\"],\"inLanguage\":\"es\"},{\"@type\":\"WebPage\",\"@id\":\"https:\/\/www.pressenza.com\/es\/2014\/08\/h-novotny-presenta-el-ciclo-abriendo-horizontes-en-radio-hache\/\",\"url\":\"https:\/\/www.pressenza.com\/es\/2014\/08\/h-novotny-presenta-el-ciclo-abriendo-horizontes-en-radio-hache\/\",\"name\":\"H. Novotny presenta el ciclo \\\"Abriendo horizontes\\\" en Radio Hache\",\"isPartOf\":{\"@id\":\"https:\/\/www.pressenza.com\/es\/#website\"},\"datePublished\":\"2014-08-10T21:04:30+00:00\",\"dateModified\":\"2015-12-26T00:56:04+00:00\",\"description\":\"EL investigador Hugo Novotny fue entrevistado en Continentes y contenidos para que nos contara de qu8e se trata el primer evento del ciclo \u201cAbriendo\",\"breadcrumb\":{\"@id\":\"https:\/\/www.pressenza.com\/es\/2014\/08\/h-novotny-presenta-el-ciclo-abriendo-horizontes-en-radio-hache\/#breadcrumb\"},\"inLanguage\":\"es\",\"potentialAction\":[{\"@type\":\"ReadAction\",\"target\":[\"https:\/\/www.pressenza.com\/es\/2014\/08\/h-novotny-presenta-el-ciclo-abriendo-horizontes-en-radio-hache\/\"]}]},{\"@type\":\"BreadcrumbList\",\"@id\":\"https:\/\/www.pressenza.com\/es\/2014\/08\/h-novotny-presenta-el-ciclo-abriendo-horizontes-en-radio-hache\/#breadcrumb\",\"itemListElement\":[{\"@type\":\"ListItem\",\"position\":1,\"name\":\"Accueil\",\"item\":\"https:\/\/www.pressenza.com\/es\/\"},{\"@type\":\"ListItem\",\"position\":2,\"name\":\"H. Novotny presenta el ciclo \u00abAbriendo horizontes\u00bb en Radio Hache\"}]},{\"@type\":\"WebSite\",\"@id\":\"https:\/\/www.pressenza.com\/es\/#website\",\"url\":\"https:\/\/www.pressenza.com\/es\/\",\"name\":\"Pressenza\",\"description\":\"International Press Agency\",\"publisher\":{\"@id\":\"https:\/\/www.pressenza.com\/es\/#organization\"},\"potentialAction\":[{\"@type\":\"SearchAction\",\"target\":{\"@type\":\"EntryPoint\",\"urlTemplate\":\"https:\/\/www.pressenza.com\/es\/?s={search_term_string}\"},\"query-input\":{\"@type\":\"PropertyValueSpecification\",\"valueRequired\":true,\"valueName\":\"search_term_string\"}}],\"inLanguage\":\"es\"},{\"@type\":\"Organization\",\"@id\":\"https:\/\/www.pressenza.com\/es\/#organization\",\"name\":\"Pressenza\",\"url\":\"https:\/\/www.pressenza.com\/es\/\",\"logo\":{\"@type\":\"ImageObject\",\"inLanguage\":\"es\",\"@id\":\"https:\/\/www.pressenza.com\/es\/#\/schema\/logo\/image\/\",\"url\":\"https:\/\/www.pressenza.com\/wp-content\/uploads\/2022\/10\/pressenza_logo_200x200.jpg\",\"contentUrl\":\"https:\/\/www.pressenza.com\/wp-content\/uploads\/2022\/10\/pressenza_logo_200x200.jpg\",\"width\":200,\"height\":200,\"caption\":\"Pressenza\"},\"image\":{\"@id\":\"https:\/\/www.pressenza.com\/es\/#\/schema\/logo\/image\/\"},\"sameAs\":[\"https:\/\/www.facebook.com\/PressenzaItalia\",\"https:\/\/x.com\/PressenzaIPA\"]},{\"@type\":\"Person\",\"@id\":\"https:\/\/www.pressenza.com\/es\/#\/schema\/person\/a0856fe41d8234b92503e6b28dc2585e\",\"name\":\"Mariano Quiroga\",\"description\":\"Born in Buenos Aires, Argentina, in 1976, Mariano is a journalist, poet and international editor for Pressenza. His career includes publications in different countries and languages. Currently he is presenter on radio programmes in Ecuador and Argentina. A humanist communicator specialising in international politics, his vocation has led him to seek to build bridges that allow relationships to be made between data, events, people and contexts in order to create an inclusive look that synthesises the noblest searches for social justice and humanisation of the planet.\",\"sameAs\":[\"https:\/\/www.facebook.com\/mariano.quiroga.779\",\"https:\/\/x.com\/MaruchoQuiroga\"],\"url\":\"https:\/\/www.pressenza.com\/es\/author\/mariano-quiroga\/\"}]}<\/script>\n<!-- \/ Yoast SEO plugin. -->","yoast_head_json":{"title":"H. Novotny presenta el ciclo \"Abriendo horizontes\" en Radio Hache","description":"EL investigador Hugo Novotny fue entrevistado en Continentes y contenidos para que nos contara de qu8e se trata el primer evento del ciclo \u201cAbriendo","robots":{"index":"index","follow":"follow","max-snippet":"max-snippet:-1","max-image-preview":"max-image-preview:large","max-video-preview":"max-video-preview:-1"},"canonical":"https:\/\/www.pressenza.com\/es\/2014\/08\/h-novotny-presenta-el-ciclo-abriendo-horizontes-en-radio-hache\/","og_locale":"es_ES","og_type":"article","og_title":"H. Novotny presenta el ciclo \"Abriendo horizontes\" en Radio Hache","og_description":"EL investigador Hugo Novotny fue entrevistado en Continentes y contenidos para que nos contara de qu8e se trata el primer evento del ciclo \u201cAbriendo","og_url":"https:\/\/www.pressenza.com\/es\/2014\/08\/h-novotny-presenta-el-ciclo-abriendo-horizontes-en-radio-hache\/","og_site_name":"Pressenza","article_publisher":"https:\/\/www.facebook.com\/PressenzaItalia","article_author":"https:\/\/www.facebook.com\/mariano.quiroga.779","article_published_time":"2014-08-10T21:04:30+00:00","article_modified_time":"2015-12-26T00:56:04+00:00","author":"Mariano Quiroga","twitter_card":"summary_large_image","twitter_creator":"@MaruchoQuiroga","twitter_site":"@PressenzaIPA","twitter_misc":{"Escrito por":"Mariano Quiroga","Tiempo de lectura":"1 minuto"},"schema":{"@context":"https:\/\/schema.org","@graph":[{"@type":"Article","@id":"https:\/\/www.pressenza.com\/es\/2014\/08\/h-novotny-presenta-el-ciclo-abriendo-horizontes-en-radio-hache\/#article","isPartOf":{"@id":"https:\/\/www.pressenza.com\/es\/2014\/08\/h-novotny-presenta-el-ciclo-abriendo-horizontes-en-radio-hache\/"},"author":{"name":"Mariano Quiroga","@id":"https:\/\/www.pressenza.com\/es\/#\/schema\/person\/a0856fe41d8234b92503e6b28dc2585e"},"headline":"H. Novotny presenta el ciclo \u00abAbriendo horizontes\u00bb en Radio Hache","datePublished":"2014-08-10T21:04:30+00:00","dateModified":"2015-12-26T00:56:04+00:00","mainEntityOfPage":{"@id":"https:\/\/www.pressenza.com\/es\/2014\/08\/h-novotny-presenta-el-ciclo-abriendo-horizontes-en-radio-hache\/"},"wordCount":260,"publisher":{"@id":"https:\/\/www.pressenza.com\/es\/#organization"},"keywords":["Argentina","crisis","Democracia","Derechos humanos","Evo Morales","Noviolencia","Pueblos Originarios","Rafael Correa","Silo","Violencia"],"articleSection":["Asuntos internacionales","Contenido Original","Cultura y Medios","Entrevistas","Humanismo y Espiritualidad","Noviolencia","Pol\u00edtica","Pueblos Originarios","Radio","Sudam\u00e9rica"],"inLanguage":"es"},{"@type":"WebPage","@id":"https:\/\/www.pressenza.com\/es\/2014\/08\/h-novotny-presenta-el-ciclo-abriendo-horizontes-en-radio-hache\/","url":"https:\/\/www.pressenza.com\/es\/2014\/08\/h-novotny-presenta-el-ciclo-abriendo-horizontes-en-radio-hache\/","name":"H. Novotny presenta el ciclo \"Abriendo horizontes\" en Radio Hache","isPartOf":{"@id":"https:\/\/www.pressenza.com\/es\/#website"},"datePublished":"2014-08-10T21:04:30+00:00","dateModified":"2015-12-26T00:56:04+00:00","description":"EL investigador Hugo Novotny fue entrevistado en Continentes y contenidos para que nos contara de qu8e se trata el primer evento del ciclo \u201cAbriendo","breadcrumb":{"@id":"https:\/\/www.pressenza.com\/es\/2014\/08\/h-novotny-presenta-el-ciclo-abriendo-horizontes-en-radio-hache\/#breadcrumb"},"inLanguage":"es","potentialAction":[{"@type":"ReadAction","target":["https:\/\/www.pressenza.com\/es\/2014\/08\/h-novotny-presenta-el-ciclo-abriendo-horizontes-en-radio-hache\/"]}]},{"@type":"BreadcrumbList","@id":"https:\/\/www.pressenza.com\/es\/2014\/08\/h-novotny-presenta-el-ciclo-abriendo-horizontes-en-radio-hache\/#breadcrumb","itemListElement":[{"@type":"ListItem","position":1,"name":"Accueil","item":"https:\/\/www.pressenza.com\/es\/"},{"@type":"ListItem","position":2,"name":"H. Novotny presenta el ciclo \u00abAbriendo horizontes\u00bb en Radio Hache"}]},{"@type":"WebSite","@id":"https:\/\/www.pressenza.com\/es\/#website","url":"https:\/\/www.pressenza.com\/es\/","name":"Pressenza","description":"International Press Agency","publisher":{"@id":"https:\/\/www.pressenza.com\/es\/#organization"},"potentialAction":[{"@type":"SearchAction","target":{"@type":"EntryPoint","urlTemplate":"https:\/\/www.pressenza.com\/es\/?s={search_term_string}"},"query-input":{"@type":"PropertyValueSpecification","valueRequired":true,"valueName":"search_term_string"}}],"inLanguage":"es"},{"@type":"Organization","@id":"https:\/\/www.pressenza.com\/es\/#organization","name":"Pressenza","url":"https:\/\/www.pressenza.com\/es\/","logo":{"@type":"ImageObject","inLanguage":"es","@id":"https:\/\/www.pressenza.com\/es\/#\/schema\/logo\/image\/","url":"https:\/\/www.pressenza.com\/wp-content\/uploads\/2022\/10\/pressenza_logo_200x200.jpg","contentUrl":"https:\/\/www.pressenza.com\/wp-content\/uploads\/2022\/10\/pressenza_logo_200x200.jpg","width":200,"height":200,"caption":"Pressenza"},"image":{"@id":"https:\/\/www.pressenza.com\/es\/#\/schema\/logo\/image\/"},"sameAs":["https:\/\/www.facebook.com\/PressenzaItalia","https:\/\/x.com\/PressenzaIPA"]},{"@type":"Person","@id":"https:\/\/www.pressenza.com\/es\/#\/schema\/person\/a0856fe41d8234b92503e6b28dc2585e","name":"Mariano Quiroga","description":"Born in Buenos Aires, Argentina, in 1976, Mariano is a journalist, poet and international editor for Pressenza. His career includes publications in different countries and languages. Currently he is presenter on radio programmes in Ecuador and Argentina. A humanist communicator specialising in international politics, his vocation has led him to seek to build bridges that allow relationships to be made between data, events, people and contexts in order to create an inclusive look that synthesises the noblest searches for social justice and humanisation of the planet.","sameAs":["https:\/\/www.facebook.com\/mariano.quiroga.779","https:\/\/x.com\/MaruchoQuiroga"],"url":"https:\/\/www.pressenza.com\/es\/author\/mariano-quiroga\/"}]}},"place":"Buenos Aires","original_article_url":"","_links":{"self":[{"href":"https:\/\/www.pressenza.com\/es\/wp-json\/wp\/v2\/posts\/124943","targetHints":{"allow":["GET"]}}],"collection":[{"href":"https:\/\/www.pressenza.com\/es\/wp-json\/wp\/v2\/posts"}],"about":[{"href":"https:\/\/www.pressenza.com\/es\/wp-json\/wp\/v2\/types\/post"}],"author":[{"embeddable":true,"href":"https:\/\/www.pressenza.com\/es\/wp-json\/wp\/v2\/users\/96"}],"replies":[{"embeddable":true,"href":"https:\/\/www.pressenza.com\/es\/wp-json\/wp\/v2\/comments?post=124943"}],"version-history":[{"count":0,"href":"https:\/\/www.pressenza.com\/es\/wp-json\/wp\/v2\/posts\/124943\/revisions"}],"wp:attachment":[{"href":"https:\/\/www.pressenza.com\/es\/wp-json\/wp\/v2\/media?parent=124943"}],"wp:term":[{"taxonomy":"category","embeddable":true,"href":"https:\/\/www.pressenza.com\/es\/wp-json\/wp\/v2\/categories?post=124943"},{"taxonomy":"post_tag","embeddable":true,"href":"https:\/\/www.pressenza.com\/es\/wp-json\/wp\/v2\/tags?post=124943"}],"curies":[{"name":"wp","href":"https:\/\/api.w.org\/{rel}","templated":true}]}}