{"id":1248267,"date":"2020-11-26T13:43:14","date_gmt":"2020-11-26T13:43:14","guid":{"rendered":"https:\/\/www.pressenza.com\/?p=1248267"},"modified":"2020-11-26T13:46:48","modified_gmt":"2020-11-26T13:46:48","slug":"tejiendo-lazos-un-intercambio-de-experiencias-unio-a-excombatientes-de-caqueta-y-putumayo-en-colombia","status":"publish","type":"post","link":"https:\/\/www.pressenza.com\/es\/2020\/11\/tejiendo-lazos-un-intercambio-de-experiencias-unio-a-excombatientes-de-caqueta-y-putumayo-en-colombia\/","title":{"rendered":"Tejiendo lazos: un intercambio de experiencias uni\u00f3 a excombatientes de Caquet\u00e1 y Putumayo en Colombia"},"content":{"rendered":"<p>Publicaci\u00f3n original: <a href=\"https:\/\/colombia.unmissions.org\/tejiendo-lazos-un-intercambio-de-experiencias-uni%C3%B3-excombatientes-de-caquet%C3%A1-y-putumayo\">Misi\u00f3n de Verificaci\u00f3n de la ONU en Colombia<\/a><\/p>\n<p><em><strong>El Antiguo Espacio de Capacitaci\u00f3n y Reincorporaci\u00f3n (AETCR) de Agua Bonita, en La Monta\u00f1ita (Caquet\u00e1) y La Granja COMUCCOM zona de Paz, en Puerto Guzm\u00e1n (Putumayo), compartieron conocimientos sobre sus iniciativas productivas y, juntos, aprendieron sobre igualdad de g\u00e9nero y econom\u00eda del cuidado.<\/strong><\/em><\/p>\n<p>Cuatro personas en proceso de reincorporaci\u00f3n del AETCR Agua Bonita, en Caquet\u00e1, emprendieron un viaje hacia Puerto Guzm\u00e1n, en Putumayo, para conocer las iniciativas productivas y dialogar sobre igualdad de g\u00e9nero con los habitantes de la Granja de Paz, un asentamiento de personas en proceso de reincorporaci\u00f3n en el que se desarrollan diversas iniciativas productivas. A su vez, seis personas de la Granja de Paz viajaron a La Monta\u00f1ita para conocer Agua Bonita, sus iniciativas productivas y sus esfuerzos en materia de igualdad de g\u00e9nero. Este intercambio fue apoyado por fondos del Departamento de Asuntos Pol\u00edticos de Naciones Unidas a trav\u00e9s de la Misi\u00f3n de Verificaci\u00f3n de la ONU en Colombia, as\u00ed como del equipo de g\u00e9nero de la Misi\u00f3n de Verificaci\u00f3n y el Consejo Nacional de Reincorporaci\u00f3n.<\/p>\n<p><img loading=\"lazy\" decoding=\"async\" class=\"aligncenter wp-image-1248268 size-large\" src=\"https:\/\/www.pressenza.com\/wp-content\/uploads\/2020\/11\/dsc_4683-720x479.jpg\" alt=\"Experiencia de intercambio de excombatientes de FARC en Colombia\" width=\"720\" height=\"479\" srcset=\"https:\/\/www.pressenza.com\/wp-content\/uploads\/2020\/11\/dsc_4683-720x479.jpg 720w, https:\/\/www.pressenza.com\/wp-content\/uploads\/2020\/11\/dsc_4683-300x200.jpg 300w, https:\/\/www.pressenza.com\/wp-content\/uploads\/2020\/11\/dsc_4683-768x511.jpg 768w, https:\/\/www.pressenza.com\/wp-content\/uploads\/2020\/11\/dsc_4683.jpg 800w\" sizes=\"auto, (max-width: 720px) 100vw, 720px\" \/><\/p>\n<p style=\"text-align: left;\"><em><small>Antiguo Espacio Territorial de Agua Bonita, Caquet\u00e1.<\/small><\/em><\/p>\n<p>En Puerto Guzm\u00e1n, el primer d\u00eda, la jornada se centr\u00f3 en el fortalecimiento del enfoque de g\u00e9nero en las iniciativas productivas y la vida diaria. Con un taller sobre nuevas masculinidades, facilitado por las mismas excombatientes del comit\u00e9 de g\u00e9nero de Agua Bonita, los hombres cuestionaron y afirmaron la responsabilidad compartida en las tareas de cuidado. Adem\u00e1s, en un taller facilitado por la Misi\u00f3n de Verificaci\u00f3n, se realiz\u00f3 una evaluaci\u00f3n de la inclusi\u00f3n del enfoque de g\u00e9nero en los proyectos productivos en las iniciativas que desarrolla actualmente la cooperativa COMUCCOM, que agrupa a los integrantes de la Granja de Paz.<\/p>\n<p><img loading=\"lazy\" decoding=\"async\" class=\"aligncenter wp-image-1248278 size-large\" src=\"https:\/\/www.pressenza.com\/wp-content\/uploads\/2020\/11\/befunky-collage_2_0-720x382.jpg\" alt=\"Intercambio de excombatientes de FARC en Colombia\" width=\"720\" height=\"382\" srcset=\"https:\/\/www.pressenza.com\/wp-content\/uploads\/2020\/11\/befunky-collage_2_0-720x382.jpg 720w, https:\/\/www.pressenza.com\/wp-content\/uploads\/2020\/11\/befunky-collage_2_0-300x159.jpg 300w, https:\/\/www.pressenza.com\/wp-content\/uploads\/2020\/11\/befunky-collage_2_0-768x407.jpg 768w, https:\/\/www.pressenza.com\/wp-content\/uploads\/2020\/11\/befunky-collage_2_0.jpg 800w\" sizes=\"auto, (max-width: 720px) 100vw, 720px\" \/><\/p>\n<p><em><small>Personas en proceso de reincorporaci\u00f3n del AETCR Agua Bonita, Caquet\u00e1, compartieron conocimientos en igualdad de g\u00e9nero y nuevas masculinidades, con excombatientes en Puerto Guzm\u00e1n, Putumayo.\u00a0Foto por: Ana Paola Rodr\u00edguez,\u00a0Misi\u00f3n de Verificaci\u00f3n de la ONU en Colombia.\u00a0<\/small><\/em><\/p>\n<p>\u201cCuando est\u00e1bamos en armas, esto de compartir experiencias lo hac\u00edamos todo el tiempo entre frentes, pero con el inicio del proceso de paz dejamos de hacerlo. Por eso, para m\u00ed, esta es una oportunidad muy importante para formarnos y compartir. Espero que no sea la \u00faltima vez\u201d, afirm\u00f3 Yurley, una de las excombatientes del AETCR Agua Bonita que viaj\u00f3 hasta Puerto Guzm\u00e1n.<\/p>\n<p>El segundo d\u00eda, los visitantes de Agua Bonita realizaron un recorrido por la Granja de Paz donde conocieron el proyecto de piscicultura, los sistemas agroforestales y viveros comunitarios. All\u00ed, intercambiaron saberes sobre temas agropecuarios que les permitieron fortalecer sus ideas productivas y construir planes de trabajo conjunto en el futuro.<\/p>\n<p>Paula, una de las mujeres participantes en el intercambio, se refiri\u00f3 a lo provechoso que fue para ella este di\u00e1logo, pues \u201centre nosotros (los excombatientes), hablamos un mismo lenguaje\u201d.<\/p>\n<p>Ya en Agua Bonita, los visitantes de la Granja de Paz hicieron un recorrido por las piscinas de piscicultura del AETCR y los dem\u00e1s proyectos productivos: ganader\u00eda, cultivo de pi\u00f1a, porcicultura;, donde pudieron conocer las tecnolog\u00edas que all\u00ed se han implementado y que les servir\u00e1n para su propia iniciativa. As\u00ed mismo, dialogaron sobre la inclusi\u00f3n de la econom\u00eda del cuidado y el enfoque de g\u00e9nero en dichos proyectos. Las mujeres visitantes de la Granja de Paz tambi\u00e9n facilitaron un taller\u00a0 sobre \u00a0la construcci\u00f3n de la pol\u00edtica p\u00fablica de g\u00e9nero en Puerto Guzm\u00e1n y su experiencia con las autoridades locales.<\/p>\n<h3>\u201cNo puedo expresar en<\/h3>\n<h3>palabras lo que siento. Estamos<\/h3>\n<h3>llenos y felices con este compartir\u201d, mencion\u00f3 emocionado<\/h3>\n<h3>Armando Aroca, dirigente de la<\/h3>\n<h3>cooperativa COMMUCON, quien<\/h3>\n<h3>agradeci\u00f3 a la Misi\u00f3n de<\/h3>\n<h3>Verificaci\u00f3n por facilitar este<\/h3>\n<h3>intercambio.<\/h3>\n<p><img loading=\"lazy\" decoding=\"async\" class=\"aligncenter wp-image-1248291 size-large\" src=\"https:\/\/www.pressenza.com\/wp-content\/uploads\/2020\/11\/dsc_4529-720x479.jpg\" alt=\"Intercambio de excombatientes de FARC en Colombia\" width=\"720\" height=\"479\" srcset=\"https:\/\/www.pressenza.com\/wp-content\/uploads\/2020\/11\/dsc_4529-720x479.jpg 720w, https:\/\/www.pressenza.com\/wp-content\/uploads\/2020\/11\/dsc_4529-300x200.jpg 300w, https:\/\/www.pressenza.com\/wp-content\/uploads\/2020\/11\/dsc_4529-768x511.jpg 768w, https:\/\/www.pressenza.com\/wp-content\/uploads\/2020\/11\/dsc_4529.jpg 800w\" sizes=\"auto, (max-width: 720px) 100vw, 720px\" \/><\/p>\n<p style=\"text-align: left;\"><em><small>Piscinas de piscicultura en el antiguo Espacio Territorial de Agua Bonita, Caquet\u00e1.\u00a0Foto por: Viviana Cabrera, Misi\u00f3n de Verificaci\u00f3n de la ONU en Colombia.\u00a0<\/small><\/em><\/p>\n<p>\u201cNo puedo expresar en palabras lo que siento. Estamos llenos y felices con este compartir\u201d, mencion\u00f3 emocionado Armando Aroca, dirigente de la cooperativa COMMUCON, quien agradeci\u00f3 a la Misi\u00f3n de Verificaci\u00f3n por facilitar este intercambio.<\/p>\n<p><img loading=\"lazy\" decoding=\"async\" class=\"aligncenter wp-image-1248301 size-large\" src=\"https:\/\/www.pressenza.com\/wp-content\/uploads\/2020\/11\/dsc_4329-720x479.jpg\" alt=\"Intercambio de excombatientes de FARC en Colombia\" width=\"720\" height=\"479\" srcset=\"https:\/\/www.pressenza.com\/wp-content\/uploads\/2020\/11\/dsc_4329-720x479.jpg 720w, https:\/\/www.pressenza.com\/wp-content\/uploads\/2020\/11\/dsc_4329-300x200.jpg 300w, https:\/\/www.pressenza.com\/wp-content\/uploads\/2020\/11\/dsc_4329-768x511.jpg 768w, https:\/\/www.pressenza.com\/wp-content\/uploads\/2020\/11\/dsc_4329.jpg 800w\" sizes=\"auto, (max-width: 720px) 100vw, 720px\" \/><\/p>\n<p><em><small>Personas de la Granja de Paz de Puerto Guzm\u00e1n, Putumayo, viajaron a La Monta\u00f1ita para conocer Agua Bonita, Caquet\u00e1.\u00a0Foto por: Viviana Cabrera, Misi\u00f3n de Verificaci\u00f3n de la ONU en Colombia.\u00a0<\/small><\/em><\/p>\n<p>Finalmente, los participantes en el intercambio fueron a una de las veredas aleda\u00f1as a Agua Bonita, donde dialogaron con sus habitantes. La comunidad resalt\u00f3 c\u00f3mo la llegada del proceso de paz ha tra\u00eddo consigo que se dejen atr\u00e1s las diferencias del pasado, y ha permitido que empiecen a trabajar juntos en proyectos productivos que beneficiar\u00e1n no solo a excombatientes, sino a campesinos y campesinas de la regi\u00f3n.<\/p>\n<p><img loading=\"lazy\" decoding=\"async\" class=\"aligncenter wp-image-1248311 size-large\" src=\"https:\/\/www.pressenza.com\/wp-content\/uploads\/2020\/11\/dsc_4812-720x479.jpg\" alt=\"Intercambio de excombatientes de FARC en Colombia\" width=\"720\" height=\"479\" srcset=\"https:\/\/www.pressenza.com\/wp-content\/uploads\/2020\/11\/dsc_4812-720x479.jpg 720w, https:\/\/www.pressenza.com\/wp-content\/uploads\/2020\/11\/dsc_4812-300x200.jpg 300w, https:\/\/www.pressenza.com\/wp-content\/uploads\/2020\/11\/dsc_4812-768x511.jpg 768w, https:\/\/www.pressenza.com\/wp-content\/uploads\/2020\/11\/dsc_4812.jpg 800w\" sizes=\"auto, (max-width: 720px) 100vw, 720px\" \/><\/p>\n<p><em><small>Comunidad y personas en proceso de reincorporaci\u00f3n en el antiguo Espacio Territorial de Agua Bonita, Caquet\u00e1.\u00a0Foto por: Viviana Cabrera, Misi\u00f3n de Verificaci\u00f3n de la ONU en Colombia.\u00a0<\/small><\/em><\/p>\n<p>Este intercambio demostr\u00f3 no solo los intereses compartidos entre las personas en proceso de reincorporaci\u00f3n y la potencia del di\u00e1logo de saberes, sino tambi\u00e9n fue la forma de empezar a tejer lazos de reconciliaci\u00f3n con las comunidades, desde una perspectiva de reincorporaci\u00f3n comunitaria.<\/p>\n<p>Compa\u00f1erismo, uni\u00f3n, resiliencia, acci\u00f3n colectiva y compromiso fueron las palabras que los y las participantes mismas resaltaron como el esp\u00edritu del encuentro. Seg\u00fan ellos mismos, quedan con la esperanza de que no sea la \u00faltima vez que vivan este tipo de espacios tan enriquecedores, que les han permitido dialogar y empezar a tejer lazos de desarrollo y reconciliaci\u00f3n.<\/p>\n<p>&nbsp;<\/p>\n<p><strong>Laura Santamar\u00eda \u00a0<\/strong><br \/>\n<small>Oficial de Informaci\u00f3n P\u00fablica Florencia<br \/>\nMisi\u00f3n de Verificaci\u00f3n de la ONU en Colombia<\/small><\/p>\n","protected":false},"excerpt":{"rendered":"<p>Publicaci\u00f3n original: Misi\u00f3n de Verificaci\u00f3n de la ONU en Colombia El Antiguo Espacio de Capacitaci\u00f3n y Reincorporaci\u00f3n (AETCR) de Agua Bonita, en La Monta\u00f1ita (Caquet\u00e1) y La Granja COMUCCOM zona de Paz, en Puerto Guzm\u00e1n (Putumayo), compartieron conocimientos sobre sus&hellip;<\/p>\n","protected":false},"author":1053,"featured_media":1248322,"comment_status":"closed","ping_status":"closed","sticky":false,"template":"","format":"standard","meta":{"footnotes":""},"categories":[79,1243,67],"tags":[19409,84085,30,83082,6618,679,419,36065,83389],"class_list":["post-1248267","post","type-post","status-publish","format-standard","has-post-thumbnail","hentry","category-derechos-humanos","category-paz-desarme","category-sudamerica","tag-acuerdo-de-paz","tag-caqueta","tag-colombia","tag-excombatientes","tag-farc-es","tag-onu-es","tag-paz","tag-putumayo","tag-reincorporacion"],"yoast_head":"<!-- This site is optimized with the Yoast SEO plugin v27.1.1 - https:\/\/yoast.com\/product\/yoast-seo-wordpress\/ -->\n<title>Tejiendo lazos: un intercambio de experiencias uni\u00f3 a excombatientes de Caquet\u00e1 y Putumayo en Colombia<\/title>\n<meta name=\"description\" content=\"Publicaci\u00f3n original: Misi\u00f3n de Verificaci\u00f3n de la ONU en Colombia El Antiguo Espacio de Capacitaci\u00f3n y Reincorporaci\u00f3n (AETCR) de Agua Bonita, en La\" \/>\n<meta name=\"robots\" content=\"index, follow, max-snippet:-1, max-image-preview:large, max-video-preview:-1\" \/>\n<link rel=\"canonical\" href=\"https:\/\/www.pressenza.com\/es\/2020\/11\/tejiendo-lazos-un-intercambio-de-experiencias-unio-a-excombatientes-de-caqueta-y-putumayo-en-colombia\/\" \/>\n<meta property=\"og:locale\" content=\"es_ES\" \/>\n<meta property=\"og:type\" content=\"article\" \/>\n<meta property=\"og:title\" content=\"Tejiendo lazos: un intercambio de experiencias uni\u00f3 a excombatientes de Caquet\u00e1 y Putumayo en Colombia\" \/>\n<meta property=\"og:description\" content=\"Publicaci\u00f3n original: Misi\u00f3n de Verificaci\u00f3n de la ONU en Colombia El Antiguo Espacio de Capacitaci\u00f3n y Reincorporaci\u00f3n (AETCR) de Agua Bonita, en La\" \/>\n<meta property=\"og:url\" content=\"https:\/\/www.pressenza.com\/es\/2020\/11\/tejiendo-lazos-un-intercambio-de-experiencias-unio-a-excombatientes-de-caqueta-y-putumayo-en-colombia\/\" \/>\n<meta property=\"og:site_name\" content=\"Pressenza\" \/>\n<meta property=\"article:publisher\" content=\"https:\/\/www.facebook.com\/PressenzaItalia\" \/>\n<meta property=\"article:published_time\" content=\"2020-11-26T13:43:14+00:00\" \/>\n<meta property=\"article:modified_time\" content=\"2020-11-26T13:46:48+00:00\" \/>\n<meta property=\"og:image\" content=\"https:\/\/www.pressenza.com\/wp-content\/uploads\/2020\/11\/agua_bonita_1.jpg\" \/>\n\t<meta property=\"og:image:width\" content=\"1200\" \/>\n\t<meta property=\"og:image:height\" content=\"695\" \/>\n\t<meta property=\"og:image:type\" content=\"image\/jpeg\" \/>\n<meta name=\"author\" content=\"Redacci\u00f3n Colombia\" \/>\n<meta name=\"twitter:card\" content=\"summary_large_image\" \/>\n<meta name=\"twitter:creator\" content=\"@PressenzaIPA\" \/>\n<meta name=\"twitter:site\" content=\"@PressenzaIPA\" \/>\n<meta name=\"twitter:label1\" content=\"Escrito por\" \/>\n\t<meta name=\"twitter:data1\" content=\"Redacci\u00f3n Colombia\" \/>\n\t<meta name=\"twitter:label2\" content=\"Tiempo de lectura\" \/>\n\t<meta name=\"twitter:data2\" content=\"5 minutos\" \/>\n<script type=\"application\/ld+json\" class=\"yoast-schema-graph\">{\"@context\":\"https:\/\/schema.org\",\"@graph\":[{\"@type\":\"Article\",\"@id\":\"https:\/\/www.pressenza.com\/es\/2020\/11\/tejiendo-lazos-un-intercambio-de-experiencias-unio-a-excombatientes-de-caqueta-y-putumayo-en-colombia\/#article\",\"isPartOf\":{\"@id\":\"https:\/\/www.pressenza.com\/es\/2020\/11\/tejiendo-lazos-un-intercambio-de-experiencias-unio-a-excombatientes-de-caqueta-y-putumayo-en-colombia\/\"},\"author\":{\"name\":\"Redacci\u00f3n Colombia\",\"@id\":\"https:\/\/www.pressenza.com\/es\/#\/schema\/person\/7c8ee170a4502d638436c91e385315f2\"},\"headline\":\"Tejiendo lazos: un intercambio de experiencias uni\u00f3 a excombatientes de Caquet\u00e1 y Putumayo en Colombia\",\"datePublished\":\"2020-11-26T13:43:14+00:00\",\"dateModified\":\"2020-11-26T13:46:48+00:00\",\"mainEntityOfPage\":{\"@id\":\"https:\/\/www.pressenza.com\/es\/2020\/11\/tejiendo-lazos-un-intercambio-de-experiencias-unio-a-excombatientes-de-caqueta-y-putumayo-en-colombia\/\"},\"wordCount\":1011,\"publisher\":{\"@id\":\"https:\/\/www.pressenza.com\/es\/#organization\"},\"image\":{\"@id\":\"https:\/\/www.pressenza.com\/es\/2020\/11\/tejiendo-lazos-un-intercambio-de-experiencias-unio-a-excombatientes-de-caqueta-y-putumayo-en-colombia\/#primaryimage\"},\"thumbnailUrl\":\"https:\/\/www.pressenza.com\/wp-content\/uploads\/2020\/11\/agua_bonita_1.jpg\",\"keywords\":[\"Acuerdo de paz\",\"Caquet\u00e1\",\"Colombia\",\"Excombatientes\",\"FARC\",\"ONU\",\"Paz\",\"Putumayo\",\"Reincorporaci\u00f3n\"],\"articleSection\":[\"Derechos Humanos\",\"Paz y Desarme\",\"Sudam\u00e9rica\"],\"inLanguage\":\"es\"},{\"@type\":\"WebPage\",\"@id\":\"https:\/\/www.pressenza.com\/es\/2020\/11\/tejiendo-lazos-un-intercambio-de-experiencias-unio-a-excombatientes-de-caqueta-y-putumayo-en-colombia\/\",\"url\":\"https:\/\/www.pressenza.com\/es\/2020\/11\/tejiendo-lazos-un-intercambio-de-experiencias-unio-a-excombatientes-de-caqueta-y-putumayo-en-colombia\/\",\"name\":\"Tejiendo lazos: un intercambio de experiencias uni\u00f3 a excombatientes de Caquet\u00e1 y Putumayo en Colombia\",\"isPartOf\":{\"@id\":\"https:\/\/www.pressenza.com\/es\/#website\"},\"primaryImageOfPage\":{\"@id\":\"https:\/\/www.pressenza.com\/es\/2020\/11\/tejiendo-lazos-un-intercambio-de-experiencias-unio-a-excombatientes-de-caqueta-y-putumayo-en-colombia\/#primaryimage\"},\"image\":{\"@id\":\"https:\/\/www.pressenza.com\/es\/2020\/11\/tejiendo-lazos-un-intercambio-de-experiencias-unio-a-excombatientes-de-caqueta-y-putumayo-en-colombia\/#primaryimage\"},\"thumbnailUrl\":\"https:\/\/www.pressenza.com\/wp-content\/uploads\/2020\/11\/agua_bonita_1.jpg\",\"datePublished\":\"2020-11-26T13:43:14+00:00\",\"dateModified\":\"2020-11-26T13:46:48+00:00\",\"description\":\"Publicaci\u00f3n original: Misi\u00f3n de Verificaci\u00f3n de la ONU en Colombia El Antiguo Espacio de Capacitaci\u00f3n y Reincorporaci\u00f3n (AETCR) de Agua Bonita, en La\",\"breadcrumb\":{\"@id\":\"https:\/\/www.pressenza.com\/es\/2020\/11\/tejiendo-lazos-un-intercambio-de-experiencias-unio-a-excombatientes-de-caqueta-y-putumayo-en-colombia\/#breadcrumb\"},\"inLanguage\":\"es\",\"potentialAction\":[{\"@type\":\"ReadAction\",\"target\":[\"https:\/\/www.pressenza.com\/es\/2020\/11\/tejiendo-lazos-un-intercambio-de-experiencias-unio-a-excombatientes-de-caqueta-y-putumayo-en-colombia\/\"]}]},{\"@type\":\"ImageObject\",\"inLanguage\":\"es\",\"@id\":\"https:\/\/www.pressenza.com\/es\/2020\/11\/tejiendo-lazos-un-intercambio-de-experiencias-unio-a-excombatientes-de-caqueta-y-putumayo-en-colombia\/#primaryimage\",\"url\":\"https:\/\/www.pressenza.com\/wp-content\/uploads\/2020\/11\/agua_bonita_1.jpg\",\"contentUrl\":\"https:\/\/www.pressenza.com\/wp-content\/uploads\/2020\/11\/agua_bonita_1.jpg\",\"width\":1200,\"height\":695,\"caption\":\"Intercambio de excombatientes de FARC en Colombia\"},{\"@type\":\"BreadcrumbList\",\"@id\":\"https:\/\/www.pressenza.com\/es\/2020\/11\/tejiendo-lazos-un-intercambio-de-experiencias-unio-a-excombatientes-de-caqueta-y-putumayo-en-colombia\/#breadcrumb\",\"itemListElement\":[{\"@type\":\"ListItem\",\"position\":1,\"name\":\"Accueil\",\"item\":\"https:\/\/www.pressenza.com\/es\/\"},{\"@type\":\"ListItem\",\"position\":2,\"name\":\"Tejiendo lazos: un intercambio de experiencias uni\u00f3 a excombatientes de Caquet\u00e1 y Putumayo en Colombia\"}]},{\"@type\":\"WebSite\",\"@id\":\"https:\/\/www.pressenza.com\/es\/#website\",\"url\":\"https:\/\/www.pressenza.com\/es\/\",\"name\":\"Pressenza\",\"description\":\"International Press Agency\",\"publisher\":{\"@id\":\"https:\/\/www.pressenza.com\/es\/#organization\"},\"potentialAction\":[{\"@type\":\"SearchAction\",\"target\":{\"@type\":\"EntryPoint\",\"urlTemplate\":\"https:\/\/www.pressenza.com\/es\/?s={search_term_string}\"},\"query-input\":{\"@type\":\"PropertyValueSpecification\",\"valueRequired\":true,\"valueName\":\"search_term_string\"}}],\"inLanguage\":\"es\"},{\"@type\":\"Organization\",\"@id\":\"https:\/\/www.pressenza.com\/es\/#organization\",\"name\":\"Pressenza\",\"url\":\"https:\/\/www.pressenza.com\/es\/\",\"logo\":{\"@type\":\"ImageObject\",\"inLanguage\":\"es\",\"@id\":\"https:\/\/www.pressenza.com\/es\/#\/schema\/logo\/image\/\",\"url\":\"https:\/\/www.pressenza.com\/wp-content\/uploads\/2022\/10\/pressenza_logo_200x200.jpg\",\"contentUrl\":\"https:\/\/www.pressenza.com\/wp-content\/uploads\/2022\/10\/pressenza_logo_200x200.jpg\",\"width\":200,\"height\":200,\"caption\":\"Pressenza\"},\"image\":{\"@id\":\"https:\/\/www.pressenza.com\/es\/#\/schema\/logo\/image\/\"},\"sameAs\":[\"https:\/\/www.facebook.com\/PressenzaItalia\",\"https:\/\/x.com\/PressenzaIPA\"]},{\"@type\":\"Person\",\"@id\":\"https:\/\/www.pressenza.com\/es\/#\/schema\/person\/7c8ee170a4502d638436c91e385315f2\",\"name\":\"Redacci\u00f3n Colombia\",\"description\":\"News published by the Pressenza bureau in Colombia\",\"url\":\"https:\/\/www.pressenza.com\/es\/author\/redaccion-colombia\/\"}]}<\/script>\n<!-- \/ Yoast SEO plugin. -->","yoast_head_json":{"title":"Tejiendo lazos: un intercambio de experiencias uni\u00f3 a excombatientes de Caquet\u00e1 y Putumayo en Colombia","description":"Publicaci\u00f3n original: Misi\u00f3n de Verificaci\u00f3n de la ONU en Colombia El Antiguo Espacio de Capacitaci\u00f3n y Reincorporaci\u00f3n (AETCR) de Agua Bonita, en La","robots":{"index":"index","follow":"follow","max-snippet":"max-snippet:-1","max-image-preview":"max-image-preview:large","max-video-preview":"max-video-preview:-1"},"canonical":"https:\/\/www.pressenza.com\/es\/2020\/11\/tejiendo-lazos-un-intercambio-de-experiencias-unio-a-excombatientes-de-caqueta-y-putumayo-en-colombia\/","og_locale":"es_ES","og_type":"article","og_title":"Tejiendo lazos: un intercambio de experiencias uni\u00f3 a excombatientes de Caquet\u00e1 y Putumayo en Colombia","og_description":"Publicaci\u00f3n original: Misi\u00f3n de Verificaci\u00f3n de la ONU en Colombia El Antiguo Espacio de Capacitaci\u00f3n y Reincorporaci\u00f3n (AETCR) de Agua Bonita, en La","og_url":"https:\/\/www.pressenza.com\/es\/2020\/11\/tejiendo-lazos-un-intercambio-de-experiencias-unio-a-excombatientes-de-caqueta-y-putumayo-en-colombia\/","og_site_name":"Pressenza","article_publisher":"https:\/\/www.facebook.com\/PressenzaItalia","article_published_time":"2020-11-26T13:43:14+00:00","article_modified_time":"2020-11-26T13:46:48+00:00","og_image":[{"width":1200,"height":695,"url":"https:\/\/www.pressenza.com\/wp-content\/uploads\/2020\/11\/agua_bonita_1.jpg","type":"image\/jpeg"}],"author":"Redacci\u00f3n Colombia","twitter_card":"summary_large_image","twitter_creator":"@PressenzaIPA","twitter_site":"@PressenzaIPA","twitter_misc":{"Escrito por":"Redacci\u00f3n Colombia","Tiempo de lectura":"5 minutos"},"schema":{"@context":"https:\/\/schema.org","@graph":[{"@type":"Article","@id":"https:\/\/www.pressenza.com\/es\/2020\/11\/tejiendo-lazos-un-intercambio-de-experiencias-unio-a-excombatientes-de-caqueta-y-putumayo-en-colombia\/#article","isPartOf":{"@id":"https:\/\/www.pressenza.com\/es\/2020\/11\/tejiendo-lazos-un-intercambio-de-experiencias-unio-a-excombatientes-de-caqueta-y-putumayo-en-colombia\/"},"author":{"name":"Redacci\u00f3n Colombia","@id":"https:\/\/www.pressenza.com\/es\/#\/schema\/person\/7c8ee170a4502d638436c91e385315f2"},"headline":"Tejiendo lazos: un intercambio de experiencias uni\u00f3 a excombatientes de Caquet\u00e1 y Putumayo en Colombia","datePublished":"2020-11-26T13:43:14+00:00","dateModified":"2020-11-26T13:46:48+00:00","mainEntityOfPage":{"@id":"https:\/\/www.pressenza.com\/es\/2020\/11\/tejiendo-lazos-un-intercambio-de-experiencias-unio-a-excombatientes-de-caqueta-y-putumayo-en-colombia\/"},"wordCount":1011,"publisher":{"@id":"https:\/\/www.pressenza.com\/es\/#organization"},"image":{"@id":"https:\/\/www.pressenza.com\/es\/2020\/11\/tejiendo-lazos-un-intercambio-de-experiencias-unio-a-excombatientes-de-caqueta-y-putumayo-en-colombia\/#primaryimage"},"thumbnailUrl":"https:\/\/www.pressenza.com\/wp-content\/uploads\/2020\/11\/agua_bonita_1.jpg","keywords":["Acuerdo de paz","Caquet\u00e1","Colombia","Excombatientes","FARC","ONU","Paz","Putumayo","Reincorporaci\u00f3n"],"articleSection":["Derechos Humanos","Paz y Desarme","Sudam\u00e9rica"],"inLanguage":"es"},{"@type":"WebPage","@id":"https:\/\/www.pressenza.com\/es\/2020\/11\/tejiendo-lazos-un-intercambio-de-experiencias-unio-a-excombatientes-de-caqueta-y-putumayo-en-colombia\/","url":"https:\/\/www.pressenza.com\/es\/2020\/11\/tejiendo-lazos-un-intercambio-de-experiencias-unio-a-excombatientes-de-caqueta-y-putumayo-en-colombia\/","name":"Tejiendo lazos: un intercambio de experiencias uni\u00f3 a excombatientes de Caquet\u00e1 y Putumayo en Colombia","isPartOf":{"@id":"https:\/\/www.pressenza.com\/es\/#website"},"primaryImageOfPage":{"@id":"https:\/\/www.pressenza.com\/es\/2020\/11\/tejiendo-lazos-un-intercambio-de-experiencias-unio-a-excombatientes-de-caqueta-y-putumayo-en-colombia\/#primaryimage"},"image":{"@id":"https:\/\/www.pressenza.com\/es\/2020\/11\/tejiendo-lazos-un-intercambio-de-experiencias-unio-a-excombatientes-de-caqueta-y-putumayo-en-colombia\/#primaryimage"},"thumbnailUrl":"https:\/\/www.pressenza.com\/wp-content\/uploads\/2020\/11\/agua_bonita_1.jpg","datePublished":"2020-11-26T13:43:14+00:00","dateModified":"2020-11-26T13:46:48+00:00","description":"Publicaci\u00f3n original: Misi\u00f3n de Verificaci\u00f3n de la ONU en Colombia El Antiguo Espacio de Capacitaci\u00f3n y Reincorporaci\u00f3n (AETCR) de Agua Bonita, en La","breadcrumb":{"@id":"https:\/\/www.pressenza.com\/es\/2020\/11\/tejiendo-lazos-un-intercambio-de-experiencias-unio-a-excombatientes-de-caqueta-y-putumayo-en-colombia\/#breadcrumb"},"inLanguage":"es","potentialAction":[{"@type":"ReadAction","target":["https:\/\/www.pressenza.com\/es\/2020\/11\/tejiendo-lazos-un-intercambio-de-experiencias-unio-a-excombatientes-de-caqueta-y-putumayo-en-colombia\/"]}]},{"@type":"ImageObject","inLanguage":"es","@id":"https:\/\/www.pressenza.com\/es\/2020\/11\/tejiendo-lazos-un-intercambio-de-experiencias-unio-a-excombatientes-de-caqueta-y-putumayo-en-colombia\/#primaryimage","url":"https:\/\/www.pressenza.com\/wp-content\/uploads\/2020\/11\/agua_bonita_1.jpg","contentUrl":"https:\/\/www.pressenza.com\/wp-content\/uploads\/2020\/11\/agua_bonita_1.jpg","width":1200,"height":695,"caption":"Intercambio de excombatientes de FARC en Colombia"},{"@type":"BreadcrumbList","@id":"https:\/\/www.pressenza.com\/es\/2020\/11\/tejiendo-lazos-un-intercambio-de-experiencias-unio-a-excombatientes-de-caqueta-y-putumayo-en-colombia\/#breadcrumb","itemListElement":[{"@type":"ListItem","position":1,"name":"Accueil","item":"https:\/\/www.pressenza.com\/es\/"},{"@type":"ListItem","position":2,"name":"Tejiendo lazos: un intercambio de experiencias uni\u00f3 a excombatientes de Caquet\u00e1 y Putumayo en Colombia"}]},{"@type":"WebSite","@id":"https:\/\/www.pressenza.com\/es\/#website","url":"https:\/\/www.pressenza.com\/es\/","name":"Pressenza","description":"International Press Agency","publisher":{"@id":"https:\/\/www.pressenza.com\/es\/#organization"},"potentialAction":[{"@type":"SearchAction","target":{"@type":"EntryPoint","urlTemplate":"https:\/\/www.pressenza.com\/es\/?s={search_term_string}"},"query-input":{"@type":"PropertyValueSpecification","valueRequired":true,"valueName":"search_term_string"}}],"inLanguage":"es"},{"@type":"Organization","@id":"https:\/\/www.pressenza.com\/es\/#organization","name":"Pressenza","url":"https:\/\/www.pressenza.com\/es\/","logo":{"@type":"ImageObject","inLanguage":"es","@id":"https:\/\/www.pressenza.com\/es\/#\/schema\/logo\/image\/","url":"https:\/\/www.pressenza.com\/wp-content\/uploads\/2022\/10\/pressenza_logo_200x200.jpg","contentUrl":"https:\/\/www.pressenza.com\/wp-content\/uploads\/2022\/10\/pressenza_logo_200x200.jpg","width":200,"height":200,"caption":"Pressenza"},"image":{"@id":"https:\/\/www.pressenza.com\/es\/#\/schema\/logo\/image\/"},"sameAs":["https:\/\/www.facebook.com\/PressenzaItalia","https:\/\/x.com\/PressenzaIPA"]},{"@type":"Person","@id":"https:\/\/www.pressenza.com\/es\/#\/schema\/person\/7c8ee170a4502d638436c91e385315f2","name":"Redacci\u00f3n Colombia","description":"News published by the Pressenza bureau in Colombia","url":"https:\/\/www.pressenza.com\/es\/author\/redaccion-colombia\/"}]}},"place":"Florencia, Caquet\u00e1","original_article_url":"","_links":{"self":[{"href":"https:\/\/www.pressenza.com\/es\/wp-json\/wp\/v2\/posts\/1248267","targetHints":{"allow":["GET"]}}],"collection":[{"href":"https:\/\/www.pressenza.com\/es\/wp-json\/wp\/v2\/posts"}],"about":[{"href":"https:\/\/www.pressenza.com\/es\/wp-json\/wp\/v2\/types\/post"}],"author":[{"embeddable":true,"href":"https:\/\/www.pressenza.com\/es\/wp-json\/wp\/v2\/users\/1053"}],"replies":[{"embeddable":true,"href":"https:\/\/www.pressenza.com\/es\/wp-json\/wp\/v2\/comments?post=1248267"}],"version-history":[{"count":0,"href":"https:\/\/www.pressenza.com\/es\/wp-json\/wp\/v2\/posts\/1248267\/revisions"}],"wp:featuredmedia":[{"embeddable":true,"href":"https:\/\/www.pressenza.com\/es\/wp-json\/wp\/v2\/media\/1248322"}],"wp:attachment":[{"href":"https:\/\/www.pressenza.com\/es\/wp-json\/wp\/v2\/media?parent=1248267"}],"wp:term":[{"taxonomy":"category","embeddable":true,"href":"https:\/\/www.pressenza.com\/es\/wp-json\/wp\/v2\/categories?post=1248267"},{"taxonomy":"post_tag","embeddable":true,"href":"https:\/\/www.pressenza.com\/es\/wp-json\/wp\/v2\/tags?post=1248267"}],"curies":[{"name":"wp","href":"https:\/\/api.w.org\/{rel}","templated":true}]}}