{"id":1246833,"date":"2020-11-24T15:51:24","date_gmt":"2020-11-24T15:51:24","guid":{"rendered":"https:\/\/www.pressenza.com\/?p=1246833"},"modified":"2020-11-24T15:51:24","modified_gmt":"2020-11-24T15:51:24","slug":"carta-abierta-a-las-clases-medias-espanolas-consecuencias-de-ir-por-lo-privado","status":"publish","type":"post","link":"https:\/\/www.pressenza.com\/es\/2020\/11\/carta-abierta-a-las-clases-medias-espanolas-consecuencias-de-ir-por-lo-privado\/","title":{"rendered":"Carta abierta a las clases medias espa\u00f1olas: consecuencias de \u00abir por lo privado\u00bb"},"content":{"rendered":"<p>&nbsp;<\/p>\n<ul>\n<li>La mejor sanidad para nosotros NO es la privada.<\/li>\n<li>La mejor seguridad NO vendr\u00e1 de las empresas de seguridad privada, o de las aseguradoras.<\/li>\n<li>La mejor ense\u00f1anza NO tiene porqu\u00e9 ser la ense\u00f1anza privada, o la concertada.<\/li>\n<li>La cobertura de nuestros ingresos, en la vejez, NO nos la dar\u00e1n los bancos o aseguradoras.<\/li>\n<li>Los mejores cuidados en residencias NO son las residencias privadas de los fondos buitre.<\/li>\n<\/ul>\n<p>&nbsp;<\/p>\n<p>Es extenso y escapa de estas breves l\u00edneas argumentar en hechos por qu\u00e9 \u201clo privado\u201d te dejar\u00e1 tirado. Basta con el sentido com\u00fan y la biograf\u00eda personal, familiar, del barrio, o la hemeroteca para constatarlo casi forensemente.<\/p>\n<p>Por tanto, no hagamos caso a la intensa y manipuladora propaganda que nos lanzan para que cada uno se busque la vida. Piensa que, aunque puedas pagarte hoy \u00abir x lo privado\u00bb, igual ma\u00f1ana ya no.<\/p>\n<p>Si todos nos desimplicamos de lo p\u00fablico, se cuestionar\u00e1 su coste. Se cuestionar\u00e1 esta partida en los presupuestos del Estado, Comunidad y Municipio. Porque si las clases medias ya se procuran coberturas por su cuenta, esto desgravar\u00e1 en impuestos. Lo desgravado es dinero que no ir\u00e1 a lo p\u00fablico.<\/p>\n<p>As\u00ed, la capacidad de lo p\u00fablico para garantizar una cobertura y bienestar, queda muy comprometida. Si cada uno tiramos por nuestra cuenta,\u00a0 \u00bfC\u00f3mo pueden cubrirse, desde lo p\u00fablico, las grandes contingencias de la vida como son: la sanidad, la educaci\u00f3n, seguridad ciudadana, pensiones y cuidado a mayores o necesitados? \u00bfC\u00f3mo pueden cubrirse pag\u00e1ndolo cada uno por lo privado? Si en Espa\u00f1a, las clases medias apenas ganan para resolver hipoteca, alquiler, colegios y alguna cosilla m\u00e1s. Nos venden un modelo que s\u00f3lo funciona para un pa\u00eds con sueldos suizos.<\/p>\n<p>El estado de bienestar quedar\u00e1 seriamente mermado o comprometido si crece y se consolida esta din\u00e1mica, tan auspiciada por fondos, banca, y dem\u00e1s. Tan cacareada desde el PP y el resto del trifachito de la derecha PP, C\u2019s\u00a0 y VOX \u00a0Si triunfan, \u201clo p\u00fablico\u201d ser\u00e1 el recurso para los pobres.<\/p>\n<p>\u00bfC\u00f3mo es que no vemos que \u00abir por lo privado\u00bb, aunque puedas, nos lleva a un modelo americano de coberturas?<\/p>\n<p>Lo privado, llevado con coherencia entre \u201cla funci\u00f3n social declarada\u00bb y \u201clos beneficios empresariales\u201d, tiene su hueco y finalidad. No se discute si eso procura un equilibrio. El Estado no llega a todo. Pero una cobertura privada, gestionada por mercenarios financieros y gestores sin escr\u00fapulos, no va a garantizarte nada a nadie seriamente. S\u00f3lo la consecuci\u00f3n de beneficios para sus accionistas o due\u00f1os.<\/p>\n<p>No seamos ingenuos.\u00a0 Lo privado cuando est\u00e1 financiarizado por fondos buitre y similares no son empresas, en el sentido cl\u00e1sico. Apenas hay posibilidad de conocer qui\u00e9nes son sus due\u00f1os o responsables, ante los fraudes, quiebras o mala praxis. Ya se vio en las residencias de mayores y la pandemia. Ya se vio con las cadenas de implantolog\u00eda y dentistas. Quebraron, pero antes sus due\u00f1os las descapitalizaron y ocultaron su rastro en la huida. \u00a0Estas quiebras dejaron a mucha gente sin dientes y con los cr\u00e9ditos por pagar. Hay que estar atento y vigilar que lo privado cumpla lo contratado o lo concertado, tanto con sus clientes como con el Estado. Pero aqu\u00ed no se vigila nada. Se reacciona cuando salta el esc\u00e1ndalo.<\/p>\n<p>Distinguiendo unas iniciativas privadas de otras, porque no todas son iguales.\u00a0Las financiarizadas que solo buscan la acreci\u00f3n de beneficios, son iniciativas depredadoras. \u00a0Est\u00e1n al servicio de grandes fondos buitre o inversores particulares, o gestionadas por gentes con prisa por \u201chacer pasta\u201d. Sus due\u00f1os y gestores viven c\u00f3modamente instalados en para\u00edsos fiscales, o nos ignoran desde las partes \u00abnobles\u00bb de la ciudad. No estar\u00e1n preocupados por dar un servicio serio y razonable. Eso no da beneficios anuales r\u00e1pidos y bien abultados.<\/p>\n<p>Esos proveedores privados de servicios esenciales, como la Sanidad, cuando te tengan bien trincado y los necesites, te dejar\u00e1n tirado. Porque el beneficio es antes que t\u00fa. Entonces leer\u00e1s la letra peque\u00f1a y descubrir\u00e1s que te han estafado. Entonces acudir\u00e1s a lo p\u00fablico y lamentaremos haber picado el anzuelo. En sanidad no se trata de pisar m\u00e1rmol en las cl\u00ednicas privadas y sentirte como un rey.<\/p>\n<p>El camino es mantener y hacer sostenibles las coberturas publicas actuales, estar alerta. No solo criticar sino movilizarse para exigir y supervisar que lo p\u00fablico es eficaz. Exijamos que se supervise lo concertado, o privado, para asegurarnos de que no es una excusa para medrar. Exijamos garant\u00edas de que se cumplen los contratos y convenios.<\/p>\n<p>Hay riqueza suficiente para sostener lo que tenemos, dado que nunca antes se amasaron tantas fortunas, en tan poco tiempo, ni el mundo vio tanta prosperidad. El problema es el reparto y la solidaridad en cada sociedad. Ese principio se quiebra, si cada cual se procura lo que necesita por su cuenta, en una sociedad de profundas desigualdades como la nuestra. Seamos conscientes de eso y de que las consecuencias de dejar que se hunda m\u00e1s lo p\u00fablico nos afectar\u00e1 a todos, con independencia del nivel social o lugar de residencia.<\/p>\n<p>No piques y estemos atentos. Seamos activos y solidarios.<\/p>\n","protected":false},"excerpt":{"rendered":"<p>&nbsp; La mejor sanidad para nosotros NO es la privada. La mejor seguridad NO vendr\u00e1 de las empresas de seguridad privada, o de las aseguradoras. La mejor ense\u00f1anza NO tiene porqu\u00e9 ser la ense\u00f1anza privada, o la concertada. La cobertura&hellip;<\/p>\n","protected":false},"author":1941,"featured_media":1246864,"comment_status":"closed","ping_status":"closed","sticky":false,"template":"","format":"standard","meta":{"footnotes":""},"categories":[11389,66,161,1239],"tags":[12313,1441],"class_list":["post-1246833","post","type-post","status-publish","format-standard","has-post-thumbnail","hentry","category-contenido-original","category-europa-es","category-opiniones","category-salud","tag-privatizacion-servicios-publicos","tag-sanidad"],"yoast_head":"<!-- This site is optimized with the Yoast SEO plugin v27.1.1 - https:\/\/yoast.com\/product\/yoast-seo-wordpress\/ -->\n<title>Carta abierta a las clases medias espa\u00f1olas: consecuencias de &quot;ir por lo privado&quot;<\/title>\n<meta name=\"description\" content=\"&nbsp; La mejor sanidad para nosotros NO es la privada. La mejor seguridad NO vendr\u00e1 de las empresas de seguridad privada, o de las aseguradoras. La mejor\" \/>\n<meta name=\"robots\" content=\"index, follow, max-snippet:-1, max-image-preview:large, max-video-preview:-1\" \/>\n<link rel=\"canonical\" href=\"https:\/\/www.pressenza.com\/es\/2020\/11\/carta-abierta-a-las-clases-medias-espanolas-consecuencias-de-ir-por-lo-privado\/\" \/>\n<meta property=\"og:locale\" content=\"es_ES\" \/>\n<meta property=\"og:type\" content=\"article\" \/>\n<meta property=\"og:title\" content=\"Carta abierta a las clases medias espa\u00f1olas: consecuencias de &quot;ir por lo privado&quot;\" \/>\n<meta property=\"og:description\" content=\"&nbsp; La mejor sanidad para nosotros NO es la privada. La mejor seguridad NO vendr\u00e1 de las empresas de seguridad privada, o de las aseguradoras. La mejor\" \/>\n<meta property=\"og:url\" content=\"https:\/\/www.pressenza.com\/es\/2020\/11\/carta-abierta-a-las-clases-medias-espanolas-consecuencias-de-ir-por-lo-privado\/\" \/>\n<meta property=\"og:site_name\" content=\"Pressenza\" \/>\n<meta property=\"article:publisher\" content=\"https:\/\/www.facebook.com\/PressenzaItalia\" \/>\n<meta property=\"article:author\" content=\"@angel.sanzmontes\" \/>\n<meta property=\"article:published_time\" content=\"2020-11-24T15:51:24+00:00\" \/>\n<meta property=\"og:image\" content=\"https:\/\/www.pressenza.com\/wp-content\/uploads\/2020\/11\/WhatsApp-Image-2020-11-24-at-4.04.25-PM.jpeg\" \/>\n\t<meta property=\"og:image:width\" content=\"1600\" \/>\n\t<meta property=\"og:image:height\" content=\"892\" \/>\n\t<meta property=\"og:image:type\" content=\"image\/jpeg\" \/>\n<meta name=\"author\" content=\"\u00c1ngel Sanz Montes\" \/>\n<meta name=\"twitter:card\" content=\"summary_large_image\" \/>\n<meta name=\"twitter:creator\" content=\"@PressenzaIPA\" \/>\n<meta name=\"twitter:site\" content=\"@PressenzaIPA\" \/>\n<meta name=\"twitter:label1\" content=\"Escrito por\" \/>\n\t<meta name=\"twitter:data1\" content=\"\u00c1ngel Sanz Montes\" \/>\n\t<meta name=\"twitter:label2\" content=\"Tiempo de lectura\" \/>\n\t<meta name=\"twitter:data2\" content=\"4 minutos\" \/>\n<script type=\"application\/ld+json\" class=\"yoast-schema-graph\">{\"@context\":\"https:\/\/schema.org\",\"@graph\":[{\"@type\":\"Article\",\"@id\":\"https:\/\/www.pressenza.com\/es\/2020\/11\/carta-abierta-a-las-clases-medias-espanolas-consecuencias-de-ir-por-lo-privado\/#article\",\"isPartOf\":{\"@id\":\"https:\/\/www.pressenza.com\/es\/2020\/11\/carta-abierta-a-las-clases-medias-espanolas-consecuencias-de-ir-por-lo-privado\/\"},\"author\":{\"name\":\"\u00c1ngel Sanz Montes\",\"@id\":\"https:\/\/www.pressenza.com\/es\/#\/schema\/person\/e3b6e74a6334202f64f147a1622ca383\"},\"headline\":\"Carta abierta a las clases medias espa\u00f1olas: consecuencias de \u00abir por lo privado\u00bb\",\"datePublished\":\"2020-11-24T15:51:24+00:00\",\"mainEntityOfPage\":{\"@id\":\"https:\/\/www.pressenza.com\/es\/2020\/11\/carta-abierta-a-las-clases-medias-espanolas-consecuencias-de-ir-por-lo-privado\/\"},\"wordCount\":905,\"publisher\":{\"@id\":\"https:\/\/www.pressenza.com\/es\/#organization\"},\"image\":{\"@id\":\"https:\/\/www.pressenza.com\/es\/2020\/11\/carta-abierta-a-las-clases-medias-espanolas-consecuencias-de-ir-por-lo-privado\/#primaryimage\"},\"thumbnailUrl\":\"https:\/\/www.pressenza.com\/wp-content\/uploads\/2020\/11\/WhatsApp-Image-2020-11-24-at-4.04.25-PM.jpeg\",\"keywords\":[\"Privatizaci\u00f3n servicios p\u00fablicos\",\"Sanidad\"],\"articleSection\":[\"Contenido Original\",\"Europa\",\"Opiniones\",\"Salud\"],\"inLanguage\":\"es\"},{\"@type\":\"WebPage\",\"@id\":\"https:\/\/www.pressenza.com\/es\/2020\/11\/carta-abierta-a-las-clases-medias-espanolas-consecuencias-de-ir-por-lo-privado\/\",\"url\":\"https:\/\/www.pressenza.com\/es\/2020\/11\/carta-abierta-a-las-clases-medias-espanolas-consecuencias-de-ir-por-lo-privado\/\",\"name\":\"Carta abierta a las clases medias espa\u00f1olas: consecuencias de \\\"ir por lo privado\\\"\",\"isPartOf\":{\"@id\":\"https:\/\/www.pressenza.com\/es\/#website\"},\"primaryImageOfPage\":{\"@id\":\"https:\/\/www.pressenza.com\/es\/2020\/11\/carta-abierta-a-las-clases-medias-espanolas-consecuencias-de-ir-por-lo-privado\/#primaryimage\"},\"image\":{\"@id\":\"https:\/\/www.pressenza.com\/es\/2020\/11\/carta-abierta-a-las-clases-medias-espanolas-consecuencias-de-ir-por-lo-privado\/#primaryimage\"},\"thumbnailUrl\":\"https:\/\/www.pressenza.com\/wp-content\/uploads\/2020\/11\/WhatsApp-Image-2020-11-24-at-4.04.25-PM.jpeg\",\"datePublished\":\"2020-11-24T15:51:24+00:00\",\"description\":\"&nbsp; La mejor sanidad para nosotros NO es la privada. La mejor seguridad NO vendr\u00e1 de las empresas de seguridad privada, o de las aseguradoras. La mejor\",\"breadcrumb\":{\"@id\":\"https:\/\/www.pressenza.com\/es\/2020\/11\/carta-abierta-a-las-clases-medias-espanolas-consecuencias-de-ir-por-lo-privado\/#breadcrumb\"},\"inLanguage\":\"es\",\"potentialAction\":[{\"@type\":\"ReadAction\",\"target\":[\"https:\/\/www.pressenza.com\/es\/2020\/11\/carta-abierta-a-las-clases-medias-espanolas-consecuencias-de-ir-por-lo-privado\/\"]}]},{\"@type\":\"ImageObject\",\"inLanguage\":\"es\",\"@id\":\"https:\/\/www.pressenza.com\/es\/2020\/11\/carta-abierta-a-las-clases-medias-espanolas-consecuencias-de-ir-por-lo-privado\/#primaryimage\",\"url\":\"https:\/\/www.pressenza.com\/wp-content\/uploads\/2020\/11\/WhatsApp-Image-2020-11-24-at-4.04.25-PM.jpeg\",\"contentUrl\":\"https:\/\/www.pressenza.com\/wp-content\/uploads\/2020\/11\/WhatsApp-Image-2020-11-24-at-4.04.25-PM.jpeg\",\"width\":1600,\"height\":892},{\"@type\":\"BreadcrumbList\",\"@id\":\"https:\/\/www.pressenza.com\/es\/2020\/11\/carta-abierta-a-las-clases-medias-espanolas-consecuencias-de-ir-por-lo-privado\/#breadcrumb\",\"itemListElement\":[{\"@type\":\"ListItem\",\"position\":1,\"name\":\"Accueil\",\"item\":\"https:\/\/www.pressenza.com\/es\/\"},{\"@type\":\"ListItem\",\"position\":2,\"name\":\"Carta abierta a las clases medias espa\u00f1olas: consecuencias de \u00abir por lo privado\u00bb\"}]},{\"@type\":\"WebSite\",\"@id\":\"https:\/\/www.pressenza.com\/es\/#website\",\"url\":\"https:\/\/www.pressenza.com\/es\/\",\"name\":\"Pressenza\",\"description\":\"International Press Agency\",\"publisher\":{\"@id\":\"https:\/\/www.pressenza.com\/es\/#organization\"},\"potentialAction\":[{\"@type\":\"SearchAction\",\"target\":{\"@type\":\"EntryPoint\",\"urlTemplate\":\"https:\/\/www.pressenza.com\/es\/?s={search_term_string}\"},\"query-input\":{\"@type\":\"PropertyValueSpecification\",\"valueRequired\":true,\"valueName\":\"search_term_string\"}}],\"inLanguage\":\"es\"},{\"@type\":\"Organization\",\"@id\":\"https:\/\/www.pressenza.com\/es\/#organization\",\"name\":\"Pressenza\",\"url\":\"https:\/\/www.pressenza.com\/es\/\",\"logo\":{\"@type\":\"ImageObject\",\"inLanguage\":\"es\",\"@id\":\"https:\/\/www.pressenza.com\/es\/#\/schema\/logo\/image\/\",\"url\":\"https:\/\/www.pressenza.com\/wp-content\/uploads\/2022\/10\/pressenza_logo_200x200.jpg\",\"contentUrl\":\"https:\/\/www.pressenza.com\/wp-content\/uploads\/2022\/10\/pressenza_logo_200x200.jpg\",\"width\":200,\"height\":200,\"caption\":\"Pressenza\"},\"image\":{\"@id\":\"https:\/\/www.pressenza.com\/es\/#\/schema\/logo\/image\/\"},\"sameAs\":[\"https:\/\/www.facebook.com\/PressenzaItalia\",\"https:\/\/x.com\/PressenzaIPA\"]},{\"@type\":\"Person\",\"@id\":\"https:\/\/www.pressenza.com\/es\/#\/schema\/person\/e3b6e74a6334202f64f147a1622ca383\",\"name\":\"\u00c1ngel Sanz Montes\",\"description\":\"Inform\u00e1tico. Gestor de proyectos. Lector, paseante, escritor a ratos y fot\u00f3grafo ocasional. Residente en Ferrol (Espa\u00f1a).\",\"sameAs\":[\"@angel.sanzmontes\"],\"url\":\"https:\/\/www.pressenza.com\/es\/author\/angel-sanz\/\"}]}<\/script>\n<!-- \/ Yoast SEO plugin. -->","yoast_head_json":{"title":"Carta abierta a las clases medias espa\u00f1olas: consecuencias de \"ir por lo privado\"","description":"&nbsp; La mejor sanidad para nosotros NO es la privada. La mejor seguridad NO vendr\u00e1 de las empresas de seguridad privada, o de las aseguradoras. La mejor","robots":{"index":"index","follow":"follow","max-snippet":"max-snippet:-1","max-image-preview":"max-image-preview:large","max-video-preview":"max-video-preview:-1"},"canonical":"https:\/\/www.pressenza.com\/es\/2020\/11\/carta-abierta-a-las-clases-medias-espanolas-consecuencias-de-ir-por-lo-privado\/","og_locale":"es_ES","og_type":"article","og_title":"Carta abierta a las clases medias espa\u00f1olas: consecuencias de \"ir por lo privado\"","og_description":"&nbsp; La mejor sanidad para nosotros NO es la privada. La mejor seguridad NO vendr\u00e1 de las empresas de seguridad privada, o de las aseguradoras. La mejor","og_url":"https:\/\/www.pressenza.com\/es\/2020\/11\/carta-abierta-a-las-clases-medias-espanolas-consecuencias-de-ir-por-lo-privado\/","og_site_name":"Pressenza","article_publisher":"https:\/\/www.facebook.com\/PressenzaItalia","article_author":"@angel.sanzmontes","article_published_time":"2020-11-24T15:51:24+00:00","og_image":[{"width":1600,"height":892,"url":"https:\/\/www.pressenza.com\/wp-content\/uploads\/2020\/11\/WhatsApp-Image-2020-11-24-at-4.04.25-PM.jpeg","type":"image\/jpeg"}],"author":"\u00c1ngel Sanz Montes","twitter_card":"summary_large_image","twitter_creator":"@PressenzaIPA","twitter_site":"@PressenzaIPA","twitter_misc":{"Escrito por":"\u00c1ngel Sanz Montes","Tiempo de lectura":"4 minutos"},"schema":{"@context":"https:\/\/schema.org","@graph":[{"@type":"Article","@id":"https:\/\/www.pressenza.com\/es\/2020\/11\/carta-abierta-a-las-clases-medias-espanolas-consecuencias-de-ir-por-lo-privado\/#article","isPartOf":{"@id":"https:\/\/www.pressenza.com\/es\/2020\/11\/carta-abierta-a-las-clases-medias-espanolas-consecuencias-de-ir-por-lo-privado\/"},"author":{"name":"\u00c1ngel Sanz Montes","@id":"https:\/\/www.pressenza.com\/es\/#\/schema\/person\/e3b6e74a6334202f64f147a1622ca383"},"headline":"Carta abierta a las clases medias espa\u00f1olas: consecuencias de \u00abir por lo privado\u00bb","datePublished":"2020-11-24T15:51:24+00:00","mainEntityOfPage":{"@id":"https:\/\/www.pressenza.com\/es\/2020\/11\/carta-abierta-a-las-clases-medias-espanolas-consecuencias-de-ir-por-lo-privado\/"},"wordCount":905,"publisher":{"@id":"https:\/\/www.pressenza.com\/es\/#organization"},"image":{"@id":"https:\/\/www.pressenza.com\/es\/2020\/11\/carta-abierta-a-las-clases-medias-espanolas-consecuencias-de-ir-por-lo-privado\/#primaryimage"},"thumbnailUrl":"https:\/\/www.pressenza.com\/wp-content\/uploads\/2020\/11\/WhatsApp-Image-2020-11-24-at-4.04.25-PM.jpeg","keywords":["Privatizaci\u00f3n servicios p\u00fablicos","Sanidad"],"articleSection":["Contenido Original","Europa","Opiniones","Salud"],"inLanguage":"es"},{"@type":"WebPage","@id":"https:\/\/www.pressenza.com\/es\/2020\/11\/carta-abierta-a-las-clases-medias-espanolas-consecuencias-de-ir-por-lo-privado\/","url":"https:\/\/www.pressenza.com\/es\/2020\/11\/carta-abierta-a-las-clases-medias-espanolas-consecuencias-de-ir-por-lo-privado\/","name":"Carta abierta a las clases medias espa\u00f1olas: consecuencias de \"ir por lo privado\"","isPartOf":{"@id":"https:\/\/www.pressenza.com\/es\/#website"},"primaryImageOfPage":{"@id":"https:\/\/www.pressenza.com\/es\/2020\/11\/carta-abierta-a-las-clases-medias-espanolas-consecuencias-de-ir-por-lo-privado\/#primaryimage"},"image":{"@id":"https:\/\/www.pressenza.com\/es\/2020\/11\/carta-abierta-a-las-clases-medias-espanolas-consecuencias-de-ir-por-lo-privado\/#primaryimage"},"thumbnailUrl":"https:\/\/www.pressenza.com\/wp-content\/uploads\/2020\/11\/WhatsApp-Image-2020-11-24-at-4.04.25-PM.jpeg","datePublished":"2020-11-24T15:51:24+00:00","description":"&nbsp; La mejor sanidad para nosotros NO es la privada. La mejor seguridad NO vendr\u00e1 de las empresas de seguridad privada, o de las aseguradoras. La mejor","breadcrumb":{"@id":"https:\/\/www.pressenza.com\/es\/2020\/11\/carta-abierta-a-las-clases-medias-espanolas-consecuencias-de-ir-por-lo-privado\/#breadcrumb"},"inLanguage":"es","potentialAction":[{"@type":"ReadAction","target":["https:\/\/www.pressenza.com\/es\/2020\/11\/carta-abierta-a-las-clases-medias-espanolas-consecuencias-de-ir-por-lo-privado\/"]}]},{"@type":"ImageObject","inLanguage":"es","@id":"https:\/\/www.pressenza.com\/es\/2020\/11\/carta-abierta-a-las-clases-medias-espanolas-consecuencias-de-ir-por-lo-privado\/#primaryimage","url":"https:\/\/www.pressenza.com\/wp-content\/uploads\/2020\/11\/WhatsApp-Image-2020-11-24-at-4.04.25-PM.jpeg","contentUrl":"https:\/\/www.pressenza.com\/wp-content\/uploads\/2020\/11\/WhatsApp-Image-2020-11-24-at-4.04.25-PM.jpeg","width":1600,"height":892},{"@type":"BreadcrumbList","@id":"https:\/\/www.pressenza.com\/es\/2020\/11\/carta-abierta-a-las-clases-medias-espanolas-consecuencias-de-ir-por-lo-privado\/#breadcrumb","itemListElement":[{"@type":"ListItem","position":1,"name":"Accueil","item":"https:\/\/www.pressenza.com\/es\/"},{"@type":"ListItem","position":2,"name":"Carta abierta a las clases medias espa\u00f1olas: consecuencias de \u00abir por lo privado\u00bb"}]},{"@type":"WebSite","@id":"https:\/\/www.pressenza.com\/es\/#website","url":"https:\/\/www.pressenza.com\/es\/","name":"Pressenza","description":"International Press Agency","publisher":{"@id":"https:\/\/www.pressenza.com\/es\/#organization"},"potentialAction":[{"@type":"SearchAction","target":{"@type":"EntryPoint","urlTemplate":"https:\/\/www.pressenza.com\/es\/?s={search_term_string}"},"query-input":{"@type":"PropertyValueSpecification","valueRequired":true,"valueName":"search_term_string"}}],"inLanguage":"es"},{"@type":"Organization","@id":"https:\/\/www.pressenza.com\/es\/#organization","name":"Pressenza","url":"https:\/\/www.pressenza.com\/es\/","logo":{"@type":"ImageObject","inLanguage":"es","@id":"https:\/\/www.pressenza.com\/es\/#\/schema\/logo\/image\/","url":"https:\/\/www.pressenza.com\/wp-content\/uploads\/2022\/10\/pressenza_logo_200x200.jpg","contentUrl":"https:\/\/www.pressenza.com\/wp-content\/uploads\/2022\/10\/pressenza_logo_200x200.jpg","width":200,"height":200,"caption":"Pressenza"},"image":{"@id":"https:\/\/www.pressenza.com\/es\/#\/schema\/logo\/image\/"},"sameAs":["https:\/\/www.facebook.com\/PressenzaItalia","https:\/\/x.com\/PressenzaIPA"]},{"@type":"Person","@id":"https:\/\/www.pressenza.com\/es\/#\/schema\/person\/e3b6e74a6334202f64f147a1622ca383","name":"\u00c1ngel Sanz Montes","description":"Inform\u00e1tico. Gestor de proyectos. Lector, paseante, escritor a ratos y fot\u00f3grafo ocasional. Residente en Ferrol (Espa\u00f1a).","sameAs":["@angel.sanzmontes"],"url":"https:\/\/www.pressenza.com\/es\/author\/angel-sanz\/"}]}},"place":"Ferrol, Reino de Espa\u00f1a","original_article_url":"","_links":{"self":[{"href":"https:\/\/www.pressenza.com\/es\/wp-json\/wp\/v2\/posts\/1246833","targetHints":{"allow":["GET"]}}],"collection":[{"href":"https:\/\/www.pressenza.com\/es\/wp-json\/wp\/v2\/posts"}],"about":[{"href":"https:\/\/www.pressenza.com\/es\/wp-json\/wp\/v2\/types\/post"}],"author":[{"embeddable":true,"href":"https:\/\/www.pressenza.com\/es\/wp-json\/wp\/v2\/users\/1941"}],"replies":[{"embeddable":true,"href":"https:\/\/www.pressenza.com\/es\/wp-json\/wp\/v2\/comments?post=1246833"}],"version-history":[{"count":0,"href":"https:\/\/www.pressenza.com\/es\/wp-json\/wp\/v2\/posts\/1246833\/revisions"}],"wp:featuredmedia":[{"embeddable":true,"href":"https:\/\/www.pressenza.com\/es\/wp-json\/wp\/v2\/media\/1246864"}],"wp:attachment":[{"href":"https:\/\/www.pressenza.com\/es\/wp-json\/wp\/v2\/media?parent=1246833"}],"wp:term":[{"taxonomy":"category","embeddable":true,"href":"https:\/\/www.pressenza.com\/es\/wp-json\/wp\/v2\/categories?post=1246833"},{"taxonomy":"post_tag","embeddable":true,"href":"https:\/\/www.pressenza.com\/es\/wp-json\/wp\/v2\/tags?post=1246833"}],"curies":[{"name":"wp","href":"https:\/\/api.w.org\/{rel}","templated":true}]}}