{"id":124423,"date":"2014-08-07T23:08:38","date_gmt":"2014-08-07T22:08:38","guid":{"rendered":"http:\/\/www.pressenza.com\/?p=124423"},"modified":"2015-07-21T21:54:53","modified_gmt":"2015-07-21T20:54:53","slug":"soledad-hamas-y-el-cinismo-europeo-entrevista-con-eduardo-febbro","status":"publish","type":"post","link":"https:\/\/www.pressenza.com\/es\/2014\/08\/soledad-hamas-y-el-cinismo-europeo-entrevista-con-eduardo-febbro\/","title":{"rendered":"La soledad de Ham\u00e1s y el cinismo europeo, entrevista con Eduardo Febbro"},"content":{"rendered":"<p><em>En Continentes y contenidos entrevistamos a Eduardo Febbro, corresponsal en Francia del peri\u00f3dico argentino P\u00e1gina 12. Desarrollamos las repercusiones de la Cumbre para resolver el conflicto palestino-israel\u00ed que tuvo lugar en Par\u00eds, el rol de la Uni\u00f3n Europea y el periodista analiz\u00f3 la coyuntura de los diferentes actores del mundo \u00e1rabe. Una entrevista l\u00facida imperdible.<\/em><\/p>\n<p><iframe loading=\"lazy\" src=\"http:\/\/www.ivoox.com\/player_ek_3366878_2_1.html?data=lJijmJ2bfI6ZmKialJaJd6KklpKSmaiRdo6ZmKiakpKJe6ShkZKSmaiRicXpwtfR0ZCqqcPW09SYx9OPh9Di1c7bx9PYqdSf2pDQ0dPYqc%2FdxdTgjZiUaZO6kZySlKuWdJKojoqkpZKns8%2FoytPS0NnJt4ztjKjc0NnJssrY0Niah5yncZU%3D&amp;\" height=\"48\" width=\"238\" allowfullscreen=\"\" frameborder=\"0\" scrolling=\"no\"><\/iframe><\/p>\n<p>Traducci\u00f3n libre de la canci\u00f3n De Living Colour \u201cIn Your Name\u201d: Tenemos misiles y tanques\/ Tenemos bombas y aviones\/ Tenemos los planes y la gente\/ Y lo hacemos en tu nombre. Tenemos nuestra ira y la rabia\/ Para enviarte de vuelta de donde saliste\/ Te estamos haciendo da\u00f1o para curarte\/ Y lo estamos haciendo en tu nombre. Somos los justos y verdaderos\/ Vos sos el imp\u00edo, el profano\/ Estamos luchando por tu libertad\/ Y lo hacemos en tu nombre. Somos las v\u00edctimas del privilegio\/ Vos sos el \u00fanico culpable\/ \u00a1Te odiamos, nos odi\u00e1s!\/ Todos sentimos lo mismo. Tenemos misiles y tanques\/ Tenemos bombas y aviones\/ Tenemos los planes y la gente\/ Y lo hacemos en tu nombre, s\u00ed.<\/p>\n<p>Tambi\u00e9n compartimos a modo de introducci\u00f3n la reflexi\u00f3n de\u00a0 Alberto Szpunberg, un poeta israel\u00ed que sali\u00f3 publicada tambi\u00e9n en P\u00e1gina 12 de Argentina:<\/p>\n<p>\u201cNo, decididamente no: la ultraderecha neoliberal y militarista que gobierna al Estado de Israel no me representa. Ni como jud\u00edo, ni como poeta, ni como simple militante de causas justas, ni como an\u00f3nimo ser humano. Digo no a este gobierno cruel, lo desconozco, le niego validez humanitaria, no es merecedor de la Jerusal\u00e9n a la que volvemos nuestros ojos \u2013ni de la terrenal Jerusal\u00e9n, la de \u201cabajo\u201d (shelmata), ni de la Jerusal\u00e9n celestial, la de \u201carriba\u201d (shelmala)\u2013, le proh\u00edbo que hable en mi nombre o en el de mi pueblo, y menos en nombre de los m\u00e1rtires de la Sho\u00e1, nada tiene que ver con el pueblo milenario al cual pertenezco, ni siquiera lo avalan ni lo justifican los misiles disparados al bulto ni los t\u00faneles subterr\u00e1neos ni las \u201cguerras santas\u201d de la demencia fundamentalista de Hamas. Tampoco las mejores tradiciones del humanismo jud\u00edo, seg\u00fan las cuales me form\u00e9, tienen que ver con el actual gobierno de Israel\u201d.<\/p>\n<p>\u201cDesde la racionalidad, desde el humanismo, desde la negativa a ser c\u00f3mplice de la barbarie, desde el m\u00e1s elemental sentido com\u00fan, digo no, definitivamente no, una y mil veces no. E invitando al Pueblo del Libro a pronunciarse, a modo de advertencia desesperada, c\u00f3mo no volver al severo Am\u00f3s: \u201cLos tres pecados de Israel perdonar\u00e9, pero al cuarto no\u201d, cuando ya son muchos los pecados&#8230; Y c\u00f3mo no volver al sensato Am\u00f3s: \u201c\u00bfAcaso podr\u00e1n ir juntas dos personas si antes no se pusieron de acuerdo&#8230;?\u201d Antes y despu\u00e9s de todo, ahora y siempre, la paz. Y la \u00fanica garant\u00eda, dos pueblos, dos Estados viables y seguros. Y alg\u00fan d\u00eda \u2013porque la Tierra Prometida ya sabe a pogrom\u2013 tendr\u00e1 que ser s\u00ed, es decir, dos pueblos, dos Estados viables y seguros, y un solo, un solo coraz\u00f3n\u201d.<\/p>\n<p>Ya en la entrevista propiamente dicha Eduardo Febbro nos dijo que el principal eje del fracaso de la cumbre estaba supeditado a la movida geopol\u00edtica de la zona del conflicto. Egipto dej\u00f3 de tener el peso importante que ten\u00eda en a\u00f1os anteriores y se ha vuelto un mediador muy parcial, devenido del golpe de estado, un gobierno que odia a los Hermanos Musulmanes, por lo tanto a Ham\u00e1s. \u201cEgipto ha perdido, sobre todo, la credibilidad\u201d afirm\u00f3.<\/p>\n<p>Tambi\u00e9n indic\u00f3 que Ir\u00e1n se apart\u00f3 del conflicto, m\u00e1s preocupado por sus propias negociaciones relacionadas con la evoluci\u00f3n de su industria at\u00f3mica, de este modo Ham\u00e1s ha perdido uno de sus aliados, que se suma al abandono por la parte de Siria, ya que el grupo palestino sostuvo a las fuerzas sunitas que buscaron derrocar al presidente sirio, alauita, Bashar Al Assad.<\/p>\n<p>\u201cA esto se agrega el enorme cinismo y la enorme cobard\u00eda de la Uni\u00f3n Europea y la captura de toda la pol\u00edtica exterior norteamericana por parte de Israel\u201d sentenci\u00f3.<\/p>\n<p>Ante la pregunta de si este ataque israel\u00ed reforzaba la posici\u00f3n extremista de Ham\u00e1s, el periodista argentino lo confirm\u00f3 y record\u00f3 los antecedentes b\u00e9licos perpetrados por Israel y que dejaron derrotado pol\u00edticamente a Ham\u00e1s y que ahora, por el contrario, cuando se estaba avanzando en un trabajo de reconciliaci\u00f3n palestina y se dejaba en manos de la dirigencia de Cisjordania, encabezada por Mahmoud Abbas la negociaci\u00f3n y di\u00e1logo con Israel, tras la muerte de los 3 j\u00f3venes israel\u00edes, que ya la polic\u00eda de este confirm\u00f3 que no fueron asesinados por la organizaci\u00f3n palestina, Ham\u00e1s busca salir reforzada de esta escalada armamentista.<\/p>\n<p>\u201cLa enormidad de la ofensiva israel\u00ed les permite, otra vez, a Ham\u00e1s recuperar credibilidad entre su gente\u201d dijo.<\/p>\n<p>Consultado sobre la actuaci\u00f3n de los pa\u00edses europeos, analiz\u00f3 la situaci\u00f3n del modo siguiente \u201cla actitud hist\u00f3rica de Europa de los \u00faltimos 50 a\u00f1os: cobard\u00eda, encierro en s\u00ed mismo e hipocres\u00eda. Europa es un soldado obediente de Estados Unidos, que deja a EUA el papel de malo de la pel\u00edcula y los europeos intervienen con ayuda humanitaria, grandes declaraciones y ambulancias y remedios. Pero no usan el peso pol\u00edtico que tienen para detener el conflicto que sea. La gesti\u00f3n europea ha sido un desastre, que pone al frente de sus negociadores al dirigente de la potencia ocupante del territorio palestino, como fue Gran Breta\u00f1a, Tony Blair\u201d.<\/p>\n<p>Febbro hizo menci\u00f3n que en este conflicto es injusto que toda la responsabilidad caiga sobre occidente, ya que los pa\u00edses \u00e1rabes tienen una enorme responsabilidad en lo que est\u00e1 pasando en Gaza. \u201cNo hemos visto ning\u00fan pedido de reuni\u00f3n urgente por parte de los vecinos de los palestinos, ninguna potencia \u00e1rabe, m\u00e1s que Qatar, se ha mostrado dispuesta a influir en el juego, dejando a Turqu\u00eda y Qatar como \u00fanicos pa\u00edses con comunicaci\u00f3n directa con Ham\u00e1s\u201d aport\u00f3 el analista.<\/p>\n<p>Tambi\u00e9n mencion\u00f3 la guerra que enfrenta a Arabia Saudita, como representante de los sunitas y la Rep\u00fablica Isl\u00e1mica de Ir\u00e1n, representando a los chiitas, dividiendo el mundo musulm\u00e1n. Concluy\u00f3 diciendo que la \u00fanica v\u00eda de soluci\u00f3n del conflicto pasa por la comunicaci\u00f3n entre Washington y El Cairo.<\/p>\n<p>La entrevista incluy\u00f3 algunos comentarios sobre la actuaci\u00f3n de Europa en las sanciones contra Rusia por el conflicto en Ucrania.<\/p>\n<p><i>Ayer el vocero de las Fuerzas de Defensa del Estado de Israel, Roni Kaplan tuite\u00f3 \u201cMatamos ni\u00f1os, s\u00ed. Pero de una forma r\u00e1pida y eficaz, casi sin dolor. \u00bfEs acaso mejor dejarlos morir de hambre como hacen en Espa\u00f1a?\u201d y continu\u00f3 \u201cSi hubieras tenido la oportunidad de matar a Hitler antes de que crezca, \u00bfno lo habr\u00edas hecho? No son ni\u00f1os, son terroristas en potencia\u201d.<\/i><\/p>\n<p>&nbsp;<\/p>\n","protected":false},"excerpt":{"rendered":"<p>En Continentes y contenidos entrevistamos a Eduardo Febbro, corresponsal en Francia del peri\u00f3dico argentino P\u00e1gina 12. Desarrollamos las repercusiones de la Cumbre para resolver el conflicto palestino-israel\u00ed que tuvo lugar en Par\u00eds, el rol de la Uni\u00f3n Europea y el&hellip;<\/p>\n","protected":false},"author":96,"featured_media":0,"comment_status":"closed","ping_status":"open","sticky":false,"template":"","format":"standard","meta":{"footnotes":""},"categories":[76,11389,155,66,39,71,74],"tags":[441,10793,1495,646,4817,623],"class_list":["post-124423","post","type-post","status-publish","format-standard","hentry","category-relaciones-exteriores","category-contenido-original","category-entrevistas","category-europa-es","category-internacional","category-medio-oriente-es","category-politica-es","tag-derechos-humanos","tag-estados-unidos-de-norteamerica","tag-gaza-es","tag-israel-es","tag-union-europea","tag-violencia"],"yoast_head":"<!-- This site is optimized with the Yoast SEO plugin v27.1.1 - https:\/\/yoast.com\/product\/yoast-seo-wordpress\/ -->\n<title>La soledad de Ham\u00e1s y el cinismo europeo, entrevista con Eduardo Febbro<\/title>\n<meta name=\"description\" content=\"En Continentes y contenidos entrevistamos a Eduardo Febbro, corresponsal en Francia del peri\u00f3dico argentino P\u00e1gina 12. Desarrollamos las repercusiones de\" \/>\n<meta name=\"robots\" content=\"index, follow, max-snippet:-1, max-image-preview:large, max-video-preview:-1\" \/>\n<link rel=\"canonical\" href=\"https:\/\/www.pressenza.com\/es\/2014\/08\/soledad-hamas-y-el-cinismo-europeo-entrevista-con-eduardo-febbro\/\" \/>\n<meta property=\"og:locale\" content=\"es_ES\" \/>\n<meta property=\"og:type\" content=\"article\" \/>\n<meta property=\"og:title\" content=\"La soledad de Ham\u00e1s y el cinismo europeo, entrevista con Eduardo Febbro\" \/>\n<meta property=\"og:description\" content=\"En Continentes y contenidos entrevistamos a Eduardo Febbro, corresponsal en Francia del peri\u00f3dico argentino P\u00e1gina 12. Desarrollamos las repercusiones de\" \/>\n<meta property=\"og:url\" content=\"https:\/\/www.pressenza.com\/es\/2014\/08\/soledad-hamas-y-el-cinismo-europeo-entrevista-con-eduardo-febbro\/\" \/>\n<meta property=\"og:site_name\" content=\"Pressenza\" \/>\n<meta property=\"article:publisher\" content=\"https:\/\/www.facebook.com\/PressenzaItalia\" \/>\n<meta property=\"article:author\" content=\"https:\/\/www.facebook.com\/mariano.quiroga.779\" \/>\n<meta property=\"article:published_time\" content=\"2014-08-07T22:08:38+00:00\" \/>\n<meta property=\"article:modified_time\" content=\"2015-07-21T20:54:53+00:00\" \/>\n<meta name=\"author\" content=\"Mariano Quiroga\" \/>\n<meta name=\"twitter:card\" content=\"summary_large_image\" \/>\n<meta name=\"twitter:creator\" content=\"@MaruchoQuiroga\" \/>\n<meta name=\"twitter:site\" content=\"@PressenzaIPA\" \/>\n<meta name=\"twitter:label1\" content=\"Escrito por\" \/>\n\t<meta name=\"twitter:data1\" content=\"Mariano Quiroga\" \/>\n\t<meta name=\"twitter:label2\" content=\"Tiempo de lectura\" \/>\n\t<meta name=\"twitter:data2\" content=\"6 minutos\" \/>\n<script type=\"application\/ld+json\" class=\"yoast-schema-graph\">{\"@context\":\"https:\/\/schema.org\",\"@graph\":[{\"@type\":\"Article\",\"@id\":\"https:\/\/www.pressenza.com\/es\/2014\/08\/soledad-hamas-y-el-cinismo-europeo-entrevista-con-eduardo-febbro\/#article\",\"isPartOf\":{\"@id\":\"https:\/\/www.pressenza.com\/es\/2014\/08\/soledad-hamas-y-el-cinismo-europeo-entrevista-con-eduardo-febbro\/\"},\"author\":{\"name\":\"Mariano Quiroga\",\"@id\":\"https:\/\/www.pressenza.com\/es\/#\/schema\/person\/a0856fe41d8234b92503e6b28dc2585e\"},\"headline\":\"La soledad de Ham\u00e1s y el cinismo europeo, entrevista con Eduardo Febbro\",\"datePublished\":\"2014-08-07T22:08:38+00:00\",\"dateModified\":\"2015-07-21T20:54:53+00:00\",\"mainEntityOfPage\":{\"@id\":\"https:\/\/www.pressenza.com\/es\/2014\/08\/soledad-hamas-y-el-cinismo-europeo-entrevista-con-eduardo-febbro\/\"},\"wordCount\":1204,\"publisher\":{\"@id\":\"https:\/\/www.pressenza.com\/es\/#organization\"},\"keywords\":[\"Derechos humanos\",\"Estados Unidos de Norteam\u00e9rica\",\"Gaza\",\"Israel\",\"Uni\u00f3n Europea\",\"Violencia\"],\"articleSection\":[\"Asuntos internacionales\",\"Contenido Original\",\"Entrevistas\",\"Europa\",\"Internacional\",\"Medio Oriente\",\"Pol\u00edtica\"],\"inLanguage\":\"es\"},{\"@type\":\"WebPage\",\"@id\":\"https:\/\/www.pressenza.com\/es\/2014\/08\/soledad-hamas-y-el-cinismo-europeo-entrevista-con-eduardo-febbro\/\",\"url\":\"https:\/\/www.pressenza.com\/es\/2014\/08\/soledad-hamas-y-el-cinismo-europeo-entrevista-con-eduardo-febbro\/\",\"name\":\"La soledad de Ham\u00e1s y el cinismo europeo, entrevista con Eduardo Febbro\",\"isPartOf\":{\"@id\":\"https:\/\/www.pressenza.com\/es\/#website\"},\"datePublished\":\"2014-08-07T22:08:38+00:00\",\"dateModified\":\"2015-07-21T20:54:53+00:00\",\"description\":\"En Continentes y contenidos entrevistamos a Eduardo Febbro, corresponsal en Francia del peri\u00f3dico argentino P\u00e1gina 12. Desarrollamos las repercusiones de\",\"breadcrumb\":{\"@id\":\"https:\/\/www.pressenza.com\/es\/2014\/08\/soledad-hamas-y-el-cinismo-europeo-entrevista-con-eduardo-febbro\/#breadcrumb\"},\"inLanguage\":\"es\",\"potentialAction\":[{\"@type\":\"ReadAction\",\"target\":[\"https:\/\/www.pressenza.com\/es\/2014\/08\/soledad-hamas-y-el-cinismo-europeo-entrevista-con-eduardo-febbro\/\"]}]},{\"@type\":\"BreadcrumbList\",\"@id\":\"https:\/\/www.pressenza.com\/es\/2014\/08\/soledad-hamas-y-el-cinismo-europeo-entrevista-con-eduardo-febbro\/#breadcrumb\",\"itemListElement\":[{\"@type\":\"ListItem\",\"position\":1,\"name\":\"Accueil\",\"item\":\"https:\/\/www.pressenza.com\/es\/\"},{\"@type\":\"ListItem\",\"position\":2,\"name\":\"La soledad de Ham\u00e1s y el cinismo europeo, entrevista con Eduardo Febbro\"}]},{\"@type\":\"WebSite\",\"@id\":\"https:\/\/www.pressenza.com\/es\/#website\",\"url\":\"https:\/\/www.pressenza.com\/es\/\",\"name\":\"Pressenza\",\"description\":\"International Press Agency\",\"publisher\":{\"@id\":\"https:\/\/www.pressenza.com\/es\/#organization\"},\"potentialAction\":[{\"@type\":\"SearchAction\",\"target\":{\"@type\":\"EntryPoint\",\"urlTemplate\":\"https:\/\/www.pressenza.com\/es\/?s={search_term_string}\"},\"query-input\":{\"@type\":\"PropertyValueSpecification\",\"valueRequired\":true,\"valueName\":\"search_term_string\"}}],\"inLanguage\":\"es\"},{\"@type\":\"Organization\",\"@id\":\"https:\/\/www.pressenza.com\/es\/#organization\",\"name\":\"Pressenza\",\"url\":\"https:\/\/www.pressenza.com\/es\/\",\"logo\":{\"@type\":\"ImageObject\",\"inLanguage\":\"es\",\"@id\":\"https:\/\/www.pressenza.com\/es\/#\/schema\/logo\/image\/\",\"url\":\"https:\/\/www.pressenza.com\/wp-content\/uploads\/2022\/10\/pressenza_logo_200x200.jpg\",\"contentUrl\":\"https:\/\/www.pressenza.com\/wp-content\/uploads\/2022\/10\/pressenza_logo_200x200.jpg\",\"width\":200,\"height\":200,\"caption\":\"Pressenza\"},\"image\":{\"@id\":\"https:\/\/www.pressenza.com\/es\/#\/schema\/logo\/image\/\"},\"sameAs\":[\"https:\/\/www.facebook.com\/PressenzaItalia\",\"https:\/\/x.com\/PressenzaIPA\"]},{\"@type\":\"Person\",\"@id\":\"https:\/\/www.pressenza.com\/es\/#\/schema\/person\/a0856fe41d8234b92503e6b28dc2585e\",\"name\":\"Mariano Quiroga\",\"description\":\"Born in Buenos Aires, Argentina, in 1976, Mariano is a journalist, poet and international editor for Pressenza. His career includes publications in different countries and languages. Currently he is presenter on radio programmes in Ecuador and Argentina. A humanist communicator specialising in international politics, his vocation has led him to seek to build bridges that allow relationships to be made between data, events, people and contexts in order to create an inclusive look that synthesises the noblest searches for social justice and humanisation of the planet.\",\"sameAs\":[\"https:\/\/www.facebook.com\/mariano.quiroga.779\",\"https:\/\/x.com\/MaruchoQuiroga\"],\"url\":\"https:\/\/www.pressenza.com\/es\/author\/mariano-quiroga\/\"}]}<\/script>\n<!-- \/ Yoast SEO plugin. -->","yoast_head_json":{"title":"La soledad de Ham\u00e1s y el cinismo europeo, entrevista con Eduardo Febbro","description":"En Continentes y contenidos entrevistamos a Eduardo Febbro, corresponsal en Francia del peri\u00f3dico argentino P\u00e1gina 12. Desarrollamos las repercusiones de","robots":{"index":"index","follow":"follow","max-snippet":"max-snippet:-1","max-image-preview":"max-image-preview:large","max-video-preview":"max-video-preview:-1"},"canonical":"https:\/\/www.pressenza.com\/es\/2014\/08\/soledad-hamas-y-el-cinismo-europeo-entrevista-con-eduardo-febbro\/","og_locale":"es_ES","og_type":"article","og_title":"La soledad de Ham\u00e1s y el cinismo europeo, entrevista con Eduardo Febbro","og_description":"En Continentes y contenidos entrevistamos a Eduardo Febbro, corresponsal en Francia del peri\u00f3dico argentino P\u00e1gina 12. Desarrollamos las repercusiones de","og_url":"https:\/\/www.pressenza.com\/es\/2014\/08\/soledad-hamas-y-el-cinismo-europeo-entrevista-con-eduardo-febbro\/","og_site_name":"Pressenza","article_publisher":"https:\/\/www.facebook.com\/PressenzaItalia","article_author":"https:\/\/www.facebook.com\/mariano.quiroga.779","article_published_time":"2014-08-07T22:08:38+00:00","article_modified_time":"2015-07-21T20:54:53+00:00","author":"Mariano Quiroga","twitter_card":"summary_large_image","twitter_creator":"@MaruchoQuiroga","twitter_site":"@PressenzaIPA","twitter_misc":{"Escrito por":"Mariano Quiroga","Tiempo de lectura":"6 minutos"},"schema":{"@context":"https:\/\/schema.org","@graph":[{"@type":"Article","@id":"https:\/\/www.pressenza.com\/es\/2014\/08\/soledad-hamas-y-el-cinismo-europeo-entrevista-con-eduardo-febbro\/#article","isPartOf":{"@id":"https:\/\/www.pressenza.com\/es\/2014\/08\/soledad-hamas-y-el-cinismo-europeo-entrevista-con-eduardo-febbro\/"},"author":{"name":"Mariano Quiroga","@id":"https:\/\/www.pressenza.com\/es\/#\/schema\/person\/a0856fe41d8234b92503e6b28dc2585e"},"headline":"La soledad de Ham\u00e1s y el cinismo europeo, entrevista con Eduardo Febbro","datePublished":"2014-08-07T22:08:38+00:00","dateModified":"2015-07-21T20:54:53+00:00","mainEntityOfPage":{"@id":"https:\/\/www.pressenza.com\/es\/2014\/08\/soledad-hamas-y-el-cinismo-europeo-entrevista-con-eduardo-febbro\/"},"wordCount":1204,"publisher":{"@id":"https:\/\/www.pressenza.com\/es\/#organization"},"keywords":["Derechos humanos","Estados Unidos de Norteam\u00e9rica","Gaza","Israel","Uni\u00f3n Europea","Violencia"],"articleSection":["Asuntos internacionales","Contenido Original","Entrevistas","Europa","Internacional","Medio Oriente","Pol\u00edtica"],"inLanguage":"es"},{"@type":"WebPage","@id":"https:\/\/www.pressenza.com\/es\/2014\/08\/soledad-hamas-y-el-cinismo-europeo-entrevista-con-eduardo-febbro\/","url":"https:\/\/www.pressenza.com\/es\/2014\/08\/soledad-hamas-y-el-cinismo-europeo-entrevista-con-eduardo-febbro\/","name":"La soledad de Ham\u00e1s y el cinismo europeo, entrevista con Eduardo Febbro","isPartOf":{"@id":"https:\/\/www.pressenza.com\/es\/#website"},"datePublished":"2014-08-07T22:08:38+00:00","dateModified":"2015-07-21T20:54:53+00:00","description":"En Continentes y contenidos entrevistamos a Eduardo Febbro, corresponsal en Francia del peri\u00f3dico argentino P\u00e1gina 12. Desarrollamos las repercusiones de","breadcrumb":{"@id":"https:\/\/www.pressenza.com\/es\/2014\/08\/soledad-hamas-y-el-cinismo-europeo-entrevista-con-eduardo-febbro\/#breadcrumb"},"inLanguage":"es","potentialAction":[{"@type":"ReadAction","target":["https:\/\/www.pressenza.com\/es\/2014\/08\/soledad-hamas-y-el-cinismo-europeo-entrevista-con-eduardo-febbro\/"]}]},{"@type":"BreadcrumbList","@id":"https:\/\/www.pressenza.com\/es\/2014\/08\/soledad-hamas-y-el-cinismo-europeo-entrevista-con-eduardo-febbro\/#breadcrumb","itemListElement":[{"@type":"ListItem","position":1,"name":"Accueil","item":"https:\/\/www.pressenza.com\/es\/"},{"@type":"ListItem","position":2,"name":"La soledad de Ham\u00e1s y el cinismo europeo, entrevista con Eduardo Febbro"}]},{"@type":"WebSite","@id":"https:\/\/www.pressenza.com\/es\/#website","url":"https:\/\/www.pressenza.com\/es\/","name":"Pressenza","description":"International Press Agency","publisher":{"@id":"https:\/\/www.pressenza.com\/es\/#organization"},"potentialAction":[{"@type":"SearchAction","target":{"@type":"EntryPoint","urlTemplate":"https:\/\/www.pressenza.com\/es\/?s={search_term_string}"},"query-input":{"@type":"PropertyValueSpecification","valueRequired":true,"valueName":"search_term_string"}}],"inLanguage":"es"},{"@type":"Organization","@id":"https:\/\/www.pressenza.com\/es\/#organization","name":"Pressenza","url":"https:\/\/www.pressenza.com\/es\/","logo":{"@type":"ImageObject","inLanguage":"es","@id":"https:\/\/www.pressenza.com\/es\/#\/schema\/logo\/image\/","url":"https:\/\/www.pressenza.com\/wp-content\/uploads\/2022\/10\/pressenza_logo_200x200.jpg","contentUrl":"https:\/\/www.pressenza.com\/wp-content\/uploads\/2022\/10\/pressenza_logo_200x200.jpg","width":200,"height":200,"caption":"Pressenza"},"image":{"@id":"https:\/\/www.pressenza.com\/es\/#\/schema\/logo\/image\/"},"sameAs":["https:\/\/www.facebook.com\/PressenzaItalia","https:\/\/x.com\/PressenzaIPA"]},{"@type":"Person","@id":"https:\/\/www.pressenza.com\/es\/#\/schema\/person\/a0856fe41d8234b92503e6b28dc2585e","name":"Mariano Quiroga","description":"Born in Buenos Aires, Argentina, in 1976, Mariano is a journalist, poet and international editor for Pressenza. His career includes publications in different countries and languages. Currently he is presenter on radio programmes in Ecuador and Argentina. A humanist communicator specialising in international politics, his vocation has led him to seek to build bridges that allow relationships to be made between data, events, people and contexts in order to create an inclusive look that synthesises the noblest searches for social justice and humanisation of the planet.","sameAs":["https:\/\/www.facebook.com\/mariano.quiroga.779","https:\/\/x.com\/MaruchoQuiroga"],"url":"https:\/\/www.pressenza.com\/es\/author\/mariano-quiroga\/"}]}},"place":"Buenos Aires","original_article_url":"","_links":{"self":[{"href":"https:\/\/www.pressenza.com\/es\/wp-json\/wp\/v2\/posts\/124423","targetHints":{"allow":["GET"]}}],"collection":[{"href":"https:\/\/www.pressenza.com\/es\/wp-json\/wp\/v2\/posts"}],"about":[{"href":"https:\/\/www.pressenza.com\/es\/wp-json\/wp\/v2\/types\/post"}],"author":[{"embeddable":true,"href":"https:\/\/www.pressenza.com\/es\/wp-json\/wp\/v2\/users\/96"}],"replies":[{"embeddable":true,"href":"https:\/\/www.pressenza.com\/es\/wp-json\/wp\/v2\/comments?post=124423"}],"version-history":[{"count":0,"href":"https:\/\/www.pressenza.com\/es\/wp-json\/wp\/v2\/posts\/124423\/revisions"}],"wp:attachment":[{"href":"https:\/\/www.pressenza.com\/es\/wp-json\/wp\/v2\/media?parent=124423"}],"wp:term":[{"taxonomy":"category","embeddable":true,"href":"https:\/\/www.pressenza.com\/es\/wp-json\/wp\/v2\/categories?post=124423"},{"taxonomy":"post_tag","embeddable":true,"href":"https:\/\/www.pressenza.com\/es\/wp-json\/wp\/v2\/tags?post=124423"}],"curies":[{"name":"wp","href":"https:\/\/api.w.org\/{rel}","templated":true}]}}