{"id":1244087,"date":"2020-11-21T10:21:25","date_gmt":"2020-11-21T10:21:25","guid":{"rendered":"https:\/\/www.pressenza.com\/?p=1244087"},"modified":"2020-11-22T14:41:41","modified_gmt":"2020-11-22T14:41:41","slug":"covid-19-y-el-totalitarismo-sanitario","status":"publish","type":"post","link":"https:\/\/www.pressenza.com\/es\/2020\/11\/covid-19-y-el-totalitarismo-sanitario\/","title":{"rendered":"Covid -19 y el Totalitarismo Sanitario"},"content":{"rendered":"<p>Covid-19, coronavirus, pandemia, segunda ola, muertes, infectados, son palabras que escuchamos casi 24 horas al d\u00eda, siete d\u00edas a la semana enunciadas de forma repetitiva y premeditada por los medios de comunicaci\u00f3n -y ahora tambi\u00e9n por nuestros vecinos- para que nunca las olvidemos. A su vez, hay otro grupo de entradas lingu\u00edsticas como mascarillas, distanciamiento social, 2 metros, gel antis\u00e9ptico y otros muchos t\u00e9rminos cuyo objetivo no es otro que fomentar la culpabilidad personal en el\u00a0 individuo y as\u00ed obligarlo a seguir las normas impuestas por el sistema o a lo que ahora se denomina com\u00fanmente como \u00a8La Nueva Normalidad\u00a8. Esta no existe, es una aberraci\u00f3n impuesta por un panel de cient\u00edficos elegidos a consciencia por aquellos que est\u00e1n en la c\u00faspide de la pir\u00e1mide social.\u00a0 Los gobiernos &#8211; a trav\u00e9s de su junta de epidemi\u00f3logos-\u00a0 tambi\u00e9n utilizan imperativos (pongo ejemplos en castellano) para que acatemos sus \u00f3rdenes: mant\u00e9ngase, l\u00e1vese, qu\u00edtese, p\u00f3ngase, al\u00e9jese, etc, etc.\u00a0 Y adem\u00e1s nos anuncian nuestro futuro inmediato: no podr\u00e1n, habr\u00e1, quedar\u00e1n limitados, se cerrar\u00e1 por o durante, y otros verbos en futuro simple con connotaciones claramente negativas (pesimistas). No nos olvidemos de los verbos en condicional para predecir nuestras vidas, aconsejarnos y a obligarnos a hacer lo que al sistema le apetezca en un momento dado: habr\u00eda que, har\u00eda falta, se tendr\u00eda que, deber\u00eda, etc.<\/p>\n<p>Los cient\u00edficos que aconsejan a casi todos los pa\u00edses miembros de la ONU utilizan dicho lenguaje de forma premeditada para aterrorizar a la poblaci\u00f3n para despu\u00e9s imponer medidas restrictivas y normas draconianas que modifican al azar seg\u00fan sus objetivos para marearnos como a una perdiz.\u00a0 Hay cientos de ejemplos que aparecen diariamente en la prensa de todo el mundo: <em>A partir de ma\u00f1ana no se podr\u00e1 fumar en las terrazas, Queda prohibido el movimiento de las personas en la localidad de Carballo a partir de las 22.00 horas, La mascarilla ser\u00e1 obligatoria a nivel nacional, Se anuncia un toque de queda entre las 23:00 horas y las 6 de la ma\u00f1ana en todo el pa\u00eds, los viajeros procedentes de Europa tendr\u00e1n que hacerse el test\u00a0 PCR\u00a0 para poder entrar en Canarias.\u00a0 <\/e\n\nNo voy a citar fuentes ni criticar a ning\u00fan peri\u00f3dico, pero esto es lo que estamos observando d\u00eda a d\u00eda. El uso del lenguaje que muestro en este art\u00edculo se denomina ingenier\u00eda social y va directamente dirigido al n\u00facleo de las emociones humanas, y activar as\u00ed una respuesta emocional. Con la informaci\u00f3n captada por los psic\u00f3logos de la ciencia del comportamiento humano la junta de epidemi\u00f3logos contratada por los gobiernos decidir\u00e1 qu\u00e9 medidas restrictivas se van a imponer acorde con la respuesta del ciudadano ante las medidas que se le han impuesto.\u00a0 \u00bfAcatas o no acatas? Vale, pues si eres gilipollas y obedeces se te impondr\u00e1n m\u00e1s restricciones.\u00a0Si por otro lado eres rebelde te negar\u00e1n como individuo y te tachar\u00e1n de negacionista, conspirador, sospechoso y fascista.\n\nLa situaci\u00f3n actual en la mayor parte del mundo es grave. Nos quieren arruinar la econom\u00eda, cerrar las PYMES , acabar con el turismo, y el trabajo en general para sustituirlo con la rob\u00f3tica y la inteligencia artificial. En el Reino Unido por ejemplo, se predice que un 32% de los establecimientos hoteleros desaparecer\u00e1n para siempre la pr\u00f3xima Semana Santa. A su vez, en este mismo pa\u00eds hay m\u00e1s de tres millones de aut\u00f3nomos que no han cobrado nada desde marzo. Por muchas promesa que nos haga y por m\u00e1s seguridad que nos quiera dar el Ministro de Hacienda brit\u00e1nico (Chancellor of the Exchequer), la realidad es que ya hay mucha gente pasando hambre en un pa\u00eds que presume de ser la quinta mayor econom\u00eda mundial.\u00a0 En vez de nuevas empresas aparecen bancos de comidas como alimentando la miseria y convirtiendo a mucha gente en v\u00edctimas de guerra. Esto no es el Blitz londinense ni la Batalla de Stalingrado de la Segunda Guerra Mundial sino una anormalidad creada a prop\u00f3sito para acabar de una vez por todas con la ternura humana. Y ya sabemos lo que nos est\u00e1n aconsejando:\u00a0 <em>No te re\u00fanas con tu familia ni con tus amigos, no visites a tu novia, ni a tu abuela, qu\u00e9date en casa, no vayas al bar, no viajes, no cantes, no bailes, en fin no disfrutes (sufre, desesp\u00e9rate,<\/em> <em>engorda, no hables con nadie, vu\u00e9lvete senil o demente , suic\u00eddate<\/em>) es lo que realmente nos est\u00e1n insinuando utilizando el presente del subjuntivo de la forma m\u00e1s negativa posible. Para luego decirnos lo siguiente: <em>Pero no te desesperes porque despu\u00e9s de haber tenido tanta paciencia ahora te vamos a gratificar con una o m\u00e1s vacunas que a pesar de que no la hayamos probado en animales ya se las hemos administrado a un n\u00famero indefinido de voluntarios en Asia y en Africa y aunque aquellos sufran secuelas muy graves, esto no te lo vamos a comunicar. Adem\u00e1s, le administraremos la vacuna a los m\u00e1s d\u00e9biles, empezando con los viejecitos, cu\u00e1ntos m\u00e1s viejos mejor, as\u00ed se mueren antes y despu\u00e9s procederemos con los enfermos de c\u00e1ncer, con los que sufren enfermedades cardiovasculares y los diab\u00e9ticos porque ya nos estorban en los hospitales. Ya despu\u00e9s pincharemos al resto de la poblaci\u00f3n a discreci\u00f3n. Abriremos todas las cl\u00ednicas de los m\u00e9dicos de familia para que se puedan administrar esos X millones de vacunas y claro, tendr\u00e1s que pagar 20 euros por cada inyecci\u00f3n por salvarte la vida.<\/em><\/p>\n<p>\u00bfEs esta la ret\u00f3rica kafkiana que est\u00e1n utilizando para socavarnos el alma y los huesos?\u00a0 Es posible que as\u00ed sea, pero lo que est\u00e1 realmente claro es que es una ret\u00f3rica puramente pornogr\u00e1fica. Es decir, es pornograf\u00eda social en el sentido m\u00e1s estricto de la palabra. Una pornograf\u00eda que extingue la llama de la vida y convierte al individuo en objeto de sacrificio. \u00bfSer\u00e1 esto lo que realmente quieren hacer con nosotros? No se sabe, pero de lo que si estoy seguro es que si no reaccionamos de forma inmediata ante esta debacle social (a nivel planetario) nos lo quitar\u00e1n todo, y por todo quiero decir absolutamente TODO y acabaremos como ganado encarcelado entre las compuertas de un matadero esperando el estoque final.<\/p>\n<p>&nbsp;<\/p>\n<h6>Notas: la foto de portada aparece en el art\u00edculo del Off-Guardian.org \u00abAnti-lock down protests all across Europe\u00bb del 19 de noviembre de 2020 y es propiedad del mismo.<\/h6>\n<p>&nbsp;<\/p>\n<p>&nbsp;<\/p>\n<p>&nbsp;<\/p>\n<p>&nbsp;<\/p>\n<p>&nbsp;<\/p>\n<p>&nbsp;<\/p>\n","protected":false},"excerpt":{"rendered":"<p>Covid-19, coronavirus, pandemia, segunda ola, muertes, infectados, son palabras que escuchamos casi 24 horas al d\u00eda, siete d\u00edas a la semana enunciadas de forma repetitiva y premeditada por los medios de comunicaci\u00f3n -y ahora tambi\u00e9n por nuestros vecinos- para que&hellip;<\/p>\n","protected":false},"author":1386,"featured_media":1244088,"comment_status":"closed","ping_status":"closed","sticky":false,"template":"","format":"standard","meta":{"footnotes":""},"categories":[11389,66,1239],"tags":[73757,84210,84211,74067],"class_list":["post-1244087","post","type-post","status-publish","format-standard","has-post-thumbnail","hentry","category-contenido-original","category-europa-es","category-salud","tag-covid-19-pandemia","tag-medidas-restrictivas","tag-nueva-ola","tag-vacuna"],"yoast_head":"<!-- This site is optimized with the Yoast SEO plugin v27.1.1 - https:\/\/yoast.com\/product\/yoast-seo-wordpress\/ -->\n<title>Covid -19 y el Totalitarismo Sanitario<\/title>\n<meta name=\"description\" content=\"Covid-19, coronavirus, pandemia, segunda ola, muertes, infectados, son palabras que escuchamos casi 24 horas al d\u00eda, siete d\u00edas a la semana enunciadas de\" \/>\n<meta name=\"robots\" content=\"index, follow, max-snippet:-1, max-image-preview:large, max-video-preview:-1\" \/>\n<link rel=\"canonical\" href=\"https:\/\/www.pressenza.com\/es\/2020\/11\/covid-19-y-el-totalitarismo-sanitario\/\" \/>\n<meta property=\"og:locale\" content=\"es_ES\" \/>\n<meta property=\"og:type\" content=\"article\" \/>\n<meta property=\"og:title\" content=\"Covid -19 y el Totalitarismo Sanitario\" \/>\n<meta property=\"og:description\" content=\"Covid-19, coronavirus, pandemia, segunda ola, muertes, infectados, son palabras que escuchamos casi 24 horas al d\u00eda, siete d\u00edas a la semana enunciadas de\" \/>\n<meta property=\"og:url\" content=\"https:\/\/www.pressenza.com\/es\/2020\/11\/covid-19-y-el-totalitarismo-sanitario\/\" \/>\n<meta property=\"og:site_name\" content=\"Pressenza\" \/>\n<meta property=\"article:publisher\" content=\"https:\/\/www.facebook.com\/PressenzaItalia\" \/>\n<meta property=\"article:published_time\" content=\"2020-11-21T10:21:25+00:00\" \/>\n<meta property=\"article:modified_time\" content=\"2020-11-22T14:41:41+00:00\" \/>\n<meta property=\"og:image\" content=\"https:\/\/www.pressenza.com\/wp-content\/uploads\/2020\/11\/covid-protests-berlin-2020-1558x900-1.jpg\" \/>\n\t<meta property=\"og:image:width\" content=\"1558\" \/>\n\t<meta property=\"og:image:height\" content=\"900\" \/>\n\t<meta property=\"og:image:type\" content=\"image\/jpeg\" \/>\n<meta name=\"author\" content=\"Herminio Pi\u00f1eiro\" \/>\n<meta name=\"twitter:card\" content=\"summary_large_image\" \/>\n<meta name=\"twitter:creator\" content=\"@PressenzaIPA\" \/>\n<meta name=\"twitter:site\" content=\"@PressenzaIPA\" \/>\n<meta name=\"twitter:label1\" content=\"Escrito por\" \/>\n\t<meta name=\"twitter:data1\" content=\"Herminio Pi\u00f1eiro\" \/>\n\t<meta name=\"twitter:label2\" content=\"Tiempo de lectura\" \/>\n\t<meta name=\"twitter:data2\" content=\"2 minutos\" \/>\n<script type=\"application\/ld+json\" class=\"yoast-schema-graph\">{\"@context\":\"https:\/\/schema.org\",\"@graph\":[{\"@type\":\"Article\",\"@id\":\"https:\/\/www.pressenza.com\/es\/2020\/11\/covid-19-y-el-totalitarismo-sanitario\/#article\",\"isPartOf\":{\"@id\":\"https:\/\/www.pressenza.com\/es\/2020\/11\/covid-19-y-el-totalitarismo-sanitario\/\"},\"author\":{\"name\":\"Herminio Pi\u00f1eiro\",\"@id\":\"https:\/\/www.pressenza.com\/es\/#\/schema\/person\/ac0bb8cd4a8c43a6af669df358bd15c7\"},\"headline\":\"Covid -19 y el Totalitarismo Sanitario\",\"datePublished\":\"2020-11-21T10:21:25+00:00\",\"dateModified\":\"2020-11-22T14:41:41+00:00\",\"mainEntityOfPage\":{\"@id\":\"https:\/\/www.pressenza.com\/es\/2020\/11\/covid-19-y-el-totalitarismo-sanitario\/\"},\"wordCount\":389,\"publisher\":{\"@id\":\"https:\/\/www.pressenza.com\/es\/#organization\"},\"image\":{\"@id\":\"https:\/\/www.pressenza.com\/es\/2020\/11\/covid-19-y-el-totalitarismo-sanitario\/#primaryimage\"},\"thumbnailUrl\":\"https:\/\/www.pressenza.com\/wp-content\/uploads\/2020\/11\/covid-protests-berlin-2020-1558x900-1.jpg\",\"keywords\":[\"COVID-19 pandemia\",\"medidas restrictivas\",\"nueva ola\",\"vacuna\"],\"articleSection\":[\"Contenido Original\",\"Europa\",\"Salud\"],\"inLanguage\":\"es\"},{\"@type\":\"WebPage\",\"@id\":\"https:\/\/www.pressenza.com\/es\/2020\/11\/covid-19-y-el-totalitarismo-sanitario\/\",\"url\":\"https:\/\/www.pressenza.com\/es\/2020\/11\/covid-19-y-el-totalitarismo-sanitario\/\",\"name\":\"Covid -19 y el Totalitarismo Sanitario\",\"isPartOf\":{\"@id\":\"https:\/\/www.pressenza.com\/es\/#website\"},\"primaryImageOfPage\":{\"@id\":\"https:\/\/www.pressenza.com\/es\/2020\/11\/covid-19-y-el-totalitarismo-sanitario\/#primaryimage\"},\"image\":{\"@id\":\"https:\/\/www.pressenza.com\/es\/2020\/11\/covid-19-y-el-totalitarismo-sanitario\/#primaryimage\"},\"thumbnailUrl\":\"https:\/\/www.pressenza.com\/wp-content\/uploads\/2020\/11\/covid-protests-berlin-2020-1558x900-1.jpg\",\"datePublished\":\"2020-11-21T10:21:25+00:00\",\"dateModified\":\"2020-11-22T14:41:41+00:00\",\"description\":\"Covid-19, coronavirus, pandemia, segunda ola, muertes, infectados, son palabras que escuchamos casi 24 horas al d\u00eda, siete d\u00edas a la semana enunciadas de\",\"breadcrumb\":{\"@id\":\"https:\/\/www.pressenza.com\/es\/2020\/11\/covid-19-y-el-totalitarismo-sanitario\/#breadcrumb\"},\"inLanguage\":\"es\",\"potentialAction\":[{\"@type\":\"ReadAction\",\"target\":[\"https:\/\/www.pressenza.com\/es\/2020\/11\/covid-19-y-el-totalitarismo-sanitario\/\"]}]},{\"@type\":\"ImageObject\",\"inLanguage\":\"es\",\"@id\":\"https:\/\/www.pressenza.com\/es\/2020\/11\/covid-19-y-el-totalitarismo-sanitario\/#primaryimage\",\"url\":\"https:\/\/www.pressenza.com\/wp-content\/uploads\/2020\/11\/covid-protests-berlin-2020-1558x900-1.jpg\",\"contentUrl\":\"https:\/\/www.pressenza.com\/wp-content\/uploads\/2020\/11\/covid-protests-berlin-2020-1558x900-1.jpg\",\"width\":1558,\"height\":900,\"caption\":\"Off-Guardian Org\"},{\"@type\":\"BreadcrumbList\",\"@id\":\"https:\/\/www.pressenza.com\/es\/2020\/11\/covid-19-y-el-totalitarismo-sanitario\/#breadcrumb\",\"itemListElement\":[{\"@type\":\"ListItem\",\"position\":1,\"name\":\"Accueil\",\"item\":\"https:\/\/www.pressenza.com\/es\/\"},{\"@type\":\"ListItem\",\"position\":2,\"name\":\"Covid -19 y el Totalitarismo Sanitario\"}]},{\"@type\":\"WebSite\",\"@id\":\"https:\/\/www.pressenza.com\/es\/#website\",\"url\":\"https:\/\/www.pressenza.com\/es\/\",\"name\":\"Pressenza\",\"description\":\"International Press Agency\",\"publisher\":{\"@id\":\"https:\/\/www.pressenza.com\/es\/#organization\"},\"potentialAction\":[{\"@type\":\"SearchAction\",\"target\":{\"@type\":\"EntryPoint\",\"urlTemplate\":\"https:\/\/www.pressenza.com\/es\/?s={search_term_string}\"},\"query-input\":{\"@type\":\"PropertyValueSpecification\",\"valueRequired\":true,\"valueName\":\"search_term_string\"}}],\"inLanguage\":\"es\"},{\"@type\":\"Organization\",\"@id\":\"https:\/\/www.pressenza.com\/es\/#organization\",\"name\":\"Pressenza\",\"url\":\"https:\/\/www.pressenza.com\/es\/\",\"logo\":{\"@type\":\"ImageObject\",\"inLanguage\":\"es\",\"@id\":\"https:\/\/www.pressenza.com\/es\/#\/schema\/logo\/image\/\",\"url\":\"https:\/\/www.pressenza.com\/wp-content\/uploads\/2022\/10\/pressenza_logo_200x200.jpg\",\"contentUrl\":\"https:\/\/www.pressenza.com\/wp-content\/uploads\/2022\/10\/pressenza_logo_200x200.jpg\",\"width\":200,\"height\":200,\"caption\":\"Pressenza\"},\"image\":{\"@id\":\"https:\/\/www.pressenza.com\/es\/#\/schema\/logo\/image\/\"},\"sameAs\":[\"https:\/\/www.facebook.com\/PressenzaItalia\",\"https:\/\/x.com\/PressenzaIPA\"]},{\"@type\":\"Person\",\"@id\":\"https:\/\/www.pressenza.com\/es\/#\/schema\/person\/ac0bb8cd4a8c43a6af669df358bd15c7\",\"name\":\"Herminio Pi\u00f1eiro\",\"description\":\"Herminio Pi\u00f1eiro es fil\u00f3logo e int\u00e9rprete profesional; viene colaborando con Pressenza desde 2015 en calidad de traductor y autor. Actualmente reside en Londres.\",\"url\":\"https:\/\/www.pressenza.com\/es\/author\/herminio-pineiro\/\"}]}<\/script>\n<!-- \/ Yoast SEO plugin. -->","yoast_head_json":{"title":"Covid -19 y el Totalitarismo Sanitario","description":"Covid-19, coronavirus, pandemia, segunda ola, muertes, infectados, son palabras que escuchamos casi 24 horas al d\u00eda, siete d\u00edas a la semana enunciadas de","robots":{"index":"index","follow":"follow","max-snippet":"max-snippet:-1","max-image-preview":"max-image-preview:large","max-video-preview":"max-video-preview:-1"},"canonical":"https:\/\/www.pressenza.com\/es\/2020\/11\/covid-19-y-el-totalitarismo-sanitario\/","og_locale":"es_ES","og_type":"article","og_title":"Covid -19 y el Totalitarismo Sanitario","og_description":"Covid-19, coronavirus, pandemia, segunda ola, muertes, infectados, son palabras que escuchamos casi 24 horas al d\u00eda, siete d\u00edas a la semana enunciadas de","og_url":"https:\/\/www.pressenza.com\/es\/2020\/11\/covid-19-y-el-totalitarismo-sanitario\/","og_site_name":"Pressenza","article_publisher":"https:\/\/www.facebook.com\/PressenzaItalia","article_published_time":"2020-11-21T10:21:25+00:00","article_modified_time":"2020-11-22T14:41:41+00:00","og_image":[{"width":1558,"height":900,"url":"https:\/\/www.pressenza.com\/wp-content\/uploads\/2020\/11\/covid-protests-berlin-2020-1558x900-1.jpg","type":"image\/jpeg"}],"author":"Herminio Pi\u00f1eiro","twitter_card":"summary_large_image","twitter_creator":"@PressenzaIPA","twitter_site":"@PressenzaIPA","twitter_misc":{"Escrito por":"Herminio Pi\u00f1eiro","Tiempo de lectura":"2 minutos"},"schema":{"@context":"https:\/\/schema.org","@graph":[{"@type":"Article","@id":"https:\/\/www.pressenza.com\/es\/2020\/11\/covid-19-y-el-totalitarismo-sanitario\/#article","isPartOf":{"@id":"https:\/\/www.pressenza.com\/es\/2020\/11\/covid-19-y-el-totalitarismo-sanitario\/"},"author":{"name":"Herminio Pi\u00f1eiro","@id":"https:\/\/www.pressenza.com\/es\/#\/schema\/person\/ac0bb8cd4a8c43a6af669df358bd15c7"},"headline":"Covid -19 y el Totalitarismo Sanitario","datePublished":"2020-11-21T10:21:25+00:00","dateModified":"2020-11-22T14:41:41+00:00","mainEntityOfPage":{"@id":"https:\/\/www.pressenza.com\/es\/2020\/11\/covid-19-y-el-totalitarismo-sanitario\/"},"wordCount":389,"publisher":{"@id":"https:\/\/www.pressenza.com\/es\/#organization"},"image":{"@id":"https:\/\/www.pressenza.com\/es\/2020\/11\/covid-19-y-el-totalitarismo-sanitario\/#primaryimage"},"thumbnailUrl":"https:\/\/www.pressenza.com\/wp-content\/uploads\/2020\/11\/covid-protests-berlin-2020-1558x900-1.jpg","keywords":["COVID-19 pandemia","medidas restrictivas","nueva ola","vacuna"],"articleSection":["Contenido Original","Europa","Salud"],"inLanguage":"es"},{"@type":"WebPage","@id":"https:\/\/www.pressenza.com\/es\/2020\/11\/covid-19-y-el-totalitarismo-sanitario\/","url":"https:\/\/www.pressenza.com\/es\/2020\/11\/covid-19-y-el-totalitarismo-sanitario\/","name":"Covid -19 y el Totalitarismo Sanitario","isPartOf":{"@id":"https:\/\/www.pressenza.com\/es\/#website"},"primaryImageOfPage":{"@id":"https:\/\/www.pressenza.com\/es\/2020\/11\/covid-19-y-el-totalitarismo-sanitario\/#primaryimage"},"image":{"@id":"https:\/\/www.pressenza.com\/es\/2020\/11\/covid-19-y-el-totalitarismo-sanitario\/#primaryimage"},"thumbnailUrl":"https:\/\/www.pressenza.com\/wp-content\/uploads\/2020\/11\/covid-protests-berlin-2020-1558x900-1.jpg","datePublished":"2020-11-21T10:21:25+00:00","dateModified":"2020-11-22T14:41:41+00:00","description":"Covid-19, coronavirus, pandemia, segunda ola, muertes, infectados, son palabras que escuchamos casi 24 horas al d\u00eda, siete d\u00edas a la semana enunciadas de","breadcrumb":{"@id":"https:\/\/www.pressenza.com\/es\/2020\/11\/covid-19-y-el-totalitarismo-sanitario\/#breadcrumb"},"inLanguage":"es","potentialAction":[{"@type":"ReadAction","target":["https:\/\/www.pressenza.com\/es\/2020\/11\/covid-19-y-el-totalitarismo-sanitario\/"]}]},{"@type":"ImageObject","inLanguage":"es","@id":"https:\/\/www.pressenza.com\/es\/2020\/11\/covid-19-y-el-totalitarismo-sanitario\/#primaryimage","url":"https:\/\/www.pressenza.com\/wp-content\/uploads\/2020\/11\/covid-protests-berlin-2020-1558x900-1.jpg","contentUrl":"https:\/\/www.pressenza.com\/wp-content\/uploads\/2020\/11\/covid-protests-berlin-2020-1558x900-1.jpg","width":1558,"height":900,"caption":"Off-Guardian Org"},{"@type":"BreadcrumbList","@id":"https:\/\/www.pressenza.com\/es\/2020\/11\/covid-19-y-el-totalitarismo-sanitario\/#breadcrumb","itemListElement":[{"@type":"ListItem","position":1,"name":"Accueil","item":"https:\/\/www.pressenza.com\/es\/"},{"@type":"ListItem","position":2,"name":"Covid -19 y el Totalitarismo Sanitario"}]},{"@type":"WebSite","@id":"https:\/\/www.pressenza.com\/es\/#website","url":"https:\/\/www.pressenza.com\/es\/","name":"Pressenza","description":"International Press Agency","publisher":{"@id":"https:\/\/www.pressenza.com\/es\/#organization"},"potentialAction":[{"@type":"SearchAction","target":{"@type":"EntryPoint","urlTemplate":"https:\/\/www.pressenza.com\/es\/?s={search_term_string}"},"query-input":{"@type":"PropertyValueSpecification","valueRequired":true,"valueName":"search_term_string"}}],"inLanguage":"es"},{"@type":"Organization","@id":"https:\/\/www.pressenza.com\/es\/#organization","name":"Pressenza","url":"https:\/\/www.pressenza.com\/es\/","logo":{"@type":"ImageObject","inLanguage":"es","@id":"https:\/\/www.pressenza.com\/es\/#\/schema\/logo\/image\/","url":"https:\/\/www.pressenza.com\/wp-content\/uploads\/2022\/10\/pressenza_logo_200x200.jpg","contentUrl":"https:\/\/www.pressenza.com\/wp-content\/uploads\/2022\/10\/pressenza_logo_200x200.jpg","width":200,"height":200,"caption":"Pressenza"},"image":{"@id":"https:\/\/www.pressenza.com\/es\/#\/schema\/logo\/image\/"},"sameAs":["https:\/\/www.facebook.com\/PressenzaItalia","https:\/\/x.com\/PressenzaIPA"]},{"@type":"Person","@id":"https:\/\/www.pressenza.com\/es\/#\/schema\/person\/ac0bb8cd4a8c43a6af669df358bd15c7","name":"Herminio Pi\u00f1eiro","description":"Herminio Pi\u00f1eiro es fil\u00f3logo e int\u00e9rprete profesional; viene colaborando con Pressenza desde 2015 en calidad de traductor y autor. Actualmente reside en Londres.","url":"https:\/\/www.pressenza.com\/es\/author\/herminio-pineiro\/"}]}},"place":"","original_article_url":"","_links":{"self":[{"href":"https:\/\/www.pressenza.com\/es\/wp-json\/wp\/v2\/posts\/1244087","targetHints":{"allow":["GET"]}}],"collection":[{"href":"https:\/\/www.pressenza.com\/es\/wp-json\/wp\/v2\/posts"}],"about":[{"href":"https:\/\/www.pressenza.com\/es\/wp-json\/wp\/v2\/types\/post"}],"author":[{"embeddable":true,"href":"https:\/\/www.pressenza.com\/es\/wp-json\/wp\/v2\/users\/1386"}],"replies":[{"embeddable":true,"href":"https:\/\/www.pressenza.com\/es\/wp-json\/wp\/v2\/comments?post=1244087"}],"version-history":[{"count":0,"href":"https:\/\/www.pressenza.com\/es\/wp-json\/wp\/v2\/posts\/1244087\/revisions"}],"wp:featuredmedia":[{"embeddable":true,"href":"https:\/\/www.pressenza.com\/es\/wp-json\/wp\/v2\/media\/1244088"}],"wp:attachment":[{"href":"https:\/\/www.pressenza.com\/es\/wp-json\/wp\/v2\/media?parent=1244087"}],"wp:term":[{"taxonomy":"category","embeddable":true,"href":"https:\/\/www.pressenza.com\/es\/wp-json\/wp\/v2\/categories?post=1244087"},{"taxonomy":"post_tag","embeddable":true,"href":"https:\/\/www.pressenza.com\/es\/wp-json\/wp\/v2\/tags?post=1244087"}],"curies":[{"name":"wp","href":"https:\/\/api.w.org\/{rel}","templated":true}]}}