{"id":124360,"date":"2014-08-07T21:45:39","date_gmt":"2014-08-07T20:45:39","guid":{"rendered":"http:\/\/www.pressenza.com\/?p=124360"},"modified":"2014-08-07T22:56:45","modified_gmt":"2014-08-07T21:56:45","slug":"las-arpas-de-la-violencia-iluminaron-el-teatro-alameda-de-malaga","status":"publish","type":"post","link":"https:\/\/www.pressenza.com\/es\/2014\/08\/las-arpas-de-la-violencia-iluminaron-el-teatro-alameda-de-malaga\/","title":{"rendered":"Las arpas de la no violencia iluminaron el Teatro Alameda de M\u00e1laga"},"content":{"rendered":"<p><i><a href=\"http:\/\/http:\/\/www.globatium.com\/las-arpas-de-la-noviolencia-iluminaron-el-aniversario-de-la-bomba-de-hiroshima\/\">Por Globatium<\/a>.-<\/i><strong><i> L<strong><i>a noche del 6 de agosto, a<\/i><\/strong> los 69 a\u00f1os del lanzamiento de la bomba de Hiroshima, m\u00e1ximo exponente de la violencia en la historia de la humanidad, el movimiento impulsado por Mundo sin Guerras y sin Violencia promovi\u00f3 este acto para seguir creando conciencia a favor de la noviolencia activa. El concierto tuvo lugar en el Teatro Alameda de M\u00e1laga.<br \/>\n<\/i><\/strong><\/p>\n<p><em><strong>Una suave m\u00fasica de arpas acompa\u00f1ando a un poema de Silo interpretado por Dora G\u00e1lvez daba apertura al acto, la atm\u00f3sfera llev\u00f3 de forma sorpresiva a una reflexi\u00f3n sobre la acci\u00f3n humana y dio marco a un concierto donde todos se convirtieron en protagonistas. Concluy\u00f3 el acto invitando a todos a un compromiso de reconciliaci\u00f3n y deseando Paz, Fuerza y Alegr\u00eda.<\/strong><\/em><\/p>\n<p>&nbsp;<\/p>\n<p>Y comenz\u00f3 la m\u00fasica, la puesta en escena de las arpas era impresionante y los integrantes de la orquesta dieron un gran nivel, despu\u00e9s de cada interpretaci\u00f3n agradec\u00edan la audici\u00f3n y los aplausos. Una de las directoras presentaba cada pieza dando contexto de qu\u00e9 se trataba.<\/p>\n<p>La m\u00fasica de arpas logr\u00f3 en muchos momentos que el p\u00fablico conectara con los mejores sentimientos, quiz\u00e1s por el motivo del acto, pero la magia apareci\u00f3 y se reflej\u00f3 en la cara de los asistentes, toda una experiencia. M\u00e1laga se merece todo esto y esperamos seguir disfrutando de estas arpas por la noviolencia.<\/p>\n<p>Un intermedio abri\u00f3 la presentaci\u00f3n formal del acto, Hugo Rodr\u00edguez jr. profundiz\u00f3 en los abundantes motivos de hacer \u00ab<em>lo que hacemos. <\/em><i>Este concierto que nos convoca pretende que, a trav\u00e9s de la m\u00fasica, hagamos volar nuestra imaginaci\u00f3n hacia un mundo sin guerras y sin violencia.\u00a0 \u00a1 S\u00ed ! otro mundo es posible\u2026 pero es necesario imaginarlo, representarlo y hasta so\u00f1arlo\u2026 si no, no ser\u00e1 posible\u201d.<\/i><\/p>\n<p>Este concierto adem\u00e1s se enmarca dentro de las actividades, que muchos humanistas llevan a cabo para difundir el Festival de Cine por la Noviolencia Activa (<b>FICNOVA<\/b>), que se realizar\u00e1 en M\u00e1laga en los primeros d\u00edas de octubre, coincidiendo con el D\u00eda Internacional de la No Violencia.<\/p>\n<p><i>\u00abCreemos<\/i> -sigui\u00f3 Rodr\u00edguez- <em>que<\/em>,<i> al igual que la m\u00fasica, el cine puede convertirse en una magn\u00edfica forma de aprender a utilizar la metodolog\u00eda de la no violencia en la resoluci\u00f3n de conflictos, pero \u00bfc\u00f3mo podemos aprender, si la cultura de la violencia se ha instalado como nuestra forma de vivir cotidiana?, \u00bfc\u00f3mo podemos aprender algo nuevo, si lo \u00fanico que mueve nuestra adrenalina es el cine de violencia\u2026 perd\u00f3n de acci\u00f3n?.<\/i><\/p>\n<p><i>\u00a0Es necesario reflexionar, pero tambi\u00e9n es necesario actuar sobre todo esto, crear espacios de di\u00e1logo, propuestas, atm\u00f3sferas inspiradoras\u2026\u00bb<\/i><\/p>\n<p>Para finalizar esta presentaci\u00f3n agradeci\u00f3 a los organizadores RSN de M\u00e1laga (Red Social de Noticias), al Teatro Alameda, al p\u00fablico asistente y muy especialmente a la Orquesta de Arpas de M\u00e1laga, a sus directoras, Mar\u00eda Jes\u00fas Bedoya Ru\u00edz y Lidia del R\u00edo de Miguel, y a todos sus integrantes.<\/p>\n<div><\/div>\n","protected":false},"excerpt":{"rendered":"<p>Por Globatium.- La noche del 6 de agosto, a los 69 a\u00f1os del lanzamiento de la bomba de Hiroshima, m\u00e1ximo exponente de la violencia en la historia de la humanidad, el movimiento impulsado por Mundo sin Guerras y sin Violencia&hellip;<\/p>\n","protected":false},"author":94,"featured_media":124416,"comment_status":"closed","ping_status":"open","sticky":false,"template":"","format":"standard","meta":{"footnotes":""},"categories":[76,79,1240,39,1242,1243],"tags":[1398,11768,6242,3087,383,419,543],"class_list":["post-124360","post","type-post","status-publish","format-standard","has-post-thumbnail","hentry","category-relaciones-exteriores","category-derechos-humanos","category-humanismo-espiritualidad","category-internacional","category-noviolencia-tema","category-paz-desarme","tag-estado-espanol","tag-ficnova","tag-hiroshima-es","tag-mundo-sin-guerras-y-sin-violencia","tag-noviolencia","tag-paz","tag-silo-es"],"yoast_head":"<!-- This site is optimized with the Yoast SEO plugin v27.1.1 - https:\/\/yoast.com\/product\/yoast-seo-wordpress\/ -->\n<title>Las arpas de la no violencia iluminaron el Teatro Alameda de M\u00e1laga<\/title>\n<meta name=\"description\" content=\"Por Globatium.- La noche del 6 de agosto, a los 69 a\u00f1os del lanzamiento de la bomba de Hiroshima, m\u00e1ximo exponente de la violencia en la historia de la\" \/>\n<meta name=\"robots\" content=\"index, follow, max-snippet:-1, max-image-preview:large, max-video-preview:-1\" \/>\n<link rel=\"canonical\" href=\"https:\/\/www.pressenza.com\/es\/2014\/08\/las-arpas-de-la-violencia-iluminaron-el-teatro-alameda-de-malaga\/\" \/>\n<meta property=\"og:locale\" content=\"es_ES\" \/>\n<meta property=\"og:type\" content=\"article\" \/>\n<meta property=\"og:title\" content=\"Las arpas de la no violencia iluminaron el Teatro Alameda de M\u00e1laga\" \/>\n<meta property=\"og:description\" content=\"Por Globatium.- La noche del 6 de agosto, a los 69 a\u00f1os del lanzamiento de la bomba de Hiroshima, m\u00e1ximo exponente de la violencia en la historia de la\" \/>\n<meta property=\"og:url\" content=\"https:\/\/www.pressenza.com\/es\/2014\/08\/las-arpas-de-la-violencia-iluminaron-el-teatro-alameda-de-malaga\/\" \/>\n<meta property=\"og:site_name\" content=\"Pressenza\" \/>\n<meta property=\"article:publisher\" content=\"https:\/\/www.facebook.com\/PressenzaItalia\" \/>\n<meta property=\"article:author\" content=\"https:\/\/www.facebook.com\/pressenza\" \/>\n<meta property=\"article:published_time\" content=\"2014-08-07T20:45:39+00:00\" \/>\n<meta property=\"article:modified_time\" content=\"2014-08-07T21:56:45+00:00\" \/>\n<meta property=\"og:image\" content=\"https:\/\/www.pressenza.com\/wp-content\/uploads\/2014\/08\/Arpas-por-la-Paz.jpg\" \/>\n\t<meta property=\"og:image:width\" content=\"750\" \/>\n\t<meta property=\"og:image:height\" content=\"420\" \/>\n\t<meta property=\"og:image:type\" content=\"image\/jpeg\" \/>\n<meta name=\"author\" content=\"Redacci\u00f3n Madrid\" \/>\n<meta name=\"twitter:card\" content=\"summary_large_image\" \/>\n<meta name=\"twitter:creator\" content=\"@pressenza\" \/>\n<meta name=\"twitter:site\" content=\"@PressenzaIPA\" \/>\n<meta name=\"twitter:label1\" content=\"Escrito por\" \/>\n\t<meta name=\"twitter:data1\" content=\"Redacci\u00f3n Madrid\" \/>\n\t<meta name=\"twitter:label2\" content=\"Tiempo de lectura\" \/>\n\t<meta name=\"twitter:data2\" content=\"3 minutos\" \/>\n<script type=\"application\/ld+json\" class=\"yoast-schema-graph\">{\"@context\":\"https:\/\/schema.org\",\"@graph\":[{\"@type\":\"Article\",\"@id\":\"https:\/\/www.pressenza.com\/es\/2014\/08\/las-arpas-de-la-violencia-iluminaron-el-teatro-alameda-de-malaga\/#article\",\"isPartOf\":{\"@id\":\"https:\/\/www.pressenza.com\/es\/2014\/08\/las-arpas-de-la-violencia-iluminaron-el-teatro-alameda-de-malaga\/\"},\"author\":{\"name\":\"Redacci\u00f3n Madrid\",\"@id\":\"https:\/\/www.pressenza.com\/es\/#\/schema\/person\/828fc40eeca2ad7be3630e5a46adba94\"},\"headline\":\"Las arpas de la no violencia iluminaron el Teatro Alameda de M\u00e1laga\",\"datePublished\":\"2014-08-07T20:45:39+00:00\",\"dateModified\":\"2014-08-07T21:56:45+00:00\",\"mainEntityOfPage\":{\"@id\":\"https:\/\/www.pressenza.com\/es\/2014\/08\/las-arpas-de-la-violencia-iluminaron-el-teatro-alameda-de-malaga\/\"},\"wordCount\":534,\"publisher\":{\"@id\":\"https:\/\/www.pressenza.com\/es\/#organization\"},\"image\":{\"@id\":\"https:\/\/www.pressenza.com\/es\/2014\/08\/las-arpas-de-la-violencia-iluminaron-el-teatro-alameda-de-malaga\/#primaryimage\"},\"thumbnailUrl\":\"https:\/\/www.pressenza.com\/wp-content\/uploads\/2014\/08\/Arpas-por-la-Paz.jpg\",\"keywords\":[\"Estado espa\u00f1ol\",\"FICNOVA\",\"Hiroshima\",\"Mundo sin Guerras y sin Violencia\",\"Noviolencia\",\"Paz\",\"Silo\"],\"articleSection\":[\"Asuntos internacionales\",\"Derechos Humanos\",\"Humanismo y Espiritualidad\",\"Internacional\",\"Noviolencia\",\"Paz y Desarme\"],\"inLanguage\":\"es\"},{\"@type\":\"WebPage\",\"@id\":\"https:\/\/www.pressenza.com\/es\/2014\/08\/las-arpas-de-la-violencia-iluminaron-el-teatro-alameda-de-malaga\/\",\"url\":\"https:\/\/www.pressenza.com\/es\/2014\/08\/las-arpas-de-la-violencia-iluminaron-el-teatro-alameda-de-malaga\/\",\"name\":\"Las arpas de la no violencia iluminaron el Teatro Alameda de M\u00e1laga\",\"isPartOf\":{\"@id\":\"https:\/\/www.pressenza.com\/es\/#website\"},\"primaryImageOfPage\":{\"@id\":\"https:\/\/www.pressenza.com\/es\/2014\/08\/las-arpas-de-la-violencia-iluminaron-el-teatro-alameda-de-malaga\/#primaryimage\"},\"image\":{\"@id\":\"https:\/\/www.pressenza.com\/es\/2014\/08\/las-arpas-de-la-violencia-iluminaron-el-teatro-alameda-de-malaga\/#primaryimage\"},\"thumbnailUrl\":\"https:\/\/www.pressenza.com\/wp-content\/uploads\/2014\/08\/Arpas-por-la-Paz.jpg\",\"datePublished\":\"2014-08-07T20:45:39+00:00\",\"dateModified\":\"2014-08-07T21:56:45+00:00\",\"description\":\"Por Globatium.- La noche del 6 de agosto, a los 69 a\u00f1os del lanzamiento de la bomba de Hiroshima, m\u00e1ximo exponente de la violencia en la historia de la\",\"breadcrumb\":{\"@id\":\"https:\/\/www.pressenza.com\/es\/2014\/08\/las-arpas-de-la-violencia-iluminaron-el-teatro-alameda-de-malaga\/#breadcrumb\"},\"inLanguage\":\"es\",\"potentialAction\":[{\"@type\":\"ReadAction\",\"target\":[\"https:\/\/www.pressenza.com\/es\/2014\/08\/las-arpas-de-la-violencia-iluminaron-el-teatro-alameda-de-malaga\/\"]}]},{\"@type\":\"ImageObject\",\"inLanguage\":\"es\",\"@id\":\"https:\/\/www.pressenza.com\/es\/2014\/08\/las-arpas-de-la-violencia-iluminaron-el-teatro-alameda-de-malaga\/#primaryimage\",\"url\":\"https:\/\/www.pressenza.com\/wp-content\/uploads\/2014\/08\/Arpas-por-la-Paz.jpg\",\"contentUrl\":\"https:\/\/www.pressenza.com\/wp-content\/uploads\/2014\/08\/Arpas-por-la-Paz.jpg\",\"width\":750,\"height\":420},{\"@type\":\"BreadcrumbList\",\"@id\":\"https:\/\/www.pressenza.com\/es\/2014\/08\/las-arpas-de-la-violencia-iluminaron-el-teatro-alameda-de-malaga\/#breadcrumb\",\"itemListElement\":[{\"@type\":\"ListItem\",\"position\":1,\"name\":\"Accueil\",\"item\":\"https:\/\/www.pressenza.com\/es\/\"},{\"@type\":\"ListItem\",\"position\":2,\"name\":\"Las arpas de la no violencia iluminaron el Teatro Alameda de M\u00e1laga\"}]},{\"@type\":\"WebSite\",\"@id\":\"https:\/\/www.pressenza.com\/es\/#website\",\"url\":\"https:\/\/www.pressenza.com\/es\/\",\"name\":\"Pressenza\",\"description\":\"International Press Agency\",\"publisher\":{\"@id\":\"https:\/\/www.pressenza.com\/es\/#organization\"},\"potentialAction\":[{\"@type\":\"SearchAction\",\"target\":{\"@type\":\"EntryPoint\",\"urlTemplate\":\"https:\/\/www.pressenza.com\/es\/?s={search_term_string}\"},\"query-input\":{\"@type\":\"PropertyValueSpecification\",\"valueRequired\":true,\"valueName\":\"search_term_string\"}}],\"inLanguage\":\"es\"},{\"@type\":\"Organization\",\"@id\":\"https:\/\/www.pressenza.com\/es\/#organization\",\"name\":\"Pressenza\",\"url\":\"https:\/\/www.pressenza.com\/es\/\",\"logo\":{\"@type\":\"ImageObject\",\"inLanguage\":\"es\",\"@id\":\"https:\/\/www.pressenza.com\/es\/#\/schema\/logo\/image\/\",\"url\":\"https:\/\/www.pressenza.com\/wp-content\/uploads\/2022\/10\/pressenza_logo_200x200.jpg\",\"contentUrl\":\"https:\/\/www.pressenza.com\/wp-content\/uploads\/2022\/10\/pressenza_logo_200x200.jpg\",\"width\":200,\"height\":200,\"caption\":\"Pressenza\"},\"image\":{\"@id\":\"https:\/\/www.pressenza.com\/es\/#\/schema\/logo\/image\/\"},\"sameAs\":[\"https:\/\/www.facebook.com\/PressenzaItalia\",\"https:\/\/x.com\/PressenzaIPA\"]},{\"@type\":\"Person\",\"@id\":\"https:\/\/www.pressenza.com\/es\/#\/schema\/person\/828fc40eeca2ad7be3630e5a46adba94\",\"name\":\"Redacci\u00f3n Madrid\",\"description\":\"News from the Pressenza Bureau in Madrid, Spain\",\"sameAs\":[\"https:\/\/www.facebook.com\/pressenza\",\"https:\/\/x.com\/pressenza\"],\"url\":\"https:\/\/www.pressenza.com\/es\/author\/redaccion-madrid\/\"}]}<\/script>\n<!-- \/ Yoast SEO plugin. -->","yoast_head_json":{"title":"Las arpas de la no violencia iluminaron el Teatro Alameda de M\u00e1laga","description":"Por Globatium.- La noche del 6 de agosto, a los 69 a\u00f1os del lanzamiento de la bomba de Hiroshima, m\u00e1ximo exponente de la violencia en la historia de la","robots":{"index":"index","follow":"follow","max-snippet":"max-snippet:-1","max-image-preview":"max-image-preview:large","max-video-preview":"max-video-preview:-1"},"canonical":"https:\/\/www.pressenza.com\/es\/2014\/08\/las-arpas-de-la-violencia-iluminaron-el-teatro-alameda-de-malaga\/","og_locale":"es_ES","og_type":"article","og_title":"Las arpas de la no violencia iluminaron el Teatro Alameda de M\u00e1laga","og_description":"Por Globatium.- La noche del 6 de agosto, a los 69 a\u00f1os del lanzamiento de la bomba de Hiroshima, m\u00e1ximo exponente de la violencia en la historia de la","og_url":"https:\/\/www.pressenza.com\/es\/2014\/08\/las-arpas-de-la-violencia-iluminaron-el-teatro-alameda-de-malaga\/","og_site_name":"Pressenza","article_publisher":"https:\/\/www.facebook.com\/PressenzaItalia","article_author":"https:\/\/www.facebook.com\/pressenza","article_published_time":"2014-08-07T20:45:39+00:00","article_modified_time":"2014-08-07T21:56:45+00:00","og_image":[{"width":750,"height":420,"url":"https:\/\/www.pressenza.com\/wp-content\/uploads\/2014\/08\/Arpas-por-la-Paz.jpg","type":"image\/jpeg"}],"author":"Redacci\u00f3n Madrid","twitter_card":"summary_large_image","twitter_creator":"@pressenza","twitter_site":"@PressenzaIPA","twitter_misc":{"Escrito por":"Redacci\u00f3n Madrid","Tiempo de lectura":"3 minutos"},"schema":{"@context":"https:\/\/schema.org","@graph":[{"@type":"Article","@id":"https:\/\/www.pressenza.com\/es\/2014\/08\/las-arpas-de-la-violencia-iluminaron-el-teatro-alameda-de-malaga\/#article","isPartOf":{"@id":"https:\/\/www.pressenza.com\/es\/2014\/08\/las-arpas-de-la-violencia-iluminaron-el-teatro-alameda-de-malaga\/"},"author":{"name":"Redacci\u00f3n Madrid","@id":"https:\/\/www.pressenza.com\/es\/#\/schema\/person\/828fc40eeca2ad7be3630e5a46adba94"},"headline":"Las arpas de la no violencia iluminaron el Teatro Alameda de M\u00e1laga","datePublished":"2014-08-07T20:45:39+00:00","dateModified":"2014-08-07T21:56:45+00:00","mainEntityOfPage":{"@id":"https:\/\/www.pressenza.com\/es\/2014\/08\/las-arpas-de-la-violencia-iluminaron-el-teatro-alameda-de-malaga\/"},"wordCount":534,"publisher":{"@id":"https:\/\/www.pressenza.com\/es\/#organization"},"image":{"@id":"https:\/\/www.pressenza.com\/es\/2014\/08\/las-arpas-de-la-violencia-iluminaron-el-teatro-alameda-de-malaga\/#primaryimage"},"thumbnailUrl":"https:\/\/www.pressenza.com\/wp-content\/uploads\/2014\/08\/Arpas-por-la-Paz.jpg","keywords":["Estado espa\u00f1ol","FICNOVA","Hiroshima","Mundo sin Guerras y sin Violencia","Noviolencia","Paz","Silo"],"articleSection":["Asuntos internacionales","Derechos Humanos","Humanismo y Espiritualidad","Internacional","Noviolencia","Paz y Desarme"],"inLanguage":"es"},{"@type":"WebPage","@id":"https:\/\/www.pressenza.com\/es\/2014\/08\/las-arpas-de-la-violencia-iluminaron-el-teatro-alameda-de-malaga\/","url":"https:\/\/www.pressenza.com\/es\/2014\/08\/las-arpas-de-la-violencia-iluminaron-el-teatro-alameda-de-malaga\/","name":"Las arpas de la no violencia iluminaron el Teatro Alameda de M\u00e1laga","isPartOf":{"@id":"https:\/\/www.pressenza.com\/es\/#website"},"primaryImageOfPage":{"@id":"https:\/\/www.pressenza.com\/es\/2014\/08\/las-arpas-de-la-violencia-iluminaron-el-teatro-alameda-de-malaga\/#primaryimage"},"image":{"@id":"https:\/\/www.pressenza.com\/es\/2014\/08\/las-arpas-de-la-violencia-iluminaron-el-teatro-alameda-de-malaga\/#primaryimage"},"thumbnailUrl":"https:\/\/www.pressenza.com\/wp-content\/uploads\/2014\/08\/Arpas-por-la-Paz.jpg","datePublished":"2014-08-07T20:45:39+00:00","dateModified":"2014-08-07T21:56:45+00:00","description":"Por Globatium.- La noche del 6 de agosto, a los 69 a\u00f1os del lanzamiento de la bomba de Hiroshima, m\u00e1ximo exponente de la violencia en la historia de la","breadcrumb":{"@id":"https:\/\/www.pressenza.com\/es\/2014\/08\/las-arpas-de-la-violencia-iluminaron-el-teatro-alameda-de-malaga\/#breadcrumb"},"inLanguage":"es","potentialAction":[{"@type":"ReadAction","target":["https:\/\/www.pressenza.com\/es\/2014\/08\/las-arpas-de-la-violencia-iluminaron-el-teatro-alameda-de-malaga\/"]}]},{"@type":"ImageObject","inLanguage":"es","@id":"https:\/\/www.pressenza.com\/es\/2014\/08\/las-arpas-de-la-violencia-iluminaron-el-teatro-alameda-de-malaga\/#primaryimage","url":"https:\/\/www.pressenza.com\/wp-content\/uploads\/2014\/08\/Arpas-por-la-Paz.jpg","contentUrl":"https:\/\/www.pressenza.com\/wp-content\/uploads\/2014\/08\/Arpas-por-la-Paz.jpg","width":750,"height":420},{"@type":"BreadcrumbList","@id":"https:\/\/www.pressenza.com\/es\/2014\/08\/las-arpas-de-la-violencia-iluminaron-el-teatro-alameda-de-malaga\/#breadcrumb","itemListElement":[{"@type":"ListItem","position":1,"name":"Accueil","item":"https:\/\/www.pressenza.com\/es\/"},{"@type":"ListItem","position":2,"name":"Las arpas de la no violencia iluminaron el Teatro Alameda de M\u00e1laga"}]},{"@type":"WebSite","@id":"https:\/\/www.pressenza.com\/es\/#website","url":"https:\/\/www.pressenza.com\/es\/","name":"Pressenza","description":"International Press Agency","publisher":{"@id":"https:\/\/www.pressenza.com\/es\/#organization"},"potentialAction":[{"@type":"SearchAction","target":{"@type":"EntryPoint","urlTemplate":"https:\/\/www.pressenza.com\/es\/?s={search_term_string}"},"query-input":{"@type":"PropertyValueSpecification","valueRequired":true,"valueName":"search_term_string"}}],"inLanguage":"es"},{"@type":"Organization","@id":"https:\/\/www.pressenza.com\/es\/#organization","name":"Pressenza","url":"https:\/\/www.pressenza.com\/es\/","logo":{"@type":"ImageObject","inLanguage":"es","@id":"https:\/\/www.pressenza.com\/es\/#\/schema\/logo\/image\/","url":"https:\/\/www.pressenza.com\/wp-content\/uploads\/2022\/10\/pressenza_logo_200x200.jpg","contentUrl":"https:\/\/www.pressenza.com\/wp-content\/uploads\/2022\/10\/pressenza_logo_200x200.jpg","width":200,"height":200,"caption":"Pressenza"},"image":{"@id":"https:\/\/www.pressenza.com\/es\/#\/schema\/logo\/image\/"},"sameAs":["https:\/\/www.facebook.com\/PressenzaItalia","https:\/\/x.com\/PressenzaIPA"]},{"@type":"Person","@id":"https:\/\/www.pressenza.com\/es\/#\/schema\/person\/828fc40eeca2ad7be3630e5a46adba94","name":"Redacci\u00f3n Madrid","description":"News from the Pressenza Bureau in Madrid, Spain","sameAs":["https:\/\/www.facebook.com\/pressenza","https:\/\/x.com\/pressenza"],"url":"https:\/\/www.pressenza.com\/es\/author\/redaccion-madrid\/"}]}},"place":"","original_article_url":"","_links":{"self":[{"href":"https:\/\/www.pressenza.com\/es\/wp-json\/wp\/v2\/posts\/124360","targetHints":{"allow":["GET"]}}],"collection":[{"href":"https:\/\/www.pressenza.com\/es\/wp-json\/wp\/v2\/posts"}],"about":[{"href":"https:\/\/www.pressenza.com\/es\/wp-json\/wp\/v2\/types\/post"}],"author":[{"embeddable":true,"href":"https:\/\/www.pressenza.com\/es\/wp-json\/wp\/v2\/users\/94"}],"replies":[{"embeddable":true,"href":"https:\/\/www.pressenza.com\/es\/wp-json\/wp\/v2\/comments?post=124360"}],"version-history":[{"count":0,"href":"https:\/\/www.pressenza.com\/es\/wp-json\/wp\/v2\/posts\/124360\/revisions"}],"wp:featuredmedia":[{"embeddable":true,"href":"https:\/\/www.pressenza.com\/es\/wp-json\/wp\/v2\/media\/124416"}],"wp:attachment":[{"href":"https:\/\/www.pressenza.com\/es\/wp-json\/wp\/v2\/media?parent=124360"}],"wp:term":[{"taxonomy":"category","embeddable":true,"href":"https:\/\/www.pressenza.com\/es\/wp-json\/wp\/v2\/categories?post=124360"},{"taxonomy":"post_tag","embeddable":true,"href":"https:\/\/www.pressenza.com\/es\/wp-json\/wp\/v2\/tags?post=124360"}],"curies":[{"name":"wp","href":"https:\/\/api.w.org\/{rel}","templated":true}]}}