{"id":1243,"date":"2009-09-07T00:00:00","date_gmt":"2009-09-07T00:00:00","guid":{"rendered":""},"modified":"2009-09-07T17:13:25","modified_gmt":"2009-09-07T17:13:25","slug":"en-medio-de-creciente-crisisx-uribe-va-por-el-tercer-mandato","status":"publish","type":"post","link":"https:\/\/www.pressenza.com\/es\/2009\/09\/en-medio-de-creciente-crisisx-uribe-va-por-el-tercer-mandato\/","title":{"rendered":"En medio de creciente crisis, Uribe va por el tercer mandato"},"content":{"rendered":"<p>En 2002 fue elegido el presidente \u00c1lvaro Uribe por mayor\u00eda absoluta, no fue necesaria la segunda ronda. Uribe hab\u00eda prometido superar la corrupci\u00f3n y la guerra interna como los principales males que perjudican al pa\u00eds. Su trayectoria anterior hab\u00eda sido muy controvertida, como director de la Aerona\u00fatica Civil se le acus\u00f3 de dar licencias a pistas y aeronaves del narcotr\u00e1fico, fue tambi\u00e9n alcalde de Medell\u00edn, congresista y gobernador de Antioquia donde se critic\u00f3 fuertemente su pol\u00edtica de seguridad basada en la creaci\u00f3n de cooperativas armadas, llamadas Convivir, al estilo de las rondas campesinas del Per\u00fa. Estas \u00abcooperativas fueron clausuradas y buena parte de sus miembros pasaron a engrosar las filas de los paramilitares.<\/p>\n<p>Durante su primer cuatrenio Uribe pareci\u00f3 dar muestras de cumplir con las metas que se hab\u00eda propuesto. Cada d\u00eda los medios de comunciaci\u00f3n mostraban cientos de detenidos, de guerrilleros abatidos en combate. Las carreteras volvieron a ser transitables y las clases sociales m\u00e1s acaudaladas pudieron volver a visitar sus propiedades rurales, al tiempo los indicadores econ\u00f3micos se mantuvieron crecientes. La constituci\u00f3n fue reformada y en 2006, con m\u00e1s de 7 millones de votos, m\u00e1s del doble de su rival m\u00e1s cercano, Uribe volvi\u00f3 a ganar las elecciones.<\/p>\n<p>Ya desde su primer mandato se hab\u00edan se\u00f1alado muchos problemas en las estrategias del gobierno Uribe y en especial en la pol\u00edtica de \u00abSeguridad Democr\u00e1tica\u00bb, plan bandera de la administraci\u00f3n. Sin embargo la gran prensa y buena parte de la opini\u00f3n desestimaron estas cr\u00edticas consideradas como una forma de hacer oposici\u00f3n.<\/p>\n<p>Sin embargo en los \u00faltimos meses, las cr\u00edticas al gobierno no provienen \u00fanicamente de la oposici\u00f3n sino de creciente n\u00famero de colombianos y colombianas. Cada vez son m\u00e1s los ciudadanos decepcionados con la forma en que el actual gobierno est\u00e1 manejando el pa\u00eds.<\/p>\n<p>Los indicadores econ\u00f3micos ya no son tan sonoros y tan exitosos, en especial en el tema del empleo. M\u00e1s de tres millones de personas no tienen empleo en Colombia, 21 millones se encuentran por debajo de la l\u00ednea de pobreza y 8 millones en la miseria, es decir sin capacidad para suplir unos m\u00ednimos est\u00e1ndares de dignidad humana. Estos datos son especialmente graves en las zonas rurales y con los grupos \u00e9ticos -que siendo apenas el 3,4% de la poblaci\u00f3n total del pa\u00eds, representan el 12% de la poblaci\u00f3n desplazada- y los afrocolombianos, en especial quienes habitan el corredor pac\u00edfico.<\/p>\n<p>En la pol\u00edtica internacional, muchos juzgan la reciente concesi\u00f3n de acceso a bases colombianas para los militares norteamericanos, como una forma de mantener el papel de aliado clave que tuvo el gobierno de Colombia en tiempos de Bush. En el contexto latinoamericano Colombia est\u00e1 apostando claramente por una agenda contraria a la mayor parte de los pa\u00edses latinoamericanos y despu\u00e9s de la agresi\u00f3n al territorio ecuatoriano para atacar un campamento guerrillero en marzo de 2008, las relaciones con Ecuador y Venezuela son tensas e inestables.<\/p>\n<p>A nivel interno la pol\u00edtica de seguridad democr\u00e1tica muestra graves falencias, la guerrilla que Uribe dijo poder derrotar en pocos meses despu\u00e9s de siete a\u00f1os, si bien ha perdido parte de su capacidad ofensiva, sigue existiendo y manteniendo rehenes y el control sobre algunos territorios, donde act\u00faa como estado. De otro lado los paramilitares, que se supone se hab\u00edan desmovilizado en el primer gobierno de Uribe, siguen actuando y teniendo un claro control sobre extensos territorios de Colombia.<\/p>\n<p>Aunque la mayor parte de los jefes paramilitares se hallan detenidos, y algunos de ellos fueron extraditados a los Estados Unidos, su influencia es aun muy clara, a comienzos del presente a\u00f1o en m\u00e1s de 20 ciudades aparecieron panfletos amenazando a los j\u00f3venes de los barrios populares firmados por \u00abla organizaci\u00f3n\u00bb y con claras referencias al paramilitarismo.<\/p>\n<p>La extradici\u00f3n de los jefes de paramilitarismo fue para muchos de ellos un premio, ya que en vez de ser juzgados por cr\u00edmenes de lesa humanidad, como las cientos de horribles masacres, los asesinatos selectivos y el terrorismo, est\u00e1n siendo juzgados por tr\u00e1fico de drogas y lavado de dinero y negociando sus penas con las autoridades norteamericanas.<\/p>\n<p>M\u00e1s de 70 congresistas y funcionarios de diversas instancias del gobierno han sido detenidos por sus v\u00ednculos con el paramilitarismo, sin embargo su proyecto pol\u00edtico, sigue ejerciendo un claro poder, favoreciendo los intereses de quienes tradicionalmente lo han detentado. <\/p>\n<p>Una superficie equivalente a la mitad del territorio de Suiza ha sido evacuada forzando a sus leg\u00edtimos due\u00f1os ha formar parte de los cuatro millones de desplazados que hay se agolpan en las ciudades sin trabajo estable, ni soluciones concretas. Buena parte de esos terrenos est\u00e1n siendo utilizados en cultivos muy rentables manejados por grandes capitales, como el de palma africana, vinculado a la producci\u00f3n de biodiesel.<\/p>\n<p>En el tema de la lucha contra la corrupci\u00f3n, el desempe\u00f1o del presidente Uribe ha sido totalmente contrario a las promesas de campa\u00f1a. Las investigaciones de Corte Suprema de Justicia han mostrado que el cambio constitucional que permiti\u00f3 su reelecci\u00f3n estuvo viciado de actos de corrupci\u00f3n, varios congresistas recibieron puestos diplom\u00e1ticos y notar\u00edas como recompensas por sus votos a favor del cambio, incluso el padre un magistrado de la Corte Constitucional fue nombrado embajador.<\/p>\n<p>De otro lado, los hijos del presidente Tom\u00e1s y Jer\u00f3nimo Uribe (conocidos como Tom y Jerry), se beneficiaron en un negocio privado gracias a coincidenciales decisiones de varias instancias del gobierno que hicieron que unos terrenos que hab\u00edan comprado se hicieran m\u00e1s de mil veces m\u00e1s caros cuando fueron declarados zona franca por las autoridades nacionales.<\/p>\n<p>Las investigaciones a los congresistas detenidos han mostrado que parte del pacto con el narcotr\u00e1fico inclu\u00eda el apoyo electoral armado, lo que ha cuestionado la legitimidad de la abrumadora votaci\u00f3n que recibi\u00f3 Uribe en 2006.<\/p>\n<p>De otro lado, las detenciones de la Seguridad Democr\u00e1tica con mucha frecuencia tienen que dejar libres a las personas a quienes se les ha inculpado m\u00e1s por sus posturas pol\u00edticas que por su real participaci\u00f3n en actividades insurgentes. A esto se le suma una clara pol\u00edtica de seguimiento y espionaje a todas las personas y organizaciones cr\u00edticas del gobierno, desde ONGs hasta la Corte Suprema de Justicia, todas estas operaciones realizadas con fondos estatales y desde las oficinas de la polic\u00eda secreta DAS, que responde unicamente al presidente.<\/p>\n<p>La corrupci\u00f3n en el DAS ha sido tal que sus \u00faltimos directores (todos los que Uribe ha nombrado) se encuentran presos o investigados. Jorge Noguera el primero de ellos fue acusado de entregar a los paramilitares listas y datos claves de sindicalistas que deb\u00edan ser asesinados. En la semana anterior tambi\u00e9n se conoci\u00f3 que el mismo Noguera estuvo en M\u00e9xico y Estados Unidos, como funcionario del gobierno y con gastos pagos por el erario, haciendo tratos con narcotraficantes de esos pa\u00edses. Al interior del DAS se llam\u00f3 esta actividad el cartel de las tres letras.<\/p>\n<p>El fen\u00f3meno de Uribe en Colombia es comparado cada vez m\u00e1s con el de Fujimori en Per\u00fa. Un l\u00edder de mano fuerte que llega al poder present\u00e1ndose como independiente, enemigo de la corrupci\u00f3n y el \u00fanico capaz de vencer la guerrilla, con algunos resultados espectaculares al principio que llenan de esperanza a las mayor\u00edas pero con una enorme y corrupta estrategia de permanencia en el poder.<\/p>\n<p>Cada vez son m\u00e1s las voces que alertan sobre la posibilidad que Uribe decida permanecer en el poder de cualquier forma, incluso si el referendo re-reeleccionista no es aprobado o no es votado. Es tanto lo que tiene por ocultar en estos a\u00f1os que para \u00e9l ya resulta muy peligroso separarse del poder.<\/p>\n","protected":false},"excerpt":{"rendered":"<p>La semana pasada la C\u00e1mara de Representantes dio la aprobaci\u00f3n a la convocatoria a un referendo que permitir\u00eda que el presidente \u00c1lvaro Uribe sea elegido por tercera vez consecutiva como jefe de estado en Colombia. Esta decisi\u00f3n contribuye a profundizar la polarizaci\u00f3n pol\u00edtica y la profunda crisis institucional que siete a\u00f1os de Gobierno de Uribe han tra\u00eddo.<\/p>\n","protected":false},"author":19,"featured_media":0,"comment_status":"closed","ping_status":"open","sticky":false,"template":"","format":"standard","meta":{"footnotes":""},"categories":[74,67],"tags":[],"class_list":["post-1243","post","type-post","status-publish","format-standard","hentry","category-politica-es","category-sudamerica"],"yoast_head":"<!-- This site is optimized with the Yoast SEO plugin v27.1.1 - https:\/\/yoast.com\/product\/yoast-seo-wordpress\/ -->\n<title>En medio de creciente crisis, Uribe va por el tercer mandato<\/title>\n<meta name=\"description\" content=\"La semana pasada la C\u00e1mara de Representantes dio la aprobaci\u00f3n a la convocatoria a un referendo que permitir\u00eda que el presidente \u00c1lvaro Uribe sea elegido por tercera vez consecutiva como jefe de estado en Colombia. Esta decisi\u00f3n contribuye a profundizar la polarizaci\u00f3n pol\u00edtica y la profunda crisis institucional que siete a\u00f1os de Gobierno de Uribe han tra\u00eddo.\" \/>\n<meta name=\"robots\" content=\"index, follow, max-snippet:-1, max-image-preview:large, max-video-preview:-1\" \/>\n<link rel=\"canonical\" href=\"https:\/\/www.pressenza.com\/es\/2009\/09\/en-medio-de-creciente-crisisx-uribe-va-por-el-tercer-mandato\/\" \/>\n<meta property=\"og:locale\" content=\"es_ES\" \/>\n<meta property=\"og:type\" content=\"article\" \/>\n<meta property=\"og:title\" content=\"En medio de creciente crisis, Uribe va por el tercer mandato\" \/>\n<meta property=\"og:description\" content=\"La semana pasada la C\u00e1mara de Representantes dio la aprobaci\u00f3n a la convocatoria a un referendo que permitir\u00eda que el presidente \u00c1lvaro Uribe sea elegido por tercera vez consecutiva como jefe de estado en Colombia. Esta decisi\u00f3n contribuye a profundizar la polarizaci\u00f3n pol\u00edtica y la profunda crisis institucional que siete a\u00f1os de Gobierno de Uribe han tra\u00eddo.\" \/>\n<meta property=\"og:url\" content=\"https:\/\/www.pressenza.com\/es\/2009\/09\/en-medio-de-creciente-crisisx-uribe-va-por-el-tercer-mandato\/\" \/>\n<meta property=\"og:site_name\" content=\"Pressenza\" \/>\n<meta property=\"article:publisher\" content=\"https:\/\/www.facebook.com\/PressenzaItalia\" \/>\n<meta property=\"article:author\" content=\"https:\/\/www.facebook.com\/pressenza\" \/>\n<meta property=\"article:published_time\" content=\"2009-09-07T00:00:00+00:00\" \/>\n<meta property=\"article:modified_time\" content=\"2009-09-07T17:13:25+00:00\" \/>\n<meta name=\"author\" content=\"Pressenza IPA\" \/>\n<meta name=\"twitter:card\" content=\"summary_large_image\" \/>\n<meta name=\"twitter:creator\" content=\"@PressenzaIPA\" \/>\n<meta name=\"twitter:site\" content=\"@PressenzaIPA\" \/>\n<meta name=\"twitter:label1\" content=\"Escrito por\" \/>\n\t<meta name=\"twitter:data1\" content=\"Pressenza IPA\" \/>\n\t<meta name=\"twitter:label2\" content=\"Tiempo de lectura\" \/>\n\t<meta name=\"twitter:data2\" content=\"7 minutos\" \/>\n<script type=\"application\/ld+json\" class=\"yoast-schema-graph\">{\"@context\":\"https:\/\/schema.org\",\"@graph\":[{\"@type\":\"Article\",\"@id\":\"https:\/\/www.pressenza.com\/es\/2009\/09\/en-medio-de-creciente-crisisx-uribe-va-por-el-tercer-mandato\/#article\",\"isPartOf\":{\"@id\":\"https:\/\/www.pressenza.com\/es\/2009\/09\/en-medio-de-creciente-crisisx-uribe-va-por-el-tercer-mandato\/\"},\"author\":{\"name\":\"Pressenza IPA\",\"@id\":\"https:\/\/www.pressenza.com\/es\/#\/schema\/person\/010e5d02bcf40965427a1289a4cc8d75\"},\"headline\":\"En medio de creciente crisis, Uribe va por el tercer mandato\",\"datePublished\":\"2009-09-07T00:00:00+00:00\",\"dateModified\":\"2009-09-07T17:13:25+00:00\",\"mainEntityOfPage\":{\"@id\":\"https:\/\/www.pressenza.com\/es\/2009\/09\/en-medio-de-creciente-crisisx-uribe-va-por-el-tercer-mandato\/\"},\"wordCount\":1347,\"publisher\":{\"@id\":\"https:\/\/www.pressenza.com\/es\/#organization\"},\"articleSection\":[\"Pol\u00edtica\",\"Sudam\u00e9rica\"],\"inLanguage\":\"es\"},{\"@type\":\"WebPage\",\"@id\":\"https:\/\/www.pressenza.com\/es\/2009\/09\/en-medio-de-creciente-crisisx-uribe-va-por-el-tercer-mandato\/\",\"url\":\"https:\/\/www.pressenza.com\/es\/2009\/09\/en-medio-de-creciente-crisisx-uribe-va-por-el-tercer-mandato\/\",\"name\":\"En medio de creciente crisis, Uribe va por el tercer mandato\",\"isPartOf\":{\"@id\":\"https:\/\/www.pressenza.com\/es\/#website\"},\"datePublished\":\"2009-09-07T00:00:00+00:00\",\"dateModified\":\"2009-09-07T17:13:25+00:00\",\"description\":\"La semana pasada la C\u00e1mara de Representantes dio la aprobaci\u00f3n a la convocatoria a un referendo que permitir\u00eda que el presidente \u00c1lvaro Uribe sea elegido por tercera vez consecutiva como jefe de estado en Colombia. Esta decisi\u00f3n contribuye a profundizar la polarizaci\u00f3n pol\u00edtica y la profunda crisis institucional que siete a\u00f1os de Gobierno de Uribe han tra\u00eddo.\",\"breadcrumb\":{\"@id\":\"https:\/\/www.pressenza.com\/es\/2009\/09\/en-medio-de-creciente-crisisx-uribe-va-por-el-tercer-mandato\/#breadcrumb\"},\"inLanguage\":\"es\",\"potentialAction\":[{\"@type\":\"ReadAction\",\"target\":[\"https:\/\/www.pressenza.com\/es\/2009\/09\/en-medio-de-creciente-crisisx-uribe-va-por-el-tercer-mandato\/\"]}]},{\"@type\":\"BreadcrumbList\",\"@id\":\"https:\/\/www.pressenza.com\/es\/2009\/09\/en-medio-de-creciente-crisisx-uribe-va-por-el-tercer-mandato\/#breadcrumb\",\"itemListElement\":[{\"@type\":\"ListItem\",\"position\":1,\"name\":\"Accueil\",\"item\":\"https:\/\/www.pressenza.com\/es\/\"},{\"@type\":\"ListItem\",\"position\":2,\"name\":\"En medio de creciente crisis, Uribe va por el tercer mandato\"}]},{\"@type\":\"WebSite\",\"@id\":\"https:\/\/www.pressenza.com\/es\/#website\",\"url\":\"https:\/\/www.pressenza.com\/es\/\",\"name\":\"Pressenza\",\"description\":\"International Press Agency\",\"publisher\":{\"@id\":\"https:\/\/www.pressenza.com\/es\/#organization\"},\"potentialAction\":[{\"@type\":\"SearchAction\",\"target\":{\"@type\":\"EntryPoint\",\"urlTemplate\":\"https:\/\/www.pressenza.com\/es\/?s={search_term_string}\"},\"query-input\":{\"@type\":\"PropertyValueSpecification\",\"valueRequired\":true,\"valueName\":\"search_term_string\"}}],\"inLanguage\":\"es\"},{\"@type\":\"Organization\",\"@id\":\"https:\/\/www.pressenza.com\/es\/#organization\",\"name\":\"Pressenza\",\"url\":\"https:\/\/www.pressenza.com\/es\/\",\"logo\":{\"@type\":\"ImageObject\",\"inLanguage\":\"es\",\"@id\":\"https:\/\/www.pressenza.com\/es\/#\/schema\/logo\/image\/\",\"url\":\"https:\/\/www.pressenza.com\/wp-content\/uploads\/2022\/10\/pressenza_logo_200x200.jpg\",\"contentUrl\":\"https:\/\/www.pressenza.com\/wp-content\/uploads\/2022\/10\/pressenza_logo_200x200.jpg\",\"width\":200,\"height\":200,\"caption\":\"Pressenza\"},\"image\":{\"@id\":\"https:\/\/www.pressenza.com\/es\/#\/schema\/logo\/image\/\"},\"sameAs\":[\"https:\/\/www.facebook.com\/PressenzaItalia\",\"https:\/\/x.com\/PressenzaIPA\"]},{\"@type\":\"Person\",\"@id\":\"https:\/\/www.pressenza.com\/es\/#\/schema\/person\/010e5d02bcf40965427a1289a4cc8d75\",\"name\":\"Pressenza IPA\",\"description\":\"News from Pressenza IPA correspondents\",\"sameAs\":[\"https:\/\/www.facebook.com\/pressenza\",\"https:\/\/x.com\/PressenzaIPA\"],\"url\":\"https:\/\/www.pressenza.com\/es\/author\/pressenza-ipa\/\"}]}<\/script>\n<!-- \/ Yoast SEO plugin. -->","yoast_head_json":{"title":"En medio de creciente crisis, Uribe va por el tercer mandato","description":"La semana pasada la C\u00e1mara de Representantes dio la aprobaci\u00f3n a la convocatoria a un referendo que permitir\u00eda que el presidente \u00c1lvaro Uribe sea elegido por tercera vez consecutiva como jefe de estado en Colombia. Esta decisi\u00f3n contribuye a profundizar la polarizaci\u00f3n pol\u00edtica y la profunda crisis institucional que siete a\u00f1os de Gobierno de Uribe han tra\u00eddo.","robots":{"index":"index","follow":"follow","max-snippet":"max-snippet:-1","max-image-preview":"max-image-preview:large","max-video-preview":"max-video-preview:-1"},"canonical":"https:\/\/www.pressenza.com\/es\/2009\/09\/en-medio-de-creciente-crisisx-uribe-va-por-el-tercer-mandato\/","og_locale":"es_ES","og_type":"article","og_title":"En medio de creciente crisis, Uribe va por el tercer mandato","og_description":"La semana pasada la C\u00e1mara de Representantes dio la aprobaci\u00f3n a la convocatoria a un referendo que permitir\u00eda que el presidente \u00c1lvaro Uribe sea elegido por tercera vez consecutiva como jefe de estado en Colombia. Esta decisi\u00f3n contribuye a profundizar la polarizaci\u00f3n pol\u00edtica y la profunda crisis institucional que siete a\u00f1os de Gobierno de Uribe han tra\u00eddo.","og_url":"https:\/\/www.pressenza.com\/es\/2009\/09\/en-medio-de-creciente-crisisx-uribe-va-por-el-tercer-mandato\/","og_site_name":"Pressenza","article_publisher":"https:\/\/www.facebook.com\/PressenzaItalia","article_author":"https:\/\/www.facebook.com\/pressenza","article_published_time":"2009-09-07T00:00:00+00:00","article_modified_time":"2009-09-07T17:13:25+00:00","author":"Pressenza IPA","twitter_card":"summary_large_image","twitter_creator":"@PressenzaIPA","twitter_site":"@PressenzaIPA","twitter_misc":{"Escrito por":"Pressenza IPA","Tiempo de lectura":"7 minutos"},"schema":{"@context":"https:\/\/schema.org","@graph":[{"@type":"Article","@id":"https:\/\/www.pressenza.com\/es\/2009\/09\/en-medio-de-creciente-crisisx-uribe-va-por-el-tercer-mandato\/#article","isPartOf":{"@id":"https:\/\/www.pressenza.com\/es\/2009\/09\/en-medio-de-creciente-crisisx-uribe-va-por-el-tercer-mandato\/"},"author":{"name":"Pressenza IPA","@id":"https:\/\/www.pressenza.com\/es\/#\/schema\/person\/010e5d02bcf40965427a1289a4cc8d75"},"headline":"En medio de creciente crisis, Uribe va por el tercer mandato","datePublished":"2009-09-07T00:00:00+00:00","dateModified":"2009-09-07T17:13:25+00:00","mainEntityOfPage":{"@id":"https:\/\/www.pressenza.com\/es\/2009\/09\/en-medio-de-creciente-crisisx-uribe-va-por-el-tercer-mandato\/"},"wordCount":1347,"publisher":{"@id":"https:\/\/www.pressenza.com\/es\/#organization"},"articleSection":["Pol\u00edtica","Sudam\u00e9rica"],"inLanguage":"es"},{"@type":"WebPage","@id":"https:\/\/www.pressenza.com\/es\/2009\/09\/en-medio-de-creciente-crisisx-uribe-va-por-el-tercer-mandato\/","url":"https:\/\/www.pressenza.com\/es\/2009\/09\/en-medio-de-creciente-crisisx-uribe-va-por-el-tercer-mandato\/","name":"En medio de creciente crisis, Uribe va por el tercer mandato","isPartOf":{"@id":"https:\/\/www.pressenza.com\/es\/#website"},"datePublished":"2009-09-07T00:00:00+00:00","dateModified":"2009-09-07T17:13:25+00:00","description":"La semana pasada la C\u00e1mara de Representantes dio la aprobaci\u00f3n a la convocatoria a un referendo que permitir\u00eda que el presidente \u00c1lvaro Uribe sea elegido por tercera vez consecutiva como jefe de estado en Colombia. Esta decisi\u00f3n contribuye a profundizar la polarizaci\u00f3n pol\u00edtica y la profunda crisis institucional que siete a\u00f1os de Gobierno de Uribe han tra\u00eddo.","breadcrumb":{"@id":"https:\/\/www.pressenza.com\/es\/2009\/09\/en-medio-de-creciente-crisisx-uribe-va-por-el-tercer-mandato\/#breadcrumb"},"inLanguage":"es","potentialAction":[{"@type":"ReadAction","target":["https:\/\/www.pressenza.com\/es\/2009\/09\/en-medio-de-creciente-crisisx-uribe-va-por-el-tercer-mandato\/"]}]},{"@type":"BreadcrumbList","@id":"https:\/\/www.pressenza.com\/es\/2009\/09\/en-medio-de-creciente-crisisx-uribe-va-por-el-tercer-mandato\/#breadcrumb","itemListElement":[{"@type":"ListItem","position":1,"name":"Accueil","item":"https:\/\/www.pressenza.com\/es\/"},{"@type":"ListItem","position":2,"name":"En medio de creciente crisis, Uribe va por el tercer mandato"}]},{"@type":"WebSite","@id":"https:\/\/www.pressenza.com\/es\/#website","url":"https:\/\/www.pressenza.com\/es\/","name":"Pressenza","description":"International Press Agency","publisher":{"@id":"https:\/\/www.pressenza.com\/es\/#organization"},"potentialAction":[{"@type":"SearchAction","target":{"@type":"EntryPoint","urlTemplate":"https:\/\/www.pressenza.com\/es\/?s={search_term_string}"},"query-input":{"@type":"PropertyValueSpecification","valueRequired":true,"valueName":"search_term_string"}}],"inLanguage":"es"},{"@type":"Organization","@id":"https:\/\/www.pressenza.com\/es\/#organization","name":"Pressenza","url":"https:\/\/www.pressenza.com\/es\/","logo":{"@type":"ImageObject","inLanguage":"es","@id":"https:\/\/www.pressenza.com\/es\/#\/schema\/logo\/image\/","url":"https:\/\/www.pressenza.com\/wp-content\/uploads\/2022\/10\/pressenza_logo_200x200.jpg","contentUrl":"https:\/\/www.pressenza.com\/wp-content\/uploads\/2022\/10\/pressenza_logo_200x200.jpg","width":200,"height":200,"caption":"Pressenza"},"image":{"@id":"https:\/\/www.pressenza.com\/es\/#\/schema\/logo\/image\/"},"sameAs":["https:\/\/www.facebook.com\/PressenzaItalia","https:\/\/x.com\/PressenzaIPA"]},{"@type":"Person","@id":"https:\/\/www.pressenza.com\/es\/#\/schema\/person\/010e5d02bcf40965427a1289a4cc8d75","name":"Pressenza IPA","description":"News from Pressenza IPA correspondents","sameAs":["https:\/\/www.facebook.com\/pressenza","https:\/\/x.com\/PressenzaIPA"],"url":"https:\/\/www.pressenza.com\/es\/author\/pressenza-ipa\/"}]}},"place":"Bogot\u00e1","original_article_url":"","_links":{"self":[{"href":"https:\/\/www.pressenza.com\/es\/wp-json\/wp\/v2\/posts\/1243","targetHints":{"allow":["GET"]}}],"collection":[{"href":"https:\/\/www.pressenza.com\/es\/wp-json\/wp\/v2\/posts"}],"about":[{"href":"https:\/\/www.pressenza.com\/es\/wp-json\/wp\/v2\/types\/post"}],"author":[{"embeddable":true,"href":"https:\/\/www.pressenza.com\/es\/wp-json\/wp\/v2\/users\/19"}],"replies":[{"embeddable":true,"href":"https:\/\/www.pressenza.com\/es\/wp-json\/wp\/v2\/comments?post=1243"}],"version-history":[{"count":0,"href":"https:\/\/www.pressenza.com\/es\/wp-json\/wp\/v2\/posts\/1243\/revisions"}],"wp:attachment":[{"href":"https:\/\/www.pressenza.com\/es\/wp-json\/wp\/v2\/media?parent=1243"}],"wp:term":[{"taxonomy":"category","embeddable":true,"href":"https:\/\/www.pressenza.com\/es\/wp-json\/wp\/v2\/categories?post=1243"},{"taxonomy":"post_tag","embeddable":true,"href":"https:\/\/www.pressenza.com\/es\/wp-json\/wp\/v2\/tags?post=1243"}],"curies":[{"name":"wp","href":"https:\/\/api.w.org\/{rel}","templated":true}]}}