{"id":1242285,"date":"2020-11-18T16:02:47","date_gmt":"2020-11-18T16:02:47","guid":{"rendered":"https:\/\/www.pressenza.com\/?p=1242285"},"modified":"2020-11-18T16:10:34","modified_gmt":"2020-11-18T16:10:34","slug":"alerta-en-colombia-por-recrudecimiento-de-la-violencia","status":"publish","type":"post","link":"https:\/\/www.pressenza.com\/es\/2020\/11\/alerta-en-colombia-por-recrudecimiento-de-la-violencia\/","title":{"rendered":"Alerta en Colombia por recrudecimiento de la violencia"},"content":{"rendered":"<p><em><span style=\"font-weight: 400;\">En Colombia, sumado a la crisis generada por la pandemia y los desastres naturales, la violencia no da tregua y se recrudece cada d\u00eda m\u00e1s en contra de l\u00edderes sociales y excombatientes de las FARC. Durante el fin de semana anterior se presentaron hechos muy lamentables en t\u00e9rminos de p\u00e9rdida de vidas humanas, que se sumaron a las registradas en el mes de octubre y a los dem\u00e1s hechos, como amenazas y atentados a l\u00edderes sociales y pol\u00edticos, entre ellos contra el Senador de la Rep\u00fablica Feliciano Valencia, l\u00edder ind\u00edgena Nasa,\u00a0 quien en menos de dos semanas sufri\u00f3 dos atentados.<\/span><\/em><\/p>\n<p><strong>Por: Zenaida Espinosa Cabrera<\/strong><\/p>\n<p><b>Viernes 13 de noviembre<\/b><span style=\"font-weight: 400;\">: Se present\u00f3 una masacre en Tierra Alta (C\u00f3rdoba) donde fue asesinada la Lideresa Onilda Mar\u00eda D\u00edaz Urango, junto a su esposo James Correa y su hija Luisa Fernanda Correa.\u00a0 Onilda Mar\u00eda era una lideresa inscrita en el programa\u00a0 Nacional Integral de Sustituci\u00f3n de cultivos il\u00edcitos (PNIS) y la familia hace parte de la Junta de Acci\u00f3n Comunal de la vereda Llanos del Tigre.\u00a0\u00a0<\/span><\/p>\n<p><b>S\u00e1bado 14 de noviembre<\/b><span style=\"font-weight: 400;\">: Asesinado un excombatiente de la FARC, firmante de los Acuerdos de Paz, Heiner Cuesta Mena, en el corregimiento de Negu\u00e1, Municipio de Quibd\u00f3, Departamento del Choc\u00f3. Mientras tanto, el partido pol\u00edtico Fuerza Alternativa Revolucionaria (FARC) denunci\u00f3 a trav\u00e9s de su cuenta de Twitter que, con la muerte de Cuesta Mena, asciende a 239 el n\u00famero de ex guerrilleros asesinados desde que se firm\u00f3 el Acuerdo de Paz, en noviembre de 2016.<\/span><\/p>\n<p><span style=\"font-weight: 400;\">Este mismo d\u00eda se present\u00f3 un doble asesinato en el corregimiento de San Juan de Micay en el\u00a0 Tambo, departamento del Cauca, donde perdieron la vida Rigoberto\u00a0 Camilo Caicedo y Helena Johana Yale Mu\u00f1oz, miembros de la comunidad afro descendiente de la vereda Recogedero.<\/span><\/p>\n<p><b>Domingo 15 de noviembre:<\/b><span style=\"font-weight: 400;\"> Tres hechos enlutan de nuevo al pa\u00eds en este mismo d\u00eda. <\/span><b>\u00a0<\/b><span style=\"font-weight: 400;\">En el Departamento del Caquet\u00e1, fue asesinado otro firmante de los Acuerdos de Paz, Jorge Ria\u00f1os, quien fue abordado por hombres armados que llegaron hasta el lugar donde se encontraba en la ciudad de Florencia, capital del departamento del Caquet\u00e1.<\/span><\/p>\n<p><span style=\"font-weight: 400;\">En Puerto Guzm\u00e1n, Municipio del Departamento del Putumayo fue asesinada la lideresa comunal y actual concejal de este Municipio, Neriet Penna, junto a su esposo Enod L\u00f3pez Bergano, firmante del Acuerdo de Paz. En el mismo hecho resultaron heridos sus dos, que fueron trasladados a centros hospitalarios. Penna hab\u00eda sido presidenta de la Junta de Acci\u00f3n Comunal de la Inspecci\u00f3n de Galilea y hab\u00eda formado parte del Concejo Municipal de Planeaci\u00f3n Participativa de la localidad.<\/span><\/p>\n<p><span style=\"font-weight: 400;\">Este tr\u00e1gico fin de semana, finaliz\u00f3 con el asesinato de dos menores de 14 y 17 en el Departamento del Huila, en medio de un ret\u00e9n militar. Los hechos \u201cse dan en medio de labores de registro y control realizadas en la vereda Palmar de Obando del Municipio de San Agust\u00edn, al sur del Huila, sitio donde fue instalado un puesto de control\u201d expres\u00f3 la Instituci\u00f3n Castrense.<\/span><\/p>\n<p><span style=\"font-weight: 400;\">Cabe de anotar que a finales del mes de octubre, excombatientes de las FARC de todas las regiones del pa\u00eds, realizaron una peregrinaci\u00f3n hasta la capital del Pa\u00eds, a la que denominaron \u201cPor la Paz y por la Vida\u201d, en rechazo a los asesinatos de sus militantes; dicha movilizaci\u00f3n finaliz\u00f3 el 6 de noviembre en una reuni\u00f3n con el presidente Iv\u00e1n Duque, que calificaron de \u201calentadora\u201d.\u00a0 De acuerdo al \u00faltimo informe del Secretario General de Naciones Unidas, Ant\u00f3nio Guterres, ante el Consejo de Seguridad sobre la Misi\u00f3n de Verificaci\u00f3n de la ONU en Colombia, \u201cla violencia incesante contra ex combatientes sigue afectando la consolidaci\u00f3n de la paz\u201d.<\/span><\/p>\n","protected":false},"excerpt":{"rendered":"<p>En Colombia, sumado a la crisis generada por la pandemia y los desastres naturales, la violencia no da tregua y se recrudece cada d\u00eda m\u00e1s en contra de l\u00edderes sociales y excombatientes de las FARC. Durante el fin de semana&hellip;<\/p>\n","protected":false},"author":1053,"featured_media":1242310,"comment_status":"closed","ping_status":"closed","sticky":false,"template":"","format":"standard","meta":{"footnotes":""},"categories":[20607],"tags":[2809,84085,30099,30,83082,6618,54082,679],"class_list":["post-1242285","post","type-post","status-publish","format-standard","has-post-thumbnail","hentry","category-sin-categorizar","tag-asesinatos","tag-caqueta","tag-choco","tag-colombia","tag-excombatientes","tag-farc-es","tag-indigenas-es","tag-onu-es"],"yoast_head":"<!-- This site is optimized with the Yoast SEO plugin v27.1.1 - https:\/\/yoast.com\/product\/yoast-seo-wordpress\/ -->\n<title>Alerta en Colombia por recrudecimiento de la violencia<\/title>\n<meta name=\"description\" content=\"En Colombia, sumado a la crisis generada por la pandemia y los desastres naturales, la violencia no da tregua y se recrudece cada d\u00eda m\u00e1s en contra de\" \/>\n<meta name=\"robots\" content=\"index, follow, max-snippet:-1, max-image-preview:large, max-video-preview:-1\" \/>\n<link rel=\"canonical\" href=\"https:\/\/www.pressenza.com\/es\/2020\/11\/alerta-en-colombia-por-recrudecimiento-de-la-violencia\/\" \/>\n<meta property=\"og:locale\" content=\"es_ES\" \/>\n<meta property=\"og:type\" content=\"article\" \/>\n<meta property=\"og:title\" content=\"Alerta en Colombia por recrudecimiento de la violencia\" \/>\n<meta property=\"og:description\" content=\"En Colombia, sumado a la crisis generada por la pandemia y los desastres naturales, la violencia no da tregua y se recrudece cada d\u00eda m\u00e1s en contra de\" \/>\n<meta property=\"og:url\" content=\"https:\/\/www.pressenza.com\/es\/2020\/11\/alerta-en-colombia-por-recrudecimiento-de-la-violencia\/\" \/>\n<meta property=\"og:site_name\" content=\"Pressenza\" \/>\n<meta property=\"article:publisher\" content=\"https:\/\/www.facebook.com\/PressenzaItalia\" \/>\n<meta property=\"article:published_time\" content=\"2020-11-18T16:02:47+00:00\" \/>\n<meta property=\"article:modified_time\" content=\"2020-11-18T16:10:34+00:00\" \/>\n<meta property=\"og:image\" content=\"https:\/\/www.pressenza.com\/wp-content\/uploads\/2020\/11\/QuePareElGenocidio-1.jpg\" \/>\n\t<meta property=\"og:image:width\" content=\"1280\" \/>\n\t<meta property=\"og:image:height\" content=\"590\" \/>\n\t<meta property=\"og:image:type\" content=\"image\/jpeg\" \/>\n<meta name=\"author\" content=\"Redacci\u00f3n Colombia\" \/>\n<meta name=\"twitter:card\" content=\"summary_large_image\" \/>\n<meta name=\"twitter:creator\" content=\"@PressenzaIPA\" \/>\n<meta name=\"twitter:site\" content=\"@PressenzaIPA\" \/>\n<meta name=\"twitter:label1\" content=\"Escrito por\" \/>\n\t<meta name=\"twitter:data1\" content=\"Redacci\u00f3n Colombia\" \/>\n\t<meta name=\"twitter:label2\" content=\"Tiempo de lectura\" \/>\n\t<meta name=\"twitter:data2\" content=\"3 minutos\" \/>\n<script type=\"application\/ld+json\" class=\"yoast-schema-graph\">{\"@context\":\"https:\/\/schema.org\",\"@graph\":[{\"@type\":\"Article\",\"@id\":\"https:\/\/www.pressenza.com\/es\/2020\/11\/alerta-en-colombia-por-recrudecimiento-de-la-violencia\/#article\",\"isPartOf\":{\"@id\":\"https:\/\/www.pressenza.com\/es\/2020\/11\/alerta-en-colombia-por-recrudecimiento-de-la-violencia\/\"},\"author\":{\"name\":\"Redacci\u00f3n Colombia\",\"@id\":\"https:\/\/www.pressenza.com\/es\/#\/schema\/person\/7c8ee170a4502d638436c91e385315f2\"},\"headline\":\"Alerta en Colombia por recrudecimiento de la violencia\",\"datePublished\":\"2020-11-18T16:02:47+00:00\",\"dateModified\":\"2020-11-18T16:10:34+00:00\",\"mainEntityOfPage\":{\"@id\":\"https:\/\/www.pressenza.com\/es\/2020\/11\/alerta-en-colombia-por-recrudecimiento-de-la-violencia\/\"},\"wordCount\":642,\"publisher\":{\"@id\":\"https:\/\/www.pressenza.com\/es\/#organization\"},\"image\":{\"@id\":\"https:\/\/www.pressenza.com\/es\/2020\/11\/alerta-en-colombia-por-recrudecimiento-de-la-violencia\/#primaryimage\"},\"thumbnailUrl\":\"https:\/\/www.pressenza.com\/wp-content\/uploads\/2020\/11\/QuePareElGenocidio-1.jpg\",\"keywords\":[\"asesinatos\",\"Caquet\u00e1\",\"Choc\u00f3\",\"Colombia\",\"Excombatientes\",\"FARC\",\"indigenas\",\"ONU\"],\"articleSection\":[\"Sin categorizar\"],\"inLanguage\":\"es\"},{\"@type\":\"WebPage\",\"@id\":\"https:\/\/www.pressenza.com\/es\/2020\/11\/alerta-en-colombia-por-recrudecimiento-de-la-violencia\/\",\"url\":\"https:\/\/www.pressenza.com\/es\/2020\/11\/alerta-en-colombia-por-recrudecimiento-de-la-violencia\/\",\"name\":\"Alerta en Colombia por recrudecimiento de la violencia\",\"isPartOf\":{\"@id\":\"https:\/\/www.pressenza.com\/es\/#website\"},\"primaryImageOfPage\":{\"@id\":\"https:\/\/www.pressenza.com\/es\/2020\/11\/alerta-en-colombia-por-recrudecimiento-de-la-violencia\/#primaryimage\"},\"image\":{\"@id\":\"https:\/\/www.pressenza.com\/es\/2020\/11\/alerta-en-colombia-por-recrudecimiento-de-la-violencia\/#primaryimage\"},\"thumbnailUrl\":\"https:\/\/www.pressenza.com\/wp-content\/uploads\/2020\/11\/QuePareElGenocidio-1.jpg\",\"datePublished\":\"2020-11-18T16:02:47+00:00\",\"dateModified\":\"2020-11-18T16:10:34+00:00\",\"description\":\"En Colombia, sumado a la crisis generada por la pandemia y los desastres naturales, la violencia no da tregua y se recrudece cada d\u00eda m\u00e1s en contra de\",\"breadcrumb\":{\"@id\":\"https:\/\/www.pressenza.com\/es\/2020\/11\/alerta-en-colombia-por-recrudecimiento-de-la-violencia\/#breadcrumb\"},\"inLanguage\":\"es\",\"potentialAction\":[{\"@type\":\"ReadAction\",\"target\":[\"https:\/\/www.pressenza.com\/es\/2020\/11\/alerta-en-colombia-por-recrudecimiento-de-la-violencia\/\"]}]},{\"@type\":\"ImageObject\",\"inLanguage\":\"es\",\"@id\":\"https:\/\/www.pressenza.com\/es\/2020\/11\/alerta-en-colombia-por-recrudecimiento-de-la-violencia\/#primaryimage\",\"url\":\"https:\/\/www.pressenza.com\/wp-content\/uploads\/2020\/11\/QuePareElGenocidio-1.jpg\",\"contentUrl\":\"https:\/\/www.pressenza.com\/wp-content\/uploads\/2020\/11\/QuePareElGenocidio-1.jpg\",\"width\":1280,\"height\":590,\"caption\":\"Alerta en Colombia por recrudecimiento de la violencia\"},{\"@type\":\"BreadcrumbList\",\"@id\":\"https:\/\/www.pressenza.com\/es\/2020\/11\/alerta-en-colombia-por-recrudecimiento-de-la-violencia\/#breadcrumb\",\"itemListElement\":[{\"@type\":\"ListItem\",\"position\":1,\"name\":\"Accueil\",\"item\":\"https:\/\/www.pressenza.com\/es\/\"},{\"@type\":\"ListItem\",\"position\":2,\"name\":\"Alerta en Colombia por recrudecimiento de la violencia\"}]},{\"@type\":\"WebSite\",\"@id\":\"https:\/\/www.pressenza.com\/es\/#website\",\"url\":\"https:\/\/www.pressenza.com\/es\/\",\"name\":\"Pressenza\",\"description\":\"International Press Agency\",\"publisher\":{\"@id\":\"https:\/\/www.pressenza.com\/es\/#organization\"},\"potentialAction\":[{\"@type\":\"SearchAction\",\"target\":{\"@type\":\"EntryPoint\",\"urlTemplate\":\"https:\/\/www.pressenza.com\/es\/?s={search_term_string}\"},\"query-input\":{\"@type\":\"PropertyValueSpecification\",\"valueRequired\":true,\"valueName\":\"search_term_string\"}}],\"inLanguage\":\"es\"},{\"@type\":\"Organization\",\"@id\":\"https:\/\/www.pressenza.com\/es\/#organization\",\"name\":\"Pressenza\",\"url\":\"https:\/\/www.pressenza.com\/es\/\",\"logo\":{\"@type\":\"ImageObject\",\"inLanguage\":\"es\",\"@id\":\"https:\/\/www.pressenza.com\/es\/#\/schema\/logo\/image\/\",\"url\":\"https:\/\/www.pressenza.com\/wp-content\/uploads\/2022\/10\/pressenza_logo_200x200.jpg\",\"contentUrl\":\"https:\/\/www.pressenza.com\/wp-content\/uploads\/2022\/10\/pressenza_logo_200x200.jpg\",\"width\":200,\"height\":200,\"caption\":\"Pressenza\"},\"image\":{\"@id\":\"https:\/\/www.pressenza.com\/es\/#\/schema\/logo\/image\/\"},\"sameAs\":[\"https:\/\/www.facebook.com\/PressenzaItalia\",\"https:\/\/x.com\/PressenzaIPA\"]},{\"@type\":\"Person\",\"@id\":\"https:\/\/www.pressenza.com\/es\/#\/schema\/person\/7c8ee170a4502d638436c91e385315f2\",\"name\":\"Redacci\u00f3n Colombia\",\"description\":\"News published by the Pressenza bureau in Colombia\",\"url\":\"https:\/\/www.pressenza.com\/es\/author\/redaccion-colombia\/\"}]}<\/script>\n<!-- \/ Yoast SEO plugin. -->","yoast_head_json":{"title":"Alerta en Colombia por recrudecimiento de la violencia","description":"En Colombia, sumado a la crisis generada por la pandemia y los desastres naturales, la violencia no da tregua y se recrudece cada d\u00eda m\u00e1s en contra de","robots":{"index":"index","follow":"follow","max-snippet":"max-snippet:-1","max-image-preview":"max-image-preview:large","max-video-preview":"max-video-preview:-1"},"canonical":"https:\/\/www.pressenza.com\/es\/2020\/11\/alerta-en-colombia-por-recrudecimiento-de-la-violencia\/","og_locale":"es_ES","og_type":"article","og_title":"Alerta en Colombia por recrudecimiento de la violencia","og_description":"En Colombia, sumado a la crisis generada por la pandemia y los desastres naturales, la violencia no da tregua y se recrudece cada d\u00eda m\u00e1s en contra de","og_url":"https:\/\/www.pressenza.com\/es\/2020\/11\/alerta-en-colombia-por-recrudecimiento-de-la-violencia\/","og_site_name":"Pressenza","article_publisher":"https:\/\/www.facebook.com\/PressenzaItalia","article_published_time":"2020-11-18T16:02:47+00:00","article_modified_time":"2020-11-18T16:10:34+00:00","og_image":[{"width":1280,"height":590,"url":"https:\/\/www.pressenza.com\/wp-content\/uploads\/2020\/11\/QuePareElGenocidio-1.jpg","type":"image\/jpeg"}],"author":"Redacci\u00f3n Colombia","twitter_card":"summary_large_image","twitter_creator":"@PressenzaIPA","twitter_site":"@PressenzaIPA","twitter_misc":{"Escrito por":"Redacci\u00f3n Colombia","Tiempo de lectura":"3 minutos"},"schema":{"@context":"https:\/\/schema.org","@graph":[{"@type":"Article","@id":"https:\/\/www.pressenza.com\/es\/2020\/11\/alerta-en-colombia-por-recrudecimiento-de-la-violencia\/#article","isPartOf":{"@id":"https:\/\/www.pressenza.com\/es\/2020\/11\/alerta-en-colombia-por-recrudecimiento-de-la-violencia\/"},"author":{"name":"Redacci\u00f3n Colombia","@id":"https:\/\/www.pressenza.com\/es\/#\/schema\/person\/7c8ee170a4502d638436c91e385315f2"},"headline":"Alerta en Colombia por recrudecimiento de la violencia","datePublished":"2020-11-18T16:02:47+00:00","dateModified":"2020-11-18T16:10:34+00:00","mainEntityOfPage":{"@id":"https:\/\/www.pressenza.com\/es\/2020\/11\/alerta-en-colombia-por-recrudecimiento-de-la-violencia\/"},"wordCount":642,"publisher":{"@id":"https:\/\/www.pressenza.com\/es\/#organization"},"image":{"@id":"https:\/\/www.pressenza.com\/es\/2020\/11\/alerta-en-colombia-por-recrudecimiento-de-la-violencia\/#primaryimage"},"thumbnailUrl":"https:\/\/www.pressenza.com\/wp-content\/uploads\/2020\/11\/QuePareElGenocidio-1.jpg","keywords":["asesinatos","Caquet\u00e1","Choc\u00f3","Colombia","Excombatientes","FARC","indigenas","ONU"],"articleSection":["Sin categorizar"],"inLanguage":"es"},{"@type":"WebPage","@id":"https:\/\/www.pressenza.com\/es\/2020\/11\/alerta-en-colombia-por-recrudecimiento-de-la-violencia\/","url":"https:\/\/www.pressenza.com\/es\/2020\/11\/alerta-en-colombia-por-recrudecimiento-de-la-violencia\/","name":"Alerta en Colombia por recrudecimiento de la violencia","isPartOf":{"@id":"https:\/\/www.pressenza.com\/es\/#website"},"primaryImageOfPage":{"@id":"https:\/\/www.pressenza.com\/es\/2020\/11\/alerta-en-colombia-por-recrudecimiento-de-la-violencia\/#primaryimage"},"image":{"@id":"https:\/\/www.pressenza.com\/es\/2020\/11\/alerta-en-colombia-por-recrudecimiento-de-la-violencia\/#primaryimage"},"thumbnailUrl":"https:\/\/www.pressenza.com\/wp-content\/uploads\/2020\/11\/QuePareElGenocidio-1.jpg","datePublished":"2020-11-18T16:02:47+00:00","dateModified":"2020-11-18T16:10:34+00:00","description":"En Colombia, sumado a la crisis generada por la pandemia y los desastres naturales, la violencia no da tregua y se recrudece cada d\u00eda m\u00e1s en contra de","breadcrumb":{"@id":"https:\/\/www.pressenza.com\/es\/2020\/11\/alerta-en-colombia-por-recrudecimiento-de-la-violencia\/#breadcrumb"},"inLanguage":"es","potentialAction":[{"@type":"ReadAction","target":["https:\/\/www.pressenza.com\/es\/2020\/11\/alerta-en-colombia-por-recrudecimiento-de-la-violencia\/"]}]},{"@type":"ImageObject","inLanguage":"es","@id":"https:\/\/www.pressenza.com\/es\/2020\/11\/alerta-en-colombia-por-recrudecimiento-de-la-violencia\/#primaryimage","url":"https:\/\/www.pressenza.com\/wp-content\/uploads\/2020\/11\/QuePareElGenocidio-1.jpg","contentUrl":"https:\/\/www.pressenza.com\/wp-content\/uploads\/2020\/11\/QuePareElGenocidio-1.jpg","width":1280,"height":590,"caption":"Alerta en Colombia por recrudecimiento de la violencia"},{"@type":"BreadcrumbList","@id":"https:\/\/www.pressenza.com\/es\/2020\/11\/alerta-en-colombia-por-recrudecimiento-de-la-violencia\/#breadcrumb","itemListElement":[{"@type":"ListItem","position":1,"name":"Accueil","item":"https:\/\/www.pressenza.com\/es\/"},{"@type":"ListItem","position":2,"name":"Alerta en Colombia por recrudecimiento de la violencia"}]},{"@type":"WebSite","@id":"https:\/\/www.pressenza.com\/es\/#website","url":"https:\/\/www.pressenza.com\/es\/","name":"Pressenza","description":"International Press Agency","publisher":{"@id":"https:\/\/www.pressenza.com\/es\/#organization"},"potentialAction":[{"@type":"SearchAction","target":{"@type":"EntryPoint","urlTemplate":"https:\/\/www.pressenza.com\/es\/?s={search_term_string}"},"query-input":{"@type":"PropertyValueSpecification","valueRequired":true,"valueName":"search_term_string"}}],"inLanguage":"es"},{"@type":"Organization","@id":"https:\/\/www.pressenza.com\/es\/#organization","name":"Pressenza","url":"https:\/\/www.pressenza.com\/es\/","logo":{"@type":"ImageObject","inLanguage":"es","@id":"https:\/\/www.pressenza.com\/es\/#\/schema\/logo\/image\/","url":"https:\/\/www.pressenza.com\/wp-content\/uploads\/2022\/10\/pressenza_logo_200x200.jpg","contentUrl":"https:\/\/www.pressenza.com\/wp-content\/uploads\/2022\/10\/pressenza_logo_200x200.jpg","width":200,"height":200,"caption":"Pressenza"},"image":{"@id":"https:\/\/www.pressenza.com\/es\/#\/schema\/logo\/image\/"},"sameAs":["https:\/\/www.facebook.com\/PressenzaItalia","https:\/\/x.com\/PressenzaIPA"]},{"@type":"Person","@id":"https:\/\/www.pressenza.com\/es\/#\/schema\/person\/7c8ee170a4502d638436c91e385315f2","name":"Redacci\u00f3n Colombia","description":"News published by the Pressenza bureau in Colombia","url":"https:\/\/www.pressenza.com\/es\/author\/redaccion-colombia\/"}]}},"place":"Bogot\u00e1","original_article_url":"","_links":{"self":[{"href":"https:\/\/www.pressenza.com\/es\/wp-json\/wp\/v2\/posts\/1242285","targetHints":{"allow":["GET"]}}],"collection":[{"href":"https:\/\/www.pressenza.com\/es\/wp-json\/wp\/v2\/posts"}],"about":[{"href":"https:\/\/www.pressenza.com\/es\/wp-json\/wp\/v2\/types\/post"}],"author":[{"embeddable":true,"href":"https:\/\/www.pressenza.com\/es\/wp-json\/wp\/v2\/users\/1053"}],"replies":[{"embeddable":true,"href":"https:\/\/www.pressenza.com\/es\/wp-json\/wp\/v2\/comments?post=1242285"}],"version-history":[{"count":0,"href":"https:\/\/www.pressenza.com\/es\/wp-json\/wp\/v2\/posts\/1242285\/revisions"}],"wp:featuredmedia":[{"embeddable":true,"href":"https:\/\/www.pressenza.com\/es\/wp-json\/wp\/v2\/media\/1242310"}],"wp:attachment":[{"href":"https:\/\/www.pressenza.com\/es\/wp-json\/wp\/v2\/media?parent=1242285"}],"wp:term":[{"taxonomy":"category","embeddable":true,"href":"https:\/\/www.pressenza.com\/es\/wp-json\/wp\/v2\/categories?post=1242285"},{"taxonomy":"post_tag","embeddable":true,"href":"https:\/\/www.pressenza.com\/es\/wp-json\/wp\/v2\/tags?post=1242285"}],"curies":[{"name":"wp","href":"https:\/\/api.w.org\/{rel}","templated":true}]}}