{"id":1242177,"date":"2020-11-18T08:49:30","date_gmt":"2020-11-18T08:49:30","guid":{"rendered":"https:\/\/www.pressenza.com\/?p=1242177"},"modified":"2020-11-18T08:49:30","modified_gmt":"2020-11-18T08:49:30","slug":"brasil-las-elecciones-municipales-muestran-el-comienzo-del-fin-de-la-ultraderecha","status":"publish","type":"post","link":"https:\/\/www.pressenza.com\/es\/2020\/11\/brasil-las-elecciones-municipales-muestran-el-comienzo-del-fin-de-la-ultraderecha\/","title":{"rendered":"Brasil: las elecciones municipales muestran el comienzo del fin de la ultraderecha"},"content":{"rendered":"<p><em><strong>Por Marcelo Z Carota *<\/strong><\/em><\/p>\n<p>&nbsp;<\/p>\n<p style=\"padding-left: 40px;\"><strong>La izquierda reacciona, la derecha tradicional predomina, Bolsonaro es el gran perdedor<\/strong><\/p>\n<p>&nbsp;<\/p>\n<p>El resultado de las elecciones celebradas ayer (15\/11) para elegir alcaldes y concejales en los municipios de los 26 estados de Brasil (en el Distrito Federal, no hay elecciones municipales) lo dej\u00f3 claro: el gran perdedor fue el presidente ultraderechista del pa\u00eds, Jair Bolsonaro (sin partido).<\/p>\n<p>Despu\u00e9s de dos a\u00f1os de mandato, la poblaci\u00f3n del pa\u00eds ya soporta lo que \u00e9l \u2013copiando a su \u00eddolo Donald Trump\u2013, adopt\u00f3 como pol\u00edticas de gobierno: discursos de odio; negaci\u00f3n de la ciencia frente a la pandemia de Covid-19; producci\u00f3n a escala industrial de noticias falsas para mitigar su imagen y tratar de destruir la reputaci\u00f3n de sus oponentes y cortinas de humo para sofocar los esc\u00e1ndalos de corrupci\u00f3n que involucran a sus hijos, su esposa y sus aliados, todos ellos blindados por la omisi\u00f3n del poder judicial y los medios de comunicaci\u00f3n del pa\u00eds; el control del Estado por pelotones de militares de la dictadura y fundamentalistas pentecostales, todos sin la menor preparaci\u00f3n para la gesti\u00f3n de puestos vitales para la poblaci\u00f3n como la Salud, la Educaci\u00f3n, la Infraestructura.<\/p>\n<p>Bolsonaro vive, piensa y act\u00faa todo el tiempo como si el pa\u00eds no tuviera graves problemas econ\u00f3micos, de desigualdad social que devolvi\u00f3 millones al Mapa Mundial del Hambre, desempleo (13 millones de trabajadores fuera del mercado formal), dejando que su Ministro de Econom\u00eda, Paulo Guedes, como un Chicago Boy, concluya el \u00fanico proyecto de gobierno que funciona eficazmente: la destrucci\u00f3n total del Estado y de la soberan\u00eda del pa\u00eds, con especial apetito por Petrobras.<\/p>\n<p>Parte de la rutina de este universo paralelo incluye movilizar a sus bases, que se reducen al p\u00fablico virtual que sigue sus perfiles en las redes sociales y a una corte que re\u00fane regularmente a la entrada del Palacio da Alvorada y que divierte con burlas a sus adversarios, ataques a la prensa, abrazos, cargando ni\u00f1os en su regazo, todos sin m\u00e1scara, empezando por \u00e9l \u2013para quien temer la contaminaci\u00f3n y la muerte por la pandemia es \u00abcosa de maricas\u00bb. Ayer, sin embargo, la realidad visit\u00f3 a Bolsonaro.<\/p>\n<h4>Orden unitaria: derecha, volver<\/h4>\n<p>Brasil tiene 212 millones de habitantes. La abrumadora mayor\u00eda no s\u00f3lo est\u00e1 lejos de Brasilia, sino que no tiene acceso regular a Internet, viviendo todos los problemas y dificultades que existen en la realidad que Bolsonaro niega. De este total, 147,9 millones son electores habilitados, de los cuales este domingo, seg\u00fan datos del Tribunal Superior Electoral (TSE), 113 millones fueron a las urnas.<\/p>\n<p>Uno de los mayores l\u00edderes de la izquierda brasilera, el pernambucano Miguel Arraes (1916-2005), dec\u00eda que \u00aben la pol\u00edtica, no existe vac\u00edo\u201d. Despu\u00e9s de dos a\u00f1os viviendo en su universo paralelo, hablando s\u00f3lo con sus reba\u00f1os, Bolsonaro descubri\u00f3 la verdad de las palabras de Arraes.<\/p>\n<div id=\"attachment_1241639\" class=\"wp-caption alignnone\"><img loading=\"lazy\" decoding=\"async\" aria-describedby=\"caption-attachment-1241639\" class=\"wp-image-1241639 size-full\" src=\"https:\/\/www.pressenza.com\/wp-content\/uploads\/2020\/11\/15-11-2020-1-Marcelo-Camargo-Agencia-Brasil.jpg\" alt=\"\" width=\"800\" height=\"533\" srcset=\"https:\/\/www.pressenza.com\/wp-content\/uploads\/2020\/11\/15-11-2020-1-Marcelo-Camargo-Agencia-Brasil.jpg 800w, https:\/\/www.pressenza.com\/wp-content\/uploads\/2020\/11\/15-11-2020-1-Marcelo-Camargo-Agencia-Brasil-300x200.jpg 300w, https:\/\/www.pressenza.com\/wp-content\/uploads\/2020\/11\/15-11-2020-1-Marcelo-Camargo-Agencia-Brasil-720x480.jpg 720w, https:\/\/www.pressenza.com\/wp-content\/uploads\/2020\/11\/15-11-2020-1-Marcelo-Camargo-Agencia-Brasil-768x512.jpg 768w\" sizes=\"auto, (max-width: 800px) 100vw, 800px\" \/><p id=\"caption-attachment-1241639\" class=\"wp-caption-text\">Electores de Valpara\u00edso, Goi\u00e1s, van a las urnas en las elecciones municipales 2020. Foto Marcelo Camargo, Ag\u00eancia Brasil.<\/p><\/div>\n<p>Rebautizada como \u00abcentro\u00bb por el mercado y los medios de comunicaci\u00f3n del pa\u00eds, ya harto del trumpismo a la brasilera, y con la vista puesta en las elecciones presidenciales de 2022, la derecha tradicional fue la gran vencedora de las elecciones municipales, imponiendo la derrota m\u00e1s dolorosa a Bolsonaro ya que, al fin y al cabo, est\u00e1 compuesta por todos los partidos con los que sell\u00f3 alianzas para que aprobaran proyectos de su inter\u00e9s, a cambio de los cuales despilfarr\u00f3 monta\u00f1as de dinero p\u00fablico en forma de enmiendas parlamentarias. Pero el dinero no es suficiente cuando el poder est\u00e1 involucrado, y los zorros de esos partidos, percibiendo el vac\u00edo, ocuparon casi todas las vacantes que el presidente aliado trata como gallineros.<\/p>\n<p>De estos partidos de la derecha tradicional, el que plant\u00f3 m\u00e1s banderas fue el Dem\u00f3crata (DEM), cuyo liderazgo m\u00e1s destacado es el presidente de la C\u00e1mara Federal, Rodrigo Maia, que tambi\u00e9n mantuvo siempre una relaci\u00f3n dudosa con el gobierno, a veces defendiendo a Bolsonaro, a veces atacando a sus ministros.<\/p>\n<p>El DEM conquist\u00f3 398 alcald\u00edas, tres de ellas en capitales de estados: Curitiba, Florian\u00f3polis y Salvador, y puede ganar una m\u00e1s \u2013precisamente en la tierra de Rodrigo Maia\u2013, R\u00edo de Janeiro, donde Eduardo Paes es franco favorito contra el actual alcalde, Marcelo Crivella (REPUBLICANOS), apoyado por Bolsonaro.<\/p>\n<p>En otras capitales del pa\u00eds, ya electos o disputando la segunda vuelta, est\u00e1n los candidatos de los otros partidos tradicionales de la derecha: MDB, PSDB, PSB, PSD, CIDADANIA, PODEMOS, SOLIDARIEDADE, PSC, PP, PL, adem\u00e1s del PDT, de centro-izquierda.<\/p>\n<p>Maia celebr\u00f3 los logros de la derecha con una provocaci\u00f3n: \u00abBolsonaro ha vuelto a su tama\u00f1o natural, de antes de la presidencia\u00bb.<\/p>\n<p>Al fin y al cabo, no deja de ser cierto que el presidente de ultraderecha no consigui\u00f3, hasta ahora, la elecci\u00f3n de ninguno de los candidatos que apoy\u00f3, ni siquiera de la candidata a concejal Wal do A\u00e7a\u00ed, en Angra dos Reis (RJ), su funcionaria fantasma cuando era diputado federal. Adem\u00e1s, su hijo Carlos Bolsonaro (REPUBLICANOS) fue elegido para el quinto mandato como concejal, pero perdi\u00f3 el estatus de m\u00e1s votado, quedando detr\u00e1s de Tarc\u00edsio Motta, del archirrival PSOL y es precisamente este tipo de derrotas lo que m\u00e1s irrit\u00f3 a Bolsonaro.<\/p>\n<h4>La izquierda reacciona<\/h4>\n<p>Demonizar a la izquierda, especialmente al PT, aaprovechando la ya probada farsa de la Operaci\u00f3n Lava Jato, fue una de las plataformas m\u00e1s explotadas por Bolsonaro en su campa\u00f1a presidencial y la que le report\u00f3 m\u00e1s votos. No por casualidad invit\u00f3 para asumir el Ministerio de Justicia nada menos que al actor principal de la Lava Jato, el juez S\u00e9rgio Moro, que sin ninguna prueba, a fuerza de titulares y notas de prensa, garantiz\u00f3 la prisi\u00f3n de Lula abriendo camino a la elecci\u00f3n del Bolsonaro. Hace tiempo alejados, Moro ya comienza a ser presentado por los mismos medios como un potencial oponente de su antiguo jefe, en 2022.<\/p>\n<p>Pero la izquierda brasile\u00f1a, aunque infelizmente dividida todav\u00eda, reaccion\u00f3.<\/p>\n<p>El PT gan\u00f3 189 alcaldes. Competir\u00e1 en segunda vuelta con dos candidaturas en Vit\u00f3ria y Recife, donde la candidata Mar\u00edlia Arraes es la nieta del mencionado Miguel Arraes. Ella pelea la elecci\u00f3n teniendo por adversario a su primo, Jo\u00e3o Campos (PSB), despu\u00e9s de eliminado el candidato de Bolsonaro. El partido disputa adem\u00e1s la alcald\u00eda en 15 de las 100 ciudades m\u00e1s grandes del pa\u00eds. No est\u00e1 mal para quienes, en 2016, eligieron apenas un alcalde en una de esas ciudades. Tambi\u00e9n logr\u00f3 2.584 concejales. En el ayuntamiento de S\u00e3o Paulo comparte con el PSDB el estatus del partido con la mayor bancada, cada uno con 8 concejales elegidos, y el del PT es el concejal m\u00e1s votado del pa\u00eds, Eduardo Suplicy, reelegido con 167.427 votos.<\/p>\n<p>En Porto Alegre, la capital del estado de Rio Grande do Sul, en el extremo sur del pa\u00eds, donde Bolsonaro tuvo muchos votos para la presidencia, la comunista Manuela d&#8217;\u00c1vila (PCdoB) competir\u00e1 en una segunda vuelta contra el candidato de la derecha Sebasti\u00e3o Melo (MDB).<\/p>\n<div id=\"attachment_1241629\" class=\"wp-caption alignnone\"><img loading=\"lazy\" decoding=\"async\" aria-describedby=\"caption-attachment-1241629\" class=\"wp-image-1241629 size-full\" src=\"https:\/\/www.pressenza.com\/wp-content\/uploads\/2020\/11\/15-11-2020-Marcelo-Camargo-Agencia-Brasil.jpg\" alt=\"\" width=\"800\" height=\"533\" srcset=\"https:\/\/www.pressenza.com\/wp-content\/uploads\/2020\/11\/15-11-2020-Marcelo-Camargo-Agencia-Brasil.jpg 800w, https:\/\/www.pressenza.com\/wp-content\/uploads\/2020\/11\/15-11-2020-Marcelo-Camargo-Agencia-Brasil-300x200.jpg 300w, https:\/\/www.pressenza.com\/wp-content\/uploads\/2020\/11\/15-11-2020-Marcelo-Camargo-Agencia-Brasil-720x480.jpg 720w, https:\/\/www.pressenza.com\/wp-content\/uploads\/2020\/11\/15-11-2020-Marcelo-Camargo-Agencia-Brasil-768x512.jpg 768w\" sizes=\"auto, (max-width: 800px) 100vw, 800px\" \/><p id=\"caption-attachment-1241629\" class=\"wp-caption-text\">Foto Marcelo Camargo, Ag\u00eancia Brasil.<\/p><\/div>\n<p>Sin embargo, el logro m\u00e1s significativo de la izquierda fue el del Partido Socialista y Libertario (PSOL), creado en 2004 por disidentes del PT.<\/p>\n<p>En uno de los bastiones m\u00e1s conservadores del pa\u00eds, S\u00e3o Paulo, con tradici\u00f3n de votar a la derecha \u2013predominantemente el PSDB\u2013, que fue decisivo para la victoria de la ultraderecha personificada en Bolsonaro, el PSOL, con una placa de pura sangre encabezada por Guilherme Boulos \u2013l\u00edder del Movimiento de los Trabajadores Sin Techo\u2013, y llevando como vice a la veterana diputada federal Luiza Erundina \u2013una de las fundadoras del PT, partido por el que fue elegida alcaldesa de S\u00e3o Paulo en 1988\u2013, lleg\u00f3 a la segunda vuelta con un amplio respiro sobre sus adversarios, entre ellos el candidato apoyado por Bolsonaro, Celso Russomano (Republicanos), que termin\u00f3 en el 4\u00ba lugar.<\/p>\n<p>Boulos y Erundina competir\u00e1n en pie de igualdad con el actual alcalde, Bruno Covas (PSDB), y ya cuentan con el apoyo declarado de Jilmar Tatto, del PT \u2013que disput\u00f3 la elecci\u00f3n y termin\u00f3 en 6\u00ba lugar\u2013; del ex alcalde de la ciudad y tambi\u00e9n petista Fernando Haddad, y del ex presidente Lula.<\/p>\n<p>En la c\u00e1mara municipal de la mayor capital del pa\u00eds, el PSOL se qued\u00f3 don tercer bancada al pasara de 2 concejales en 2016, a 6 en la elecci\u00f3n de este domingo.<\/p>\n<p>Adem\u00e1s de S\u00e3o Paulo, el PSOL tambi\u00e9n disputa la segunda vuelta en Bel\u00e9m, capital de Par\u00e1, donde su candidato Edmilson Rodrigues obtuvo el 11% de ventaja sobre el candidato de la derecha, el comisario federal Eguchi (PATRIOTA).<\/p>\n<p>Bolsonaro ya ven\u00eda dividiendo su tiempo entre su agenda de insultos a los oponentes, como animador de freak show en las redes y para su corte en Brasilia, y una precampa\u00f1a para 2022. Ahora queda claro que su modus operandi no s\u00f3lo no cre\u00f3 el bolsonarismo sino que, sin Trump, sin influencia y sin apoyo popular, est\u00e1 aislado.<\/p>\n<p>Para tratar de cambiar esta situaci\u00f3n primero tendr\u00e1 que abandonar su universo paralelo \u2013para lo que ya puede ser ya demasiado tarde\u2013, y luego gobernar realmente\u2026 pero en dos a\u00f1os de mandato, ya demostr\u00f3 que ese no es su punto fuerte.<\/p>\n<p>Puede ser el principio del fin de la ultraderecha en Brasil, pero \u2013por lo que hemos visto ahora\u2013, el retorno de la derecha tradicional, neoliberal, contra la cual le corresponder\u00e1 a la izquierda imitar a su adversario, o sea: unirse.<\/p>\n<hr \/>\n<p>* Marcelo Carota \u00e9 jornalista e escritor.<br \/>\nBlog: <a href=\"https:\/\/ladoz.medium.com\/about\">https\/\/www.ladoz.medium.com<\/a><\/p>\n<p>&nbsp;<\/p>\n<p><strong>Partidos mencionados, en orden alfab\u00e9tico<\/strong> (nota del editor)<br \/>\nCIDADANIA: Ciudadan\u00eda<br \/>\nDEM: Dem\u00f3cratas<br \/>\nMDB: Movimiento Democr\u00e1tico Brasilero<br \/>\nREPUBLICANOS<br \/>\nPATRIOTA<br \/>\nPSOL: Partido Socialismo y Libertad<br \/>\nPODEMOS: antes Partido Trabalhista (Laborista) Nacional<br \/>\nPP: Partido Progresistas<br \/>\nPSB: Partido Socialista Brasilero<br \/>\nPSC: Partido Social Cristiano<br \/>\nPSD: Partido Social Demcr\u00e1tico<br \/>\nPSDB: Partido de la Social Democracia Brasilera<br \/>\nPT: Partido de los Trabajadores<br \/>\nSOLIDARIEDADE: Solidaridad<br \/>\nPL: Partido Liberal<br \/>\nPDT: Partido Democr\u00e1tico Trabalhista (Laboralista)<\/p>\n","protected":false},"excerpt":{"rendered":"<p>Por Marcelo Z Carota * &nbsp; La izquierda reacciona, la derecha tradicional predomina, Bolsonaro es el gran perdedor &nbsp; El resultado de las elecciones celebradas ayer (15\/11) para elegir alcaldes y concejales en los municipios de los 26 estados de&hellip;<\/p>\n","protected":false},"author":1685,"featured_media":1241627,"comment_status":"closed","ping_status":"closed","sticky":false,"template":"","format":"standard","meta":{"footnotes":""},"categories":[11389,161,74,67],"tags":[50249,51308,2749,1376,403],"class_list":["post-1242177","post","type-post","status-publish","format-standard","has-post-thumbnail","hentry","category-contenido-original","category-opiniones","category-politica-es","category-sudamerica","tag-elenao","tag-bolsonaro-es","tag-brasil-es","tag-derecha","tag-elecciones"],"yoast_head":"<!-- This site is optimized with the Yoast SEO plugin v27.1.1 - https:\/\/yoast.com\/product\/yoast-seo-wordpress\/ -->\n<title>Brasil: las elecciones municipales muestran el comienzo del fin de la ultraderecha<\/title>\n<meta name=\"description\" content=\"Por Marcelo Z Carota * &nbsp; La izquierda reacciona, la derecha tradicional predomina, Bolsonaro es el gran perdedor &nbsp; El resultado de las\" \/>\n<meta name=\"robots\" content=\"index, follow, max-snippet:-1, max-image-preview:large, max-video-preview:-1\" \/>\n<link rel=\"canonical\" href=\"https:\/\/www.pressenza.com\/es\/2020\/11\/brasil-las-elecciones-municipales-muestran-el-comienzo-del-fin-de-la-ultraderecha\/\" \/>\n<meta property=\"og:locale\" content=\"es_ES\" \/>\n<meta property=\"og:type\" content=\"article\" \/>\n<meta property=\"og:title\" content=\"Brasil: las elecciones municipales muestran el comienzo del fin de la ultraderecha\" \/>\n<meta property=\"og:description\" content=\"Por Marcelo Z Carota * &nbsp; La izquierda reacciona, la derecha tradicional predomina, Bolsonaro es el gran perdedor &nbsp; El resultado de las\" \/>\n<meta property=\"og:url\" content=\"https:\/\/www.pressenza.com\/es\/2020\/11\/brasil-las-elecciones-municipales-muestran-el-comienzo-del-fin-de-la-ultraderecha\/\" \/>\n<meta property=\"og:site_name\" content=\"Pressenza\" \/>\n<meta property=\"article:publisher\" content=\"https:\/\/www.facebook.com\/PressenzaItalia\" \/>\n<meta property=\"article:published_time\" content=\"2020-11-18T08:49:30+00:00\" \/>\n<meta property=\"og:image\" content=\"https:\/\/www.pressenza.com\/wp-content\/uploads\/2020\/11\/Brasilia-Set-2018-Carolina-Bruzzone-MidiaNinja.jpg\" \/>\n\t<meta property=\"og:image:width\" content=\"799\" \/>\n\t<meta property=\"og:image:height\" content=\"533\" \/>\n\t<meta property=\"og:image:type\" content=\"image\/jpeg\" \/>\n<meta name=\"author\" content=\"Reda\u00e7\u00e3o Rio de Janeiro\" \/>\n<meta name=\"twitter:card\" content=\"summary_large_image\" \/>\n<meta name=\"twitter:creator\" content=\"@PressenzaIPA\" \/>\n<meta name=\"twitter:site\" content=\"@PressenzaIPA\" \/>\n<meta name=\"twitter:label1\" content=\"Escrito por\" \/>\n\t<meta name=\"twitter:data1\" content=\"Reda\u00e7\u00e3o Rio de Janeiro\" \/>\n\t<meta name=\"twitter:label2\" content=\"Tiempo de lectura\" \/>\n\t<meta name=\"twitter:data2\" content=\"9 minutos\" \/>\n<script type=\"application\/ld+json\" class=\"yoast-schema-graph\">{\"@context\":\"https:\/\/schema.org\",\"@graph\":[{\"@type\":\"Article\",\"@id\":\"https:\/\/www.pressenza.com\/es\/2020\/11\/brasil-las-elecciones-municipales-muestran-el-comienzo-del-fin-de-la-ultraderecha\/#article\",\"isPartOf\":{\"@id\":\"https:\/\/www.pressenza.com\/es\/2020\/11\/brasil-las-elecciones-municipales-muestran-el-comienzo-del-fin-de-la-ultraderecha\/\"},\"author\":{\"name\":\"Reda\u00e7\u00e3o Rio de Janeiro\",\"@id\":\"https:\/\/www.pressenza.com\/es\/#\/schema\/person\/6925e927f8ff3a0cdb838320c5d12259\"},\"headline\":\"Brasil: las elecciones municipales muestran el comienzo del fin de la ultraderecha\",\"datePublished\":\"2020-11-18T08:49:30+00:00\",\"mainEntityOfPage\":{\"@id\":\"https:\/\/www.pressenza.com\/es\/2020\/11\/brasil-las-elecciones-municipales-muestran-el-comienzo-del-fin-de-la-ultraderecha\/\"},\"wordCount\":1750,\"publisher\":{\"@id\":\"https:\/\/www.pressenza.com\/es\/#organization\"},\"image\":{\"@id\":\"https:\/\/www.pressenza.com\/es\/2020\/11\/brasil-las-elecciones-municipales-muestran-el-comienzo-del-fin-de-la-ultraderecha\/#primaryimage\"},\"thumbnailUrl\":\"https:\/\/www.pressenza.com\/wp-content\/uploads\/2020\/11\/Brasilia-Set-2018-Carolina-Bruzzone-MidiaNinja.jpg\",\"keywords\":[\"#EleNao\",\"Bolsonaro\",\"Brasil\",\"derecha\",\"elecciones\"],\"articleSection\":[\"Contenido Original\",\"Opiniones\",\"Pol\u00edtica\",\"Sudam\u00e9rica\"],\"inLanguage\":\"es\"},{\"@type\":\"WebPage\",\"@id\":\"https:\/\/www.pressenza.com\/es\/2020\/11\/brasil-las-elecciones-municipales-muestran-el-comienzo-del-fin-de-la-ultraderecha\/\",\"url\":\"https:\/\/www.pressenza.com\/es\/2020\/11\/brasil-las-elecciones-municipales-muestran-el-comienzo-del-fin-de-la-ultraderecha\/\",\"name\":\"Brasil: las elecciones municipales muestran el comienzo del fin de la ultraderecha\",\"isPartOf\":{\"@id\":\"https:\/\/www.pressenza.com\/es\/#website\"},\"primaryImageOfPage\":{\"@id\":\"https:\/\/www.pressenza.com\/es\/2020\/11\/brasil-las-elecciones-municipales-muestran-el-comienzo-del-fin-de-la-ultraderecha\/#primaryimage\"},\"image\":{\"@id\":\"https:\/\/www.pressenza.com\/es\/2020\/11\/brasil-las-elecciones-municipales-muestran-el-comienzo-del-fin-de-la-ultraderecha\/#primaryimage\"},\"thumbnailUrl\":\"https:\/\/www.pressenza.com\/wp-content\/uploads\/2020\/11\/Brasilia-Set-2018-Carolina-Bruzzone-MidiaNinja.jpg\",\"datePublished\":\"2020-11-18T08:49:30+00:00\",\"description\":\"Por Marcelo Z Carota * &nbsp; La izquierda reacciona, la derecha tradicional predomina, Bolsonaro es el gran perdedor &nbsp; El resultado de las\",\"breadcrumb\":{\"@id\":\"https:\/\/www.pressenza.com\/es\/2020\/11\/brasil-las-elecciones-municipales-muestran-el-comienzo-del-fin-de-la-ultraderecha\/#breadcrumb\"},\"inLanguage\":\"es\",\"potentialAction\":[{\"@type\":\"ReadAction\",\"target\":[\"https:\/\/www.pressenza.com\/es\/2020\/11\/brasil-las-elecciones-municipales-muestran-el-comienzo-del-fin-de-la-ultraderecha\/\"]}]},{\"@type\":\"ImageObject\",\"inLanguage\":\"es\",\"@id\":\"https:\/\/www.pressenza.com\/es\/2020\/11\/brasil-las-elecciones-municipales-muestran-el-comienzo-del-fin-de-la-ultraderecha\/#primaryimage\",\"url\":\"https:\/\/www.pressenza.com\/wp-content\/uploads\/2020\/11\/Brasilia-Set-2018-Carolina-Bruzzone-MidiaNinja.jpg\",\"contentUrl\":\"https:\/\/www.pressenza.com\/wp-content\/uploads\/2020\/11\/Brasilia-Set-2018-Carolina-Bruzzone-MidiaNinja.jpg\",\"width\":799,\"height\":533},{\"@type\":\"BreadcrumbList\",\"@id\":\"https:\/\/www.pressenza.com\/es\/2020\/11\/brasil-las-elecciones-municipales-muestran-el-comienzo-del-fin-de-la-ultraderecha\/#breadcrumb\",\"itemListElement\":[{\"@type\":\"ListItem\",\"position\":1,\"name\":\"Accueil\",\"item\":\"https:\/\/www.pressenza.com\/es\/\"},{\"@type\":\"ListItem\",\"position\":2,\"name\":\"Brasil: las elecciones municipales muestran el comienzo del fin de la ultraderecha\"}]},{\"@type\":\"WebSite\",\"@id\":\"https:\/\/www.pressenza.com\/es\/#website\",\"url\":\"https:\/\/www.pressenza.com\/es\/\",\"name\":\"Pressenza\",\"description\":\"International Press Agency\",\"publisher\":{\"@id\":\"https:\/\/www.pressenza.com\/es\/#organization\"},\"potentialAction\":[{\"@type\":\"SearchAction\",\"target\":{\"@type\":\"EntryPoint\",\"urlTemplate\":\"https:\/\/www.pressenza.com\/es\/?s={search_term_string}\"},\"query-input\":{\"@type\":\"PropertyValueSpecification\",\"valueRequired\":true,\"valueName\":\"search_term_string\"}}],\"inLanguage\":\"es\"},{\"@type\":\"Organization\",\"@id\":\"https:\/\/www.pressenza.com\/es\/#organization\",\"name\":\"Pressenza\",\"url\":\"https:\/\/www.pressenza.com\/es\/\",\"logo\":{\"@type\":\"ImageObject\",\"inLanguage\":\"es\",\"@id\":\"https:\/\/www.pressenza.com\/es\/#\/schema\/logo\/image\/\",\"url\":\"https:\/\/www.pressenza.com\/wp-content\/uploads\/2022\/10\/pressenza_logo_200x200.jpg\",\"contentUrl\":\"https:\/\/www.pressenza.com\/wp-content\/uploads\/2022\/10\/pressenza_logo_200x200.jpg\",\"width\":200,\"height\":200,\"caption\":\"Pressenza\"},\"image\":{\"@id\":\"https:\/\/www.pressenza.com\/es\/#\/schema\/logo\/image\/\"},\"sameAs\":[\"https:\/\/www.facebook.com\/PressenzaItalia\",\"https:\/\/x.com\/PressenzaIPA\"]},{\"@type\":\"Person\",\"@id\":\"https:\/\/www.pressenza.com\/es\/#\/schema\/person\/6925e927f8ff3a0cdb838320c5d12259\",\"name\":\"Reda\u00e7\u00e3o Rio de Janeiro\",\"description\":\"News published by the Pressenza bureau in Rio de Janeiro, Brazil\",\"url\":\"https:\/\/www.pressenza.com\/es\/author\/redacao-rio-de-janeiro\/\"}]}<\/script>\n<!-- \/ Yoast SEO plugin. -->","yoast_head_json":{"title":"Brasil: las elecciones municipales muestran el comienzo del fin de la ultraderecha","description":"Por Marcelo Z Carota * &nbsp; La izquierda reacciona, la derecha tradicional predomina, Bolsonaro es el gran perdedor &nbsp; El resultado de las","robots":{"index":"index","follow":"follow","max-snippet":"max-snippet:-1","max-image-preview":"max-image-preview:large","max-video-preview":"max-video-preview:-1"},"canonical":"https:\/\/www.pressenza.com\/es\/2020\/11\/brasil-las-elecciones-municipales-muestran-el-comienzo-del-fin-de-la-ultraderecha\/","og_locale":"es_ES","og_type":"article","og_title":"Brasil: las elecciones municipales muestran el comienzo del fin de la ultraderecha","og_description":"Por Marcelo Z Carota * &nbsp; La izquierda reacciona, la derecha tradicional predomina, Bolsonaro es el gran perdedor &nbsp; El resultado de las","og_url":"https:\/\/www.pressenza.com\/es\/2020\/11\/brasil-las-elecciones-municipales-muestran-el-comienzo-del-fin-de-la-ultraderecha\/","og_site_name":"Pressenza","article_publisher":"https:\/\/www.facebook.com\/PressenzaItalia","article_published_time":"2020-11-18T08:49:30+00:00","og_image":[{"width":799,"height":533,"url":"https:\/\/www.pressenza.com\/wp-content\/uploads\/2020\/11\/Brasilia-Set-2018-Carolina-Bruzzone-MidiaNinja.jpg","type":"image\/jpeg"}],"author":"Reda\u00e7\u00e3o Rio de Janeiro","twitter_card":"summary_large_image","twitter_creator":"@PressenzaIPA","twitter_site":"@PressenzaIPA","twitter_misc":{"Escrito por":"Reda\u00e7\u00e3o Rio de Janeiro","Tiempo de lectura":"9 minutos"},"schema":{"@context":"https:\/\/schema.org","@graph":[{"@type":"Article","@id":"https:\/\/www.pressenza.com\/es\/2020\/11\/brasil-las-elecciones-municipales-muestran-el-comienzo-del-fin-de-la-ultraderecha\/#article","isPartOf":{"@id":"https:\/\/www.pressenza.com\/es\/2020\/11\/brasil-las-elecciones-municipales-muestran-el-comienzo-del-fin-de-la-ultraderecha\/"},"author":{"name":"Reda\u00e7\u00e3o Rio de Janeiro","@id":"https:\/\/www.pressenza.com\/es\/#\/schema\/person\/6925e927f8ff3a0cdb838320c5d12259"},"headline":"Brasil: las elecciones municipales muestran el comienzo del fin de la ultraderecha","datePublished":"2020-11-18T08:49:30+00:00","mainEntityOfPage":{"@id":"https:\/\/www.pressenza.com\/es\/2020\/11\/brasil-las-elecciones-municipales-muestran-el-comienzo-del-fin-de-la-ultraderecha\/"},"wordCount":1750,"publisher":{"@id":"https:\/\/www.pressenza.com\/es\/#organization"},"image":{"@id":"https:\/\/www.pressenza.com\/es\/2020\/11\/brasil-las-elecciones-municipales-muestran-el-comienzo-del-fin-de-la-ultraderecha\/#primaryimage"},"thumbnailUrl":"https:\/\/www.pressenza.com\/wp-content\/uploads\/2020\/11\/Brasilia-Set-2018-Carolina-Bruzzone-MidiaNinja.jpg","keywords":["#EleNao","Bolsonaro","Brasil","derecha","elecciones"],"articleSection":["Contenido Original","Opiniones","Pol\u00edtica","Sudam\u00e9rica"],"inLanguage":"es"},{"@type":"WebPage","@id":"https:\/\/www.pressenza.com\/es\/2020\/11\/brasil-las-elecciones-municipales-muestran-el-comienzo-del-fin-de-la-ultraderecha\/","url":"https:\/\/www.pressenza.com\/es\/2020\/11\/brasil-las-elecciones-municipales-muestran-el-comienzo-del-fin-de-la-ultraderecha\/","name":"Brasil: las elecciones municipales muestran el comienzo del fin de la ultraderecha","isPartOf":{"@id":"https:\/\/www.pressenza.com\/es\/#website"},"primaryImageOfPage":{"@id":"https:\/\/www.pressenza.com\/es\/2020\/11\/brasil-las-elecciones-municipales-muestran-el-comienzo-del-fin-de-la-ultraderecha\/#primaryimage"},"image":{"@id":"https:\/\/www.pressenza.com\/es\/2020\/11\/brasil-las-elecciones-municipales-muestran-el-comienzo-del-fin-de-la-ultraderecha\/#primaryimage"},"thumbnailUrl":"https:\/\/www.pressenza.com\/wp-content\/uploads\/2020\/11\/Brasilia-Set-2018-Carolina-Bruzzone-MidiaNinja.jpg","datePublished":"2020-11-18T08:49:30+00:00","description":"Por Marcelo Z Carota * &nbsp; La izquierda reacciona, la derecha tradicional predomina, Bolsonaro es el gran perdedor &nbsp; El resultado de las","breadcrumb":{"@id":"https:\/\/www.pressenza.com\/es\/2020\/11\/brasil-las-elecciones-municipales-muestran-el-comienzo-del-fin-de-la-ultraderecha\/#breadcrumb"},"inLanguage":"es","potentialAction":[{"@type":"ReadAction","target":["https:\/\/www.pressenza.com\/es\/2020\/11\/brasil-las-elecciones-municipales-muestran-el-comienzo-del-fin-de-la-ultraderecha\/"]}]},{"@type":"ImageObject","inLanguage":"es","@id":"https:\/\/www.pressenza.com\/es\/2020\/11\/brasil-las-elecciones-municipales-muestran-el-comienzo-del-fin-de-la-ultraderecha\/#primaryimage","url":"https:\/\/www.pressenza.com\/wp-content\/uploads\/2020\/11\/Brasilia-Set-2018-Carolina-Bruzzone-MidiaNinja.jpg","contentUrl":"https:\/\/www.pressenza.com\/wp-content\/uploads\/2020\/11\/Brasilia-Set-2018-Carolina-Bruzzone-MidiaNinja.jpg","width":799,"height":533},{"@type":"BreadcrumbList","@id":"https:\/\/www.pressenza.com\/es\/2020\/11\/brasil-las-elecciones-municipales-muestran-el-comienzo-del-fin-de-la-ultraderecha\/#breadcrumb","itemListElement":[{"@type":"ListItem","position":1,"name":"Accueil","item":"https:\/\/www.pressenza.com\/es\/"},{"@type":"ListItem","position":2,"name":"Brasil: las elecciones municipales muestran el comienzo del fin de la ultraderecha"}]},{"@type":"WebSite","@id":"https:\/\/www.pressenza.com\/es\/#website","url":"https:\/\/www.pressenza.com\/es\/","name":"Pressenza","description":"International Press Agency","publisher":{"@id":"https:\/\/www.pressenza.com\/es\/#organization"},"potentialAction":[{"@type":"SearchAction","target":{"@type":"EntryPoint","urlTemplate":"https:\/\/www.pressenza.com\/es\/?s={search_term_string}"},"query-input":{"@type":"PropertyValueSpecification","valueRequired":true,"valueName":"search_term_string"}}],"inLanguage":"es"},{"@type":"Organization","@id":"https:\/\/www.pressenza.com\/es\/#organization","name":"Pressenza","url":"https:\/\/www.pressenza.com\/es\/","logo":{"@type":"ImageObject","inLanguage":"es","@id":"https:\/\/www.pressenza.com\/es\/#\/schema\/logo\/image\/","url":"https:\/\/www.pressenza.com\/wp-content\/uploads\/2022\/10\/pressenza_logo_200x200.jpg","contentUrl":"https:\/\/www.pressenza.com\/wp-content\/uploads\/2022\/10\/pressenza_logo_200x200.jpg","width":200,"height":200,"caption":"Pressenza"},"image":{"@id":"https:\/\/www.pressenza.com\/es\/#\/schema\/logo\/image\/"},"sameAs":["https:\/\/www.facebook.com\/PressenzaItalia","https:\/\/x.com\/PressenzaIPA"]},{"@type":"Person","@id":"https:\/\/www.pressenza.com\/es\/#\/schema\/person\/6925e927f8ff3a0cdb838320c5d12259","name":"Reda\u00e7\u00e3o Rio de Janeiro","description":"News published by the Pressenza bureau in Rio de Janeiro, Brazil","url":"https:\/\/www.pressenza.com\/es\/author\/redacao-rio-de-janeiro\/"}]}},"place":"Brasil","original_article_url":"","_links":{"self":[{"href":"https:\/\/www.pressenza.com\/es\/wp-json\/wp\/v2\/posts\/1242177","targetHints":{"allow":["GET"]}}],"collection":[{"href":"https:\/\/www.pressenza.com\/es\/wp-json\/wp\/v2\/posts"}],"about":[{"href":"https:\/\/www.pressenza.com\/es\/wp-json\/wp\/v2\/types\/post"}],"author":[{"embeddable":true,"href":"https:\/\/www.pressenza.com\/es\/wp-json\/wp\/v2\/users\/1685"}],"replies":[{"embeddable":true,"href":"https:\/\/www.pressenza.com\/es\/wp-json\/wp\/v2\/comments?post=1242177"}],"version-history":[{"count":0,"href":"https:\/\/www.pressenza.com\/es\/wp-json\/wp\/v2\/posts\/1242177\/revisions"}],"wp:featuredmedia":[{"embeddable":true,"href":"https:\/\/www.pressenza.com\/es\/wp-json\/wp\/v2\/media\/1241627"}],"wp:attachment":[{"href":"https:\/\/www.pressenza.com\/es\/wp-json\/wp\/v2\/media?parent=1242177"}],"wp:term":[{"taxonomy":"category","embeddable":true,"href":"https:\/\/www.pressenza.com\/es\/wp-json\/wp\/v2\/categories?post=1242177"},{"taxonomy":"post_tag","embeddable":true,"href":"https:\/\/www.pressenza.com\/es\/wp-json\/wp\/v2\/tags?post=1242177"}],"curies":[{"name":"wp","href":"https:\/\/api.w.org\/{rel}","templated":true}]}}