{"id":1239566,"date":"2020-11-14T12:19:35","date_gmt":"2020-11-14T12:19:35","guid":{"rendered":"https:\/\/www.pressenza.com\/?p=1239566"},"modified":"2020-11-14T12:19:35","modified_gmt":"2020-11-14T12:19:35","slug":"megamineria-persecucion-allanamientos-y-detenciones-en-chubut","status":"publish","type":"post","link":"https:\/\/www.pressenza.com\/es\/2020\/11\/megamineria-persecucion-allanamientos-y-detenciones-en-chubut\/","title":{"rendered":"Megaminer\u00eda: persecuci\u00f3n, allanamientos y detenciones en Chubut"},"content":{"rendered":"<p style=\"padding-left: 40px;\"><strong>Luego de movilizaciones en rechazo a la megaminer\u00eda, la polic\u00eda de Chubut allan\u00f3 los domicilios de activistas del \u201cNo la mina\u201d.<\/strong><\/p>\n<p style=\"padding-left: 40px;\"><strong>\u201cEl Gobierno se lanz\u00f3 a la caza de integrantes de asambleas\u201d, denunci\u00f3 la Uni\u00f3n de Asamblea de Chubut. El operativo fue encabezado por el ministro de Seguridad, Federico Massoni.<\/strong><\/p>\n<p>&nbsp;<\/p>\n<p>Asambleas socioambientales de Chubut denunciaron que el gobierno de Mariano Arcioni intenta imponer la megaminer\u00eda con violencia y detenciones arbitrarias. Precisaron que ayer jueves la polic\u00eda provincial allan\u00f3 en Rawson las viviendas de asamble\u00edstas que rechazan la megaminer\u00eda. Los operativos se dan luego de que, en la \u00faltima semana, se produjeran movilizaciones en todo Chubut en defensa del agua y contra la avanzada extractiva.<\/p>\n<p>\u201cEl gobierno de Mariano Arcioni elige el camino de la criminalizaci\u00f3n de la protesta social y la represi\u00f3n para justificar la apertura de la megaminer\u00eda\u201d, denunci\u00f3 la Uni\u00f3n de Asambleas de Comunidades de Chubut (UAC-CH) ayer por la noche en un comunicado. Definieron la situaci\u00f3n provincial como \u201cconvulsionada\u201d y explicaron: \u201cLuego de las multitudinarias movilizaciones el Gobierno se lanz\u00f3 a la caza de integrantes de asambleas y manifestantes por los incidentes (del 10 de noviembre) en inmediaciones de la Casa de Gobierno. Previamente los medios hegem\u00f3nicos de prensa demonizaron al hist\u00f3rico movimiento del No a la Mina calific\u00e1ndolo de \u2018ecoterrorista\u2019\u201d.<\/p>\n<p>El ministro de Seguridad de Chubut, Federico Massoni, comand\u00f3 los allanamientos contra asamble\u00edstas (video).<\/p>\n<div style=\"width: 640px;\" class=\"wp-video\"><!--[if lt IE 9]><script>document.createElement('video');<\/script><![endif]-->\n<video class=\"wp-video-shortcode\" id=\"video-1239566-1\" width=\"640\" height=\"352\" preload=\"metadata\" controls=\"controls\"><source type=\"video\/mp4\" src=\"https:\/\/www.pressenza.com\/wp-content\/uploads\/2020\/11\/chubut-ministro-de-seguridad-1.mp4?_=1\" \/><a href=\"https:\/\/www.pressenza.com\/wp-content\/uploads\/2020\/11\/chubut-ministro-de-seguridad-1.mp4\">https:\/\/www.pressenza.com\/wp-content\/uploads\/2020\/11\/chubut-ministro-de-seguridad-1.mp4<\/a><\/video><\/div>\n<p>&nbsp;<\/p>\n<p>El jueves 5 de noviembre, en el lanzamiento de la \u201cMesa Nacional para el dise\u00f1o del Plan Estrat\u00e9gico para el Desarrollo Minero Argentino\u201d, el gobernador <a href=\"https:\/\/agenciatierraviva.com.ar\/alerta-en-chubut-por-el-avance-de-la-megamineria\/\" target=\"_blank\" rel=\"noopener noreferrer\">Mariano Arcioni anunci\u00f3 que planea avanzar con la megaminer\u00eda en la provincia<\/a>. En 2017, en campa\u00f1a electoral, el mismo Arcioni hab\u00eda ratificado su rechazo a la actividad.<\/p>\n<p>El anuncio de Arcioni fue seguido de <a href=\"https:\/\/noalamina.org\/argentina\/chubut\/item\/44438-arcioni-cada-vez-mas-solo-es-amplio-y-diverso-el-rechazo-a-la-zonificacion\" target=\"_blank\" rel=\"noopener noreferrer\">numerosos rechazos<\/a>, desde diversos concejos deliberantes, hasta sectores pol\u00edticos, acad\u00e9micos y sociales.<\/p>\n<p>La actividad es rechazada en Chubut desde 2002, con numerosas asambleas socioambientales y pueblos originarios que exigen que se priorice el ambiente, la salud y los derechos territoriales de los pueblos ind\u00edgenas (normativas internacionales obliga a obtener su consentimiento ante actividades que pudieran afectarlos).<\/p>\n<p>\u201cLas detenciones con grupos de fuerzas especiales comandadas por el ministro de Seguridad, Federico Massoni, no tienen justificaci\u00f3n alguna. Es parte de un circo peligroso y criminalizador para habilitar una actividad que no cuenta con licencia social en ning\u00fan punto del territorio provincial\u201d, destac\u00f3 la Uni\u00f3n de Asambleas.<\/p>\n<p>Pablo Lada, asamble\u00edsta de Chubut, explic\u00f3 v\u00eda redes sociales que a la medianoche del jueves ya no hab\u00eda detenidos y que los activistas fueron demorados durante el tiempo que se realizaban los allanamientos. \u201cEs parte de un circo criminalizador\u201d, resumi\u00f3.<\/p>\n<p>La Asamblea de Rawson No a la Megaminer\u00eda repudi\u00f3 los operativos y denunci\u00f3 al gobierno provincial: \u201cViola la vida constitucional y democr\u00e1tica con el objetivo de imponer la megaminer\u00eda en Chubut\u201d.<\/p>\n<p>Los operativos fueron ordenados por el juez penal Fabio Monti y el fiscal Fernando Rivarola. Recordaron que Rivarola fue denunciado en 2015 por <a href=\"https:\/\/www.lavaca.org\/notas\/esquel-espionaje-de-organismos-de-inteligencia-contra-vecinos-y-ley-antiterrorista-contra-los-mapuche\/\" target=\"_blank\" rel=\"noopener noreferrer\">espionaje ilegal a 26 vecinos de Esquel<\/a>, que incluy\u00f3 seguimientos y confecci\u00f3n de \u201cfichas\u201d con detalles personales de militantes socioambientales, de pueblos originarios y periodistas.<\/p>\n<p>Un escueto e impreciso informe policial confirm\u00f3 que se trat\u00f3 de cuatro allanamientos encabezados por fuerzas especiales de la \u201cDivisi\u00f3n Policial de Investigaciones Rawson y de la Divisi\u00f3n Drogas Peligrosas\u201d.<\/p>\n","protected":false},"excerpt":{"rendered":"<p>Luego de movilizaciones en rechazo a la megaminer\u00eda, la polic\u00eda de Chubut allan\u00f3 los domicilios de activistas del \u201cNo la mina\u201d. \u201cEl Gobierno se lanz\u00f3 a la caza de integrantes de asambleas\u201d, denunci\u00f3 la Uni\u00f3n de Asamblea de Chubut. El&hellip;<\/p>\n","protected":false},"author":1254,"featured_media":1239623,"comment_status":"closed","ping_status":"closed","sticky":false,"template":"","format":"standard","meta":{"footnotes":""},"categories":[149,78,74,67],"tags":[55176,1544,18759,20348,83937],"class_list":["post-1239566","post","type-post","status-publish","format-standard","has-post-thumbnail","hentry","category-comunicados-de-prensa","category-medio-ambiente-ecologia","category-politica-es","category-sudamerica","tag-chubut-es","tag-extractivismo","tag-industrias-extractivas","tag-megamineria","tag-no-a-la-mina"],"yoast_head":"<!-- This site is optimized with the Yoast SEO plugin v27.1.1 - https:\/\/yoast.com\/product\/yoast-seo-wordpress\/ -->\n<title>Megaminer\u00eda: persecuci\u00f3n, allanamientos y detenciones en Chubut<\/title>\n<meta name=\"description\" content=\"Luego de movilizaciones en rechazo a la megaminer\u00eda, la polic\u00eda de Chubut allan\u00f3 los domicilios de activistas del \u201cNo la mina\u201d. \u201cEl Gobierno se lanz\u00f3 a la\" \/>\n<meta name=\"robots\" content=\"index, follow, max-snippet:-1, max-image-preview:large, max-video-preview:-1\" \/>\n<link rel=\"canonical\" href=\"https:\/\/www.pressenza.com\/es\/2020\/11\/megamineria-persecucion-allanamientos-y-detenciones-en-chubut\/\" \/>\n<meta property=\"og:locale\" content=\"es_ES\" \/>\n<meta property=\"og:type\" content=\"article\" \/>\n<meta property=\"og:title\" content=\"Megaminer\u00eda: persecuci\u00f3n, allanamientos y detenciones en Chubut\" \/>\n<meta property=\"og:description\" content=\"Luego de movilizaciones en rechazo a la megaminer\u00eda, la polic\u00eda de Chubut allan\u00f3 los domicilios de activistas del \u201cNo la mina\u201d. \u201cEl Gobierno se lanz\u00f3 a la\" \/>\n<meta property=\"og:url\" content=\"https:\/\/www.pressenza.com\/es\/2020\/11\/megamineria-persecucion-allanamientos-y-detenciones-en-chubut\/\" \/>\n<meta property=\"og:site_name\" content=\"Pressenza\" \/>\n<meta property=\"article:publisher\" content=\"https:\/\/www.facebook.com\/PressenzaItalia\" \/>\n<meta property=\"article:author\" content=\"https:\/\/www.facebook.com\/pressenza\" \/>\n<meta property=\"article:published_time\" content=\"2020-11-14T12:19:35+00:00\" \/>\n<meta property=\"og:image\" content=\"https:\/\/www.pressenza.com\/wp-content\/uploads\/2020\/11\/Rawson-Chubut-10-11-2020-LUAN-Colectiva-de-Accion-Fotografica.jpg\" \/>\n\t<meta property=\"og:image:width\" content=\"1024\" \/>\n\t<meta property=\"og:image:height\" content=\"683\" \/>\n\t<meta property=\"og:image:type\" content=\"image\/jpeg\" \/>\n<meta name=\"author\" content=\"Redacci\u00f3n Mar del Plata\" \/>\n<meta name=\"twitter:card\" content=\"summary_large_image\" \/>\n<meta name=\"twitter:creator\" content=\"@Pressenza\" \/>\n<meta name=\"twitter:site\" content=\"@PressenzaIPA\" \/>\n<meta name=\"twitter:label1\" content=\"Escrito por\" \/>\n\t<meta name=\"twitter:data1\" content=\"Redacci\u00f3n Mar del Plata\" \/>\n\t<meta name=\"twitter:label2\" content=\"Tiempo de lectura\" \/>\n\t<meta name=\"twitter:data2\" content=\"3 minutos\" \/>\n<script type=\"application\/ld+json\" class=\"yoast-schema-graph\">{\"@context\":\"https:\/\/schema.org\",\"@graph\":[{\"@type\":\"Article\",\"@id\":\"https:\/\/www.pressenza.com\/es\/2020\/11\/megamineria-persecucion-allanamientos-y-detenciones-en-chubut\/#article\",\"isPartOf\":{\"@id\":\"https:\/\/www.pressenza.com\/es\/2020\/11\/megamineria-persecucion-allanamientos-y-detenciones-en-chubut\/\"},\"author\":{\"name\":\"Redacci\u00f3n Mar del Plata\",\"@id\":\"https:\/\/www.pressenza.com\/es\/#\/schema\/person\/738658b5125ecea661a8a0b96dba8b69\"},\"headline\":\"Megaminer\u00eda: persecuci\u00f3n, allanamientos y detenciones en Chubut\",\"datePublished\":\"2020-11-14T12:19:35+00:00\",\"mainEntityOfPage\":{\"@id\":\"https:\/\/www.pressenza.com\/es\/2020\/11\/megamineria-persecucion-allanamientos-y-detenciones-en-chubut\/\"},\"wordCount\":594,\"publisher\":{\"@id\":\"https:\/\/www.pressenza.com\/es\/#organization\"},\"image\":{\"@id\":\"https:\/\/www.pressenza.com\/es\/2020\/11\/megamineria-persecucion-allanamientos-y-detenciones-en-chubut\/#primaryimage\"},\"thumbnailUrl\":\"https:\/\/www.pressenza.com\/wp-content\/uploads\/2020\/11\/Rawson-Chubut-10-11-2020-LUAN-Colectiva-de-Accion-Fotografica.jpg\",\"keywords\":[\"Chubut\",\"extractivismo\",\"industrias extractivas\",\"megaminer\u00eda\",\"No a la mina\"],\"articleSection\":[\"Comunicados de Prensa\",\"Ecolog\u00eda y Medio Ambiente\",\"Pol\u00edtica\",\"Sudam\u00e9rica\"],\"inLanguage\":\"es\"},{\"@type\":\"WebPage\",\"@id\":\"https:\/\/www.pressenza.com\/es\/2020\/11\/megamineria-persecucion-allanamientos-y-detenciones-en-chubut\/\",\"url\":\"https:\/\/www.pressenza.com\/es\/2020\/11\/megamineria-persecucion-allanamientos-y-detenciones-en-chubut\/\",\"name\":\"Megaminer\u00eda: persecuci\u00f3n, allanamientos y detenciones en Chubut\",\"isPartOf\":{\"@id\":\"https:\/\/www.pressenza.com\/es\/#website\"},\"primaryImageOfPage\":{\"@id\":\"https:\/\/www.pressenza.com\/es\/2020\/11\/megamineria-persecucion-allanamientos-y-detenciones-en-chubut\/#primaryimage\"},\"image\":{\"@id\":\"https:\/\/www.pressenza.com\/es\/2020\/11\/megamineria-persecucion-allanamientos-y-detenciones-en-chubut\/#primaryimage\"},\"thumbnailUrl\":\"https:\/\/www.pressenza.com\/wp-content\/uploads\/2020\/11\/Rawson-Chubut-10-11-2020-LUAN-Colectiva-de-Accion-Fotografica.jpg\",\"datePublished\":\"2020-11-14T12:19:35+00:00\",\"description\":\"Luego de movilizaciones en rechazo a la megaminer\u00eda, la polic\u00eda de Chubut allan\u00f3 los domicilios de activistas del \u201cNo la mina\u201d. \u201cEl Gobierno se lanz\u00f3 a la\",\"breadcrumb\":{\"@id\":\"https:\/\/www.pressenza.com\/es\/2020\/11\/megamineria-persecucion-allanamientos-y-detenciones-en-chubut\/#breadcrumb\"},\"inLanguage\":\"es\",\"potentialAction\":[{\"@type\":\"ReadAction\",\"target\":[\"https:\/\/www.pressenza.com\/es\/2020\/11\/megamineria-persecucion-allanamientos-y-detenciones-en-chubut\/\"]}]},{\"@type\":\"ImageObject\",\"inLanguage\":\"es\",\"@id\":\"https:\/\/www.pressenza.com\/es\/2020\/11\/megamineria-persecucion-allanamientos-y-detenciones-en-chubut\/#primaryimage\",\"url\":\"https:\/\/www.pressenza.com\/wp-content\/uploads\/2020\/11\/Rawson-Chubut-10-11-2020-LUAN-Colectiva-de-Accion-Fotografica.jpg\",\"contentUrl\":\"https:\/\/www.pressenza.com\/wp-content\/uploads\/2020\/11\/Rawson-Chubut-10-11-2020-LUAN-Colectiva-de-Accion-Fotografica.jpg\",\"width\":1024,\"height\":683},{\"@type\":\"BreadcrumbList\",\"@id\":\"https:\/\/www.pressenza.com\/es\/2020\/11\/megamineria-persecucion-allanamientos-y-detenciones-en-chubut\/#breadcrumb\",\"itemListElement\":[{\"@type\":\"ListItem\",\"position\":1,\"name\":\"Accueil\",\"item\":\"https:\/\/www.pressenza.com\/es\/\"},{\"@type\":\"ListItem\",\"position\":2,\"name\":\"Megaminer\u00eda: persecuci\u00f3n, allanamientos y detenciones en Chubut\"}]},{\"@type\":\"WebSite\",\"@id\":\"https:\/\/www.pressenza.com\/es\/#website\",\"url\":\"https:\/\/www.pressenza.com\/es\/\",\"name\":\"Pressenza\",\"description\":\"International Press Agency\",\"publisher\":{\"@id\":\"https:\/\/www.pressenza.com\/es\/#organization\"},\"potentialAction\":[{\"@type\":\"SearchAction\",\"target\":{\"@type\":\"EntryPoint\",\"urlTemplate\":\"https:\/\/www.pressenza.com\/es\/?s={search_term_string}\"},\"query-input\":{\"@type\":\"PropertyValueSpecification\",\"valueRequired\":true,\"valueName\":\"search_term_string\"}}],\"inLanguage\":\"es\"},{\"@type\":\"Organization\",\"@id\":\"https:\/\/www.pressenza.com\/es\/#organization\",\"name\":\"Pressenza\",\"url\":\"https:\/\/www.pressenza.com\/es\/\",\"logo\":{\"@type\":\"ImageObject\",\"inLanguage\":\"es\",\"@id\":\"https:\/\/www.pressenza.com\/es\/#\/schema\/logo\/image\/\",\"url\":\"https:\/\/www.pressenza.com\/wp-content\/uploads\/2022\/10\/pressenza_logo_200x200.jpg\",\"contentUrl\":\"https:\/\/www.pressenza.com\/wp-content\/uploads\/2022\/10\/pressenza_logo_200x200.jpg\",\"width\":200,\"height\":200,\"caption\":\"Pressenza\"},\"image\":{\"@id\":\"https:\/\/www.pressenza.com\/es\/#\/schema\/logo\/image\/\"},\"sameAs\":[\"https:\/\/www.facebook.com\/PressenzaItalia\",\"https:\/\/x.com\/PressenzaIPA\"]},{\"@type\":\"Person\",\"@id\":\"https:\/\/www.pressenza.com\/es\/#\/schema\/person\/738658b5125ecea661a8a0b96dba8b69\",\"name\":\"Redacci\u00f3n Mar del Plata\",\"description\":\"News published by the Pressenza bureau in Mar Del Plata, Argentina\",\"sameAs\":[\"https:\/\/www.facebook.com\/pressenza\",\"https:\/\/x.com\/Pressenza\"],\"url\":\"https:\/\/www.pressenza.com\/es\/author\/redaccion-mar-del-plata\/\"}]}<\/script>\n<!-- \/ Yoast SEO plugin. -->","yoast_head_json":{"title":"Megaminer\u00eda: persecuci\u00f3n, allanamientos y detenciones en Chubut","description":"Luego de movilizaciones en rechazo a la megaminer\u00eda, la polic\u00eda de Chubut allan\u00f3 los domicilios de activistas del \u201cNo la mina\u201d. \u201cEl Gobierno se lanz\u00f3 a la","robots":{"index":"index","follow":"follow","max-snippet":"max-snippet:-1","max-image-preview":"max-image-preview:large","max-video-preview":"max-video-preview:-1"},"canonical":"https:\/\/www.pressenza.com\/es\/2020\/11\/megamineria-persecucion-allanamientos-y-detenciones-en-chubut\/","og_locale":"es_ES","og_type":"article","og_title":"Megaminer\u00eda: persecuci\u00f3n, allanamientos y detenciones en Chubut","og_description":"Luego de movilizaciones en rechazo a la megaminer\u00eda, la polic\u00eda de Chubut allan\u00f3 los domicilios de activistas del \u201cNo la mina\u201d. \u201cEl Gobierno se lanz\u00f3 a la","og_url":"https:\/\/www.pressenza.com\/es\/2020\/11\/megamineria-persecucion-allanamientos-y-detenciones-en-chubut\/","og_site_name":"Pressenza","article_publisher":"https:\/\/www.facebook.com\/PressenzaItalia","article_author":"https:\/\/www.facebook.com\/pressenza","article_published_time":"2020-11-14T12:19:35+00:00","og_image":[{"width":1024,"height":683,"url":"https:\/\/www.pressenza.com\/wp-content\/uploads\/2020\/11\/Rawson-Chubut-10-11-2020-LUAN-Colectiva-de-Accion-Fotografica.jpg","type":"image\/jpeg"}],"author":"Redacci\u00f3n Mar del Plata","twitter_card":"summary_large_image","twitter_creator":"@Pressenza","twitter_site":"@PressenzaIPA","twitter_misc":{"Escrito por":"Redacci\u00f3n Mar del Plata","Tiempo de lectura":"3 minutos"},"schema":{"@context":"https:\/\/schema.org","@graph":[{"@type":"Article","@id":"https:\/\/www.pressenza.com\/es\/2020\/11\/megamineria-persecucion-allanamientos-y-detenciones-en-chubut\/#article","isPartOf":{"@id":"https:\/\/www.pressenza.com\/es\/2020\/11\/megamineria-persecucion-allanamientos-y-detenciones-en-chubut\/"},"author":{"name":"Redacci\u00f3n Mar del Plata","@id":"https:\/\/www.pressenza.com\/es\/#\/schema\/person\/738658b5125ecea661a8a0b96dba8b69"},"headline":"Megaminer\u00eda: persecuci\u00f3n, allanamientos y detenciones en Chubut","datePublished":"2020-11-14T12:19:35+00:00","mainEntityOfPage":{"@id":"https:\/\/www.pressenza.com\/es\/2020\/11\/megamineria-persecucion-allanamientos-y-detenciones-en-chubut\/"},"wordCount":594,"publisher":{"@id":"https:\/\/www.pressenza.com\/es\/#organization"},"image":{"@id":"https:\/\/www.pressenza.com\/es\/2020\/11\/megamineria-persecucion-allanamientos-y-detenciones-en-chubut\/#primaryimage"},"thumbnailUrl":"https:\/\/www.pressenza.com\/wp-content\/uploads\/2020\/11\/Rawson-Chubut-10-11-2020-LUAN-Colectiva-de-Accion-Fotografica.jpg","keywords":["Chubut","extractivismo","industrias extractivas","megaminer\u00eda","No a la mina"],"articleSection":["Comunicados de Prensa","Ecolog\u00eda y Medio Ambiente","Pol\u00edtica","Sudam\u00e9rica"],"inLanguage":"es"},{"@type":"WebPage","@id":"https:\/\/www.pressenza.com\/es\/2020\/11\/megamineria-persecucion-allanamientos-y-detenciones-en-chubut\/","url":"https:\/\/www.pressenza.com\/es\/2020\/11\/megamineria-persecucion-allanamientos-y-detenciones-en-chubut\/","name":"Megaminer\u00eda: persecuci\u00f3n, allanamientos y detenciones en Chubut","isPartOf":{"@id":"https:\/\/www.pressenza.com\/es\/#website"},"primaryImageOfPage":{"@id":"https:\/\/www.pressenza.com\/es\/2020\/11\/megamineria-persecucion-allanamientos-y-detenciones-en-chubut\/#primaryimage"},"image":{"@id":"https:\/\/www.pressenza.com\/es\/2020\/11\/megamineria-persecucion-allanamientos-y-detenciones-en-chubut\/#primaryimage"},"thumbnailUrl":"https:\/\/www.pressenza.com\/wp-content\/uploads\/2020\/11\/Rawson-Chubut-10-11-2020-LUAN-Colectiva-de-Accion-Fotografica.jpg","datePublished":"2020-11-14T12:19:35+00:00","description":"Luego de movilizaciones en rechazo a la megaminer\u00eda, la polic\u00eda de Chubut allan\u00f3 los domicilios de activistas del \u201cNo la mina\u201d. \u201cEl Gobierno se lanz\u00f3 a la","breadcrumb":{"@id":"https:\/\/www.pressenza.com\/es\/2020\/11\/megamineria-persecucion-allanamientos-y-detenciones-en-chubut\/#breadcrumb"},"inLanguage":"es","potentialAction":[{"@type":"ReadAction","target":["https:\/\/www.pressenza.com\/es\/2020\/11\/megamineria-persecucion-allanamientos-y-detenciones-en-chubut\/"]}]},{"@type":"ImageObject","inLanguage":"es","@id":"https:\/\/www.pressenza.com\/es\/2020\/11\/megamineria-persecucion-allanamientos-y-detenciones-en-chubut\/#primaryimage","url":"https:\/\/www.pressenza.com\/wp-content\/uploads\/2020\/11\/Rawson-Chubut-10-11-2020-LUAN-Colectiva-de-Accion-Fotografica.jpg","contentUrl":"https:\/\/www.pressenza.com\/wp-content\/uploads\/2020\/11\/Rawson-Chubut-10-11-2020-LUAN-Colectiva-de-Accion-Fotografica.jpg","width":1024,"height":683},{"@type":"BreadcrumbList","@id":"https:\/\/www.pressenza.com\/es\/2020\/11\/megamineria-persecucion-allanamientos-y-detenciones-en-chubut\/#breadcrumb","itemListElement":[{"@type":"ListItem","position":1,"name":"Accueil","item":"https:\/\/www.pressenza.com\/es\/"},{"@type":"ListItem","position":2,"name":"Megaminer\u00eda: persecuci\u00f3n, allanamientos y detenciones en Chubut"}]},{"@type":"WebSite","@id":"https:\/\/www.pressenza.com\/es\/#website","url":"https:\/\/www.pressenza.com\/es\/","name":"Pressenza","description":"International Press Agency","publisher":{"@id":"https:\/\/www.pressenza.com\/es\/#organization"},"potentialAction":[{"@type":"SearchAction","target":{"@type":"EntryPoint","urlTemplate":"https:\/\/www.pressenza.com\/es\/?s={search_term_string}"},"query-input":{"@type":"PropertyValueSpecification","valueRequired":true,"valueName":"search_term_string"}}],"inLanguage":"es"},{"@type":"Organization","@id":"https:\/\/www.pressenza.com\/es\/#organization","name":"Pressenza","url":"https:\/\/www.pressenza.com\/es\/","logo":{"@type":"ImageObject","inLanguage":"es","@id":"https:\/\/www.pressenza.com\/es\/#\/schema\/logo\/image\/","url":"https:\/\/www.pressenza.com\/wp-content\/uploads\/2022\/10\/pressenza_logo_200x200.jpg","contentUrl":"https:\/\/www.pressenza.com\/wp-content\/uploads\/2022\/10\/pressenza_logo_200x200.jpg","width":200,"height":200,"caption":"Pressenza"},"image":{"@id":"https:\/\/www.pressenza.com\/es\/#\/schema\/logo\/image\/"},"sameAs":["https:\/\/www.facebook.com\/PressenzaItalia","https:\/\/x.com\/PressenzaIPA"]},{"@type":"Person","@id":"https:\/\/www.pressenza.com\/es\/#\/schema\/person\/738658b5125ecea661a8a0b96dba8b69","name":"Redacci\u00f3n Mar del Plata","description":"News published by the Pressenza bureau in Mar Del Plata, Argentina","sameAs":["https:\/\/www.facebook.com\/pressenza","https:\/\/x.com\/Pressenza"],"url":"https:\/\/www.pressenza.com\/es\/author\/redaccion-mar-del-plata\/"}]}},"place":"Argentina","original_article_url":"https:\/\/agenciatierraviva.com.ar\/megamineria-persecucion-allanamientos-y-detenciones-en-chubut\/","_links":{"self":[{"href":"https:\/\/www.pressenza.com\/es\/wp-json\/wp\/v2\/posts\/1239566","targetHints":{"allow":["GET"]}}],"collection":[{"href":"https:\/\/www.pressenza.com\/es\/wp-json\/wp\/v2\/posts"}],"about":[{"href":"https:\/\/www.pressenza.com\/es\/wp-json\/wp\/v2\/types\/post"}],"author":[{"embeddable":true,"href":"https:\/\/www.pressenza.com\/es\/wp-json\/wp\/v2\/users\/1254"}],"replies":[{"embeddable":true,"href":"https:\/\/www.pressenza.com\/es\/wp-json\/wp\/v2\/comments?post=1239566"}],"version-history":[{"count":0,"href":"https:\/\/www.pressenza.com\/es\/wp-json\/wp\/v2\/posts\/1239566\/revisions"}],"wp:featuredmedia":[{"embeddable":true,"href":"https:\/\/www.pressenza.com\/es\/wp-json\/wp\/v2\/media\/1239623"}],"wp:attachment":[{"href":"https:\/\/www.pressenza.com\/es\/wp-json\/wp\/v2\/media?parent=1239566"}],"wp:term":[{"taxonomy":"category","embeddable":true,"href":"https:\/\/www.pressenza.com\/es\/wp-json\/wp\/v2\/categories?post=1239566"},{"taxonomy":"post_tag","embeddable":true,"href":"https:\/\/www.pressenza.com\/es\/wp-json\/wp\/v2\/tags?post=1239566"}],"curies":[{"name":"wp","href":"https:\/\/api.w.org\/{rel}","templated":true}]}}