{"id":1237226,"date":"2020-11-11T00:10:14","date_gmt":"2020-11-11T00:10:14","guid":{"rendered":"https:\/\/www.pressenza.com\/?p=1237226"},"modified":"2020-11-11T00:10:14","modified_gmt":"2020-11-11T00:10:14","slug":"desigualdad-creciente-un-desafio-para-la-economia","status":"publish","type":"post","link":"https:\/\/www.pressenza.com\/es\/2020\/11\/desigualdad-creciente-un-desafio-para-la-economia\/","title":{"rendered":"Desigualdad creciente: Un desaf\u00edo para la econom\u00eda"},"content":{"rendered":"<p>Una vez m\u00e1s el Instituto de pol\u00edticas p\u00fablicas Humanizar se compromete en aportar en la direcci\u00f3n de pensar acerca del momento actual y la direcci\u00f3n de los acontecimientos. Esta vez en el campo de la econom\u00eda y desde una variable trascendente: la desigualdad. Para ello invita a un conversatorio que se llevar\u00e1 a cabo el pr\u00f3ximo jueves a las 18Hs de Argentina.<\/p>\n<p>Parten de pensar en que la pandemia de Covid 19 introduce un nuevo factor al escenario de incertidumbre en los ingresos monetarios de las personas en todo el planeta. Los esquemas productivos se han visto afectados y el consumo general tiene una importante reducci\u00f3n en todas las regiones y pa\u00edses.. Diferentes informes se\u00f1alan ca\u00eddas de alrededor de 10 puntos en los PBI nacionales.<\/p>\n<p>En un mundo hiper mercantilizado, en el que bienes y servicios son adquiridos a trav\u00e9s del pago en moneda, emergen nuevamente con mucho inter\u00e9s los estudios de pobreza por ingresos y la alternativa de mecanismos que permitan atenuar esta situaci\u00f3n.<\/p>\n<p>La creciente desigualdad derivada de una escandalosa concentraci\u00f3n de la riqueza, la situaci\u00f3n de pobreza que atraviesan a\u00fan aquellos que tienen trabajo asalariado, los procesos inflacionarios que lic\u00faan de inmediato cualquier mejora en los niveles salariales, las reconversiones en los modos de producci\u00f3n que expulsan mano de obra humana, entre otros factores, plantean escenarios complejos para la supervivencia de millones de personas y, como consecuencia, de la sociedad humana actual.<\/p>\n<p>De este an\u00e1lisis surgen preguntas: \u00bfQu\u00e9 experiencias conocidas podemos rescatar y qu\u00e9 nuevas propuestas podr\u00edamos imaginar que tengan un fuerte impacto en la distribuci\u00f3n y redistribuci\u00f3n de la riqueza? \u00bfCu\u00e1les ser\u00edan las medidas de pol\u00edtica p\u00fablica que los gobiernos pueden impulsar en esta coyuntura para mejorar los ingresos monetarios y alcanzar un mejor nivel de vida para todos?<\/p>\n<p>Estas preguntas ser\u00e1n abordadas por Juana P\u00e9rez Montero, periodista en la agencia de noticias Pressenza , adem\u00e1s de participante en la Red Humanista por la Renta B\u00e1sica Universal, desde Espa\u00f1a; Eva Sacco economista del CEPA y Guillermo Sullings, economista humanista; en el encuentro virtual que se realizar\u00e1 este jueves 12 de noviembre y que podr\u00e1 verse a trav\u00e9s del canal de YouTube del Instituto de pol\u00edticas P\u00fablicas Humanizar a las 18Hs que recomendamos. Los organizadores recomiendan activar la campanita de suscripci\u00f3n para recordar el evento y ofrecen tambi\u00e9n participar en el Zoom, e interactuar con los expositores. Solicitando por WhatsApp el ID y Contrase\u00f1a al n\u00famero que figura en la imagen +54 9 1160385673.<\/p>\n","protected":false},"excerpt":{"rendered":"<p>Una vez m\u00e1s el Instituto de pol\u00edticas p\u00fablicas Humanizar se compromete en aportar en la direcci\u00f3n de pensar acerca del momento actual y la direcci\u00f3n de los acontecimientos. Esta vez en el campo de la econom\u00eda y desde una variable&hellip;<\/p>\n","protected":false},"author":1273,"featured_media":1237228,"comment_status":"closed","ping_status":"closed","sticky":false,"template":"","format":"standard","meta":{"footnotes":""},"categories":[149,11389,1240,67],"tags":[77409],"class_list":["post-1237226","post","type-post","status-publish","format-standard","has-post-thumbnail","hentry","category-comunicados-de-prensa","category-contenido-original","category-humanismo-espiritualidad","category-sudamerica","tag-instituto-humanizar"],"yoast_head":"<!-- This site is optimized with the Yoast SEO plugin v27.1.1 - https:\/\/yoast.com\/product\/yoast-seo-wordpress\/ -->\n<title>Desigualdad creciente: Un desaf\u00edo para la econom\u00eda<\/title>\n<meta name=\"description\" content=\"Una vez m\u00e1s el Instituto de pol\u00edticas p\u00fablicas Humanizar se compromete en aportar en la direcci\u00f3n de pensar acerca del momento actual y la direcci\u00f3n de\" \/>\n<meta name=\"robots\" content=\"index, follow, max-snippet:-1, max-image-preview:large, max-video-preview:-1\" \/>\n<link rel=\"canonical\" href=\"https:\/\/www.pressenza.com\/es\/2020\/11\/desigualdad-creciente-un-desafio-para-la-economia\/\" \/>\n<meta property=\"og:locale\" content=\"es_ES\" \/>\n<meta property=\"og:type\" content=\"article\" \/>\n<meta property=\"og:title\" content=\"Desigualdad creciente: Un desaf\u00edo para la econom\u00eda\" \/>\n<meta property=\"og:description\" content=\"Una vez m\u00e1s el Instituto de pol\u00edticas p\u00fablicas Humanizar se compromete en aportar en la direcci\u00f3n de pensar acerca del momento actual y la direcci\u00f3n de\" \/>\n<meta property=\"og:url\" content=\"https:\/\/www.pressenza.com\/es\/2020\/11\/desigualdad-creciente-un-desafio-para-la-economia\/\" \/>\n<meta property=\"og:site_name\" content=\"Pressenza\" \/>\n<meta property=\"article:publisher\" content=\"https:\/\/www.facebook.com\/PressenzaItalia\" \/>\n<meta property=\"article:author\" content=\"https:\/\/www.facebook.com\/Pressenza\/\" \/>\n<meta property=\"article:published_time\" content=\"2020-11-11T00:10:14+00:00\" \/>\n<meta property=\"og:image\" content=\"https:\/\/www.pressenza.com\/wp-content\/uploads\/2020\/11\/\u00edndice.jpeg\" \/>\n\t<meta property=\"og:image:width\" content=\"1182\" \/>\n\t<meta property=\"og:image:height\" content=\"889\" \/>\n\t<meta property=\"og:image:type\" content=\"image\/jpeg\" \/>\n<meta name=\"author\" content=\"Redacci\u00f3n Buenos Aires\" \/>\n<meta name=\"twitter:card\" content=\"summary_large_image\" \/>\n<meta name=\"twitter:creator\" content=\"@pressenza\" \/>\n<meta name=\"twitter:site\" content=\"@PressenzaIPA\" \/>\n<meta name=\"twitter:label1\" content=\"Escrito por\" \/>\n\t<meta name=\"twitter:data1\" content=\"Redacci\u00f3n Buenos Aires\" \/>\n\t<meta name=\"twitter:label2\" content=\"Tiempo de lectura\" \/>\n\t<meta name=\"twitter:data2\" content=\"2 minutos\" \/>\n<script type=\"application\/ld+json\" class=\"yoast-schema-graph\">{\"@context\":\"https:\/\/schema.org\",\"@graph\":[{\"@type\":\"Article\",\"@id\":\"https:\/\/www.pressenza.com\/es\/2020\/11\/desigualdad-creciente-un-desafio-para-la-economia\/#article\",\"isPartOf\":{\"@id\":\"https:\/\/www.pressenza.com\/es\/2020\/11\/desigualdad-creciente-un-desafio-para-la-economia\/\"},\"author\":{\"name\":\"Redacci\u00f3n Buenos Aires\",\"@id\":\"https:\/\/www.pressenza.com\/es\/#\/schema\/person\/d61b5f5fc632435ce9db3a31b1f2be87\"},\"headline\":\"Desigualdad creciente: Un desaf\u00edo para la econom\u00eda\",\"datePublished\":\"2020-11-11T00:10:14+00:00\",\"mainEntityOfPage\":{\"@id\":\"https:\/\/www.pressenza.com\/es\/2020\/11\/desigualdad-creciente-un-desafio-para-la-economia\/\"},\"wordCount\":448,\"publisher\":{\"@id\":\"https:\/\/www.pressenza.com\/es\/#organization\"},\"image\":{\"@id\":\"https:\/\/www.pressenza.com\/es\/2020\/11\/desigualdad-creciente-un-desafio-para-la-economia\/#primaryimage\"},\"thumbnailUrl\":\"https:\/\/www.pressenza.com\/wp-content\/uploads\/2020\/11\/\u00edndice.jpeg\",\"keywords\":[\"Instituto Humanizar\"],\"articleSection\":[\"Comunicados de Prensa\",\"Contenido Original\",\"Humanismo y Espiritualidad\",\"Sudam\u00e9rica\"],\"inLanguage\":\"es\"},{\"@type\":\"WebPage\",\"@id\":\"https:\/\/www.pressenza.com\/es\/2020\/11\/desigualdad-creciente-un-desafio-para-la-economia\/\",\"url\":\"https:\/\/www.pressenza.com\/es\/2020\/11\/desigualdad-creciente-un-desafio-para-la-economia\/\",\"name\":\"Desigualdad creciente: Un desaf\u00edo para la econom\u00eda\",\"isPartOf\":{\"@id\":\"https:\/\/www.pressenza.com\/es\/#website\"},\"primaryImageOfPage\":{\"@id\":\"https:\/\/www.pressenza.com\/es\/2020\/11\/desigualdad-creciente-un-desafio-para-la-economia\/#primaryimage\"},\"image\":{\"@id\":\"https:\/\/www.pressenza.com\/es\/2020\/11\/desigualdad-creciente-un-desafio-para-la-economia\/#primaryimage\"},\"thumbnailUrl\":\"https:\/\/www.pressenza.com\/wp-content\/uploads\/2020\/11\/\u00edndice.jpeg\",\"datePublished\":\"2020-11-11T00:10:14+00:00\",\"description\":\"Una vez m\u00e1s el Instituto de pol\u00edticas p\u00fablicas Humanizar se compromete en aportar en la direcci\u00f3n de pensar acerca del momento actual y la direcci\u00f3n de\",\"breadcrumb\":{\"@id\":\"https:\/\/www.pressenza.com\/es\/2020\/11\/desigualdad-creciente-un-desafio-para-la-economia\/#breadcrumb\"},\"inLanguage\":\"es\",\"potentialAction\":[{\"@type\":\"ReadAction\",\"target\":[\"https:\/\/www.pressenza.com\/es\/2020\/11\/desigualdad-creciente-un-desafio-para-la-economia\/\"]}]},{\"@type\":\"ImageObject\",\"inLanguage\":\"es\",\"@id\":\"https:\/\/www.pressenza.com\/es\/2020\/11\/desigualdad-creciente-un-desafio-para-la-economia\/#primaryimage\",\"url\":\"https:\/\/www.pressenza.com\/wp-content\/uploads\/2020\/11\/\u00edndice.jpeg\",\"contentUrl\":\"https:\/\/www.pressenza.com\/wp-content\/uploads\/2020\/11\/\u00edndice.jpeg\",\"width\":1182,\"height\":889,\"caption\":\"Instituto Humanizar\"},{\"@type\":\"BreadcrumbList\",\"@id\":\"https:\/\/www.pressenza.com\/es\/2020\/11\/desigualdad-creciente-un-desafio-para-la-economia\/#breadcrumb\",\"itemListElement\":[{\"@type\":\"ListItem\",\"position\":1,\"name\":\"Accueil\",\"item\":\"https:\/\/www.pressenza.com\/es\/\"},{\"@type\":\"ListItem\",\"position\":2,\"name\":\"Desigualdad creciente: Un desaf\u00edo para la econom\u00eda\"}]},{\"@type\":\"WebSite\",\"@id\":\"https:\/\/www.pressenza.com\/es\/#website\",\"url\":\"https:\/\/www.pressenza.com\/es\/\",\"name\":\"Pressenza\",\"description\":\"International Press Agency\",\"publisher\":{\"@id\":\"https:\/\/www.pressenza.com\/es\/#organization\"},\"potentialAction\":[{\"@type\":\"SearchAction\",\"target\":{\"@type\":\"EntryPoint\",\"urlTemplate\":\"https:\/\/www.pressenza.com\/es\/?s={search_term_string}\"},\"query-input\":{\"@type\":\"PropertyValueSpecification\",\"valueRequired\":true,\"valueName\":\"search_term_string\"}}],\"inLanguage\":\"es\"},{\"@type\":\"Organization\",\"@id\":\"https:\/\/www.pressenza.com\/es\/#organization\",\"name\":\"Pressenza\",\"url\":\"https:\/\/www.pressenza.com\/es\/\",\"logo\":{\"@type\":\"ImageObject\",\"inLanguage\":\"es\",\"@id\":\"https:\/\/www.pressenza.com\/es\/#\/schema\/logo\/image\/\",\"url\":\"https:\/\/www.pressenza.com\/wp-content\/uploads\/2022\/10\/pressenza_logo_200x200.jpg\",\"contentUrl\":\"https:\/\/www.pressenza.com\/wp-content\/uploads\/2022\/10\/pressenza_logo_200x200.jpg\",\"width\":200,\"height\":200,\"caption\":\"Pressenza\"},\"image\":{\"@id\":\"https:\/\/www.pressenza.com\/es\/#\/schema\/logo\/image\/\"},\"sameAs\":[\"https:\/\/www.facebook.com\/PressenzaItalia\",\"https:\/\/x.com\/PressenzaIPA\"]},{\"@type\":\"Person\",\"@id\":\"https:\/\/www.pressenza.com\/es\/#\/schema\/person\/d61b5f5fc632435ce9db3a31b1f2be87\",\"name\":\"Redacci\u00f3n Buenos Aires\",\"description\":\"News published by the Pressenza bureau in Buenos Aires, Argentina\",\"sameAs\":[\"https:\/\/www.facebook.com\/Pressenza\/\",\"https:\/\/x.com\/pressenza\"],\"url\":\"https:\/\/www.pressenza.com\/es\/author\/redaccion-buenos-aires\/\"}]}<\/script>\n<!-- \/ Yoast SEO plugin. -->","yoast_head_json":{"title":"Desigualdad creciente: Un desaf\u00edo para la econom\u00eda","description":"Una vez m\u00e1s el Instituto de pol\u00edticas p\u00fablicas Humanizar se compromete en aportar en la direcci\u00f3n de pensar acerca del momento actual y la direcci\u00f3n de","robots":{"index":"index","follow":"follow","max-snippet":"max-snippet:-1","max-image-preview":"max-image-preview:large","max-video-preview":"max-video-preview:-1"},"canonical":"https:\/\/www.pressenza.com\/es\/2020\/11\/desigualdad-creciente-un-desafio-para-la-economia\/","og_locale":"es_ES","og_type":"article","og_title":"Desigualdad creciente: Un desaf\u00edo para la econom\u00eda","og_description":"Una vez m\u00e1s el Instituto de pol\u00edticas p\u00fablicas Humanizar se compromete en aportar en la direcci\u00f3n de pensar acerca del momento actual y la direcci\u00f3n de","og_url":"https:\/\/www.pressenza.com\/es\/2020\/11\/desigualdad-creciente-un-desafio-para-la-economia\/","og_site_name":"Pressenza","article_publisher":"https:\/\/www.facebook.com\/PressenzaItalia","article_author":"https:\/\/www.facebook.com\/Pressenza\/","article_published_time":"2020-11-11T00:10:14+00:00","og_image":[{"width":1182,"height":889,"url":"https:\/\/www.pressenza.com\/wp-content\/uploads\/2020\/11\/\u00edndice.jpeg","type":"image\/jpeg"}],"author":"Redacci\u00f3n Buenos Aires","twitter_card":"summary_large_image","twitter_creator":"@pressenza","twitter_site":"@PressenzaIPA","twitter_misc":{"Escrito por":"Redacci\u00f3n Buenos Aires","Tiempo de lectura":"2 minutos"},"schema":{"@context":"https:\/\/schema.org","@graph":[{"@type":"Article","@id":"https:\/\/www.pressenza.com\/es\/2020\/11\/desigualdad-creciente-un-desafio-para-la-economia\/#article","isPartOf":{"@id":"https:\/\/www.pressenza.com\/es\/2020\/11\/desigualdad-creciente-un-desafio-para-la-economia\/"},"author":{"name":"Redacci\u00f3n Buenos Aires","@id":"https:\/\/www.pressenza.com\/es\/#\/schema\/person\/d61b5f5fc632435ce9db3a31b1f2be87"},"headline":"Desigualdad creciente: Un desaf\u00edo para la econom\u00eda","datePublished":"2020-11-11T00:10:14+00:00","mainEntityOfPage":{"@id":"https:\/\/www.pressenza.com\/es\/2020\/11\/desigualdad-creciente-un-desafio-para-la-economia\/"},"wordCount":448,"publisher":{"@id":"https:\/\/www.pressenza.com\/es\/#organization"},"image":{"@id":"https:\/\/www.pressenza.com\/es\/2020\/11\/desigualdad-creciente-un-desafio-para-la-economia\/#primaryimage"},"thumbnailUrl":"https:\/\/www.pressenza.com\/wp-content\/uploads\/2020\/11\/\u00edndice.jpeg","keywords":["Instituto Humanizar"],"articleSection":["Comunicados de Prensa","Contenido Original","Humanismo y Espiritualidad","Sudam\u00e9rica"],"inLanguage":"es"},{"@type":"WebPage","@id":"https:\/\/www.pressenza.com\/es\/2020\/11\/desigualdad-creciente-un-desafio-para-la-economia\/","url":"https:\/\/www.pressenza.com\/es\/2020\/11\/desigualdad-creciente-un-desafio-para-la-economia\/","name":"Desigualdad creciente: Un desaf\u00edo para la econom\u00eda","isPartOf":{"@id":"https:\/\/www.pressenza.com\/es\/#website"},"primaryImageOfPage":{"@id":"https:\/\/www.pressenza.com\/es\/2020\/11\/desigualdad-creciente-un-desafio-para-la-economia\/#primaryimage"},"image":{"@id":"https:\/\/www.pressenza.com\/es\/2020\/11\/desigualdad-creciente-un-desafio-para-la-economia\/#primaryimage"},"thumbnailUrl":"https:\/\/www.pressenza.com\/wp-content\/uploads\/2020\/11\/\u00edndice.jpeg","datePublished":"2020-11-11T00:10:14+00:00","description":"Una vez m\u00e1s el Instituto de pol\u00edticas p\u00fablicas Humanizar se compromete en aportar en la direcci\u00f3n de pensar acerca del momento actual y la direcci\u00f3n de","breadcrumb":{"@id":"https:\/\/www.pressenza.com\/es\/2020\/11\/desigualdad-creciente-un-desafio-para-la-economia\/#breadcrumb"},"inLanguage":"es","potentialAction":[{"@type":"ReadAction","target":["https:\/\/www.pressenza.com\/es\/2020\/11\/desigualdad-creciente-un-desafio-para-la-economia\/"]}]},{"@type":"ImageObject","inLanguage":"es","@id":"https:\/\/www.pressenza.com\/es\/2020\/11\/desigualdad-creciente-un-desafio-para-la-economia\/#primaryimage","url":"https:\/\/www.pressenza.com\/wp-content\/uploads\/2020\/11\/\u00edndice.jpeg","contentUrl":"https:\/\/www.pressenza.com\/wp-content\/uploads\/2020\/11\/\u00edndice.jpeg","width":1182,"height":889,"caption":"Instituto Humanizar"},{"@type":"BreadcrumbList","@id":"https:\/\/www.pressenza.com\/es\/2020\/11\/desigualdad-creciente-un-desafio-para-la-economia\/#breadcrumb","itemListElement":[{"@type":"ListItem","position":1,"name":"Accueil","item":"https:\/\/www.pressenza.com\/es\/"},{"@type":"ListItem","position":2,"name":"Desigualdad creciente: Un desaf\u00edo para la econom\u00eda"}]},{"@type":"WebSite","@id":"https:\/\/www.pressenza.com\/es\/#website","url":"https:\/\/www.pressenza.com\/es\/","name":"Pressenza","description":"International Press Agency","publisher":{"@id":"https:\/\/www.pressenza.com\/es\/#organization"},"potentialAction":[{"@type":"SearchAction","target":{"@type":"EntryPoint","urlTemplate":"https:\/\/www.pressenza.com\/es\/?s={search_term_string}"},"query-input":{"@type":"PropertyValueSpecification","valueRequired":true,"valueName":"search_term_string"}}],"inLanguage":"es"},{"@type":"Organization","@id":"https:\/\/www.pressenza.com\/es\/#organization","name":"Pressenza","url":"https:\/\/www.pressenza.com\/es\/","logo":{"@type":"ImageObject","inLanguage":"es","@id":"https:\/\/www.pressenza.com\/es\/#\/schema\/logo\/image\/","url":"https:\/\/www.pressenza.com\/wp-content\/uploads\/2022\/10\/pressenza_logo_200x200.jpg","contentUrl":"https:\/\/www.pressenza.com\/wp-content\/uploads\/2022\/10\/pressenza_logo_200x200.jpg","width":200,"height":200,"caption":"Pressenza"},"image":{"@id":"https:\/\/www.pressenza.com\/es\/#\/schema\/logo\/image\/"},"sameAs":["https:\/\/www.facebook.com\/PressenzaItalia","https:\/\/x.com\/PressenzaIPA"]},{"@type":"Person","@id":"https:\/\/www.pressenza.com\/es\/#\/schema\/person\/d61b5f5fc632435ce9db3a31b1f2be87","name":"Redacci\u00f3n Buenos Aires","description":"News published by the Pressenza bureau in Buenos Aires, Argentina","sameAs":["https:\/\/www.facebook.com\/Pressenza\/","https:\/\/x.com\/pressenza"],"url":"https:\/\/www.pressenza.com\/es\/author\/redaccion-buenos-aires\/"}]}},"place":"Buenos Aires, Argentina","original_article_url":"","_links":{"self":[{"href":"https:\/\/www.pressenza.com\/es\/wp-json\/wp\/v2\/posts\/1237226","targetHints":{"allow":["GET"]}}],"collection":[{"href":"https:\/\/www.pressenza.com\/es\/wp-json\/wp\/v2\/posts"}],"about":[{"href":"https:\/\/www.pressenza.com\/es\/wp-json\/wp\/v2\/types\/post"}],"author":[{"embeddable":true,"href":"https:\/\/www.pressenza.com\/es\/wp-json\/wp\/v2\/users\/1273"}],"replies":[{"embeddable":true,"href":"https:\/\/www.pressenza.com\/es\/wp-json\/wp\/v2\/comments?post=1237226"}],"version-history":[{"count":0,"href":"https:\/\/www.pressenza.com\/es\/wp-json\/wp\/v2\/posts\/1237226\/revisions"}],"wp:featuredmedia":[{"embeddable":true,"href":"https:\/\/www.pressenza.com\/es\/wp-json\/wp\/v2\/media\/1237228"}],"wp:attachment":[{"href":"https:\/\/www.pressenza.com\/es\/wp-json\/wp\/v2\/media?parent=1237226"}],"wp:term":[{"taxonomy":"category","embeddable":true,"href":"https:\/\/www.pressenza.com\/es\/wp-json\/wp\/v2\/categories?post=1237226"},{"taxonomy":"post_tag","embeddable":true,"href":"https:\/\/www.pressenza.com\/es\/wp-json\/wp\/v2\/tags?post=1237226"}],"curies":[{"name":"wp","href":"https:\/\/api.w.org\/{rel}","templated":true}]}}