{"id":1234,"date":"2009-09-06T00:00:00","date_gmt":"2009-09-06T00:00:00","guid":{"rendered":""},"modified":"2009-09-28T05:01:04","modified_gmt":"2009-09-28T05:01:04","slug":"alejandra-jimxnezx-directora-de-la-escuela-de-artes-circenses-circo-del-mundox-xnecesitamos-trabajar-por-la-pazx","status":"publish","type":"post","link":"https:\/\/www.pressenza.com\/es\/2009\/09\/alejandra-jimxnezx-directora-de-la-escuela-de-artes-circenses-circo-del-mundox-xnecesitamos-trabajar-por-la-pazx\/","title":{"rendered":"Alejandra Jim\u00e9nez, directora  de la Escuela de Artes Circenses Circo del Mundo: \u201cNecesitamos trabajar por la paz\u201d"},"content":{"rendered":"<p>Dos grandes carpas cerca del metro Pajaritos en la comuna de Lo Prado enmarcan el espacio cuidadosamente instalado para trabajar con la comunidad, su directora nos recibi\u00f3 y coment\u00f3 acerca de su proyecto.<\/p>\n<p>*\u00bfPor qu\u00e9 el Circo del Mundo adhiere a la Marcha Mundial por la Paz y la No Violencia?*<br \/>\nPorque somos artistas que contribuimos con nuestro quehacer a vivir en un  pa\u00eds mejor, con  m\u00e1s oportunidades, porque trabajamos con j\u00f3venes que queremos que se la jueguen, que se tomen su lugar, que se hagan cargo, que aporten, que construyan y construir tiene que ver con vivir, con sentir que eres parte de un lugar que se desarrolla y que crece y para que todo lo anterior fluya, necesitamos trabajar por la paz.<\/p>\n<p>*Cu\u00e9ntanos del trabajo art\u00edstico social del Circo del Mundo*<br \/>\nTrabajamos desde las artes esc\u00e9nicas, danza, teatro y circo contempor\u00e1neo, este \u00faltimo es nuestra disciplina.<br \/>\nEs una corporaci\u00f3n, no es una compa\u00f1\u00eda. Tenemos tres \u00e1reas de acci\u00f3n; el \u00e1rea social que abarca el arte y la transformaci\u00f3n social a trav\u00e9s del circo, esta pasa a ser una herramienta de desarrollo humano, principalmente se trabaja con ni\u00f1os y j\u00f3venes en riesgo social, y ahora estamos ampli\u00e1ndonos a discapacidad y otros \u00e1mbitos. El \u00e1rea acad\u00e9mica que tiene como objetivo la formaci\u00f3n de artistas profesionales pero con compromiso social, queremos recuperar el rol del compromiso social que tiene el arte. Son siete semestres m\u00e1s dos proyectos de t\u00edtulo, Espect\u00e1culo de Circo y Dise\u00f1o y Ejecuci\u00f3n de Circo Social. El a\u00f1o pasado sali\u00f3 la primera generaci\u00f3n, hicieron SubZirKo que ha recorrido Chile y ciudades de Latinoam\u00e9rica y el proyecto social es un trabajo con ni\u00f1os de la Telet\u00f3n.<\/p>\n<p>*\u00bfC\u00f3mo se form\u00f3 el Circo del Mundo?*<br \/>\nNosotros comenzamos el a\u00f1o 1995 como un proyecto muy peque\u00f1o de cooperaci\u00f3n internacional con El Canelo de Nos,  Jeunesse du Monde y Cirque du Soleil. Esto debido a que El Canelo ten\u00eda una escuela de teatro que estaba financiada por Jeunesse du Monde y cuando termin\u00f3 el proyecto en Chile nos hicieron la invitaci\u00f3n a esta aventura que comenz\u00f3 en Brasil con muy buenos resultados. Invitamos a artistas que quisieran trabajar en el circo y se nos abri\u00f3 un mundo ya que es una t\u00e9cnica que se aprende y se desarrolla de una forma muy r\u00e1pida, adem\u00e1s es un referente cultural, cualquier persona ha visto en su vida el circo y nosotros le ponemos integraci\u00f3n con otras \u00e1reas. Por otro lado al trabajar con j\u00f3venes en riesgo nosotros canalizamos este riesgo a un \u00e1rea art\u00edstica cambiando el rumbo de sus vidas. En el a\u00f1o 2000 nos independizamos del Canelo, ya que ellos tienen m\u00e1s que ver con el tema de la ecolog\u00eda y formamos la Corporaci\u00f3n El Circo del Mundo Chile. Nos fuimos a Matucana 100, luego a Quinta Normal en un convenio con Balmaceda Arte Joven y ahora estamos en el ex Mundo M\u00e1gico en un convenio con la municipalidad de Lo Prado, la idea es armar la escuela y tomarnos el espacio.<\/p>\n<p>*Cu\u00e9ntanos m\u00e1s del circo contempor\u00e1neo*<br \/>\nEn el circo se unen todas las artes, el circo es transversal, todos los roles son compartidos, todos trabajan en todo, hay un tema comunitario y es una actividad familiar. En el circo contempor\u00e1neo convergen las artes, la danza, el teatro, la m\u00fasica y el circo, rescata lo mejor de cada \u00e1rea y se pone al servicio del circo.<\/p>\n<p>*\u00bfTrabajan en red con otras compa\u00f1\u00edas o agrupaciones de circo contempor\u00e1neo?*<br \/>\nSomos miembros de la FEDEC, Federaci\u00f3n Europea de Escuelas de Circo, a nivel Latinoamericano s\u00f3lo est\u00e1 Chile y Colombia, lo que nos permite hacer intercambio. Tambi\u00e9n estamos en el Cirque du Monde, del Cirque du Soleil, cuya misi\u00f3n es la capacitaci\u00f3n de formadores y el trabajo social. La otra es la Red de Arte y Transformaci\u00f3n social, donde participan diferentes ciudades de Latinoam\u00e9rica, se propicia el intercambio y el trabajo social. Estamos en v\u00edas de formar una red de circo social, donde estar\u00edan Brasil, Argentina, Colombia, Per\u00fa, entre otros.<br \/>\nEl intercambio se financia con autogesti\u00f3n, dependiendo lo que cada uno pueda hacer.<\/p>\n<p>*\u00bfA qui\u00e9nes dirigen su propuesta?*<br \/>\nPartimos trabajando con j\u00f3venes y ni\u00f1os en riesgo social y lo estamos abriendo para todos, los que pueden pagar pagan y los que no pagan, hay mucha integraci\u00f3n, esto no afecta la formaci\u00f3n. El circo es una forma importante de desarrollo, queremos generar programas para discapacitados f\u00edsicos y cognitivos, familia, tercera edad, en fin. Hay otro proyecto para generar con los ni\u00f1os con enfermedades cr\u00f3nicas una especie de mini compa\u00f1\u00edas donde sean ellos los clown hospitalarios, nuestros participantes son los que terminan siendo los protagonistas nosotros somos los facilitadores, as\u00ed generamos los espacios.<\/p>\n","protected":false},"excerpt":{"rendered":"<p>Siendo una de las iniciativas art\u00edsticas sociales m\u00e1s importantes de Chile, el Circo del Mundo se suma a la Marcha Mundial por la no violencia y la paz. \u201cPorque somos artistas que contribuimos con nuestro quehacer a vivir en un  pa\u00eds mejor, porque trabajamos con j\u00f3venes que queremos que se la jueguen, que se hagan cargo\u201d<\/p>\n","protected":false},"author":19,"featured_media":0,"comment_status":"closed","ping_status":"open","sticky":false,"template":"","format":"standard","meta":{"footnotes":""},"categories":[75,161,67],"tags":[],"class_list":["post-1234","post","type-post","status-publish","format-standard","hentry","category-cultura-es","category-opiniones","category-sudamerica"],"yoast_head":"<!-- This site is optimized with the Yoast SEO plugin v27.1.1 - https:\/\/yoast.com\/product\/yoast-seo-wordpress\/ -->\n<title>Alejandra Jim\u00e9nez, directora de la Escuela de Artes Circenses Circo del Mundo: \u201cNecesitamos trabajar por la paz\u201d<\/title>\n<meta name=\"description\" content=\"Siendo una de las iniciativas art\u00edsticas sociales m\u00e1s importantes de Chile, el Circo del Mundo se suma a la Marcha Mundial por la no violencia y la paz. \u201cPorque somos artistas que contribuimos con nuestro quehacer a vivir en un pa\u00eds mejor, porque trabajamos con j\u00f3venes que queremos que se la jueguen, que se hagan cargo\u201d\" \/>\n<meta name=\"robots\" content=\"index, follow, max-snippet:-1, max-image-preview:large, max-video-preview:-1\" \/>\n<link rel=\"canonical\" href=\"https:\/\/www.pressenza.com\/es\/2009\/09\/alejandra-jimxnezx-directora-de-la-escuela-de-artes-circenses-circo-del-mundox-xnecesitamos-trabajar-por-la-pazx\/\" \/>\n<meta property=\"og:locale\" content=\"es_ES\" \/>\n<meta property=\"og:type\" content=\"article\" \/>\n<meta property=\"og:title\" content=\"Alejandra Jim\u00e9nez, directora de la Escuela de Artes Circenses Circo del Mundo: \u201cNecesitamos trabajar por la paz\u201d\" \/>\n<meta property=\"og:description\" content=\"Siendo una de las iniciativas art\u00edsticas sociales m\u00e1s importantes de Chile, el Circo del Mundo se suma a la Marcha Mundial por la no violencia y la paz. \u201cPorque somos artistas que contribuimos con nuestro quehacer a vivir en un pa\u00eds mejor, porque trabajamos con j\u00f3venes que queremos que se la jueguen, que se hagan cargo\u201d\" \/>\n<meta property=\"og:url\" content=\"https:\/\/www.pressenza.com\/es\/2009\/09\/alejandra-jimxnezx-directora-de-la-escuela-de-artes-circenses-circo-del-mundox-xnecesitamos-trabajar-por-la-pazx\/\" \/>\n<meta property=\"og:site_name\" content=\"Pressenza\" \/>\n<meta property=\"article:publisher\" content=\"https:\/\/www.facebook.com\/PressenzaItalia\" \/>\n<meta property=\"article:author\" content=\"https:\/\/www.facebook.com\/pressenza\" \/>\n<meta property=\"article:published_time\" content=\"2009-09-06T00:00:00+00:00\" \/>\n<meta property=\"article:modified_time\" content=\"2009-09-28T05:01:04+00:00\" \/>\n<meta name=\"author\" content=\"Pressenza IPA\" \/>\n<meta name=\"twitter:card\" content=\"summary_large_image\" \/>\n<meta name=\"twitter:creator\" content=\"@PressenzaIPA\" \/>\n<meta name=\"twitter:site\" content=\"@PressenzaIPA\" \/>\n<meta name=\"twitter:label1\" content=\"Escrito por\" \/>\n\t<meta name=\"twitter:data1\" content=\"Pressenza IPA\" \/>\n\t<meta name=\"twitter:label2\" content=\"Tiempo de lectura\" \/>\n\t<meta name=\"twitter:data2\" content=\"4 minutos\" \/>\n<script type=\"application\/ld+json\" class=\"yoast-schema-graph\">{\"@context\":\"https:\/\/schema.org\",\"@graph\":[{\"@type\":\"Article\",\"@id\":\"https:\/\/www.pressenza.com\/es\/2009\/09\/alejandra-jimxnezx-directora-de-la-escuela-de-artes-circenses-circo-del-mundox-xnecesitamos-trabajar-por-la-pazx\/#article\",\"isPartOf\":{\"@id\":\"https:\/\/www.pressenza.com\/es\/2009\/09\/alejandra-jimxnezx-directora-de-la-escuela-de-artes-circenses-circo-del-mundox-xnecesitamos-trabajar-por-la-pazx\/\"},\"author\":{\"name\":\"Pressenza IPA\",\"@id\":\"https:\/\/www.pressenza.com\/es\/#\/schema\/person\/010e5d02bcf40965427a1289a4cc8d75\"},\"headline\":\"Alejandra Jim\u00e9nez, directora de la Escuela de Artes Circenses Circo del Mundo: \u201cNecesitamos trabajar por la paz\u201d\",\"datePublished\":\"2009-09-06T00:00:00+00:00\",\"dateModified\":\"2009-09-28T05:01:04+00:00\",\"mainEntityOfPage\":{\"@id\":\"https:\/\/www.pressenza.com\/es\/2009\/09\/alejandra-jimxnezx-directora-de-la-escuela-de-artes-circenses-circo-del-mundox-xnecesitamos-trabajar-por-la-pazx\/\"},\"wordCount\":858,\"publisher\":{\"@id\":\"https:\/\/www.pressenza.com\/es\/#organization\"},\"articleSection\":[\"Cultura y Medios\",\"Opiniones\",\"Sudam\u00e9rica\"],\"inLanguage\":\"es\"},{\"@type\":\"WebPage\",\"@id\":\"https:\/\/www.pressenza.com\/es\/2009\/09\/alejandra-jimxnezx-directora-de-la-escuela-de-artes-circenses-circo-del-mundox-xnecesitamos-trabajar-por-la-pazx\/\",\"url\":\"https:\/\/www.pressenza.com\/es\/2009\/09\/alejandra-jimxnezx-directora-de-la-escuela-de-artes-circenses-circo-del-mundox-xnecesitamos-trabajar-por-la-pazx\/\",\"name\":\"Alejandra Jim\u00e9nez, directora de la Escuela de Artes Circenses Circo del Mundo: \u201cNecesitamos trabajar por la paz\u201d\",\"isPartOf\":{\"@id\":\"https:\/\/www.pressenza.com\/es\/#website\"},\"datePublished\":\"2009-09-06T00:00:00+00:00\",\"dateModified\":\"2009-09-28T05:01:04+00:00\",\"description\":\"Siendo una de las iniciativas art\u00edsticas sociales m\u00e1s importantes de Chile, el Circo del Mundo se suma a la Marcha Mundial por la no violencia y la paz. \u201cPorque somos artistas que contribuimos con nuestro quehacer a vivir en un pa\u00eds mejor, porque trabajamos con j\u00f3venes que queremos que se la jueguen, que se hagan cargo\u201d\",\"breadcrumb\":{\"@id\":\"https:\/\/www.pressenza.com\/es\/2009\/09\/alejandra-jimxnezx-directora-de-la-escuela-de-artes-circenses-circo-del-mundox-xnecesitamos-trabajar-por-la-pazx\/#breadcrumb\"},\"inLanguage\":\"es\",\"potentialAction\":[{\"@type\":\"ReadAction\",\"target\":[\"https:\/\/www.pressenza.com\/es\/2009\/09\/alejandra-jimxnezx-directora-de-la-escuela-de-artes-circenses-circo-del-mundox-xnecesitamos-trabajar-por-la-pazx\/\"]}]},{\"@type\":\"BreadcrumbList\",\"@id\":\"https:\/\/www.pressenza.com\/es\/2009\/09\/alejandra-jimxnezx-directora-de-la-escuela-de-artes-circenses-circo-del-mundox-xnecesitamos-trabajar-por-la-pazx\/#breadcrumb\",\"itemListElement\":[{\"@type\":\"ListItem\",\"position\":1,\"name\":\"Accueil\",\"item\":\"https:\/\/www.pressenza.com\/es\/\"},{\"@type\":\"ListItem\",\"position\":2,\"name\":\"Alejandra Jim\u00e9nez, directora de la Escuela de Artes Circenses Circo del Mundo: \u201cNecesitamos trabajar por la paz\u201d\"}]},{\"@type\":\"WebSite\",\"@id\":\"https:\/\/www.pressenza.com\/es\/#website\",\"url\":\"https:\/\/www.pressenza.com\/es\/\",\"name\":\"Pressenza\",\"description\":\"International Press Agency\",\"publisher\":{\"@id\":\"https:\/\/www.pressenza.com\/es\/#organization\"},\"potentialAction\":[{\"@type\":\"SearchAction\",\"target\":{\"@type\":\"EntryPoint\",\"urlTemplate\":\"https:\/\/www.pressenza.com\/es\/?s={search_term_string}\"},\"query-input\":{\"@type\":\"PropertyValueSpecification\",\"valueRequired\":true,\"valueName\":\"search_term_string\"}}],\"inLanguage\":\"es\"},{\"@type\":\"Organization\",\"@id\":\"https:\/\/www.pressenza.com\/es\/#organization\",\"name\":\"Pressenza\",\"url\":\"https:\/\/www.pressenza.com\/es\/\",\"logo\":{\"@type\":\"ImageObject\",\"inLanguage\":\"es\",\"@id\":\"https:\/\/www.pressenza.com\/es\/#\/schema\/logo\/image\/\",\"url\":\"https:\/\/www.pressenza.com\/wp-content\/uploads\/2022\/10\/pressenza_logo_200x200.jpg\",\"contentUrl\":\"https:\/\/www.pressenza.com\/wp-content\/uploads\/2022\/10\/pressenza_logo_200x200.jpg\",\"width\":200,\"height\":200,\"caption\":\"Pressenza\"},\"image\":{\"@id\":\"https:\/\/www.pressenza.com\/es\/#\/schema\/logo\/image\/\"},\"sameAs\":[\"https:\/\/www.facebook.com\/PressenzaItalia\",\"https:\/\/x.com\/PressenzaIPA\"]},{\"@type\":\"Person\",\"@id\":\"https:\/\/www.pressenza.com\/es\/#\/schema\/person\/010e5d02bcf40965427a1289a4cc8d75\",\"name\":\"Pressenza IPA\",\"description\":\"News from Pressenza IPA correspondents\",\"sameAs\":[\"https:\/\/www.facebook.com\/pressenza\",\"https:\/\/x.com\/PressenzaIPA\"],\"url\":\"https:\/\/www.pressenza.com\/es\/author\/pressenza-ipa\/\"}]}<\/script>\n<!-- \/ Yoast SEO plugin. -->","yoast_head_json":{"title":"Alejandra Jim\u00e9nez, directora de la Escuela de Artes Circenses Circo del Mundo: \u201cNecesitamos trabajar por la paz\u201d","description":"Siendo una de las iniciativas art\u00edsticas sociales m\u00e1s importantes de Chile, el Circo del Mundo se suma a la Marcha Mundial por la no violencia y la paz. \u201cPorque somos artistas que contribuimos con nuestro quehacer a vivir en un pa\u00eds mejor, porque trabajamos con j\u00f3venes que queremos que se la jueguen, que se hagan cargo\u201d","robots":{"index":"index","follow":"follow","max-snippet":"max-snippet:-1","max-image-preview":"max-image-preview:large","max-video-preview":"max-video-preview:-1"},"canonical":"https:\/\/www.pressenza.com\/es\/2009\/09\/alejandra-jimxnezx-directora-de-la-escuela-de-artes-circenses-circo-del-mundox-xnecesitamos-trabajar-por-la-pazx\/","og_locale":"es_ES","og_type":"article","og_title":"Alejandra Jim\u00e9nez, directora de la Escuela de Artes Circenses Circo del Mundo: \u201cNecesitamos trabajar por la paz\u201d","og_description":"Siendo una de las iniciativas art\u00edsticas sociales m\u00e1s importantes de Chile, el Circo del Mundo se suma a la Marcha Mundial por la no violencia y la paz. \u201cPorque somos artistas que contribuimos con nuestro quehacer a vivir en un pa\u00eds mejor, porque trabajamos con j\u00f3venes que queremos que se la jueguen, que se hagan cargo\u201d","og_url":"https:\/\/www.pressenza.com\/es\/2009\/09\/alejandra-jimxnezx-directora-de-la-escuela-de-artes-circenses-circo-del-mundox-xnecesitamos-trabajar-por-la-pazx\/","og_site_name":"Pressenza","article_publisher":"https:\/\/www.facebook.com\/PressenzaItalia","article_author":"https:\/\/www.facebook.com\/pressenza","article_published_time":"2009-09-06T00:00:00+00:00","article_modified_time":"2009-09-28T05:01:04+00:00","author":"Pressenza IPA","twitter_card":"summary_large_image","twitter_creator":"@PressenzaIPA","twitter_site":"@PressenzaIPA","twitter_misc":{"Escrito por":"Pressenza IPA","Tiempo de lectura":"4 minutos"},"schema":{"@context":"https:\/\/schema.org","@graph":[{"@type":"Article","@id":"https:\/\/www.pressenza.com\/es\/2009\/09\/alejandra-jimxnezx-directora-de-la-escuela-de-artes-circenses-circo-del-mundox-xnecesitamos-trabajar-por-la-pazx\/#article","isPartOf":{"@id":"https:\/\/www.pressenza.com\/es\/2009\/09\/alejandra-jimxnezx-directora-de-la-escuela-de-artes-circenses-circo-del-mundox-xnecesitamos-trabajar-por-la-pazx\/"},"author":{"name":"Pressenza IPA","@id":"https:\/\/www.pressenza.com\/es\/#\/schema\/person\/010e5d02bcf40965427a1289a4cc8d75"},"headline":"Alejandra Jim\u00e9nez, directora de la Escuela de Artes Circenses Circo del Mundo: \u201cNecesitamos trabajar por la paz\u201d","datePublished":"2009-09-06T00:00:00+00:00","dateModified":"2009-09-28T05:01:04+00:00","mainEntityOfPage":{"@id":"https:\/\/www.pressenza.com\/es\/2009\/09\/alejandra-jimxnezx-directora-de-la-escuela-de-artes-circenses-circo-del-mundox-xnecesitamos-trabajar-por-la-pazx\/"},"wordCount":858,"publisher":{"@id":"https:\/\/www.pressenza.com\/es\/#organization"},"articleSection":["Cultura y Medios","Opiniones","Sudam\u00e9rica"],"inLanguage":"es"},{"@type":"WebPage","@id":"https:\/\/www.pressenza.com\/es\/2009\/09\/alejandra-jimxnezx-directora-de-la-escuela-de-artes-circenses-circo-del-mundox-xnecesitamos-trabajar-por-la-pazx\/","url":"https:\/\/www.pressenza.com\/es\/2009\/09\/alejandra-jimxnezx-directora-de-la-escuela-de-artes-circenses-circo-del-mundox-xnecesitamos-trabajar-por-la-pazx\/","name":"Alejandra Jim\u00e9nez, directora de la Escuela de Artes Circenses Circo del Mundo: \u201cNecesitamos trabajar por la paz\u201d","isPartOf":{"@id":"https:\/\/www.pressenza.com\/es\/#website"},"datePublished":"2009-09-06T00:00:00+00:00","dateModified":"2009-09-28T05:01:04+00:00","description":"Siendo una de las iniciativas art\u00edsticas sociales m\u00e1s importantes de Chile, el Circo del Mundo se suma a la Marcha Mundial por la no violencia y la paz. \u201cPorque somos artistas que contribuimos con nuestro quehacer a vivir en un pa\u00eds mejor, porque trabajamos con j\u00f3venes que queremos que se la jueguen, que se hagan cargo\u201d","breadcrumb":{"@id":"https:\/\/www.pressenza.com\/es\/2009\/09\/alejandra-jimxnezx-directora-de-la-escuela-de-artes-circenses-circo-del-mundox-xnecesitamos-trabajar-por-la-pazx\/#breadcrumb"},"inLanguage":"es","potentialAction":[{"@type":"ReadAction","target":["https:\/\/www.pressenza.com\/es\/2009\/09\/alejandra-jimxnezx-directora-de-la-escuela-de-artes-circenses-circo-del-mundox-xnecesitamos-trabajar-por-la-pazx\/"]}]},{"@type":"BreadcrumbList","@id":"https:\/\/www.pressenza.com\/es\/2009\/09\/alejandra-jimxnezx-directora-de-la-escuela-de-artes-circenses-circo-del-mundox-xnecesitamos-trabajar-por-la-pazx\/#breadcrumb","itemListElement":[{"@type":"ListItem","position":1,"name":"Accueil","item":"https:\/\/www.pressenza.com\/es\/"},{"@type":"ListItem","position":2,"name":"Alejandra Jim\u00e9nez, directora de la Escuela de Artes Circenses Circo del Mundo: \u201cNecesitamos trabajar por la paz\u201d"}]},{"@type":"WebSite","@id":"https:\/\/www.pressenza.com\/es\/#website","url":"https:\/\/www.pressenza.com\/es\/","name":"Pressenza","description":"International Press Agency","publisher":{"@id":"https:\/\/www.pressenza.com\/es\/#organization"},"potentialAction":[{"@type":"SearchAction","target":{"@type":"EntryPoint","urlTemplate":"https:\/\/www.pressenza.com\/es\/?s={search_term_string}"},"query-input":{"@type":"PropertyValueSpecification","valueRequired":true,"valueName":"search_term_string"}}],"inLanguage":"es"},{"@type":"Organization","@id":"https:\/\/www.pressenza.com\/es\/#organization","name":"Pressenza","url":"https:\/\/www.pressenza.com\/es\/","logo":{"@type":"ImageObject","inLanguage":"es","@id":"https:\/\/www.pressenza.com\/es\/#\/schema\/logo\/image\/","url":"https:\/\/www.pressenza.com\/wp-content\/uploads\/2022\/10\/pressenza_logo_200x200.jpg","contentUrl":"https:\/\/www.pressenza.com\/wp-content\/uploads\/2022\/10\/pressenza_logo_200x200.jpg","width":200,"height":200,"caption":"Pressenza"},"image":{"@id":"https:\/\/www.pressenza.com\/es\/#\/schema\/logo\/image\/"},"sameAs":["https:\/\/www.facebook.com\/PressenzaItalia","https:\/\/x.com\/PressenzaIPA"]},{"@type":"Person","@id":"https:\/\/www.pressenza.com\/es\/#\/schema\/person\/010e5d02bcf40965427a1289a4cc8d75","name":"Pressenza IPA","description":"News from Pressenza IPA correspondents","sameAs":["https:\/\/www.facebook.com\/pressenza","https:\/\/x.com\/PressenzaIPA"],"url":"https:\/\/www.pressenza.com\/es\/author\/pressenza-ipa\/"}]}},"place":"Santiago","original_article_url":"","_links":{"self":[{"href":"https:\/\/www.pressenza.com\/es\/wp-json\/wp\/v2\/posts\/1234","targetHints":{"allow":["GET"]}}],"collection":[{"href":"https:\/\/www.pressenza.com\/es\/wp-json\/wp\/v2\/posts"}],"about":[{"href":"https:\/\/www.pressenza.com\/es\/wp-json\/wp\/v2\/types\/post"}],"author":[{"embeddable":true,"href":"https:\/\/www.pressenza.com\/es\/wp-json\/wp\/v2\/users\/19"}],"replies":[{"embeddable":true,"href":"https:\/\/www.pressenza.com\/es\/wp-json\/wp\/v2\/comments?post=1234"}],"version-history":[{"count":0,"href":"https:\/\/www.pressenza.com\/es\/wp-json\/wp\/v2\/posts\/1234\/revisions"}],"wp:attachment":[{"href":"https:\/\/www.pressenza.com\/es\/wp-json\/wp\/v2\/media?parent=1234"}],"wp:term":[{"taxonomy":"category","embeddable":true,"href":"https:\/\/www.pressenza.com\/es\/wp-json\/wp\/v2\/categories?post=1234"},{"taxonomy":"post_tag","embeddable":true,"href":"https:\/\/www.pressenza.com\/es\/wp-json\/wp\/v2\/tags?post=1234"}],"curies":[{"name":"wp","href":"https:\/\/api.w.org\/{rel}","templated":true}]}}