{"id":1233,"date":"2009-09-06T00:00:00","date_gmt":"2009-09-06T00:00:00","guid":{"rendered":""},"modified":"2009-09-28T05:01:04","modified_gmt":"2009-09-28T05:01:04","slug":"capacitan-a-lxderes-sociales-regionales-en-derechos-sexuales-y-reproductivos","status":"publish","type":"post","link":"https:\/\/www.pressenza.com\/es\/2009\/09\/capacitan-a-lxderes-sociales-regionales-en-derechos-sexuales-y-reproductivos\/","title":{"rendered":"Capacitan a l\u00edderes sociales regionales en derechos sexuales y reproductivos"},"content":{"rendered":"<p>El \u00c1rea de G\u00e9nero y Sexualidades de la Fundaci\u00f3n Laura Rodr\u00edguez desarrollar\u00e1 talleres de capacitaci\u00f3n y formaci\u00f3n a dirigentes y l\u00edderes sociales que trabajan tem\u00e1ticas referidas a los derechos sexuales y reproductivos en las ciudades de Arica, Coquimbo, Talcahuano, conforme al proyecto aprobado por la Divisi\u00f3n de Organizaciones Sociales de la Secretar\u00eda General de la Presidencia del Gobierno.<\/p>\n<p>\u201cLa motivaci\u00f3n principal para llevar a cabo el  proyecto, explica Ang\u00e9lica Valero, fue constatar la falta de informaci\u00f3n y el poco manejo conceptual de estos derechos en las organizaciones sociales elegidas, y la necesidad de promover la participaci\u00f3n ciudadana en todo Chile\u201d.<\/p>\n<p>Estos talleres buscan develar la profundidad de este fen\u00f3meno como un proceso global que va m\u00e1s all\u00e1 de un problema exclusivo de g\u00e9nero, de salud o de violencia. Es necesario potenciar una compresi\u00f3n integral de la sexualidad interconectada con el bienestar y la odiosidad, la riqueza y la pobreza, la integraci\u00f3n social y la marginaci\u00f3n, como tambi\u00e9n su significado como acci\u00f3n pol\u00edtica. <\/p>\n<p>\u201cBuscaremos, agrega Ang\u00e9lica, el desarrollo de fortalezas para la existencia de movimientos por los derechos sexuales que sean incluyentes, que signifiquen alianzas entre diferentes  grupos y, al mismo tiempo, que desaf\u00eden las desigualdades de g\u00e9nero y de otra \u00edndole dentro de estos grupos y entre ellos\u201d.<\/p>\n<p>De manera principal, y desde distintos abordajes te\u00f3ricos-pol\u00edticos, el taller propone  una reflexi\u00f3n sobre la historicidad de las identidades, subjetividades, del cuerpo y de la sexualidad y de la visibilizaci\u00f3n y reconocimiento de nuestra propia diversidad.<\/p>\n<p>Las localidades y territorios elegidos presentan significativos \u00edndices de pobreza, indigencia y analfabetismo, implicando ello un distanciamiento mayor respecto de los centros o instancias reflexivas de car\u00e1cter regional o nacional en Chile. <\/p>\n<p>Este nuevo enfoque busca en definitiva fomentar el uso de herramientas instrumentales para el adecuado planteamiento de las ideas -comunicaci\u00f3n estrat\u00e9gica- y  el est\u00edmulo de capacidades de actores y org\u00e1nicas; fortalecimiento de l\u00edderes, voluntariado y organizaci\u00f3n,  para desarrollar una actitud reflexiva nacional, avanzando en los procesos de democratizaci\u00f3n, en la resoluci\u00f3n de problemas sociales y en el desarrollo personal y social. <\/p>\n<p>\u00c1rea de G\u00e9nero y Sexualidades<br \/>\nFundaci\u00f3n Laura Rodr\u00edguez<br \/>\nFono: 6826524<br \/>\n[Fundaci\u00f3n Laura Rodr\u00edguez](http:\/\/laurarodriguez.cl)<\/p>\n","protected":false},"excerpt":{"rendered":"<p>La Fundaci\u00f3n Laura Rodr\u00edguez desarrollar\u00e1 talleres dirigidos a dirigentes y l\u00edderes sociales que trabajan en estas \u00e1reas de las ciudades de Arica, Coquimbo, Talcahuano, los que fomentar\u00e1n otra visi\u00f3n de los derechos sexuales de car\u00e1cter incluyente, con perspectiva de g\u00e9nero, no discriminador, diverso y abierto a todas las personas<\/p>\n","protected":false},"author":19,"featured_media":0,"comment_status":"closed","ping_status":"open","sticky":false,"template":"","format":"standard","meta":{"footnotes":""},"categories":[75,67],"tags":[],"class_list":["post-1233","post","type-post","status-publish","format-standard","hentry","category-cultura-es","category-sudamerica"],"yoast_head":"<!-- This site is optimized with the Yoast SEO plugin v27.1.1 - https:\/\/yoast.com\/product\/yoast-seo-wordpress\/ -->\n<title>Capacitan a l\u00edderes sociales regionales en derechos sexuales y reproductivos<\/title>\n<meta name=\"description\" content=\"La Fundaci\u00f3n Laura Rodr\u00edguez desarrollar\u00e1 talleres dirigidos a dirigentes y l\u00edderes sociales que trabajan en estas \u00e1reas de las ciudades de Arica, Coquimbo, Talcahuano, los que fomentar\u00e1n otra visi\u00f3n de los derechos sexuales de car\u00e1cter incluyente, con perspectiva de g\u00e9nero, no discriminador, diverso y abierto a todas las personas\" \/>\n<meta name=\"robots\" content=\"index, follow, max-snippet:-1, max-image-preview:large, max-video-preview:-1\" \/>\n<link rel=\"canonical\" href=\"https:\/\/www.pressenza.com\/es\/2009\/09\/capacitan-a-lxderes-sociales-regionales-en-derechos-sexuales-y-reproductivos\/\" \/>\n<meta property=\"og:locale\" content=\"es_ES\" \/>\n<meta property=\"og:type\" content=\"article\" \/>\n<meta property=\"og:title\" content=\"Capacitan a l\u00edderes sociales regionales en derechos sexuales y reproductivos\" \/>\n<meta property=\"og:description\" content=\"La Fundaci\u00f3n Laura Rodr\u00edguez desarrollar\u00e1 talleres dirigidos a dirigentes y l\u00edderes sociales que trabajan en estas \u00e1reas de las ciudades de Arica, Coquimbo, Talcahuano, los que fomentar\u00e1n otra visi\u00f3n de los derechos sexuales de car\u00e1cter incluyente, con perspectiva de g\u00e9nero, no discriminador, diverso y abierto a todas las personas\" \/>\n<meta property=\"og:url\" content=\"https:\/\/www.pressenza.com\/es\/2009\/09\/capacitan-a-lxderes-sociales-regionales-en-derechos-sexuales-y-reproductivos\/\" \/>\n<meta property=\"og:site_name\" content=\"Pressenza\" \/>\n<meta property=\"article:publisher\" content=\"https:\/\/www.facebook.com\/PressenzaItalia\" \/>\n<meta property=\"article:author\" content=\"https:\/\/www.facebook.com\/pressenza\" \/>\n<meta property=\"article:published_time\" content=\"2009-09-06T00:00:00+00:00\" \/>\n<meta property=\"article:modified_time\" content=\"2009-09-28T05:01:04+00:00\" \/>\n<meta name=\"author\" content=\"Pressenza IPA\" \/>\n<meta name=\"twitter:card\" content=\"summary_large_image\" \/>\n<meta name=\"twitter:creator\" content=\"@PressenzaIPA\" \/>\n<meta name=\"twitter:site\" content=\"@PressenzaIPA\" \/>\n<meta name=\"twitter:label1\" content=\"Escrito por\" \/>\n\t<meta name=\"twitter:data1\" content=\"Pressenza IPA\" \/>\n\t<meta name=\"twitter:label2\" content=\"Tiempo de lectura\" \/>\n\t<meta name=\"twitter:data2\" content=\"2 minutos\" \/>\n<script type=\"application\/ld+json\" class=\"yoast-schema-graph\">{\"@context\":\"https:\/\/schema.org\",\"@graph\":[{\"@type\":\"Article\",\"@id\":\"https:\/\/www.pressenza.com\/es\/2009\/09\/capacitan-a-lxderes-sociales-regionales-en-derechos-sexuales-y-reproductivos\/#article\",\"isPartOf\":{\"@id\":\"https:\/\/www.pressenza.com\/es\/2009\/09\/capacitan-a-lxderes-sociales-regionales-en-derechos-sexuales-y-reproductivos\/\"},\"author\":{\"name\":\"Pressenza IPA\",\"@id\":\"https:\/\/www.pressenza.com\/es\/#\/schema\/person\/010e5d02bcf40965427a1289a4cc8d75\"},\"headline\":\"Capacitan a l\u00edderes sociales regionales en derechos sexuales y reproductivos\",\"datePublished\":\"2009-09-06T00:00:00+00:00\",\"dateModified\":\"2009-09-28T05:01:04+00:00\",\"mainEntityOfPage\":{\"@id\":\"https:\/\/www.pressenza.com\/es\/2009\/09\/capacitan-a-lxderes-sociales-regionales-en-derechos-sexuales-y-reproductivos\/\"},\"wordCount\":406,\"publisher\":{\"@id\":\"https:\/\/www.pressenza.com\/es\/#organization\"},\"articleSection\":[\"Cultura y Medios\",\"Sudam\u00e9rica\"],\"inLanguage\":\"es\"},{\"@type\":\"WebPage\",\"@id\":\"https:\/\/www.pressenza.com\/es\/2009\/09\/capacitan-a-lxderes-sociales-regionales-en-derechos-sexuales-y-reproductivos\/\",\"url\":\"https:\/\/www.pressenza.com\/es\/2009\/09\/capacitan-a-lxderes-sociales-regionales-en-derechos-sexuales-y-reproductivos\/\",\"name\":\"Capacitan a l\u00edderes sociales regionales en derechos sexuales y reproductivos\",\"isPartOf\":{\"@id\":\"https:\/\/www.pressenza.com\/es\/#website\"},\"datePublished\":\"2009-09-06T00:00:00+00:00\",\"dateModified\":\"2009-09-28T05:01:04+00:00\",\"description\":\"La Fundaci\u00f3n Laura Rodr\u00edguez desarrollar\u00e1 talleres dirigidos a dirigentes y l\u00edderes sociales que trabajan en estas \u00e1reas de las ciudades de Arica, Coquimbo, Talcahuano, los que fomentar\u00e1n otra visi\u00f3n de los derechos sexuales de car\u00e1cter incluyente, con perspectiva de g\u00e9nero, no discriminador, diverso y abierto a todas las personas\",\"breadcrumb\":{\"@id\":\"https:\/\/www.pressenza.com\/es\/2009\/09\/capacitan-a-lxderes-sociales-regionales-en-derechos-sexuales-y-reproductivos\/#breadcrumb\"},\"inLanguage\":\"es\",\"potentialAction\":[{\"@type\":\"ReadAction\",\"target\":[\"https:\/\/www.pressenza.com\/es\/2009\/09\/capacitan-a-lxderes-sociales-regionales-en-derechos-sexuales-y-reproductivos\/\"]}]},{\"@type\":\"BreadcrumbList\",\"@id\":\"https:\/\/www.pressenza.com\/es\/2009\/09\/capacitan-a-lxderes-sociales-regionales-en-derechos-sexuales-y-reproductivos\/#breadcrumb\",\"itemListElement\":[{\"@type\":\"ListItem\",\"position\":1,\"name\":\"Accueil\",\"item\":\"https:\/\/www.pressenza.com\/es\/\"},{\"@type\":\"ListItem\",\"position\":2,\"name\":\"Capacitan a l\u00edderes sociales regionales en derechos sexuales y reproductivos\"}]},{\"@type\":\"WebSite\",\"@id\":\"https:\/\/www.pressenza.com\/es\/#website\",\"url\":\"https:\/\/www.pressenza.com\/es\/\",\"name\":\"Pressenza\",\"description\":\"International Press Agency\",\"publisher\":{\"@id\":\"https:\/\/www.pressenza.com\/es\/#organization\"},\"potentialAction\":[{\"@type\":\"SearchAction\",\"target\":{\"@type\":\"EntryPoint\",\"urlTemplate\":\"https:\/\/www.pressenza.com\/es\/?s={search_term_string}\"},\"query-input\":{\"@type\":\"PropertyValueSpecification\",\"valueRequired\":true,\"valueName\":\"search_term_string\"}}],\"inLanguage\":\"es\"},{\"@type\":\"Organization\",\"@id\":\"https:\/\/www.pressenza.com\/es\/#organization\",\"name\":\"Pressenza\",\"url\":\"https:\/\/www.pressenza.com\/es\/\",\"logo\":{\"@type\":\"ImageObject\",\"inLanguage\":\"es\",\"@id\":\"https:\/\/www.pressenza.com\/es\/#\/schema\/logo\/image\/\",\"url\":\"https:\/\/www.pressenza.com\/wp-content\/uploads\/2022\/10\/pressenza_logo_200x200.jpg\",\"contentUrl\":\"https:\/\/www.pressenza.com\/wp-content\/uploads\/2022\/10\/pressenza_logo_200x200.jpg\",\"width\":200,\"height\":200,\"caption\":\"Pressenza\"},\"image\":{\"@id\":\"https:\/\/www.pressenza.com\/es\/#\/schema\/logo\/image\/\"},\"sameAs\":[\"https:\/\/www.facebook.com\/PressenzaItalia\",\"https:\/\/x.com\/PressenzaIPA\"]},{\"@type\":\"Person\",\"@id\":\"https:\/\/www.pressenza.com\/es\/#\/schema\/person\/010e5d02bcf40965427a1289a4cc8d75\",\"name\":\"Pressenza IPA\",\"description\":\"News from Pressenza IPA correspondents\",\"sameAs\":[\"https:\/\/www.facebook.com\/pressenza\",\"https:\/\/x.com\/PressenzaIPA\"],\"url\":\"https:\/\/www.pressenza.com\/es\/author\/pressenza-ipa\/\"}]}<\/script>\n<!-- \/ Yoast SEO plugin. -->","yoast_head_json":{"title":"Capacitan a l\u00edderes sociales regionales en derechos sexuales y reproductivos","description":"La Fundaci\u00f3n Laura Rodr\u00edguez desarrollar\u00e1 talleres dirigidos a dirigentes y l\u00edderes sociales que trabajan en estas \u00e1reas de las ciudades de Arica, Coquimbo, Talcahuano, los que fomentar\u00e1n otra visi\u00f3n de los derechos sexuales de car\u00e1cter incluyente, con perspectiva de g\u00e9nero, no discriminador, diverso y abierto a todas las personas","robots":{"index":"index","follow":"follow","max-snippet":"max-snippet:-1","max-image-preview":"max-image-preview:large","max-video-preview":"max-video-preview:-1"},"canonical":"https:\/\/www.pressenza.com\/es\/2009\/09\/capacitan-a-lxderes-sociales-regionales-en-derechos-sexuales-y-reproductivos\/","og_locale":"es_ES","og_type":"article","og_title":"Capacitan a l\u00edderes sociales regionales en derechos sexuales y reproductivos","og_description":"La Fundaci\u00f3n Laura Rodr\u00edguez desarrollar\u00e1 talleres dirigidos a dirigentes y l\u00edderes sociales que trabajan en estas \u00e1reas de las ciudades de Arica, Coquimbo, Talcahuano, los que fomentar\u00e1n otra visi\u00f3n de los derechos sexuales de car\u00e1cter incluyente, con perspectiva de g\u00e9nero, no discriminador, diverso y abierto a todas las personas","og_url":"https:\/\/www.pressenza.com\/es\/2009\/09\/capacitan-a-lxderes-sociales-regionales-en-derechos-sexuales-y-reproductivos\/","og_site_name":"Pressenza","article_publisher":"https:\/\/www.facebook.com\/PressenzaItalia","article_author":"https:\/\/www.facebook.com\/pressenza","article_published_time":"2009-09-06T00:00:00+00:00","article_modified_time":"2009-09-28T05:01:04+00:00","author":"Pressenza IPA","twitter_card":"summary_large_image","twitter_creator":"@PressenzaIPA","twitter_site":"@PressenzaIPA","twitter_misc":{"Escrito por":"Pressenza IPA","Tiempo de lectura":"2 minutos"},"schema":{"@context":"https:\/\/schema.org","@graph":[{"@type":"Article","@id":"https:\/\/www.pressenza.com\/es\/2009\/09\/capacitan-a-lxderes-sociales-regionales-en-derechos-sexuales-y-reproductivos\/#article","isPartOf":{"@id":"https:\/\/www.pressenza.com\/es\/2009\/09\/capacitan-a-lxderes-sociales-regionales-en-derechos-sexuales-y-reproductivos\/"},"author":{"name":"Pressenza IPA","@id":"https:\/\/www.pressenza.com\/es\/#\/schema\/person\/010e5d02bcf40965427a1289a4cc8d75"},"headline":"Capacitan a l\u00edderes sociales regionales en derechos sexuales y reproductivos","datePublished":"2009-09-06T00:00:00+00:00","dateModified":"2009-09-28T05:01:04+00:00","mainEntityOfPage":{"@id":"https:\/\/www.pressenza.com\/es\/2009\/09\/capacitan-a-lxderes-sociales-regionales-en-derechos-sexuales-y-reproductivos\/"},"wordCount":406,"publisher":{"@id":"https:\/\/www.pressenza.com\/es\/#organization"},"articleSection":["Cultura y Medios","Sudam\u00e9rica"],"inLanguage":"es"},{"@type":"WebPage","@id":"https:\/\/www.pressenza.com\/es\/2009\/09\/capacitan-a-lxderes-sociales-regionales-en-derechos-sexuales-y-reproductivos\/","url":"https:\/\/www.pressenza.com\/es\/2009\/09\/capacitan-a-lxderes-sociales-regionales-en-derechos-sexuales-y-reproductivos\/","name":"Capacitan a l\u00edderes sociales regionales en derechos sexuales y reproductivos","isPartOf":{"@id":"https:\/\/www.pressenza.com\/es\/#website"},"datePublished":"2009-09-06T00:00:00+00:00","dateModified":"2009-09-28T05:01:04+00:00","description":"La Fundaci\u00f3n Laura Rodr\u00edguez desarrollar\u00e1 talleres dirigidos a dirigentes y l\u00edderes sociales que trabajan en estas \u00e1reas de las ciudades de Arica, Coquimbo, Talcahuano, los que fomentar\u00e1n otra visi\u00f3n de los derechos sexuales de car\u00e1cter incluyente, con perspectiva de g\u00e9nero, no discriminador, diverso y abierto a todas las personas","breadcrumb":{"@id":"https:\/\/www.pressenza.com\/es\/2009\/09\/capacitan-a-lxderes-sociales-regionales-en-derechos-sexuales-y-reproductivos\/#breadcrumb"},"inLanguage":"es","potentialAction":[{"@type":"ReadAction","target":["https:\/\/www.pressenza.com\/es\/2009\/09\/capacitan-a-lxderes-sociales-regionales-en-derechos-sexuales-y-reproductivos\/"]}]},{"@type":"BreadcrumbList","@id":"https:\/\/www.pressenza.com\/es\/2009\/09\/capacitan-a-lxderes-sociales-regionales-en-derechos-sexuales-y-reproductivos\/#breadcrumb","itemListElement":[{"@type":"ListItem","position":1,"name":"Accueil","item":"https:\/\/www.pressenza.com\/es\/"},{"@type":"ListItem","position":2,"name":"Capacitan a l\u00edderes sociales regionales en derechos sexuales y reproductivos"}]},{"@type":"WebSite","@id":"https:\/\/www.pressenza.com\/es\/#website","url":"https:\/\/www.pressenza.com\/es\/","name":"Pressenza","description":"International Press Agency","publisher":{"@id":"https:\/\/www.pressenza.com\/es\/#organization"},"potentialAction":[{"@type":"SearchAction","target":{"@type":"EntryPoint","urlTemplate":"https:\/\/www.pressenza.com\/es\/?s={search_term_string}"},"query-input":{"@type":"PropertyValueSpecification","valueRequired":true,"valueName":"search_term_string"}}],"inLanguage":"es"},{"@type":"Organization","@id":"https:\/\/www.pressenza.com\/es\/#organization","name":"Pressenza","url":"https:\/\/www.pressenza.com\/es\/","logo":{"@type":"ImageObject","inLanguage":"es","@id":"https:\/\/www.pressenza.com\/es\/#\/schema\/logo\/image\/","url":"https:\/\/www.pressenza.com\/wp-content\/uploads\/2022\/10\/pressenza_logo_200x200.jpg","contentUrl":"https:\/\/www.pressenza.com\/wp-content\/uploads\/2022\/10\/pressenza_logo_200x200.jpg","width":200,"height":200,"caption":"Pressenza"},"image":{"@id":"https:\/\/www.pressenza.com\/es\/#\/schema\/logo\/image\/"},"sameAs":["https:\/\/www.facebook.com\/PressenzaItalia","https:\/\/x.com\/PressenzaIPA"]},{"@type":"Person","@id":"https:\/\/www.pressenza.com\/es\/#\/schema\/person\/010e5d02bcf40965427a1289a4cc8d75","name":"Pressenza IPA","description":"News from Pressenza IPA correspondents","sameAs":["https:\/\/www.facebook.com\/pressenza","https:\/\/x.com\/PressenzaIPA"],"url":"https:\/\/www.pressenza.com\/es\/author\/pressenza-ipa\/"}]}},"place":"Santiago","original_article_url":"","_links":{"self":[{"href":"https:\/\/www.pressenza.com\/es\/wp-json\/wp\/v2\/posts\/1233","targetHints":{"allow":["GET"]}}],"collection":[{"href":"https:\/\/www.pressenza.com\/es\/wp-json\/wp\/v2\/posts"}],"about":[{"href":"https:\/\/www.pressenza.com\/es\/wp-json\/wp\/v2\/types\/post"}],"author":[{"embeddable":true,"href":"https:\/\/www.pressenza.com\/es\/wp-json\/wp\/v2\/users\/19"}],"replies":[{"embeddable":true,"href":"https:\/\/www.pressenza.com\/es\/wp-json\/wp\/v2\/comments?post=1233"}],"version-history":[{"count":0,"href":"https:\/\/www.pressenza.com\/es\/wp-json\/wp\/v2\/posts\/1233\/revisions"}],"wp:attachment":[{"href":"https:\/\/www.pressenza.com\/es\/wp-json\/wp\/v2\/media?parent=1233"}],"wp:term":[{"taxonomy":"category","embeddable":true,"href":"https:\/\/www.pressenza.com\/es\/wp-json\/wp\/v2\/categories?post=1233"},{"taxonomy":"post_tag","embeddable":true,"href":"https:\/\/www.pressenza.com\/es\/wp-json\/wp\/v2\/tags?post=1233"}],"curies":[{"name":"wp","href":"https:\/\/api.w.org\/{rel}","templated":true}]}}