{"id":1231699,"date":"2020-11-03T14:37:09","date_gmt":"2020-11-03T14:37:09","guid":{"rendered":"https:\/\/www.pressenza.com\/?p=1231699"},"modified":"2020-11-03T14:37:09","modified_gmt":"2020-11-03T14:37:09","slug":"resultados-de-comicios-en-costa-de-marfil-detonan-disturbios","status":"publish","type":"post","link":"https:\/\/www.pressenza.com\/es\/2020\/11\/resultados-de-comicios-en-costa-de-marfil-detonan-disturbios\/","title":{"rendered":"Resultados de comicios en Costa de Marfil detonan disturbios"},"content":{"rendered":"<p>El anuncio de la victoria de Alassane Ouattara, en los comicios presidenciales de Costa de Marfil, detonaron hoy protestas en esta ciudad, y otras localidades con saldo de una decena de muertos.<\/p>\n<p>La consulta, celebrada el pasado 31 de octubre, transcurri\u00f3 ensombrecida por protestas de partidos opositores los cuales cuestionaron por inconstitucional la candidatura de Ouattara a la reelecci\u00f3n por segunda ocasi\u00f3n para un tercer mandato.<\/p>\n<p>Horas atr\u00e1s la Comisi\u00f3n Electoral difundi\u00f3 su dictamen sobre la votaci\u00f3n seg\u00fan el cuales el mandatario, aspirante por la Agrupaci\u00f3n de los Hufuetistas para la Democracia y la Paz (RHDP), obtuvo el 94,27 de las boletas en la convocatoria comicial a la que acudi\u00f3 poco m\u00e1s del 51 por ciento de los electores y fue boicoteada por la oposici\u00f3n.<\/p>\n<p>Los adversarios de Ouattara, electo en 2010 y en 2015, alegan que no ten\u00eda derecho a presentarse como candidato visto el l\u00edmite de dos mandatos establecido por la carta magna.<\/p>\n<p>Los disturbios callejeros lanzaron al \u00e9xodo a unos tres mil marfile\u00f1os, dijeron portavoces del Comisariado de la ONU para los Refugiados, la mayor\u00eda de los cuales permanecen en estados lim\u00edtrofes en espera del desarrollo de los acontecimientos.<\/p>\n","protected":false},"excerpt":{"rendered":"<p>El anuncio de la victoria de Alassane Ouattara, en los comicios presidenciales de Costa de Marfil, detonaron hoy protestas en esta ciudad, y otras localidades con saldo de una decena de muertos. La consulta, celebrada el pasado 31 de octubre,&hellip;<\/p>\n","protected":false},"author":90,"featured_media":1231700,"comment_status":"closed","ping_status":"closed","sticky":false,"template":"","format":"standard","meta":{"footnotes":""},"categories":[64,74],"tags":[83498,12399,83497,403],"class_list":["post-1231699","post","type-post","status-publish","format-standard","has-post-thumbnail","hentry","category-africa-es","category-politica-es","tag-alassane-ouattara-es","tag-costa-de-marfil","tag-disturbios","tag-elecciones"],"yoast_head":"<!-- This site is optimized with the Yoast SEO plugin v27.1.1 - https:\/\/yoast.com\/product\/yoast-seo-wordpress\/ -->\n<title>Resultados de comicios en Costa de Marfil detonan disturbios<\/title>\n<meta name=\"description\" content=\"El anuncio de la victoria de Alassane Ouattara, en los comicios presidenciales de Costa de Marfil, detonaron hoy protestas en esta ciudad, y otras\" \/>\n<meta name=\"robots\" content=\"index, follow, max-snippet:-1, max-image-preview:large, max-video-preview:-1\" \/>\n<link rel=\"canonical\" href=\"https:\/\/www.pressenza.com\/es\/2020\/11\/resultados-de-comicios-en-costa-de-marfil-detonan-disturbios\/\" \/>\n<meta property=\"og:locale\" content=\"es_ES\" \/>\n<meta property=\"og:type\" content=\"article\" \/>\n<meta property=\"og:title\" content=\"Resultados de comicios en Costa de Marfil detonan disturbios\" \/>\n<meta property=\"og:description\" content=\"El anuncio de la victoria de Alassane Ouattara, en los comicios presidenciales de Costa de Marfil, detonaron hoy protestas en esta ciudad, y otras\" \/>\n<meta property=\"og:url\" content=\"https:\/\/www.pressenza.com\/es\/2020\/11\/resultados-de-comicios-en-costa-de-marfil-detonan-disturbios\/\" \/>\n<meta property=\"og:site_name\" content=\"Pressenza\" \/>\n<meta property=\"article:publisher\" content=\"https:\/\/www.facebook.com\/PressenzaItalia\" \/>\n<meta property=\"article:author\" content=\"https:\/\/www.facebook.com\/AgenciaPrensaLatina\" \/>\n<meta property=\"article:published_time\" content=\"2020-11-03T14:37:09+00:00\" \/>\n<meta property=\"og:image\" content=\"https:\/\/www.pressenza.com\/wp-content\/uploads\/2020\/11\/flag-2450527_1920.jpg\" \/>\n\t<meta property=\"og:image:width\" content=\"1920\" \/>\n\t<meta property=\"og:image:height\" content=\"1920\" \/>\n\t<meta property=\"og:image:type\" content=\"image\/jpeg\" \/>\n<meta name=\"author\" content=\"Prensa Latina\" \/>\n<meta name=\"twitter:card\" content=\"summary_large_image\" \/>\n<meta name=\"twitter:creator\" content=\"@prensalatina_cu\" \/>\n<meta name=\"twitter:site\" content=\"@PressenzaIPA\" \/>\n<meta name=\"twitter:label1\" content=\"Escrito por\" \/>\n\t<meta name=\"twitter:data1\" content=\"Prensa Latina\" \/>\n\t<meta name=\"twitter:label2\" content=\"Tiempo de lectura\" \/>\n\t<meta name=\"twitter:data2\" content=\"1 minuto\" \/>\n<script type=\"application\/ld+json\" class=\"yoast-schema-graph\">{\"@context\":\"https:\/\/schema.org\",\"@graph\":[{\"@type\":\"Article\",\"@id\":\"https:\/\/www.pressenza.com\/es\/2020\/11\/resultados-de-comicios-en-costa-de-marfil-detonan-disturbios\/#article\",\"isPartOf\":{\"@id\":\"https:\/\/www.pressenza.com\/es\/2020\/11\/resultados-de-comicios-en-costa-de-marfil-detonan-disturbios\/\"},\"author\":{\"name\":\"Prensa Latina\",\"@id\":\"https:\/\/www.pressenza.com\/es\/#\/schema\/person\/e35c78ffa242d98f4f49ccb18c8631de\"},\"headline\":\"Resultados de comicios en Costa de Marfil detonan disturbios\",\"datePublished\":\"2020-11-03T14:37:09+00:00\",\"mainEntityOfPage\":{\"@id\":\"https:\/\/www.pressenza.com\/es\/2020\/11\/resultados-de-comicios-en-costa-de-marfil-detonan-disturbios\/\"},\"wordCount\":210,\"publisher\":{\"@id\":\"https:\/\/www.pressenza.com\/es\/#organization\"},\"image\":{\"@id\":\"https:\/\/www.pressenza.com\/es\/2020\/11\/resultados-de-comicios-en-costa-de-marfil-detonan-disturbios\/#primaryimage\"},\"thumbnailUrl\":\"https:\/\/www.pressenza.com\/wp-content\/uploads\/2020\/11\/flag-2450527_1920.jpg\",\"keywords\":[\"Alassane Ouattara\",\"Costa de Marfil\",\"disturbios\",\"elecciones\"],\"articleSection\":[\"Africa\",\"Pol\u00edtica\"],\"inLanguage\":\"es\"},{\"@type\":\"WebPage\",\"@id\":\"https:\/\/www.pressenza.com\/es\/2020\/11\/resultados-de-comicios-en-costa-de-marfil-detonan-disturbios\/\",\"url\":\"https:\/\/www.pressenza.com\/es\/2020\/11\/resultados-de-comicios-en-costa-de-marfil-detonan-disturbios\/\",\"name\":\"Resultados de comicios en Costa de Marfil detonan disturbios\",\"isPartOf\":{\"@id\":\"https:\/\/www.pressenza.com\/es\/#website\"},\"primaryImageOfPage\":{\"@id\":\"https:\/\/www.pressenza.com\/es\/2020\/11\/resultados-de-comicios-en-costa-de-marfil-detonan-disturbios\/#primaryimage\"},\"image\":{\"@id\":\"https:\/\/www.pressenza.com\/es\/2020\/11\/resultados-de-comicios-en-costa-de-marfil-detonan-disturbios\/#primaryimage\"},\"thumbnailUrl\":\"https:\/\/www.pressenza.com\/wp-content\/uploads\/2020\/11\/flag-2450527_1920.jpg\",\"datePublished\":\"2020-11-03T14:37:09+00:00\",\"description\":\"El anuncio de la victoria de Alassane Ouattara, en los comicios presidenciales de Costa de Marfil, detonaron hoy protestas en esta ciudad, y otras\",\"breadcrumb\":{\"@id\":\"https:\/\/www.pressenza.com\/es\/2020\/11\/resultados-de-comicios-en-costa-de-marfil-detonan-disturbios\/#breadcrumb\"},\"inLanguage\":\"es\",\"potentialAction\":[{\"@type\":\"ReadAction\",\"target\":[\"https:\/\/www.pressenza.com\/es\/2020\/11\/resultados-de-comicios-en-costa-de-marfil-detonan-disturbios\/\"]}]},{\"@type\":\"ImageObject\",\"inLanguage\":\"es\",\"@id\":\"https:\/\/www.pressenza.com\/es\/2020\/11\/resultados-de-comicios-en-costa-de-marfil-detonan-disturbios\/#primaryimage\",\"url\":\"https:\/\/www.pressenza.com\/wp-content\/uploads\/2020\/11\/flag-2450527_1920.jpg\",\"contentUrl\":\"https:\/\/www.pressenza.com\/wp-content\/uploads\/2020\/11\/flag-2450527_1920.jpg\",\"width\":1920,\"height\":1920},{\"@type\":\"BreadcrumbList\",\"@id\":\"https:\/\/www.pressenza.com\/es\/2020\/11\/resultados-de-comicios-en-costa-de-marfil-detonan-disturbios\/#breadcrumb\",\"itemListElement\":[{\"@type\":\"ListItem\",\"position\":1,\"name\":\"Accueil\",\"item\":\"https:\/\/www.pressenza.com\/es\/\"},{\"@type\":\"ListItem\",\"position\":2,\"name\":\"Resultados de comicios en Costa de Marfil detonan disturbios\"}]},{\"@type\":\"WebSite\",\"@id\":\"https:\/\/www.pressenza.com\/es\/#website\",\"url\":\"https:\/\/www.pressenza.com\/es\/\",\"name\":\"Pressenza\",\"description\":\"International Press Agency\",\"publisher\":{\"@id\":\"https:\/\/www.pressenza.com\/es\/#organization\"},\"potentialAction\":[{\"@type\":\"SearchAction\",\"target\":{\"@type\":\"EntryPoint\",\"urlTemplate\":\"https:\/\/www.pressenza.com\/es\/?s={search_term_string}\"},\"query-input\":{\"@type\":\"PropertyValueSpecification\",\"valueRequired\":true,\"valueName\":\"search_term_string\"}}],\"inLanguage\":\"es\"},{\"@type\":\"Organization\",\"@id\":\"https:\/\/www.pressenza.com\/es\/#organization\",\"name\":\"Pressenza\",\"url\":\"https:\/\/www.pressenza.com\/es\/\",\"logo\":{\"@type\":\"ImageObject\",\"inLanguage\":\"es\",\"@id\":\"https:\/\/www.pressenza.com\/es\/#\/schema\/logo\/image\/\",\"url\":\"https:\/\/www.pressenza.com\/wp-content\/uploads\/2022\/10\/pressenza_logo_200x200.jpg\",\"contentUrl\":\"https:\/\/www.pressenza.com\/wp-content\/uploads\/2022\/10\/pressenza_logo_200x200.jpg\",\"width\":200,\"height\":200,\"caption\":\"Pressenza\"},\"image\":{\"@id\":\"https:\/\/www.pressenza.com\/es\/#\/schema\/logo\/image\/\"},\"sameAs\":[\"https:\/\/www.facebook.com\/PressenzaItalia\",\"https:\/\/x.com\/PressenzaIPA\"]},{\"@type\":\"Person\",\"@id\":\"https:\/\/www.pressenza.com\/es\/#\/schema\/person\/e35c78ffa242d98f4f49ccb18c8631de\",\"name\":\"Prensa Latina\",\"description\":\"www.prensa-latina.cu\",\"sameAs\":[\"https:\/\/www.facebook.com\/AgenciaPrensaLatina\",\"https:\/\/x.com\/prensalatina_cu\"],\"url\":\"https:\/\/www.pressenza.com\/es\/author\/prensa-latina\/\"}]}<\/script>\n<!-- \/ Yoast SEO plugin. -->","yoast_head_json":{"title":"Resultados de comicios en Costa de Marfil detonan disturbios","description":"El anuncio de la victoria de Alassane Ouattara, en los comicios presidenciales de Costa de Marfil, detonaron hoy protestas en esta ciudad, y otras","robots":{"index":"index","follow":"follow","max-snippet":"max-snippet:-1","max-image-preview":"max-image-preview:large","max-video-preview":"max-video-preview:-1"},"canonical":"https:\/\/www.pressenza.com\/es\/2020\/11\/resultados-de-comicios-en-costa-de-marfil-detonan-disturbios\/","og_locale":"es_ES","og_type":"article","og_title":"Resultados de comicios en Costa de Marfil detonan disturbios","og_description":"El anuncio de la victoria de Alassane Ouattara, en los comicios presidenciales de Costa de Marfil, detonaron hoy protestas en esta ciudad, y otras","og_url":"https:\/\/www.pressenza.com\/es\/2020\/11\/resultados-de-comicios-en-costa-de-marfil-detonan-disturbios\/","og_site_name":"Pressenza","article_publisher":"https:\/\/www.facebook.com\/PressenzaItalia","article_author":"https:\/\/www.facebook.com\/AgenciaPrensaLatina","article_published_time":"2020-11-03T14:37:09+00:00","og_image":[{"width":1920,"height":1920,"url":"https:\/\/www.pressenza.com\/wp-content\/uploads\/2020\/11\/flag-2450527_1920.jpg","type":"image\/jpeg"}],"author":"Prensa Latina","twitter_card":"summary_large_image","twitter_creator":"@prensalatina_cu","twitter_site":"@PressenzaIPA","twitter_misc":{"Escrito por":"Prensa Latina","Tiempo de lectura":"1 minuto"},"schema":{"@context":"https:\/\/schema.org","@graph":[{"@type":"Article","@id":"https:\/\/www.pressenza.com\/es\/2020\/11\/resultados-de-comicios-en-costa-de-marfil-detonan-disturbios\/#article","isPartOf":{"@id":"https:\/\/www.pressenza.com\/es\/2020\/11\/resultados-de-comicios-en-costa-de-marfil-detonan-disturbios\/"},"author":{"name":"Prensa Latina","@id":"https:\/\/www.pressenza.com\/es\/#\/schema\/person\/e35c78ffa242d98f4f49ccb18c8631de"},"headline":"Resultados de comicios en Costa de Marfil detonan disturbios","datePublished":"2020-11-03T14:37:09+00:00","mainEntityOfPage":{"@id":"https:\/\/www.pressenza.com\/es\/2020\/11\/resultados-de-comicios-en-costa-de-marfil-detonan-disturbios\/"},"wordCount":210,"publisher":{"@id":"https:\/\/www.pressenza.com\/es\/#organization"},"image":{"@id":"https:\/\/www.pressenza.com\/es\/2020\/11\/resultados-de-comicios-en-costa-de-marfil-detonan-disturbios\/#primaryimage"},"thumbnailUrl":"https:\/\/www.pressenza.com\/wp-content\/uploads\/2020\/11\/flag-2450527_1920.jpg","keywords":["Alassane Ouattara","Costa de Marfil","disturbios","elecciones"],"articleSection":["Africa","Pol\u00edtica"],"inLanguage":"es"},{"@type":"WebPage","@id":"https:\/\/www.pressenza.com\/es\/2020\/11\/resultados-de-comicios-en-costa-de-marfil-detonan-disturbios\/","url":"https:\/\/www.pressenza.com\/es\/2020\/11\/resultados-de-comicios-en-costa-de-marfil-detonan-disturbios\/","name":"Resultados de comicios en Costa de Marfil detonan disturbios","isPartOf":{"@id":"https:\/\/www.pressenza.com\/es\/#website"},"primaryImageOfPage":{"@id":"https:\/\/www.pressenza.com\/es\/2020\/11\/resultados-de-comicios-en-costa-de-marfil-detonan-disturbios\/#primaryimage"},"image":{"@id":"https:\/\/www.pressenza.com\/es\/2020\/11\/resultados-de-comicios-en-costa-de-marfil-detonan-disturbios\/#primaryimage"},"thumbnailUrl":"https:\/\/www.pressenza.com\/wp-content\/uploads\/2020\/11\/flag-2450527_1920.jpg","datePublished":"2020-11-03T14:37:09+00:00","description":"El anuncio de la victoria de Alassane Ouattara, en los comicios presidenciales de Costa de Marfil, detonaron hoy protestas en esta ciudad, y otras","breadcrumb":{"@id":"https:\/\/www.pressenza.com\/es\/2020\/11\/resultados-de-comicios-en-costa-de-marfil-detonan-disturbios\/#breadcrumb"},"inLanguage":"es","potentialAction":[{"@type":"ReadAction","target":["https:\/\/www.pressenza.com\/es\/2020\/11\/resultados-de-comicios-en-costa-de-marfil-detonan-disturbios\/"]}]},{"@type":"ImageObject","inLanguage":"es","@id":"https:\/\/www.pressenza.com\/es\/2020\/11\/resultados-de-comicios-en-costa-de-marfil-detonan-disturbios\/#primaryimage","url":"https:\/\/www.pressenza.com\/wp-content\/uploads\/2020\/11\/flag-2450527_1920.jpg","contentUrl":"https:\/\/www.pressenza.com\/wp-content\/uploads\/2020\/11\/flag-2450527_1920.jpg","width":1920,"height":1920},{"@type":"BreadcrumbList","@id":"https:\/\/www.pressenza.com\/es\/2020\/11\/resultados-de-comicios-en-costa-de-marfil-detonan-disturbios\/#breadcrumb","itemListElement":[{"@type":"ListItem","position":1,"name":"Accueil","item":"https:\/\/www.pressenza.com\/es\/"},{"@type":"ListItem","position":2,"name":"Resultados de comicios en Costa de Marfil detonan disturbios"}]},{"@type":"WebSite","@id":"https:\/\/www.pressenza.com\/es\/#website","url":"https:\/\/www.pressenza.com\/es\/","name":"Pressenza","description":"International Press Agency","publisher":{"@id":"https:\/\/www.pressenza.com\/es\/#organization"},"potentialAction":[{"@type":"SearchAction","target":{"@type":"EntryPoint","urlTemplate":"https:\/\/www.pressenza.com\/es\/?s={search_term_string}"},"query-input":{"@type":"PropertyValueSpecification","valueRequired":true,"valueName":"search_term_string"}}],"inLanguage":"es"},{"@type":"Organization","@id":"https:\/\/www.pressenza.com\/es\/#organization","name":"Pressenza","url":"https:\/\/www.pressenza.com\/es\/","logo":{"@type":"ImageObject","inLanguage":"es","@id":"https:\/\/www.pressenza.com\/es\/#\/schema\/logo\/image\/","url":"https:\/\/www.pressenza.com\/wp-content\/uploads\/2022\/10\/pressenza_logo_200x200.jpg","contentUrl":"https:\/\/www.pressenza.com\/wp-content\/uploads\/2022\/10\/pressenza_logo_200x200.jpg","width":200,"height":200,"caption":"Pressenza"},"image":{"@id":"https:\/\/www.pressenza.com\/es\/#\/schema\/logo\/image\/"},"sameAs":["https:\/\/www.facebook.com\/PressenzaItalia","https:\/\/x.com\/PressenzaIPA"]},{"@type":"Person","@id":"https:\/\/www.pressenza.com\/es\/#\/schema\/person\/e35c78ffa242d98f4f49ccb18c8631de","name":"Prensa Latina","description":"www.prensa-latina.cu","sameAs":["https:\/\/www.facebook.com\/AgenciaPrensaLatina","https:\/\/x.com\/prensalatina_cu"],"url":"https:\/\/www.pressenza.com\/es\/author\/prensa-latina\/"}]}},"place":"Abiy\u00e1n, Costa de Marfil","original_article_url":"https:\/\/www.prensa-latina.cu\/index.php?o=rn&id=408487&SEO=resultados-de-comicios-en-costa-de-marfil-detonan-disturbios ","_links":{"self":[{"href":"https:\/\/www.pressenza.com\/es\/wp-json\/wp\/v2\/posts\/1231699","targetHints":{"allow":["GET"]}}],"collection":[{"href":"https:\/\/www.pressenza.com\/es\/wp-json\/wp\/v2\/posts"}],"about":[{"href":"https:\/\/www.pressenza.com\/es\/wp-json\/wp\/v2\/types\/post"}],"author":[{"embeddable":true,"href":"https:\/\/www.pressenza.com\/es\/wp-json\/wp\/v2\/users\/90"}],"replies":[{"embeddable":true,"href":"https:\/\/www.pressenza.com\/es\/wp-json\/wp\/v2\/comments?post=1231699"}],"version-history":[{"count":0,"href":"https:\/\/www.pressenza.com\/es\/wp-json\/wp\/v2\/posts\/1231699\/revisions"}],"wp:featuredmedia":[{"embeddable":true,"href":"https:\/\/www.pressenza.com\/es\/wp-json\/wp\/v2\/media\/1231700"}],"wp:attachment":[{"href":"https:\/\/www.pressenza.com\/es\/wp-json\/wp\/v2\/media?parent=1231699"}],"wp:term":[{"taxonomy":"category","embeddable":true,"href":"https:\/\/www.pressenza.com\/es\/wp-json\/wp\/v2\/categories?post=1231699"},{"taxonomy":"post_tag","embeddable":true,"href":"https:\/\/www.pressenza.com\/es\/wp-json\/wp\/v2\/tags?post=1231699"}],"curies":[{"name":"wp","href":"https:\/\/api.w.org\/{rel}","templated":true}]}}