{"id":1230836,"date":"2020-11-02T00:21:48","date_gmt":"2020-11-02T00:21:48","guid":{"rendered":"https:\/\/www.pressenza.com\/?p=1230836"},"modified":"2020-11-02T12:14:58","modified_gmt":"2020-11-02T12:14:58","slug":"chile-para-remendar-el-dolor","status":"publish","type":"post","link":"https:\/\/www.pressenza.com\/es\/2020\/11\/chile-para-remendar-el-dolor\/","title":{"rendered":"[Chile] Para remendar el dolor"},"content":{"rendered":"<p>Cada pueblo tiene su cultura, sus ritos, una est\u00e9tica que proviene de arraigos hist\u00f3ricos muchas veces rurales, modos y costumbres que permiten consolar, hacer el duelo, superar el dolor.<\/p>\n<p>En el caso de Chile, desde la \u00e9poca de la Colonia las mujeres bordan. Lo hacen acompa\u00f1\u00e1ndose, susurrando entre ellas las penas, confidenciando para pasar el mal rato. Es una larga tradici\u00f3n de la cultura popular que Violeta Parra supo transformar en arte, algunas de sus arpilleras bordadas terminaron en los museos. Por cierto que durante los a\u00f1os oscuros muchas viudas usaron esa tela tan r\u00edgida, ese g\u00e9nero pobre con el que se hacen los sacos, las famosas arpilleras con las que denunciaron la desaparici\u00f3n, detenci\u00f3n, el asesinato de sus hijos, maridos o padres. Las familiares valientes que no cejaron en buscarlos, bordaban con hermosos hilos de colores o con lanas tambi\u00e9n su tremendo dolor.<\/p>\n<p>Ahora, en el confinamiento de la cuarentena, ante la muerte que se fue llevando a los enfermos de coronavirus, sin poder muchas veces acompa\u00f1arlos en sus momentos finales ni tampoco asistir a su funeral, muchas mujeres buscaron consuelo retomando las agujas, dedal, tijeras e hilos de colores para ir zurciendo el dolor y hacer sus duelos. Puntada tras puntada escribieron los nombres de quienes se fueron, a veces alguna representaci\u00f3n de su oficio o trabajo, una flor, un p\u00e1jaro o una mariposa en vuelo&#8230; cociendo entre l\u00e1grimas hasta que se fueran cerrando las heridas.<\/p>\n<p>Por las redes sociales se fueron encontrando, saludando, organizando y finalmente hoy se reunieron a los pies del Cerro Huel\u00e9n en el centro de Santiago, para componer juntas una sola tela, remendada, como memoria de todos los nombres, recuerdo de los que no est\u00e1n.<\/p>\n<p>\u00abPara remendar el dolor\u00bb, decidieron ponerse como nombre y formaron una organizaci\u00f3n de bordadoras. Se las puede encontrar por instagram en <a href=\"http:\/\/@pararemendareldolor\">@pararemendareldolor<\/a> o por el email <a href=\"mailto:bordadospararemendareldolor@gmail.com\">bordadospararemendar@gmail.com<\/a><\/p>\n<p>El foto-reportaje es de Claudia Aranda:<\/p>\n<div class=\"post-gallery\">\n\t\t\t<figure class=\"post-gallery-item\">\n\t\t\t\t<img decoding=\"async\" src=\"https:\/\/www.pressenza.com\/wp-content\/uploads\/2020\/11\/bo-720x540.jpeg\" loading=\"lazy\">\n\t\t\t\t<figcaption>\n\t\t\t\t\t\n\t\t\t\t<\/figcaption>\n\t\t\t<\/figure>\n\t\t\t<figure class=\"post-gallery-item\">\n\t\t\t\t<img decoding=\"async\" src=\"https:\/\/www.pressenza.com\/wp-content\/uploads\/2020\/11\/bor-720x540.jpeg\" loading=\"lazy\">\n\t\t\t\t<figcaption>\n\t\t\t\t\t\n\t\t\t\t<\/figcaption>\n\t\t\t<\/figure>\n\t\t\t<figure class=\"post-gallery-item\">\n\t\t\t\t<img decoding=\"async\" src=\"https:\/\/www.pressenza.com\/wp-content\/uploads\/2020\/11\/bordador-720x540.jpeg\" loading=\"lazy\">\n\t\t\t\t<figcaption>\n\t\t\t\t\t\n\t\t\t\t<\/figcaption>\n\t\t\t<\/figure>\n\t\t\t<figure class=\"post-gallery-item\">\n\t\t\t\t<img decoding=\"async\" src=\"https:\/\/www.pressenza.com\/wp-content\/uploads\/2020\/11\/bordadora-720x540.jpeg\" loading=\"lazy\">\n\t\t\t\t<figcaption>\n\t\t\t\t\t\n\t\t\t\t<\/figcaption>\n\t\t\t<\/figure>\n\t\t\t<figure class=\"post-gallery-item\">\n\t\t\t\t<img decoding=\"async\" src=\"https:\/\/www.pressenza.com\/wp-content\/uploads\/2020\/11\/bordadoras-720x540.jpeg\" loading=\"lazy\">\n\t\t\t\t<figcaption>\n\t\t\t\t\t\n\t\t\t\t<\/figcaption>\n\t\t\t<\/figure>\n\t\t\t<figure class=\"post-gallery-item\">\n\t\t\t\t<img decoding=\"async\" src=\"https:\/\/www.pressenza.com\/wp-content\/uploads\/2020\/11\/bordadorasc-720x540.jpeg\" loading=\"lazy\">\n\t\t\t\t<figcaption>\n\t\t\t\t\t\n\t\t\t\t<\/figcaption>\n\t\t\t<\/figure>\n\t\t\t<figure class=\"post-gallery-item\">\n\t\t\t\t<img decoding=\"async\" src=\"https:\/\/www.pressenza.com\/wp-content\/uploads\/2020\/11\/bordadoraschile-720x540.jpeg\" loading=\"lazy\">\n\t\t\t\t<figcaption>\n\t\t\t\t\t\n\t\t\t\t<\/figcaption>\n\t\t\t<\/figure>\n\t\t\t<figure class=\"post-gallery-item\">\n\t\t\t\t<img decoding=\"async\" src=\"https:\/\/www.pressenza.com\/wp-content\/uploads\/2020\/11\/bordadoraschilen-720x540.jpeg\" loading=\"lazy\">\n\t\t\t\t<figcaption>\n\t\t\t\t\t\n\t\t\t\t<\/figcaption>\n\t\t\t<\/figure>\n\t\t\t<figure class=\"post-gallery-item\">\n\t\t\t\t<img decoding=\"async\" src=\"https:\/\/www.pressenza.com\/wp-content\/uploads\/2020\/11\/bordado-720x540.jpeg\" loading=\"lazy\">\n\t\t\t\t<figcaption>\n\t\t\t\t\t\n\t\t\t\t<\/figcaption>\n\t\t\t<\/figure>\n\t\t\t<figure class=\"post-gallery-item\">\n\t\t\t\t<img decoding=\"async\" src=\"https:\/\/www.pressenza.com\/wp-content\/uploads\/2020\/11\/bordadoraschil-720x540.jpeg\" loading=\"lazy\">\n\t\t\t\t<figcaption>\n\t\t\t\t\t\n\t\t\t\t<\/figcaption>\n\t\t\t<\/figure>\n\t\t\t<figure class=\"post-gallery-item\">\n\t\t\t\t<img decoding=\"async\" src=\"https:\/\/www.pressenza.com\/wp-content\/uploads\/2020\/11\/bordaoraschi-720x540.jpeg\" loading=\"lazy\">\n\t\t\t\t<figcaption>\n\t\t\t\t\t\n\t\t\t\t<\/figcaption>\n\t\t\t<\/figure>\n\t\t\t<figure class=\"post-gallery-item\">\n\t\t\t\t<img decoding=\"async\" src=\"https:\/\/www.pressenza.com\/wp-content\/uploads\/2020\/11\/bordadorasch-720x540.jpeg\" loading=\"lazy\">\n\t\t\t\t<figcaption>\n\t\t\t\t\t\n\t\t\t\t<\/figcaption>\n\t\t\t<\/figure>\n\t\t\t<figure class=\"post-gallery-item\">\n\t\t\t\t<img decoding=\"async\" src=\"https:\/\/www.pressenza.com\/wp-content\/uploads\/2020\/11\/bord-720x540.jpeg\" loading=\"lazy\">\n\t\t\t\t<figcaption>\n\t\t\t\t\t\n\t\t\t\t<\/figcaption>\n\t\t\t<\/figure>\n\t\t\t<figure class=\"post-gallery-item\">\n\t\t\t\t<img decoding=\"async\" src=\"https:\/\/www.pressenza.com\/wp-content\/uploads\/2020\/11\/bordad-720x540.jpeg\" loading=\"lazy\">\n\t\t\t\t<figcaption>\n\t\t\t\t\t\n\t\t\t\t<\/figcaption>\n\t\t\t<\/figure><\/div>\n<p>&nbsp;<\/p>\n","protected":false},"excerpt":{"rendered":"<p>Cada pueblo tiene su cultura, sus ritos, una est\u00e9tica que proviene de arraigos hist\u00f3ricos muchas veces rurales, modos y costumbres que permiten consolar, hacer el duelo, superar el dolor. En el caso de Chile, desde la \u00e9poca de la Colonia&hellip;<\/p>\n","protected":false},"author":43,"featured_media":1230848,"comment_status":"closed","ping_status":"closed","sticky":false,"template":"","format":"standard","meta":{"footnotes":""},"categories":[11389,75,5667,67],"tags":[83452,83451,29,74882],"class_list":["post-1230836","post","type-post","status-publish","format-standard","has-post-thumbnail","hentry","category-contenido-original","category-cultura-es","category-foto-reportajes","category-sudamerica","tag-pararemendareldolor","tag-bordadoras","tag-chile","tag-pandemia-de-coronavirus"],"yoast_head":"<!-- This site is optimized with the Yoast SEO plugin v27.1.1 - https:\/\/yoast.com\/product\/yoast-seo-wordpress\/ -->\n<title>[Chile] Para remendar el dolor<\/title>\n<meta name=\"description\" content=\"[Chile] Para remendar el dolor\" \/>\n<meta name=\"robots\" content=\"index, follow, max-snippet:-1, max-image-preview:large, max-video-preview:-1\" \/>\n<link rel=\"canonical\" href=\"https:\/\/www.pressenza.com\/es\/2020\/11\/chile-para-remendar-el-dolor\/\" \/>\n<meta property=\"og:locale\" content=\"es_ES\" \/>\n<meta property=\"og:type\" content=\"article\" \/>\n<meta property=\"og:title\" content=\"[Chile] Para remendar el dolor\" \/>\n<meta property=\"og:description\" content=\"[Chile] Para remendar el dolor\" \/>\n<meta property=\"og:url\" content=\"https:\/\/www.pressenza.com\/es\/2020\/11\/chile-para-remendar-el-dolor\/\" \/>\n<meta property=\"og:site_name\" content=\"Pressenza\" \/>\n<meta property=\"article:publisher\" content=\"https:\/\/www.facebook.com\/PressenzaItalia\" \/>\n<meta property=\"article:author\" content=\"https:\/\/www.facebook.com\/pressenza\" \/>\n<meta property=\"article:published_time\" content=\"2020-11-02T00:21:48+00:00\" \/>\n<meta property=\"article:modified_time\" content=\"2020-11-02T12:14:58+00:00\" \/>\n<meta property=\"og:image\" content=\"https:\/\/www.pressenza.com\/wp-content\/uploads\/2020\/11\/borda.jpeg\" \/>\n\t<meta property=\"og:image:width\" content=\"1280\" \/>\n\t<meta property=\"og:image:height\" content=\"960\" \/>\n\t<meta property=\"og:image:type\" content=\"image\/jpeg\" \/>\n<meta name=\"author\" content=\"Redacci\u00f3n Chile\" \/>\n<meta name=\"twitter:card\" content=\"summary_large_image\" \/>\n<meta name=\"twitter:creator\" content=\"@pressenza\" \/>\n<meta name=\"twitter:site\" content=\"@PressenzaIPA\" \/>\n<meta name=\"twitter:label1\" content=\"Escrito por\" \/>\n\t<meta name=\"twitter:data1\" content=\"Redacci\u00f3n Chile\" \/>\n\t<meta name=\"twitter:label2\" content=\"Tiempo de lectura\" \/>\n\t<meta name=\"twitter:data2\" content=\"2 minutos\" \/>\n<script type=\"application\/ld+json\" class=\"yoast-schema-graph\">{\"@context\":\"https:\/\/schema.org\",\"@graph\":[{\"@type\":\"Article\",\"@id\":\"https:\/\/www.pressenza.com\/es\/2020\/11\/chile-para-remendar-el-dolor\/#article\",\"isPartOf\":{\"@id\":\"https:\/\/www.pressenza.com\/es\/2020\/11\/chile-para-remendar-el-dolor\/\"},\"author\":{\"name\":\"Redacci\u00f3n Chile\",\"@id\":\"https:\/\/www.pressenza.com\/es\/#\/schema\/person\/d7db40df35d6698ba69ba9ee260944ed\"},\"headline\":\"[Chile] Para remendar el dolor\",\"datePublished\":\"2020-11-02T00:21:48+00:00\",\"dateModified\":\"2020-11-02T12:14:58+00:00\",\"mainEntityOfPage\":{\"@id\":\"https:\/\/www.pressenza.com\/es\/2020\/11\/chile-para-remendar-el-dolor\/\"},\"wordCount\":342,\"publisher\":{\"@id\":\"https:\/\/www.pressenza.com\/es\/#organization\"},\"image\":{\"@id\":\"https:\/\/www.pressenza.com\/es\/2020\/11\/chile-para-remendar-el-dolor\/#primaryimage\"},\"thumbnailUrl\":\"https:\/\/www.pressenza.com\/wp-content\/uploads\/2020\/11\/borda.jpeg\",\"keywords\":[\"@pararemendareldolor\",\"bordadoras\",\"Chile\",\"pandemia de coronavirus\"],\"articleSection\":[\"Contenido Original\",\"Cultura y Medios\",\"Fotorreportajes\",\"Sudam\u00e9rica\"],\"inLanguage\":\"es\"},{\"@type\":\"WebPage\",\"@id\":\"https:\/\/www.pressenza.com\/es\/2020\/11\/chile-para-remendar-el-dolor\/\",\"url\":\"https:\/\/www.pressenza.com\/es\/2020\/11\/chile-para-remendar-el-dolor\/\",\"name\":\"[Chile] Para remendar el dolor\",\"isPartOf\":{\"@id\":\"https:\/\/www.pressenza.com\/es\/#website\"},\"primaryImageOfPage\":{\"@id\":\"https:\/\/www.pressenza.com\/es\/2020\/11\/chile-para-remendar-el-dolor\/#primaryimage\"},\"image\":{\"@id\":\"https:\/\/www.pressenza.com\/es\/2020\/11\/chile-para-remendar-el-dolor\/#primaryimage\"},\"thumbnailUrl\":\"https:\/\/www.pressenza.com\/wp-content\/uploads\/2020\/11\/borda.jpeg\",\"datePublished\":\"2020-11-02T00:21:48+00:00\",\"dateModified\":\"2020-11-02T12:14:58+00:00\",\"description\":\"[Chile] Para remendar el dolor\",\"breadcrumb\":{\"@id\":\"https:\/\/www.pressenza.com\/es\/2020\/11\/chile-para-remendar-el-dolor\/#breadcrumb\"},\"inLanguage\":\"es\",\"potentialAction\":[{\"@type\":\"ReadAction\",\"target\":[\"https:\/\/www.pressenza.com\/es\/2020\/11\/chile-para-remendar-el-dolor\/\"]}]},{\"@type\":\"ImageObject\",\"inLanguage\":\"es\",\"@id\":\"https:\/\/www.pressenza.com\/es\/2020\/11\/chile-para-remendar-el-dolor\/#primaryimage\",\"url\":\"https:\/\/www.pressenza.com\/wp-content\/uploads\/2020\/11\/borda.jpeg\",\"contentUrl\":\"https:\/\/www.pressenza.com\/wp-content\/uploads\/2020\/11\/borda.jpeg\",\"width\":1280,\"height\":960,\"caption\":\"Claudia Aranda\"},{\"@type\":\"BreadcrumbList\",\"@id\":\"https:\/\/www.pressenza.com\/es\/2020\/11\/chile-para-remendar-el-dolor\/#breadcrumb\",\"itemListElement\":[{\"@type\":\"ListItem\",\"position\":1,\"name\":\"Accueil\",\"item\":\"https:\/\/www.pressenza.com\/es\/\"},{\"@type\":\"ListItem\",\"position\":2,\"name\":\"[Chile] Para remendar el dolor\"}]},{\"@type\":\"WebSite\",\"@id\":\"https:\/\/www.pressenza.com\/es\/#website\",\"url\":\"https:\/\/www.pressenza.com\/es\/\",\"name\":\"Pressenza\",\"description\":\"International Press Agency\",\"publisher\":{\"@id\":\"https:\/\/www.pressenza.com\/es\/#organization\"},\"potentialAction\":[{\"@type\":\"SearchAction\",\"target\":{\"@type\":\"EntryPoint\",\"urlTemplate\":\"https:\/\/www.pressenza.com\/es\/?s={search_term_string}\"},\"query-input\":{\"@type\":\"PropertyValueSpecification\",\"valueRequired\":true,\"valueName\":\"search_term_string\"}}],\"inLanguage\":\"es\"},{\"@type\":\"Organization\",\"@id\":\"https:\/\/www.pressenza.com\/es\/#organization\",\"name\":\"Pressenza\",\"url\":\"https:\/\/www.pressenza.com\/es\/\",\"logo\":{\"@type\":\"ImageObject\",\"inLanguage\":\"es\",\"@id\":\"https:\/\/www.pressenza.com\/es\/#\/schema\/logo\/image\/\",\"url\":\"https:\/\/www.pressenza.com\/wp-content\/uploads\/2022\/10\/pressenza_logo_200x200.jpg\",\"contentUrl\":\"https:\/\/www.pressenza.com\/wp-content\/uploads\/2022\/10\/pressenza_logo_200x200.jpg\",\"width\":200,\"height\":200,\"caption\":\"Pressenza\"},\"image\":{\"@id\":\"https:\/\/www.pressenza.com\/es\/#\/schema\/logo\/image\/\"},\"sameAs\":[\"https:\/\/www.facebook.com\/PressenzaItalia\",\"https:\/\/x.com\/PressenzaIPA\"]},{\"@type\":\"Person\",\"@id\":\"https:\/\/www.pressenza.com\/es\/#\/schema\/person\/d7db40df35d6698ba69ba9ee260944ed\",\"name\":\"Redacci\u00f3n Chile\",\"description\":\"News from the Pressenza Bureau in Chile\",\"sameAs\":[\"https:\/\/www.facebook.com\/pressenza\",\"https:\/\/x.com\/pressenza\"],\"url\":\"https:\/\/www.pressenza.com\/es\/author\/redaccion-chile\/\"}]}<\/script>\n<!-- \/ Yoast SEO plugin. -->","yoast_head_json":{"title":"[Chile] Para remendar el dolor","description":"[Chile] Para remendar el dolor","robots":{"index":"index","follow":"follow","max-snippet":"max-snippet:-1","max-image-preview":"max-image-preview:large","max-video-preview":"max-video-preview:-1"},"canonical":"https:\/\/www.pressenza.com\/es\/2020\/11\/chile-para-remendar-el-dolor\/","og_locale":"es_ES","og_type":"article","og_title":"[Chile] Para remendar el dolor","og_description":"[Chile] Para remendar el dolor","og_url":"https:\/\/www.pressenza.com\/es\/2020\/11\/chile-para-remendar-el-dolor\/","og_site_name":"Pressenza","article_publisher":"https:\/\/www.facebook.com\/PressenzaItalia","article_author":"https:\/\/www.facebook.com\/pressenza","article_published_time":"2020-11-02T00:21:48+00:00","article_modified_time":"2020-11-02T12:14:58+00:00","og_image":[{"width":1280,"height":960,"url":"https:\/\/www.pressenza.com\/wp-content\/uploads\/2020\/11\/borda.jpeg","type":"image\/jpeg"}],"author":"Redacci\u00f3n Chile","twitter_card":"summary_large_image","twitter_creator":"@pressenza","twitter_site":"@PressenzaIPA","twitter_misc":{"Escrito por":"Redacci\u00f3n Chile","Tiempo de lectura":"2 minutos"},"schema":{"@context":"https:\/\/schema.org","@graph":[{"@type":"Article","@id":"https:\/\/www.pressenza.com\/es\/2020\/11\/chile-para-remendar-el-dolor\/#article","isPartOf":{"@id":"https:\/\/www.pressenza.com\/es\/2020\/11\/chile-para-remendar-el-dolor\/"},"author":{"name":"Redacci\u00f3n Chile","@id":"https:\/\/www.pressenza.com\/es\/#\/schema\/person\/d7db40df35d6698ba69ba9ee260944ed"},"headline":"[Chile] Para remendar el dolor","datePublished":"2020-11-02T00:21:48+00:00","dateModified":"2020-11-02T12:14:58+00:00","mainEntityOfPage":{"@id":"https:\/\/www.pressenza.com\/es\/2020\/11\/chile-para-remendar-el-dolor\/"},"wordCount":342,"publisher":{"@id":"https:\/\/www.pressenza.com\/es\/#organization"},"image":{"@id":"https:\/\/www.pressenza.com\/es\/2020\/11\/chile-para-remendar-el-dolor\/#primaryimage"},"thumbnailUrl":"https:\/\/www.pressenza.com\/wp-content\/uploads\/2020\/11\/borda.jpeg","keywords":["@pararemendareldolor","bordadoras","Chile","pandemia de coronavirus"],"articleSection":["Contenido Original","Cultura y Medios","Fotorreportajes","Sudam\u00e9rica"],"inLanguage":"es"},{"@type":"WebPage","@id":"https:\/\/www.pressenza.com\/es\/2020\/11\/chile-para-remendar-el-dolor\/","url":"https:\/\/www.pressenza.com\/es\/2020\/11\/chile-para-remendar-el-dolor\/","name":"[Chile] Para remendar el dolor","isPartOf":{"@id":"https:\/\/www.pressenza.com\/es\/#website"},"primaryImageOfPage":{"@id":"https:\/\/www.pressenza.com\/es\/2020\/11\/chile-para-remendar-el-dolor\/#primaryimage"},"image":{"@id":"https:\/\/www.pressenza.com\/es\/2020\/11\/chile-para-remendar-el-dolor\/#primaryimage"},"thumbnailUrl":"https:\/\/www.pressenza.com\/wp-content\/uploads\/2020\/11\/borda.jpeg","datePublished":"2020-11-02T00:21:48+00:00","dateModified":"2020-11-02T12:14:58+00:00","description":"[Chile] Para remendar el dolor","breadcrumb":{"@id":"https:\/\/www.pressenza.com\/es\/2020\/11\/chile-para-remendar-el-dolor\/#breadcrumb"},"inLanguage":"es","potentialAction":[{"@type":"ReadAction","target":["https:\/\/www.pressenza.com\/es\/2020\/11\/chile-para-remendar-el-dolor\/"]}]},{"@type":"ImageObject","inLanguage":"es","@id":"https:\/\/www.pressenza.com\/es\/2020\/11\/chile-para-remendar-el-dolor\/#primaryimage","url":"https:\/\/www.pressenza.com\/wp-content\/uploads\/2020\/11\/borda.jpeg","contentUrl":"https:\/\/www.pressenza.com\/wp-content\/uploads\/2020\/11\/borda.jpeg","width":1280,"height":960,"caption":"Claudia Aranda"},{"@type":"BreadcrumbList","@id":"https:\/\/www.pressenza.com\/es\/2020\/11\/chile-para-remendar-el-dolor\/#breadcrumb","itemListElement":[{"@type":"ListItem","position":1,"name":"Accueil","item":"https:\/\/www.pressenza.com\/es\/"},{"@type":"ListItem","position":2,"name":"[Chile] Para remendar el dolor"}]},{"@type":"WebSite","@id":"https:\/\/www.pressenza.com\/es\/#website","url":"https:\/\/www.pressenza.com\/es\/","name":"Pressenza","description":"International Press Agency","publisher":{"@id":"https:\/\/www.pressenza.com\/es\/#organization"},"potentialAction":[{"@type":"SearchAction","target":{"@type":"EntryPoint","urlTemplate":"https:\/\/www.pressenza.com\/es\/?s={search_term_string}"},"query-input":{"@type":"PropertyValueSpecification","valueRequired":true,"valueName":"search_term_string"}}],"inLanguage":"es"},{"@type":"Organization","@id":"https:\/\/www.pressenza.com\/es\/#organization","name":"Pressenza","url":"https:\/\/www.pressenza.com\/es\/","logo":{"@type":"ImageObject","inLanguage":"es","@id":"https:\/\/www.pressenza.com\/es\/#\/schema\/logo\/image\/","url":"https:\/\/www.pressenza.com\/wp-content\/uploads\/2022\/10\/pressenza_logo_200x200.jpg","contentUrl":"https:\/\/www.pressenza.com\/wp-content\/uploads\/2022\/10\/pressenza_logo_200x200.jpg","width":200,"height":200,"caption":"Pressenza"},"image":{"@id":"https:\/\/www.pressenza.com\/es\/#\/schema\/logo\/image\/"},"sameAs":["https:\/\/www.facebook.com\/PressenzaItalia","https:\/\/x.com\/PressenzaIPA"]},{"@type":"Person","@id":"https:\/\/www.pressenza.com\/es\/#\/schema\/person\/d7db40df35d6698ba69ba9ee260944ed","name":"Redacci\u00f3n Chile","description":"News from the Pressenza Bureau in Chile","sameAs":["https:\/\/www.facebook.com\/pressenza","https:\/\/x.com\/pressenza"],"url":"https:\/\/www.pressenza.com\/es\/author\/redaccion-chile\/"}]}},"place":"Santiago de Chile","original_article_url":"","_links":{"self":[{"href":"https:\/\/www.pressenza.com\/es\/wp-json\/wp\/v2\/posts\/1230836","targetHints":{"allow":["GET"]}}],"collection":[{"href":"https:\/\/www.pressenza.com\/es\/wp-json\/wp\/v2\/posts"}],"about":[{"href":"https:\/\/www.pressenza.com\/es\/wp-json\/wp\/v2\/types\/post"}],"author":[{"embeddable":true,"href":"https:\/\/www.pressenza.com\/es\/wp-json\/wp\/v2\/users\/43"}],"replies":[{"embeddable":true,"href":"https:\/\/www.pressenza.com\/es\/wp-json\/wp\/v2\/comments?post=1230836"}],"version-history":[{"count":0,"href":"https:\/\/www.pressenza.com\/es\/wp-json\/wp\/v2\/posts\/1230836\/revisions"}],"wp:featuredmedia":[{"embeddable":true,"href":"https:\/\/www.pressenza.com\/es\/wp-json\/wp\/v2\/media\/1230848"}],"wp:attachment":[{"href":"https:\/\/www.pressenza.com\/es\/wp-json\/wp\/v2\/media?parent=1230836"}],"wp:term":[{"taxonomy":"category","embeddable":true,"href":"https:\/\/www.pressenza.com\/es\/wp-json\/wp\/v2\/categories?post=1230836"},{"taxonomy":"post_tag","embeddable":true,"href":"https:\/\/www.pressenza.com\/es\/wp-json\/wp\/v2\/tags?post=1230836"}],"curies":[{"name":"wp","href":"https:\/\/api.w.org\/{rel}","templated":true}]}}