{"id":1230822,"date":"2020-11-01T23:37:45","date_gmt":"2020-11-01T23:37:45","guid":{"rendered":"https:\/\/www.pressenza.com\/?p=1230822"},"modified":"2020-11-01T23:37:45","modified_gmt":"2020-11-01T23:37:45","slug":"trump-sumerge-tambien-a-la-omc-en-la-incertidumbre","status":"publish","type":"post","link":"https:\/\/www.pressenza.com\/es\/2020\/11\/trump-sumerge-tambien-a-la-omc-en-la-incertidumbre\/","title":{"rendered":"Trump sumerge (tambi\u00e9n) a la OMC en la incertidumbre"},"content":{"rendered":"<p>An\u00e1lisis de\u00a0<a title=\"Art\u00edculos de Gustavo Capdevila\" href=\"http:\/\/www.ipsnoticias.net\/author\/gustavo-capdevila\/\">Gustavo Capdevila<\/a><\/p>\n<p><span class=\"meta_origin\">GINEBRA, 29 oct 2020 (IPS)\u00a0<\/span>&#8211; \u201cIncluso si pierde, Donald Trump tiene hasta el 20 de enero para hacer desastres, la OMC estuvo siempre entre sus objetivos\u201d, fue la primera reacci\u00f3n a las consultas que hizo IPS apenas se supo el mi\u00e9rcoles 28 que Estados Unidos hab\u00eda bloqueado a la candidata nigeriana, Ngozi Okonjo-Iweala, para dirigir los destinos de la Organizaci\u00f3n Mundial del Comercio.<span id=\"more-145731\"><\/span><\/p>\n<p>Al igual que la autora del comentario, una experta latinoamericana en pol\u00edtica internacional que pidi\u00f3 reserva de su identidad, los medios comerciales de Ginebra observan con recelo la coincidencia entre la conclusi\u00f3n del proceso de selecci\u00f3n en la jefatura de la OMC y el desenlace de la sucesi\u00f3n presidencial en Estados Unidos, el martes 3 de noviembre.<\/p>\n<p>Los temores no son infundados. El presidente estadounidense ha emprendido guerras comerciales, lo opuesto a los principios de la OMC, y extirpado el \u00d3rgano de Apelaci\u00f3n, el instrumento que solidifica los acuerdos del intercambio.<\/p>\n<p>A\u00fan con esos antecedentes, sorprendi\u00f3 la intervenci\u00f3n del jefe negociador enviado de Washington, Dennis Shea, que impugn\u00f3 el proceso de selecci\u00f3n de candidatos encabezado, como establecen las normas de la OMC, por el presidente del\u00a0Consejo General, David Walker, de Nueva Zelanda, y secundado por los presidentes del \u00d3rgano de Soluci\u00f3n de Diferencias, Dacio Castillo, de Honduras, y del \u00d3rgano de Revisi\u00f3n de Pol\u00edticas Comerciales, Harald Aspelund, de Islandia.<\/p>\n<p>Durante m\u00e1s de cuatro meses ese terceto de negociadores gui\u00f3 el proceso de selecci\u00f3n hasta que finalmente quedaron escogidas dos candidatas, la nigeriana Okonjo-Iweala, y la surcoreana Yoo Myung-hee.<\/p>\n<p>En la sesi\u00f3n de Jefes de Delegaciones del 28 de octubre, Walker anunci\u00f3 que sobre la base de las consultas mantenidas con las misiones negociadoras de los 164 estados miembros de la OMC, la candidata mejor posicionada para lograr un consenso era Okonjo-Iweala.<\/p>\n<p>Walker rindi\u00f3 tributo a los ochos candidatos que participaron y en particular a Yoo, que lleg\u00f3 hasta la \u00faltima ronda de selecci\u00f3n.<\/p>\n<p>El enviado neozeland\u00e9s comunic\u00f3 que la evaluaci\u00f3n de los seleccionadores a favor a Okonjo-Iweala ser\u00e1 transmitida al Consejo General, el cuerpo supremo de la OMC durante los intervalos de receso de las Conferencia Ministerial, en la reuni\u00f3n que se realizar\u00e1 el 9 de noviembre.<\/p>\n<p>De acuerdo a los procedimientos de la instituci\u00f3n en esa fecha, cuando ya se deber\u00eda conocer el resultado de las elecciones estadounidense donde el republicano Trump aspira a la reelecci\u00f3n ante el dem\u00f3crata y exvicepresidente Joe Biden, el Consejo General de la OMC tendr\u00eda que consagrar como\u00a0 la primera mujer responsable de la direcci\u00f3n general de la instituci\u00f3n.<\/p>\n<p>La pretensi\u00f3n estadounidense expuesta por Shea, de desconocer a Okonjo-Iweala y proponer a Yoo como nueva directora general, viola los procedimientos aunque recurre al principio del consenso que rige en la OMC para la adopci\u00f3n de decisiones.<\/p>\n<p>Con estos par\u00e1metros se favorece el arribo de otro gran frente de tormentas a la OMC, que no es el primero desde que Trump lleg\u00f3 a la Casa Blanca en enero de 2017, pero esta vez amenaza con arrasar todo a su paso.<\/p>\n<p>Lo insinu\u00f3 el tono despectivo del estadounidense Shea cuando dijo que su pa\u00eds no pod\u00eda aceptar las recomendaciones de \u201ctres individuos\u201d, desacreditando a los negociadores que dirigieron la selecci\u00f3n.<\/p>\n<p>Opin\u00f3 que ese proceso hab\u00eda sido \u201copaco\u201d y \u201ccomplicado\u201d. Agreg\u00f3 que no es posible creer que Okonjo-Iweala haya concitado el consenso de los miembros como afirm\u00f3 el presidente de Consejo General.<\/p>\n<p>En Washington, el jefe de Shea, el representante comercial de Estados Unidos, Robert Lighthizer, defendi\u00f3 la candidatura de Yoo quien tiene, dijo, \u201ctodos los requisitos necesarios para ser una l\u00edder eficaz de la organizaci\u00f3n\u201d.<\/p>\n<p>\u201cEsta es una \u00e9poca dif\u00edcil para la OMC y para el comercio internacional. En 25 a\u00f1os no ha habido negociaciones arancelarias multilaterales, el sistema de soluci\u00f3n de diferencias qued\u00f3 fuera de control y demasiado pocos miembros cumplen con las obligaciones b\u00e1sicas de transparencia\u201d, acus\u00f3 Lighthizer.<\/p>\n<p>En contraste, los 25 pa\u00edses que intervinieron en el debate de la reuni\u00f3n de Jefes de Delegaciones elogiaron el informe del terceto de negociadores encabezado por Walker y defendieron la selecci\u00f3n de Okonjo-Iweala.<\/p>\n<p>La candidata es exministra de Finanzas de Nigeria, exdirectora del Banco Mundial y actualmente presidenta de GAVI, la Alianza para la Vacunaci\u00f3n, una asociaci\u00f3n mundial de los sectores p\u00fablicos y privados, creada en 2000 para llevar la inmunizaci\u00f3n a las poblaciones infantiles de las regiones marginales en el mundo.<\/p>\n<p>El representante de la Uni\u00f3n Europea, el diplom\u00e1tico portugu\u00e9s Joao Aguiar Machado, dijo que el presidente del Consejo General, Walker, expuso con claridad que el mayor respaldo de los Estados miembros sosten\u00eda la designaci\u00f3n de Okonjo-Iweala.<\/p>\n<p>No es correcto decir que la propuesta proven\u00eda de \u201ctres individuos\u201d, recalc\u00f3 Aguiar.<\/p>\n<p>China, Sud\u00e1frica, India, Australia y Gran Breta\u00f1a compartieron el resultado de la evaluaci\u00f3n presentada por los tres negociadores. La misma opini\u00f3n expusieron los tres \u00fanicos representantes de pa\u00edses latinoamericanos intervinientes, Chile, M\u00e9xico y Per\u00fa.<\/p>\n<p>La delegaci\u00f3n mexicana entendi\u00f3 que el proceso de selecci\u00f3n fue llevado con madurez y dignidad hasta alcanzar un ep\u00edlogo respetable. Chile y Per\u00fa llamaron tambi\u00e9n a respetar los procedimientos y encontraron que la selecci\u00f3n se realiz\u00f3 con rigor y transparencia.<\/p>\n<p>Llam\u00f3 la atenci\u00f3n el silencio de la delegaci\u00f3n de Corea del Sur. Se esperaba que al menos hablara en apoyo de su connacional, actual ministra de Comercio Exterior de la naci\u00f3n asi\u00e1tica.<\/p>\n<p>Medios especializados en temas comerciales observaban que desde la d\u00e9cada de 1950, cuando Estados Unidos intervino militarmente en apoyo del sur durante el conflicto con la vecina Corea del Norte, comunista, los gobiernos de Se\u00fal han mantenido relaciones muy estrechas con Washington.<\/p>\n<p>Todas estas posiciones se confrontar\u00e1n el 9 de noviembre en una sesi\u00f3n del Consejo General que promete sobresaltos cualquiera que sea el resultado del 3 de noviembre.<\/p>\n<p>Por lo pronto, el Consejo General tiene atributos resolutivos y en caso de que persistan las diferencias y se frustre el consenso, las reglas de la OMC admiten el recurso extremo de la votaci\u00f3n y el riesgo de huellas previsibles.<\/p>\n<p>Entre negociadores experimentados se puede encontrar siempre una soluci\u00f3n. Lo contrario ser\u00eda una disoluci\u00f3n y el descalabro de una arquitectura levantada durante m\u00e1s de 70 a\u00f1os con la aparici\u00f3n del GATT, el Acuerdo General de Aranceles y Comercio, antecesor de la OMC, nacida en 1995.<\/p>\n<p>El sistema vigente, con todas sus injusticias y desigualdades ha beneficiado a muchos intereses y con menor \u00e9nfasis en los negocios lucrativos y mayor empe\u00f1o en el desarrollo de todas las naciones, le queda una larga vida.<\/p>\n<p>Menos optimista es el veterano negociador comercial Stuart Harbinson, que entre 1994 y 2002 represent\u00f3 diplom\u00e1ticamente en Ginebra a Hong Kong, ahora regi\u00f3n especial administrativa de China.<\/p>\n<p>Cuando en mayo de 2020 se conoci\u00f3 el alejamiento del brasile\u00f1o Roberto Az\u00eavedo de la direcci\u00f3n general de la OMC a partir del 31 de agosto, un a\u00f1o antes de la finalizaci\u00f3n de su mandato, Harbinson traz\u00f3 un panorama y un pron\u00f3stico de su sucesi\u00f3n.<\/p>\n<p>Un primer modelo de sucesor o sucesora podr\u00eda parecerse al irland\u00e9s Peter Sutherland, dotado de formaci\u00f3n jur\u00eddica y comercial, junto a una fuerte personalidad, que le dieron acceso a los l\u00edderes mundiales y favorecieron el \u00e9xito de la Ronda Uruguay (1987-1994) y el nacimiento de la OMC, que lo convirti\u00f3 en su primer director general.<\/p>\n<p>La alternativa ser\u00eda una persona de bajo perfil, tecn\u00f3crata, tipo sobreviviente. \u201cAlgunos dir\u00edan \u2018m\u00e1s de lo mismo\u2019, lo que nunca ha funcionado\u201d, subray\u00f3 Harbinson en aparente referencia a Az\u00eavedo.<\/p>\n<p>Sea un sabio o un sobreviviente, \u00a0Harbinson predijo que \u201cuna cosa es segura. Lo que la OMC no necesita ahora es una contienda turbulenta y prolongada por la sucesi\u00f3n\u201d.<\/p>\n<p>En particular, quienes sostienen el sistema \u201cno quieren ver candidatos respaldados por superpotencias enfrentadas. Eso seguramente sembrar\u00e1 la semilla de posteriores divisiones y par\u00e1lisis\u201d, prosigui\u00f3.<\/p>\n<p>La conclusi\u00f3n de Harbinson: \u201cdesafortunadamente la historia nos ense\u00f1a que eso es lo que podemos obtener\u201d. El 9 de noviembre puede haber una respuesta, conoci\u00e9ndose ya si la administraci\u00f3n de Trump seguir\u00e1 o no a partir de enero en la Casa Blanca.<\/p>\n","protected":false},"excerpt":{"rendered":"<p>An\u00e1lisis de\u00a0Gustavo Capdevila GINEBRA, 29 oct 2020 (IPS)\u00a0&#8211; \u201cIncluso si pierde, Donald Trump tiene hasta el 20 de enero para hacer desastres, la OMC estuvo siempre entre sus objetivos\u201d, fue la primera reacci\u00f3n a las consultas que hizo IPS apenas&hellip;<\/p>\n","protected":false},"author":347,"featured_media":1230824,"comment_status":"closed","ping_status":"closed","sticky":false,"template":"","format":"standard","meta":{"footnotes":""},"categories":[68,161,74],"tags":[83447,26187,83448,41521],"class_list":["post-1230822","post","type-post","status-publish","format-standard","has-post-thumbnail","hentry","category-norteamerica","category-opiniones","category-politica-es","tag-acuerdo-general-de-aranceles-y-comercio","tag-donald-trump-es","tag-gavi","tag-ginebra"],"yoast_head":"<!-- This site is optimized with the Yoast SEO plugin v27.1.1 - https:\/\/yoast.com\/product\/yoast-seo-wordpress\/ -->\n<title>Trump sumerge (tambi\u00e9n) a la OMC en la incertidumbre<\/title>\n<meta name=\"description\" content=\"An\u00e1lisis de\u00a0Gustavo Capdevila GINEBRA, 29 oct 2020 (IPS)\u00a0- \u201cIncluso si pierde, Donald Trump tiene hasta el 20 de enero para hacer desastres, la OMC estuvo\" \/>\n<meta name=\"robots\" content=\"index, follow, max-snippet:-1, max-image-preview:large, max-video-preview:-1\" \/>\n<link rel=\"canonical\" href=\"https:\/\/www.pressenza.com\/es\/2020\/11\/trump-sumerge-tambien-a-la-omc-en-la-incertidumbre\/\" \/>\n<meta property=\"og:locale\" content=\"es_ES\" \/>\n<meta property=\"og:type\" content=\"article\" \/>\n<meta property=\"og:title\" content=\"Trump sumerge (tambi\u00e9n) a la OMC en la incertidumbre\" \/>\n<meta property=\"og:description\" content=\"An\u00e1lisis de\u00a0Gustavo Capdevila GINEBRA, 29 oct 2020 (IPS)\u00a0- \u201cIncluso si pierde, Donald Trump tiene hasta el 20 de enero para hacer desastres, la OMC estuvo\" \/>\n<meta property=\"og:url\" content=\"https:\/\/www.pressenza.com\/es\/2020\/11\/trump-sumerge-tambien-a-la-omc-en-la-incertidumbre\/\" \/>\n<meta property=\"og:site_name\" content=\"Pressenza\" \/>\n<meta property=\"article:publisher\" content=\"https:\/\/www.facebook.com\/PressenzaItalia\" \/>\n<meta property=\"article:author\" content=\"http:\/\/www.facebook.com\/ipsnoticias\" \/>\n<meta property=\"article:published_time\" content=\"2020-11-01T23:37:45+00:00\" \/>\n<meta property=\"og:image\" content=\"https:\/\/www.pressenza.com\/wp-content\/uploads\/2020\/11\/Okonjo.jpg\" \/>\n\t<meta property=\"og:image:width\" content=\"800\" \/>\n\t<meta property=\"og:image:height\" content=\"532\" \/>\n\t<meta property=\"og:image:type\" content=\"image\/jpeg\" \/>\n<meta name=\"author\" content=\"Inter Press Service\" \/>\n<meta name=\"twitter:card\" content=\"summary_large_image\" \/>\n<meta name=\"twitter:creator\" content=\"@ipsnoticias\" \/>\n<meta name=\"twitter:site\" content=\"@PressenzaIPA\" \/>\n<meta name=\"twitter:label1\" content=\"Escrito por\" \/>\n\t<meta name=\"twitter:data1\" content=\"Inter Press Service\" \/>\n\t<meta name=\"twitter:label2\" content=\"Tiempo de lectura\" \/>\n\t<meta name=\"twitter:data2\" content=\"7 minutos\" \/>\n<script type=\"application\/ld+json\" class=\"yoast-schema-graph\">{\"@context\":\"https:\/\/schema.org\",\"@graph\":[{\"@type\":\"Article\",\"@id\":\"https:\/\/www.pressenza.com\/es\/2020\/11\/trump-sumerge-tambien-a-la-omc-en-la-incertidumbre\/#article\",\"isPartOf\":{\"@id\":\"https:\/\/www.pressenza.com\/es\/2020\/11\/trump-sumerge-tambien-a-la-omc-en-la-incertidumbre\/\"},\"author\":{\"name\":\"Inter Press Service\",\"@id\":\"https:\/\/www.pressenza.com\/es\/#\/schema\/person\/7467f88f6765c239bdd52f3c432de81a\"},\"headline\":\"Trump sumerge (tambi\u00e9n) a la OMC en la incertidumbre\",\"datePublished\":\"2020-11-01T23:37:45+00:00\",\"mainEntityOfPage\":{\"@id\":\"https:\/\/www.pressenza.com\/es\/2020\/11\/trump-sumerge-tambien-a-la-omc-en-la-incertidumbre\/\"},\"wordCount\":1419,\"publisher\":{\"@id\":\"https:\/\/www.pressenza.com\/es\/#organization\"},\"image\":{\"@id\":\"https:\/\/www.pressenza.com\/es\/2020\/11\/trump-sumerge-tambien-a-la-omc-en-la-incertidumbre\/#primaryimage\"},\"thumbnailUrl\":\"https:\/\/www.pressenza.com\/wp-content\/uploads\/2020\/11\/Okonjo.jpg\",\"keywords\":[\"Acuerdo General de Aranceles y Comercio\",\"Donald Trump\",\"GAVI\",\"ginebra\"],\"articleSection\":[\"Norteam\u00e9rica\",\"Opiniones\",\"Pol\u00edtica\"],\"inLanguage\":\"es\"},{\"@type\":\"WebPage\",\"@id\":\"https:\/\/www.pressenza.com\/es\/2020\/11\/trump-sumerge-tambien-a-la-omc-en-la-incertidumbre\/\",\"url\":\"https:\/\/www.pressenza.com\/es\/2020\/11\/trump-sumerge-tambien-a-la-omc-en-la-incertidumbre\/\",\"name\":\"Trump sumerge (tambi\u00e9n) a la OMC en la incertidumbre\",\"isPartOf\":{\"@id\":\"https:\/\/www.pressenza.com\/es\/#website\"},\"primaryImageOfPage\":{\"@id\":\"https:\/\/www.pressenza.com\/es\/2020\/11\/trump-sumerge-tambien-a-la-omc-en-la-incertidumbre\/#primaryimage\"},\"image\":{\"@id\":\"https:\/\/www.pressenza.com\/es\/2020\/11\/trump-sumerge-tambien-a-la-omc-en-la-incertidumbre\/#primaryimage\"},\"thumbnailUrl\":\"https:\/\/www.pressenza.com\/wp-content\/uploads\/2020\/11\/Okonjo.jpg\",\"datePublished\":\"2020-11-01T23:37:45+00:00\",\"description\":\"An\u00e1lisis de\u00a0Gustavo Capdevila GINEBRA, 29 oct 2020 (IPS)\u00a0- \u201cIncluso si pierde, Donald Trump tiene hasta el 20 de enero para hacer desastres, la OMC estuvo\",\"breadcrumb\":{\"@id\":\"https:\/\/www.pressenza.com\/es\/2020\/11\/trump-sumerge-tambien-a-la-omc-en-la-incertidumbre\/#breadcrumb\"},\"inLanguage\":\"es\",\"potentialAction\":[{\"@type\":\"ReadAction\",\"target\":[\"https:\/\/www.pressenza.com\/es\/2020\/11\/trump-sumerge-tambien-a-la-omc-en-la-incertidumbre\/\"]}]},{\"@type\":\"ImageObject\",\"inLanguage\":\"es\",\"@id\":\"https:\/\/www.pressenza.com\/es\/2020\/11\/trump-sumerge-tambien-a-la-omc-en-la-incertidumbre\/#primaryimage\",\"url\":\"https:\/\/www.pressenza.com\/wp-content\/uploads\/2020\/11\/Okonjo.jpg\",\"contentUrl\":\"https:\/\/www.pressenza.com\/wp-content\/uploads\/2020\/11\/Okonjo.jpg\",\"width\":800,\"height\":532},{\"@type\":\"BreadcrumbList\",\"@id\":\"https:\/\/www.pressenza.com\/es\/2020\/11\/trump-sumerge-tambien-a-la-omc-en-la-incertidumbre\/#breadcrumb\",\"itemListElement\":[{\"@type\":\"ListItem\",\"position\":1,\"name\":\"Accueil\",\"item\":\"https:\/\/www.pressenza.com\/es\/\"},{\"@type\":\"ListItem\",\"position\":2,\"name\":\"Trump sumerge (tambi\u00e9n) a la OMC en la incertidumbre\"}]},{\"@type\":\"WebSite\",\"@id\":\"https:\/\/www.pressenza.com\/es\/#website\",\"url\":\"https:\/\/www.pressenza.com\/es\/\",\"name\":\"Pressenza\",\"description\":\"International Press Agency\",\"publisher\":{\"@id\":\"https:\/\/www.pressenza.com\/es\/#organization\"},\"potentialAction\":[{\"@type\":\"SearchAction\",\"target\":{\"@type\":\"EntryPoint\",\"urlTemplate\":\"https:\/\/www.pressenza.com\/es\/?s={search_term_string}\"},\"query-input\":{\"@type\":\"PropertyValueSpecification\",\"valueRequired\":true,\"valueName\":\"search_term_string\"}}],\"inLanguage\":\"es\"},{\"@type\":\"Organization\",\"@id\":\"https:\/\/www.pressenza.com\/es\/#organization\",\"name\":\"Pressenza\",\"url\":\"https:\/\/www.pressenza.com\/es\/\",\"logo\":{\"@type\":\"ImageObject\",\"inLanguage\":\"es\",\"@id\":\"https:\/\/www.pressenza.com\/es\/#\/schema\/logo\/image\/\",\"url\":\"https:\/\/www.pressenza.com\/wp-content\/uploads\/2022\/10\/pressenza_logo_200x200.jpg\",\"contentUrl\":\"https:\/\/www.pressenza.com\/wp-content\/uploads\/2022\/10\/pressenza_logo_200x200.jpg\",\"width\":200,\"height\":200,\"caption\":\"Pressenza\"},\"image\":{\"@id\":\"https:\/\/www.pressenza.com\/es\/#\/schema\/logo\/image\/\"},\"sameAs\":[\"https:\/\/www.facebook.com\/PressenzaItalia\",\"https:\/\/x.com\/PressenzaIPA\"]},{\"@type\":\"Person\",\"@id\":\"https:\/\/www.pressenza.com\/es\/#\/schema\/person\/7467f88f6765c239bdd52f3c432de81a\",\"name\":\"Inter Press Service\",\"description\":\"IPS is an international communications institution at the heart of a global news agency that amplifies the voices of the South and civil society on development, globalisation, human rights and the environment. www.ipsnews.net\",\"sameAs\":[\"http:\/\/www.facebook.com\/ipsnoticias\",\"https:\/\/x.com\/ipsnoticias\"],\"url\":\"https:\/\/www.pressenza.com\/es\/author\/ips-inter-press-service\/\"}]}<\/script>\n<!-- \/ Yoast SEO plugin. -->","yoast_head_json":{"title":"Trump sumerge (tambi\u00e9n) a la OMC en la incertidumbre","description":"An\u00e1lisis de\u00a0Gustavo Capdevila GINEBRA, 29 oct 2020 (IPS)\u00a0- \u201cIncluso si pierde, Donald Trump tiene hasta el 20 de enero para hacer desastres, la OMC estuvo","robots":{"index":"index","follow":"follow","max-snippet":"max-snippet:-1","max-image-preview":"max-image-preview:large","max-video-preview":"max-video-preview:-1"},"canonical":"https:\/\/www.pressenza.com\/es\/2020\/11\/trump-sumerge-tambien-a-la-omc-en-la-incertidumbre\/","og_locale":"es_ES","og_type":"article","og_title":"Trump sumerge (tambi\u00e9n) a la OMC en la incertidumbre","og_description":"An\u00e1lisis de\u00a0Gustavo Capdevila GINEBRA, 29 oct 2020 (IPS)\u00a0- \u201cIncluso si pierde, Donald Trump tiene hasta el 20 de enero para hacer desastres, la OMC estuvo","og_url":"https:\/\/www.pressenza.com\/es\/2020\/11\/trump-sumerge-tambien-a-la-omc-en-la-incertidumbre\/","og_site_name":"Pressenza","article_publisher":"https:\/\/www.facebook.com\/PressenzaItalia","article_author":"http:\/\/www.facebook.com\/ipsnoticias","article_published_time":"2020-11-01T23:37:45+00:00","og_image":[{"width":800,"height":532,"url":"https:\/\/www.pressenza.com\/wp-content\/uploads\/2020\/11\/Okonjo.jpg","type":"image\/jpeg"}],"author":"Inter Press Service","twitter_card":"summary_large_image","twitter_creator":"@ipsnoticias","twitter_site":"@PressenzaIPA","twitter_misc":{"Escrito por":"Inter Press Service","Tiempo de lectura":"7 minutos"},"schema":{"@context":"https:\/\/schema.org","@graph":[{"@type":"Article","@id":"https:\/\/www.pressenza.com\/es\/2020\/11\/trump-sumerge-tambien-a-la-omc-en-la-incertidumbre\/#article","isPartOf":{"@id":"https:\/\/www.pressenza.com\/es\/2020\/11\/trump-sumerge-tambien-a-la-omc-en-la-incertidumbre\/"},"author":{"name":"Inter Press Service","@id":"https:\/\/www.pressenza.com\/es\/#\/schema\/person\/7467f88f6765c239bdd52f3c432de81a"},"headline":"Trump sumerge (tambi\u00e9n) a la OMC en la incertidumbre","datePublished":"2020-11-01T23:37:45+00:00","mainEntityOfPage":{"@id":"https:\/\/www.pressenza.com\/es\/2020\/11\/trump-sumerge-tambien-a-la-omc-en-la-incertidumbre\/"},"wordCount":1419,"publisher":{"@id":"https:\/\/www.pressenza.com\/es\/#organization"},"image":{"@id":"https:\/\/www.pressenza.com\/es\/2020\/11\/trump-sumerge-tambien-a-la-omc-en-la-incertidumbre\/#primaryimage"},"thumbnailUrl":"https:\/\/www.pressenza.com\/wp-content\/uploads\/2020\/11\/Okonjo.jpg","keywords":["Acuerdo General de Aranceles y Comercio","Donald Trump","GAVI","ginebra"],"articleSection":["Norteam\u00e9rica","Opiniones","Pol\u00edtica"],"inLanguage":"es"},{"@type":"WebPage","@id":"https:\/\/www.pressenza.com\/es\/2020\/11\/trump-sumerge-tambien-a-la-omc-en-la-incertidumbre\/","url":"https:\/\/www.pressenza.com\/es\/2020\/11\/trump-sumerge-tambien-a-la-omc-en-la-incertidumbre\/","name":"Trump sumerge (tambi\u00e9n) a la OMC en la incertidumbre","isPartOf":{"@id":"https:\/\/www.pressenza.com\/es\/#website"},"primaryImageOfPage":{"@id":"https:\/\/www.pressenza.com\/es\/2020\/11\/trump-sumerge-tambien-a-la-omc-en-la-incertidumbre\/#primaryimage"},"image":{"@id":"https:\/\/www.pressenza.com\/es\/2020\/11\/trump-sumerge-tambien-a-la-omc-en-la-incertidumbre\/#primaryimage"},"thumbnailUrl":"https:\/\/www.pressenza.com\/wp-content\/uploads\/2020\/11\/Okonjo.jpg","datePublished":"2020-11-01T23:37:45+00:00","description":"An\u00e1lisis de\u00a0Gustavo Capdevila GINEBRA, 29 oct 2020 (IPS)\u00a0- \u201cIncluso si pierde, Donald Trump tiene hasta el 20 de enero para hacer desastres, la OMC estuvo","breadcrumb":{"@id":"https:\/\/www.pressenza.com\/es\/2020\/11\/trump-sumerge-tambien-a-la-omc-en-la-incertidumbre\/#breadcrumb"},"inLanguage":"es","potentialAction":[{"@type":"ReadAction","target":["https:\/\/www.pressenza.com\/es\/2020\/11\/trump-sumerge-tambien-a-la-omc-en-la-incertidumbre\/"]}]},{"@type":"ImageObject","inLanguage":"es","@id":"https:\/\/www.pressenza.com\/es\/2020\/11\/trump-sumerge-tambien-a-la-omc-en-la-incertidumbre\/#primaryimage","url":"https:\/\/www.pressenza.com\/wp-content\/uploads\/2020\/11\/Okonjo.jpg","contentUrl":"https:\/\/www.pressenza.com\/wp-content\/uploads\/2020\/11\/Okonjo.jpg","width":800,"height":532},{"@type":"BreadcrumbList","@id":"https:\/\/www.pressenza.com\/es\/2020\/11\/trump-sumerge-tambien-a-la-omc-en-la-incertidumbre\/#breadcrumb","itemListElement":[{"@type":"ListItem","position":1,"name":"Accueil","item":"https:\/\/www.pressenza.com\/es\/"},{"@type":"ListItem","position":2,"name":"Trump sumerge (tambi\u00e9n) a la OMC en la incertidumbre"}]},{"@type":"WebSite","@id":"https:\/\/www.pressenza.com\/es\/#website","url":"https:\/\/www.pressenza.com\/es\/","name":"Pressenza","description":"International Press Agency","publisher":{"@id":"https:\/\/www.pressenza.com\/es\/#organization"},"potentialAction":[{"@type":"SearchAction","target":{"@type":"EntryPoint","urlTemplate":"https:\/\/www.pressenza.com\/es\/?s={search_term_string}"},"query-input":{"@type":"PropertyValueSpecification","valueRequired":true,"valueName":"search_term_string"}}],"inLanguage":"es"},{"@type":"Organization","@id":"https:\/\/www.pressenza.com\/es\/#organization","name":"Pressenza","url":"https:\/\/www.pressenza.com\/es\/","logo":{"@type":"ImageObject","inLanguage":"es","@id":"https:\/\/www.pressenza.com\/es\/#\/schema\/logo\/image\/","url":"https:\/\/www.pressenza.com\/wp-content\/uploads\/2022\/10\/pressenza_logo_200x200.jpg","contentUrl":"https:\/\/www.pressenza.com\/wp-content\/uploads\/2022\/10\/pressenza_logo_200x200.jpg","width":200,"height":200,"caption":"Pressenza"},"image":{"@id":"https:\/\/www.pressenza.com\/es\/#\/schema\/logo\/image\/"},"sameAs":["https:\/\/www.facebook.com\/PressenzaItalia","https:\/\/x.com\/PressenzaIPA"]},{"@type":"Person","@id":"https:\/\/www.pressenza.com\/es\/#\/schema\/person\/7467f88f6765c239bdd52f3c432de81a","name":"Inter Press Service","description":"IPS is an international communications institution at the heart of a global news agency that amplifies the voices of the South and civil society on development, globalisation, human rights and the environment. www.ipsnews.net","sameAs":["http:\/\/www.facebook.com\/ipsnoticias","https:\/\/x.com\/ipsnoticias"],"url":"https:\/\/www.pressenza.com\/es\/author\/ips-inter-press-service\/"}]}},"place":"","original_article_url":"http:\/\/www.ipsnoticias.net\/2020\/10\/trump-sumerge-tambien-la-omc-la-incertidumbre\/","_links":{"self":[{"href":"https:\/\/www.pressenza.com\/es\/wp-json\/wp\/v2\/posts\/1230822","targetHints":{"allow":["GET"]}}],"collection":[{"href":"https:\/\/www.pressenza.com\/es\/wp-json\/wp\/v2\/posts"}],"about":[{"href":"https:\/\/www.pressenza.com\/es\/wp-json\/wp\/v2\/types\/post"}],"author":[{"embeddable":true,"href":"https:\/\/www.pressenza.com\/es\/wp-json\/wp\/v2\/users\/347"}],"replies":[{"embeddable":true,"href":"https:\/\/www.pressenza.com\/es\/wp-json\/wp\/v2\/comments?post=1230822"}],"version-history":[{"count":0,"href":"https:\/\/www.pressenza.com\/es\/wp-json\/wp\/v2\/posts\/1230822\/revisions"}],"wp:featuredmedia":[{"embeddable":true,"href":"https:\/\/www.pressenza.com\/es\/wp-json\/wp\/v2\/media\/1230824"}],"wp:attachment":[{"href":"https:\/\/www.pressenza.com\/es\/wp-json\/wp\/v2\/media?parent=1230822"}],"wp:term":[{"taxonomy":"category","embeddable":true,"href":"https:\/\/www.pressenza.com\/es\/wp-json\/wp\/v2\/categories?post=1230822"},{"taxonomy":"post_tag","embeddable":true,"href":"https:\/\/www.pressenza.com\/es\/wp-json\/wp\/v2\/tags?post=1230822"}],"curies":[{"name":"wp","href":"https:\/\/api.w.org\/{rel}","templated":true}]}}