{"id":1229197,"date":"2020-10-31T00:32:02","date_gmt":"2020-10-31T00:32:02","guid":{"rendered":"https:\/\/www.pressenza.com\/?p=1229197"},"modified":"2020-10-31T00:32:02","modified_gmt":"2020-10-31T00:32:02","slug":"cuatro-elementos-29-10-2020-plebiscito-constitucional-en-chile-y-tratado-de-prohibicion-de-armas-nucleares","status":"publish","type":"post","link":"https:\/\/www.pressenza.com\/es\/2020\/10\/cuatro-elementos-29-10-2020-plebiscito-constitucional-en-chile-y-tratado-de-prohibicion-de-armas-nucleares\/","title":{"rendered":"Cuatro Elementos 29\/10\/2020 Plebiscito Constitucional en Chile y Tratado de Prohibici\u00f3n de Armas Nucleares"},"content":{"rendered":"<p>Junto al m\u00e9dico Carlos Uma\u00f1a, conocemos los detalles de la entrada en vigor del Tratado que proh\u00edbe las armas nucleares en el planeta, tras la ratificaci\u00f3n de 50 pa\u00edses.<br \/>\nY con el diputado Tom\u00e1s Hirsch, nos adentramos en los resultados del plebiscito en el que los chilenos y chilenas decidieron realizar una Convenci\u00f3n Constituyente para escribir una nueva Carta Magna para su pa\u00eds.<\/p>\n<!--[if lt IE 9]><script>document.createElement('audio');<\/script><![endif]-->\n<audio class=\"wp-audio-shortcode\" id=\"audio-1229197-1\" preload=\"none\" style=\"width: 100%;\" controls=\"controls\"><source type=\"audio\/mpeg\" src=\"https:\/\/ar.ivoox.com\/es\/cuatro-elementos-29-10-2020-plebiscito-constitucional-chile-y_md_58816285_wp_1.mp3?_=1\" \/><a href=\"https:\/\/ar.ivoox.com\/es\/cuatro-elementos-29-10-2020-plebiscito-constitucional-chile-y_md_58816285_wp_1.mp3\">https:\/\/ar.ivoox.com\/es\/cuatro-elementos-29-10-2020-plebiscito-constitucional-chile-y_md_58816285_wp_1.mp3<\/a><\/audio>\n<p><a title=\"Cuatro Elementos 29\/10\/2020 Plebiscito Constitucional en Chile y Tratado de Prohibici\u00f3n de Armas Nucleares\" href=\"https:\/\/go.ivoox.com\/rf\/58816285\">Ir a descargar<\/a><\/p>\n<p><strong>Recorrido Planetario<\/strong><\/p>\n<p>AM\u00c9RICA-BOLIVIA<\/p>\n<p>El secretario ejecutivo de la Federaci\u00f3n Sindical de Trabajadores Mineros de Bolivia, Orlando Guti\u00e9rrez, falleci\u00f3 esta madrugada tras haber sufrido un atentado del que sali\u00f3 con graves lesiones. El dirigente sindical se encontraba hospitalizado en una cl\u00ednica de la ciudad de La Paz, desde el 22 de octubre. Su estado de estado de salud ha sido cr\u00edtico hasta que finalmente falleci\u00f3 la pasada madrugada. Las elecciones presidenciales de Bolivia tuvieron lugar el 18 de octubre.<\/p>\n<p>El hermano de Guti\u00e9rrez, Abel Zambrana, confirm\u00f3 la muerte al diario La Raz\u00f3n esta madrugada.<br \/>\nEl presidente electo, Luis Arce Catacora expres\u00f3 sus condolencias a trav\u00e9s de Twitter. \u201cExpreso mi profundo pesar por la partida f\u00edsica del hermano Carlos Orlando Guti\u00e9rrez Luna (Q.E.P.D.). Gran dirigente minero que siempre defendi\u00f3 los intereses del pueblo boliviano. Mi solidaridad con la familia en este dif\u00edcil momento, los acompa\u00f1amos en su dolor\u201d. Orlando Guti\u00e9rrez hab\u00eda participado de manera activa en la campa\u00f1a del MA. En la campa\u00f1a en la ciudad de Oruro dijo que si se confirmaba un fraude contra el MAS se producir\u00edan movilizaciones en las calles.<\/p>\n<p>EUROPA &#8211; POLONIA<\/p>\n<p>Se mantienen las protestas en varias ciudades y localidades de Polonia por la sentencia del Tribunal Constitucional contra el aborto en el caso de malformaci\u00f3n del feto, que hasta ahora era una de las opciones para una interrupci\u00f3n legal del embarazo. Se trata del \u00faltimo paso dado por esta corte para prohibir completamente el aborto en el pa\u00eds.<\/p>\n<p>Las marchas de protesta comenzaron el pasado fin de semana. En Varsovia, por ejemplo, discurri\u00f3 hacia el domicilio del jefe pol\u00edtico del partido gubernamental Ley y Justicia y viceprimer ministro, Jaroslaw Kaczynski, completamente favorable a la prohibici\u00f3n total del aborto. Las marchas est\u00e1n siendo reprimidas con un amplio despliegue policial.<br \/>\nEl presidente del pa\u00eds, el ultraconservador Andrzej Duda, cercano al partido en el ejecutivo, ha declarado en p\u00fablico estar a favor de la decisi\u00f3n del Constitucional, igual que la Conferencia Episcopal, quien ha calificado la sentencia como acorde con un pa\u00eds de poblaci\u00f3n mayoritariamente cat\u00f3lica.<\/p>\n<p>La sentencia del Tribunal declara \u201cinconstitucional\u201d la interrupci\u00f3n del embarazo por malformaci\u00f3n del feto. Con ello, la posibilidad del aborto legal ha quedado reducida a los supuestos legales de violaci\u00f3n, incesto y grave riesgo para la salud de la madre. El tribunal responde as\u00ed a la demanda presentada hace tres a\u00f1os por un grupo de parlamentarios del Partido en el poder, quienes consideran que el aborto por malformaci\u00f3n del feto es una forma de eugenesia que no respeta la dignidad humana y, por lo tanto, no puede tener cabida en la Constituci\u00f3n.<\/p>\n<p>Ahora el Tribunal Supremo les da la raz\u00f3n.<\/p>\n<p>\u00c1FRICA &#8211; SUD\u00c1N<\/p>\n<p>La semana pasada el gobierno de Sud\u00e1n, siguiendo el camino de Emiratos \u00c1rabes y Bahr\u00e9in, se desmarc\u00f3 de la declaraci\u00f3n establecida por la Liga \u00c1rabe en el a\u00f1o 1967, por la cual se compromet\u00eda a relaciones de \u201cno paz, no reconocimiento y no negociaciones\u201d con Israel. Este gesto le sirvi\u00f3 para ser eliminado de la lista estadounidense de patrocinadores estatales del terrorismo.<\/p>\n<p>El primer ministro israel\u00ed, Benjamin Netanyahu, acord\u00f3 con el primer ministro sudan\u00e9s, Abdalla Hamdok, y el presidente sudan\u00e9s del Consejo de Soberan\u00eda, Abdel Fattah al-Burhan, la normalizaci\u00f3n de las relaciones entre los dos pa\u00edses y el establecimiento de v\u00ednculos comerciales y econ\u00f3micos. Adem\u00e1s de abordar estos v\u00ednculos, las delegaciones tienen pendiente reunirse para discutir cuestiones migratorias, ya que miles de inmigrantes sudaneses se han trasladado a Israel en los \u00faltimos 15 a\u00f1os.<\/p>\n<p>La declaraci\u00f3n conjunta de EE.UU., Israel y Sud\u00e1n dijo que los l\u00edderes de Sud\u00e1n e Israel \u00abacordaron la normalizaci\u00f3n de las relaciones&#8230; y el fin del estado de beligerancia entre sus naciones\u00bb, as\u00ed como los lazos econ\u00f3micos y comerciales.<\/p>\n<p>Se espera que las delegaciones de Israel y Sud\u00e1n se re\u00fanan en las pr\u00f3ximas semanas para negociar acuerdos de cooperaci\u00f3n.<\/p>\n<p>MEDIO ORIENTE<\/p>\n<p>El presidente del Parlamento sirio, Hammuda Sabbagh, denunci\u00f3 ayer que el bloqueo econ\u00f3mico contra su pa\u00eds porque impide la adquisici\u00f3n de insumos de todo tipo para el sector de la salud.<\/p>\n<p>Lo anterior fue expuesto en el encuentro entre Sabbagh y el director regional de la Organizaci\u00f3n Mundial de la Salud para el Mediterr\u00e1neo Oriental, Ahmad al-Manzari.<\/p>\n<p>El presidente del Parlamento sirio, destac\u00f3 la importancia de profundizar la cooperaci\u00f3n y coordinaci\u00f3n con la OMS ante los enormes desaf\u00edos que enfrentan todos los sectores de servicios b\u00e1sicos y muy especialmente el de salud.<br \/>\nPor su parte, el representante de la OMS elogi\u00f3 la firmeza y determinaci\u00f3n de Siria para cumplir con las metas de salud y prestar los servicios m\u00e9dicos en todas las zonas del pa\u00eds, pese a la guerra que asola el pa\u00eds desde hace casi una d\u00e9cada.<\/p>\n<p>El alto funcionario de la OMS precis\u00f3 adem\u00e1s la importancia de fortalecer la cooperaci\u00f3n en los servicios m\u00e9dicos, as\u00ed como blindar los sistemas de salud de manera que todos los ciudadanos puedan tener acceso a \u2018servicios sanitarios de alta calidad sin ninguna carga financiera\u2019.<\/p>\n<p>OCEANIA- NUEVA ZELANDA<\/p>\n<p>La primera ministra de Nueva Zelanda, Jacinda Ardern, que arras\u00f3 en las elecciones generales celebradas el pasado 17 de octubre, al frente del Partido Laborista, contin\u00faa los di\u00e1logos con el Partido Verde para decidir si gobernar\u00e1 en solitario o en coalici\u00f3n con este partido. Ardern ya hab\u00eda anunciado tras su victoria que formar un nuevo gobierno le llevar\u00eda semanas, y que esto no le preocupa porque tiene la costumbre de trabajar \u00abpara construir consenso\u00bb.<\/p>\n<p>Jacinda Ardern logr\u00f3 alzarse con la mayor\u00eda, de hecho, podr\u00eda gobernar sin necesidad de alianzas, la victoria m\u00e1s amplia del partido laborista en m\u00e1s de 60 a\u00f1os, rozando el 50% de los votos.<\/p>\n<p>El Partido Nacional, con el que hist\u00f3ricamente se alterna el poder, alcanz\u00f3 el 26,8 %, lo que se traduce en 35 parlamentarios (20 menos que en los comicios pasados).<\/p>\n<p>Por su parte, los Verdes lograron un 7,6 %, con lo que ocupar\u00eda 10 esca\u00f1os.<\/p>\n<p>Ardern logr\u00f3 el respaldo popular gracias a su gesti\u00f3n r\u00e1pida y eficiente frente a la pandemia de la COVID-19 y a su contundente pero conciliadora respuesta al atentado supremacista contra dos mezquitas de Christchurch en 2019.<br \/>\nLa primera ministra de Nueva Zelanda ha sido elogiada internacionalmente por su buena gesti\u00f3n de la pandemia de la COVID-19. y Es una de las pol\u00edticas mejor valoradas del mundo.<\/p>\n<p>&nbsp;<\/p>\n","protected":false},"excerpt":{"rendered":"<p>Junto al m\u00e9dico Carlos Uma\u00f1a, conocemos los detalles de la entrada en vigor del Tratado que proh\u00edbe las armas nucleares en el planeta, tras la ratificaci\u00f3n de 50 pa\u00edses. Y con el diputado Tom\u00e1s Hirsch, nos adentramos en los resultados&hellip;<\/p>\n","protected":false},"author":1011,"featured_media":1229201,"comment_status":"closed","ping_status":"closed","sticky":false,"template":"","format":"standard","meta":{"footnotes":""},"categories":[76,11389,39,1243,74,22754],"tags":[70731,29,71761,69785,16372,83280,40752,54738,56376,44688],"class_list":["post-1229197","post","type-post","status-publish","format-standard","has-post-thumbnail","hentry","category-relaciones-exteriores","category-contenido-original","category-internacional","category-paz-desarme","category-politica-es","category-radio-es","tag-4-elementos","tag-chile","tag-convencion-constituyente","tag-cuatro-elementos","tag-pichincha-universal","tag-plebiscito-constitucional","tag-pressenza-internacional","tag-radio-es","tag-tpan-es","tag-tratado-de-prohibicion-de-las-armas-nucleares"],"yoast_head":"<!-- This site is optimized with the Yoast SEO plugin v27.1.1 - https:\/\/yoast.com\/product\/yoast-seo-wordpress\/ -->\n<title>Cuatro Elementos 29\/10\/2020 Plebiscito Constitucional en Chile y Tratado de Prohibici\u00f3n de Armas Nucleares<\/title>\n<meta name=\"description\" content=\"Junto al m\u00e9dico Carlos Uma\u00f1a, conocemos los detalles de la entrada en vigor del Tratado que proh\u00edbe las armas nucleares en el planeta, tras la\" \/>\n<meta name=\"robots\" content=\"index, follow, max-snippet:-1, max-image-preview:large, max-video-preview:-1\" \/>\n<link rel=\"canonical\" href=\"https:\/\/www.pressenza.com\/es\/2020\/10\/cuatro-elementos-29-10-2020-plebiscito-constitucional-en-chile-y-tratado-de-prohibicion-de-armas-nucleares\/\" \/>\n<meta property=\"og:locale\" content=\"es_ES\" \/>\n<meta property=\"og:type\" content=\"article\" \/>\n<meta property=\"og:title\" content=\"Cuatro Elementos 29\/10\/2020 Plebiscito Constitucional en Chile y Tratado de Prohibici\u00f3n de Armas Nucleares\" \/>\n<meta property=\"og:description\" content=\"Junto al m\u00e9dico Carlos Uma\u00f1a, conocemos los detalles de la entrada en vigor del Tratado que proh\u00edbe las armas nucleares en el planeta, tras la\" \/>\n<meta property=\"og:url\" content=\"https:\/\/www.pressenza.com\/es\/2020\/10\/cuatro-elementos-29-10-2020-plebiscito-constitucional-en-chile-y-tratado-de-prohibicion-de-armas-nucleares\/\" \/>\n<meta property=\"og:site_name\" content=\"Pressenza\" \/>\n<meta property=\"article:publisher\" content=\"https:\/\/www.facebook.com\/PressenzaItalia\" \/>\n<meta property=\"article:published_time\" content=\"2020-10-31T00:32:02+00:00\" \/>\n<meta property=\"og:image\" content=\"https:\/\/www.pressenza.com\/wp-content\/uploads\/2020\/10\/Cuatro-Elementos-entrevistas-52.jpg\" \/>\n\t<meta property=\"og:image:width\" content=\"1920\" \/>\n\t<meta property=\"og:image:height\" content=\"1483\" \/>\n\t<meta property=\"og:image:type\" content=\"image\/jpeg\" \/>\n<meta name=\"author\" content=\"Redacci\u00f3n Ecuador\" \/>\n<meta name=\"twitter:card\" content=\"summary_large_image\" \/>\n<meta name=\"twitter:creator\" content=\"@PressenzaIPA\" \/>\n<meta name=\"twitter:site\" content=\"@PressenzaIPA\" \/>\n<meta name=\"twitter:label1\" content=\"Escrito por\" \/>\n\t<meta name=\"twitter:data1\" content=\"Redacci\u00f3n Ecuador\" \/>\n\t<meta name=\"twitter:label2\" content=\"Tiempo de lectura\" \/>\n\t<meta name=\"twitter:data2\" content=\"6 minutos\" \/>\n<script type=\"application\/ld+json\" class=\"yoast-schema-graph\">{\"@context\":\"https:\/\/schema.org\",\"@graph\":[{\"@type\":\"Article\",\"@id\":\"https:\/\/www.pressenza.com\/es\/2020\/10\/cuatro-elementos-29-10-2020-plebiscito-constitucional-en-chile-y-tratado-de-prohibicion-de-armas-nucleares\/#article\",\"isPartOf\":{\"@id\":\"https:\/\/www.pressenza.com\/es\/2020\/10\/cuatro-elementos-29-10-2020-plebiscito-constitucional-en-chile-y-tratado-de-prohibicion-de-armas-nucleares\/\"},\"author\":{\"name\":\"Redacci\u00f3n Ecuador\",\"@id\":\"https:\/\/www.pressenza.com\/es\/#\/schema\/person\/883a735c40665759bcc6fe0c26bcb46f\"},\"headline\":\"Cuatro Elementos 29\/10\/2020 Plebiscito Constitucional en Chile y Tratado de Prohibici\u00f3n de Armas Nucleares\",\"datePublished\":\"2020-10-31T00:32:02+00:00\",\"mainEntityOfPage\":{\"@id\":\"https:\/\/www.pressenza.com\/es\/2020\/10\/cuatro-elementos-29-10-2020-plebiscito-constitucional-en-chile-y-tratado-de-prohibicion-de-armas-nucleares\/\"},\"wordCount\":1225,\"publisher\":{\"@id\":\"https:\/\/www.pressenza.com\/es\/#organization\"},\"image\":{\"@id\":\"https:\/\/www.pressenza.com\/es\/2020\/10\/cuatro-elementos-29-10-2020-plebiscito-constitucional-en-chile-y-tratado-de-prohibicion-de-armas-nucleares\/#primaryimage\"},\"thumbnailUrl\":\"https:\/\/www.pressenza.com\/wp-content\/uploads\/2020\/10\/Cuatro-Elementos-entrevistas-52.jpg\",\"keywords\":[\"4 Elementos\",\"Chile\",\"Convenci\u00f3n Constituyente\",\"Cuatro Elementos\",\"Pichincha Universal\",\"plebiscito constitucional\",\"Pressenza Internacional\",\"radio\",\"TPAN\",\"Tratado de Prohibici\u00f3n de las Armas Nucleares\"],\"articleSection\":[\"Asuntos internacionales\",\"Contenido Original\",\"Internacional\",\"Paz y Desarme\",\"Pol\u00edtica\",\"Radio\"],\"inLanguage\":\"es\"},{\"@type\":\"WebPage\",\"@id\":\"https:\/\/www.pressenza.com\/es\/2020\/10\/cuatro-elementos-29-10-2020-plebiscito-constitucional-en-chile-y-tratado-de-prohibicion-de-armas-nucleares\/\",\"url\":\"https:\/\/www.pressenza.com\/es\/2020\/10\/cuatro-elementos-29-10-2020-plebiscito-constitucional-en-chile-y-tratado-de-prohibicion-de-armas-nucleares\/\",\"name\":\"Cuatro Elementos 29\/10\/2020 Plebiscito Constitucional en Chile y Tratado de Prohibici\u00f3n de Armas Nucleares\",\"isPartOf\":{\"@id\":\"https:\/\/www.pressenza.com\/es\/#website\"},\"primaryImageOfPage\":{\"@id\":\"https:\/\/www.pressenza.com\/es\/2020\/10\/cuatro-elementos-29-10-2020-plebiscito-constitucional-en-chile-y-tratado-de-prohibicion-de-armas-nucleares\/#primaryimage\"},\"image\":{\"@id\":\"https:\/\/www.pressenza.com\/es\/2020\/10\/cuatro-elementos-29-10-2020-plebiscito-constitucional-en-chile-y-tratado-de-prohibicion-de-armas-nucleares\/#primaryimage\"},\"thumbnailUrl\":\"https:\/\/www.pressenza.com\/wp-content\/uploads\/2020\/10\/Cuatro-Elementos-entrevistas-52.jpg\",\"datePublished\":\"2020-10-31T00:32:02+00:00\",\"description\":\"Junto al m\u00e9dico Carlos Uma\u00f1a, conocemos los detalles de la entrada en vigor del Tratado que proh\u00edbe las armas nucleares en el planeta, tras la\",\"breadcrumb\":{\"@id\":\"https:\/\/www.pressenza.com\/es\/2020\/10\/cuatro-elementos-29-10-2020-plebiscito-constitucional-en-chile-y-tratado-de-prohibicion-de-armas-nucleares\/#breadcrumb\"},\"inLanguage\":\"es\",\"potentialAction\":[{\"@type\":\"ReadAction\",\"target\":[\"https:\/\/www.pressenza.com\/es\/2020\/10\/cuatro-elementos-29-10-2020-plebiscito-constitucional-en-chile-y-tratado-de-prohibicion-de-armas-nucleares\/\"]}]},{\"@type\":\"ImageObject\",\"inLanguage\":\"es\",\"@id\":\"https:\/\/www.pressenza.com\/es\/2020\/10\/cuatro-elementos-29-10-2020-plebiscito-constitucional-en-chile-y-tratado-de-prohibicion-de-armas-nucleares\/#primaryimage\",\"url\":\"https:\/\/www.pressenza.com\/wp-content\/uploads\/2020\/10\/Cuatro-Elementos-entrevistas-52.jpg\",\"contentUrl\":\"https:\/\/www.pressenza.com\/wp-content\/uploads\/2020\/10\/Cuatro-Elementos-entrevistas-52.jpg\",\"width\":1920,\"height\":1483},{\"@type\":\"BreadcrumbList\",\"@id\":\"https:\/\/www.pressenza.com\/es\/2020\/10\/cuatro-elementos-29-10-2020-plebiscito-constitucional-en-chile-y-tratado-de-prohibicion-de-armas-nucleares\/#breadcrumb\",\"itemListElement\":[{\"@type\":\"ListItem\",\"position\":1,\"name\":\"Accueil\",\"item\":\"https:\/\/www.pressenza.com\/es\/\"},{\"@type\":\"ListItem\",\"position\":2,\"name\":\"Cuatro Elementos 29\/10\/2020 Plebiscito Constitucional en Chile y Tratado de Prohibici\u00f3n de Armas Nucleares\"}]},{\"@type\":\"WebSite\",\"@id\":\"https:\/\/www.pressenza.com\/es\/#website\",\"url\":\"https:\/\/www.pressenza.com\/es\/\",\"name\":\"Pressenza\",\"description\":\"International Press Agency\",\"publisher\":{\"@id\":\"https:\/\/www.pressenza.com\/es\/#organization\"},\"potentialAction\":[{\"@type\":\"SearchAction\",\"target\":{\"@type\":\"EntryPoint\",\"urlTemplate\":\"https:\/\/www.pressenza.com\/es\/?s={search_term_string}\"},\"query-input\":{\"@type\":\"PropertyValueSpecification\",\"valueRequired\":true,\"valueName\":\"search_term_string\"}}],\"inLanguage\":\"es\"},{\"@type\":\"Organization\",\"@id\":\"https:\/\/www.pressenza.com\/es\/#organization\",\"name\":\"Pressenza\",\"url\":\"https:\/\/www.pressenza.com\/es\/\",\"logo\":{\"@type\":\"ImageObject\",\"inLanguage\":\"es\",\"@id\":\"https:\/\/www.pressenza.com\/es\/#\/schema\/logo\/image\/\",\"url\":\"https:\/\/www.pressenza.com\/wp-content\/uploads\/2022\/10\/pressenza_logo_200x200.jpg\",\"contentUrl\":\"https:\/\/www.pressenza.com\/wp-content\/uploads\/2022\/10\/pressenza_logo_200x200.jpg\",\"width\":200,\"height\":200,\"caption\":\"Pressenza\"},\"image\":{\"@id\":\"https:\/\/www.pressenza.com\/es\/#\/schema\/logo\/image\/\"},\"sameAs\":[\"https:\/\/www.facebook.com\/PressenzaItalia\",\"https:\/\/x.com\/PressenzaIPA\"]},{\"@type\":\"Person\",\"@id\":\"https:\/\/www.pressenza.com\/es\/#\/schema\/person\/883a735c40665759bcc6fe0c26bcb46f\",\"name\":\"Redacci\u00f3n Ecuador\",\"description\":\"News published by the Pressenza bureau in Quito, Ecuador\",\"url\":\"https:\/\/www.pressenza.com\/es\/author\/redaccion-ecuador\/\"}]}<\/script>\n<!-- \/ Yoast SEO plugin. -->","yoast_head_json":{"title":"Cuatro Elementos 29\/10\/2020 Plebiscito Constitucional en Chile y Tratado de Prohibici\u00f3n de Armas Nucleares","description":"Junto al m\u00e9dico Carlos Uma\u00f1a, conocemos los detalles de la entrada en vigor del Tratado que proh\u00edbe las armas nucleares en el planeta, tras la","robots":{"index":"index","follow":"follow","max-snippet":"max-snippet:-1","max-image-preview":"max-image-preview:large","max-video-preview":"max-video-preview:-1"},"canonical":"https:\/\/www.pressenza.com\/es\/2020\/10\/cuatro-elementos-29-10-2020-plebiscito-constitucional-en-chile-y-tratado-de-prohibicion-de-armas-nucleares\/","og_locale":"es_ES","og_type":"article","og_title":"Cuatro Elementos 29\/10\/2020 Plebiscito Constitucional en Chile y Tratado de Prohibici\u00f3n de Armas Nucleares","og_description":"Junto al m\u00e9dico Carlos Uma\u00f1a, conocemos los detalles de la entrada en vigor del Tratado que proh\u00edbe las armas nucleares en el planeta, tras la","og_url":"https:\/\/www.pressenza.com\/es\/2020\/10\/cuatro-elementos-29-10-2020-plebiscito-constitucional-en-chile-y-tratado-de-prohibicion-de-armas-nucleares\/","og_site_name":"Pressenza","article_publisher":"https:\/\/www.facebook.com\/PressenzaItalia","article_published_time":"2020-10-31T00:32:02+00:00","og_image":[{"width":1920,"height":1483,"url":"https:\/\/www.pressenza.com\/wp-content\/uploads\/2020\/10\/Cuatro-Elementos-entrevistas-52.jpg","type":"image\/jpeg"}],"author":"Redacci\u00f3n Ecuador","twitter_card":"summary_large_image","twitter_creator":"@PressenzaIPA","twitter_site":"@PressenzaIPA","twitter_misc":{"Escrito por":"Redacci\u00f3n Ecuador","Tiempo de lectura":"6 minutos"},"schema":{"@context":"https:\/\/schema.org","@graph":[{"@type":"Article","@id":"https:\/\/www.pressenza.com\/es\/2020\/10\/cuatro-elementos-29-10-2020-plebiscito-constitucional-en-chile-y-tratado-de-prohibicion-de-armas-nucleares\/#article","isPartOf":{"@id":"https:\/\/www.pressenza.com\/es\/2020\/10\/cuatro-elementos-29-10-2020-plebiscito-constitucional-en-chile-y-tratado-de-prohibicion-de-armas-nucleares\/"},"author":{"name":"Redacci\u00f3n Ecuador","@id":"https:\/\/www.pressenza.com\/es\/#\/schema\/person\/883a735c40665759bcc6fe0c26bcb46f"},"headline":"Cuatro Elementos 29\/10\/2020 Plebiscito Constitucional en Chile y Tratado de Prohibici\u00f3n de Armas Nucleares","datePublished":"2020-10-31T00:32:02+00:00","mainEntityOfPage":{"@id":"https:\/\/www.pressenza.com\/es\/2020\/10\/cuatro-elementos-29-10-2020-plebiscito-constitucional-en-chile-y-tratado-de-prohibicion-de-armas-nucleares\/"},"wordCount":1225,"publisher":{"@id":"https:\/\/www.pressenza.com\/es\/#organization"},"image":{"@id":"https:\/\/www.pressenza.com\/es\/2020\/10\/cuatro-elementos-29-10-2020-plebiscito-constitucional-en-chile-y-tratado-de-prohibicion-de-armas-nucleares\/#primaryimage"},"thumbnailUrl":"https:\/\/www.pressenza.com\/wp-content\/uploads\/2020\/10\/Cuatro-Elementos-entrevistas-52.jpg","keywords":["4 Elementos","Chile","Convenci\u00f3n Constituyente","Cuatro Elementos","Pichincha Universal","plebiscito constitucional","Pressenza Internacional","radio","TPAN","Tratado de Prohibici\u00f3n de las Armas Nucleares"],"articleSection":["Asuntos internacionales","Contenido Original","Internacional","Paz y Desarme","Pol\u00edtica","Radio"],"inLanguage":"es"},{"@type":"WebPage","@id":"https:\/\/www.pressenza.com\/es\/2020\/10\/cuatro-elementos-29-10-2020-plebiscito-constitucional-en-chile-y-tratado-de-prohibicion-de-armas-nucleares\/","url":"https:\/\/www.pressenza.com\/es\/2020\/10\/cuatro-elementos-29-10-2020-plebiscito-constitucional-en-chile-y-tratado-de-prohibicion-de-armas-nucleares\/","name":"Cuatro Elementos 29\/10\/2020 Plebiscito Constitucional en Chile y Tratado de Prohibici\u00f3n de Armas Nucleares","isPartOf":{"@id":"https:\/\/www.pressenza.com\/es\/#website"},"primaryImageOfPage":{"@id":"https:\/\/www.pressenza.com\/es\/2020\/10\/cuatro-elementos-29-10-2020-plebiscito-constitucional-en-chile-y-tratado-de-prohibicion-de-armas-nucleares\/#primaryimage"},"image":{"@id":"https:\/\/www.pressenza.com\/es\/2020\/10\/cuatro-elementos-29-10-2020-plebiscito-constitucional-en-chile-y-tratado-de-prohibicion-de-armas-nucleares\/#primaryimage"},"thumbnailUrl":"https:\/\/www.pressenza.com\/wp-content\/uploads\/2020\/10\/Cuatro-Elementos-entrevistas-52.jpg","datePublished":"2020-10-31T00:32:02+00:00","description":"Junto al m\u00e9dico Carlos Uma\u00f1a, conocemos los detalles de la entrada en vigor del Tratado que proh\u00edbe las armas nucleares en el planeta, tras la","breadcrumb":{"@id":"https:\/\/www.pressenza.com\/es\/2020\/10\/cuatro-elementos-29-10-2020-plebiscito-constitucional-en-chile-y-tratado-de-prohibicion-de-armas-nucleares\/#breadcrumb"},"inLanguage":"es","potentialAction":[{"@type":"ReadAction","target":["https:\/\/www.pressenza.com\/es\/2020\/10\/cuatro-elementos-29-10-2020-plebiscito-constitucional-en-chile-y-tratado-de-prohibicion-de-armas-nucleares\/"]}]},{"@type":"ImageObject","inLanguage":"es","@id":"https:\/\/www.pressenza.com\/es\/2020\/10\/cuatro-elementos-29-10-2020-plebiscito-constitucional-en-chile-y-tratado-de-prohibicion-de-armas-nucleares\/#primaryimage","url":"https:\/\/www.pressenza.com\/wp-content\/uploads\/2020\/10\/Cuatro-Elementos-entrevistas-52.jpg","contentUrl":"https:\/\/www.pressenza.com\/wp-content\/uploads\/2020\/10\/Cuatro-Elementos-entrevistas-52.jpg","width":1920,"height":1483},{"@type":"BreadcrumbList","@id":"https:\/\/www.pressenza.com\/es\/2020\/10\/cuatro-elementos-29-10-2020-plebiscito-constitucional-en-chile-y-tratado-de-prohibicion-de-armas-nucleares\/#breadcrumb","itemListElement":[{"@type":"ListItem","position":1,"name":"Accueil","item":"https:\/\/www.pressenza.com\/es\/"},{"@type":"ListItem","position":2,"name":"Cuatro Elementos 29\/10\/2020 Plebiscito Constitucional en Chile y Tratado de Prohibici\u00f3n de Armas Nucleares"}]},{"@type":"WebSite","@id":"https:\/\/www.pressenza.com\/es\/#website","url":"https:\/\/www.pressenza.com\/es\/","name":"Pressenza","description":"International Press Agency","publisher":{"@id":"https:\/\/www.pressenza.com\/es\/#organization"},"potentialAction":[{"@type":"SearchAction","target":{"@type":"EntryPoint","urlTemplate":"https:\/\/www.pressenza.com\/es\/?s={search_term_string}"},"query-input":{"@type":"PropertyValueSpecification","valueRequired":true,"valueName":"search_term_string"}}],"inLanguage":"es"},{"@type":"Organization","@id":"https:\/\/www.pressenza.com\/es\/#organization","name":"Pressenza","url":"https:\/\/www.pressenza.com\/es\/","logo":{"@type":"ImageObject","inLanguage":"es","@id":"https:\/\/www.pressenza.com\/es\/#\/schema\/logo\/image\/","url":"https:\/\/www.pressenza.com\/wp-content\/uploads\/2022\/10\/pressenza_logo_200x200.jpg","contentUrl":"https:\/\/www.pressenza.com\/wp-content\/uploads\/2022\/10\/pressenza_logo_200x200.jpg","width":200,"height":200,"caption":"Pressenza"},"image":{"@id":"https:\/\/www.pressenza.com\/es\/#\/schema\/logo\/image\/"},"sameAs":["https:\/\/www.facebook.com\/PressenzaItalia","https:\/\/x.com\/PressenzaIPA"]},{"@type":"Person","@id":"https:\/\/www.pressenza.com\/es\/#\/schema\/person\/883a735c40665759bcc6fe0c26bcb46f","name":"Redacci\u00f3n Ecuador","description":"News published by the Pressenza bureau in Quito, Ecuador","url":"https:\/\/www.pressenza.com\/es\/author\/redaccion-ecuador\/"}]}},"place":"Quito - Buenos Aires - Santiago de Chile - Espa\u00f1a - San Jos\u00e9 de Costa Rica","original_article_url":"","_links":{"self":[{"href":"https:\/\/www.pressenza.com\/es\/wp-json\/wp\/v2\/posts\/1229197","targetHints":{"allow":["GET"]}}],"collection":[{"href":"https:\/\/www.pressenza.com\/es\/wp-json\/wp\/v2\/posts"}],"about":[{"href":"https:\/\/www.pressenza.com\/es\/wp-json\/wp\/v2\/types\/post"}],"author":[{"embeddable":true,"href":"https:\/\/www.pressenza.com\/es\/wp-json\/wp\/v2\/users\/1011"}],"replies":[{"embeddable":true,"href":"https:\/\/www.pressenza.com\/es\/wp-json\/wp\/v2\/comments?post=1229197"}],"version-history":[{"count":0,"href":"https:\/\/www.pressenza.com\/es\/wp-json\/wp\/v2\/posts\/1229197\/revisions"}],"wp:featuredmedia":[{"embeddable":true,"href":"https:\/\/www.pressenza.com\/es\/wp-json\/wp\/v2\/media\/1229201"}],"wp:attachment":[{"href":"https:\/\/www.pressenza.com\/es\/wp-json\/wp\/v2\/media?parent=1229197"}],"wp:term":[{"taxonomy":"category","embeddable":true,"href":"https:\/\/www.pressenza.com\/es\/wp-json\/wp\/v2\/categories?post=1229197"},{"taxonomy":"post_tag","embeddable":true,"href":"https:\/\/www.pressenza.com\/es\/wp-json\/wp\/v2\/tags?post=1229197"}],"curies":[{"name":"wp","href":"https:\/\/api.w.org\/{rel}","templated":true}]}}