{"id":1224879,"date":"2020-10-24T23:29:52","date_gmt":"2020-10-24T22:29:52","guid":{"rendered":"https:\/\/www.pressenza.com\/?p=1224879"},"modified":"2020-10-24T23:29:52","modified_gmt":"2020-10-24T22:29:52","slug":"dia-historico-al-activarse-la-entrada-en-vigor-del-tratado-sobre-la-prohibicion-de-las-armas-nucleares","status":"publish","type":"post","link":"https:\/\/www.pressenza.com\/es\/2020\/10\/dia-historico-al-activarse-la-entrada-en-vigor-del-tratado-sobre-la-prohibicion-de-las-armas-nucleares\/","title":{"rendered":"D\u00eda hist\u00f3rico al activarse la entrada en vigor del Tratado sobre la Prohibici\u00f3n de las Armas Nucleares"},"content":{"rendered":"<p>Ayer, en las Naciones Unidas y en un evento online, organizado por las Misiones Permanentes de Austria, Brasil, Costa Rica, Indonesia, Irlanda, M\u00e9xico, Nueva Zelandia, Nigeria, Sud\u00e1frica y Tailandia, en colaboraci\u00f3n con ICAN, la Campa\u00f1a Internacional para la Abolici\u00f3n de las Armas Nucleares, se anunci\u00f3 que Jamaica y Nauru hab\u00edan ratificado el <a href=\"https:\/\/treaties.un.org\/doc\/Treaties\/2017\/07\/20170707%2003-42%20PM\/Ch_XXVI_9.pdf\">Tratado sobre la Prohibici\u00f3n de las Armas Nucleares (TPAN)<\/a>, con lo que el total ascendi\u00f3 a 49. Hoy, s\u00e1bado 24 de octubre, Honduras tambi\u00e9n deposit\u00f3 su instrumento de ratificaci\u00f3n, llegando con ello a 50, con lo cual en 90 d\u00edas, \u00a0el 22 de enero de 2021, el Tratado entrar\u00e1 en vigor.<\/p>\n<p>Las implicaciones de este Tratado son enormes ya que introduce en el derecho internacional la prohibici\u00f3n del arma m\u00e1s destructiva jam\u00e1s inventada. Seg\u00fan los t\u00e9rminos del tratado, ser\u00e1 ilegal que los Estados Partes \u00abdesarrollen, ensayen, produzcan, adquieran, posean, almacenen, utilicen o amenacen con utilizar armas nucleares\u00bb. Adem\u00e1s, el Tratado tambi\u00e9n obliga a los Estados partes a prestar la debida asistencia a las personas afectadas por el uso o los ensayos de armas nucleares, as\u00ed como a adoptar las medidas necesarias y adecuadas para la restauraci\u00f3n del medio ambiente como consecuencia de las actividades relacionadas con los ensayos o el uso de armas nucleares.<\/p>\n<p>Este nuevo elemento de derecho internacional llena efectivamente un vac\u00edo legal que se ha mantenido desde el Tratado de No Proliferaci\u00f3n Nuclear (TNP) de 1970. En virtud de ese tratado, cinco Estados -los Estados Unidos, la Federaci\u00f3n Rusa, China, Francia y el Reino Unido- fueron reconocidos como potencias nucleares y todos los dem\u00e1s pa\u00edses fueron presionados para que renunciaran a los programas de armas nucleares a cambio de la promesa de \u00abusos pac\u00edficos de la tecnolog\u00eda nuclear\u00bb. Sin embargo, el art\u00edculo VI de ese Tratado dice:<\/p>\n<p><em>\u201cCada Parte en el Tratado se compromete a proseguir negociaciones de buena fe sobre medidas eficaces relativas a la cesaci\u00f3n de la carrera de armamentos nucleares en fecha cercana y al desarme nuclear, y sobre un tratado de desarme general y completo bajo estricto y eficaz control internacional.\u201d<\/em><\/p>\n<p>Y los activistas de todo el mundo han estado presionando para que las potencias nucleares cumplan su promesa desde entonces.<\/p>\n<p>Mientras tanto, otras cuatro naciones, que nunca firmaron el TNP (India, Pakist\u00e1n, Israel) o que se retiraron de \u00e9l (Corea del Norte), desarrollaron sus propias armas nucleares dejando al TNP en una especie de perpetuo limbo, en el que los cinco estados nucleares originales se niegan incluso a hablar de desarme hasta que los otros cuatro se unan al TNP, despu\u00e9s de haber renunciado a sus armas. Esto es algo que claramente nunca suceder\u00e1 considerando el estado actual de la geopol\u00edtica mundial con una tensi\u00f3n constante entre India y Pakist\u00e1n respecto al estado de Cachemira, entre India y China respecto a su disputa fronteriza, entre Corea del Norte y Estados Unidos en un conflicto que se remonta a la d\u00e9cada de 1950, y por \u00faltimo, pero no por ello menos importante, entre Israel y muchos pa\u00edses del mundo \u00e1rabe.<\/p>\n<p>A pesar de que cada cinco a\u00f1os, los Estados Partes en el TNP se re\u00fanen para evaluar los progresos y planificar nuevos avances, el proceso se ha paralizado por completo como consecuencia de que el tratado nunca ha logrado la adhesi\u00f3n universal que requer\u00eda.<\/p>\n<p>La \u00fanica vez que se cuestion\u00f3 la legalidad de las armas nucleares se remonta a 1996, cuando un grupo de activistas llev\u00f3 un caso a la Corte Internacional de Justicia de La Haya. Los jueces de ese caso establecieron que las armas nucleares eran ilegales a menos que la existencia misma de un Estado estuviera amenazada.\u00a0 Este vac\u00edo jur\u00eddico permiti\u00f3 a los Estados con armas nucleares aferrarse a sus armas.<\/p>\n<p>Ahora bien, el TPAN cambia el panorama jur\u00eddico para siempre y es una evoluci\u00f3n radical del derecho internacional existente porque elimina este vac\u00edo; proh\u00edbe el uso de armas nucleares en cualquier circunstancia.<\/p>\n<p>Tal es el temor que este nuevo Tratado ha generado que, en los d\u00edas previos a la 50\u00aa ratificaci\u00f3n, los Estados Unidos dieron el paso sin precedentes de escribir a todos los Estados partes del TPAN para pedirles que retiraran sus instrumentos de ratificaci\u00f3n.\u00a0 Quiz\u00e1s estos sean los \u00faltimos estertores de la administraci\u00f3n Trump; no obstante, Trump no invent\u00f3 la dependencia de los Estados Unidos de las armas nucleares, sino que sigue la misma l\u00ednea que han seguido todas las administraciones de los Estados Unidos desde que Harry Truman fuera presidente.<\/p>\n<p>Es f\u00e1cil prever que, a medida que m\u00e1s y m\u00e1s naciones se frustren ante la intransigencia de las potencias nucleares, una por una puedan optar por abandonar el TNP y, en su lugar, depositar su fe en el TPAN, que trata a todos los Estados Partes con igualdad y ofrece una v\u00eda para que un Estado con armas nucleares ratifique el TPAN y posteriormente emprenda un proceso de desarme.<\/p>\n<p>El nuevo panorama jur\u00eddico tendr\u00e1 sin duda algunas repercusiones en otros \u00e1mbitos y, de hecho, ya se han visto tales efectos.\u00a0 Varias instituciones financieras, sensibles a las opiniones de sus clientes, ya se han deshecho de las empresas que obtienen beneficios de la producci\u00f3n de armas nucleares. La campa\u00f1a \u00abDon&#8217;t Bank on the Bomb\u00bb ha informado de varias \u00e9xitos, \u00a0en los que los fondos de pensiones y los bancos han dado la espalda a los beneficios de fuentes no \u00e9ticas. Adem\u00e1s, las campa\u00f1as en los estados con armas nucleares y en los estados (como los miembros no nucleares de la OTAN) que pretenden depender de las armas nucleares para su seguridad, se ver\u00e1n enormemente impulsadas a medida que la estigmatizaci\u00f3n de las armas nucleares gane terreno como resultado de su ilegalidad, presionando a los parlamentarios para que cambien las pol\u00edticas de defensa nacional.<\/p>\n<p>Puede que este no sea el mejor tratado del mundo, a medida que m\u00e1s y m\u00e1s naciones se unan, puede ser necesario mejorarlo o incluso reemplazarlo.\u00a0 Ciertamente, el hecho de que el pre\u00e1mbulo consagre el derecho a explotar la energ\u00eda nuclear a pesar de que es t\u00f3xica, de que puede escapar al control humano con consecuencias insondables para el planeta -como hemos visto anteriormente en Chern\u00f3bil y Fukushima- y de que es el precursor necesario para extraer el plutonio imprescindible para las bombas nucleares, sigue siendo problem\u00e1tico.<\/p>\n<p>Pero hoy es un d\u00eda de regocijo y celebraci\u00f3n mientras el mundo da un paso colectivo m\u00e1s hacia un mundo libre de armas nucleares. Como dijo Setsuko Thurlow, la superviviente de Hiroshima e incansable defensora en su discurso en la ceremonia del Premio Nobel de la Paz en 2017, \u00abQue \u00e9ste sea <a href=\"https:\/\/youtu.be\/inaJXv4PWoU\">el principio del fin de las armas nucleares<\/a>\u00ab.<\/p>\n","protected":false},"excerpt":{"rendered":"<p>Ayer, en las Naciones Unidas y en un evento online, organizado por las Misiones Permanentes de Austria, Brasil, Costa Rica, Indonesia, Irlanda, M\u00e9xico, Nueva Zelandia, Nigeria, Sud\u00e1frica y Tailandia, en colaboraci\u00f3n con ICAN, la Campa\u00f1a Internacional para la Abolici\u00f3n de&hellip;<\/p>\n","protected":false},"author":6,"featured_media":1224910,"comment_status":"closed","ping_status":"closed","sticky":false,"template":"","format":"standard","meta":{"footnotes":""},"categories":[11389,39,1243],"tags":[42380,45676],"class_list":["post-1224879","post","type-post","status-publish","format-standard","has-post-thumbnail","hentry","category-contenido-original","category-internacional","category-paz-desarme","tag-ratificacion","tag-tratado-para-la-prohibicion-de-las-armas-nucleares"],"yoast_head":"<!-- This site is optimized with the Yoast SEO plugin v27.1.1 - https:\/\/yoast.com\/product\/yoast-seo-wordpress\/ -->\n<title>D\u00eda hist\u00f3rico al activarse la entrada en vigor del Tratado sobre la Prohibici\u00f3n de las Armas Nucleares<\/title>\n<meta name=\"description\" content=\"Ayer, en las Naciones Unidas y en un evento online, organizado por las Misiones Permanentes de Austria, Brasil, Costa Rica, Indonesia, Irlanda, M\u00e9xico,\" \/>\n<meta name=\"robots\" content=\"index, follow, max-snippet:-1, max-image-preview:large, max-video-preview:-1\" \/>\n<link rel=\"canonical\" href=\"https:\/\/www.pressenza.com\/es\/2020\/10\/dia-historico-al-activarse-la-entrada-en-vigor-del-tratado-sobre-la-prohibicion-de-las-armas-nucleares\/\" \/>\n<meta property=\"og:locale\" content=\"es_ES\" \/>\n<meta property=\"og:type\" content=\"article\" \/>\n<meta property=\"og:title\" content=\"D\u00eda hist\u00f3rico al activarse la entrada en vigor del Tratado sobre la Prohibici\u00f3n de las Armas Nucleares\" \/>\n<meta property=\"og:description\" content=\"Ayer, en las Naciones Unidas y en un evento online, organizado por las Misiones Permanentes de Austria, Brasil, Costa Rica, Indonesia, Irlanda, M\u00e9xico,\" \/>\n<meta property=\"og:url\" content=\"https:\/\/www.pressenza.com\/es\/2020\/10\/dia-historico-al-activarse-la-entrada-en-vigor-del-tratado-sobre-la-prohibicion-de-las-armas-nucleares\/\" \/>\n<meta property=\"og:site_name\" content=\"Pressenza\" \/>\n<meta property=\"article:publisher\" content=\"https:\/\/www.facebook.com\/PressenzaItalia\" \/>\n<meta property=\"article:published_time\" content=\"2020-10-24T22:29:52+00:00\" \/>\n<meta property=\"og:image\" content=\"https:\/\/www.pressenza.com\/wp-content\/uploads\/2020\/10\/ICAN_s114_1_of_1_original.jpg\" \/>\n\t<meta property=\"og:image:width\" content=\"1024\" \/>\n\t<meta property=\"og:image:height\" content=\"683\" \/>\n\t<meta property=\"og:image:type\" content=\"image\/jpeg\" \/>\n<meta name=\"author\" content=\"Tony Robinson\" \/>\n<meta name=\"twitter:card\" content=\"summary_large_image\" \/>\n<meta name=\"twitter:creator\" content=\"@TonyRobinson6\" \/>\n<meta name=\"twitter:site\" content=\"@PressenzaIPA\" \/>\n<meta name=\"twitter:label1\" content=\"Escrito por\" \/>\n\t<meta name=\"twitter:data1\" content=\"Tony Robinson\" \/>\n\t<meta name=\"twitter:label2\" content=\"Tiempo de lectura\" \/>\n\t<meta name=\"twitter:data2\" content=\"6 minutos\" \/>\n<script type=\"application\/ld+json\" class=\"yoast-schema-graph\">{\"@context\":\"https:\/\/schema.org\",\"@graph\":[{\"@type\":\"Article\",\"@id\":\"https:\/\/www.pressenza.com\/es\/2020\/10\/dia-historico-al-activarse-la-entrada-en-vigor-del-tratado-sobre-la-prohibicion-de-las-armas-nucleares\/#article\",\"isPartOf\":{\"@id\":\"https:\/\/www.pressenza.com\/es\/2020\/10\/dia-historico-al-activarse-la-entrada-en-vigor-del-tratado-sobre-la-prohibicion-de-las-armas-nucleares\/\"},\"author\":{\"name\":\"Tony Robinson\",\"@id\":\"https:\/\/www.pressenza.com\/es\/#\/schema\/person\/a96a2ff6530dbb8bcf9ec001febc4af4\"},\"headline\":\"D\u00eda hist\u00f3rico al activarse la entrada en vigor del Tratado sobre la Prohibici\u00f3n de las Armas Nucleares\",\"datePublished\":\"2020-10-24T22:29:52+00:00\",\"mainEntityOfPage\":{\"@id\":\"https:\/\/www.pressenza.com\/es\/2020\/10\/dia-historico-al-activarse-la-entrada-en-vigor-del-tratado-sobre-la-prohibicion-de-las-armas-nucleares\/\"},\"wordCount\":1178,\"publisher\":{\"@id\":\"https:\/\/www.pressenza.com\/es\/#organization\"},\"image\":{\"@id\":\"https:\/\/www.pressenza.com\/es\/2020\/10\/dia-historico-al-activarse-la-entrada-en-vigor-del-tratado-sobre-la-prohibicion-de-las-armas-nucleares\/#primaryimage\"},\"thumbnailUrl\":\"https:\/\/www.pressenza.com\/wp-content\/uploads\/2020\/10\/ICAN_s114_1_of_1_original.jpg\",\"keywords\":[\"ratificaci\u00f3n\",\"Tratado para la Prohibici\u00f3n de las Armas Nucleares\"],\"articleSection\":[\"Contenido Original\",\"Internacional\",\"Paz y Desarme\"],\"inLanguage\":\"es\"},{\"@type\":\"WebPage\",\"@id\":\"https:\/\/www.pressenza.com\/es\/2020\/10\/dia-historico-al-activarse-la-entrada-en-vigor-del-tratado-sobre-la-prohibicion-de-las-armas-nucleares\/\",\"url\":\"https:\/\/www.pressenza.com\/es\/2020\/10\/dia-historico-al-activarse-la-entrada-en-vigor-del-tratado-sobre-la-prohibicion-de-las-armas-nucleares\/\",\"name\":\"D\u00eda hist\u00f3rico al activarse la entrada en vigor del Tratado sobre la Prohibici\u00f3n de las Armas Nucleares\",\"isPartOf\":{\"@id\":\"https:\/\/www.pressenza.com\/es\/#website\"},\"primaryImageOfPage\":{\"@id\":\"https:\/\/www.pressenza.com\/es\/2020\/10\/dia-historico-al-activarse-la-entrada-en-vigor-del-tratado-sobre-la-prohibicion-de-las-armas-nucleares\/#primaryimage\"},\"image\":{\"@id\":\"https:\/\/www.pressenza.com\/es\/2020\/10\/dia-historico-al-activarse-la-entrada-en-vigor-del-tratado-sobre-la-prohibicion-de-las-armas-nucleares\/#primaryimage\"},\"thumbnailUrl\":\"https:\/\/www.pressenza.com\/wp-content\/uploads\/2020\/10\/ICAN_s114_1_of_1_original.jpg\",\"datePublished\":\"2020-10-24T22:29:52+00:00\",\"description\":\"Ayer, en las Naciones Unidas y en un evento online, organizado por las Misiones Permanentes de Austria, Brasil, Costa Rica, Indonesia, Irlanda, M\u00e9xico,\",\"breadcrumb\":{\"@id\":\"https:\/\/www.pressenza.com\/es\/2020\/10\/dia-historico-al-activarse-la-entrada-en-vigor-del-tratado-sobre-la-prohibicion-de-las-armas-nucleares\/#breadcrumb\"},\"inLanguage\":\"es\",\"potentialAction\":[{\"@type\":\"ReadAction\",\"target\":[\"https:\/\/www.pressenza.com\/es\/2020\/10\/dia-historico-al-activarse-la-entrada-en-vigor-del-tratado-sobre-la-prohibicion-de-las-armas-nucleares\/\"]}]},{\"@type\":\"ImageObject\",\"inLanguage\":\"es\",\"@id\":\"https:\/\/www.pressenza.com\/es\/2020\/10\/dia-historico-al-activarse-la-entrada-en-vigor-del-tratado-sobre-la-prohibicion-de-las-armas-nucleares\/#primaryimage\",\"url\":\"https:\/\/www.pressenza.com\/wp-content\/uploads\/2020\/10\/ICAN_s114_1_of_1_original.jpg\",\"contentUrl\":\"https:\/\/www.pressenza.com\/wp-content\/uploads\/2020\/10\/ICAN_s114_1_of_1_original.jpg\",\"width\":1024,\"height\":683},{\"@type\":\"BreadcrumbList\",\"@id\":\"https:\/\/www.pressenza.com\/es\/2020\/10\/dia-historico-al-activarse-la-entrada-en-vigor-del-tratado-sobre-la-prohibicion-de-las-armas-nucleares\/#breadcrumb\",\"itemListElement\":[{\"@type\":\"ListItem\",\"position\":1,\"name\":\"Accueil\",\"item\":\"https:\/\/www.pressenza.com\/es\/\"},{\"@type\":\"ListItem\",\"position\":2,\"name\":\"D\u00eda hist\u00f3rico al activarse la entrada en vigor del Tratado sobre la Prohibici\u00f3n de las Armas Nucleares\"}]},{\"@type\":\"WebSite\",\"@id\":\"https:\/\/www.pressenza.com\/es\/#website\",\"url\":\"https:\/\/www.pressenza.com\/es\/\",\"name\":\"Pressenza\",\"description\":\"International Press Agency\",\"publisher\":{\"@id\":\"https:\/\/www.pressenza.com\/es\/#organization\"},\"potentialAction\":[{\"@type\":\"SearchAction\",\"target\":{\"@type\":\"EntryPoint\",\"urlTemplate\":\"https:\/\/www.pressenza.com\/es\/?s={search_term_string}\"},\"query-input\":{\"@type\":\"PropertyValueSpecification\",\"valueRequired\":true,\"valueName\":\"search_term_string\"}}],\"inLanguage\":\"es\"},{\"@type\":\"Organization\",\"@id\":\"https:\/\/www.pressenza.com\/es\/#organization\",\"name\":\"Pressenza\",\"url\":\"https:\/\/www.pressenza.com\/es\/\",\"logo\":{\"@type\":\"ImageObject\",\"inLanguage\":\"es\",\"@id\":\"https:\/\/www.pressenza.com\/es\/#\/schema\/logo\/image\/\",\"url\":\"https:\/\/www.pressenza.com\/wp-content\/uploads\/2022\/10\/pressenza_logo_200x200.jpg\",\"contentUrl\":\"https:\/\/www.pressenza.com\/wp-content\/uploads\/2022\/10\/pressenza_logo_200x200.jpg\",\"width\":200,\"height\":200,\"caption\":\"Pressenza\"},\"image\":{\"@id\":\"https:\/\/www.pressenza.com\/es\/#\/schema\/logo\/image\/\"},\"sameAs\":[\"https:\/\/www.facebook.com\/PressenzaItalia\",\"https:\/\/x.com\/PressenzaIPA\"]},{\"@type\":\"Person\",\"@id\":\"https:\/\/www.pressenza.com\/es\/#\/schema\/person\/a96a2ff6530dbb8bcf9ec001febc4af4\",\"name\":\"Tony Robinson\",\"description\":\"Humanist Movement Activist, ex-Director of the Middle East Treaty Organization and coordinating committee member of Abolition 2000 - Global Network to Eliminate Nuclear Weapons, author of the book \\\"Coffee with Silo and the quest for meaning in life\\\" and producer of the film \\\"The Beginning of the End of Nuclear Weapons\\\".\",\"sameAs\":[\"https:\/\/x.com\/TonyRobinson6\"],\"url\":\"https:\/\/www.pressenza.com\/es\/author\/tony-robinson\/\"}]}<\/script>\n<!-- \/ Yoast SEO plugin. -->","yoast_head_json":{"title":"D\u00eda hist\u00f3rico al activarse la entrada en vigor del Tratado sobre la Prohibici\u00f3n de las Armas Nucleares","description":"Ayer, en las Naciones Unidas y en un evento online, organizado por las Misiones Permanentes de Austria, Brasil, Costa Rica, Indonesia, Irlanda, M\u00e9xico,","robots":{"index":"index","follow":"follow","max-snippet":"max-snippet:-1","max-image-preview":"max-image-preview:large","max-video-preview":"max-video-preview:-1"},"canonical":"https:\/\/www.pressenza.com\/es\/2020\/10\/dia-historico-al-activarse-la-entrada-en-vigor-del-tratado-sobre-la-prohibicion-de-las-armas-nucleares\/","og_locale":"es_ES","og_type":"article","og_title":"D\u00eda hist\u00f3rico al activarse la entrada en vigor del Tratado sobre la Prohibici\u00f3n de las Armas Nucleares","og_description":"Ayer, en las Naciones Unidas y en un evento online, organizado por las Misiones Permanentes de Austria, Brasil, Costa Rica, Indonesia, Irlanda, M\u00e9xico,","og_url":"https:\/\/www.pressenza.com\/es\/2020\/10\/dia-historico-al-activarse-la-entrada-en-vigor-del-tratado-sobre-la-prohibicion-de-las-armas-nucleares\/","og_site_name":"Pressenza","article_publisher":"https:\/\/www.facebook.com\/PressenzaItalia","article_published_time":"2020-10-24T22:29:52+00:00","og_image":[{"width":1024,"height":683,"url":"https:\/\/www.pressenza.com\/wp-content\/uploads\/2020\/10\/ICAN_s114_1_of_1_original.jpg","type":"image\/jpeg"}],"author":"Tony Robinson","twitter_card":"summary_large_image","twitter_creator":"@TonyRobinson6","twitter_site":"@PressenzaIPA","twitter_misc":{"Escrito por":"Tony Robinson","Tiempo de lectura":"6 minutos"},"schema":{"@context":"https:\/\/schema.org","@graph":[{"@type":"Article","@id":"https:\/\/www.pressenza.com\/es\/2020\/10\/dia-historico-al-activarse-la-entrada-en-vigor-del-tratado-sobre-la-prohibicion-de-las-armas-nucleares\/#article","isPartOf":{"@id":"https:\/\/www.pressenza.com\/es\/2020\/10\/dia-historico-al-activarse-la-entrada-en-vigor-del-tratado-sobre-la-prohibicion-de-las-armas-nucleares\/"},"author":{"name":"Tony Robinson","@id":"https:\/\/www.pressenza.com\/es\/#\/schema\/person\/a96a2ff6530dbb8bcf9ec001febc4af4"},"headline":"D\u00eda hist\u00f3rico al activarse la entrada en vigor del Tratado sobre la Prohibici\u00f3n de las Armas Nucleares","datePublished":"2020-10-24T22:29:52+00:00","mainEntityOfPage":{"@id":"https:\/\/www.pressenza.com\/es\/2020\/10\/dia-historico-al-activarse-la-entrada-en-vigor-del-tratado-sobre-la-prohibicion-de-las-armas-nucleares\/"},"wordCount":1178,"publisher":{"@id":"https:\/\/www.pressenza.com\/es\/#organization"},"image":{"@id":"https:\/\/www.pressenza.com\/es\/2020\/10\/dia-historico-al-activarse-la-entrada-en-vigor-del-tratado-sobre-la-prohibicion-de-las-armas-nucleares\/#primaryimage"},"thumbnailUrl":"https:\/\/www.pressenza.com\/wp-content\/uploads\/2020\/10\/ICAN_s114_1_of_1_original.jpg","keywords":["ratificaci\u00f3n","Tratado para la Prohibici\u00f3n de las Armas Nucleares"],"articleSection":["Contenido Original","Internacional","Paz y Desarme"],"inLanguage":"es"},{"@type":"WebPage","@id":"https:\/\/www.pressenza.com\/es\/2020\/10\/dia-historico-al-activarse-la-entrada-en-vigor-del-tratado-sobre-la-prohibicion-de-las-armas-nucleares\/","url":"https:\/\/www.pressenza.com\/es\/2020\/10\/dia-historico-al-activarse-la-entrada-en-vigor-del-tratado-sobre-la-prohibicion-de-las-armas-nucleares\/","name":"D\u00eda hist\u00f3rico al activarse la entrada en vigor del Tratado sobre la Prohibici\u00f3n de las Armas Nucleares","isPartOf":{"@id":"https:\/\/www.pressenza.com\/es\/#website"},"primaryImageOfPage":{"@id":"https:\/\/www.pressenza.com\/es\/2020\/10\/dia-historico-al-activarse-la-entrada-en-vigor-del-tratado-sobre-la-prohibicion-de-las-armas-nucleares\/#primaryimage"},"image":{"@id":"https:\/\/www.pressenza.com\/es\/2020\/10\/dia-historico-al-activarse-la-entrada-en-vigor-del-tratado-sobre-la-prohibicion-de-las-armas-nucleares\/#primaryimage"},"thumbnailUrl":"https:\/\/www.pressenza.com\/wp-content\/uploads\/2020\/10\/ICAN_s114_1_of_1_original.jpg","datePublished":"2020-10-24T22:29:52+00:00","description":"Ayer, en las Naciones Unidas y en un evento online, organizado por las Misiones Permanentes de Austria, Brasil, Costa Rica, Indonesia, Irlanda, M\u00e9xico,","breadcrumb":{"@id":"https:\/\/www.pressenza.com\/es\/2020\/10\/dia-historico-al-activarse-la-entrada-en-vigor-del-tratado-sobre-la-prohibicion-de-las-armas-nucleares\/#breadcrumb"},"inLanguage":"es","potentialAction":[{"@type":"ReadAction","target":["https:\/\/www.pressenza.com\/es\/2020\/10\/dia-historico-al-activarse-la-entrada-en-vigor-del-tratado-sobre-la-prohibicion-de-las-armas-nucleares\/"]}]},{"@type":"ImageObject","inLanguage":"es","@id":"https:\/\/www.pressenza.com\/es\/2020\/10\/dia-historico-al-activarse-la-entrada-en-vigor-del-tratado-sobre-la-prohibicion-de-las-armas-nucleares\/#primaryimage","url":"https:\/\/www.pressenza.com\/wp-content\/uploads\/2020\/10\/ICAN_s114_1_of_1_original.jpg","contentUrl":"https:\/\/www.pressenza.com\/wp-content\/uploads\/2020\/10\/ICAN_s114_1_of_1_original.jpg","width":1024,"height":683},{"@type":"BreadcrumbList","@id":"https:\/\/www.pressenza.com\/es\/2020\/10\/dia-historico-al-activarse-la-entrada-en-vigor-del-tratado-sobre-la-prohibicion-de-las-armas-nucleares\/#breadcrumb","itemListElement":[{"@type":"ListItem","position":1,"name":"Accueil","item":"https:\/\/www.pressenza.com\/es\/"},{"@type":"ListItem","position":2,"name":"D\u00eda hist\u00f3rico al activarse la entrada en vigor del Tratado sobre la Prohibici\u00f3n de las Armas Nucleares"}]},{"@type":"WebSite","@id":"https:\/\/www.pressenza.com\/es\/#website","url":"https:\/\/www.pressenza.com\/es\/","name":"Pressenza","description":"International Press Agency","publisher":{"@id":"https:\/\/www.pressenza.com\/es\/#organization"},"potentialAction":[{"@type":"SearchAction","target":{"@type":"EntryPoint","urlTemplate":"https:\/\/www.pressenza.com\/es\/?s={search_term_string}"},"query-input":{"@type":"PropertyValueSpecification","valueRequired":true,"valueName":"search_term_string"}}],"inLanguage":"es"},{"@type":"Organization","@id":"https:\/\/www.pressenza.com\/es\/#organization","name":"Pressenza","url":"https:\/\/www.pressenza.com\/es\/","logo":{"@type":"ImageObject","inLanguage":"es","@id":"https:\/\/www.pressenza.com\/es\/#\/schema\/logo\/image\/","url":"https:\/\/www.pressenza.com\/wp-content\/uploads\/2022\/10\/pressenza_logo_200x200.jpg","contentUrl":"https:\/\/www.pressenza.com\/wp-content\/uploads\/2022\/10\/pressenza_logo_200x200.jpg","width":200,"height":200,"caption":"Pressenza"},"image":{"@id":"https:\/\/www.pressenza.com\/es\/#\/schema\/logo\/image\/"},"sameAs":["https:\/\/www.facebook.com\/PressenzaItalia","https:\/\/x.com\/PressenzaIPA"]},{"@type":"Person","@id":"https:\/\/www.pressenza.com\/es\/#\/schema\/person\/a96a2ff6530dbb8bcf9ec001febc4af4","name":"Tony Robinson","description":"Humanist Movement Activist, ex-Director of the Middle East Treaty Organization and coordinating committee member of Abolition 2000 - Global Network to Eliminate Nuclear Weapons, author of the book \"Coffee with Silo and the quest for meaning in life\" and producer of the film \"The Beginning of the End of Nuclear Weapons\".","sameAs":["https:\/\/x.com\/TonyRobinson6"],"url":"https:\/\/www.pressenza.com\/es\/author\/tony-robinson\/"}]}},"place":"Londres, Gran Breta\u00f1a","original_article_url":"","_links":{"self":[{"href":"https:\/\/www.pressenza.com\/es\/wp-json\/wp\/v2\/posts\/1224879","targetHints":{"allow":["GET"]}}],"collection":[{"href":"https:\/\/www.pressenza.com\/es\/wp-json\/wp\/v2\/posts"}],"about":[{"href":"https:\/\/www.pressenza.com\/es\/wp-json\/wp\/v2\/types\/post"}],"author":[{"embeddable":true,"href":"https:\/\/www.pressenza.com\/es\/wp-json\/wp\/v2\/users\/6"}],"replies":[{"embeddable":true,"href":"https:\/\/www.pressenza.com\/es\/wp-json\/wp\/v2\/comments?post=1224879"}],"version-history":[{"count":0,"href":"https:\/\/www.pressenza.com\/es\/wp-json\/wp\/v2\/posts\/1224879\/revisions"}],"wp:featuredmedia":[{"embeddable":true,"href":"https:\/\/www.pressenza.com\/es\/wp-json\/wp\/v2\/media\/1224910"}],"wp:attachment":[{"href":"https:\/\/www.pressenza.com\/es\/wp-json\/wp\/v2\/media?parent=1224879"}],"wp:term":[{"taxonomy":"category","embeddable":true,"href":"https:\/\/www.pressenza.com\/es\/wp-json\/wp\/v2\/categories?post=1224879"},{"taxonomy":"post_tag","embeddable":true,"href":"https:\/\/www.pressenza.com\/es\/wp-json\/wp\/v2\/tags?post=1224879"}],"curies":[{"name":"wp","href":"https:\/\/api.w.org\/{rel}","templated":true}]}}