{"id":1223,"date":"2009-09-05T00:00:00","date_gmt":"2009-09-05T00:00:00","guid":{"rendered":""},"modified":"2019-02-06T20:48:18","modified_gmt":"2019-02-06T20:48:18","slug":"evo-morales-ratifica-compromiso-con-la-campaxa-xno-a-la-violencia-contra-las-mujeresx","status":"publish","type":"post","link":"https:\/\/www.pressenza.com\/es\/2009\/09\/evo-morales-ratifica-compromiso-con-la-campaxa-xno-a-la-violencia-contra-las-mujeresx\/","title":{"rendered":"Evo Morales ratifica compromiso con la campa\u00f1a \u00abNO a la violencia contra las mujeres\u00bb"},"content":{"rendered":"<p>Morales ya se hab\u00eda sumado en la XVIII Cumbre Iberoamericana junto con los presidentes de otros 15 pa\u00edses. En esta ocasi\u00f3n, el presidente Morales se comprometi\u00f3 ante el pueblo Boliviano, a que la lucha contra la violencia hacia las mujeres sea una prioridad en el plano nacional e internacional, adhiri\u00e9ndose a la campa\u00f1a \u201cD\u00ed NO a la violencia contra las mujeres\u201d, promovida por el Fondo de Desarrollo de las Naciones Unidas para la Mujer , UNIFEM.<\/p>\n<p>El Presidente Morales en conferencia de prensa, recibi\u00f3 a la representante de UNIFEM de la Regi\u00f3n Andina, Moni Pizani y a la diputada Elizabeth Salguero quienes han promovido la campa\u00f1a en el pa\u00eds.<br \/>\nAl respecto la Diputada Salguero inform\u00f3 que la C\u00e1mara de Diputados aprob\u00f3 una Declaraci\u00f3n Camaral denominada \u201cUnidos para poner fin a la violencia contra las mujeres\u201d, ratificando su adhesi\u00f3n a la campa\u00f1a, el pasado 31 de octubre.<\/p>\n<p>La Campa\u00f1a cuyo objetivo es reunir al menos un mill\u00f3n de firmas, antes del 25 de noviembre de 2008, coincidiendo con la celebraci\u00f3n el D\u00eda Internacional de la Eliminaci\u00f3n de la Violencia contra la Mujer , d\u00eda en que ser\u00e1n presentadas al Secretario General Ban-ki Moon para demostrar que existe un movimiento creciente en contra de la violencia hacia las mujeres.<\/p>\n<p>La violencia contra las mujeres contin\u00faa siendo una cuesti\u00f3n importante en la agenda pol\u00edtica internacional y de derechos humanos. Es por ello que varios l\u00edderes pol\u00edticos del mundo entero se han comprometido y movilizado contra esta realidad inaceptable que debe ser combatida con urgencia.<\/p>\n<p>A partir de la invitaci\u00f3n del Secretario General de la Secretar\u00eda Iberoamericana, Enrique Iglesias, los siguientes jefes de Estado han sumado su nombre y han dicho NO a la violencia contra las mujeres: Cristina Fern\u00e1ndez, Argentina; Albert Pintat, Andorra; Evo Morales, Bolivia; Michelle Bachelet, Chile; Oscar Arias , \u00c1lvaro Uribe ,Colombia; Costa Rica; Leonel Antonio Fern\u00e1ndez Reyes, Rep\u00fablica Dominicana; Rafael Correa, Ecuador; El\u00edas Antonio Saca, El Salvador ; Jos\u00e9 Luis Rodr\u00edguez Zapatero, Espa\u00f1a; \u00c1lvaro Colon, Guatemala; Manuel Zelaya, Honduras; Felipe Calder\u00f3n, M\u00e9jico; Mart\u00edn Torrijos, Panam\u00e1; Alan Garc\u00eda, Per\u00fa; Jos\u00e9 S\u00f3crates, Portugal. El Presidente Hugo Ch\u00e1vez de Venezuela firm\u00f3 con anterioridad.<br \/>\nMinistros de Gobierno de toda la regi\u00f3n, junto con altos oficiales de las Naciones Unidas, se unieron a los Presidentes sumando sus nombres a la Campa\u00f1a. Hasta el momento, representantes a nivel ministerial de 51 pa\u00edses han firmado la campa\u00f1a DI NO.<br \/>\nAsimismo, legisladores de m\u00e1s de 70 pa\u00edses se han sumado al esfuerzo. La iniciativa sirve como plataforma para demostrar que existe un movimiento de personas cada vez mayor que demandan la erradicaci\u00f3n de la violencia.<br \/>\nA nivel parlamentario, m\u00e1s de 200 parlamentarios de 70 pa\u00edses se suscribieron a la campa\u00f1a, incluyendo el Sr. Pier Ferdinando Casini, Presidente saliente de la UIP, los Presidentes de Parlamento de varios pa\u00edses, incluyendo Indonesia, Lesotho, Nueva Zelanda, Filipinas y Sud\u00e1frica.<\/p>\n<p>La iniciativa recibi\u00f3 el apoyo decisivo de la Uni\u00f3n Interparlamentaria cuando todos los miembros de su Comit\u00e9 de Coordinaci\u00f3n de las Mujeres Parlamentarias aportaron su voz a la campa\u00f1a y aceptaron ser las portavoces en el seno de la UIP y de sus respectivos parlamentos nacionales y ante el p\u00fablico.<br \/>\nLa UIP se ha comprometido a intensificar su acci\u00f3n en esta \u00e1rea y ha lanzado un programa de tres a\u00f1os que tiene por objeto apoyar a los parlamentos para hacer de la lucha contra la violencia hacia las mujeres una prioridad nacional. Esta acci\u00f3n es una contribuci\u00f3n parlamentaria a la Campa\u00f1a del Secretario General de la ONU para poner fin a la violencia contra las mujeres lanzada en febrero de 2008.<br \/>\nLa campa\u00f1a de UNIFEM Decir NO a la violencia contra las mujeres es apoyada por numerosas personalidades, la imagen de la campa\u00f1a es la actriz Nicole Kidman.<\/p>\n<p>Redacci\u00f3n: Luis Felipe Garc\u00eda<\/p>\n","protected":false},"excerpt":{"rendered":"<p>Hoy, 5 de septiembre, en honor al d\u00eda Internacional de la Mujer Ind\u00edgena, el Presidente de Bolivia Evo Morales Ayma ratific\u00f3 su compromiso con la lucha contra la violencia hacia las mujeres adhiri\u00e9ndose a la campa\u00f1a \u201cD\u00ed NO a la violencia contra las mujeres\u201d, promovida por el Fondo de Desarrollo de las Naciones Unidas para la Mujer<\/p>\n","protected":false},"author":19,"featured_media":0,"comment_status":"closed","ping_status":"open","sticky":false,"template":"","format":"standard","meta":{"footnotes":""},"categories":[75,54515,67],"tags":[],"class_list":["post-1223","post","type-post","status-publish","format-standard","hentry","category-cultura-es","category-genero-y-feminismos","category-sudamerica"],"yoast_head":"<!-- This site is optimized with the Yoast SEO plugin v27.1.1 - https:\/\/yoast.com\/product\/yoast-seo-wordpress\/ -->\n<title>Evo Morales ratifica compromiso con la campa\u00f1a &quot;NO a la violencia contra las mujeres&quot;<\/title>\n<meta name=\"description\" content=\"Hoy, 5 de septiembre, en honor al d\u00eda Internacional de la Mujer Ind\u00edgena, el Presidente de Bolivia Evo Morales Ayma ratific\u00f3 su compromiso con la lucha contra la violencia hacia las mujeres adhiri\u00e9ndose a la campa\u00f1a \u201cD\u00ed NO a la violencia contra las mujeres\u201d, promovida por el Fondo de Desarrollo de las Naciones Unidas para la Mujer\" \/>\n<meta name=\"robots\" content=\"index, follow, max-snippet:-1, max-image-preview:large, max-video-preview:-1\" \/>\n<link rel=\"canonical\" href=\"https:\/\/www.pressenza.com\/es\/2009\/09\/evo-morales-ratifica-compromiso-con-la-campaxa-xno-a-la-violencia-contra-las-mujeresx\/\" \/>\n<meta property=\"og:locale\" content=\"es_ES\" \/>\n<meta property=\"og:type\" content=\"article\" \/>\n<meta property=\"og:title\" content=\"Evo Morales ratifica compromiso con la campa\u00f1a &quot;NO a la violencia contra las mujeres&quot;\" \/>\n<meta property=\"og:description\" content=\"Hoy, 5 de septiembre, en honor al d\u00eda Internacional de la Mujer Ind\u00edgena, el Presidente de Bolivia Evo Morales Ayma ratific\u00f3 su compromiso con la lucha contra la violencia hacia las mujeres adhiri\u00e9ndose a la campa\u00f1a \u201cD\u00ed NO a la violencia contra las mujeres\u201d, promovida por el Fondo de Desarrollo de las Naciones Unidas para la Mujer\" \/>\n<meta property=\"og:url\" content=\"https:\/\/www.pressenza.com\/es\/2009\/09\/evo-morales-ratifica-compromiso-con-la-campaxa-xno-a-la-violencia-contra-las-mujeresx\/\" \/>\n<meta property=\"og:site_name\" content=\"Pressenza\" \/>\n<meta property=\"article:publisher\" content=\"https:\/\/www.facebook.com\/PressenzaItalia\" \/>\n<meta property=\"article:author\" content=\"https:\/\/www.facebook.com\/pressenza\" \/>\n<meta property=\"article:published_time\" content=\"2009-09-05T00:00:00+00:00\" \/>\n<meta property=\"article:modified_time\" content=\"2019-02-06T20:48:18+00:00\" \/>\n<meta name=\"author\" content=\"Pressenza IPA\" \/>\n<meta name=\"twitter:card\" content=\"summary_large_image\" \/>\n<meta name=\"twitter:creator\" content=\"@PressenzaIPA\" \/>\n<meta name=\"twitter:site\" content=\"@PressenzaIPA\" \/>\n<meta name=\"twitter:label1\" content=\"Escrito por\" \/>\n\t<meta name=\"twitter:data1\" content=\"Pressenza IPA\" \/>\n\t<meta name=\"twitter:label2\" content=\"Tiempo de lectura\" \/>\n\t<meta name=\"twitter:data2\" content=\"3 minutos\" \/>\n<script type=\"application\/ld+json\" class=\"yoast-schema-graph\">{\"@context\":\"https:\/\/schema.org\",\"@graph\":[{\"@type\":\"Article\",\"@id\":\"https:\/\/www.pressenza.com\/es\/2009\/09\/evo-morales-ratifica-compromiso-con-la-campaxa-xno-a-la-violencia-contra-las-mujeresx\/#article\",\"isPartOf\":{\"@id\":\"https:\/\/www.pressenza.com\/es\/2009\/09\/evo-morales-ratifica-compromiso-con-la-campaxa-xno-a-la-violencia-contra-las-mujeresx\/\"},\"author\":{\"name\":\"Pressenza IPA\",\"@id\":\"https:\/\/www.pressenza.com\/es\/#\/schema\/person\/010e5d02bcf40965427a1289a4cc8d75\"},\"headline\":\"Evo Morales ratifica compromiso con la campa\u00f1a \u00abNO a la violencia contra las mujeres\u00bb\",\"datePublished\":\"2009-09-05T00:00:00+00:00\",\"dateModified\":\"2019-02-06T20:48:18+00:00\",\"mainEntityOfPage\":{\"@id\":\"https:\/\/www.pressenza.com\/es\/2009\/09\/evo-morales-ratifica-compromiso-con-la-campaxa-xno-a-la-violencia-contra-las-mujeresx\/\"},\"wordCount\":686,\"publisher\":{\"@id\":\"https:\/\/www.pressenza.com\/es\/#organization\"},\"articleSection\":[\"Cultura y Medios\",\"G\u00e9nero y Feminismos\",\"Sudam\u00e9rica\"],\"inLanguage\":\"es\"},{\"@type\":\"WebPage\",\"@id\":\"https:\/\/www.pressenza.com\/es\/2009\/09\/evo-morales-ratifica-compromiso-con-la-campaxa-xno-a-la-violencia-contra-las-mujeresx\/\",\"url\":\"https:\/\/www.pressenza.com\/es\/2009\/09\/evo-morales-ratifica-compromiso-con-la-campaxa-xno-a-la-violencia-contra-las-mujeresx\/\",\"name\":\"Evo Morales ratifica compromiso con la campa\u00f1a \\\"NO a la violencia contra las mujeres\\\"\",\"isPartOf\":{\"@id\":\"https:\/\/www.pressenza.com\/es\/#website\"},\"datePublished\":\"2009-09-05T00:00:00+00:00\",\"dateModified\":\"2019-02-06T20:48:18+00:00\",\"description\":\"Hoy, 5 de septiembre, en honor al d\u00eda Internacional de la Mujer Ind\u00edgena, el Presidente de Bolivia Evo Morales Ayma ratific\u00f3 su compromiso con la lucha contra la violencia hacia las mujeres adhiri\u00e9ndose a la campa\u00f1a \u201cD\u00ed NO a la violencia contra las mujeres\u201d, promovida por el Fondo de Desarrollo de las Naciones Unidas para la Mujer\",\"breadcrumb\":{\"@id\":\"https:\/\/www.pressenza.com\/es\/2009\/09\/evo-morales-ratifica-compromiso-con-la-campaxa-xno-a-la-violencia-contra-las-mujeresx\/#breadcrumb\"},\"inLanguage\":\"es\",\"potentialAction\":[{\"@type\":\"ReadAction\",\"target\":[\"https:\/\/www.pressenza.com\/es\/2009\/09\/evo-morales-ratifica-compromiso-con-la-campaxa-xno-a-la-violencia-contra-las-mujeresx\/\"]}]},{\"@type\":\"BreadcrumbList\",\"@id\":\"https:\/\/www.pressenza.com\/es\/2009\/09\/evo-morales-ratifica-compromiso-con-la-campaxa-xno-a-la-violencia-contra-las-mujeresx\/#breadcrumb\",\"itemListElement\":[{\"@type\":\"ListItem\",\"position\":1,\"name\":\"Accueil\",\"item\":\"https:\/\/www.pressenza.com\/es\/\"},{\"@type\":\"ListItem\",\"position\":2,\"name\":\"Evo Morales ratifica compromiso con la campa\u00f1a \u00abNO a la violencia contra las mujeres\u00bb\"}]},{\"@type\":\"WebSite\",\"@id\":\"https:\/\/www.pressenza.com\/es\/#website\",\"url\":\"https:\/\/www.pressenza.com\/es\/\",\"name\":\"Pressenza\",\"description\":\"International Press Agency\",\"publisher\":{\"@id\":\"https:\/\/www.pressenza.com\/es\/#organization\"},\"potentialAction\":[{\"@type\":\"SearchAction\",\"target\":{\"@type\":\"EntryPoint\",\"urlTemplate\":\"https:\/\/www.pressenza.com\/es\/?s={search_term_string}\"},\"query-input\":{\"@type\":\"PropertyValueSpecification\",\"valueRequired\":true,\"valueName\":\"search_term_string\"}}],\"inLanguage\":\"es\"},{\"@type\":\"Organization\",\"@id\":\"https:\/\/www.pressenza.com\/es\/#organization\",\"name\":\"Pressenza\",\"url\":\"https:\/\/www.pressenza.com\/es\/\",\"logo\":{\"@type\":\"ImageObject\",\"inLanguage\":\"es\",\"@id\":\"https:\/\/www.pressenza.com\/es\/#\/schema\/logo\/image\/\",\"url\":\"https:\/\/www.pressenza.com\/wp-content\/uploads\/2022\/10\/pressenza_logo_200x200.jpg\",\"contentUrl\":\"https:\/\/www.pressenza.com\/wp-content\/uploads\/2022\/10\/pressenza_logo_200x200.jpg\",\"width\":200,\"height\":200,\"caption\":\"Pressenza\"},\"image\":{\"@id\":\"https:\/\/www.pressenza.com\/es\/#\/schema\/logo\/image\/\"},\"sameAs\":[\"https:\/\/www.facebook.com\/PressenzaItalia\",\"https:\/\/x.com\/PressenzaIPA\"]},{\"@type\":\"Person\",\"@id\":\"https:\/\/www.pressenza.com\/es\/#\/schema\/person\/010e5d02bcf40965427a1289a4cc8d75\",\"name\":\"Pressenza IPA\",\"description\":\"News from Pressenza IPA correspondents\",\"sameAs\":[\"https:\/\/www.facebook.com\/pressenza\",\"https:\/\/x.com\/PressenzaIPA\"],\"url\":\"https:\/\/www.pressenza.com\/es\/author\/pressenza-ipa\/\"}]}<\/script>\n<!-- \/ Yoast SEO plugin. -->","yoast_head_json":{"title":"Evo Morales ratifica compromiso con la campa\u00f1a \"NO a la violencia contra las mujeres\"","description":"Hoy, 5 de septiembre, en honor al d\u00eda Internacional de la Mujer Ind\u00edgena, el Presidente de Bolivia Evo Morales Ayma ratific\u00f3 su compromiso con la lucha contra la violencia hacia las mujeres adhiri\u00e9ndose a la campa\u00f1a \u201cD\u00ed NO a la violencia contra las mujeres\u201d, promovida por el Fondo de Desarrollo de las Naciones Unidas para la Mujer","robots":{"index":"index","follow":"follow","max-snippet":"max-snippet:-1","max-image-preview":"max-image-preview:large","max-video-preview":"max-video-preview:-1"},"canonical":"https:\/\/www.pressenza.com\/es\/2009\/09\/evo-morales-ratifica-compromiso-con-la-campaxa-xno-a-la-violencia-contra-las-mujeresx\/","og_locale":"es_ES","og_type":"article","og_title":"Evo Morales ratifica compromiso con la campa\u00f1a \"NO a la violencia contra las mujeres\"","og_description":"Hoy, 5 de septiembre, en honor al d\u00eda Internacional de la Mujer Ind\u00edgena, el Presidente de Bolivia Evo Morales Ayma ratific\u00f3 su compromiso con la lucha contra la violencia hacia las mujeres adhiri\u00e9ndose a la campa\u00f1a \u201cD\u00ed NO a la violencia contra las mujeres\u201d, promovida por el Fondo de Desarrollo de las Naciones Unidas para la Mujer","og_url":"https:\/\/www.pressenza.com\/es\/2009\/09\/evo-morales-ratifica-compromiso-con-la-campaxa-xno-a-la-violencia-contra-las-mujeresx\/","og_site_name":"Pressenza","article_publisher":"https:\/\/www.facebook.com\/PressenzaItalia","article_author":"https:\/\/www.facebook.com\/pressenza","article_published_time":"2009-09-05T00:00:00+00:00","article_modified_time":"2019-02-06T20:48:18+00:00","author":"Pressenza IPA","twitter_card":"summary_large_image","twitter_creator":"@PressenzaIPA","twitter_site":"@PressenzaIPA","twitter_misc":{"Escrito por":"Pressenza IPA","Tiempo de lectura":"3 minutos"},"schema":{"@context":"https:\/\/schema.org","@graph":[{"@type":"Article","@id":"https:\/\/www.pressenza.com\/es\/2009\/09\/evo-morales-ratifica-compromiso-con-la-campaxa-xno-a-la-violencia-contra-las-mujeresx\/#article","isPartOf":{"@id":"https:\/\/www.pressenza.com\/es\/2009\/09\/evo-morales-ratifica-compromiso-con-la-campaxa-xno-a-la-violencia-contra-las-mujeresx\/"},"author":{"name":"Pressenza IPA","@id":"https:\/\/www.pressenza.com\/es\/#\/schema\/person\/010e5d02bcf40965427a1289a4cc8d75"},"headline":"Evo Morales ratifica compromiso con la campa\u00f1a \u00abNO a la violencia contra las mujeres\u00bb","datePublished":"2009-09-05T00:00:00+00:00","dateModified":"2019-02-06T20:48:18+00:00","mainEntityOfPage":{"@id":"https:\/\/www.pressenza.com\/es\/2009\/09\/evo-morales-ratifica-compromiso-con-la-campaxa-xno-a-la-violencia-contra-las-mujeresx\/"},"wordCount":686,"publisher":{"@id":"https:\/\/www.pressenza.com\/es\/#organization"},"articleSection":["Cultura y Medios","G\u00e9nero y Feminismos","Sudam\u00e9rica"],"inLanguage":"es"},{"@type":"WebPage","@id":"https:\/\/www.pressenza.com\/es\/2009\/09\/evo-morales-ratifica-compromiso-con-la-campaxa-xno-a-la-violencia-contra-las-mujeresx\/","url":"https:\/\/www.pressenza.com\/es\/2009\/09\/evo-morales-ratifica-compromiso-con-la-campaxa-xno-a-la-violencia-contra-las-mujeresx\/","name":"Evo Morales ratifica compromiso con la campa\u00f1a \"NO a la violencia contra las mujeres\"","isPartOf":{"@id":"https:\/\/www.pressenza.com\/es\/#website"},"datePublished":"2009-09-05T00:00:00+00:00","dateModified":"2019-02-06T20:48:18+00:00","description":"Hoy, 5 de septiembre, en honor al d\u00eda Internacional de la Mujer Ind\u00edgena, el Presidente de Bolivia Evo Morales Ayma ratific\u00f3 su compromiso con la lucha contra la violencia hacia las mujeres adhiri\u00e9ndose a la campa\u00f1a \u201cD\u00ed NO a la violencia contra las mujeres\u201d, promovida por el Fondo de Desarrollo de las Naciones Unidas para la Mujer","breadcrumb":{"@id":"https:\/\/www.pressenza.com\/es\/2009\/09\/evo-morales-ratifica-compromiso-con-la-campaxa-xno-a-la-violencia-contra-las-mujeresx\/#breadcrumb"},"inLanguage":"es","potentialAction":[{"@type":"ReadAction","target":["https:\/\/www.pressenza.com\/es\/2009\/09\/evo-morales-ratifica-compromiso-con-la-campaxa-xno-a-la-violencia-contra-las-mujeresx\/"]}]},{"@type":"BreadcrumbList","@id":"https:\/\/www.pressenza.com\/es\/2009\/09\/evo-morales-ratifica-compromiso-con-la-campaxa-xno-a-la-violencia-contra-las-mujeresx\/#breadcrumb","itemListElement":[{"@type":"ListItem","position":1,"name":"Accueil","item":"https:\/\/www.pressenza.com\/es\/"},{"@type":"ListItem","position":2,"name":"Evo Morales ratifica compromiso con la campa\u00f1a \u00abNO a la violencia contra las mujeres\u00bb"}]},{"@type":"WebSite","@id":"https:\/\/www.pressenza.com\/es\/#website","url":"https:\/\/www.pressenza.com\/es\/","name":"Pressenza","description":"International Press Agency","publisher":{"@id":"https:\/\/www.pressenza.com\/es\/#organization"},"potentialAction":[{"@type":"SearchAction","target":{"@type":"EntryPoint","urlTemplate":"https:\/\/www.pressenza.com\/es\/?s={search_term_string}"},"query-input":{"@type":"PropertyValueSpecification","valueRequired":true,"valueName":"search_term_string"}}],"inLanguage":"es"},{"@type":"Organization","@id":"https:\/\/www.pressenza.com\/es\/#organization","name":"Pressenza","url":"https:\/\/www.pressenza.com\/es\/","logo":{"@type":"ImageObject","inLanguage":"es","@id":"https:\/\/www.pressenza.com\/es\/#\/schema\/logo\/image\/","url":"https:\/\/www.pressenza.com\/wp-content\/uploads\/2022\/10\/pressenza_logo_200x200.jpg","contentUrl":"https:\/\/www.pressenza.com\/wp-content\/uploads\/2022\/10\/pressenza_logo_200x200.jpg","width":200,"height":200,"caption":"Pressenza"},"image":{"@id":"https:\/\/www.pressenza.com\/es\/#\/schema\/logo\/image\/"},"sameAs":["https:\/\/www.facebook.com\/PressenzaItalia","https:\/\/x.com\/PressenzaIPA"]},{"@type":"Person","@id":"https:\/\/www.pressenza.com\/es\/#\/schema\/person\/010e5d02bcf40965427a1289a4cc8d75","name":"Pressenza IPA","description":"News from Pressenza IPA correspondents","sameAs":["https:\/\/www.facebook.com\/pressenza","https:\/\/x.com\/PressenzaIPA"],"url":"https:\/\/www.pressenza.com\/es\/author\/pressenza-ipa\/"}]}},"place":"La Paz","original_article_url":"","_links":{"self":[{"href":"https:\/\/www.pressenza.com\/es\/wp-json\/wp\/v2\/posts\/1223","targetHints":{"allow":["GET"]}}],"collection":[{"href":"https:\/\/www.pressenza.com\/es\/wp-json\/wp\/v2\/posts"}],"about":[{"href":"https:\/\/www.pressenza.com\/es\/wp-json\/wp\/v2\/types\/post"}],"author":[{"embeddable":true,"href":"https:\/\/www.pressenza.com\/es\/wp-json\/wp\/v2\/users\/19"}],"replies":[{"embeddable":true,"href":"https:\/\/www.pressenza.com\/es\/wp-json\/wp\/v2\/comments?post=1223"}],"version-history":[{"count":0,"href":"https:\/\/www.pressenza.com\/es\/wp-json\/wp\/v2\/posts\/1223\/revisions"}],"wp:attachment":[{"href":"https:\/\/www.pressenza.com\/es\/wp-json\/wp\/v2\/media?parent=1223"}],"wp:term":[{"taxonomy":"category","embeddable":true,"href":"https:\/\/www.pressenza.com\/es\/wp-json\/wp\/v2\/categories?post=1223"},{"taxonomy":"post_tag","embeddable":true,"href":"https:\/\/www.pressenza.com\/es\/wp-json\/wp\/v2\/tags?post=1223"}],"curies":[{"name":"wp","href":"https:\/\/api.w.org\/{rel}","templated":true}]}}