{"id":122170,"date":"2014-07-27T15:14:38","date_gmt":"2014-07-27T14:14:38","guid":{"rendered":"http:\/\/www.pressenza.com\/?p=122170"},"modified":"2015-07-21T22:05:46","modified_gmt":"2015-07-21T21:05:46","slug":"al-pueblo-humanista-palestina-e-israel-el-dia-despues-de-gaza","status":"publish","type":"post","link":"https:\/\/www.pressenza.com\/es\/2014\/07\/al-pueblo-humanista-palestina-e-israel-el-dia-despues-de-gaza\/","title":{"rendered":"Al pueblo humanista: Palestina e Israel, el d\u00eda despu\u00e9s de Gaza."},"content":{"rendered":"<p dir=\"ltr\"><strong><em>Por Aaron Elberg desde Israel.-<\/em><\/strong> En alg\u00fan momento cesar\u00e1 el fuego. Quiz\u00e1s en un par de d\u00edas, quiz\u00e1s en un par de semanas, pero en alg\u00fan momento el tronar de los ca\u00f1ones y los misiles se apagar\u00e1. Hasta que ese momento llegue, se sumar\u00e1n a\u00fan varios muertos m\u00e1s por un lado, varias decenas de heridos por el otro, cada bando tratando de infligir m\u00e1s da\u00f1o al otro hasta el \u00faltimo momento, tratando de lograr \u00abla imagen de la victoria\u00bb.<\/p>\n<p dir=\"ltr\">Y cuando cese el fuego, las cosas lentamente volver\u00e1n a su aparente normalidad. Las aves de rapi\u00f1a y dem\u00e1s animales carro\u00f1eros buscaran otras regiones y otros conflictos para hurgar en la desgracia humana y sembrar odio y discordia. Los medios de des-informaci\u00f3n, cada cual seg\u00fan su sistema de intereses, se llevaran sus c\u00e1maras y sus filtros humanos, en ocasiones muy burdos y en otras muy sofisticados. Otro tanto har\u00e1n aquellos que contaminan las redes sociales y las listas de intercambio, sea advirtiendo el avance del fundamentalismo isl\u00e1mico, como si todo musulm\u00e1n fuera un soldado del Jihad, sea alertando ante una nueva conspiraci\u00f3n del sionismo, como si todo jud\u00edo o israel\u00ed fueran asesinos sedientos de sangre.<\/p>\n<p dir=\"ltr\">Y cuando cese el fuego,\u00a0 y las cosas vuelvan lentamente a su aparente normalidad, aun quedaran aqu\u00ed los familiares a llorar a sus muertos, muchos cientos por el lado palestino, varias decenas por el lado israel\u00ed, todos desconsolados por haber perdido a sus seres queridos en una guerra est\u00e9ril, in\u00fatil, que no lograra ni un \u00e1pice cambiar la situaci\u00f3n anterior.\u00a0 Y tambi\u00e9n \u00a0quedaran aqu\u00ed aquellos que han perdido sus bienes y sus casas, refugiados n\u00f3mades por primera o segunda o tercera vez.<\/p>\n<p dir=\"ltr\">Y cuando cese el fuego, las llagas abiertas del odio y el resentimiento quedaran m\u00e1s abiertas a\u00fan. Miles de ni\u00f1os palestinos sufriendo el horror de los bombardeos sin lugar seguro donde refugiarse, miles de ni\u00f1os israel\u00edes sufriendo el horror de los bombardeos que ni aun los refugios logran disipar. Ambos bandos, tan cercanos pero tan lejanos, alimentando futuras venganzas en las noches de horror.<\/p>\n<p dir=\"ltr\">Y cuando cese el fuego, quedaran aqu\u00ed los se\u00f1ores de la guerra de siempre. Cada cual justificar\u00e1 los sacrificios (ajenos) hechos en bienestar del propio pueblo, al tiempo que vuelvan a rellenar sus arcas con fondos leg\u00edtimos del propio pueblo, prepar\u00e1ndose para la pr\u00f3xima contienda en un par de a\u00f1os m\u00e1s. Y tambi\u00e9n quedaran aqu\u00ed las demandas por siempre postergadas por una sociedad m\u00e1s justa. Israel seguir\u00e1 volcando fortunas inimaginables en los asentamientos ilegales de los territorios ocupados y en su fortaleza militar, al tiempo que el capitalismo feroz de su sistema de poder destruye a las clases trabajadoras y trunca las posibilidades de desarrollo de los j\u00f3venes. Al mismo tiempo, Hamas volver\u00e1 a desarrollar su milicia ofensiva, dilapidando el apoyo recibido por los pa\u00edses \u00e1rabes y los impuestos de su empobrecido pueblo, en misiles en lugar de viviendas dignas, hospitales y escuelas, en t\u00faneles y bunkers subterr\u00e1neos en lugar de un sistema cloacal decente para la zona m\u00e1s densamente poblada del planeta. En este contexto es loable la postura de Mahmud Ab\u00e1s, Presidente de la Autoridad Palestina, quien de un modo constante y persistente clama por resistir a la ocupaci\u00f3n israel\u00ed de un modo expresamente no-violento. Ab\u00e1s ha declarado en m\u00faltiples ocasiones (y obrado acorde) que la resistencia armada solo ha causado al pueblo palestino m\u00e1s perjuicio y sufrimiento que beneficio, sirviendo como excusa israel\u00ed para perpetuar la ocupaci\u00f3n.<\/p>\n<p dir=\"ltr\">Y cuando cese el fuego, tambi\u00e9n se ir\u00e1n de aqu\u00ed los genuinos pedidos de bienestar y las peticiones de pacificaci\u00f3n. Y si bien las consecuencias inmediatas del conflicto perdurar\u00e1n por mucho tiempo en los afectados, estas ir\u00e1n desapareciendo del \u00e1rea de presencia de aquellos no afectados. As\u00ed, los pedidos se reorientar\u00e1n hacia los necesitados del momento, y es humanamente razonable que as\u00ed sea, porque \u00bfc\u00f3mo se puede lidiar con tanto sufrimiento al mismo tiempo?<\/p>\n<p dir=\"ltr\">Y entonces, \u00bfque hacemos? Seguimos alegre o tristemente nuestro camino hasta que volvamos a encontrarnos dentro de dos o tres a\u00f1os, exactamente en el mismo lugar? Esperar que aquellos que detentan el poder hagan algo por cambiar esta situaci\u00f3n es ingenuo, porque todo cambio es ajeno a sus intereses, sean de un bando o del otro. Es por eso que las declaraciones, las juntadas de firmas, las manifestaciones y todo tipo de actividades de repudio a la guerra tienen valor en cuanto afirmaci\u00f3n de una postura que no tolera la violencia, pero no servir\u00e1n para modificar la postura de los poderosos.<\/p>\n<p dir=\"ltr\">Y entonces, \u00bfque hacemos? No hay otro medio que este: despertar la fe en que la conversi\u00f3n de la vida invertida es posible.<\/p>\n<p dir=\"ltr\">Son tantos los pedidos, los clamores, los reclamos, los llamados que hacen los humanistas de todas las latitudes por la soluci\u00f3n de este conflicto que lo m\u00e1s coherente que se me ocurre es hacer un llamamiento a todo el pueblo humanista, a todos aquellos que tengan inter\u00e9s y gusto, a venir a esta tierra a la vez tan fascinante y tan terrible, que ha visto despertar en ella lo mejor del ser humano pero que tambi\u00e9n lo ha visto en algunos de sus peores momentos, a traer aqu\u00ed un renovado Mensaje de paz y humanismo. No en vano Silo mencion\u00f3 a Israel y Palestina, entre otros, como lugares de un especial inter\u00e9s.<\/p>\n<p dir=\"ltr\">Hace poco un amigo preguntaba: \u201c\u00bfser\u00e1 que los humanistas estamos demasiado adelantados al sacralizar la vida humana?\u201d si esto es as\u00ed, pues qu\u00e9 se manifieste en este lugar tan necesitado.<\/p>\n<p dir=\"ltr\">El cambio que anhelamos no suceder\u00e1 por s\u00ed mismo. En much\u00edsima gente, j\u00f3venes y adultos, se ve una gran desorientaci\u00f3n. El camino de la reconciliaci\u00f3n, en lugar del camino del resentimiento y la venganza, no est\u00e1 claro. Hacen falta guias que muestren el camino.\u00a0 \u00a1Seamos esos gu\u00edas!.<\/p>\n<p>&nbsp;<\/p>\n<p dir=\"ltr\"><em>Aaron (Alejandro) Elberg vive en Israel y es\u00a0 activista por la paz y la no violencia.<br \/>\n<\/em><\/p>\n","protected":false},"excerpt":{"rendered":"<p>Por Aaron Elberg desde Israel.- En alg\u00fan momento cesar\u00e1 el fuego. Quiz\u00e1s en un par de d\u00edas, quiz\u00e1s en un par de semanas, pero en alg\u00fan momento el tronar de los ca\u00f1ones y los misiles se apagar\u00e1. Hasta que ese&hellip;<\/p>\n","protected":false},"author":94,"featured_media":122472,"comment_status":"closed","ping_status":"open","sticky":false,"template":"","format":"standard","meta":{"footnotes":""},"categories":[76,79,1240,71,1242,161,1243],"tags":[11615,546,1495,7337,18684],"class_list":["post-122170","post","type-post","status-publish","format-standard","has-post-thumbnail","hentry","category-relaciones-exteriores","category-derechos-humanos","category-humanismo-espiritualidad","category-medio-oriente-es","category-noviolencia-tema","category-opiniones","category-paz-desarme","tag-conflicto-israeli-palestino","tag-el-mensaje-de-silo","tag-gaza-es","tag-humanismo-universalista","tag-paz-y-noviolencia"],"yoast_head":"<!-- This site is optimized with the Yoast SEO plugin v27.1.1 - https:\/\/yoast.com\/product\/yoast-seo-wordpress\/ -->\n<title>Al pueblo humanista: Palestina e Israel, el d\u00eda despu\u00e9s de Gaza.<\/title>\n<meta name=\"description\" content=\"Por Aaron Elberg desde Israel.- En alg\u00fan momento cesar\u00e1 el fuego. Quiz\u00e1s en un par de d\u00edas, quiz\u00e1s en un par de semanas, pero en alg\u00fan momento el tronar\" \/>\n<meta name=\"robots\" content=\"index, follow, max-snippet:-1, max-image-preview:large, max-video-preview:-1\" \/>\n<link rel=\"canonical\" href=\"https:\/\/www.pressenza.com\/es\/2014\/07\/al-pueblo-humanista-palestina-e-israel-el-dia-despues-de-gaza\/\" \/>\n<meta property=\"og:locale\" content=\"es_ES\" \/>\n<meta property=\"og:type\" content=\"article\" \/>\n<meta property=\"og:title\" content=\"Al pueblo humanista: Palestina e Israel, el d\u00eda despu\u00e9s de Gaza.\" \/>\n<meta property=\"og:description\" content=\"Por Aaron Elberg desde Israel.- En alg\u00fan momento cesar\u00e1 el fuego. Quiz\u00e1s en un par de d\u00edas, quiz\u00e1s en un par de semanas, pero en alg\u00fan momento el tronar\" \/>\n<meta property=\"og:url\" content=\"https:\/\/www.pressenza.com\/es\/2014\/07\/al-pueblo-humanista-palestina-e-israel-el-dia-despues-de-gaza\/\" \/>\n<meta property=\"og:site_name\" content=\"Pressenza\" \/>\n<meta property=\"article:publisher\" content=\"https:\/\/www.facebook.com\/PressenzaItalia\" \/>\n<meta property=\"article:author\" content=\"https:\/\/www.facebook.com\/pressenza\" \/>\n<meta property=\"article:published_time\" content=\"2014-07-27T14:14:38+00:00\" \/>\n<meta property=\"article:modified_time\" content=\"2015-07-21T21:05:46+00:00\" \/>\n<meta property=\"og:image\" content=\"https:\/\/www.pressenza.com\/wp-content\/uploads\/2014\/07\/Paz-Peace.jpg\" \/>\n\t<meta property=\"og:image:width\" content=\"240\" \/>\n\t<meta property=\"og:image:height\" content=\"161\" \/>\n\t<meta property=\"og:image:type\" content=\"image\/jpeg\" \/>\n<meta name=\"author\" content=\"Redacci\u00f3n Madrid\" \/>\n<meta name=\"twitter:card\" content=\"summary_large_image\" \/>\n<meta name=\"twitter:creator\" content=\"@pressenza\" \/>\n<meta name=\"twitter:site\" content=\"@PressenzaIPA\" \/>\n<meta name=\"twitter:label1\" content=\"Escrito por\" \/>\n\t<meta name=\"twitter:data1\" content=\"Redacci\u00f3n Madrid\" \/>\n\t<meta name=\"twitter:label2\" content=\"Tiempo de lectura\" \/>\n\t<meta name=\"twitter:data2\" content=\"5 minutos\" \/>\n<script type=\"application\/ld+json\" class=\"yoast-schema-graph\">{\"@context\":\"https:\/\/schema.org\",\"@graph\":[{\"@type\":\"Article\",\"@id\":\"https:\/\/www.pressenza.com\/es\/2014\/07\/al-pueblo-humanista-palestina-e-israel-el-dia-despues-de-gaza\/#article\",\"isPartOf\":{\"@id\":\"https:\/\/www.pressenza.com\/es\/2014\/07\/al-pueblo-humanista-palestina-e-israel-el-dia-despues-de-gaza\/\"},\"author\":{\"name\":\"Redacci\u00f3n Madrid\",\"@id\":\"https:\/\/www.pressenza.com\/es\/#\/schema\/person\/828fc40eeca2ad7be3630e5a46adba94\"},\"headline\":\"Al pueblo humanista: Palestina e Israel, el d\u00eda despu\u00e9s de Gaza.\",\"datePublished\":\"2014-07-27T14:14:38+00:00\",\"dateModified\":\"2015-07-21T21:05:46+00:00\",\"mainEntityOfPage\":{\"@id\":\"https:\/\/www.pressenza.com\/es\/2014\/07\/al-pueblo-humanista-palestina-e-israel-el-dia-despues-de-gaza\/\"},\"wordCount\":1062,\"publisher\":{\"@id\":\"https:\/\/www.pressenza.com\/es\/#organization\"},\"image\":{\"@id\":\"https:\/\/www.pressenza.com\/es\/2014\/07\/al-pueblo-humanista-palestina-e-israel-el-dia-despues-de-gaza\/#primaryimage\"},\"thumbnailUrl\":\"https:\/\/www.pressenza.com\/wp-content\/uploads\/2014\/07\/Paz-Peace.jpg\",\"keywords\":[\"Conflicto Israeli-Palestino\",\"El Mensaje de Silo\",\"Gaza\",\"Humanismo Universalista\",\"Paz y Noviolencia\"],\"articleSection\":[\"Asuntos internacionales\",\"Derechos Humanos\",\"Humanismo y Espiritualidad\",\"Medio Oriente\",\"Noviolencia\",\"Opiniones\",\"Paz y Desarme\"],\"inLanguage\":\"es\"},{\"@type\":\"WebPage\",\"@id\":\"https:\/\/www.pressenza.com\/es\/2014\/07\/al-pueblo-humanista-palestina-e-israel-el-dia-despues-de-gaza\/\",\"url\":\"https:\/\/www.pressenza.com\/es\/2014\/07\/al-pueblo-humanista-palestina-e-israel-el-dia-despues-de-gaza\/\",\"name\":\"Al pueblo humanista: Palestina e Israel, el d\u00eda despu\u00e9s de Gaza.\",\"isPartOf\":{\"@id\":\"https:\/\/www.pressenza.com\/es\/#website\"},\"primaryImageOfPage\":{\"@id\":\"https:\/\/www.pressenza.com\/es\/2014\/07\/al-pueblo-humanista-palestina-e-israel-el-dia-despues-de-gaza\/#primaryimage\"},\"image\":{\"@id\":\"https:\/\/www.pressenza.com\/es\/2014\/07\/al-pueblo-humanista-palestina-e-israel-el-dia-despues-de-gaza\/#primaryimage\"},\"thumbnailUrl\":\"https:\/\/www.pressenza.com\/wp-content\/uploads\/2014\/07\/Paz-Peace.jpg\",\"datePublished\":\"2014-07-27T14:14:38+00:00\",\"dateModified\":\"2015-07-21T21:05:46+00:00\",\"description\":\"Por Aaron Elberg desde Israel.- En alg\u00fan momento cesar\u00e1 el fuego. Quiz\u00e1s en un par de d\u00edas, quiz\u00e1s en un par de semanas, pero en alg\u00fan momento el tronar\",\"breadcrumb\":{\"@id\":\"https:\/\/www.pressenza.com\/es\/2014\/07\/al-pueblo-humanista-palestina-e-israel-el-dia-despues-de-gaza\/#breadcrumb\"},\"inLanguage\":\"es\",\"potentialAction\":[{\"@type\":\"ReadAction\",\"target\":[\"https:\/\/www.pressenza.com\/es\/2014\/07\/al-pueblo-humanista-palestina-e-israel-el-dia-despues-de-gaza\/\"]}]},{\"@type\":\"ImageObject\",\"inLanguage\":\"es\",\"@id\":\"https:\/\/www.pressenza.com\/es\/2014\/07\/al-pueblo-humanista-palestina-e-israel-el-dia-despues-de-gaza\/#primaryimage\",\"url\":\"https:\/\/www.pressenza.com\/wp-content\/uploads\/2014\/07\/Paz-Peace.jpg\",\"contentUrl\":\"https:\/\/www.pressenza.com\/wp-content\/uploads\/2014\/07\/Paz-Peace.jpg\",\"width\":240,\"height\":161},{\"@type\":\"BreadcrumbList\",\"@id\":\"https:\/\/www.pressenza.com\/es\/2014\/07\/al-pueblo-humanista-palestina-e-israel-el-dia-despues-de-gaza\/#breadcrumb\",\"itemListElement\":[{\"@type\":\"ListItem\",\"position\":1,\"name\":\"Accueil\",\"item\":\"https:\/\/www.pressenza.com\/es\/\"},{\"@type\":\"ListItem\",\"position\":2,\"name\":\"Al pueblo humanista: Palestina e Israel, el d\u00eda despu\u00e9s de Gaza.\"}]},{\"@type\":\"WebSite\",\"@id\":\"https:\/\/www.pressenza.com\/es\/#website\",\"url\":\"https:\/\/www.pressenza.com\/es\/\",\"name\":\"Pressenza\",\"description\":\"International Press Agency\",\"publisher\":{\"@id\":\"https:\/\/www.pressenza.com\/es\/#organization\"},\"potentialAction\":[{\"@type\":\"SearchAction\",\"target\":{\"@type\":\"EntryPoint\",\"urlTemplate\":\"https:\/\/www.pressenza.com\/es\/?s={search_term_string}\"},\"query-input\":{\"@type\":\"PropertyValueSpecification\",\"valueRequired\":true,\"valueName\":\"search_term_string\"}}],\"inLanguage\":\"es\"},{\"@type\":\"Organization\",\"@id\":\"https:\/\/www.pressenza.com\/es\/#organization\",\"name\":\"Pressenza\",\"url\":\"https:\/\/www.pressenza.com\/es\/\",\"logo\":{\"@type\":\"ImageObject\",\"inLanguage\":\"es\",\"@id\":\"https:\/\/www.pressenza.com\/es\/#\/schema\/logo\/image\/\",\"url\":\"https:\/\/www.pressenza.com\/wp-content\/uploads\/2022\/10\/pressenza_logo_200x200.jpg\",\"contentUrl\":\"https:\/\/www.pressenza.com\/wp-content\/uploads\/2022\/10\/pressenza_logo_200x200.jpg\",\"width\":200,\"height\":200,\"caption\":\"Pressenza\"},\"image\":{\"@id\":\"https:\/\/www.pressenza.com\/es\/#\/schema\/logo\/image\/\"},\"sameAs\":[\"https:\/\/www.facebook.com\/PressenzaItalia\",\"https:\/\/x.com\/PressenzaIPA\"]},{\"@type\":\"Person\",\"@id\":\"https:\/\/www.pressenza.com\/es\/#\/schema\/person\/828fc40eeca2ad7be3630e5a46adba94\",\"name\":\"Redacci\u00f3n Madrid\",\"description\":\"News from the Pressenza Bureau in Madrid, Spain\",\"sameAs\":[\"https:\/\/www.facebook.com\/pressenza\",\"https:\/\/x.com\/pressenza\"],\"url\":\"https:\/\/www.pressenza.com\/es\/author\/redaccion-madrid\/\"}]}<\/script>\n<!-- \/ Yoast SEO plugin. -->","yoast_head_json":{"title":"Al pueblo humanista: Palestina e Israel, el d\u00eda despu\u00e9s de Gaza.","description":"Por Aaron Elberg desde Israel.- En alg\u00fan momento cesar\u00e1 el fuego. Quiz\u00e1s en un par de d\u00edas, quiz\u00e1s en un par de semanas, pero en alg\u00fan momento el tronar","robots":{"index":"index","follow":"follow","max-snippet":"max-snippet:-1","max-image-preview":"max-image-preview:large","max-video-preview":"max-video-preview:-1"},"canonical":"https:\/\/www.pressenza.com\/es\/2014\/07\/al-pueblo-humanista-palestina-e-israel-el-dia-despues-de-gaza\/","og_locale":"es_ES","og_type":"article","og_title":"Al pueblo humanista: Palestina e Israel, el d\u00eda despu\u00e9s de Gaza.","og_description":"Por Aaron Elberg desde Israel.- En alg\u00fan momento cesar\u00e1 el fuego. Quiz\u00e1s en un par de d\u00edas, quiz\u00e1s en un par de semanas, pero en alg\u00fan momento el tronar","og_url":"https:\/\/www.pressenza.com\/es\/2014\/07\/al-pueblo-humanista-palestina-e-israel-el-dia-despues-de-gaza\/","og_site_name":"Pressenza","article_publisher":"https:\/\/www.facebook.com\/PressenzaItalia","article_author":"https:\/\/www.facebook.com\/pressenza","article_published_time":"2014-07-27T14:14:38+00:00","article_modified_time":"2015-07-21T21:05:46+00:00","og_image":[{"width":240,"height":161,"url":"https:\/\/www.pressenza.com\/wp-content\/uploads\/2014\/07\/Paz-Peace.jpg","type":"image\/jpeg"}],"author":"Redacci\u00f3n Madrid","twitter_card":"summary_large_image","twitter_creator":"@pressenza","twitter_site":"@PressenzaIPA","twitter_misc":{"Escrito por":"Redacci\u00f3n Madrid","Tiempo de lectura":"5 minutos"},"schema":{"@context":"https:\/\/schema.org","@graph":[{"@type":"Article","@id":"https:\/\/www.pressenza.com\/es\/2014\/07\/al-pueblo-humanista-palestina-e-israel-el-dia-despues-de-gaza\/#article","isPartOf":{"@id":"https:\/\/www.pressenza.com\/es\/2014\/07\/al-pueblo-humanista-palestina-e-israel-el-dia-despues-de-gaza\/"},"author":{"name":"Redacci\u00f3n Madrid","@id":"https:\/\/www.pressenza.com\/es\/#\/schema\/person\/828fc40eeca2ad7be3630e5a46adba94"},"headline":"Al pueblo humanista: Palestina e Israel, el d\u00eda despu\u00e9s de Gaza.","datePublished":"2014-07-27T14:14:38+00:00","dateModified":"2015-07-21T21:05:46+00:00","mainEntityOfPage":{"@id":"https:\/\/www.pressenza.com\/es\/2014\/07\/al-pueblo-humanista-palestina-e-israel-el-dia-despues-de-gaza\/"},"wordCount":1062,"publisher":{"@id":"https:\/\/www.pressenza.com\/es\/#organization"},"image":{"@id":"https:\/\/www.pressenza.com\/es\/2014\/07\/al-pueblo-humanista-palestina-e-israel-el-dia-despues-de-gaza\/#primaryimage"},"thumbnailUrl":"https:\/\/www.pressenza.com\/wp-content\/uploads\/2014\/07\/Paz-Peace.jpg","keywords":["Conflicto Israeli-Palestino","El Mensaje de Silo","Gaza","Humanismo Universalista","Paz y Noviolencia"],"articleSection":["Asuntos internacionales","Derechos Humanos","Humanismo y Espiritualidad","Medio Oriente","Noviolencia","Opiniones","Paz y Desarme"],"inLanguage":"es"},{"@type":"WebPage","@id":"https:\/\/www.pressenza.com\/es\/2014\/07\/al-pueblo-humanista-palestina-e-israel-el-dia-despues-de-gaza\/","url":"https:\/\/www.pressenza.com\/es\/2014\/07\/al-pueblo-humanista-palestina-e-israel-el-dia-despues-de-gaza\/","name":"Al pueblo humanista: Palestina e Israel, el d\u00eda despu\u00e9s de Gaza.","isPartOf":{"@id":"https:\/\/www.pressenza.com\/es\/#website"},"primaryImageOfPage":{"@id":"https:\/\/www.pressenza.com\/es\/2014\/07\/al-pueblo-humanista-palestina-e-israel-el-dia-despues-de-gaza\/#primaryimage"},"image":{"@id":"https:\/\/www.pressenza.com\/es\/2014\/07\/al-pueblo-humanista-palestina-e-israel-el-dia-despues-de-gaza\/#primaryimage"},"thumbnailUrl":"https:\/\/www.pressenza.com\/wp-content\/uploads\/2014\/07\/Paz-Peace.jpg","datePublished":"2014-07-27T14:14:38+00:00","dateModified":"2015-07-21T21:05:46+00:00","description":"Por Aaron Elberg desde Israel.- En alg\u00fan momento cesar\u00e1 el fuego. Quiz\u00e1s en un par de d\u00edas, quiz\u00e1s en un par de semanas, pero en alg\u00fan momento el tronar","breadcrumb":{"@id":"https:\/\/www.pressenza.com\/es\/2014\/07\/al-pueblo-humanista-palestina-e-israel-el-dia-despues-de-gaza\/#breadcrumb"},"inLanguage":"es","potentialAction":[{"@type":"ReadAction","target":["https:\/\/www.pressenza.com\/es\/2014\/07\/al-pueblo-humanista-palestina-e-israel-el-dia-despues-de-gaza\/"]}]},{"@type":"ImageObject","inLanguage":"es","@id":"https:\/\/www.pressenza.com\/es\/2014\/07\/al-pueblo-humanista-palestina-e-israel-el-dia-despues-de-gaza\/#primaryimage","url":"https:\/\/www.pressenza.com\/wp-content\/uploads\/2014\/07\/Paz-Peace.jpg","contentUrl":"https:\/\/www.pressenza.com\/wp-content\/uploads\/2014\/07\/Paz-Peace.jpg","width":240,"height":161},{"@type":"BreadcrumbList","@id":"https:\/\/www.pressenza.com\/es\/2014\/07\/al-pueblo-humanista-palestina-e-israel-el-dia-despues-de-gaza\/#breadcrumb","itemListElement":[{"@type":"ListItem","position":1,"name":"Accueil","item":"https:\/\/www.pressenza.com\/es\/"},{"@type":"ListItem","position":2,"name":"Al pueblo humanista: Palestina e Israel, el d\u00eda despu\u00e9s de Gaza."}]},{"@type":"WebSite","@id":"https:\/\/www.pressenza.com\/es\/#website","url":"https:\/\/www.pressenza.com\/es\/","name":"Pressenza","description":"International Press Agency","publisher":{"@id":"https:\/\/www.pressenza.com\/es\/#organization"},"potentialAction":[{"@type":"SearchAction","target":{"@type":"EntryPoint","urlTemplate":"https:\/\/www.pressenza.com\/es\/?s={search_term_string}"},"query-input":{"@type":"PropertyValueSpecification","valueRequired":true,"valueName":"search_term_string"}}],"inLanguage":"es"},{"@type":"Organization","@id":"https:\/\/www.pressenza.com\/es\/#organization","name":"Pressenza","url":"https:\/\/www.pressenza.com\/es\/","logo":{"@type":"ImageObject","inLanguage":"es","@id":"https:\/\/www.pressenza.com\/es\/#\/schema\/logo\/image\/","url":"https:\/\/www.pressenza.com\/wp-content\/uploads\/2022\/10\/pressenza_logo_200x200.jpg","contentUrl":"https:\/\/www.pressenza.com\/wp-content\/uploads\/2022\/10\/pressenza_logo_200x200.jpg","width":200,"height":200,"caption":"Pressenza"},"image":{"@id":"https:\/\/www.pressenza.com\/es\/#\/schema\/logo\/image\/"},"sameAs":["https:\/\/www.facebook.com\/PressenzaItalia","https:\/\/x.com\/PressenzaIPA"]},{"@type":"Person","@id":"https:\/\/www.pressenza.com\/es\/#\/schema\/person\/828fc40eeca2ad7be3630e5a46adba94","name":"Redacci\u00f3n Madrid","description":"News from the Pressenza Bureau in Madrid, Spain","sameAs":["https:\/\/www.facebook.com\/pressenza","https:\/\/x.com\/pressenza"],"url":"https:\/\/www.pressenza.com\/es\/author\/redaccion-madrid\/"}]}},"place":"","original_article_url":"","_links":{"self":[{"href":"https:\/\/www.pressenza.com\/es\/wp-json\/wp\/v2\/posts\/122170","targetHints":{"allow":["GET"]}}],"collection":[{"href":"https:\/\/www.pressenza.com\/es\/wp-json\/wp\/v2\/posts"}],"about":[{"href":"https:\/\/www.pressenza.com\/es\/wp-json\/wp\/v2\/types\/post"}],"author":[{"embeddable":true,"href":"https:\/\/www.pressenza.com\/es\/wp-json\/wp\/v2\/users\/94"}],"replies":[{"embeddable":true,"href":"https:\/\/www.pressenza.com\/es\/wp-json\/wp\/v2\/comments?post=122170"}],"version-history":[{"count":0,"href":"https:\/\/www.pressenza.com\/es\/wp-json\/wp\/v2\/posts\/122170\/revisions"}],"wp:featuredmedia":[{"embeddable":true,"href":"https:\/\/www.pressenza.com\/es\/wp-json\/wp\/v2\/media\/122472"}],"wp:attachment":[{"href":"https:\/\/www.pressenza.com\/es\/wp-json\/wp\/v2\/media?parent=122170"}],"wp:term":[{"taxonomy":"category","embeddable":true,"href":"https:\/\/www.pressenza.com\/es\/wp-json\/wp\/v2\/categories?post=122170"},{"taxonomy":"post_tag","embeddable":true,"href":"https:\/\/www.pressenza.com\/es\/wp-json\/wp\/v2\/tags?post=122170"}],"curies":[{"name":"wp","href":"https:\/\/api.w.org\/{rel}","templated":true}]}}