{"id":121928,"date":"2014-07-25T22:10:11","date_gmt":"2014-07-25T21:10:11","guid":{"rendered":"http:\/\/www.pressenza.com\/?p=121928"},"modified":"2014-07-26T04:31:02","modified_gmt":"2014-07-26T03:31:02","slug":"una-ceremonia-de-bienestar-por-la-paz","status":"publish","type":"post","link":"https:\/\/www.pressenza.com\/es\/2014\/07\/una-ceremonia-de-bienestar-por-la-paz\/","title":{"rendered":"Una Ceremonia de Bienestar por la paz"},"content":{"rendered":"<p>Distintas Comunidades de El Mensaje de Silo realizamos, ayer a las 17, una ceremonia para pedir paz y bienestar para los pueblos palestino e israel\u00ed,  frente al Obelisco de la ciudad de Buenos Aires.<\/p>\n<p>[media-credit name=\u00bbFoto: Paula Aiello\u00bb align=\u00bbaligncenter\u00bb width=\u00bb600&#8243;]<a href=\"http:\/\/www.pressenza.com\/wp-content\/uploads\/2014\/07\/20140724-0670.jpg\"><img loading=\"lazy\" decoding=\"async\" src=\"http:\/\/www.pressenza.com\/wp-content\/uploads\/2014\/07\/20140724-0670-600x299.jpg\" alt=\"20140724-0670\" width=\"600\" height=\"299\" class=\"size-large wp-image-121936\" srcset=\"https:\/\/www.pressenza.com\/wp-content\/uploads\/2014\/07\/20140724-0670-600x299.jpg 600w, https:\/\/www.pressenza.com\/wp-content\/uploads\/2014\/07\/20140724-0670-300x149.jpg 300w\" sizes=\"auto, (max-width: 600px) 100vw, 600px\" \/><\/a>[\/media-credit] <\/p>\n<p>Estando en el trabajo,  Nati me cont\u00f3 que so\u00f1\u00f3 que era palestina. En el sue\u00f1o estaba con sus hijos buscando refugio para soportar el pr\u00f3ximo bombardeo. El conflicto entr\u00f3 en el sue\u00f1o latiendo con un coraz\u00f3n palestino. Tal vez, la no violencia tambi\u00e9n est\u00e9 entrando en el sue\u00f1o.<br \/>\nM\u00e1s tarde, distintas comunidades del Mensaje de Silo nos concentramos en el obelisco con la intenci\u00f3n de pedir por el bienestar de los que sufren.<br \/>\nPrevio a la ceremonia, se form\u00f3 un circulo y se coment\u00f3: \u201cCon esta ceremonia de bienestar, en estos momentos, nos estamos encontrando mentalmente y de coraz\u00f3n, con miles y millones de personas que en distintas partes del mundo, tambi\u00e9n est\u00e1n pidiendo y exigiendo que se d\u00e9 punto final, a esta monstruosidad de los ataques y las matanzas indiscriminadas que est\u00e1 padeciendo la poblaci\u00f3n de Palestina. Pero queremos recordar tambi\u00e9n, que nuestra mirada y nuestros pedidos, van siempre m\u00e1s all\u00e1 del ilusorio l\u00edmite de los bandos, los pa\u00edses y las fronteras, porque vamos en la b\u00fasqueda de un camino de profunda y verdadera reconciliaci\u00f3n de todos los seres humanos\u201d.<br \/>\nLuego la ceremonia:<br \/>\n\u201cAuxiliar: Aqu\u00ed estamos reunidos, para hacer un fuerte y profundo pedido de Bienestar, por el pueblo Palestino y por todos aquellos que en Medio Oriente y en otras partes del mundo, est\u00e1n padeciendo la injusticia y las atrocidades de la guerra y de la violencia.<br \/>\nHacia todos ellos, dirigimos nuestros pensamientos y nuestros mejores deseos.<\/p>\n<p>[media-credit id=20 align=\u00bbaligncenter\u00bb width=\u00bb600&#8243;]<a href=\"http:\/\/www.pressenza.com\/wp-content\/uploads\/2014\/07\/20140724-0675.jpg\"><img loading=\"lazy\" decoding=\"async\" src=\"http:\/\/www.pressenza.com\/wp-content\/uploads\/2014\/07\/20140724-0675-600x400.jpg\" alt=\"20140724-0675\" width=\"600\" height=\"400\" class=\"size-large wp-image-121953\" srcset=\"https:\/\/www.pressenza.com\/wp-content\/uploads\/2014\/07\/20140724-0675-600x400.jpg 600w, https:\/\/www.pressenza.com\/wp-content\/uploads\/2014\/07\/20140724-0675-300x200.jpg 300w\" sizes=\"auto, (max-width: 600px) 100vw, 600px\" \/><\/a>[\/media-credit]<\/p>\n<p>Oficiante: Serenamente, confiamos en que llegue hasta ellos, este pedido de bienestar. Pensamos ahora en todas estas personas\u2026 sentimos su cercan\u00eda y su presencia, y experimentamos el contacto con ellos.<\/p>\n<p>Auxiliar: Tomaremos unos segundos, para meditar en las dificultades que padecen estas personas\u2026<\/p>\n<p>Oficiante: Quisi\u00e9ramos ahora hacer sentir a aquellas personas, nuestros mejores deseos. Que en este momento, una oleada de alivio y de bienestar llegue hasta ellas\u2026<\/p>\n<p>Auxiliar: Tomaremos un corto tiempo, para ubicar mentalmente, esa situaci\u00f3n de bienestar que deseamos a todas estas personas.<br \/>\nOficiante: Concluiremos esta ceremonia, dando la oportunidad, a quienes as\u00ed lo deseen, de sentir la presencia de aquellos seres, que recordamos con mucho afecto, y aunque no est\u00e9n aqu\u00ed, en nuestro tiempo y en nuestro espacio, se relacionan o se han relacionado con nosotros, en la experiencia del amor, la paz y la c\u00e1lida alegr\u00eda\u2026<\/p>\n<p>Auxiliar: Esto ha sido bueno para otros, reconfortante para nosotros, e inspirador para nuestras vidas.<br \/>\nOficiante: Saludamos a todos, agradecidos por esta c\u00e1lida correntada de bienestar, impulsada por nuestras profundas b\u00fasquedas y nuestros mejores sentimientos.<br \/>\nPara nosotros, y para todos los pueblos del mundo: \u00a1Paz, Fuerza y Alegr\u00eda!\u201d<br \/>\nLuego, entre abrazos comenzamos a dispersarnos, confiando en que nuestros pedidos de bienestar ser\u00e1n sentidos por los corazones palestinos.<br \/>\nAyer, comunidades del Mensaje de Silo realizaron actos y pedidos por la paz en las siguientes ciudades: Necochea, Rosario, Paran\u00e1, Mar del Plata, Santa Rosa, C\u00f3rdoba, Puerto Madryn, Chubut, Mendoza de Argentina. Cochabamba, La Paz, Santa Cruz, Beni en Bolivia. Santiago, Concepci\u00f3n y San Antonio en Chile. Montevideo en Uruguay. Huancayo, Lima, Arequipa y Trujillo en Per\u00fa. Asunci\u00f3n en Paraguay. M\u00e9xico DF. A Coru\u00f1a y Murcia de Espa\u00f1a. Bogot\u00e1 de Colombia. Kilkenny  de  Irlanda. California y Washington de Estados Unidos. Par\u00eds de Francia. Budapest de Hungr\u00eda. Milano de Italia.<\/p>\n","protected":false},"excerpt":{"rendered":"<p>Distintas Comunidades de El Mensaje de Silo realizamos, ayer a las 17, una ceremonia para pedir paz y bienestar para los pueblos palestino e israel\u00ed, frente al Obelisco de la ciudad de Buenos Aires. [media-credit name=\u00bbFoto: Paula Aiello\u00bb align=\u00bbaligncenter\u00bb width=\u00bb600&#8243;][\/media-credit]&hellip;<\/p>\n","protected":false},"author":31,"featured_media":0,"comment_status":"closed","ping_status":"open","sticky":false,"template":"","format":"standard","meta":{"footnotes":""},"categories":[1240,1243,67],"tags":[],"class_list":["post-121928","post","type-post","status-publish","format-standard","hentry","category-humanismo-espiritualidad","category-paz-desarme","category-sudamerica"],"yoast_head":"<!-- This site is optimized with the Yoast SEO plugin v27.1.1 - https:\/\/yoast.com\/product\/yoast-seo-wordpress\/ -->\n<title>Una Ceremonia de Bienestar por la paz<\/title>\n<meta name=\"description\" content=\"Distintas Comunidades de El Mensaje de Silo realizamos, ayer a las 17, una ceremonia para pedir paz y bienestar para los pueblos palestino e israel\u00ed,\" \/>\n<meta name=\"robots\" content=\"index, follow, max-snippet:-1, max-image-preview:large, max-video-preview:-1\" \/>\n<link rel=\"canonical\" href=\"https:\/\/www.pressenza.com\/es\/2014\/07\/una-ceremonia-de-bienestar-por-la-paz\/\" \/>\n<meta property=\"og:locale\" content=\"es_ES\" \/>\n<meta property=\"og:type\" content=\"article\" \/>\n<meta property=\"og:title\" content=\"Una Ceremonia de Bienestar por la paz\" \/>\n<meta property=\"og:description\" content=\"Distintas Comunidades de El Mensaje de Silo realizamos, ayer a las 17, una ceremonia para pedir paz y bienestar para los pueblos palestino e israel\u00ed,\" \/>\n<meta property=\"og:url\" content=\"https:\/\/www.pressenza.com\/es\/2014\/07\/una-ceremonia-de-bienestar-por-la-paz\/\" \/>\n<meta property=\"og:site_name\" content=\"Pressenza\" \/>\n<meta property=\"article:publisher\" content=\"https:\/\/www.facebook.com\/PressenzaItalia\" \/>\n<meta property=\"article:published_time\" content=\"2014-07-25T21:10:11+00:00\" \/>\n<meta property=\"article:modified_time\" content=\"2014-07-26T03:31:02+00:00\" \/>\n<meta property=\"og:image\" content=\"https:\/\/www.pressenza.com\/wp-content\/uploads\/2014\/07\/20140724-0670.jpg\" \/>\n\t<meta property=\"og:image:width\" content=\"2449\" \/>\n\t<meta property=\"og:image:height\" content=\"1224\" \/>\n\t<meta property=\"og:image:type\" content=\"image\/jpeg\" \/>\n<meta name=\"author\" content=\"Nicol\u00e1s Blanco\" \/>\n<meta name=\"twitter:card\" content=\"summary_large_image\" \/>\n<meta name=\"twitter:creator\" content=\"@PressenzaIPA\" \/>\n<meta name=\"twitter:site\" content=\"@PressenzaIPA\" \/>\n<meta name=\"twitter:label1\" content=\"Escrito por\" \/>\n\t<meta name=\"twitter:data1\" content=\"Nicol\u00e1s Blanco\" \/>\n\t<meta name=\"twitter:label2\" content=\"Tiempo de lectura\" \/>\n\t<meta name=\"twitter:data2\" content=\"3 minutos\" \/>\n<script type=\"application\/ld+json\" class=\"yoast-schema-graph\">{\"@context\":\"https:\/\/schema.org\",\"@graph\":[{\"@type\":\"Article\",\"@id\":\"https:\/\/www.pressenza.com\/es\/2014\/07\/una-ceremonia-de-bienestar-por-la-paz\/#article\",\"isPartOf\":{\"@id\":\"https:\/\/www.pressenza.com\/es\/2014\/07\/una-ceremonia-de-bienestar-por-la-paz\/\"},\"author\":{\"name\":\"Nicol\u00e1s Blanco\",\"@id\":\"https:\/\/www.pressenza.com\/es\/#\/schema\/person\/a7ff29e0ef884d46fe40a820a243895c\"},\"headline\":\"Una Ceremonia de Bienestar por la paz\",\"datePublished\":\"2014-07-25T21:10:11+00:00\",\"dateModified\":\"2014-07-26T03:31:02+00:00\",\"mainEntityOfPage\":{\"@id\":\"https:\/\/www.pressenza.com\/es\/2014\/07\/una-ceremonia-de-bienestar-por-la-paz\/\"},\"wordCount\":628,\"publisher\":{\"@id\":\"https:\/\/www.pressenza.com\/es\/#organization\"},\"image\":{\"@id\":\"https:\/\/www.pressenza.com\/es\/2014\/07\/una-ceremonia-de-bienestar-por-la-paz\/#primaryimage\"},\"thumbnailUrl\":\"http:\/\/www.pressenza.com\/wp-content\/uploads\/2014\/07\/20140724-0670-600x299.jpg\",\"articleSection\":[\"Humanismo y Espiritualidad\",\"Paz y Desarme\",\"Sudam\u00e9rica\"],\"inLanguage\":\"es\"},{\"@type\":\"WebPage\",\"@id\":\"https:\/\/www.pressenza.com\/es\/2014\/07\/una-ceremonia-de-bienestar-por-la-paz\/\",\"url\":\"https:\/\/www.pressenza.com\/es\/2014\/07\/una-ceremonia-de-bienestar-por-la-paz\/\",\"name\":\"Una Ceremonia de Bienestar por la paz\",\"isPartOf\":{\"@id\":\"https:\/\/www.pressenza.com\/es\/#website\"},\"primaryImageOfPage\":{\"@id\":\"https:\/\/www.pressenza.com\/es\/2014\/07\/una-ceremonia-de-bienestar-por-la-paz\/#primaryimage\"},\"image\":{\"@id\":\"https:\/\/www.pressenza.com\/es\/2014\/07\/una-ceremonia-de-bienestar-por-la-paz\/#primaryimage\"},\"thumbnailUrl\":\"http:\/\/www.pressenza.com\/wp-content\/uploads\/2014\/07\/20140724-0670-600x299.jpg\",\"datePublished\":\"2014-07-25T21:10:11+00:00\",\"dateModified\":\"2014-07-26T03:31:02+00:00\",\"description\":\"Distintas Comunidades de El Mensaje de Silo realizamos, ayer a las 17, una ceremonia para pedir paz y bienestar para los pueblos palestino e israel\u00ed,\",\"breadcrumb\":{\"@id\":\"https:\/\/www.pressenza.com\/es\/2014\/07\/una-ceremonia-de-bienestar-por-la-paz\/#breadcrumb\"},\"inLanguage\":\"es\",\"potentialAction\":[{\"@type\":\"ReadAction\",\"target\":[\"https:\/\/www.pressenza.com\/es\/2014\/07\/una-ceremonia-de-bienestar-por-la-paz\/\"]}]},{\"@type\":\"ImageObject\",\"inLanguage\":\"es\",\"@id\":\"https:\/\/www.pressenza.com\/es\/2014\/07\/una-ceremonia-de-bienestar-por-la-paz\/#primaryimage\",\"url\":\"http:\/\/www.pressenza.com\/wp-content\/uploads\/2014\/07\/20140724-0670-600x299.jpg\",\"contentUrl\":\"http:\/\/www.pressenza.com\/wp-content\/uploads\/2014\/07\/20140724-0670-600x299.jpg\"},{\"@type\":\"BreadcrumbList\",\"@id\":\"https:\/\/www.pressenza.com\/es\/2014\/07\/una-ceremonia-de-bienestar-por-la-paz\/#breadcrumb\",\"itemListElement\":[{\"@type\":\"ListItem\",\"position\":1,\"name\":\"Accueil\",\"item\":\"https:\/\/www.pressenza.com\/es\/\"},{\"@type\":\"ListItem\",\"position\":2,\"name\":\"Una Ceremonia de Bienestar por la paz\"}]},{\"@type\":\"WebSite\",\"@id\":\"https:\/\/www.pressenza.com\/es\/#website\",\"url\":\"https:\/\/www.pressenza.com\/es\/\",\"name\":\"Pressenza\",\"description\":\"International Press Agency\",\"publisher\":{\"@id\":\"https:\/\/www.pressenza.com\/es\/#organization\"},\"potentialAction\":[{\"@type\":\"SearchAction\",\"target\":{\"@type\":\"EntryPoint\",\"urlTemplate\":\"https:\/\/www.pressenza.com\/es\/?s={search_term_string}\"},\"query-input\":{\"@type\":\"PropertyValueSpecification\",\"valueRequired\":true,\"valueName\":\"search_term_string\"}}],\"inLanguage\":\"es\"},{\"@type\":\"Organization\",\"@id\":\"https:\/\/www.pressenza.com\/es\/#organization\",\"name\":\"Pressenza\",\"url\":\"https:\/\/www.pressenza.com\/es\/\",\"logo\":{\"@type\":\"ImageObject\",\"inLanguage\":\"es\",\"@id\":\"https:\/\/www.pressenza.com\/es\/#\/schema\/logo\/image\/\",\"url\":\"https:\/\/www.pressenza.com\/wp-content\/uploads\/2022\/10\/pressenza_logo_200x200.jpg\",\"contentUrl\":\"https:\/\/www.pressenza.com\/wp-content\/uploads\/2022\/10\/pressenza_logo_200x200.jpg\",\"width\":200,\"height\":200,\"caption\":\"Pressenza\"},\"image\":{\"@id\":\"https:\/\/www.pressenza.com\/es\/#\/schema\/logo\/image\/\"},\"sameAs\":[\"https:\/\/www.facebook.com\/PressenzaItalia\",\"https:\/\/x.com\/PressenzaIPA\"]},{\"@type\":\"Person\",\"@id\":\"https:\/\/www.pressenza.com\/es\/#\/schema\/person\/a7ff29e0ef884d46fe40a820a243895c\",\"name\":\"Nicol\u00e1s Blanco\",\"url\":\"https:\/\/www.pressenza.com\/es\/author\/nicolas-blanco\/\"}]}<\/script>\n<!-- \/ Yoast SEO plugin. -->","yoast_head_json":{"title":"Una Ceremonia de Bienestar por la paz","description":"Distintas Comunidades de El Mensaje de Silo realizamos, ayer a las 17, una ceremonia para pedir paz y bienestar para los pueblos palestino e israel\u00ed,","robots":{"index":"index","follow":"follow","max-snippet":"max-snippet:-1","max-image-preview":"max-image-preview:large","max-video-preview":"max-video-preview:-1"},"canonical":"https:\/\/www.pressenza.com\/es\/2014\/07\/una-ceremonia-de-bienestar-por-la-paz\/","og_locale":"es_ES","og_type":"article","og_title":"Una Ceremonia de Bienestar por la paz","og_description":"Distintas Comunidades de El Mensaje de Silo realizamos, ayer a las 17, una ceremonia para pedir paz y bienestar para los pueblos palestino e israel\u00ed,","og_url":"https:\/\/www.pressenza.com\/es\/2014\/07\/una-ceremonia-de-bienestar-por-la-paz\/","og_site_name":"Pressenza","article_publisher":"https:\/\/www.facebook.com\/PressenzaItalia","article_published_time":"2014-07-25T21:10:11+00:00","article_modified_time":"2014-07-26T03:31:02+00:00","og_image":[{"width":2449,"height":1224,"url":"https:\/\/www.pressenza.com\/wp-content\/uploads\/2014\/07\/20140724-0670.jpg","type":"image\/jpeg"}],"author":"Nicol\u00e1s Blanco","twitter_card":"summary_large_image","twitter_creator":"@PressenzaIPA","twitter_site":"@PressenzaIPA","twitter_misc":{"Escrito por":"Nicol\u00e1s Blanco","Tiempo de lectura":"3 minutos"},"schema":{"@context":"https:\/\/schema.org","@graph":[{"@type":"Article","@id":"https:\/\/www.pressenza.com\/es\/2014\/07\/una-ceremonia-de-bienestar-por-la-paz\/#article","isPartOf":{"@id":"https:\/\/www.pressenza.com\/es\/2014\/07\/una-ceremonia-de-bienestar-por-la-paz\/"},"author":{"name":"Nicol\u00e1s Blanco","@id":"https:\/\/www.pressenza.com\/es\/#\/schema\/person\/a7ff29e0ef884d46fe40a820a243895c"},"headline":"Una Ceremonia de Bienestar por la paz","datePublished":"2014-07-25T21:10:11+00:00","dateModified":"2014-07-26T03:31:02+00:00","mainEntityOfPage":{"@id":"https:\/\/www.pressenza.com\/es\/2014\/07\/una-ceremonia-de-bienestar-por-la-paz\/"},"wordCount":628,"publisher":{"@id":"https:\/\/www.pressenza.com\/es\/#organization"},"image":{"@id":"https:\/\/www.pressenza.com\/es\/2014\/07\/una-ceremonia-de-bienestar-por-la-paz\/#primaryimage"},"thumbnailUrl":"http:\/\/www.pressenza.com\/wp-content\/uploads\/2014\/07\/20140724-0670-600x299.jpg","articleSection":["Humanismo y Espiritualidad","Paz y Desarme","Sudam\u00e9rica"],"inLanguage":"es"},{"@type":"WebPage","@id":"https:\/\/www.pressenza.com\/es\/2014\/07\/una-ceremonia-de-bienestar-por-la-paz\/","url":"https:\/\/www.pressenza.com\/es\/2014\/07\/una-ceremonia-de-bienestar-por-la-paz\/","name":"Una Ceremonia de Bienestar por la paz","isPartOf":{"@id":"https:\/\/www.pressenza.com\/es\/#website"},"primaryImageOfPage":{"@id":"https:\/\/www.pressenza.com\/es\/2014\/07\/una-ceremonia-de-bienestar-por-la-paz\/#primaryimage"},"image":{"@id":"https:\/\/www.pressenza.com\/es\/2014\/07\/una-ceremonia-de-bienestar-por-la-paz\/#primaryimage"},"thumbnailUrl":"http:\/\/www.pressenza.com\/wp-content\/uploads\/2014\/07\/20140724-0670-600x299.jpg","datePublished":"2014-07-25T21:10:11+00:00","dateModified":"2014-07-26T03:31:02+00:00","description":"Distintas Comunidades de El Mensaje de Silo realizamos, ayer a las 17, una ceremonia para pedir paz y bienestar para los pueblos palestino e israel\u00ed,","breadcrumb":{"@id":"https:\/\/www.pressenza.com\/es\/2014\/07\/una-ceremonia-de-bienestar-por-la-paz\/#breadcrumb"},"inLanguage":"es","potentialAction":[{"@type":"ReadAction","target":["https:\/\/www.pressenza.com\/es\/2014\/07\/una-ceremonia-de-bienestar-por-la-paz\/"]}]},{"@type":"ImageObject","inLanguage":"es","@id":"https:\/\/www.pressenza.com\/es\/2014\/07\/una-ceremonia-de-bienestar-por-la-paz\/#primaryimage","url":"http:\/\/www.pressenza.com\/wp-content\/uploads\/2014\/07\/20140724-0670-600x299.jpg","contentUrl":"http:\/\/www.pressenza.com\/wp-content\/uploads\/2014\/07\/20140724-0670-600x299.jpg"},{"@type":"BreadcrumbList","@id":"https:\/\/www.pressenza.com\/es\/2014\/07\/una-ceremonia-de-bienestar-por-la-paz\/#breadcrumb","itemListElement":[{"@type":"ListItem","position":1,"name":"Accueil","item":"https:\/\/www.pressenza.com\/es\/"},{"@type":"ListItem","position":2,"name":"Una Ceremonia de Bienestar por la paz"}]},{"@type":"WebSite","@id":"https:\/\/www.pressenza.com\/es\/#website","url":"https:\/\/www.pressenza.com\/es\/","name":"Pressenza","description":"International Press Agency","publisher":{"@id":"https:\/\/www.pressenza.com\/es\/#organization"},"potentialAction":[{"@type":"SearchAction","target":{"@type":"EntryPoint","urlTemplate":"https:\/\/www.pressenza.com\/es\/?s={search_term_string}"},"query-input":{"@type":"PropertyValueSpecification","valueRequired":true,"valueName":"search_term_string"}}],"inLanguage":"es"},{"@type":"Organization","@id":"https:\/\/www.pressenza.com\/es\/#organization","name":"Pressenza","url":"https:\/\/www.pressenza.com\/es\/","logo":{"@type":"ImageObject","inLanguage":"es","@id":"https:\/\/www.pressenza.com\/es\/#\/schema\/logo\/image\/","url":"https:\/\/www.pressenza.com\/wp-content\/uploads\/2022\/10\/pressenza_logo_200x200.jpg","contentUrl":"https:\/\/www.pressenza.com\/wp-content\/uploads\/2022\/10\/pressenza_logo_200x200.jpg","width":200,"height":200,"caption":"Pressenza"},"image":{"@id":"https:\/\/www.pressenza.com\/es\/#\/schema\/logo\/image\/"},"sameAs":["https:\/\/www.facebook.com\/PressenzaItalia","https:\/\/x.com\/PressenzaIPA"]},{"@type":"Person","@id":"https:\/\/www.pressenza.com\/es\/#\/schema\/person\/a7ff29e0ef884d46fe40a820a243895c","name":"Nicol\u00e1s Blanco","url":"https:\/\/www.pressenza.com\/es\/author\/nicolas-blanco\/"}]}},"place":"","original_article_url":"","_links":{"self":[{"href":"https:\/\/www.pressenza.com\/es\/wp-json\/wp\/v2\/posts\/121928","targetHints":{"allow":["GET"]}}],"collection":[{"href":"https:\/\/www.pressenza.com\/es\/wp-json\/wp\/v2\/posts"}],"about":[{"href":"https:\/\/www.pressenza.com\/es\/wp-json\/wp\/v2\/types\/post"}],"author":[{"embeddable":true,"href":"https:\/\/www.pressenza.com\/es\/wp-json\/wp\/v2\/users\/31"}],"replies":[{"embeddable":true,"href":"https:\/\/www.pressenza.com\/es\/wp-json\/wp\/v2\/comments?post=121928"}],"version-history":[{"count":0,"href":"https:\/\/www.pressenza.com\/es\/wp-json\/wp\/v2\/posts\/121928\/revisions"}],"wp:attachment":[{"href":"https:\/\/www.pressenza.com\/es\/wp-json\/wp\/v2\/media?parent=121928"}],"wp:term":[{"taxonomy":"category","embeddable":true,"href":"https:\/\/www.pressenza.com\/es\/wp-json\/wp\/v2\/categories?post=121928"},{"taxonomy":"post_tag","embeddable":true,"href":"https:\/\/www.pressenza.com\/es\/wp-json\/wp\/v2\/tags?post=121928"}],"curies":[{"name":"wp","href":"https:\/\/api.w.org\/{rel}","templated":true}]}}