{"id":1218484,"date":"2020-10-16T16:24:00","date_gmt":"2020-10-16T15:24:00","guid":{"rendered":"https:\/\/www.pressenza.com\/?p=1218484"},"modified":"2020-10-16T19:30:21","modified_gmt":"2020-10-16T18:30:21","slug":"elecciones-bolivia-canela-crespo-queremos-volver-si-pero-queremos-volver-mejores","status":"publish","type":"post","link":"https:\/\/www.pressenza.com\/es\/2020\/10\/elecciones-bolivia-canela-crespo-queremos-volver-si-pero-queremos-volver-mejores\/","title":{"rendered":"Elecciones Bolivia | Canela Crespo: \u201cQueremos volver, s\u00ed, pero queremos volver mejores\u201d"},"content":{"rendered":"<p><em><strong>Bolivia votar\u00e1 este 18 de octubre para recuperar su democracia. En esta entrevista, la joven candidata a diputada por el MAS, Canela Crespo, denuncia que este domingo \u201cel riesgo de que haya fraude est\u00e1 latente\u201d, y elogia la experiencia y val\u00eda del binomio Arce-Choquehuanca para sacar al pa\u00eds del \u201cproceso de multi-crisis\u201d en el que cay\u00f3 tras el golpe de estado de noviembre de 2019.<\/strong><\/em><\/p>\n<p><em>Entrevista exclusiva realizada el mi\u00e9rcoles 14\/10 por Mariano V\u00e1zquez<\/em><\/p>\n<p>Con apenas 27 a\u00f1os, Canela Crespo es una de las candidatas m\u00e1s j\u00f3venes y de alto perfil en el proceso electoral boliviano. Candidata a diputada plurinominal por La Paz por el Movimiento al Socialismo-Instrumento Pol\u00edtico por la Soberan\u00eda de los Pueblos (MAS-IPSP) representa la renovaci\u00f3n de cuadros con una mirada feminista, despatriarcalizadora y descolonizadora. Tambi\u00e9n es una de las referentes de la organizaci\u00f3n juvenil Columna Sur. Esperanzada de la victoria en primera vuelta, que auguran la mayor\u00eda de las encuestas, expresa la preocupaci\u00f3n de que \u201cel desgobierno\u201d de facto de Jeanine A\u00f1ez desconozca la voluntad popular.\u00a0\u00a0\u00a0\u00a0\u00a0\u00a0\u00a0 \u00a0\u00a0\u00a0<strong>\u00a0<\/strong><\/p>\n<p><strong>-\u00bfConsideras que el proyecto de restauraci\u00f3n conservadora ungido tras el quiebre institucional y derrocamiento de Evo Morales aceptar\u00e1 un triunfo del MAS en primera vuelta?<\/strong><\/p>\n<p>La restauraci\u00f3n conservadora en Bolivia que ha propiciado el golpe de estado se ha consolidado en discursos de fundamentalismo religioso, de odio, racistas, mis\u00f3ginos, machistas, y tambi\u00e9n en una rearticulaci\u00f3n en calle de grupos paramilitares, de grupos de choque armados. Por eso, el voto de este domingo corre mucho riesgo. La democracia est\u00e1 asediada. El hecho de que el desgobierno de A\u00f1ez controle el Tribunal Supremo Electoral (TES) y el \u00d3rgano Judicial significa un riesgo para la democracia y para nuestro voto. Estamos organizados para la defensa de nuestro voto pero el contexto de amedrentamiento, de persecuci\u00f3n es muy complicado y nos tiene que mantener vigilantes y alertas. <strong>E<\/strong>l riesgo de que haya fraude est\u00e1 latente. Interpelamos a organizaciones internacionales, a compa\u00f1eras y compa\u00f1eros de medios alternativos de comunicaci\u00f3n para que est\u00e9n vigilantes. Necesitamos todos los ojos encima en nuestro proceso electoral y estar alertas para posibles denuncias internacionales.<\/p>\n<p><strong>-A pesar del contexto represivo, el MAS ha demostrado ser el \u00fanico partido de alcance nacional y hoy muestra una renovaci\u00f3n en sus filas con candidaturas de j\u00f3venes y mujeres. <\/strong><\/p>\n<p>-Hay un proceso de renovaci\u00f3n dentro de la estructura del MAS-IPSP. Se da en la base y en las candidaturas (como la m\u00eda). Pero creo que hay un tema m\u00e1s profundo, de fondo, que es que hemos tenido la oportunidad durante el gobierno del MAS de organizarnos desde el ser j\u00f3venes, desde el ser mujer, esto no suced\u00eda antes. Hemos llegado al proceso de cambio con organizaciones obreras, ind\u00edgena-originario-campesinas y organizaciones urbano-populares, pero en los \u00faltimos a\u00f1os hemos entendido que parte del sujeto hist\u00f3rico revolucionario somos justamente los j\u00f3venes y las mujeres. Lo mejor que tenemos para ofrecer desde esta ala de renovaci\u00f3n es un sentido cr\u00edtico y autocr\u00edtico. Miramos para atr\u00e1s con respeto sabiendo que hay mucho para defender del gobierno del MAS y de nuestro proceso de cambio, pero tambi\u00e9n miramos hacia adelante sabiendo que hay discusiones pendientes, que ha habido discusiones insuficientes. Queremos volver, s\u00ed, pero queremos volver mejores.<\/p>\n<p><strong>-\u00bfCu\u00e1les son las primeras medidas que deber\u00e1 tomar el MAS tras un a\u00f1o de gobierno de facto?<\/strong><\/p>\n<p>Estamos trabajando duro para volver mejores. El discurso fascista de la restauraci\u00f3n conservadora ha cuestionado las bases fundamentales del Estado Plurinacional. Primero tenemos que reconducirlo con procesos serios de despatriarcalizaci\u00f3n y desconolonizaci\u00f3n de la mano de la movilizaci\u00f3n permanente. En los \u00faltimos 10 meses, a pesar de un contexto de violencia, de crisis, de amedrentamiento, de persecuci\u00f3n pol\u00edtica, el MAS ha logrado rearticulaci\u00f3n y reorganizaci\u00f3n social desde los espacios m\u00e1s democr\u00e1ticos, desde las asambleas sindicales, desde las asambleas ind\u00edgena-originario-campesinas, desde los espacios urbano-populares, pero la tarea hacia adelante es que esa movilizaci\u00f3n, no se transforme solamente en gesti\u00f3n y administraci\u00f3n de estado, sino que se mantenga y dispute poder popular desde las calles.<\/p>\n<p><strong>-\u00bfC\u00f3mo definir\u00edas a la f\u00f3rmula del MAS y cu\u00e1les son las cualidades del binomio?<\/strong><\/p>\n<p>El MAS-IPSP es una estructura desde la que se disputa poder formal, por eso vamos a elecciones, pero tambi\u00e9n, y sobre todo, tenemos una agenda popular de largo plazo. Nuestro proceso de transformaci\u00f3n es, como lo llamamos, un proceso de cambio, de largo plazo, que significa luchas y reivindicaciones de d\u00e9cadas. El MAS aglutina a los sectores populares. Por eso incorporamos dos candidaturas sumamente simb\u00f3licas: Luis Arce, el compa\u00f1ero candidato presidente, que ha sido Ministro de Econom\u00eda durante casi 13 a\u00f1os, y ha garantizado la redignificaci\u00f3n de millones de bolivianos, implement\u00f3 un proyecto econ\u00f3mico que no solo ha luchado contra la pobreza, sino tambi\u00e9n contra la desigualdad y que ha logrado grandes avances para toda la ciudadan\u00eda. Como candidato a vicepresidente est\u00e1 el compa\u00f1ero David Choquehuanca, otro de los s\u00edmbolos del proceso de cambio, que asume en su cuerpo y en su vida una base fundamental del Estado Plurinacional que es el proceso de descolonizaci\u00f3n. En los \u00faltimos meses me ha tocado hacer campa\u00f1a cerca de \u00e9l y he aprendido que la descolonizaci\u00f3n parte del cuerpo mismo y \u00e9l lo practica en su vida. Tenemos un binomio de lujo que est\u00e1 acompa\u00f1ado y fortalecido desde la organizaci\u00f3n social y desde la articulaci\u00f3n de las bases.<\/p>\n<p><strong>-Si no se producen irregularidades el pr\u00f3ximo gobierno y la pr\u00f3xima Asamblea Legislativa Plurinacional jugar\u00e1n un rol vital en la restauraci\u00f3n democr\u00e1tica, econ\u00f3mica y sanitaria en el pa\u00eds y tambi\u00e9n en la reparaci\u00f3n por los cr\u00edmenes de lesa humanidad cometidos por el gobierno de facto.<\/strong><\/p>\n<p>Estamos asumiendo una carrera electoral en un contexto de mucha crisis. La crisis social y pol\u00edtica se ha profundizado desde el golpe de estado con casos de violencia, amedrentamiento, persecuci\u00f3n pol\u00edtica, judicial, policial y paramilitar. Tambi\u00e9n estamos en un contexto de crisis sanitaria que se da a nivel mundial, pero que en el caso de Bolivia se acent\u00faa por el muy mal manejo de la pandemia. Adem\u00e1s hay una crisis econ\u00f3mica generalizada que nos ha pegado muy fuerte. En los \u00faltimos diez meses cuatro de diez bolivianos han sido despedidos de sus fuentes laborales. Las elecciones son entonces un pacto social para salir de esta multi-crisis. Los retos del gobierno que asume, pero tambi\u00e9n de la Asamblea Legislativa, van a ser sumamente profundos y complicados. Primero, hay que cerrar heridas, sanar democr\u00e1ticamente y consolidar un proceso de democracia comunitaria y poder popular que vaya m\u00e1s all\u00e1 de la democracia representativa. Segundo, se debe consolidar un proceso de desarrollo del buen vivir en armon\u00eda con la naturaleza. Tercero, hemos sufrida mucha violencia, dos masacres reconocidas por la CIDH (Comisi\u00f3n Interamericana de Derechos Humanos), las de Sacaba y Senkata. Eso no puede quedar en la impunidad y la Asamblea Legislativa debe fiscalizar para que se haga justicia por cada uno de esos hermanos asesinados.<\/p>\n","protected":false},"excerpt":{"rendered":"<p>Bolivia votar\u00e1 este 18 de octubre para recuperar su democracia. En esta entrevista, la joven candidata a diputada por el MAS, Canela Crespo, denuncia que este domingo \u201cel riesgo de que haya fraude est\u00e1 latente\u201d, y elogia la experiencia y&hellip;<\/p>\n","protected":false},"author":970,"featured_media":1218486,"comment_status":"closed","ping_status":"closed","sticky":false,"template":"","format":"standard","meta":{"footnotes":""},"categories":[11389,155,74,67],"tags":[82805,82223,82710],"class_list":["post-1218484","post","type-post","status-publish","format-standard","has-post-thumbnail","hentry","category-contenido-original","category-entrevistas","category-politica-es","category-sudamerica","tag-canela-crespo","tag-elecciones-bolivia","tag-mas-ipsp"],"yoast_head":"<!-- This site is optimized with the Yoast SEO plugin v27.1.1 - https:\/\/yoast.com\/product\/yoast-seo-wordpress\/ -->\n<title>Elecciones Bolivia | Canela Crespo: \u201cQueremos volver, s\u00ed, pero queremos volver mejores\u201d<\/title>\n<meta name=\"description\" content=\"Bolivia votar\u00e1 este 18 de octubre para recuperar su democracia. En esta entrevista, la joven candidata a diputada por el MAS, Canela Crespo, denuncia que\" \/>\n<meta name=\"robots\" content=\"index, follow, max-snippet:-1, max-image-preview:large, max-video-preview:-1\" \/>\n<link rel=\"canonical\" href=\"https:\/\/www.pressenza.com\/es\/2020\/10\/elecciones-bolivia-canela-crespo-queremos-volver-si-pero-queremos-volver-mejores\/\" \/>\n<meta property=\"og:locale\" content=\"es_ES\" \/>\n<meta property=\"og:type\" content=\"article\" \/>\n<meta property=\"og:title\" content=\"Elecciones Bolivia | Canela Crespo: \u201cQueremos volver, s\u00ed, pero queremos volver mejores\u201d\" \/>\n<meta property=\"og:description\" content=\"Bolivia votar\u00e1 este 18 de octubre para recuperar su democracia. En esta entrevista, la joven candidata a diputada por el MAS, Canela Crespo, denuncia que\" \/>\n<meta property=\"og:url\" content=\"https:\/\/www.pressenza.com\/es\/2020\/10\/elecciones-bolivia-canela-crespo-queremos-volver-si-pero-queremos-volver-mejores\/\" \/>\n<meta property=\"og:site_name\" content=\"Pressenza\" \/>\n<meta property=\"article:publisher\" content=\"https:\/\/www.facebook.com\/PressenzaItalia\" \/>\n<meta property=\"article:author\" content=\"https:\/\/www.facebook.com\/javier.tolcachier?fref=ts\" \/>\n<meta property=\"article:published_time\" content=\"2020-10-16T15:24:00+00:00\" \/>\n<meta property=\"article:modified_time\" content=\"2020-10-16T18:30:21+00:00\" \/>\n<meta property=\"og:image\" content=\"https:\/\/www.pressenza.com\/wp-content\/uploads\/2020\/10\/CanelaCrespo.jpg\" \/>\n\t<meta property=\"og:image:width\" content=\"1280\" \/>\n\t<meta property=\"og:image:height\" content=\"905\" \/>\n\t<meta property=\"og:image:type\" content=\"image\/jpeg\" \/>\n<meta name=\"author\" content=\"Javier Tolcachier\" \/>\n<meta name=\"twitter:card\" content=\"summary_large_image\" \/>\n<meta name=\"twitter:creator\" content=\"@jtolcachier\" \/>\n<meta name=\"twitter:site\" content=\"@PressenzaIPA\" \/>\n<meta name=\"twitter:label1\" content=\"Escrito por\" \/>\n\t<meta name=\"twitter:data1\" content=\"Javier Tolcachier\" \/>\n\t<meta name=\"twitter:label2\" content=\"Tiempo de lectura\" \/>\n\t<meta name=\"twitter:data2\" content=\"6 minutos\" \/>\n<script type=\"application\/ld+json\" class=\"yoast-schema-graph\">{\"@context\":\"https:\/\/schema.org\",\"@graph\":[{\"@type\":\"Article\",\"@id\":\"https:\/\/www.pressenza.com\/es\/2020\/10\/elecciones-bolivia-canela-crespo-queremos-volver-si-pero-queremos-volver-mejores\/#article\",\"isPartOf\":{\"@id\":\"https:\/\/www.pressenza.com\/es\/2020\/10\/elecciones-bolivia-canela-crespo-queremos-volver-si-pero-queremos-volver-mejores\/\"},\"author\":{\"name\":\"Javier Tolcachier\",\"@id\":\"https:\/\/www.pressenza.com\/es\/#\/schema\/person\/f353f6d4eed144101dedba60e6227564\"},\"headline\":\"Elecciones Bolivia | Canela Crespo: \u201cQueremos volver, s\u00ed, pero queremos volver mejores\u201d\",\"datePublished\":\"2020-10-16T15:24:00+00:00\",\"dateModified\":\"2020-10-16T18:30:21+00:00\",\"mainEntityOfPage\":{\"@id\":\"https:\/\/www.pressenza.com\/es\/2020\/10\/elecciones-bolivia-canela-crespo-queremos-volver-si-pero-queremos-volver-mejores\/\"},\"wordCount\":1243,\"publisher\":{\"@id\":\"https:\/\/www.pressenza.com\/es\/#organization\"},\"image\":{\"@id\":\"https:\/\/www.pressenza.com\/es\/2020\/10\/elecciones-bolivia-canela-crespo-queremos-volver-si-pero-queremos-volver-mejores\/#primaryimage\"},\"thumbnailUrl\":\"https:\/\/www.pressenza.com\/wp-content\/uploads\/2020\/10\/CanelaCrespo.jpg\",\"keywords\":[\"Canela Crespo\",\"Elecciones Bolivia\",\"MAS-IPSP\"],\"articleSection\":[\"Contenido Original\",\"Entrevistas\",\"Pol\u00edtica\",\"Sudam\u00e9rica\"],\"inLanguage\":\"es\"},{\"@type\":\"WebPage\",\"@id\":\"https:\/\/www.pressenza.com\/es\/2020\/10\/elecciones-bolivia-canela-crespo-queremos-volver-si-pero-queremos-volver-mejores\/\",\"url\":\"https:\/\/www.pressenza.com\/es\/2020\/10\/elecciones-bolivia-canela-crespo-queremos-volver-si-pero-queremos-volver-mejores\/\",\"name\":\"Elecciones Bolivia | Canela Crespo: \u201cQueremos volver, s\u00ed, pero queremos volver mejores\u201d\",\"isPartOf\":{\"@id\":\"https:\/\/www.pressenza.com\/es\/#website\"},\"primaryImageOfPage\":{\"@id\":\"https:\/\/www.pressenza.com\/es\/2020\/10\/elecciones-bolivia-canela-crespo-queremos-volver-si-pero-queremos-volver-mejores\/#primaryimage\"},\"image\":{\"@id\":\"https:\/\/www.pressenza.com\/es\/2020\/10\/elecciones-bolivia-canela-crespo-queremos-volver-si-pero-queremos-volver-mejores\/#primaryimage\"},\"thumbnailUrl\":\"https:\/\/www.pressenza.com\/wp-content\/uploads\/2020\/10\/CanelaCrespo.jpg\",\"datePublished\":\"2020-10-16T15:24:00+00:00\",\"dateModified\":\"2020-10-16T18:30:21+00:00\",\"description\":\"Bolivia votar\u00e1 este 18 de octubre para recuperar su democracia. En esta entrevista, la joven candidata a diputada por el MAS, Canela Crespo, denuncia que\",\"breadcrumb\":{\"@id\":\"https:\/\/www.pressenza.com\/es\/2020\/10\/elecciones-bolivia-canela-crespo-queremos-volver-si-pero-queremos-volver-mejores\/#breadcrumb\"},\"inLanguage\":\"es\",\"potentialAction\":[{\"@type\":\"ReadAction\",\"target\":[\"https:\/\/www.pressenza.com\/es\/2020\/10\/elecciones-bolivia-canela-crespo-queremos-volver-si-pero-queremos-volver-mejores\/\"]}]},{\"@type\":\"ImageObject\",\"inLanguage\":\"es\",\"@id\":\"https:\/\/www.pressenza.com\/es\/2020\/10\/elecciones-bolivia-canela-crespo-queremos-volver-si-pero-queremos-volver-mejores\/#primaryimage\",\"url\":\"https:\/\/www.pressenza.com\/wp-content\/uploads\/2020\/10\/CanelaCrespo.jpg\",\"contentUrl\":\"https:\/\/www.pressenza.com\/wp-content\/uploads\/2020\/10\/CanelaCrespo.jpg\",\"width\":1280,\"height\":905},{\"@type\":\"BreadcrumbList\",\"@id\":\"https:\/\/www.pressenza.com\/es\/2020\/10\/elecciones-bolivia-canela-crespo-queremos-volver-si-pero-queremos-volver-mejores\/#breadcrumb\",\"itemListElement\":[{\"@type\":\"ListItem\",\"position\":1,\"name\":\"Accueil\",\"item\":\"https:\/\/www.pressenza.com\/es\/\"},{\"@type\":\"ListItem\",\"position\":2,\"name\":\"Elecciones Bolivia | Canela Crespo: \u201cQueremos volver, s\u00ed, pero queremos volver mejores\u201d\"}]},{\"@type\":\"WebSite\",\"@id\":\"https:\/\/www.pressenza.com\/es\/#website\",\"url\":\"https:\/\/www.pressenza.com\/es\/\",\"name\":\"Pressenza\",\"description\":\"International Press Agency\",\"publisher\":{\"@id\":\"https:\/\/www.pressenza.com\/es\/#organization\"},\"potentialAction\":[{\"@type\":\"SearchAction\",\"target\":{\"@type\":\"EntryPoint\",\"urlTemplate\":\"https:\/\/www.pressenza.com\/es\/?s={search_term_string}\"},\"query-input\":{\"@type\":\"PropertyValueSpecification\",\"valueRequired\":true,\"valueName\":\"search_term_string\"}}],\"inLanguage\":\"es\"},{\"@type\":\"Organization\",\"@id\":\"https:\/\/www.pressenza.com\/es\/#organization\",\"name\":\"Pressenza\",\"url\":\"https:\/\/www.pressenza.com\/es\/\",\"logo\":{\"@type\":\"ImageObject\",\"inLanguage\":\"es\",\"@id\":\"https:\/\/www.pressenza.com\/es\/#\/schema\/logo\/image\/\",\"url\":\"https:\/\/www.pressenza.com\/wp-content\/uploads\/2022\/10\/pressenza_logo_200x200.jpg\",\"contentUrl\":\"https:\/\/www.pressenza.com\/wp-content\/uploads\/2022\/10\/pressenza_logo_200x200.jpg\",\"width\":200,\"height\":200,\"caption\":\"Pressenza\"},\"image\":{\"@id\":\"https:\/\/www.pressenza.com\/es\/#\/schema\/logo\/image\/\"},\"sameAs\":[\"https:\/\/www.facebook.com\/PressenzaItalia\",\"https:\/\/x.com\/PressenzaIPA\"]},{\"@type\":\"Person\",\"@id\":\"https:\/\/www.pressenza.com\/es\/#\/schema\/person\/f353f6d4eed144101dedba60e6227564\",\"name\":\"Javier Tolcachier\",\"description\":\"Javier Tolcachier is a researcher from the World Centre of Humanist Studies, an organism of the Humanist Movement. Mail: javiertolcachier@disroot.org Twitter: @jtolcachier\",\"sameAs\":[\"https:\/\/www.facebook.com\/javier.tolcachier?fref=ts\",\"https:\/\/x.com\/jtolcachier\"],\"url\":\"https:\/\/www.pressenza.com\/es\/author\/javier-tolcachier\/\"}]}<\/script>\n<!-- \/ Yoast SEO plugin. -->","yoast_head_json":{"title":"Elecciones Bolivia | Canela Crespo: \u201cQueremos volver, s\u00ed, pero queremos volver mejores\u201d","description":"Bolivia votar\u00e1 este 18 de octubre para recuperar su democracia. En esta entrevista, la joven candidata a diputada por el MAS, Canela Crespo, denuncia que","robots":{"index":"index","follow":"follow","max-snippet":"max-snippet:-1","max-image-preview":"max-image-preview:large","max-video-preview":"max-video-preview:-1"},"canonical":"https:\/\/www.pressenza.com\/es\/2020\/10\/elecciones-bolivia-canela-crespo-queremos-volver-si-pero-queremos-volver-mejores\/","og_locale":"es_ES","og_type":"article","og_title":"Elecciones Bolivia | Canela Crespo: \u201cQueremos volver, s\u00ed, pero queremos volver mejores\u201d","og_description":"Bolivia votar\u00e1 este 18 de octubre para recuperar su democracia. En esta entrevista, la joven candidata a diputada por el MAS, Canela Crespo, denuncia que","og_url":"https:\/\/www.pressenza.com\/es\/2020\/10\/elecciones-bolivia-canela-crespo-queremos-volver-si-pero-queremos-volver-mejores\/","og_site_name":"Pressenza","article_publisher":"https:\/\/www.facebook.com\/PressenzaItalia","article_author":"https:\/\/www.facebook.com\/javier.tolcachier?fref=ts","article_published_time":"2020-10-16T15:24:00+00:00","article_modified_time":"2020-10-16T18:30:21+00:00","og_image":[{"width":1280,"height":905,"url":"https:\/\/www.pressenza.com\/wp-content\/uploads\/2020\/10\/CanelaCrespo.jpg","type":"image\/jpeg"}],"author":"Javier Tolcachier","twitter_card":"summary_large_image","twitter_creator":"@jtolcachier","twitter_site":"@PressenzaIPA","twitter_misc":{"Escrito por":"Javier Tolcachier","Tiempo de lectura":"6 minutos"},"schema":{"@context":"https:\/\/schema.org","@graph":[{"@type":"Article","@id":"https:\/\/www.pressenza.com\/es\/2020\/10\/elecciones-bolivia-canela-crespo-queremos-volver-si-pero-queremos-volver-mejores\/#article","isPartOf":{"@id":"https:\/\/www.pressenza.com\/es\/2020\/10\/elecciones-bolivia-canela-crespo-queremos-volver-si-pero-queremos-volver-mejores\/"},"author":{"name":"Javier Tolcachier","@id":"https:\/\/www.pressenza.com\/es\/#\/schema\/person\/f353f6d4eed144101dedba60e6227564"},"headline":"Elecciones Bolivia | Canela Crespo: \u201cQueremos volver, s\u00ed, pero queremos volver mejores\u201d","datePublished":"2020-10-16T15:24:00+00:00","dateModified":"2020-10-16T18:30:21+00:00","mainEntityOfPage":{"@id":"https:\/\/www.pressenza.com\/es\/2020\/10\/elecciones-bolivia-canela-crespo-queremos-volver-si-pero-queremos-volver-mejores\/"},"wordCount":1243,"publisher":{"@id":"https:\/\/www.pressenza.com\/es\/#organization"},"image":{"@id":"https:\/\/www.pressenza.com\/es\/2020\/10\/elecciones-bolivia-canela-crespo-queremos-volver-si-pero-queremos-volver-mejores\/#primaryimage"},"thumbnailUrl":"https:\/\/www.pressenza.com\/wp-content\/uploads\/2020\/10\/CanelaCrespo.jpg","keywords":["Canela Crespo","Elecciones Bolivia","MAS-IPSP"],"articleSection":["Contenido Original","Entrevistas","Pol\u00edtica","Sudam\u00e9rica"],"inLanguage":"es"},{"@type":"WebPage","@id":"https:\/\/www.pressenza.com\/es\/2020\/10\/elecciones-bolivia-canela-crespo-queremos-volver-si-pero-queremos-volver-mejores\/","url":"https:\/\/www.pressenza.com\/es\/2020\/10\/elecciones-bolivia-canela-crespo-queremos-volver-si-pero-queremos-volver-mejores\/","name":"Elecciones Bolivia | Canela Crespo: \u201cQueremos volver, s\u00ed, pero queremos volver mejores\u201d","isPartOf":{"@id":"https:\/\/www.pressenza.com\/es\/#website"},"primaryImageOfPage":{"@id":"https:\/\/www.pressenza.com\/es\/2020\/10\/elecciones-bolivia-canela-crespo-queremos-volver-si-pero-queremos-volver-mejores\/#primaryimage"},"image":{"@id":"https:\/\/www.pressenza.com\/es\/2020\/10\/elecciones-bolivia-canela-crespo-queremos-volver-si-pero-queremos-volver-mejores\/#primaryimage"},"thumbnailUrl":"https:\/\/www.pressenza.com\/wp-content\/uploads\/2020\/10\/CanelaCrespo.jpg","datePublished":"2020-10-16T15:24:00+00:00","dateModified":"2020-10-16T18:30:21+00:00","description":"Bolivia votar\u00e1 este 18 de octubre para recuperar su democracia. En esta entrevista, la joven candidata a diputada por el MAS, Canela Crespo, denuncia que","breadcrumb":{"@id":"https:\/\/www.pressenza.com\/es\/2020\/10\/elecciones-bolivia-canela-crespo-queremos-volver-si-pero-queremos-volver-mejores\/#breadcrumb"},"inLanguage":"es","potentialAction":[{"@type":"ReadAction","target":["https:\/\/www.pressenza.com\/es\/2020\/10\/elecciones-bolivia-canela-crespo-queremos-volver-si-pero-queremos-volver-mejores\/"]}]},{"@type":"ImageObject","inLanguage":"es","@id":"https:\/\/www.pressenza.com\/es\/2020\/10\/elecciones-bolivia-canela-crespo-queremos-volver-si-pero-queremos-volver-mejores\/#primaryimage","url":"https:\/\/www.pressenza.com\/wp-content\/uploads\/2020\/10\/CanelaCrespo.jpg","contentUrl":"https:\/\/www.pressenza.com\/wp-content\/uploads\/2020\/10\/CanelaCrespo.jpg","width":1280,"height":905},{"@type":"BreadcrumbList","@id":"https:\/\/www.pressenza.com\/es\/2020\/10\/elecciones-bolivia-canela-crespo-queremos-volver-si-pero-queremos-volver-mejores\/#breadcrumb","itemListElement":[{"@type":"ListItem","position":1,"name":"Accueil","item":"https:\/\/www.pressenza.com\/es\/"},{"@type":"ListItem","position":2,"name":"Elecciones Bolivia | Canela Crespo: \u201cQueremos volver, s\u00ed, pero queremos volver mejores\u201d"}]},{"@type":"WebSite","@id":"https:\/\/www.pressenza.com\/es\/#website","url":"https:\/\/www.pressenza.com\/es\/","name":"Pressenza","description":"International Press Agency","publisher":{"@id":"https:\/\/www.pressenza.com\/es\/#organization"},"potentialAction":[{"@type":"SearchAction","target":{"@type":"EntryPoint","urlTemplate":"https:\/\/www.pressenza.com\/es\/?s={search_term_string}"},"query-input":{"@type":"PropertyValueSpecification","valueRequired":true,"valueName":"search_term_string"}}],"inLanguage":"es"},{"@type":"Organization","@id":"https:\/\/www.pressenza.com\/es\/#organization","name":"Pressenza","url":"https:\/\/www.pressenza.com\/es\/","logo":{"@type":"ImageObject","inLanguage":"es","@id":"https:\/\/www.pressenza.com\/es\/#\/schema\/logo\/image\/","url":"https:\/\/www.pressenza.com\/wp-content\/uploads\/2022\/10\/pressenza_logo_200x200.jpg","contentUrl":"https:\/\/www.pressenza.com\/wp-content\/uploads\/2022\/10\/pressenza_logo_200x200.jpg","width":200,"height":200,"caption":"Pressenza"},"image":{"@id":"https:\/\/www.pressenza.com\/es\/#\/schema\/logo\/image\/"},"sameAs":["https:\/\/www.facebook.com\/PressenzaItalia","https:\/\/x.com\/PressenzaIPA"]},{"@type":"Person","@id":"https:\/\/www.pressenza.com\/es\/#\/schema\/person\/f353f6d4eed144101dedba60e6227564","name":"Javier Tolcachier","description":"Javier Tolcachier is a researcher from the World Centre of Humanist Studies, an organism of the Humanist Movement. Mail: javiertolcachier@disroot.org Twitter: @jtolcachier","sameAs":["https:\/\/www.facebook.com\/javier.tolcachier?fref=ts","https:\/\/x.com\/jtolcachier"],"url":"https:\/\/www.pressenza.com\/es\/author\/javier-tolcachier\/"}]}},"place":"","original_article_url":"","_links":{"self":[{"href":"https:\/\/www.pressenza.com\/es\/wp-json\/wp\/v2\/posts\/1218484","targetHints":{"allow":["GET"]}}],"collection":[{"href":"https:\/\/www.pressenza.com\/es\/wp-json\/wp\/v2\/posts"}],"about":[{"href":"https:\/\/www.pressenza.com\/es\/wp-json\/wp\/v2\/types\/post"}],"author":[{"embeddable":true,"href":"https:\/\/www.pressenza.com\/es\/wp-json\/wp\/v2\/users\/970"}],"replies":[{"embeddable":true,"href":"https:\/\/www.pressenza.com\/es\/wp-json\/wp\/v2\/comments?post=1218484"}],"version-history":[{"count":0,"href":"https:\/\/www.pressenza.com\/es\/wp-json\/wp\/v2\/posts\/1218484\/revisions"}],"wp:featuredmedia":[{"embeddable":true,"href":"https:\/\/www.pressenza.com\/es\/wp-json\/wp\/v2\/media\/1218486"}],"wp:attachment":[{"href":"https:\/\/www.pressenza.com\/es\/wp-json\/wp\/v2\/media?parent=1218484"}],"wp:term":[{"taxonomy":"category","embeddable":true,"href":"https:\/\/www.pressenza.com\/es\/wp-json\/wp\/v2\/categories?post=1218484"},{"taxonomy":"post_tag","embeddable":true,"href":"https:\/\/www.pressenza.com\/es\/wp-json\/wp\/v2\/tags?post=1218484"}],"curies":[{"name":"wp","href":"https:\/\/api.w.org\/{rel}","templated":true}]}}