{"id":1218128,"date":"2020-10-16T04:38:02","date_gmt":"2020-10-16T03:38:02","guid":{"rendered":"https:\/\/www.pressenza.com\/?p=1218128"},"modified":"2020-10-16T04:56:49","modified_gmt":"2020-10-16T03:56:49","slug":"guernica-tierra-por-tierra","status":"publish","type":"post","link":"https:\/\/www.pressenza.com\/es\/2020\/10\/guernica-tierra-por-tierra\/","title":{"rendered":"Guernica: \u00abtierra por tierra\u00bb"},"content":{"rendered":"<p><em>Por <a href=\"https:\/\/franciscojarrinfotografia.com\/\">Francisco Jarr\u00edn<\/a>\u00a0 (fotograf\u00eda y texto)<\/em><\/p>\n<p>En una situaci\u00f3n completamente vulnerable, entre paredes de pl\u00e1stico y cart\u00f3n, cientos de familias permanecen en la toma de tierras en Guernica (Provincia de Buenos Aires), son familias que perdieron todo en los meses de pandemia, si bien en su mayor\u00eda atravesaban ya una crisis econ\u00f3mica y social bastante grave, el confinamiento obligatorio trajo consigo la p\u00e9rdida de trabajo de miles de personas, \u00a0y esto hizo que todo empeore y que no les quede otra salida que buscar un lugar para vivir, sin importar lo precario que pueda ser, con la esperanza de que el gobierno de Buenos Aires los pueda socorrer.<\/p>\n<h6 style=\"text-align: center;\"><img loading=\"lazy\" decoding=\"async\" class=\"aligncenter size-large wp-image-1218239\" src=\"https:\/\/www.pressenza.com\/wp-content\/uploads\/2020\/10\/Panora\u0301mica-de-la-toma-720x480.jpg\" alt=\"\" width=\"720\" height=\"480\" srcset=\"https:\/\/www.pressenza.com\/wp-content\/uploads\/2020\/10\/Panora\u0301mica-de-la-toma-720x480.jpg 720w, https:\/\/www.pressenza.com\/wp-content\/uploads\/2020\/10\/Panora\u0301mica-de-la-toma-300x200.jpg 300w, https:\/\/www.pressenza.com\/wp-content\/uploads\/2020\/10\/Panora\u0301mica-de-la-toma-768x512.jpg 768w, https:\/\/www.pressenza.com\/wp-content\/uploads\/2020\/10\/Panora\u0301mica-de-la-toma-1536x1024.jpg 1536w, https:\/\/www.pressenza.com\/wp-content\/uploads\/2020\/10\/Panora\u0301mica-de-la-toma.jpg 1920w\" sizes=\"auto, (max-width: 720px) 100vw, 720px\" \/>Panora\u0301mica de la toma<\/h6>\n<h6 style=\"text-align: center;\"><img loading=\"lazy\" decoding=\"async\" class=\"aligncenter size-large wp-image-1218259\" src=\"https:\/\/www.pressenza.com\/wp-content\/uploads\/2020\/10\/Sergio-arregla-el-techo-que-se-cayo\u0301-con-la-tormenta-720x480.jpg\" alt=\"\" width=\"720\" height=\"480\" srcset=\"https:\/\/www.pressenza.com\/wp-content\/uploads\/2020\/10\/Sergio-arregla-el-techo-que-se-cayo\u0301-con-la-tormenta-720x480.jpg 720w, https:\/\/www.pressenza.com\/wp-content\/uploads\/2020\/10\/Sergio-arregla-el-techo-que-se-cayo\u0301-con-la-tormenta-300x200.jpg 300w, https:\/\/www.pressenza.com\/wp-content\/uploads\/2020\/10\/Sergio-arregla-el-techo-que-se-cayo\u0301-con-la-tormenta-768x512.jpg 768w, https:\/\/www.pressenza.com\/wp-content\/uploads\/2020\/10\/Sergio-arregla-el-techo-que-se-cayo\u0301-con-la-tormenta-1536x1024.jpg 1536w, https:\/\/www.pressenza.com\/wp-content\/uploads\/2020\/10\/Sergio-arregla-el-techo-que-se-cayo\u0301-con-la-tormenta.jpg 1920w\" sizes=\"auto, (max-width: 720px) 100vw, 720px\" \/>Sergio arregla el techo que se cayo\u0301 con la tormenta<\/h6>\n<h6 style=\"text-align: center;\"><img loading=\"lazy\" decoding=\"async\" class=\"aligncenter size-large wp-image-1218139\" src=\"https:\/\/www.pressenza.com\/wp-content\/uploads\/2020\/10\/La-casa-de-Diego-el-es-de-Paraguay-720x480.jpg\" alt=\"\" width=\"720\" height=\"480\" srcset=\"https:\/\/www.pressenza.com\/wp-content\/uploads\/2020\/10\/La-casa-de-Diego-el-es-de-Paraguay-720x480.jpg 720w, https:\/\/www.pressenza.com\/wp-content\/uploads\/2020\/10\/La-casa-de-Diego-el-es-de-Paraguay-300x200.jpg 300w, https:\/\/www.pressenza.com\/wp-content\/uploads\/2020\/10\/La-casa-de-Diego-el-es-de-Paraguay-768x512.jpg 768w, https:\/\/www.pressenza.com\/wp-content\/uploads\/2020\/10\/La-casa-de-Diego-el-es-de-Paraguay-1536x1024.jpg 1536w, https:\/\/www.pressenza.com\/wp-content\/uploads\/2020\/10\/La-casa-de-Diego-el-es-de-Paraguay.jpg 1920w\" sizes=\"auto, (max-width: 720px) 100vw, 720px\" \/>La casa de Diego, el es de Paraguay<\/h6>\n<h6 style=\"text-align: center;\"><img loading=\"lazy\" decoding=\"async\" class=\"aligncenter size-large wp-image-1218249\" src=\"https:\/\/www.pressenza.com\/wp-content\/uploads\/2020\/10\/Reuniones-para-hacerse-compan\u0303ia-durante-la-noche-y-sentirse-mas-protegidos-y-acompan\u0303ados-720x480.jpg\" alt=\"\" width=\"720\" height=\"480\" srcset=\"https:\/\/www.pressenza.com\/wp-content\/uploads\/2020\/10\/Reuniones-para-hacerse-compan\u0303ia-durante-la-noche-y-sentirse-mas-protegidos-y-acompan\u0303ados-720x480.jpg 720w, https:\/\/www.pressenza.com\/wp-content\/uploads\/2020\/10\/Reuniones-para-hacerse-compan\u0303ia-durante-la-noche-y-sentirse-mas-protegidos-y-acompan\u0303ados-300x200.jpg 300w, https:\/\/www.pressenza.com\/wp-content\/uploads\/2020\/10\/Reuniones-para-hacerse-compan\u0303ia-durante-la-noche-y-sentirse-mas-protegidos-y-acompan\u0303ados-768x512.jpg 768w, https:\/\/www.pressenza.com\/wp-content\/uploads\/2020\/10\/Reuniones-para-hacerse-compan\u0303ia-durante-la-noche-y-sentirse-mas-protegidos-y-acompan\u0303ados-1536x1024.jpg 1536w, https:\/\/www.pressenza.com\/wp-content\/uploads\/2020\/10\/Reuniones-para-hacerse-compan\u0303ia-durante-la-noche-y-sentirse-mas-protegidos-y-acompan\u0303ados.jpg 1920w\" sizes=\"auto, (max-width: 720px) 100vw, 720px\" \/>Reuniones para hacerse compan\u0303\u00eda durante la noche y sentirse mas protegidos y acompan\u0303ados<\/h6>\n<p>\u201cCasi muero del fr\u00edo con mi hijo esa noche, tuvimos que ir cerca del fuego que hicieron unos vecinos, pero por poco pierdo la movilidad de lo congelados que est\u00e1bamos, y eso nos tenemos que aguantar porque no nos queda otra opci\u00f3n\u2026 tengo que elegir entre comer o pagar un arriendo porque la plata no me alcanza para nada y me desalojaron del lugar donde viv\u00eda\u201d me cuenta Susana quien vive con su hijo Juan de 3 a\u00f1os de edad. Las noches de invierno en las que muchos estuvieron a punto de morir congelados y el miedo constante que atraviesan algunas mujeres que duermen solas en estas casillas, son algunas de las pruebas vivas de la fortaleza y resistencia.<\/p>\n<div style=\"width: 1068px;\" class=\"wp-video\"><!--[if lt IE 9]><script>document.createElement('video');<\/script><![endif]-->\n<video class=\"wp-video-shortcode\" id=\"video-1218128-1\" width=\"1068\" height=\"720\" preload=\"metadata\" controls=\"controls\"><source type=\"video\/mp4\" src=\"https:\/\/www.pressenza.com\/wp-content\/uploads\/2020\/10\/Guernica-Elida-1.mp4?_=1\" \/><a href=\"https:\/\/www.pressenza.com\/wp-content\/uploads\/2020\/10\/Guernica-Elida-1.mp4\">https:\/\/www.pressenza.com\/wp-content\/uploads\/2020\/10\/Guernica-Elida-1.mp4<\/a><\/video><\/div>\n<h6 style=\"text-align: center;\"><img loading=\"lazy\" decoding=\"async\" class=\"aligncenter size-large wp-image-1218149\" src=\"https:\/\/www.pressenza.com\/wp-content\/uploads\/2020\/10\/La-duda-720x480.jpg\" alt=\"\" width=\"720\" height=\"480\" srcset=\"https:\/\/www.pressenza.com\/wp-content\/uploads\/2020\/10\/La-duda-720x480.jpg 720w, https:\/\/www.pressenza.com\/wp-content\/uploads\/2020\/10\/La-duda-300x200.jpg 300w, https:\/\/www.pressenza.com\/wp-content\/uploads\/2020\/10\/La-duda-768x512.jpg 768w, https:\/\/www.pressenza.com\/wp-content\/uploads\/2020\/10\/La-duda-1536x1024.jpg 1536w, https:\/\/www.pressenza.com\/wp-content\/uploads\/2020\/10\/La-duda.jpg 1920w\" sizes=\"auto, (max-width: 720px) 100vw, 720px\" \/>La duda<\/h6>\n<h6 style=\"text-align: center;\"><img loading=\"lazy\" decoding=\"async\" class=\"aligncenter size-large wp-image-1218159\" src=\"https:\/\/www.pressenza.com\/wp-content\/uploads\/2020\/10\/La-noche-720x480.jpg\" alt=\"\" width=\"720\" height=\"480\" srcset=\"https:\/\/www.pressenza.com\/wp-content\/uploads\/2020\/10\/La-noche-720x480.jpg 720w, https:\/\/www.pressenza.com\/wp-content\/uploads\/2020\/10\/La-noche-300x200.jpg 300w, https:\/\/www.pressenza.com\/wp-content\/uploads\/2020\/10\/La-noche-768x512.jpg 768w, https:\/\/www.pressenza.com\/wp-content\/uploads\/2020\/10\/La-noche-1536x1024.jpg 1536w, https:\/\/www.pressenza.com\/wp-content\/uploads\/2020\/10\/La-noche.jpg 1920w\" sizes=\"auto, (max-width: 720px) 100vw, 720px\" \/>La noche<\/h6>\n<h6 style=\"text-align: center;\"><img loading=\"lazy\" decoding=\"async\" class=\"aligncenter size-large wp-image-1218169\" src=\"https:\/\/www.pressenza.com\/wp-content\/uploads\/2020\/10\/La-tierra-no-quiere-pertenecer-720x480.jpg\" alt=\"\" width=\"720\" height=\"480\" srcset=\"https:\/\/www.pressenza.com\/wp-content\/uploads\/2020\/10\/La-tierra-no-quiere-pertenecer-720x480.jpg 720w, https:\/\/www.pressenza.com\/wp-content\/uploads\/2020\/10\/La-tierra-no-quiere-pertenecer-300x200.jpg 300w, https:\/\/www.pressenza.com\/wp-content\/uploads\/2020\/10\/La-tierra-no-quiere-pertenecer-768x512.jpg 768w, https:\/\/www.pressenza.com\/wp-content\/uploads\/2020\/10\/La-tierra-no-quiere-pertenecer-1536x1024.jpg 1536w, https:\/\/www.pressenza.com\/wp-content\/uploads\/2020\/10\/La-tierra-no-quiere-pertenecer.jpg 1920w\" sizes=\"auto, (max-width: 720px) 100vw, 720px\" \/>La tierra no quiere pertenecer<\/h6>\n<p>No solo son argentinas las familias que llegaron a la toma, hay bastantes paraguayas peruanas e incluso brasileras que est\u00e1n ac\u00e1 en una situaci\u00f3n de pobreza extrema. \u201cayer no com\u00ed, hoy tampoco com\u00ed porque me da verg\u00fcenza ya pedir\u201d me comenta Neusa que es brasilera y que vive en Buenos Aires ya 25 a\u00f1os, ella me dice que ya no puede conseguir trabajo a su edad y que no tiene otra salida que venir ac\u00e1 y aguantar lo que sea para sobrevivir.<\/p>\n<p>La toma de terrenos comenz\u00f3 el 20 de julio y se extiende hasta hoy d\u00eda. Presidente Per\u00f3n es administrado por la intendenta Blanca Cantero, que proviene del massismo e integra el Frente de Todos, para la mayor\u00eda, Blanca traiciona la confianza que tuvieron en ella al haberla escogido como su representante \u201cque la intendenta de nosotros se haga a un costado es doloroso\u201d me dice Mariana.<\/p>\n<h6 style=\"text-align: center;\"><img loading=\"lazy\" decoding=\"async\" class=\"aligncenter size-large wp-image-1218179\" src=\"https:\/\/www.pressenza.com\/wp-content\/uploads\/2020\/10\/Las-donaciones-de-ropa-son-un-alivio-para-las-personas-en-Guernica-720x480.jpg\" alt=\"\" width=\"720\" height=\"480\" srcset=\"https:\/\/www.pressenza.com\/wp-content\/uploads\/2020\/10\/Las-donaciones-de-ropa-son-un-alivio-para-las-personas-en-Guernica-720x480.jpg 720w, https:\/\/www.pressenza.com\/wp-content\/uploads\/2020\/10\/Las-donaciones-de-ropa-son-un-alivio-para-las-personas-en-Guernica-300x200.jpg 300w, https:\/\/www.pressenza.com\/wp-content\/uploads\/2020\/10\/Las-donaciones-de-ropa-son-un-alivio-para-las-personas-en-Guernica-768x512.jpg 768w, https:\/\/www.pressenza.com\/wp-content\/uploads\/2020\/10\/Las-donaciones-de-ropa-son-un-alivio-para-las-personas-en-Guernica-1536x1024.jpg 1536w, https:\/\/www.pressenza.com\/wp-content\/uploads\/2020\/10\/Las-donaciones-de-ropa-son-un-alivio-para-las-personas-en-Guernica.jpg 1920w\" sizes=\"auto, (max-width: 720px) 100vw, 720px\" \/>Las donaciones de ropa son un alivio para las personas en Guernica<\/h6>\n<h6 style=\"text-align: center;\"><img loading=\"lazy\" decoding=\"async\" class=\"aligncenter size-large wp-image-1218189\" src=\"https:\/\/www.pressenza.com\/wp-content\/uploads\/2020\/10\/Leo-me-invita-un-mate-720x480.jpg\" alt=\"\" width=\"720\" height=\"480\" srcset=\"https:\/\/www.pressenza.com\/wp-content\/uploads\/2020\/10\/Leo-me-invita-un-mate-720x480.jpg 720w, https:\/\/www.pressenza.com\/wp-content\/uploads\/2020\/10\/Leo-me-invita-un-mate-300x200.jpg 300w, https:\/\/www.pressenza.com\/wp-content\/uploads\/2020\/10\/Leo-me-invita-un-mate-768x512.jpg 768w, https:\/\/www.pressenza.com\/wp-content\/uploads\/2020\/10\/Leo-me-invita-un-mate-1536x1024.jpg 1536w, https:\/\/www.pressenza.com\/wp-content\/uploads\/2020\/10\/Leo-me-invita-un-mate.jpg 1920w\" sizes=\"auto, (max-width: 720px) 100vw, 720px\" \/>Leo me invita un mate<\/h6>\n<h6 style=\"text-align: center;\"><img loading=\"lazy\" decoding=\"async\" class=\"aligncenter size-large wp-image-1218199\" src=\"https:\/\/www.pressenza.com\/wp-content\/uploads\/2020\/10\/Los-jo\u0301venes-ayudan-a-traer-desde-lejos-el-agua-vital-720x480.jpg\" alt=\"\" width=\"720\" height=\"480\" srcset=\"https:\/\/www.pressenza.com\/wp-content\/uploads\/2020\/10\/Los-jo\u0301venes-ayudan-a-traer-desde-lejos-el-agua-vital-720x480.jpg 720w, https:\/\/www.pressenza.com\/wp-content\/uploads\/2020\/10\/Los-jo\u0301venes-ayudan-a-traer-desde-lejos-el-agua-vital-300x200.jpg 300w, https:\/\/www.pressenza.com\/wp-content\/uploads\/2020\/10\/Los-jo\u0301venes-ayudan-a-traer-desde-lejos-el-agua-vital-768x512.jpg 768w, https:\/\/www.pressenza.com\/wp-content\/uploads\/2020\/10\/Los-jo\u0301venes-ayudan-a-traer-desde-lejos-el-agua-vital-1536x1024.jpg 1536w, https:\/\/www.pressenza.com\/wp-content\/uploads\/2020\/10\/Los-jo\u0301venes-ayudan-a-traer-desde-lejos-el-agua-vital.jpg 1920w\" sizes=\"auto, (max-width: 720px) 100vw, 720px\" \/>Los jo\u0301venes ayudan a traer desde lejos el agua vital<\/h6>\n<h6 style=\"text-align: center;\"><img loading=\"lazy\" decoding=\"async\" class=\"aligncenter size-large wp-image-1218209\" src=\"https:\/\/www.pressenza.com\/wp-content\/uploads\/2020\/10\/Los-neuma\u0301ticos-son-el-calor-y-la-combustio\u0301n-720x480.jpg\" alt=\"\" width=\"720\" height=\"480\" srcset=\"https:\/\/www.pressenza.com\/wp-content\/uploads\/2020\/10\/Los-neuma\u0301ticos-son-el-calor-y-la-combustio\u0301n-720x480.jpg 720w, https:\/\/www.pressenza.com\/wp-content\/uploads\/2020\/10\/Los-neuma\u0301ticos-son-el-calor-y-la-combustio\u0301n-300x200.jpg 300w, https:\/\/www.pressenza.com\/wp-content\/uploads\/2020\/10\/Los-neuma\u0301ticos-son-el-calor-y-la-combustio\u0301n-768x512.jpg 768w, https:\/\/www.pressenza.com\/wp-content\/uploads\/2020\/10\/Los-neuma\u0301ticos-son-el-calor-y-la-combustio\u0301n-1536x1024.jpg 1536w, https:\/\/www.pressenza.com\/wp-content\/uploads\/2020\/10\/Los-neuma\u0301ticos-son-el-calor-y-la-combustio\u0301n.jpg 1920w\" sizes=\"auto, (max-width: 720px) 100vw, 720px\" \/>Los neuma\u0301ticos son el calor y la combustio\u0301n<\/h6>\n<p>El gobierno bonaerense abord\u00f3 el conflicto en un intento poco f\u00e9rtil, ofreciendo los programas del IFE y 50.000 pesos como bono de asistencia social, seg\u00fan los habitantes de Guernica es una propuesta completamente descabellada y que no ayudar\u00eda en nada a solucionar su problema \u201ccon esa plata no hacemos nada con la inflaci\u00f3n y lo caro que est\u00e1 todo no nos alcanzar\u00e1 para pasar mas de dos mese y volver a lo mismo\u201d me dicen.<\/p>\n<p>Hay representantes del Polo Obrero, de Barrios de Pie &#8211; Libres del Sur, del Frente de Organizaciones en Lucha y del Frente Dar\u00edo Santill\u00e1n. Tambi\u00e9n tiene presencia el Movimiento Teresa Rodr\u00edguez, la OLP &#8211; Resistir y Vencer y el Movimiento por la Unidad Latinoamericana y el Cambio Social, entre otros. Ellos dicen estar apoyando a los habitantes de la toma, para muchos es simplemente el deseo de protagonizar una lucha eminentemente social y para otros es completamente pertinente su apoyo, ya que son los que, en ciertos casos, manejan los comedores y ayudan a organizar las donaciones y a repartirlas de manera equitativa y ordenada.<\/p>\n<p>El ministro de Desarrollo de la Comunidad bonaerense Larroque asegura que \u00abPresidente Per\u00f3n es uno de los tres municipios que m\u00e1s creci\u00f3 demogr\u00e1ficamente en los \u00faltimos veinte a\u00f1os. Este es un tema que es estructural y que se agrav\u00f3 con la pol\u00edtica del gobierno anterior\u00bb.<\/p>\n<p>Parecer\u00eda que entre todos se quieren \u201cpasar la pelotita\u201d de las responsabilidades mas profundas que la crisis actual nos pone en frente.<\/p>\n<p>El conflicto por la toma de tierras fue creciendo desde julio, y fue judicializado. El juez Mart\u00edn Rizzo ha dispuesto, por cuarta ocasi\u00f3n, el desalojo para el 15 de octubre.<\/p>\n<h6 style=\"text-align: center;\"><img loading=\"lazy\" decoding=\"async\" class=\"aligncenter size-large wp-image-1218219\" src=\"https:\/\/www.pressenza.com\/wp-content\/uploads\/2020\/10\/Los-nin\u0303os-no-terminan-de-entender-la-gracedad-de-la-situacio\u0301n-en-la-que-viven-720x480.jpg\" alt=\"\" width=\"720\" height=\"480\" srcset=\"https:\/\/www.pressenza.com\/wp-content\/uploads\/2020\/10\/Los-nin\u0303os-no-terminan-de-entender-la-gracedad-de-la-situacio\u0301n-en-la-que-viven-720x480.jpg 720w, https:\/\/www.pressenza.com\/wp-content\/uploads\/2020\/10\/Los-nin\u0303os-no-terminan-de-entender-la-gracedad-de-la-situacio\u0301n-en-la-que-viven-300x200.jpg 300w, https:\/\/www.pressenza.com\/wp-content\/uploads\/2020\/10\/Los-nin\u0303os-no-terminan-de-entender-la-gracedad-de-la-situacio\u0301n-en-la-que-viven-768x512.jpg 768w, https:\/\/www.pressenza.com\/wp-content\/uploads\/2020\/10\/Los-nin\u0303os-no-terminan-de-entender-la-gracedad-de-la-situacio\u0301n-en-la-que-viven-1536x1024.jpg 1536w, https:\/\/www.pressenza.com\/wp-content\/uploads\/2020\/10\/Los-nin\u0303os-no-terminan-de-entender-la-gracedad-de-la-situacio\u0301n-en-la-que-viven.jpg 1920w\" sizes=\"auto, (max-width: 720px) 100vw, 720px\" \/>Los nin\u0303os no terminan de entender la gravedad de la situacio\u0301n en la que viven<\/h6>\n<h6 style=\"text-align: center;\"><img loading=\"lazy\" decoding=\"async\" class=\"aligncenter size-large wp-image-1218229\" src=\"https:\/\/www.pressenza.com\/wp-content\/uploads\/2020\/10\/Los-puentes-720x480.jpg\" alt=\"\" width=\"720\" height=\"480\" srcset=\"https:\/\/www.pressenza.com\/wp-content\/uploads\/2020\/10\/Los-puentes-720x480.jpg 720w, https:\/\/www.pressenza.com\/wp-content\/uploads\/2020\/10\/Los-puentes-300x200.jpg 300w, https:\/\/www.pressenza.com\/wp-content\/uploads\/2020\/10\/Los-puentes-768x512.jpg 768w, https:\/\/www.pressenza.com\/wp-content\/uploads\/2020\/10\/Los-puentes-1536x1024.jpg 1536w, https:\/\/www.pressenza.com\/wp-content\/uploads\/2020\/10\/Los-puentes.jpg 1920w\" sizes=\"auto, (max-width: 720px) 100vw, 720px\" \/>Los puentes<\/h6>\n<p>Las familias en Guernica no esperan otra respuesta a sus necesidades que la de un espacio de tierra para poder vivir dignamente, \u201ctierra por tierra\u201d es la frase que corean hoy cada vez que se acercan los encargados de las negociaciones enviados por la gobernaci\u00f3n bonaerense.<\/p>\n<h6 style=\"text-align: center;\"><img loading=\"lazy\" decoding=\"async\" class=\"aligncenter size-large wp-image-1218269\" src=\"https:\/\/www.pressenza.com\/wp-content\/uploads\/2020\/10\/Verduras-para-ser-repartidas-en-los-distintos-comedores-720x480.jpg\" alt=\"\" width=\"720\" height=\"480\" srcset=\"https:\/\/www.pressenza.com\/wp-content\/uploads\/2020\/10\/Verduras-para-ser-repartidas-en-los-distintos-comedores-720x480.jpg 720w, https:\/\/www.pressenza.com\/wp-content\/uploads\/2020\/10\/Verduras-para-ser-repartidas-en-los-distintos-comedores-300x200.jpg 300w, https:\/\/www.pressenza.com\/wp-content\/uploads\/2020\/10\/Verduras-para-ser-repartidas-en-los-distintos-comedores-768x512.jpg 768w, https:\/\/www.pressenza.com\/wp-content\/uploads\/2020\/10\/Verduras-para-ser-repartidas-en-los-distintos-comedores-1536x1024.jpg 1536w, https:\/\/www.pressenza.com\/wp-content\/uploads\/2020\/10\/Verduras-para-ser-repartidas-en-los-distintos-comedores.jpg 1920w\" sizes=\"auto, (max-width: 720px) 100vw, 720px\" \/>Verduras para ser repartidas en los distintos comedores<\/h6>\n<p><em>*Francisco Jarr\u00edn, fot\u00f3grafo ecuatoriano, vive y estudia en Buenos Aires<\/em><\/p>\n","protected":false},"excerpt":{"rendered":"<p>Por Francisco Jarr\u00edn\u00a0 (fotograf\u00eda y texto) En una situaci\u00f3n completamente vulnerable, entre paredes de pl\u00e1stico y cart\u00f3n, cientos de familias permanecen en la toma de tierras en Guernica (Provincia de Buenos Aires), son familias que perdieron todo en los meses&hellip;<\/p>\n","protected":false},"author":1011,"featured_media":1218129,"comment_status":"closed","ping_status":"closed","sticky":false,"template":"","format":"standard","meta":{"footnotes":""},"categories":[11389,79,5667,67],"tags":[37304,82784],"class_list":["post-1218128","post","type-post","status-publish","format-standard","has-post-thumbnail","hentry","category-contenido-original","category-derechos-humanos","category-foto-reportajes","category-sudamerica","tag-guernica","tag-toma-de-tierras"],"yoast_head":"<!-- This site is optimized with the Yoast SEO plugin v27.1.1 - https:\/\/yoast.com\/product\/yoast-seo-wordpress\/ -->\n<title>Guernica: &quot;tierra por tierra&quot;<\/title>\n<meta name=\"description\" content=\"Por Francisco Jarr\u00edn\u00a0 (fotograf\u00eda y texto) En una situaci\u00f3n completamente vulnerable, entre paredes de pl\u00e1stico y cart\u00f3n, cientos de familias permanecen\" \/>\n<meta name=\"robots\" content=\"index, follow, max-snippet:-1, max-image-preview:large, max-video-preview:-1\" \/>\n<link rel=\"canonical\" href=\"https:\/\/www.pressenza.com\/es\/2020\/10\/guernica-tierra-por-tierra\/\" \/>\n<meta property=\"og:locale\" content=\"es_ES\" \/>\n<meta property=\"og:type\" content=\"article\" \/>\n<meta property=\"og:title\" content=\"Guernica: &quot;tierra por tierra&quot;\" \/>\n<meta property=\"og:description\" content=\"Por Francisco Jarr\u00edn\u00a0 (fotograf\u00eda y texto) En una situaci\u00f3n completamente vulnerable, entre paredes de pl\u00e1stico y cart\u00f3n, cientos de familias permanecen\" \/>\n<meta property=\"og:url\" content=\"https:\/\/www.pressenza.com\/es\/2020\/10\/guernica-tierra-por-tierra\/\" \/>\n<meta property=\"og:site_name\" content=\"Pressenza\" \/>\n<meta property=\"article:publisher\" content=\"https:\/\/www.facebook.com\/PressenzaItalia\" \/>\n<meta property=\"article:published_time\" content=\"2020-10-16T03:38:02+00:00\" \/>\n<meta property=\"article:modified_time\" content=\"2020-10-16T03:56:49+00:00\" \/>\n<meta property=\"og:image\" content=\"https:\/\/www.pressenza.com\/wp-content\/uploads\/2020\/10\/Juancho-se-dispara-jugando.jpg\" \/>\n\t<meta property=\"og:image:width\" content=\"1920\" \/>\n\t<meta property=\"og:image:height\" content=\"1280\" \/>\n\t<meta property=\"og:image:type\" content=\"image\/jpeg\" \/>\n<meta name=\"author\" content=\"Redacci\u00f3n Ecuador\" \/>\n<meta name=\"twitter:card\" content=\"summary_large_image\" \/>\n<meta name=\"twitter:creator\" content=\"@PressenzaIPA\" \/>\n<meta name=\"twitter:site\" content=\"@PressenzaIPA\" \/>\n<meta name=\"twitter:label1\" content=\"Escrito por\" \/>\n\t<meta name=\"twitter:data1\" content=\"Redacci\u00f3n Ecuador\" \/>\n\t<meta name=\"twitter:label2\" content=\"Tiempo de lectura\" \/>\n\t<meta name=\"twitter:data2\" content=\"4 minutos\" \/>\n<script type=\"application\/ld+json\" class=\"yoast-schema-graph\">{\"@context\":\"https:\/\/schema.org\",\"@graph\":[{\"@type\":\"Article\",\"@id\":\"https:\/\/www.pressenza.com\/es\/2020\/10\/guernica-tierra-por-tierra\/#article\",\"isPartOf\":{\"@id\":\"https:\/\/www.pressenza.com\/es\/2020\/10\/guernica-tierra-por-tierra\/\"},\"author\":{\"name\":\"Redacci\u00f3n Ecuador\",\"@id\":\"https:\/\/www.pressenza.com\/es\/#\/schema\/person\/883a735c40665759bcc6fe0c26bcb46f\"},\"headline\":\"Guernica: \u00abtierra por tierra\u00bb\",\"datePublished\":\"2020-10-16T03:38:02+00:00\",\"dateModified\":\"2020-10-16T03:56:49+00:00\",\"mainEntityOfPage\":{\"@id\":\"https:\/\/www.pressenza.com\/es\/2020\/10\/guernica-tierra-por-tierra\/\"},\"wordCount\":871,\"publisher\":{\"@id\":\"https:\/\/www.pressenza.com\/es\/#organization\"},\"image\":{\"@id\":\"https:\/\/www.pressenza.com\/es\/2020\/10\/guernica-tierra-por-tierra\/#primaryimage\"},\"thumbnailUrl\":\"https:\/\/www.pressenza.com\/wp-content\/uploads\/2020\/10\/Juancho-se-dispara-jugando.jpg\",\"keywords\":[\"Guernica\",\"Toma de tierras\"],\"articleSection\":[\"Contenido Original\",\"Derechos Humanos\",\"Fotorreportajes\",\"Sudam\u00e9rica\"],\"inLanguage\":\"es\"},{\"@type\":\"WebPage\",\"@id\":\"https:\/\/www.pressenza.com\/es\/2020\/10\/guernica-tierra-por-tierra\/\",\"url\":\"https:\/\/www.pressenza.com\/es\/2020\/10\/guernica-tierra-por-tierra\/\",\"name\":\"Guernica: \\\"tierra por tierra\\\"\",\"isPartOf\":{\"@id\":\"https:\/\/www.pressenza.com\/es\/#website\"},\"primaryImageOfPage\":{\"@id\":\"https:\/\/www.pressenza.com\/es\/2020\/10\/guernica-tierra-por-tierra\/#primaryimage\"},\"image\":{\"@id\":\"https:\/\/www.pressenza.com\/es\/2020\/10\/guernica-tierra-por-tierra\/#primaryimage\"},\"thumbnailUrl\":\"https:\/\/www.pressenza.com\/wp-content\/uploads\/2020\/10\/Juancho-se-dispara-jugando.jpg\",\"datePublished\":\"2020-10-16T03:38:02+00:00\",\"dateModified\":\"2020-10-16T03:56:49+00:00\",\"description\":\"Por Francisco Jarr\u00edn\u00a0 (fotograf\u00eda y texto) En una situaci\u00f3n completamente vulnerable, entre paredes de pl\u00e1stico y cart\u00f3n, cientos de familias permanecen\",\"breadcrumb\":{\"@id\":\"https:\/\/www.pressenza.com\/es\/2020\/10\/guernica-tierra-por-tierra\/#breadcrumb\"},\"inLanguage\":\"es\",\"potentialAction\":[{\"@type\":\"ReadAction\",\"target\":[\"https:\/\/www.pressenza.com\/es\/2020\/10\/guernica-tierra-por-tierra\/\"]}]},{\"@type\":\"ImageObject\",\"inLanguage\":\"es\",\"@id\":\"https:\/\/www.pressenza.com\/es\/2020\/10\/guernica-tierra-por-tierra\/#primaryimage\",\"url\":\"https:\/\/www.pressenza.com\/wp-content\/uploads\/2020\/10\/Juancho-se-dispara-jugando.jpg\",\"contentUrl\":\"https:\/\/www.pressenza.com\/wp-content\/uploads\/2020\/10\/Juancho-se-dispara-jugando.jpg\",\"width\":1920,\"height\":1280,\"caption\":\"Juancho se dispara jugando\"},{\"@type\":\"BreadcrumbList\",\"@id\":\"https:\/\/www.pressenza.com\/es\/2020\/10\/guernica-tierra-por-tierra\/#breadcrumb\",\"itemListElement\":[{\"@type\":\"ListItem\",\"position\":1,\"name\":\"Accueil\",\"item\":\"https:\/\/www.pressenza.com\/es\/\"},{\"@type\":\"ListItem\",\"position\":2,\"name\":\"Guernica: \u00abtierra por tierra\u00bb\"}]},{\"@type\":\"WebSite\",\"@id\":\"https:\/\/www.pressenza.com\/es\/#website\",\"url\":\"https:\/\/www.pressenza.com\/es\/\",\"name\":\"Pressenza\",\"description\":\"International Press Agency\",\"publisher\":{\"@id\":\"https:\/\/www.pressenza.com\/es\/#organization\"},\"potentialAction\":[{\"@type\":\"SearchAction\",\"target\":{\"@type\":\"EntryPoint\",\"urlTemplate\":\"https:\/\/www.pressenza.com\/es\/?s={search_term_string}\"},\"query-input\":{\"@type\":\"PropertyValueSpecification\",\"valueRequired\":true,\"valueName\":\"search_term_string\"}}],\"inLanguage\":\"es\"},{\"@type\":\"Organization\",\"@id\":\"https:\/\/www.pressenza.com\/es\/#organization\",\"name\":\"Pressenza\",\"url\":\"https:\/\/www.pressenza.com\/es\/\",\"logo\":{\"@type\":\"ImageObject\",\"inLanguage\":\"es\",\"@id\":\"https:\/\/www.pressenza.com\/es\/#\/schema\/logo\/image\/\",\"url\":\"https:\/\/www.pressenza.com\/wp-content\/uploads\/2022\/10\/pressenza_logo_200x200.jpg\",\"contentUrl\":\"https:\/\/www.pressenza.com\/wp-content\/uploads\/2022\/10\/pressenza_logo_200x200.jpg\",\"width\":200,\"height\":200,\"caption\":\"Pressenza\"},\"image\":{\"@id\":\"https:\/\/www.pressenza.com\/es\/#\/schema\/logo\/image\/\"},\"sameAs\":[\"https:\/\/www.facebook.com\/PressenzaItalia\",\"https:\/\/x.com\/PressenzaIPA\"]},{\"@type\":\"Person\",\"@id\":\"https:\/\/www.pressenza.com\/es\/#\/schema\/person\/883a735c40665759bcc6fe0c26bcb46f\",\"name\":\"Redacci\u00f3n Ecuador\",\"description\":\"News published by the Pressenza bureau in Quito, Ecuador\",\"url\":\"https:\/\/www.pressenza.com\/es\/author\/redaccion-ecuador\/\"}]}<\/script>\n<!-- \/ Yoast SEO plugin. -->","yoast_head_json":{"title":"Guernica: \"tierra por tierra\"","description":"Por Francisco Jarr\u00edn\u00a0 (fotograf\u00eda y texto) En una situaci\u00f3n completamente vulnerable, entre paredes de pl\u00e1stico y cart\u00f3n, cientos de familias permanecen","robots":{"index":"index","follow":"follow","max-snippet":"max-snippet:-1","max-image-preview":"max-image-preview:large","max-video-preview":"max-video-preview:-1"},"canonical":"https:\/\/www.pressenza.com\/es\/2020\/10\/guernica-tierra-por-tierra\/","og_locale":"es_ES","og_type":"article","og_title":"Guernica: \"tierra por tierra\"","og_description":"Por Francisco Jarr\u00edn\u00a0 (fotograf\u00eda y texto) En una situaci\u00f3n completamente vulnerable, entre paredes de pl\u00e1stico y cart\u00f3n, cientos de familias permanecen","og_url":"https:\/\/www.pressenza.com\/es\/2020\/10\/guernica-tierra-por-tierra\/","og_site_name":"Pressenza","article_publisher":"https:\/\/www.facebook.com\/PressenzaItalia","article_published_time":"2020-10-16T03:38:02+00:00","article_modified_time":"2020-10-16T03:56:49+00:00","og_image":[{"width":1920,"height":1280,"url":"https:\/\/www.pressenza.com\/wp-content\/uploads\/2020\/10\/Juancho-se-dispara-jugando.jpg","type":"image\/jpeg"}],"author":"Redacci\u00f3n Ecuador","twitter_card":"summary_large_image","twitter_creator":"@PressenzaIPA","twitter_site":"@PressenzaIPA","twitter_misc":{"Escrito por":"Redacci\u00f3n Ecuador","Tiempo de lectura":"4 minutos"},"schema":{"@context":"https:\/\/schema.org","@graph":[{"@type":"Article","@id":"https:\/\/www.pressenza.com\/es\/2020\/10\/guernica-tierra-por-tierra\/#article","isPartOf":{"@id":"https:\/\/www.pressenza.com\/es\/2020\/10\/guernica-tierra-por-tierra\/"},"author":{"name":"Redacci\u00f3n Ecuador","@id":"https:\/\/www.pressenza.com\/es\/#\/schema\/person\/883a735c40665759bcc6fe0c26bcb46f"},"headline":"Guernica: \u00abtierra por tierra\u00bb","datePublished":"2020-10-16T03:38:02+00:00","dateModified":"2020-10-16T03:56:49+00:00","mainEntityOfPage":{"@id":"https:\/\/www.pressenza.com\/es\/2020\/10\/guernica-tierra-por-tierra\/"},"wordCount":871,"publisher":{"@id":"https:\/\/www.pressenza.com\/es\/#organization"},"image":{"@id":"https:\/\/www.pressenza.com\/es\/2020\/10\/guernica-tierra-por-tierra\/#primaryimage"},"thumbnailUrl":"https:\/\/www.pressenza.com\/wp-content\/uploads\/2020\/10\/Juancho-se-dispara-jugando.jpg","keywords":["Guernica","Toma de tierras"],"articleSection":["Contenido Original","Derechos Humanos","Fotorreportajes","Sudam\u00e9rica"],"inLanguage":"es"},{"@type":"WebPage","@id":"https:\/\/www.pressenza.com\/es\/2020\/10\/guernica-tierra-por-tierra\/","url":"https:\/\/www.pressenza.com\/es\/2020\/10\/guernica-tierra-por-tierra\/","name":"Guernica: \"tierra por tierra\"","isPartOf":{"@id":"https:\/\/www.pressenza.com\/es\/#website"},"primaryImageOfPage":{"@id":"https:\/\/www.pressenza.com\/es\/2020\/10\/guernica-tierra-por-tierra\/#primaryimage"},"image":{"@id":"https:\/\/www.pressenza.com\/es\/2020\/10\/guernica-tierra-por-tierra\/#primaryimage"},"thumbnailUrl":"https:\/\/www.pressenza.com\/wp-content\/uploads\/2020\/10\/Juancho-se-dispara-jugando.jpg","datePublished":"2020-10-16T03:38:02+00:00","dateModified":"2020-10-16T03:56:49+00:00","description":"Por Francisco Jarr\u00edn\u00a0 (fotograf\u00eda y texto) En una situaci\u00f3n completamente vulnerable, entre paredes de pl\u00e1stico y cart\u00f3n, cientos de familias permanecen","breadcrumb":{"@id":"https:\/\/www.pressenza.com\/es\/2020\/10\/guernica-tierra-por-tierra\/#breadcrumb"},"inLanguage":"es","potentialAction":[{"@type":"ReadAction","target":["https:\/\/www.pressenza.com\/es\/2020\/10\/guernica-tierra-por-tierra\/"]}]},{"@type":"ImageObject","inLanguage":"es","@id":"https:\/\/www.pressenza.com\/es\/2020\/10\/guernica-tierra-por-tierra\/#primaryimage","url":"https:\/\/www.pressenza.com\/wp-content\/uploads\/2020\/10\/Juancho-se-dispara-jugando.jpg","contentUrl":"https:\/\/www.pressenza.com\/wp-content\/uploads\/2020\/10\/Juancho-se-dispara-jugando.jpg","width":1920,"height":1280,"caption":"Juancho se dispara jugando"},{"@type":"BreadcrumbList","@id":"https:\/\/www.pressenza.com\/es\/2020\/10\/guernica-tierra-por-tierra\/#breadcrumb","itemListElement":[{"@type":"ListItem","position":1,"name":"Accueil","item":"https:\/\/www.pressenza.com\/es\/"},{"@type":"ListItem","position":2,"name":"Guernica: \u00abtierra por tierra\u00bb"}]},{"@type":"WebSite","@id":"https:\/\/www.pressenza.com\/es\/#website","url":"https:\/\/www.pressenza.com\/es\/","name":"Pressenza","description":"International Press Agency","publisher":{"@id":"https:\/\/www.pressenza.com\/es\/#organization"},"potentialAction":[{"@type":"SearchAction","target":{"@type":"EntryPoint","urlTemplate":"https:\/\/www.pressenza.com\/es\/?s={search_term_string}"},"query-input":{"@type":"PropertyValueSpecification","valueRequired":true,"valueName":"search_term_string"}}],"inLanguage":"es"},{"@type":"Organization","@id":"https:\/\/www.pressenza.com\/es\/#organization","name":"Pressenza","url":"https:\/\/www.pressenza.com\/es\/","logo":{"@type":"ImageObject","inLanguage":"es","@id":"https:\/\/www.pressenza.com\/es\/#\/schema\/logo\/image\/","url":"https:\/\/www.pressenza.com\/wp-content\/uploads\/2022\/10\/pressenza_logo_200x200.jpg","contentUrl":"https:\/\/www.pressenza.com\/wp-content\/uploads\/2022\/10\/pressenza_logo_200x200.jpg","width":200,"height":200,"caption":"Pressenza"},"image":{"@id":"https:\/\/www.pressenza.com\/es\/#\/schema\/logo\/image\/"},"sameAs":["https:\/\/www.facebook.com\/PressenzaItalia","https:\/\/x.com\/PressenzaIPA"]},{"@type":"Person","@id":"https:\/\/www.pressenza.com\/es\/#\/schema\/person\/883a735c40665759bcc6fe0c26bcb46f","name":"Redacci\u00f3n Ecuador","description":"News published by the Pressenza bureau in Quito, Ecuador","url":"https:\/\/www.pressenza.com\/es\/author\/redaccion-ecuador\/"}]}},"place":"Buenos Aires, Argentina","original_article_url":"","_links":{"self":[{"href":"https:\/\/www.pressenza.com\/es\/wp-json\/wp\/v2\/posts\/1218128","targetHints":{"allow":["GET"]}}],"collection":[{"href":"https:\/\/www.pressenza.com\/es\/wp-json\/wp\/v2\/posts"}],"about":[{"href":"https:\/\/www.pressenza.com\/es\/wp-json\/wp\/v2\/types\/post"}],"author":[{"embeddable":true,"href":"https:\/\/www.pressenza.com\/es\/wp-json\/wp\/v2\/users\/1011"}],"replies":[{"embeddable":true,"href":"https:\/\/www.pressenza.com\/es\/wp-json\/wp\/v2\/comments?post=1218128"}],"version-history":[{"count":0,"href":"https:\/\/www.pressenza.com\/es\/wp-json\/wp\/v2\/posts\/1218128\/revisions"}],"wp:featuredmedia":[{"embeddable":true,"href":"https:\/\/www.pressenza.com\/es\/wp-json\/wp\/v2\/media\/1218129"}],"wp:attachment":[{"href":"https:\/\/www.pressenza.com\/es\/wp-json\/wp\/v2\/media?parent=1218128"}],"wp:term":[{"taxonomy":"category","embeddable":true,"href":"https:\/\/www.pressenza.com\/es\/wp-json\/wp\/v2\/categories?post=1218128"},{"taxonomy":"post_tag","embeddable":true,"href":"https:\/\/www.pressenza.com\/es\/wp-json\/wp\/v2\/tags?post=1218128"}],"curies":[{"name":"wp","href":"https:\/\/api.w.org\/{rel}","templated":true}]}}