{"id":1216595,"date":"2020-10-13T20:54:44","date_gmt":"2020-10-13T19:54:44","guid":{"rendered":"https:\/\/www.pressenza.com\/?p=1216595"},"modified":"2020-10-13T20:54:44","modified_gmt":"2020-10-13T19:54:44","slug":"escasez-de-personal-quejas-laborales-y-privatizacion-los-claroscuros-de-la-sanidad-alemana-pese-a-su-buena-gestion-de-la-pandemia","status":"publish","type":"post","link":"https:\/\/www.pressenza.com\/es\/2020\/10\/escasez-de-personal-quejas-laborales-y-privatizacion-los-claroscuros-de-la-sanidad-alemana-pese-a-su-buena-gestion-de-la-pandemia\/","title":{"rendered":"Escasez de personal, quejas laborales y privatizaci\u00f3n: los claroscuros de la sanidad alemana pese a su buena gesti\u00f3n de la pandemia"},"content":{"rendered":"<p><em>El sistema de salud alem\u00e1n no ha dejado de recibir elogios durante la crisis de la COVID-19, pero tambi\u00e9n presenta deficiencias y algunos se\u00f1alan al excesivo peso del sector privado en la sanidad<\/em><\/p>\n<p><em><strong>por Aldo Mas<\/strong><\/em><\/p>\n<p>Es considerado uno de los pa\u00edses que ha respondido con m\u00e1s eficacia a la pandemia. Aunque Alemania no evit\u00f3 el brote de COVID-19, los protocolos que despleg\u00f3 facilitaron su respuesta a la hora de detectar, contener y tratar el virus, y su mortalidad por n\u00famero de habitantes es mucho m\u00e1s baja que la de otros vecinos europeos.<\/p>\n<p class=\"article-text\">En todo este tiempo, el sistema sanitario alem\u00e1n se ha presentado como robusto. Lo es si se compara con otros pa\u00edses de su entorno. Antes de la COVID-19, Alemania dispon\u00eda de 33,9 camas para cuidados intensivos por cada 100.000 habitantes,\u00a0<a class=\"link\" href=\"https:\/\/www.oecd.org\/coronavirus\/en\/data-insights\/intensive-care-beds-capacity\" target=\"_blank\" rel=\"noopener noreferrer\">seg\u00fan los datos de la Organizaci\u00f3n para la Cooperaci\u00f3n y el Desarrollo Econ\u00f3mico (OCDE)<\/a>, de 2017. En Espa\u00f1a eran 9,7; en Francia, 16,3 y en Italia, 8,6. El de Angela Merkel es el pa\u00eds con m\u00e1s camas de cuidados intensivos de la OCDE, seguido por Austria y Estados Unidos. En total, a principios de la pandemia se contaban en Alemania unas 25.000 camas de cr\u00edticos equipadas con respiradores. Para los expertos,\u00a0<a class=\"link\" href=\"https:\/\/www.thelancet.com\/journals\/lancet\/article\/PIIS0140-6736(20)32007-9\/fulltext#sec1\" target=\"_blank\" rel=\"noopener noreferrer\">su experiencia muestra los beneficios de invertir<\/a>\u00a0en salud para el futuro.<\/p>\n<p class=\"article-text\">El sistema sanitario de Alemania\u00a0<a class=\"link\" href=\"https:\/\/www.eldiario.es\/internacional\/alemania-destinara-4-000-millones-a-fortalecer-la-sanidad-publica_1_6202807.html\" target=\"_blank\" rel=\"noopener noreferrer\">volvi\u00f3 a ocupar titulares a comienzos del mes pasado<\/a>, cuando el Gobierno anunci\u00f3 una inversi\u00f3n de 4.000 millones de euros en los pr\u00f3ximos seis a\u00f1os para fortalecer sus servicios de salud. La Organizaci\u00f3n Mundial de la Salud (OMS) celebr\u00f3 la decisi\u00f3n y pidi\u00f3 a todos los pa\u00edses \u00abque inviertan en salud p\u00fablica, y especialmente en atenci\u00f3n primaria, y sigan el ejemplo de Alemania\u00bb.<\/p>\n<h3 class=\"article-text\">\u00abDos clases\u00bb de sistema sanitario y creciente peso de los hospitales privados<\/h3>\n<p class=\"article-text\">Pero, \u00bfc\u00f3mo es el sistema sanitario alem\u00e1n? Una de sus caracter\u00edsticas es que es obligatorio contratar un seguro m\u00e9dico. Hay dos tipos de seguros: p\u00fablicos y privados. Pero la idea de \u00ablo p\u00fablico\u00bb en la sanidad alemana poco tiene que ver con la que hay en Espa\u00f1a. \u00abEn el sistema alem\u00e1n confluyen la econom\u00eda y la medicina\u00bb, dice a elDiario.es Florian Blank, investigador de la Fundaci\u00f3n Hans-Bockler, una organizaci\u00f3n dedicada al an\u00e1lisis de la realidad laboral germana.<\/p>\n<p class=\"article-text\">La existencia de seguros p\u00fablicos y privados es lo que lleva a sindicalistas y partidos de izquierda, socialdem\u00f3cratas y ecologistas a hablar aqu\u00ed en tono cr\u00edtico de la existencia de \u00abdos clases de sistemas de salud\u00bb. Este fen\u00f3meno tambi\u00e9n tiene su expresi\u00f3n en la red hospitalaria, porque desde mediados los a\u00f1os 80 los intereses del sector privado entraron en los centros hospitalarios.<\/p>\n<p class=\"article-text\">Ahora, en el paisaje sanitario alem\u00e1n, conviven hospitales p\u00fablicos y privados: en total,\u00a0<a class=\"link\" href=\"https:\/\/www.destatis.de\/DE\/Themen\/Gesellschaft-Umwelt\/Gesundheit\/Krankenhaeuser\/_inhalt.html\" target=\"_blank\" rel=\"noopener noreferrer\">se cuentan en el pa\u00eds 1.925<\/a>\u00a0centros hospitalarios. Se calcula que los centros dependientes de fondos p\u00fablicos son cerca el 60%. Los privados representan alrededor del 40%.<\/p>\n<p class=\"article-text\">Blank insiste, sin embargo, en que \u00abtodos los hospitales est\u00e1n en una situaci\u00f3n dif\u00edcil\u00bb, porque \u00abtienen que trabajar para ganar dinero. Los m\u00e9dicos tambi\u00e9n est\u00e1n obligados a pensar en esto\u00bb.<strong>\u00a0<\/strong>La financiaci\u00f3n de los hospitales alemanes, incluidos los p\u00fablicos, tambi\u00e9n depende de su actividad. Reciben dinero en funci\u00f3n de las patolog\u00edas de las que se ocupan, y hay tratamientos m\u00e1s rentables que otros, recuerda el investigador.<\/p>\n<p class=\"article-text\">Esa confluencia no es armoniosa. Genera tensiones, como la que se vive en las consultas de los m\u00e9dicos de la atenci\u00f3n primaria. Estos m\u00e9dicos, en lugar de trabajar como ocurre en Espa\u00f1a, lo hacen a trav\u00e9s de consultas propias. Y esas consultas funcionan, en muchos sentidos, como empresas.<\/p>\n<p class=\"article-text\">\u00abLos m\u00e9dicos tienen que lidiar al mismo tiempo con su actividad como si fueran una empresa, porque cada m\u00e9dico es responsable de su propia consulta. Tiene que hacer lo posible para poder pagar los gastos de plantilla y tambi\u00e9n generar beneficios\u00bb, subraya Blank, investigador de la Fundaci\u00f3n Hans-Bockler.<\/p>\n<p class=\"article-text\">Achim Kessler, diputado en el Bundestag del partido de izquierdas Die Linke, para el que ejerce de experto en pol\u00edtica sanitaria, alerta de la amenaza de que la l\u00f3gica de generar beneficios se acabe imponiendo en el sistema hospitalario. \u00abCada vez es mayor el n\u00famero de hospitales privatizados. En 2017, el 35% estaba en manos privadas. Ahora es del 37%\u00bb, dice Kessler a elDiario.es.<\/p>\n<p class=\"article-text\">\u00abEl modelo de negocio de los grupos privados hospitalarios est\u00e1 fij\u00e1ndose all\u00ed donde los municipios no pueden mantener sus obligaciones de financiaci\u00f3n de los hospitales\u00bb, sostiene Kessler. El diputado recalca que all\u00ed donde entra el capital privado \u00ablos costes son reducidos al m\u00e1ximo porque tiene que hacerse negocio\u00bb.<\/p>\n<h3 class=\"article-text\">Escasez de personal y protestas<\/h3>\n<p class=\"article-text\">Durante los \u00faltimos a\u00f1os, dejando a un lado el par\u00e9ntesis de refuerzos que ha supuesto la pandemia, los recortes se han cebado con el personal, especialmente en los hospitales.\u00a0<a class=\"link\" href=\"https:\/\/www.boeckler.de\/de\/faust-detail.htm?sync_id=HBS-06992\" target=\"_blank\" rel=\"noopener noreferrer\">Seg\u00fan los estudios de la Fundaci\u00f3n Hans-Bockler<\/a>, la falta de personal sanitario en el pa\u00eds se estima en 100.000 personas.<\/p>\n<p class=\"article-text\">Como consecuencia de esa carest\u00eda de personal, explican desde la entidad, los empleos en el sector se degradan. \u00abLos trabajadores sanitarios, cuidadores y m\u00e9dicos tienen que compensar en su trabajo el hecho de que no son suficientes. Tienen menos pausas o deben trabajar m\u00e1s r\u00e1pido, por ejemplo. Estos trabajadores tienen que soportar condiciones de trabajo que no son buenas\u00bb.<\/p>\n<p class=\"article-text\">En el Gobierno de &#8216;gran coalici\u00f3n&#8217; que lidera la conservadora Angela Merkel son conscientes de la falta de personal. En Alemania, la escasez de trabajadores cualificados, especialmente de profesionales de la enfermer\u00eda y cuidadores, es una constante en el debate p\u00fablico, pero ha cobrado fuerza con la pandemia.\u00a0El ministro de Sanidad, Jens Spahn, reconoci\u00f3 hace dos a\u00f1os que era necesario cubrir unos 50.000 puestos vacantes en todo el sector asistencial.\u00a0El Gobierno quiso llenar ese vac\u00edo con profesionales extranjeros, pero los programas se suspendieron por la crisis de la COVID-19,\u00a0<a class=\"link\" href=\"https:\/\/www.dw.com\/es\/alemania-necesita-desesperadamente-personal-de-enfermer%C3%ADa\/a-54600110\" target=\"_blank\" rel=\"noopener noreferrer\">seg\u00fan los medios alemanes.<\/a><\/p>\n<p class=\"article-text\">El a\u00f1o pasado, Spahn hablaba con orgullo de que el Ejecutivo contribuy\u00f3 en 2018 a la financiaci\u00f3n de 13.000 puestos de trabajo m\u00e1s para cuidadores en centros de mayores y enfermeros<strong>.\u00a0<\/strong>Pero esa cifra es solo una parte de los 100.000 trabajadores que se calculan que hacen falta en el sistema sanitario, seg\u00fan las cuentas de la Fundaci\u00f3n Hans-Bockler.<\/p>\n<p class=\"article-text\">Estudios de la Federaci\u00f3n Alemana de Sindicatos (DGB, por sus siglas en alem\u00e1n) y el mayor sindicato del sector servicios, Ver.di, han denunciado las condiciones de extenuaci\u00f3n en las que est\u00e1n obligados a desarrollar sus funciones los trabajadores del sector. Es lo que sac\u00f3 a la calle\u00a0<a class=\"link\" href=\"https:\/\/www.eldiario.es\/economia\/trabajadores-sector-publico-aleman-ponen-pie-guerra-reivindicar-mejoras-salariales-covid-19_1_6246341.html\" target=\"_blank\" rel=\"noopener noreferrer\">a finales de septiembre a cientos de trabajadores sanitarios y otros empleados esenciales<\/a>\u00a0en la pandemia del sector p\u00fablico, que piden mejorar sus condiciones salariales. El lema en sus protestas era y es: \u00abAyer se aplaud\u00eda, hoy es d\u00eda de cobrar\u00bb.<\/p>\n<h3 class=\"article-text\">El Gobierno reforz\u00f3 el sistema sanitario durante la pandemia<\/h3>\n<p class=\"article-text\">Para hacer frente a la segunda ola de contagios de coronavirus que ya se atisba en suelo germano, el Gobierno alem\u00e1n acord\u00f3 a principios de septiembre invertir\u00a0<a class=\"link\" href=\"https:\/\/www.eldiario.es\/internacional\/alemania-destinara-4-000-millones-a-fortalecer-la-sanidad-publica_1_6202807.html\" target=\"_blank\" rel=\"noopener noreferrer\">4.000 millones de euros hasta 2026 en su sistema sanitario<\/a>\u00a0p\u00fablico. Entre los destinatarios de estos recursos est\u00e1n las Oficinas Locales para la Salud, \u00f3rganos destinados, entre otras cosas, a romper las cadenas de contagio por coronavirus. Al servicio de estas, el Gobierno de Merkel ha puesto al Ej\u00e9rcito y a refuerzos que llegan del Instituto Robert Koch (RKI), la agencia federal de prevenci\u00f3n y control de enfermedades.<\/p>\n<p class=\"article-text\">El ministro de Sanidad precis\u00f3 que este plan permitir\u00e1 crear al menos 1.500 nuevos puestos de trabajo hasta finales de 2021. El objetivo es poder contar a finales de 2022 con al menos 5.000 nuevos empleos para m\u00e9dicos, personal cualificado y administrativo en la sanidad publica.<\/p>\n<p class=\"article-text\">Desde que comenz\u00f3 la pandemia, reforzar el sistema sanitario ha sido una de las prioridades de las autoridades germanas. En marzo, el ministro de Sanidad lanz\u00f3 un paquete valorado en varios miles de millones de euros para ampliar capacidades, entre ellas las hospitalarias. Seg\u00fan ese plan, aprobado a finales de marzo y cuando en Alemania se registraban unos 6.000 casos positivos de COVID-19 al d\u00eda,\u00a0<a class=\"link\" href=\"https:\/\/www.tagesschau.de\/inland\/spahn-krankenhaeuser-hilfspaket-101.html\" target=\"_blank\" rel=\"noopener noreferrer\">se iban a destinar 50.000 euros por cama de UCI para reforzarlas y ampliarlas.<\/a><\/p>\n<p class=\"article-text\">Por otro lado, la hasta ahora creciente capacidad para efectuar pruebas de coronavirus tambi\u00e9n ha demostrado ser una de las razones por las que Alemania ha contenido como pocos pa\u00edses al SARS-CoV-2. La pol\u00edtica de test puesta en marcha en Alemania, solo posible por la red de varios cientos de laboratorios que llevan ya mes y medio trabajando al l\u00edmite de sus capacidades, posibilita que en suelo alem\u00e1n se hagan algo m\u00e1s de un mill\u00f3n de pruebas semanales. Estas pruebas son fundamentales para identificar y aislar a los casos positivos.<\/p>\n<p class=\"article-text\">Las autoridades sanitarias se ocupan del coste de la mayor\u00eda de los test a trav\u00e9s de los seguros m\u00e9dicos. Durante la pandemia, las aseguradoras est\u00e1n recibiendo apoyo econ\u00f3mico del Estado alem\u00e1n para hacer frente a los costes de las pruebas.<\/p>\n<p class=\"article-text\">En virtud de esas pruebas, desde que comenz\u00f3 la pandemia, Alemania ha registrado m\u00e1s de 310.000 casos positivos de coronavirus, seg\u00fan el RKI. Algo m\u00e1s de 9.500 personas han fallecido, un n\u00famero que est\u00e1 muy por debajo de las muertes contabilizadas en Francia, Reino Unido o Espa\u00f1a.<\/p>\n","protected":false},"excerpt":{"rendered":"<p>El sistema de salud alem\u00e1n no ha dejado de recibir elogios durante la crisis de la COVID-19, pero tambi\u00e9n presenta deficiencias y algunos se\u00f1alan al excesivo peso del sector privado en la sanidad por Aldo Mas Es considerado uno de&hellip;<\/p>\n","protected":false},"author":1170,"featured_media":1216596,"comment_status":"closed","ping_status":"closed","sticky":false,"template":"","format":"standard","meta":{"footnotes":""},"categories":[81,66,1239],"tags":[5374,772,70071,78757,72253,22219,39273],"class_list":["post-1216595","post","type-post","status-publish","format-standard","has-post-thumbnail","hentry","category-economia-es","category-europa-es","category-salud","tag-alemania","tag-angela-merkel","tag-coronavirus-es","tag-covid-19-ca-es","tag-pandemia-es","tag-salud","tag-sistema-sanitario"],"yoast_head":"<!-- This site is optimized with the Yoast SEO plugin v27.1.1 - https:\/\/yoast.com\/product\/yoast-seo-wordpress\/ -->\n<title>Escasez de personal, quejas laborales y privatizaci\u00f3n: los claroscuros de la sanidad alemana pese a su buena gesti\u00f3n de la pandemia<\/title>\n<meta name=\"description\" content=\"El sistema de salud alem\u00e1n no ha dejado de recibir elogios durante la crisis de la COVID-19, pero tambi\u00e9n presenta deficiencias y algunos se\u00f1alan al\" \/>\n<meta name=\"robots\" content=\"index, follow, max-snippet:-1, max-image-preview:large, max-video-preview:-1\" \/>\n<link rel=\"canonical\" href=\"https:\/\/www.pressenza.com\/es\/2020\/10\/escasez-de-personal-quejas-laborales-y-privatizacion-los-claroscuros-de-la-sanidad-alemana-pese-a-su-buena-gestion-de-la-pandemia\/\" \/>\n<meta property=\"og:locale\" content=\"es_ES\" \/>\n<meta property=\"og:type\" content=\"article\" \/>\n<meta property=\"og:title\" content=\"Escasez de personal, quejas laborales y privatizaci\u00f3n: los claroscuros de la sanidad alemana pese a su buena gesti\u00f3n de la pandemia\" \/>\n<meta property=\"og:description\" content=\"El sistema de salud alem\u00e1n no ha dejado de recibir elogios durante la crisis de la COVID-19, pero tambi\u00e9n presenta deficiencias y algunos se\u00f1alan al\" \/>\n<meta property=\"og:url\" content=\"https:\/\/www.pressenza.com\/es\/2020\/10\/escasez-de-personal-quejas-laborales-y-privatizacion-los-claroscuros-de-la-sanidad-alemana-pese-a-su-buena-gestion-de-la-pandemia\/\" \/>\n<meta property=\"og:site_name\" content=\"Pressenza\" \/>\n<meta property=\"article:publisher\" content=\"https:\/\/www.facebook.com\/PressenzaItalia\" \/>\n<meta property=\"article:published_time\" content=\"2020-10-13T19:54:44+00:00\" \/>\n<meta property=\"og:image\" content=\"https:\/\/www.pressenza.com\/wp-content\/uploads\/2020\/10\/sick-card-491715_1920.jpg\" \/>\n\t<meta property=\"og:image:width\" content=\"1920\" \/>\n\t<meta property=\"og:image:height\" content=\"1199\" \/>\n\t<meta property=\"og:image:type\" content=\"image\/jpeg\" \/>\n<meta name=\"author\" content=\"eldiario.es\" \/>\n<meta name=\"twitter:card\" content=\"summary_large_image\" \/>\n<meta name=\"twitter:creator\" content=\"@PressenzaIPA\" \/>\n<meta name=\"twitter:site\" content=\"@PressenzaIPA\" \/>\n<meta name=\"twitter:label1\" content=\"Escrito por\" \/>\n\t<meta name=\"twitter:data1\" content=\"eldiario.es\" \/>\n\t<meta name=\"twitter:label2\" content=\"Tiempo de lectura\" \/>\n\t<meta name=\"twitter:data2\" content=\"8 minutos\" \/>\n<script type=\"application\/ld+json\" class=\"yoast-schema-graph\">{\"@context\":\"https:\/\/schema.org\",\"@graph\":[{\"@type\":\"Article\",\"@id\":\"https:\/\/www.pressenza.com\/es\/2020\/10\/escasez-de-personal-quejas-laborales-y-privatizacion-los-claroscuros-de-la-sanidad-alemana-pese-a-su-buena-gestion-de-la-pandemia\/#article\",\"isPartOf\":{\"@id\":\"https:\/\/www.pressenza.com\/es\/2020\/10\/escasez-de-personal-quejas-laborales-y-privatizacion-los-claroscuros-de-la-sanidad-alemana-pese-a-su-buena-gestion-de-la-pandemia\/\"},\"author\":{\"name\":\"eldiario.es\",\"@id\":\"https:\/\/www.pressenza.com\/es\/#\/schema\/person\/35221cfd7eeca947b184bfc91172e541\"},\"headline\":\"Escasez de personal, quejas laborales y privatizaci\u00f3n: los claroscuros de la sanidad alemana pese a su buena gesti\u00f3n de la pandemia\",\"datePublished\":\"2020-10-13T19:54:44+00:00\",\"mainEntityOfPage\":{\"@id\":\"https:\/\/www.pressenza.com\/es\/2020\/10\/escasez-de-personal-quejas-laborales-y-privatizacion-los-claroscuros-de-la-sanidad-alemana-pese-a-su-buena-gestion-de-la-pandemia\/\"},\"wordCount\":1635,\"publisher\":{\"@id\":\"https:\/\/www.pressenza.com\/es\/#organization\"},\"image\":{\"@id\":\"https:\/\/www.pressenza.com\/es\/2020\/10\/escasez-de-personal-quejas-laborales-y-privatizacion-los-claroscuros-de-la-sanidad-alemana-pese-a-su-buena-gestion-de-la-pandemia\/#primaryimage\"},\"thumbnailUrl\":\"https:\/\/www.pressenza.com\/wp-content\/uploads\/2020\/10\/sick-card-491715_1920.jpg\",\"keywords\":[\"Alemania\",\"Angela Merkel\",\"coronav\u00edrus\",\"COVID-19\",\"pandemia\",\"Salud\",\"sistema sanitario\"],\"articleSection\":[\"Econom\u00eda\",\"Europa\",\"Salud\"],\"inLanguage\":\"es\"},{\"@type\":\"WebPage\",\"@id\":\"https:\/\/www.pressenza.com\/es\/2020\/10\/escasez-de-personal-quejas-laborales-y-privatizacion-los-claroscuros-de-la-sanidad-alemana-pese-a-su-buena-gestion-de-la-pandemia\/\",\"url\":\"https:\/\/www.pressenza.com\/es\/2020\/10\/escasez-de-personal-quejas-laborales-y-privatizacion-los-claroscuros-de-la-sanidad-alemana-pese-a-su-buena-gestion-de-la-pandemia\/\",\"name\":\"Escasez de personal, quejas laborales y privatizaci\u00f3n: los claroscuros de la sanidad alemana pese a su buena gesti\u00f3n de la pandemia\",\"isPartOf\":{\"@id\":\"https:\/\/www.pressenza.com\/es\/#website\"},\"primaryImageOfPage\":{\"@id\":\"https:\/\/www.pressenza.com\/es\/2020\/10\/escasez-de-personal-quejas-laborales-y-privatizacion-los-claroscuros-de-la-sanidad-alemana-pese-a-su-buena-gestion-de-la-pandemia\/#primaryimage\"},\"image\":{\"@id\":\"https:\/\/www.pressenza.com\/es\/2020\/10\/escasez-de-personal-quejas-laborales-y-privatizacion-los-claroscuros-de-la-sanidad-alemana-pese-a-su-buena-gestion-de-la-pandemia\/#primaryimage\"},\"thumbnailUrl\":\"https:\/\/www.pressenza.com\/wp-content\/uploads\/2020\/10\/sick-card-491715_1920.jpg\",\"datePublished\":\"2020-10-13T19:54:44+00:00\",\"description\":\"El sistema de salud alem\u00e1n no ha dejado de recibir elogios durante la crisis de la COVID-19, pero tambi\u00e9n presenta deficiencias y algunos se\u00f1alan al\",\"breadcrumb\":{\"@id\":\"https:\/\/www.pressenza.com\/es\/2020\/10\/escasez-de-personal-quejas-laborales-y-privatizacion-los-claroscuros-de-la-sanidad-alemana-pese-a-su-buena-gestion-de-la-pandemia\/#breadcrumb\"},\"inLanguage\":\"es\",\"potentialAction\":[{\"@type\":\"ReadAction\",\"target\":[\"https:\/\/www.pressenza.com\/es\/2020\/10\/escasez-de-personal-quejas-laborales-y-privatizacion-los-claroscuros-de-la-sanidad-alemana-pese-a-su-buena-gestion-de-la-pandemia\/\"]}]},{\"@type\":\"ImageObject\",\"inLanguage\":\"es\",\"@id\":\"https:\/\/www.pressenza.com\/es\/2020\/10\/escasez-de-personal-quejas-laborales-y-privatizacion-los-claroscuros-de-la-sanidad-alemana-pese-a-su-buena-gestion-de-la-pandemia\/#primaryimage\",\"url\":\"https:\/\/www.pressenza.com\/wp-content\/uploads\/2020\/10\/sick-card-491715_1920.jpg\",\"contentUrl\":\"https:\/\/www.pressenza.com\/wp-content\/uploads\/2020\/10\/sick-card-491715_1920.jpg\",\"width\":1920,\"height\":1199},{\"@type\":\"BreadcrumbList\",\"@id\":\"https:\/\/www.pressenza.com\/es\/2020\/10\/escasez-de-personal-quejas-laborales-y-privatizacion-los-claroscuros-de-la-sanidad-alemana-pese-a-su-buena-gestion-de-la-pandemia\/#breadcrumb\",\"itemListElement\":[{\"@type\":\"ListItem\",\"position\":1,\"name\":\"Accueil\",\"item\":\"https:\/\/www.pressenza.com\/es\/\"},{\"@type\":\"ListItem\",\"position\":2,\"name\":\"Escasez de personal, quejas laborales y privatizaci\u00f3n: los claroscuros de la sanidad alemana pese a su buena gesti\u00f3n de la pandemia\"}]},{\"@type\":\"WebSite\",\"@id\":\"https:\/\/www.pressenza.com\/es\/#website\",\"url\":\"https:\/\/www.pressenza.com\/es\/\",\"name\":\"Pressenza\",\"description\":\"International Press Agency\",\"publisher\":{\"@id\":\"https:\/\/www.pressenza.com\/es\/#organization\"},\"potentialAction\":[{\"@type\":\"SearchAction\",\"target\":{\"@type\":\"EntryPoint\",\"urlTemplate\":\"https:\/\/www.pressenza.com\/es\/?s={search_term_string}\"},\"query-input\":{\"@type\":\"PropertyValueSpecification\",\"valueRequired\":true,\"valueName\":\"search_term_string\"}}],\"inLanguage\":\"es\"},{\"@type\":\"Organization\",\"@id\":\"https:\/\/www.pressenza.com\/es\/#organization\",\"name\":\"Pressenza\",\"url\":\"https:\/\/www.pressenza.com\/es\/\",\"logo\":{\"@type\":\"ImageObject\",\"inLanguage\":\"es\",\"@id\":\"https:\/\/www.pressenza.com\/es\/#\/schema\/logo\/image\/\",\"url\":\"https:\/\/www.pressenza.com\/wp-content\/uploads\/2022\/10\/pressenza_logo_200x200.jpg\",\"contentUrl\":\"https:\/\/www.pressenza.com\/wp-content\/uploads\/2022\/10\/pressenza_logo_200x200.jpg\",\"width\":200,\"height\":200,\"caption\":\"Pressenza\"},\"image\":{\"@id\":\"https:\/\/www.pressenza.com\/es\/#\/schema\/logo\/image\/\"},\"sameAs\":[\"https:\/\/www.facebook.com\/PressenzaItalia\",\"https:\/\/x.com\/PressenzaIPA\"]},{\"@type\":\"Person\",\"@id\":\"https:\/\/www.pressenza.com\/es\/#\/schema\/person\/35221cfd7eeca947b184bfc91172e541\",\"name\":\"eldiario.es\",\"description\":\"eldiario.es is a new digital media with information and analysis focussing on politics and economics in its broadest sense: what affects people more than parties or markets. eldiario.es\",\"url\":\"https:\/\/www.pressenza.com\/es\/author\/eldiario-es\/\"}]}<\/script>\n<!-- \/ Yoast SEO plugin. -->","yoast_head_json":{"title":"Escasez de personal, quejas laborales y privatizaci\u00f3n: los claroscuros de la sanidad alemana pese a su buena gesti\u00f3n de la pandemia","description":"El sistema de salud alem\u00e1n no ha dejado de recibir elogios durante la crisis de la COVID-19, pero tambi\u00e9n presenta deficiencias y algunos se\u00f1alan al","robots":{"index":"index","follow":"follow","max-snippet":"max-snippet:-1","max-image-preview":"max-image-preview:large","max-video-preview":"max-video-preview:-1"},"canonical":"https:\/\/www.pressenza.com\/es\/2020\/10\/escasez-de-personal-quejas-laborales-y-privatizacion-los-claroscuros-de-la-sanidad-alemana-pese-a-su-buena-gestion-de-la-pandemia\/","og_locale":"es_ES","og_type":"article","og_title":"Escasez de personal, quejas laborales y privatizaci\u00f3n: los claroscuros de la sanidad alemana pese a su buena gesti\u00f3n de la pandemia","og_description":"El sistema de salud alem\u00e1n no ha dejado de recibir elogios durante la crisis de la COVID-19, pero tambi\u00e9n presenta deficiencias y algunos se\u00f1alan al","og_url":"https:\/\/www.pressenza.com\/es\/2020\/10\/escasez-de-personal-quejas-laborales-y-privatizacion-los-claroscuros-de-la-sanidad-alemana-pese-a-su-buena-gestion-de-la-pandemia\/","og_site_name":"Pressenza","article_publisher":"https:\/\/www.facebook.com\/PressenzaItalia","article_published_time":"2020-10-13T19:54:44+00:00","og_image":[{"width":1920,"height":1199,"url":"https:\/\/www.pressenza.com\/wp-content\/uploads\/2020\/10\/sick-card-491715_1920.jpg","type":"image\/jpeg"}],"author":"eldiario.es","twitter_card":"summary_large_image","twitter_creator":"@PressenzaIPA","twitter_site":"@PressenzaIPA","twitter_misc":{"Escrito por":"eldiario.es","Tiempo de lectura":"8 minutos"},"schema":{"@context":"https:\/\/schema.org","@graph":[{"@type":"Article","@id":"https:\/\/www.pressenza.com\/es\/2020\/10\/escasez-de-personal-quejas-laborales-y-privatizacion-los-claroscuros-de-la-sanidad-alemana-pese-a-su-buena-gestion-de-la-pandemia\/#article","isPartOf":{"@id":"https:\/\/www.pressenza.com\/es\/2020\/10\/escasez-de-personal-quejas-laborales-y-privatizacion-los-claroscuros-de-la-sanidad-alemana-pese-a-su-buena-gestion-de-la-pandemia\/"},"author":{"name":"eldiario.es","@id":"https:\/\/www.pressenza.com\/es\/#\/schema\/person\/35221cfd7eeca947b184bfc91172e541"},"headline":"Escasez de personal, quejas laborales y privatizaci\u00f3n: los claroscuros de la sanidad alemana pese a su buena gesti\u00f3n de la pandemia","datePublished":"2020-10-13T19:54:44+00:00","mainEntityOfPage":{"@id":"https:\/\/www.pressenza.com\/es\/2020\/10\/escasez-de-personal-quejas-laborales-y-privatizacion-los-claroscuros-de-la-sanidad-alemana-pese-a-su-buena-gestion-de-la-pandemia\/"},"wordCount":1635,"publisher":{"@id":"https:\/\/www.pressenza.com\/es\/#organization"},"image":{"@id":"https:\/\/www.pressenza.com\/es\/2020\/10\/escasez-de-personal-quejas-laborales-y-privatizacion-los-claroscuros-de-la-sanidad-alemana-pese-a-su-buena-gestion-de-la-pandemia\/#primaryimage"},"thumbnailUrl":"https:\/\/www.pressenza.com\/wp-content\/uploads\/2020\/10\/sick-card-491715_1920.jpg","keywords":["Alemania","Angela Merkel","coronav\u00edrus","COVID-19","pandemia","Salud","sistema sanitario"],"articleSection":["Econom\u00eda","Europa","Salud"],"inLanguage":"es"},{"@type":"WebPage","@id":"https:\/\/www.pressenza.com\/es\/2020\/10\/escasez-de-personal-quejas-laborales-y-privatizacion-los-claroscuros-de-la-sanidad-alemana-pese-a-su-buena-gestion-de-la-pandemia\/","url":"https:\/\/www.pressenza.com\/es\/2020\/10\/escasez-de-personal-quejas-laborales-y-privatizacion-los-claroscuros-de-la-sanidad-alemana-pese-a-su-buena-gestion-de-la-pandemia\/","name":"Escasez de personal, quejas laborales y privatizaci\u00f3n: los claroscuros de la sanidad alemana pese a su buena gesti\u00f3n de la pandemia","isPartOf":{"@id":"https:\/\/www.pressenza.com\/es\/#website"},"primaryImageOfPage":{"@id":"https:\/\/www.pressenza.com\/es\/2020\/10\/escasez-de-personal-quejas-laborales-y-privatizacion-los-claroscuros-de-la-sanidad-alemana-pese-a-su-buena-gestion-de-la-pandemia\/#primaryimage"},"image":{"@id":"https:\/\/www.pressenza.com\/es\/2020\/10\/escasez-de-personal-quejas-laborales-y-privatizacion-los-claroscuros-de-la-sanidad-alemana-pese-a-su-buena-gestion-de-la-pandemia\/#primaryimage"},"thumbnailUrl":"https:\/\/www.pressenza.com\/wp-content\/uploads\/2020\/10\/sick-card-491715_1920.jpg","datePublished":"2020-10-13T19:54:44+00:00","description":"El sistema de salud alem\u00e1n no ha dejado de recibir elogios durante la crisis de la COVID-19, pero tambi\u00e9n presenta deficiencias y algunos se\u00f1alan al","breadcrumb":{"@id":"https:\/\/www.pressenza.com\/es\/2020\/10\/escasez-de-personal-quejas-laborales-y-privatizacion-los-claroscuros-de-la-sanidad-alemana-pese-a-su-buena-gestion-de-la-pandemia\/#breadcrumb"},"inLanguage":"es","potentialAction":[{"@type":"ReadAction","target":["https:\/\/www.pressenza.com\/es\/2020\/10\/escasez-de-personal-quejas-laborales-y-privatizacion-los-claroscuros-de-la-sanidad-alemana-pese-a-su-buena-gestion-de-la-pandemia\/"]}]},{"@type":"ImageObject","inLanguage":"es","@id":"https:\/\/www.pressenza.com\/es\/2020\/10\/escasez-de-personal-quejas-laborales-y-privatizacion-los-claroscuros-de-la-sanidad-alemana-pese-a-su-buena-gestion-de-la-pandemia\/#primaryimage","url":"https:\/\/www.pressenza.com\/wp-content\/uploads\/2020\/10\/sick-card-491715_1920.jpg","contentUrl":"https:\/\/www.pressenza.com\/wp-content\/uploads\/2020\/10\/sick-card-491715_1920.jpg","width":1920,"height":1199},{"@type":"BreadcrumbList","@id":"https:\/\/www.pressenza.com\/es\/2020\/10\/escasez-de-personal-quejas-laborales-y-privatizacion-los-claroscuros-de-la-sanidad-alemana-pese-a-su-buena-gestion-de-la-pandemia\/#breadcrumb","itemListElement":[{"@type":"ListItem","position":1,"name":"Accueil","item":"https:\/\/www.pressenza.com\/es\/"},{"@type":"ListItem","position":2,"name":"Escasez de personal, quejas laborales y privatizaci\u00f3n: los claroscuros de la sanidad alemana pese a su buena gesti\u00f3n de la pandemia"}]},{"@type":"WebSite","@id":"https:\/\/www.pressenza.com\/es\/#website","url":"https:\/\/www.pressenza.com\/es\/","name":"Pressenza","description":"International Press Agency","publisher":{"@id":"https:\/\/www.pressenza.com\/es\/#organization"},"potentialAction":[{"@type":"SearchAction","target":{"@type":"EntryPoint","urlTemplate":"https:\/\/www.pressenza.com\/es\/?s={search_term_string}"},"query-input":{"@type":"PropertyValueSpecification","valueRequired":true,"valueName":"search_term_string"}}],"inLanguage":"es"},{"@type":"Organization","@id":"https:\/\/www.pressenza.com\/es\/#organization","name":"Pressenza","url":"https:\/\/www.pressenza.com\/es\/","logo":{"@type":"ImageObject","inLanguage":"es","@id":"https:\/\/www.pressenza.com\/es\/#\/schema\/logo\/image\/","url":"https:\/\/www.pressenza.com\/wp-content\/uploads\/2022\/10\/pressenza_logo_200x200.jpg","contentUrl":"https:\/\/www.pressenza.com\/wp-content\/uploads\/2022\/10\/pressenza_logo_200x200.jpg","width":200,"height":200,"caption":"Pressenza"},"image":{"@id":"https:\/\/www.pressenza.com\/es\/#\/schema\/logo\/image\/"},"sameAs":["https:\/\/www.facebook.com\/PressenzaItalia","https:\/\/x.com\/PressenzaIPA"]},{"@type":"Person","@id":"https:\/\/www.pressenza.com\/es\/#\/schema\/person\/35221cfd7eeca947b184bfc91172e541","name":"eldiario.es","description":"eldiario.es is a new digital media with information and analysis focussing on politics and economics in its broadest sense: what affects people more than parties or markets. eldiario.es","url":"https:\/\/www.pressenza.com\/es\/author\/eldiario-es\/"}]}},"place":"Berl\u00edn, Alemania","original_article_url":"https:\/\/www.eldiario.es\/internacional\/escasez-personal-quejas-laborales-privatizacion-claroscuros-sanidad-alemana-pese-buena-gestion-pandemia_1_6274792.html","_links":{"self":[{"href":"https:\/\/www.pressenza.com\/es\/wp-json\/wp\/v2\/posts\/1216595","targetHints":{"allow":["GET"]}}],"collection":[{"href":"https:\/\/www.pressenza.com\/es\/wp-json\/wp\/v2\/posts"}],"about":[{"href":"https:\/\/www.pressenza.com\/es\/wp-json\/wp\/v2\/types\/post"}],"author":[{"embeddable":true,"href":"https:\/\/www.pressenza.com\/es\/wp-json\/wp\/v2\/users\/1170"}],"replies":[{"embeddable":true,"href":"https:\/\/www.pressenza.com\/es\/wp-json\/wp\/v2\/comments?post=1216595"}],"version-history":[{"count":0,"href":"https:\/\/www.pressenza.com\/es\/wp-json\/wp\/v2\/posts\/1216595\/revisions"}],"wp:featuredmedia":[{"embeddable":true,"href":"https:\/\/www.pressenza.com\/es\/wp-json\/wp\/v2\/media\/1216596"}],"wp:attachment":[{"href":"https:\/\/www.pressenza.com\/es\/wp-json\/wp\/v2\/media?parent=1216595"}],"wp:term":[{"taxonomy":"category","embeddable":true,"href":"https:\/\/www.pressenza.com\/es\/wp-json\/wp\/v2\/categories?post=1216595"},{"taxonomy":"post_tag","embeddable":true,"href":"https:\/\/www.pressenza.com\/es\/wp-json\/wp\/v2\/tags?post=1216595"}],"curies":[{"name":"wp","href":"https:\/\/api.w.org\/{rel}","templated":true}]}}