{"id":1213278,"date":"2020-10-09T19:51:11","date_gmt":"2020-10-09T18:51:11","guid":{"rendered":"https:\/\/www.pressenza.com\/?p=1213278"},"modified":"2020-10-09T19:51:11","modified_gmt":"2020-10-09T18:51:11","slug":"testimonio-de-dos-miembros-de-medicos-sin-fronteras-sobre-la-situacion-en-moira-nuestro-silencio-las-mata","status":"publish","type":"post","link":"https:\/\/www.pressenza.com\/es\/2020\/10\/testimonio-de-dos-miembros-de-medicos-sin-fronteras-sobre-la-situacion-en-moira-nuestro-silencio-las-mata\/","title":{"rendered":"Testimonio de dos miembros de M\u00e9dicos sin Fronteras sobre la situaci\u00f3n en Moira: Nuestro silencio las mata"},"content":{"rendered":"<blockquote><p>Reproducimos un resumen de la autora, despu\u00e9s de asistir a un Encuentro de M\u00e9dicos sin Fronteras en septiembre pasado. La conversaci\u00f3n fue con Mario L\u00f3pez, responsable de Salud Mental y referente de Pediatr\u00eda en Moria, y Raquel Gonz\u00e1lez, responsable de Relaciones Exteriores de MSF.<\/p><\/blockquote>\n<p><em><strong>Por \u00c1frica G\u00f3mez Lucena<\/strong><\/em><\/p>\n<p>Desde 2016 est\u00e1n atrapadas en Moria miles de personas que huyen de guerras, de la miseria y de la represi\u00f3n pol\u00edtica. Actualmente hay casi 13.000 personas y lleg\u00f3 a haber hasta 19.000. El 40% son menores, ni\u00f1as y ni\u00f1os que no comprenden, que responden al desamparo en que se encuentran con conductas autolesivas, intentos de suicidio, ataques de p\u00e1nico y enfrentamientos con sus mayores que les han llevado hasta all\u00ed. No ven ese \u201cfuturo\u201d por el que han dejado sus pa\u00edses tambi\u00e9n en conflicto. \u00bfUn a\u00f1o de viaje para esto? \u00bfEs que no hay salida?<\/p>\n<p>No existe pol\u00edtica humanitaria alguna y las ONGs est\u00e1n criminalizadas. Trabajan sobre el terreno ONGs locales y otras de \u00e1mbito internacional de Grecia, Noruega, Espa\u00f1a, etc., pero son pocas para lo que se necesita.<\/p>\n<p>Tampoco existen las m\u00ednimas condiciones de higiene (WC, aseo, etc.), alimentaci\u00f3n, intervenci\u00f3n sanitaria. Es un encierro. La pandemia por COVID ha empeorado a\u00fan m\u00e1s la situaci\u00f3n, si es que cabe empeoramiento, y el invierno que se acerca, amenazando lluvias, sin luz, con el agua del mar para lavarse y poniendo en riesgo la vida principalmente de 5000 menores, provocar\u00e1 una a\u00fan m\u00e1s terrible situaci\u00f3n en la nueva reubicaci\u00f3n.<\/p>\n<p>El nuevo Pacto de Asilo y Reubicaci\u00f3n de la UE ser\u00e1 m\u00e1s de lo mismo. Quienes tengan \u201csuerte\u201d, solicitar\u00e1n\u00a0 asilo y las dem\u00e1s,se ver\u00e1n obligadas a volver a sus pa\u00edses con el eufemismo de \u201cretorno voluntario\u201d. El Pacto que est\u00e1 en tr\u00e1mites habla de lo de siempre: seguridad de fronteras, retornos, etc., que no se ajustan al Derecho Internacional Humanitario.<\/p>\n<p><strong>La ciudadan\u00eda podemos hacer mucho<\/strong> para que los <strong>Derechos Humanos<\/strong> (DDHH) se respeten con las personas refugiadas.<\/p>\n<p>En primer lugar, no dar por ciertas las informaciones falsas. No es cierto que las personas migrantes y refugiadas lo sean en un n\u00famero que ponga en peligro a los pa\u00edses de acogida. Han ido disminuyendo desde 2015 y permite hacer unas pol\u00edticas humanitarias.<\/p>\n<p>En segundo lugar, podemos empezar \u201cmirando\u201d de otra forma a las personas extranjeras, con empat\u00eda y solidaridad. Cualquiera podr\u00edamos encontrarnos en una situaci\u00f3n similar y la dignidad de todas las personas est\u00e1 por encima de cualquier otra consideraci\u00f3n.<\/p>\n<p><strong>\u00a0<\/strong><\/p>\n<p><strong>\u00a1Nuestro silencio, las mata!<\/strong><\/p>\n","protected":false},"excerpt":{"rendered":"<p>Reproducimos un resumen de la autora, despu\u00e9s de asistir a un Encuentro de M\u00e9dicos sin Fronteras en septiembre pasado. La conversaci\u00f3n fue con Mario L\u00f3pez, responsable de Salud Mental y referente de Pediatr\u00eda en Moria, y Raquel Gonz\u00e1lez, responsable de&hellip;<\/p>\n","protected":false},"author":1681,"featured_media":1066739,"comment_status":"closed","ping_status":"closed","sticky":false,"template":"","format":"standard","meta":{"footnotes":""},"categories":[11389,79,66,54574],"tags":[73757,1346,19904,45371,34556,3022,9533],"class_list":["post-1213278","post","type-post","status-publish","format-standard","has-post-thumbnail","hentry","category-contenido-original","category-derechos-humanos","category-europa-es","category-migrantes-es","tag-covid-19-pandemia","tag-grecia-es","tag-lesbos","tag-moria","tag-politica-migratoria","tag-refugiados","tag-ue-es"],"yoast_head":"<!-- This site is optimized with the Yoast SEO plugin v27.1.1 - https:\/\/yoast.com\/product\/yoast-seo-wordpress\/ -->\n<title>Testimonio de dos miembros de M\u00e9dicos sin Fronteras sobre la situaci\u00f3n en Moira: Nuestro silencio las mata<\/title>\n<meta name=\"description\" content=\"Reproducimos un resumen de la autora, despu\u00e9s de asistir a un Encuentro de M\u00e9dicos sin Fronteras en septiembre pasado. La conversaci\u00f3n fue con Mario\" \/>\n<meta name=\"robots\" content=\"index, follow, max-snippet:-1, max-image-preview:large, max-video-preview:-1\" \/>\n<link rel=\"canonical\" href=\"https:\/\/www.pressenza.com\/es\/2020\/10\/testimonio-de-dos-miembros-de-medicos-sin-fronteras-sobre-la-situacion-en-moira-nuestro-silencio-las-mata\/\" \/>\n<meta property=\"og:locale\" content=\"es_ES\" \/>\n<meta property=\"og:type\" content=\"article\" \/>\n<meta property=\"og:title\" content=\"Testimonio de dos miembros de M\u00e9dicos sin Fronteras sobre la situaci\u00f3n en Moira: Nuestro silencio las mata\" \/>\n<meta property=\"og:description\" content=\"Reproducimos un resumen de la autora, despu\u00e9s de asistir a un Encuentro de M\u00e9dicos sin Fronteras en septiembre pasado. La conversaci\u00f3n fue con Mario\" \/>\n<meta property=\"og:url\" content=\"https:\/\/www.pressenza.com\/es\/2020\/10\/testimonio-de-dos-miembros-de-medicos-sin-fronteras-sobre-la-situacion-en-moira-nuestro-silencio-las-mata\/\" \/>\n<meta property=\"og:site_name\" content=\"Pressenza\" \/>\n<meta property=\"article:publisher\" content=\"https:\/\/www.facebook.com\/PressenzaItalia\" \/>\n<meta property=\"article:published_time\" content=\"2020-10-09T18:51:11+00:00\" \/>\n<meta property=\"og:image\" content=\"https:\/\/www.pressenza.com\/wp-content\/uploads\/2020\/03\/Seebr\u00fccke_Lesbos-28.02.2020_Eindr\u00fcckeLager-von-Moria_Copyright-J\u00f6rn-Neumann_CC-BY-ND-2.0_1.jpg\" \/>\n\t<meta property=\"og:image:width\" content=\"2048\" \/>\n\t<meta property=\"og:image:height\" content=\"1365\" \/>\n\t<meta property=\"og:image:type\" content=\"image\/jpeg\" \/>\n<meta name=\"author\" content=\"Redacci\u00f3n Espa\u00f1a\" \/>\n<meta name=\"twitter:card\" content=\"summary_large_image\" \/>\n<meta name=\"twitter:creator\" content=\"@PressenzaIPA\" \/>\n<meta name=\"twitter:site\" content=\"@PressenzaIPA\" \/>\n<meta name=\"twitter:label1\" content=\"Escrito por\" \/>\n\t<meta name=\"twitter:data1\" content=\"Redacci\u00f3n Espa\u00f1a\" \/>\n\t<meta name=\"twitter:label2\" content=\"Tiempo de lectura\" \/>\n\t<meta name=\"twitter:data2\" content=\"2 minutos\" \/>\n<script type=\"application\/ld+json\" class=\"yoast-schema-graph\">{\"@context\":\"https:\/\/schema.org\",\"@graph\":[{\"@type\":\"Article\",\"@id\":\"https:\/\/www.pressenza.com\/es\/2020\/10\/testimonio-de-dos-miembros-de-medicos-sin-fronteras-sobre-la-situacion-en-moira-nuestro-silencio-las-mata\/#article\",\"isPartOf\":{\"@id\":\"https:\/\/www.pressenza.com\/es\/2020\/10\/testimonio-de-dos-miembros-de-medicos-sin-fronteras-sobre-la-situacion-en-moira-nuestro-silencio-las-mata\/\"},\"author\":{\"name\":\"Redacci\u00f3n Espa\u00f1a\",\"@id\":\"https:\/\/www.pressenza.com\/es\/#\/schema\/person\/fffbbe2f14495897417f313a954dae23\"},\"headline\":\"Testimonio de dos miembros de M\u00e9dicos sin Fronteras sobre la situaci\u00f3n en Moira: Nuestro silencio las mata\",\"datePublished\":\"2020-10-09T18:51:11+00:00\",\"mainEntityOfPage\":{\"@id\":\"https:\/\/www.pressenza.com\/es\/2020\/10\/testimonio-de-dos-miembros-de-medicos-sin-fronteras-sobre-la-situacion-en-moira-nuestro-silencio-las-mata\/\"},\"wordCount\":466,\"publisher\":{\"@id\":\"https:\/\/www.pressenza.com\/es\/#organization\"},\"image\":{\"@id\":\"https:\/\/www.pressenza.com\/es\/2020\/10\/testimonio-de-dos-miembros-de-medicos-sin-fronteras-sobre-la-situacion-en-moira-nuestro-silencio-las-mata\/#primaryimage\"},\"thumbnailUrl\":\"https:\/\/www.pressenza.com\/wp-content\/uploads\/2020\/03\/Seebr\u00fccke_Lesbos-28.02.2020_Eindr\u00fcckeLager-von-Moria_Copyright-J\u00f6rn-Neumann_CC-BY-ND-2.0_1.jpg\",\"keywords\":[\"COVID-19 pandemia\",\"Grecia\",\"Lesbos\",\"Moria\",\"pol\u00edtica migratoria\",\"refugiados\",\"UE\"],\"articleSection\":[\"Contenido Original\",\"Derechos Humanos\",\"Europa\",\"Migrantes\"],\"inLanguage\":\"es\"},{\"@type\":\"WebPage\",\"@id\":\"https:\/\/www.pressenza.com\/es\/2020\/10\/testimonio-de-dos-miembros-de-medicos-sin-fronteras-sobre-la-situacion-en-moira-nuestro-silencio-las-mata\/\",\"url\":\"https:\/\/www.pressenza.com\/es\/2020\/10\/testimonio-de-dos-miembros-de-medicos-sin-fronteras-sobre-la-situacion-en-moira-nuestro-silencio-las-mata\/\",\"name\":\"Testimonio de dos miembros de M\u00e9dicos sin Fronteras sobre la situaci\u00f3n en Moira: Nuestro silencio las mata\",\"isPartOf\":{\"@id\":\"https:\/\/www.pressenza.com\/es\/#website\"},\"primaryImageOfPage\":{\"@id\":\"https:\/\/www.pressenza.com\/es\/2020\/10\/testimonio-de-dos-miembros-de-medicos-sin-fronteras-sobre-la-situacion-en-moira-nuestro-silencio-las-mata\/#primaryimage\"},\"image\":{\"@id\":\"https:\/\/www.pressenza.com\/es\/2020\/10\/testimonio-de-dos-miembros-de-medicos-sin-fronteras-sobre-la-situacion-en-moira-nuestro-silencio-las-mata\/#primaryimage\"},\"thumbnailUrl\":\"https:\/\/www.pressenza.com\/wp-content\/uploads\/2020\/03\/Seebr\u00fccke_Lesbos-28.02.2020_Eindr\u00fcckeLager-von-Moria_Copyright-J\u00f6rn-Neumann_CC-BY-ND-2.0_1.jpg\",\"datePublished\":\"2020-10-09T18:51:11+00:00\",\"description\":\"Reproducimos un resumen de la autora, despu\u00e9s de asistir a un Encuentro de M\u00e9dicos sin Fronteras en septiembre pasado. La conversaci\u00f3n fue con Mario\",\"breadcrumb\":{\"@id\":\"https:\/\/www.pressenza.com\/es\/2020\/10\/testimonio-de-dos-miembros-de-medicos-sin-fronteras-sobre-la-situacion-en-moira-nuestro-silencio-las-mata\/#breadcrumb\"},\"inLanguage\":\"es\",\"potentialAction\":[{\"@type\":\"ReadAction\",\"target\":[\"https:\/\/www.pressenza.com\/es\/2020\/10\/testimonio-de-dos-miembros-de-medicos-sin-fronteras-sobre-la-situacion-en-moira-nuestro-silencio-las-mata\/\"]}]},{\"@type\":\"ImageObject\",\"inLanguage\":\"es\",\"@id\":\"https:\/\/www.pressenza.com\/es\/2020\/10\/testimonio-de-dos-miembros-de-medicos-sin-fronteras-sobre-la-situacion-en-moira-nuestro-silencio-las-mata\/#primaryimage\",\"url\":\"https:\/\/www.pressenza.com\/wp-content\/uploads\/2020\/03\/Seebr\u00fccke_Lesbos-28.02.2020_Eindr\u00fcckeLager-von-Moria_Copyright-J\u00f6rn-Neumann_CC-BY-ND-2.0_1.jpg\",\"contentUrl\":\"https:\/\/www.pressenza.com\/wp-content\/uploads\/2020\/03\/Seebr\u00fccke_Lesbos-28.02.2020_Eindr\u00fcckeLager-von-Moria_Copyright-J\u00f6rn-Neumann_CC-BY-ND-2.0_1.jpg\",\"width\":2048,\"height\":1365},{\"@type\":\"BreadcrumbList\",\"@id\":\"https:\/\/www.pressenza.com\/es\/2020\/10\/testimonio-de-dos-miembros-de-medicos-sin-fronteras-sobre-la-situacion-en-moira-nuestro-silencio-las-mata\/#breadcrumb\",\"itemListElement\":[{\"@type\":\"ListItem\",\"position\":1,\"name\":\"Accueil\",\"item\":\"https:\/\/www.pressenza.com\/es\/\"},{\"@type\":\"ListItem\",\"position\":2,\"name\":\"Testimonio de dos miembros de M\u00e9dicos sin Fronteras sobre la situaci\u00f3n en Moira: Nuestro silencio las mata\"}]},{\"@type\":\"WebSite\",\"@id\":\"https:\/\/www.pressenza.com\/es\/#website\",\"url\":\"https:\/\/www.pressenza.com\/es\/\",\"name\":\"Pressenza\",\"description\":\"International Press Agency\",\"publisher\":{\"@id\":\"https:\/\/www.pressenza.com\/es\/#organization\"},\"potentialAction\":[{\"@type\":\"SearchAction\",\"target\":{\"@type\":\"EntryPoint\",\"urlTemplate\":\"https:\/\/www.pressenza.com\/es\/?s={search_term_string}\"},\"query-input\":{\"@type\":\"PropertyValueSpecification\",\"valueRequired\":true,\"valueName\":\"search_term_string\"}}],\"inLanguage\":\"es\"},{\"@type\":\"Organization\",\"@id\":\"https:\/\/www.pressenza.com\/es\/#organization\",\"name\":\"Pressenza\",\"url\":\"https:\/\/www.pressenza.com\/es\/\",\"logo\":{\"@type\":\"ImageObject\",\"inLanguage\":\"es\",\"@id\":\"https:\/\/www.pressenza.com\/es\/#\/schema\/logo\/image\/\",\"url\":\"https:\/\/www.pressenza.com\/wp-content\/uploads\/2022\/10\/pressenza_logo_200x200.jpg\",\"contentUrl\":\"https:\/\/www.pressenza.com\/wp-content\/uploads\/2022\/10\/pressenza_logo_200x200.jpg\",\"width\":200,\"height\":200,\"caption\":\"Pressenza\"},\"image\":{\"@id\":\"https:\/\/www.pressenza.com\/es\/#\/schema\/logo\/image\/\"},\"sameAs\":[\"https:\/\/www.facebook.com\/PressenzaItalia\",\"https:\/\/x.com\/PressenzaIPA\"]},{\"@type\":\"Person\",\"@id\":\"https:\/\/www.pressenza.com\/es\/#\/schema\/person\/fffbbe2f14495897417f313a954dae23\",\"name\":\"Redacci\u00f3n Espa\u00f1a\",\"url\":\"https:\/\/www.pressenza.com\/es\/author\/redaccion-espana\/\"}]}<\/script>\n<!-- \/ Yoast SEO plugin. -->","yoast_head_json":{"title":"Testimonio de dos miembros de M\u00e9dicos sin Fronteras sobre la situaci\u00f3n en Moira: Nuestro silencio las mata","description":"Reproducimos un resumen de la autora, despu\u00e9s de asistir a un Encuentro de M\u00e9dicos sin Fronteras en septiembre pasado. La conversaci\u00f3n fue con Mario","robots":{"index":"index","follow":"follow","max-snippet":"max-snippet:-1","max-image-preview":"max-image-preview:large","max-video-preview":"max-video-preview:-1"},"canonical":"https:\/\/www.pressenza.com\/es\/2020\/10\/testimonio-de-dos-miembros-de-medicos-sin-fronteras-sobre-la-situacion-en-moira-nuestro-silencio-las-mata\/","og_locale":"es_ES","og_type":"article","og_title":"Testimonio de dos miembros de M\u00e9dicos sin Fronteras sobre la situaci\u00f3n en Moira: Nuestro silencio las mata","og_description":"Reproducimos un resumen de la autora, despu\u00e9s de asistir a un Encuentro de M\u00e9dicos sin Fronteras en septiembre pasado. La conversaci\u00f3n fue con Mario","og_url":"https:\/\/www.pressenza.com\/es\/2020\/10\/testimonio-de-dos-miembros-de-medicos-sin-fronteras-sobre-la-situacion-en-moira-nuestro-silencio-las-mata\/","og_site_name":"Pressenza","article_publisher":"https:\/\/www.facebook.com\/PressenzaItalia","article_published_time":"2020-10-09T18:51:11+00:00","og_image":[{"width":2048,"height":1365,"url":"https:\/\/www.pressenza.com\/wp-content\/uploads\/2020\/03\/Seebr\u00fccke_Lesbos-28.02.2020_Eindr\u00fcckeLager-von-Moria_Copyright-J\u00f6rn-Neumann_CC-BY-ND-2.0_1.jpg","type":"image\/jpeg"}],"author":"Redacci\u00f3n Espa\u00f1a","twitter_card":"summary_large_image","twitter_creator":"@PressenzaIPA","twitter_site":"@PressenzaIPA","twitter_misc":{"Escrito por":"Redacci\u00f3n Espa\u00f1a","Tiempo de lectura":"2 minutos"},"schema":{"@context":"https:\/\/schema.org","@graph":[{"@type":"Article","@id":"https:\/\/www.pressenza.com\/es\/2020\/10\/testimonio-de-dos-miembros-de-medicos-sin-fronteras-sobre-la-situacion-en-moira-nuestro-silencio-las-mata\/#article","isPartOf":{"@id":"https:\/\/www.pressenza.com\/es\/2020\/10\/testimonio-de-dos-miembros-de-medicos-sin-fronteras-sobre-la-situacion-en-moira-nuestro-silencio-las-mata\/"},"author":{"name":"Redacci\u00f3n Espa\u00f1a","@id":"https:\/\/www.pressenza.com\/es\/#\/schema\/person\/fffbbe2f14495897417f313a954dae23"},"headline":"Testimonio de dos miembros de M\u00e9dicos sin Fronteras sobre la situaci\u00f3n en Moira: Nuestro silencio las mata","datePublished":"2020-10-09T18:51:11+00:00","mainEntityOfPage":{"@id":"https:\/\/www.pressenza.com\/es\/2020\/10\/testimonio-de-dos-miembros-de-medicos-sin-fronteras-sobre-la-situacion-en-moira-nuestro-silencio-las-mata\/"},"wordCount":466,"publisher":{"@id":"https:\/\/www.pressenza.com\/es\/#organization"},"image":{"@id":"https:\/\/www.pressenza.com\/es\/2020\/10\/testimonio-de-dos-miembros-de-medicos-sin-fronteras-sobre-la-situacion-en-moira-nuestro-silencio-las-mata\/#primaryimage"},"thumbnailUrl":"https:\/\/www.pressenza.com\/wp-content\/uploads\/2020\/03\/Seebr\u00fccke_Lesbos-28.02.2020_Eindr\u00fcckeLager-von-Moria_Copyright-J\u00f6rn-Neumann_CC-BY-ND-2.0_1.jpg","keywords":["COVID-19 pandemia","Grecia","Lesbos","Moria","pol\u00edtica migratoria","refugiados","UE"],"articleSection":["Contenido Original","Derechos Humanos","Europa","Migrantes"],"inLanguage":"es"},{"@type":"WebPage","@id":"https:\/\/www.pressenza.com\/es\/2020\/10\/testimonio-de-dos-miembros-de-medicos-sin-fronteras-sobre-la-situacion-en-moira-nuestro-silencio-las-mata\/","url":"https:\/\/www.pressenza.com\/es\/2020\/10\/testimonio-de-dos-miembros-de-medicos-sin-fronteras-sobre-la-situacion-en-moira-nuestro-silencio-las-mata\/","name":"Testimonio de dos miembros de M\u00e9dicos sin Fronteras sobre la situaci\u00f3n en Moira: Nuestro silencio las mata","isPartOf":{"@id":"https:\/\/www.pressenza.com\/es\/#website"},"primaryImageOfPage":{"@id":"https:\/\/www.pressenza.com\/es\/2020\/10\/testimonio-de-dos-miembros-de-medicos-sin-fronteras-sobre-la-situacion-en-moira-nuestro-silencio-las-mata\/#primaryimage"},"image":{"@id":"https:\/\/www.pressenza.com\/es\/2020\/10\/testimonio-de-dos-miembros-de-medicos-sin-fronteras-sobre-la-situacion-en-moira-nuestro-silencio-las-mata\/#primaryimage"},"thumbnailUrl":"https:\/\/www.pressenza.com\/wp-content\/uploads\/2020\/03\/Seebr\u00fccke_Lesbos-28.02.2020_Eindr\u00fcckeLager-von-Moria_Copyright-J\u00f6rn-Neumann_CC-BY-ND-2.0_1.jpg","datePublished":"2020-10-09T18:51:11+00:00","description":"Reproducimos un resumen de la autora, despu\u00e9s de asistir a un Encuentro de M\u00e9dicos sin Fronteras en septiembre pasado. La conversaci\u00f3n fue con Mario","breadcrumb":{"@id":"https:\/\/www.pressenza.com\/es\/2020\/10\/testimonio-de-dos-miembros-de-medicos-sin-fronteras-sobre-la-situacion-en-moira-nuestro-silencio-las-mata\/#breadcrumb"},"inLanguage":"es","potentialAction":[{"@type":"ReadAction","target":["https:\/\/www.pressenza.com\/es\/2020\/10\/testimonio-de-dos-miembros-de-medicos-sin-fronteras-sobre-la-situacion-en-moira-nuestro-silencio-las-mata\/"]}]},{"@type":"ImageObject","inLanguage":"es","@id":"https:\/\/www.pressenza.com\/es\/2020\/10\/testimonio-de-dos-miembros-de-medicos-sin-fronteras-sobre-la-situacion-en-moira-nuestro-silencio-las-mata\/#primaryimage","url":"https:\/\/www.pressenza.com\/wp-content\/uploads\/2020\/03\/Seebr\u00fccke_Lesbos-28.02.2020_Eindr\u00fcckeLager-von-Moria_Copyright-J\u00f6rn-Neumann_CC-BY-ND-2.0_1.jpg","contentUrl":"https:\/\/www.pressenza.com\/wp-content\/uploads\/2020\/03\/Seebr\u00fccke_Lesbos-28.02.2020_Eindr\u00fcckeLager-von-Moria_Copyright-J\u00f6rn-Neumann_CC-BY-ND-2.0_1.jpg","width":2048,"height":1365},{"@type":"BreadcrumbList","@id":"https:\/\/www.pressenza.com\/es\/2020\/10\/testimonio-de-dos-miembros-de-medicos-sin-fronteras-sobre-la-situacion-en-moira-nuestro-silencio-las-mata\/#breadcrumb","itemListElement":[{"@type":"ListItem","position":1,"name":"Accueil","item":"https:\/\/www.pressenza.com\/es\/"},{"@type":"ListItem","position":2,"name":"Testimonio de dos miembros de M\u00e9dicos sin Fronteras sobre la situaci\u00f3n en Moira: Nuestro silencio las mata"}]},{"@type":"WebSite","@id":"https:\/\/www.pressenza.com\/es\/#website","url":"https:\/\/www.pressenza.com\/es\/","name":"Pressenza","description":"International Press Agency","publisher":{"@id":"https:\/\/www.pressenza.com\/es\/#organization"},"potentialAction":[{"@type":"SearchAction","target":{"@type":"EntryPoint","urlTemplate":"https:\/\/www.pressenza.com\/es\/?s={search_term_string}"},"query-input":{"@type":"PropertyValueSpecification","valueRequired":true,"valueName":"search_term_string"}}],"inLanguage":"es"},{"@type":"Organization","@id":"https:\/\/www.pressenza.com\/es\/#organization","name":"Pressenza","url":"https:\/\/www.pressenza.com\/es\/","logo":{"@type":"ImageObject","inLanguage":"es","@id":"https:\/\/www.pressenza.com\/es\/#\/schema\/logo\/image\/","url":"https:\/\/www.pressenza.com\/wp-content\/uploads\/2022\/10\/pressenza_logo_200x200.jpg","contentUrl":"https:\/\/www.pressenza.com\/wp-content\/uploads\/2022\/10\/pressenza_logo_200x200.jpg","width":200,"height":200,"caption":"Pressenza"},"image":{"@id":"https:\/\/www.pressenza.com\/es\/#\/schema\/logo\/image\/"},"sameAs":["https:\/\/www.facebook.com\/PressenzaItalia","https:\/\/x.com\/PressenzaIPA"]},{"@type":"Person","@id":"https:\/\/www.pressenza.com\/es\/#\/schema\/person\/fffbbe2f14495897417f313a954dae23","name":"Redacci\u00f3n Espa\u00f1a","url":"https:\/\/www.pressenza.com\/es\/author\/redaccion-espana\/"}]}},"place":"Madrid","original_article_url":"","_links":{"self":[{"href":"https:\/\/www.pressenza.com\/es\/wp-json\/wp\/v2\/posts\/1213278","targetHints":{"allow":["GET"]}}],"collection":[{"href":"https:\/\/www.pressenza.com\/es\/wp-json\/wp\/v2\/posts"}],"about":[{"href":"https:\/\/www.pressenza.com\/es\/wp-json\/wp\/v2\/types\/post"}],"author":[{"embeddable":true,"href":"https:\/\/www.pressenza.com\/es\/wp-json\/wp\/v2\/users\/1681"}],"replies":[{"embeddable":true,"href":"https:\/\/www.pressenza.com\/es\/wp-json\/wp\/v2\/comments?post=1213278"}],"version-history":[{"count":0,"href":"https:\/\/www.pressenza.com\/es\/wp-json\/wp\/v2\/posts\/1213278\/revisions"}],"wp:featuredmedia":[{"embeddable":true,"href":"https:\/\/www.pressenza.com\/es\/wp-json\/wp\/v2\/media\/1066739"}],"wp:attachment":[{"href":"https:\/\/www.pressenza.com\/es\/wp-json\/wp\/v2\/media?parent=1213278"}],"wp:term":[{"taxonomy":"category","embeddable":true,"href":"https:\/\/www.pressenza.com\/es\/wp-json\/wp\/v2\/categories?post=1213278"},{"taxonomy":"post_tag","embeddable":true,"href":"https:\/\/www.pressenza.com\/es\/wp-json\/wp\/v2\/tags?post=1213278"}],"curies":[{"name":"wp","href":"https:\/\/api.w.org\/{rel}","templated":true}]}}